{"id":5903,"date":"2010-12-28T21:11:16","date_gmt":"2010-12-28T20:11:16","guid":{"rendered":"http:\/\/www.aclanester56.com\/velo\/?p=5903"},"modified":"2010-12-31T00:51:18","modified_gmt":"2010-12-30T23:51:18","slug":"retrospective-39","status":"publish","type":"post","link":"https:\/\/www.aclanester56.com\/velo\/retrospective-39\/","title":{"rendered":"R\u00e9trospective 2010 (3\/6)"},"content":{"rendered":"<div id=\"attachment_2972\" style=\"width: 330px\" class=\"wp-caption alignleft\"><a href=\"http:\/\/www.aclanester56.com\/velo\/wp-content\/uploads\/2010\/05\/clm-belle1.jpg\"><img loading=\"lazy\" decoding=\"async\" aria-describedby=\"caption-attachment-2972\" class=\"size-full wp-image-2972\" title=\"L'\u00e9quipe de l'AC LANESTER 56 avait r\u00e9alis\u00e9 une superbe performance en remportant le contre-la-montre par \u00e9quipes du TRO DIV STER parcouru \u00e0 plus de 48 km\/h de moyenne ! (photo Michel LE DOUAIRON)\" src=\"http:\/\/www.aclanester56.com\/velo\/wp-content\/uploads\/2010\/05\/clm-belle1.jpg\" alt=\"\" width=\"320\" height=\"212\" srcset=\"https:\/\/www.aclanester56.com\/velo\/wp-content\/uploads\/2010\/05\/clm-belle1.jpg 640w, https:\/\/www.aclanester56.com\/velo\/wp-content\/uploads\/2010\/05\/clm-belle1-300x199.jpg 300w\" sizes=\"auto, (max-width: 320px) 100vw, 320px\" \/><\/a><p id=\"caption-attachment-2972\" class=\"wp-caption-text\">L<\/p><\/div>\n<p style=\"text-align: justify;\">Le site internet \u00ab\u00a0nouvelle version\u00a0\u00bb de l&rsquo;AC LANESTER 56 est arriv\u00e9 au d\u00e9but du mois de janvier dernier. Gr\u00e2ce \u00e0 son actualisation r\u00e9guli\u00e8re avec des informations, photos ou autres vid\u00e9os sur les coureurs lanest\u00e9riens, nous vous proposons toute la semaine de revivre l&rsquo;ann\u00e9e 2010 \u00e0 travers une s\u00e9lection d&rsquo;articles publi\u00e9s durant l&rsquo;ann\u00e9e sur notre site. <span style=\"background-color: #ff6600;\">D\u00e9couvrez le troisi\u00e8me volet aujourd&rsquo;hui.<\/span><\/p>\n<p><br class=\"spacer_\" \/><\/p>\n<p><br class=\"spacer_\" \/><\/p>\n<p style=\"text-align: justify;\"><!--more--><\/p>\n<p><br class=\"spacer_\" \/><\/p>\n<p style=\"text-align: justify;\">Le deuxi\u00e8me volet de cette r\u00e9trospective est accessible <strong><em><a href=\"http:\/\/www.aclanester56.com\/velo\/2010\/12\/28\/retrospective-2010-26\/\" target=\"_blank\">en cliquant ici.<\/a><\/em><\/strong><\/p>\n<div id=\"attachment_2723\" style=\"width: 310px\" class=\"wp-caption alignright\"><a href=\"http:\/\/www.aclanester56.com\/velo\/wp-content\/uploads\/2010\/05\/IMG_9648a2.jpg\"><img loading=\"lazy\" decoding=\"async\" aria-describedby=\"caption-attachment-2723\" class=\"size-full wp-image-2723\" title=\"Luc TELLIER (US ST HERBLAIN) remporte la 1\u00e8re \u00e9tape du Tro Div Ster entre Bubry et Malgu\u00e9nac (photo Michel LE DOUAIRON)\" src=\"http:\/\/www.aclanester56.com\/velo\/wp-content\/uploads\/2010\/05\/IMG_9648a2.jpg\" alt=\"\" width=\"300\" height=\"200\" srcset=\"https:\/\/www.aclanester56.com\/velo\/wp-content\/uploads\/2010\/05\/IMG_9648a2.jpg 600w, https:\/\/www.aclanester56.com\/velo\/wp-content\/uploads\/2010\/05\/IMG_9648a2-300x200.jpg 300w\" sizes=\"auto, (max-width: 300px) 100vw, 300px\" \/><\/a><p id=\"caption-attachment-2723\" class=\"wp-caption-text\">Luc TELLIER (US ST HERBLAIN) remporte la 1\u00e8re \u00e9tape du Tro Div Ster entre Bubry et Malgu\u00e9nac (photo Michel LE DOUAIRON)<\/p><\/div>\n<p><br class=\"spacer_\" \/><\/p>\n<p style=\"text-align: center;\"><strong><span style=\"color: #ff6600;\">******************************<\/span><\/strong><\/p>\n<p style=\"text-align: justify;\"><strong><span style=\"color: #ff6600;\">15 et 16 mai 2010 :<\/span><\/strong> L&rsquo;organisation phare de l&rsquo;AC LANESTER 56, le Tro Div Ster, f\u00eatait ses 10 ans cette ann\u00e9e, avec au d\u00e9part les plus grandes \u00e9quipes bretonnes. La premi\u00e8re \u00e9tape s&rsquo;est \u00e9lanc\u00e9e de Bubry pour une course de 131 kms. C&rsquo;est Luc TELLIER (US ST HERBLAIN) qui s&rsquo;impose au terme d&rsquo;un sprint magistral \u00e0 Malgu\u00e9nac, avec plusieurs longueurs d&rsquo;avance sur Christophe LABORIE et Lionel BERET.<\/p>\n<p style=\"text-align: justify;\"><strong><em><a href=\"http:\/\/www.aclanester56.com\/velo\/2010\/05\/15\/1ere-etape-du-11eme-tro-div-ster\/\" target=\"_blank\">Retrouvez l&rsquo;article en cliquant ici.<\/a><\/em><\/strong><\/p>\n<p style=\"text-align: center;\"><strong><span style=\"color: #ff6600;\">******************************<\/span><\/strong><\/p>\n<div id=\"attachment_2972\" style=\"width: 330px\" class=\"wp-caption alignleft\"><a href=\"http:\/\/www.aclanester56.com\/velo\/wp-content\/uploads\/2010\/05\/clm-belle1.jpg\"><img loading=\"lazy\" decoding=\"async\" aria-describedby=\"caption-attachment-2972\" class=\"size-full wp-image-2972\" title=\"L'AC LANESTER 56 remporte le contre-la-montre par \u00e9quipes \u00e0 plus de 48 km\/h de moyenne ! (photo Michel LE DOUAIRON)\" src=\"http:\/\/www.aclanester56.com\/velo\/wp-content\/uploads\/2010\/05\/clm-belle1.jpg\" alt=\"\" width=\"320\" height=\"212\" srcset=\"https:\/\/www.aclanester56.com\/velo\/wp-content\/uploads\/2010\/05\/clm-belle1.jpg 640w, https:\/\/www.aclanester56.com\/velo\/wp-content\/uploads\/2010\/05\/clm-belle1-300x199.jpg 300w\" sizes=\"auto, (max-width: 320px) 100vw, 320px\" \/><\/a><p id=\"caption-attachment-2972\" class=\"wp-caption-text\">L&#39;AC LANESTER 56 remporte le contre-la-montre par \u00e9quipes \u00e0 plus de 48 km\/h de moyenne ! (photo Michel LE DOUAIRON)<\/p><\/div>\n<p><br class=\"spacer_\" \/><\/p>\n<p><br class=\"spacer_\" \/><\/p>\n<p style=\"text-align: center;\"><strong><span style=\"color: #ff6600;\">******************************<\/span><\/strong><\/p>\n<p style=\"text-align: justify;\"><strong><span style=\"color: #ff6600;\">15 et 16 mai 2010 :<\/span><\/strong> Le dimanche matin, le d\u00e9part du traditionnel contre-la-montre par \u00e9quipes avait lieu \u00e0 Land\u00e9vant. L&rsquo;arriv\u00e9e \u00e9tait situ\u00e9e \u00e0 Lanester, au bout d&rsquo;un parcours de 22.5 kms tr\u00e8s roulant. Cette \u00e9tape a \u00e9t\u00e9 brillament remport\u00e9e par l&rsquo;\u00e9quipe de l&rsquo;AC LANESTER 56 qui devance Sojasun Espoir de 14&Prime; et Cotes d&rsquo;Armor-Maitre Jacques de 18&Prime;. Le Lanest\u00e9rien Yann RAULT, 4\u00e8me la veille, prend le maillot jaune de leader.<\/p>\n<p style=\"text-align: justify;\"><strong><em><a href=\"http:\/\/www.aclanester56.com\/velo\/2010\/05\/18\/2eme-etape-du-11eme-tro-div-ster\/\" target=\"_blank\">Retrouvez l&rsquo;article en cliquant ici.<\/a><\/em><\/strong><\/p>\n<p style=\"text-align: center;\"><strong><span style=\"color: #ff6600;\">******************************<\/span><\/strong><\/p>\n<p><br class=\"spacer_\" \/><\/p>\n<div id=\"attachment_2751\" style=\"width: 310px\" class=\"wp-caption alignright\"><a href=\"http:\/\/www.aclanester56.com\/velo\/wp-content\/uploads\/2010\/05\/IMG_9960a.jpg\"><img loading=\"lazy\" decoding=\"async\" aria-describedby=\"caption-attachment-2751\" class=\"size-full wp-image-2751\" title=\"Fran\u00e7ois LANCON (BIC 2000) remporte la derni\u00e8re \u00e9tape disput\u00e9e entre Plouhinec et Lanester, tandis que Christophe LABORIE (SOJASUN ESPOIR), 2\u00e8me, remporte le TRO DIV STER ! (photo Michel LE DOUAIRON)\" src=\"http:\/\/www.aclanester56.com\/velo\/wp-content\/uploads\/2010\/05\/IMG_9960a.jpg\" alt=\"\" width=\"300\" height=\"200\" srcset=\"https:\/\/www.aclanester56.com\/velo\/wp-content\/uploads\/2010\/05\/IMG_9960a.jpg 600w, https:\/\/www.aclanester56.com\/velo\/wp-content\/uploads\/2010\/05\/IMG_9960a-300x200.jpg 300w\" sizes=\"auto, (max-width: 300px) 100vw, 300px\" \/><\/a><p id=\"caption-attachment-2751\" class=\"wp-caption-text\">Fran\u00e7ois LANCON (BIC 2000) remporte la derni\u00e8re \u00e9tape disput\u00e9e entre Plouhinec et Lanester, tandis que Christophe LABORIE (SOJASUN ESPOIR), 2\u00e8me, remporte le TRO DIV STER ! (photo Michel LE DOUAIRON)<\/p><\/div>\n<p style=\"text-align: center;\"><strong><span style=\"color: #ff6600;\">******************************<\/span><\/strong><\/p>\n<p style=\"text-align: justify;\"><strong><span style=\"color: #ff6600;\">15 et 16 mai 2010 :<\/span><\/strong> Au d\u00e9part de la troisi\u00e8me \u00e9tape \u00e0 Plouhinec, la lutte promet d&rsquo;\u00eatre rude, plusieurs coureurs n&rsquo;\u00e9tant qu&rsquo;\u00e0 quelques secondes du leader au classement g\u00e9n\u00e9ral. Les 102.5 kms qui am\u00e8nent \u00e0 Lanester offrent au nombreux public pr\u00e9sent un superbe spectacle et Christophe LABORIE, d\u00e9j\u00e0 vainqueur de l&rsquo;Essor Breton quelques jours avant, r\u00e9ussit \u00e0 renverser la vapeur. M\u00eame s&rsquo;il termine deuxi\u00e8me de cette derni\u00e8re \u00e9tape derri\u00e8re le Brestois Fran\u00e7ois LANCON, il conserve un avantage suffisant sur le peloton pour remporter ce 11\u00e8me TRO DIV STER devant la foule immense qui s&rsquo;\u00e9tait agglutin\u00e9e sur l&rsquo;avenue Fran\u00e7ois Mitterand \u00e0 Lanester, qui servait de cadre \u00e0 l&rsquo;arriv\u00e9e finale. Devant ce succ\u00e8s sportif et populaire, toute l&rsquo;\u00e9quipe de l&rsquo;AC LANESTER 56 donne \u00e9videmment rendez-vous l&rsquo;an prochain pour la 12\u00e8me \u00e9dition !<\/p>\n<p style=\"text-align: justify;\"><strong><em><a href=\"http:\/\/www.aclanester56.com\/velo\/2010\/05\/18\/3eme-etape-du-tro-div-ster\/\" target=\"_blank\">Retrouvez l&rsquo;article en cliquant ici.<\/a><\/em><\/strong><\/p>\n<p style=\"text-align: center;\"><strong><span style=\"color: #ff6600;\">******************************<\/span><\/strong><\/p>\n<div id=\"attachment_2962\" style=\"width: 330px\" class=\"wp-caption alignleft\"><a href=\"http:\/\/www.aclanester56.com\/velo\/wp-content\/uploads\/2010\/05\/Victoire-Pipec.jpg\"><img loading=\"lazy\" decoding=\"async\" aria-describedby=\"caption-attachment-2962\" class=\"size-full wp-image-2962\" title=\"Le Lanest\u00e9rien Romain LE PIPEC remporte \u00e0 domicile la course d'attente cadets de la derni\u00e8re \u00e9tape du TRO DIV STER !\" src=\"http:\/\/www.aclanester56.com\/velo\/wp-content\/uploads\/2010\/05\/Victoire-Pipec.jpg\" alt=\"\" width=\"320\" height=\"212\" srcset=\"https:\/\/www.aclanester56.com\/velo\/wp-content\/uploads\/2010\/05\/Victoire-Pipec.jpg 640w, https:\/\/www.aclanester56.com\/velo\/wp-content\/uploads\/2010\/05\/Victoire-Pipec-300x199.jpg 300w\" sizes=\"auto, (max-width: 320px) 100vw, 320px\" \/><\/a><p id=\"caption-attachment-2962\" class=\"wp-caption-text\">Le Lanest\u00e9rien Romain LE PIPEC remporte \u00e0 domicile la course d&#39;attente cadets de la derni\u00e8re \u00e9tape du TRO DIV STER !<\/p><\/div>\n<p><br class=\"spacer_\" \/><\/p>\n<p><br class=\"spacer_\" \/><\/p>\n<p style=\"text-align: center;\"><strong><span style=\"color: #ff6600;\">******************************<\/span><\/strong><\/p>\n<p style=\"text-align: justify;\"><strong><span style=\"color: #ff6600;\">16 mai 2010 :<\/span><\/strong> Une course d&rsquo;attente r\u00e9serv\u00e9e aux cadets avait lieu sur le circuit final de l&rsquo;arriv\u00e9e du Tro Div Ster \u00e0 Lanester. Sur ses terres, c&rsquo;est le Lanest\u00e9rien Romain LE PIPEC qui l&#8217;emporte ! Montant sur le podium quelques minutes avant le vainqueur du Tro Div Ster, il a eu le droit \u00e0 une belle ovation du public lanest\u00e9rien !<\/p>\n<p style=\"text-align: justify;\"><strong><em><a href=\"http:\/\/www.aclanester56.com\/velo\/2010\/05\/27\/victoire-a-domicile\/\" target=\"_blank\">Retrouvez l&rsquo;article en cliquant ici.<\/a><\/em><\/strong><\/p>\n<p style=\"text-align: center;\"><strong><span style=\"color: #ff6600;\">******************************<\/span><\/strong><\/p>\n<div id=\"attachment_5927\" style=\"width: 266px\" class=\"wp-caption alignright\"><a href=\"http:\/\/www.aclanester56.com\/velo\/wp-content\/uploads\/2010\/12\/warren_barguil_chpt_bretagne_2010.jpg\"><img loading=\"lazy\" decoding=\"async\" aria-describedby=\"caption-attachment-5927\" class=\"size-full wp-image-5927\" title=\"Warren BARGUIL termine 3\u00e8me en haut de la c\u00f4te de Luzivily, lors du championnat de Bretagne 2010 au Ponthou (photo www.bretagne-cyclisme.com)\" src=\"http:\/\/www.aclanester56.com\/velo\/wp-content\/uploads\/2010\/12\/warren_barguil_chpt_bretagne_2010.jpg\" alt=\"\" width=\"256\" height=\"300\" srcset=\"https:\/\/www.aclanester56.com\/velo\/wp-content\/uploads\/2010\/12\/warren_barguil_chpt_bretagne_2010.jpg 512w, https:\/\/www.aclanester56.com\/velo\/wp-content\/uploads\/2010\/12\/warren_barguil_chpt_bretagne_2010-256x300.jpg 256w\" sizes=\"auto, (max-width: 256px) 100vw, 256px\" \/><\/a><p id=\"caption-attachment-5927\" class=\"wp-caption-text\">Warren BARGUIL termine 3\u00e8me en haut de la c\u00f4te de Luzivily, lors du championnat de Bretagne 2010 au Ponthou (photo www.bretagne-cyclisme.com)<\/p><\/div>\n<p><br class=\"spacer_\" \/><\/p>\n<p><br class=\"spacer_\" \/><\/p>\n<p style=\"text-align: center;\"><strong><span style=\"color: #ff6600;\">******************************<\/span><\/strong><\/p>\n<p style=\"text-align: justify;\"><strong><span style=\"color: #ff6600;\">6 juin 2010 :<\/span><\/strong> Le championnat de Bretagne 2010 des 1\u00e8re et 2\u00e8me cat\u00e9gories avait lieu sur le terrible circuit du Ponthou. Le Lanest\u00e9rien Warren BARGUIL n&rsquo;a pas eu froid aux yeux pour sa premi\u00e8re ann\u00e9e dans la cat\u00e9gorie et prend une superbe 3\u00e8me place en haut de la c\u00f4te de Luzivily derri\u00e8re les Castelnaudais Yann GUYOT et Jean-Lou PAIANI. Il monte \u00e9galement sur la deuxi\u00e8me marche du podium des espoirs derri\u00e8re PAIANI. Cette performance vaut au soci\u00e9taire de l&rsquo;AC LANESTER 56 d&rsquo;\u00eatre s\u00e9lectionn\u00e9 par le Comit\u00e9 de Bretagne pour participer au championnat de France \u00e9lites \u00e0 Chantonnay, en Vend\u00e9e. Pr\u00e9sent dans la principale \u00e9chapp\u00e9e du jour, Vincent GUEGO aura \u00e9t\u00e9 l&rsquo;un des grands animateurs \u00e9galement de ce championnat de Bretagne.<\/p>\n<p style=\"text-align: justify;\"><strong><em><a href=\"http:\/\/www.aclanester56.com\/velo\/2010\/06\/07\/un-podium-au-championnat-de-bretagne\/\" target=\"_blank\">Retrouvez l&rsquo;article en cliquant ici.<\/a><\/em><\/strong><\/p>\n<p style=\"text-align: center;\"><strong><span style=\"color: #ff6600;\">******************************<\/span><\/strong><\/p>\n<p><br class=\"spacer_\" \/><\/p>\n<div id=\"attachment_5929\" style=\"width: 370px\" class=\"wp-caption alignleft\"><a href=\"http:\/\/www.aclanester56.com\/velo\/wp-content\/uploads\/2010\/12\/romain_guillou_cl\u00e9guerec.jpg\"><img loading=\"lazy\" decoding=\"async\" aria-describedby=\"caption-attachment-5929\" class=\"size-full wp-image-5929\" title=\"Tout juste sorti des rangs juniors, Romain GUILLOU s'est frott\u00e9 \u00e0 Jimmy CASPER \u00e0 La M\u00e9zi\u00e8re (photo Bruno PERREL)\" src=\"http:\/\/www.aclanester56.com\/velo\/wp-content\/uploads\/2010\/12\/romain_guillou_cl\u00e9guerec.jpg\" alt=\"\" width=\"360\" height=\"240\" srcset=\"https:\/\/www.aclanester56.com\/velo\/wp-content\/uploads\/2010\/12\/romain_guillou_cl\u00e9guerec.jpg 720w, https:\/\/www.aclanester56.com\/velo\/wp-content\/uploads\/2010\/12\/romain_guillou_cl\u00e9guerec-300x200.jpg 300w\" sizes=\"auto, (max-width: 360px) 100vw, 360px\" \/><\/a><p id=\"caption-attachment-5929\" class=\"wp-caption-text\">Tout juste sorti des rangs juniors, Romain GUILLOU s&#39;est frott\u00e9 \u00e0 Jimmy CASPER \u00e0 La M\u00e9zi\u00e8re (photo Bruno PERREL)<\/p><\/div>\n<p style=\"text-align: center;\"><strong><span style=\"color: #ff6600;\">******************************<\/span><\/strong><\/p>\n<p style=\"text-align: justify;\"><strong><span style=\"color: #ff6600;\">13 juin 2010 :<\/span><\/strong> Lors du Val d&rsquo;Ille U Classic, disput\u00e9 \u00e0 La M\u00e9zi\u00e8re (35), les Lanest\u00e9riens se frottent aux \u00e9quipes professionnelles BBOX BOUYGUES TELECOM dont Thomas VOEKLER, SAUR-SOJASUN ou encore BRETAGNE-SCHULLER. C&rsquo;est un sprint massif qui conclut cette \u00e9preuve men\u00e9e tambour battant et les grands sprinteurs professionnels pr\u00e9sents imposent leur pointe de vitesse : Jimmy CASPER (SAUR-SOJASUN) l&#8217;emporte devant Yoann GENE (BBOX BOUYGUES TELECOM) et Benjamin VERRAES (JONG VLAANDEREN BAUKNECHT). Face \u00e0 ces redoutables sprinters, le Lanest\u00e9rien Romain GUILLOU, encore junior l&rsquo;ann\u00e9e derni\u00e8re, r\u00e9alise une bonne performance en rentrant dans le top 20.<\/p>\n<p style=\"text-align: justify;\"><strong><em><a href=\"http:\/\/www.aclanester56.com\/velo\/2010\/06\/13\/la-val-dile-u-a-la-meziere\/\" target=\"_blank\">Retrouvez l&rsquo;article en cliquant ici.<\/a><\/em><\/strong><\/p>\n<p style=\"text-align: center;\"><strong><span style=\"color: #ff6600;\">******************************<\/span><\/strong><\/p>\n<div id=\"attachment_5935\" style=\"width: 310px\" class=\"wp-caption alignright\"><a href=\"http:\/\/www.aclanester56.com\/velo\/wp-content\/uploads\/2010\/12\/warren_barguil_chpt_france_2010_chantonnay.jpg\"><img loading=\"lazy\" decoding=\"async\" aria-describedby=\"caption-attachment-5935\" class=\"size-full wp-image-5935\" title=\"A Chantonnay, Warren BARGUIL rentre dans le top 15 du championnat de France \u00e9lites, v\u00e9ritable sommet de la saison des amateurs (photo www.bretagne-cyclisme.com)\" src=\"http:\/\/www.aclanester56.com\/velo\/wp-content\/uploads\/2010\/12\/warren_barguil_chpt_france_2010_chantonnay.jpg\" alt=\"\" width=\"300\" height=\"235\" srcset=\"https:\/\/www.aclanester56.com\/velo\/wp-content\/uploads\/2010\/12\/warren_barguil_chpt_france_2010_chantonnay.jpg 600w, https:\/\/www.aclanester56.com\/velo\/wp-content\/uploads\/2010\/12\/warren_barguil_chpt_france_2010_chantonnay-300x235.jpg 300w\" sizes=\"auto, (max-width: 300px) 100vw, 300px\" \/><\/a><p id=\"caption-attachment-5935\" class=\"wp-caption-text\">A Chantonnay, Warren BARGUIL rentre dans le top 15 du championnat de France \u00e9lites, v\u00e9ritable sommet de la saison des amateurs (photo www.bretagne-cyclisme.com)<\/p><\/div>\n<p><br class=\"spacer_\" \/><\/p>\n<p><br class=\"spacer_\" \/><\/p>\n<p style=\"text-align: center;\"><strong><span style=\"color: #ff6600;\">******************************<\/span><\/strong><\/p>\n<p style=\"text-align: justify;\"><strong><span style=\"color: #ff6600;\">26 juin 2010 :<\/span><\/strong> S\u00e9lectionn\u00e9 en \u00e9quipe de Bretagne, Warren BARGUIL rentre dans le top 15 du championnat de France amateur sur route \u00e0 Chantonnay en Vend\u00e9e, quelques mois seulement apr\u00e8s \u00eatre devenu champion de France junior.<\/p>\n<p style=\"text-align: justify;\"><strong><em><a href=\"http:\/\/www.aclanester56.com\/velo\/2010\/06\/26\/la-performance-du-jour\/\" target=\"_blank\">Retrouvez l&rsquo;article en cliquant ici.<\/a><\/em><\/strong><\/p>\n<p style=\"text-align: center;\"><strong><span style=\"color: #ff6600;\">******************************<\/span><\/strong><\/p>\n<p><br class=\"spacer_\" \/><\/p>\n<p><br class=\"spacer_\" \/><\/p>\n<p><br class=\"spacer_\" \/><\/p>\n<div id=\"attachment_5938\" style=\"width: 370px\" class=\"wp-caption alignleft\"><a href=\"http:\/\/www.aclanester56.com\/velo\/wp-content\/uploads\/2010\/12\/primas_morbihan.jpg\"><img loading=\"lazy\" decoding=\"async\" aria-describedby=\"caption-attachment-5938\" class=\"size-full wp-image-5938\" title=\"Le Lanest\u00e9rien Nicolas PRIMAS, auteur d'une saison remarquable, est devenu champion du Morbihan minimes \u00e0 Neulliac \" src=\"http:\/\/www.aclanester56.com\/velo\/wp-content\/uploads\/2010\/12\/primas_morbihan.jpg\" alt=\"\" width=\"360\" height=\"240\" srcset=\"https:\/\/www.aclanester56.com\/velo\/wp-content\/uploads\/2010\/12\/primas_morbihan.jpg 720w, https:\/\/www.aclanester56.com\/velo\/wp-content\/uploads\/2010\/12\/primas_morbihan-300x200.jpg 300w\" sizes=\"auto, (max-width: 360px) 100vw, 360px\" \/><\/a><p id=\"caption-attachment-5938\" class=\"wp-caption-text\">Le Lanest\u00e9rien Nicolas PRIMAS, auteur d&#39;une saison remarquable, est devenu champion du Morbihan minimes \u00e0 Neulliac <\/p><\/div>\n<p><br class=\"spacer_\" \/><\/p>\n<p><br class=\"spacer_\" \/><\/p>\n<p><br class=\"spacer_\" \/><\/p>\n<p><br class=\"spacer_\" \/><\/p>\n<p style=\"text-align: center;\"><strong><span style=\"color: #ff6600;\">******************************<\/span><\/strong><\/p>\n<p style=\"text-align: justify;\"><strong><span style=\"color: #ff6600;\">27 juin 2010 :<\/span><\/strong> Le Lanest\u00e9rien Nicolas PRIMAS devient champion du Morbihan minime \u00e0 Neulliac, compl\u00e9tant une belle s\u00e9rie de victoires (7 en 2010 !). Anthony MIRA termine 3\u00e8me du championnat du Morbihan junior.<\/p>\n<p style=\"text-align: center;\"><strong><span style=\"color: #ff6600;\">******************************<\/span><\/strong><\/p>\n<p><br class=\"spacer_\" \/><\/p>\n","protected":false},"excerpt":{"rendered":"<p>Le site internet \u00ab\u00a0nouvelle version\u00a0\u00bb de l&rsquo;AC LANESTER 56 est arriv\u00e9 au d\u00e9but du mois de janvier dernier. Gr\u00e2ce \u00e0 [&hellip;]<\/p>\n","protected":false},"author":14,"featured_media":2972,"comment_status":"open","ping_status":"closed","sticky":false,"template":"","format":"standard","meta":{"ngg_post_thumbnail":0,"footnotes":""},"categories":[5],"tags":[],"class_list":["post-5903","post","type-post","status-publish","format-standard","has-post-thumbnail","hentry","category-ac-lanester-56"],"yoast_head":"<!-- This site is optimized with the Yoast SEO plugin v27.5 - https:\/\/yoast.com\/product\/yoast-seo-wordpress\/ -->\n<title>R\u00e9trospective 2010 (3\/6) - Avenir Cycliste Lanester 56<\/title>\n<meta name=\"robots\" content=\"index, follow, max-snippet:-1, max-image-preview:large, max-video-preview:-1\" \/>\n<link rel=\"canonical\" href=\"https:\/\/www.aclanester56.com\/velo\/retrospective-39\/\" \/>\n<meta property=\"og:locale\" content=\"fr_FR\" \/>\n<meta property=\"og:type\" content=\"article\" \/>\n<meta property=\"og:title\" content=\"R\u00e9trospective 2010 (3\/6) - Avenir Cycliste Lanester 56\" \/>\n<meta property=\"og:description\" content=\"Le site internet \u00ab\u00a0nouvelle version\u00a0\u00bb de l&rsquo;AC LANESTER 56 est arriv\u00e9 au d\u00e9but du mois de janvier dernier. Gr\u00e2ce \u00e0 [&hellip;]\" \/>\n<meta property=\"og:url\" content=\"https:\/\/www.aclanester56.com\/velo\/retrospective-39\/\" \/>\n<meta property=\"og:site_name\" content=\"Avenir Cycliste Lanester 56\" \/>\n<meta property=\"article:publisher\" content=\"https:\/\/www.facebook.com\/pages\/AC-Lanester-56\/190286300991242?fref=ts\" \/>\n<meta property=\"article:published_time\" content=\"2010-12-28T20:11:16+00:00\" \/>\n<meta property=\"article:modified_time\" content=\"2010-12-30T23:51:18+00:00\" \/>\n<meta property=\"og:image\" content=\"https:\/\/www.aclanester56.com\/velo\/wp-content\/uploads\/2010\/05\/clm-belle1.jpg\" \/>\n\t<meta property=\"og:image:width\" content=\"640\" \/>\n\t<meta property=\"og:image:height\" content=\"425\" \/>\n\t<meta property=\"og:image:type\" content=\"image\/jpeg\" \/>\n<meta name=\"author\" content=\"Jean-Christophe\" \/>\n<meta name=\"twitter:label1\" content=\"\u00c9crit par\" \/>\n\t<meta name=\"twitter:data1\" content=\"Jean-Christophe\" \/>\n\t<meta name=\"twitter:label2\" content=\"Dur\u00e9e de lecture estim\u00e9e\" \/>\n\t<meta name=\"twitter:data2\" content=\"5 minutes\" \/>\n<script type=\"application\/ld+json\" class=\"yoast-schema-graph\">{\"@context\":\"https:\\\/\\\/schema.org\",\"@graph\":[{\"@type\":\"Article\",\"@id\":\"https:\\\/\\\/www.aclanester56.com\\\/velo\\\/retrospective-39\\\/#article\",\"isPartOf\":{\"@id\":\"https:\\\/\\\/www.aclanester56.com\\\/velo\\\/retrospective-39\\\/\"},\"author\":{\"name\":\"Jean-Christophe\",\"@id\":\"https:\\\/\\\/www.aclanester56.com\\\/velo\\\/#\\\/schema\\\/person\\\/ca2a44a5fd969e9dd846c72d3b33bc01\"},\"headline\":\"R\u00e9trospective 2010 (3\\\/6)\",\"datePublished\":\"2010-12-28T20:11:16+00:00\",\"dateModified\":\"2010-12-30T23:51:18+00:00\",\"mainEntityOfPage\":{\"@id\":\"https:\\\/\\\/www.aclanester56.com\\\/velo\\\/retrospective-39\\\/\"},\"wordCount\":994,\"commentCount\":0,\"publisher\":{\"@id\":\"https:\\\/\\\/www.aclanester56.com\\\/velo\\\/#organization\"},\"image\":{\"@id\":\"https:\\\/\\\/www.aclanester56.com\\\/velo\\\/retrospective-39\\\/#primaryimage\"},\"thumbnailUrl\":\"https:\\\/\\\/www.aclanester56.com\\\/velo\\\/wp-content\\\/uploads\\\/2010\\\/05\\\/clm-belle1.jpg\",\"articleSection\":[\"AC LANESTER 56\"],\"inLanguage\":\"fr-FR\",\"potentialAction\":[{\"@type\":\"CommentAction\",\"name\":\"Comment\",\"target\":[\"https:\\\/\\\/www.aclanester56.com\\\/velo\\\/retrospective-39\\\/#respond\"]}]},{\"@type\":\"WebPage\",\"@id\":\"https:\\\/\\\/www.aclanester56.com\\\/velo\\\/retrospective-39\\\/\",\"url\":\"https:\\\/\\\/www.aclanester56.com\\\/velo\\\/retrospective-39\\\/\",\"name\":\"R\u00e9trospective 2010 (3\\\/6) - Avenir Cycliste Lanester 56\",\"isPartOf\":{\"@id\":\"https:\\\/\\\/www.aclanester56.com\\\/velo\\\/#website\"},\"primaryImageOfPage\":{\"@id\":\"https:\\\/\\\/www.aclanester56.com\\\/velo\\\/retrospective-39\\\/#primaryimage\"},\"image\":{\"@id\":\"https:\\\/\\\/www.aclanester56.com\\\/velo\\\/retrospective-39\\\/#primaryimage\"},\"thumbnailUrl\":\"https:\\\/\\\/www.aclanester56.com\\\/velo\\\/wp-content\\\/uploads\\\/2010\\\/05\\\/clm-belle1.jpg\",\"datePublished\":\"2010-12-28T20:11:16+00:00\",\"dateModified\":\"2010-12-30T23:51:18+00:00\",\"inLanguage\":\"fr-FR\",\"potentialAction\":[{\"@type\":\"ReadAction\",\"target\":[\"https:\\\/\\\/www.aclanester56.com\\\/velo\\\/retrospective-39\\\/\"]}]},{\"@type\":\"ImageObject\",\"inLanguage\":\"fr-FR\",\"@id\":\"https:\\\/\\\/www.aclanester56.com\\\/velo\\\/retrospective-39\\\/#primaryimage\",\"url\":\"https:\\\/\\\/www.aclanester56.com\\\/velo\\\/wp-content\\\/uploads\\\/2010\\\/05\\\/clm-belle1.jpg\",\"contentUrl\":\"https:\\\/\\\/www.aclanester56.com\\\/velo\\\/wp-content\\\/uploads\\\/2010\\\/05\\\/clm-belle1.jpg\",\"width\":640,\"height\":425,\"caption\":\"L'AC LANESTER 56 remporte le contre-la-montre par \u00e9quipes \u00e0 plus de 48 km\\\/h de moyenne ! (photo Michel LE DOUAIRON)\"},{\"@type\":\"WebSite\",\"@id\":\"https:\\\/\\\/www.aclanester56.com\\\/velo\\\/#website\",\"url\":\"https:\\\/\\\/www.aclanester56.com\\\/velo\\\/\",\"name\":\"Avenir Cycliste Lanester 56\",\"description\":\"Club cycliste de l&#039;AC LANESTER 56\",\"publisher\":{\"@id\":\"https:\\\/\\\/www.aclanester56.com\\\/velo\\\/#organization\"},\"potentialAction\":[{\"@type\":\"SearchAction\",\"target\":{\"@type\":\"EntryPoint\",\"urlTemplate\":\"https:\\\/\\\/www.aclanester56.com\\\/velo\\\/?s={search_term_string}\"},\"query-input\":{\"@type\":\"PropertyValueSpecification\",\"valueRequired\":true,\"valueName\":\"search_term_string\"}}],\"inLanguage\":\"fr-FR\"},{\"@type\":\"Organization\",\"@id\":\"https:\\\/\\\/www.aclanester56.com\\\/velo\\\/#organization\",\"name\":\"Avenir Cycliste Lanester 56\",\"url\":\"https:\\\/\\\/www.aclanester56.com\\\/velo\\\/\",\"logo\":{\"@type\":\"ImageObject\",\"inLanguage\":\"fr-FR\",\"@id\":\"https:\\\/\\\/www.aclanester56.com\\\/velo\\\/#\\\/schema\\\/logo\\\/image\\\/\",\"url\":\"https:\\\/\\\/www.aclanester56.com\\\/velo\\\/wp-content\\\/uploads\\\/2013\\\/04\\\/logo-ACL.jpg\",\"contentUrl\":\"https:\\\/\\\/www.aclanester56.com\\\/velo\\\/wp-content\\\/uploads\\\/2013\\\/04\\\/logo-ACL.jpg\",\"width\":400,\"height\":334,\"caption\":\"Avenir Cycliste Lanester 56\"},\"image\":{\"@id\":\"https:\\\/\\\/www.aclanester56.com\\\/velo\\\/#\\\/schema\\\/logo\\\/image\\\/\"},\"sameAs\":[\"https:\\\/\\\/www.facebook.com\\\/pages\\\/AC-Lanester-56\\\/190286300991242?fref=ts\"]},{\"@type\":\"Person\",\"@id\":\"https:\\\/\\\/www.aclanester56.com\\\/velo\\\/#\\\/schema\\\/person\\\/ca2a44a5fd969e9dd846c72d3b33bc01\",\"name\":\"Jean-Christophe\",\"url\":\"https:\\\/\\\/www.aclanester56.com\\\/velo\\\/author\\\/jeanchristophe\\\/\"}]}<\/script>\n<!-- \/ Yoast SEO plugin. -->","yoast_head_json":{"title":"R\u00e9trospective 2010 (3\/6) - Avenir Cycliste Lanester 56","robots":{"index":"index","follow":"follow","max-snippet":"max-snippet:-1","max-image-preview":"max-image-preview:large","max-video-preview":"max-video-preview:-1"},"canonical":"https:\/\/www.aclanester56.com\/velo\/retrospective-39\/","og_locale":"fr_FR","og_type":"article","og_title":"R\u00e9trospective 2010 (3\/6) - Avenir Cycliste Lanester 56","og_description":"Le site internet \u00ab\u00a0nouvelle version\u00a0\u00bb de l&rsquo;AC LANESTER 56 est arriv\u00e9 au d\u00e9but du mois de janvier dernier. Gr\u00e2ce \u00e0 [&hellip;]","og_url":"https:\/\/www.aclanester56.com\/velo\/retrospective-39\/","og_site_name":"Avenir Cycliste Lanester 56","article_publisher":"https:\/\/www.facebook.com\/pages\/AC-Lanester-56\/190286300991242?fref=ts","article_published_time":"2010-12-28T20:11:16+00:00","article_modified_time":"2010-12-30T23:51:18+00:00","og_image":[{"width":640,"height":425,"url":"https:\/\/www.aclanester56.com\/velo\/wp-content\/uploads\/2010\/05\/clm-belle1.jpg","type":"image\/jpeg"}],"author":"Jean-Christophe","twitter_misc":{"\u00c9crit par":"Jean-Christophe","Dur\u00e9e de lecture estim\u00e9e":"5 minutes"},"schema":{"@context":"https:\/\/schema.org","@graph":[{"@type":"Article","@id":"https:\/\/www.aclanester56.com\/velo\/retrospective-39\/#article","isPartOf":{"@id":"https:\/\/www.aclanester56.com\/velo\/retrospective-39\/"},"author":{"name":"Jean-Christophe","@id":"https:\/\/www.aclanester56.com\/velo\/#\/schema\/person\/ca2a44a5fd969e9dd846c72d3b33bc01"},"headline":"R\u00e9trospective 2010 (3\/6)","datePublished":"2010-12-28T20:11:16+00:00","dateModified":"2010-12-30T23:51:18+00:00","mainEntityOfPage":{"@id":"https:\/\/www.aclanester56.com\/velo\/retrospective-39\/"},"wordCount":994,"commentCount":0,"publisher":{"@id":"https:\/\/www.aclanester56.com\/velo\/#organization"},"image":{"@id":"https:\/\/www.aclanester56.com\/velo\/retrospective-39\/#primaryimage"},"thumbnailUrl":"https:\/\/www.aclanester56.com\/velo\/wp-content\/uploads\/2010\/05\/clm-belle1.jpg","articleSection":["AC LANESTER 56"],"inLanguage":"fr-FR","potentialAction":[{"@type":"CommentAction","name":"Comment","target":["https:\/\/www.aclanester56.com\/velo\/retrospective-39\/#respond"]}]},{"@type":"WebPage","@id":"https:\/\/www.aclanester56.com\/velo\/retrospective-39\/","url":"https:\/\/www.aclanester56.com\/velo\/retrospective-39\/","name":"R\u00e9trospective 2010 (3\/6) - Avenir Cycliste Lanester 56","isPartOf":{"@id":"https:\/\/www.aclanester56.com\/velo\/#website"},"primaryImageOfPage":{"@id":"https:\/\/www.aclanester56.com\/velo\/retrospective-39\/#primaryimage"},"image":{"@id":"https:\/\/www.aclanester56.com\/velo\/retrospective-39\/#primaryimage"},"thumbnailUrl":"https:\/\/www.aclanester56.com\/velo\/wp-content\/uploads\/2010\/05\/clm-belle1.jpg","datePublished":"2010-12-28T20:11:16+00:00","dateModified":"2010-12-30T23:51:18+00:00","inLanguage":"fr-FR","potentialAction":[{"@type":"ReadAction","target":["https:\/\/www.aclanester56.com\/velo\/retrospective-39\/"]}]},{"@type":"ImageObject","inLanguage":"fr-FR","@id":"https:\/\/www.aclanester56.com\/velo\/retrospective-39\/#primaryimage","url":"https:\/\/www.aclanester56.com\/velo\/wp-content\/uploads\/2010\/05\/clm-belle1.jpg","contentUrl":"https:\/\/www.aclanester56.com\/velo\/wp-content\/uploads\/2010\/05\/clm-belle1.jpg","width":640,"height":425,"caption":"L'AC LANESTER 56 remporte le contre-la-montre par \u00e9quipes \u00e0 plus de 48 km\/h de moyenne ! (photo Michel LE DOUAIRON)"},{"@type":"WebSite","@id":"https:\/\/www.aclanester56.com\/velo\/#website","url":"https:\/\/www.aclanester56.com\/velo\/","name":"Avenir Cycliste Lanester 56","description":"Club cycliste de l&#039;AC LANESTER 56","publisher":{"@id":"https:\/\/www.aclanester56.com\/velo\/#organization"},"potentialAction":[{"@type":"SearchAction","target":{"@type":"EntryPoint","urlTemplate":"https:\/\/www.aclanester56.com\/velo\/?s={search_term_string}"},"query-input":{"@type":"PropertyValueSpecification","valueRequired":true,"valueName":"search_term_string"}}],"inLanguage":"fr-FR"},{"@type":"Organization","@id":"https:\/\/www.aclanester56.com\/velo\/#organization","name":"Avenir Cycliste Lanester 56","url":"https:\/\/www.aclanester56.com\/velo\/","logo":{"@type":"ImageObject","inLanguage":"fr-FR","@id":"https:\/\/www.aclanester56.com\/velo\/#\/schema\/logo\/image\/","url":"https:\/\/www.aclanester56.com\/velo\/wp-content\/uploads\/2013\/04\/logo-ACL.jpg","contentUrl":"https:\/\/www.aclanester56.com\/velo\/wp-content\/uploads\/2013\/04\/logo-ACL.jpg","width":400,"height":334,"caption":"Avenir Cycliste Lanester 56"},"image":{"@id":"https:\/\/www.aclanester56.com\/velo\/#\/schema\/logo\/image\/"},"sameAs":["https:\/\/www.facebook.com\/pages\/AC-Lanester-56\/190286300991242?fref=ts"]},{"@type":"Person","@id":"https:\/\/www.aclanester56.com\/velo\/#\/schema\/person\/ca2a44a5fd969e9dd846c72d3b33bc01","name":"Jean-Christophe","url":"https:\/\/www.aclanester56.com\/velo\/author\/jeanchristophe\/"}]}},"_links":{"self":[{"href":"https:\/\/www.aclanester56.com\/velo\/wp-json\/wp\/v2\/posts\/5903","targetHints":{"allow":["GET"]}}],"collection":[{"href":"https:\/\/www.aclanester56.com\/velo\/wp-json\/wp\/v2\/posts"}],"about":[{"href":"https:\/\/www.aclanester56.com\/velo\/wp-json\/wp\/v2\/types\/post"}],"author":[{"embeddable":true,"href":"https:\/\/www.aclanester56.com\/velo\/wp-json\/wp\/v2\/users\/14"}],"replies":[{"embeddable":true,"href":"https:\/\/www.aclanester56.com\/velo\/wp-json\/wp\/v2\/comments?post=5903"}],"version-history":[{"count":0,"href":"https:\/\/www.aclanester56.com\/velo\/wp-json\/wp\/v2\/posts\/5903\/revisions"}],"wp:featuredmedia":[{"embeddable":true,"href":"https:\/\/www.aclanester56.com\/velo\/wp-json\/wp\/v2\/media\/2972"}],"wp:attachment":[{"href":"https:\/\/www.aclanester56.com\/velo\/wp-json\/wp\/v2\/media?parent=5903"}],"wp:term":[{"taxonomy":"category","embeddable":true,"href":"https:\/\/www.aclanester56.com\/velo\/wp-json\/wp\/v2\/categories?post=5903"},{"taxonomy":"post_tag","embeddable":true,"href":"https:\/\/www.aclanester56.com\/velo\/wp-json\/wp\/v2\/tags?post=5903"}],"curies":[{"name":"wp","href":"https:\/\/api.w.org\/{rel}","templated":true}]}}