{"id":5956,"date":"2010-12-29T12:05:44","date_gmt":"2010-12-29T11:05:44","guid":{"rendered":"http:\/\/www.aclanester56.com\/velo\/?p=5956"},"modified":"2010-12-31T00:44:31","modified_gmt":"2010-12-30T23:44:31","slug":"retrospective-2010-46","status":"publish","type":"post","link":"https:\/\/www.aclanester56.com\/velo\/retrospective-2010-46\/","title":{"rendered":"R\u00e9trospective 2010 (4\/6)"},"content":{"rendered":"<div id=\"attachment_5976\" style=\"width: 310px\" class=\"wp-caption alignleft\"><a href=\"http:\/\/www.aclanester56.com\/velo\/wp-content\/uploads\/2010\/12\/arriv\u00e9e_gp_lanester_photo_bruno_perrel.jpg\"><img loading=\"lazy\" decoding=\"async\" aria-describedby=\"caption-attachment-5976\" class=\"size-full wp-image-5976\" title=\"Le Costarmoricain Florent MALLEGOL \u00e9tait le plus fort sur le Grand Prix de la Ville de Lanester : Les Lanest\u00e9riens Anthony MIRA, \u00e0 gauche, et Warren BARGUIL, \u00e0 droite, terminent respectivement 3\u00e8me et 4\u00e8me (photo Bruno PERREL)\" src=\"http:\/\/www.aclanester56.com\/velo\/wp-content\/uploads\/2010\/12\/arriv\u00e9e_gp_lanester_photo_bruno_perrel.jpg\" alt=\"\" width=\"300\" height=\"208\" srcset=\"https:\/\/www.aclanester56.com\/velo\/wp-content\/uploads\/2010\/12\/arriv\u00e9e_gp_lanester_photo_bruno_perrel.jpg 600w, https:\/\/www.aclanester56.com\/velo\/wp-content\/uploads\/2010\/12\/arriv\u00e9e_gp_lanester_photo_bruno_perrel-300x208.jpg 300w\" sizes=\"auto, (max-width: 300px) 100vw, 300px\" \/><\/a><p id=\"caption-attachment-5976\" class=\"wp-caption-text\">Le Costarmoricain Florent MALLEGOL \u00e9tait le plus fort sur le Grand Prix de la Ville de Lanester : Les Lanest\u00e9riens Anthony MIRA, \u00e0 gauche, et Warren BARGUIL, \u00e0 droite, terminent respectivement 3\u00e8me et 4\u00e8me (photo Bruno PERREL)<\/p><\/div>\n<p style=\"text-align: justify;\">Le site internet \u00ab\u00a0nouvelle version\u00a0\u00bb de l&rsquo;AC LANESTER 56 est arriv\u00e9 au d\u00e9but du mois de janvier dernier. Gr\u00e2ce \u00e0 son actualisation r\u00e9guli\u00e8re avec des informations, photos ou autres vid\u00e9os sur les coureurs lanest\u00e9riens, nous vous proposons toute la semaine de revivre l&rsquo;ann\u00e9e 2010 \u00e0 travers une s\u00e9lection d&rsquo;articles publi\u00e9s durant l&rsquo;ann\u00e9e sur notre site.<\/p>\n<p style=\"text-align: justify;\"><span style=\"background-color: #ff6600;\">D\u00e9couvrez le quatri\u00e8me volet aujourd&rsquo;hui<\/span>.<\/p>\n<p><br class=\"spacer_\" \/><\/p>\n<p style=\"text-align: justify;\"><!--more--><\/p>\n<p><br class=\"spacer_\" \/><\/p>\n<p style=\"text-align: justify;\">Le troisi\u00e8me volet de cette r\u00e9trospective est accessible <strong><em><a href=\"http:\/\/www.aclanester56.com\/velo\/2010\/12\/28\/retrospective-39\/\" target=\"_blank\">en cliquant ici.<\/a><\/em><\/strong><\/p>\n<p><br class=\"spacer_\" \/><\/p>\n<p><br class=\"spacer_\" \/><\/p>\n<p><br class=\"spacer_\" \/><\/p>\n<div id=\"attachment_5976\" style=\"width: 310px\" class=\"wp-caption alignright\"><a href=\"http:\/\/www.aclanester56.com\/velo\/wp-content\/uploads\/2010\/12\/arriv\u00e9e_gp_lanester_photo_bruno_perrel.jpg\"><img loading=\"lazy\" decoding=\"async\" aria-describedby=\"caption-attachment-5976\" class=\"size-full wp-image-5976\" title=\"Le Costarmoricain Florent MALLEGOL \u00e9tait le plus fort sur le Grand Prix de la Ville de Lanester : Les Lanest\u00e9riens Anthony MIRA, \u00e0 gauche, et Warren BARGUIL, \u00e0 droite, terminent respectivement 3\u00e8me et 4\u00e8me (photo Bruno PERREL)\" src=\"http:\/\/www.aclanester56.com\/velo\/wp-content\/uploads\/2010\/12\/arriv\u00e9e_gp_lanester_photo_bruno_perrel.jpg\" alt=\"\" width=\"300\" height=\"208\" srcset=\"https:\/\/www.aclanester56.com\/velo\/wp-content\/uploads\/2010\/12\/arriv\u00e9e_gp_lanester_photo_bruno_perrel.jpg 600w, https:\/\/www.aclanester56.com\/velo\/wp-content\/uploads\/2010\/12\/arriv\u00e9e_gp_lanester_photo_bruno_perrel-300x208.jpg 300w\" sizes=\"auto, (max-width: 300px) 100vw, 300px\" \/><\/a><p id=\"caption-attachment-5976\" class=\"wp-caption-text\">Le Costarmoricain Florent MALLEGOL \u00e9tait le plus fort sur le Grand Prix de la Ville de Lanester : Les Lanest\u00e9riens Anthony MIRA, \u00e0 gauche, et Warren BARGUIL, \u00e0 droite, terminent respectivement 3\u00e8me et 4\u00e8me (photo Bruno PERREL)<\/p><\/div>\n<p><br class=\"spacer_\" \/><\/p>\n<p style=\"text-align: center;\"><strong><span style=\"color: #ff6600;\">******************************<\/span><\/strong><\/p>\n<p style=\"text-align: justify;\"><strong><span style=\"color: #ff6600;\">30 juin 2010 :<\/span><\/strong> Le renomm\u00e9 Grand Prix de la Ville de Lanester, autre organisation phare de l&rsquo;AC LANESTER 56, se d\u00e9roule en semi-nocturne sur un circuit roulant de 3.1 kms \u00e0 parcourir \u00e0 32 reprises. C&rsquo;est l&rsquo;homme fort du moment Florent MALLEGOL (C\u00f4tes d&rsquo;Armor Maitre Jacques) qui l&#8217;emportait devant le futur Lanest\u00e9rien Christophe BALANNEC et Anthony MIRA (AC LANESTER 56), Warren BARGUIL (AC LANESTER 56) terminant 4\u00e8me. Rappelons qu&rsquo;Anthony n&rsquo;\u00e9tait encore que junior et son podium sur une \u00e9preuve toutes cat\u00e9gories aussi disput\u00e9e repr\u00e9sente une tr\u00e8s belle performance !<\/p>\n<p style=\"text-align: justify;\"><strong><em><a href=\"http:\/\/www.aclanester56.com\/velo\/2010\/07\/01\/grand-prix-de-la-ville-de-lanester-le-plus-fort-a-gagne\/\" target=\"_blank\">Retrouvez l&rsquo;article en cliquant ici.<\/a><\/em><\/strong><\/p>\n<p style=\"text-align: center;\"><strong><span style=\"color: #ff6600;\">******************************<\/span><\/strong><\/p>\n<p><br class=\"spacer_\" \/><\/p>\n<div id=\"attachment_5968\" style=\"width: 210px\" class=\"wp-caption alignleft\"><a href=\"http:\/\/www.aclanester56.com\/velo\/wp-content\/uploads\/2010\/12\/Kevin-Sadoudi-victorieux-\u00e0-Loud\u00e9ac-399x600.jpg\"><img loading=\"lazy\" decoding=\"async\" aria-describedby=\"caption-attachment-5968\" class=\"size-large wp-image-5968\" title=\"K\u00e9vin SADOUDI remporte la premi\u00e8re victoire de sa carri\u00e8re sur le Grand Prix de la Ville de Loud\u00e9ac (photo Philippe LE COCQ)\" src=\"http:\/\/www.aclanester56.com\/velo\/wp-content\/uploads\/2010\/12\/Kevin-Sadoudi-victorieux-\u00e0-Loud\u00e9ac-399x600.jpg\" alt=\"\" width=\"200\" height=\"300\" srcset=\"https:\/\/www.aclanester56.com\/velo\/wp-content\/uploads\/2010\/12\/Kevin-Sadoudi-victorieux-\u00e0-Loud\u00e9ac-399x600.jpg 399w, https:\/\/www.aclanester56.com\/velo\/wp-content\/uploads\/2010\/12\/Kevin-Sadoudi-victorieux-\u00e0-Loud\u00e9ac-199x300.jpg 199w, https:\/\/www.aclanester56.com\/velo\/wp-content\/uploads\/2010\/12\/Kevin-Sadoudi-victorieux-\u00e0-Loud\u00e9ac.jpg 426w\" sizes=\"auto, (max-width: 200px) 100vw, 200px\" \/><\/a><p id=\"caption-attachment-5968\" class=\"wp-caption-text\">K\u00e9vin SADOUDI remporte la premi\u00e8re victoire de sa carri\u00e8re sur le Grand Prix de la Ville de Loud\u00e9ac (photo Philippe LE COCQ)<\/p><\/div>\n<p><br class=\"spacer_\" \/><\/p>\n<p><br class=\"spacer_\" \/><\/p>\n<p><br class=\"spacer_\" \/><\/p>\n<p style=\"text-align: center;\"><strong><span style=\"color: #ff6600;\">******************************<\/span><\/strong><\/p>\n<p style=\"text-align: justify;\"><strong><span style=\"color: #ff6600;\">3 juillet 2010 :<\/span><\/strong> Le jeune et sympathique Kevin SADOUDI, coureur de l&rsquo;\u00e9quipe DN Espoirs de l&rsquo;AC LANESTER 56, remporte la toute premi\u00e8re victoire de sa carri\u00e8re lors du Grand Prix de Loud\u00e9ac, \u00e9preuve toutes cat\u00e9gories disput\u00e9e en semi-nocturne. Cette performance ravissait le DTS Rodolphe HENRY qui voyait l\u00e0 la d\u00e9monstration de la progression de Kevin depuis son arriv\u00e9e \u00e0 Lanester l&rsquo;ann\u00e9e pr\u00e9c\u00e9dente.<\/p>\n<p style=\"text-align: justify;\"><strong><em><a href=\"http:\/\/www.aclanester56.com\/velo\/2010\/07\/03\/grand-prix-de-la-ville-de-loudeac\/\" target=\"_blank\">Retrouvez l&rsquo;article en cliquant ici.<\/a><\/em><\/strong><\/p>\n<p style=\"text-align: center;\"><strong><span style=\"color: #ff6600;\">******************************<\/span><\/strong><\/p>\n<p><br class=\"spacer_\" \/><\/p>\n<p><br class=\"spacer_\" \/><\/p>\n<p><br class=\"spacer_\" \/><\/p>\n<div id=\"attachment_5972\" style=\"width: 310px\" class=\"wp-caption alignright\"><a href=\"http:\/\/www.aclanester56.com\/velo\/wp-content\/uploads\/2010\/12\/arriv\u00e9e_chpt_bretagne_minimes_2010.jpg\"><img loading=\"lazy\" decoding=\"async\" aria-describedby=\"caption-attachment-5972\" class=\"size-full wp-image-5972\" title=\"Le Lanest\u00e9rien Nicolas PRIMAS s'incline d'un cheveu au sprint lors du championnat de Bretagne minimes (photo www.bretagne-cyclisme.com)\" src=\"http:\/\/www.aclanester56.com\/velo\/wp-content\/uploads\/2010\/12\/arriv\u00e9e_chpt_bretagne_minimes_2010.jpg\" alt=\"\" width=\"300\" height=\"200\" srcset=\"https:\/\/www.aclanester56.com\/velo\/wp-content\/uploads\/2010\/12\/arriv\u00e9e_chpt_bretagne_minimes_2010.jpg 600w, https:\/\/www.aclanester56.com\/velo\/wp-content\/uploads\/2010\/12\/arriv\u00e9e_chpt_bretagne_minimes_2010-300x199.jpg 300w\" sizes=\"auto, (max-width: 300px) 100vw, 300px\" \/><\/a><p id=\"caption-attachment-5972\" class=\"wp-caption-text\">Le Lanest\u00e9rien Nicolas PRIMAS s&#39;incline d&#39;un cheveu au sprint lors du championnat de Bretagne minimes (photo www.bretagne-cyclisme.com)<\/p><\/div>\n<p><br class=\"spacer_\" \/><\/p>\n<p><br class=\"spacer_\" \/><\/p>\n<p style=\"text-align: center;\"><strong><span style=\"color: #ff6600;\">******************************<\/span><\/strong><\/p>\n<p style=\"text-align: justify;\"><strong><span style=\"color: #ff6600;\">11 juillet 2010 :<\/span><\/strong> Lors des championnats de Bretagne de l&rsquo;Avenir qui se d\u00e9roulaient \u00e0 Maure-de-Bretagne (35), Nicolas PRIMAS doit s&rsquo;incliner au sprint pour quelques centim\u00e8tres seulement face au Mo\u00eblanais LANNURIEN, dans l&rsquo;\u00e9preuve r\u00e9serv\u00e9e au minimes. M\u00eame s&rsquo;il \u00e9tait tr\u00e8s d\u00e9\u00e7u \u00e0 l&rsquo;arriv\u00e9e, une m\u00e9daille d&rsquo;argent sur un championnat r\u00e9gional reste une superbe performance !<\/p>\n<p style=\"text-align: justify;\"><strong><em><a href=\"http:\/\/www.aclanester56.com\/velo\/2010\/07\/12\/nicolas-primas-vice-champion-de-bretagne-minimes\/\" target=\"_blank\">Retrouvez l&rsquo;article en cliquant ici.<\/a><\/em><\/strong><\/p>\n<p style=\"text-align: center;\"><strong><span style=\"color: #ff6600;\">******************************<\/span><\/strong><\/p>\n<p><br class=\"spacer_\" \/><\/p>\n<div id=\"attachment_5978\" style=\"width: 370px\" class=\"wp-caption alignleft\"><a href=\"http:\/\/www.aclanester56.com\/velo\/wp-content\/uploads\/2010\/12\/lebon_ragot2.jpg\"><img loading=\"lazy\" decoding=\"async\" aria-describedby=\"caption-attachment-5978\" class=\"size-full wp-image-5978\" title=\"Johan LE BON (BRETAGNE-SCHULLER) et Vincent RAGOT (AC LANESTER 56) sont lanc\u00e9s dans une incroyable escapade du c\u00f4t\u00e9 de Ploerdut, qui va les mener directement aux deux premi\u00e8res places du classement g\u00e9n\u00e9ral (photo Bruno PERREL)\" src=\"http:\/\/www.aclanester56.com\/velo\/wp-content\/uploads\/2010\/12\/lebon_ragot2.jpg\" alt=\"\" width=\"360\" height=\"250\" srcset=\"https:\/\/www.aclanester56.com\/velo\/wp-content\/uploads\/2010\/12\/lebon_ragot2.jpg 719w, https:\/\/www.aclanester56.com\/velo\/wp-content\/uploads\/2010\/12\/lebon_ragot2-300x208.jpg 300w\" sizes=\"auto, (max-width: 360px) 100vw, 360px\" \/><\/a><p id=\"caption-attachment-5978\" class=\"wp-caption-text\">Johan LE BON (BRETAGNE-SCHULLER) et Vincent RAGOT (AC LANESTER 56) sont lanc\u00e9s dans une incroyable escapade du c\u00f4t\u00e9 de Ploerdut, qui va les mener directement aux deux premi\u00e8res places du classement g\u00e9n\u00e9ral (photo Bruno PERREL)<\/p><\/div>\n<p style=\"text-align: center;\"><strong><span style=\"color: #ff6600;\">******************************<\/span><\/strong><\/p>\n<p style=\"text-align: justify;\"><strong><span style=\"color: #ff6600;\">24,25&amp;26 juillet 2010 :<\/span><\/strong> Le Kreiz Breizh Elites, superbe course par \u00e9tapes internationale disput\u00e9e dans le centre-Bretagne avec un plateau remarquable, voit le retour au premier plan du Lanest\u00e9rien Vincent RAGOT. Rappelez-vous, il avait \u00e9t\u00e9 victime d&rsquo;une fracture de la clavicule lors de l&rsquo;Essor Breton au mois de mai, qui l&rsquo;avait tenu \u00e9loign\u00e9 des circuits pendant pr\u00e8s de deux mois. Au cours de la troisi\u00e8me \u00e9tape, il se lance dans une \u00e9chapp\u00e9e folle du c\u00f4t\u00e9 de M\u00fbr de Bretagne, tr\u00e8s loin de l&rsquo;arriv\u00e9e, avec son ami Johan LE BON (BRETAGNE-SCHULLER) qui venait d&rsquo;apprendre le d\u00e9c\u00e8s de son grand-p\u00e8re. A l&rsquo;arriv\u00e9e \u00e0 Ploerdut, il ne dispute pas le sprint pour la victoire mais ce geste n&rsquo;\u00e9clipse pas l&rsquo;incroyable performance que les deux hommes viennent de r\u00e9aliser en repoussant tr\u00e8s loin leurs adversaires.<\/p>\n<p style=\"text-align: justify;\"><strong><em><a href=\"http:\/\/www.aclanester56.com\/velo\/2010\/07\/25\/3eme-etape-du-kreiz-breizh-elites-vincent-ragot-2eme\/\" target=\"_blank\">Retrouvez l&rsquo;article en cliquant ici.<\/a><\/em><\/strong><\/p>\n<p style=\"text-align: center;\"><strong><span style=\"color: #ff6600;\">******************************<\/span><\/strong><\/p>\n<div id=\"attachment_3426\" style=\"width: 370px\" class=\"wp-caption alignright\"><a href=\"http:\/\/www.aclanester56.com\/velo\/wp-content\/uploads\/2010\/07\/yann_rault.jpg\"><img loading=\"lazy\" decoding=\"async\" aria-describedby=\"caption-attachment-3426\" class=\"size-full wp-image-3426\" title=\"Yann RAULT a largement fait profiter de son exp\u00e9rience \u00e0 l'\u00e9quipe lanest\u00e9rienne pendant le Kreiz Breizh Elite (photo Bruno PERREL)\" src=\"http:\/\/www.aclanester56.com\/velo\/wp-content\/uploads\/2010\/07\/yann_rault.jpg\" alt=\"\" width=\"360\" height=\"231\" srcset=\"https:\/\/www.aclanester56.com\/velo\/wp-content\/uploads\/2010\/07\/yann_rault.jpg 720w, https:\/\/www.aclanester56.com\/velo\/wp-content\/uploads\/2010\/07\/yann_rault-300x192.jpg 300w\" sizes=\"auto, (max-width: 360px) 100vw, 360px\" \/><\/a><p id=\"caption-attachment-3426\" class=\"wp-caption-text\">Yann RAULT a largement fait profiter de son exp\u00e9rience \u00e0 l&#39;\u00e9quipe lanest\u00e9rienne pendant le Kreiz Breizh Elite (photo Bruno PERREL)<\/p><\/div>\n<p style=\"text-align: center;\"><strong><span style=\"color: #ff6600;\">******************************<\/span><\/strong><\/p>\n<p style=\"text-align: justify;\"><strong><span style=\"color: #ff6600;\">24,25&amp;26 juillet 2010 :<\/span><\/strong> Le lendemain, sur la derni\u00e8re \u00e9tape qui s&rsquo;achevait \u00e0 Rostrenen, Vincent RAGOT est presque en mesure de l&#8217;emporter au classement g\u00e9n\u00e9ral, puique le maillot blanc de leader Johan LE BON est un temps en difficult\u00e9 dans les s\u00e9v\u00e8res pentes du Miniou. Mais ce dernier va s&rsquo;accrocher et Vincent termine bon deuxi\u00e8me de cette \u00e9preuve internationale. Globalement, les Lanest\u00e9riens ont vraiment pes\u00e9 sur le poids de la course : Warren BARGUIL prend une tr\u00e8s belle 4\u00e8me place sur la deuxi\u00e8me \u00e9tape \u00e0 Carhaix, avant de payer sa d\u00e9bauche d&rsquo;\u00e9nergie durant l&rsquo;\u00e9tape suivante.<\/p>\n<p style=\"text-align: justify;\"><strong><em><a href=\"http:\/\/www.aclanester56.com\/velo\/2010\/07\/26\/4eme-etape-du-kreiz-breizh-elites\/\" target=\"_blank\">Retrouvez l&rsquo;article en cliquant ici.<\/a><\/em><\/strong><\/p>\n<p style=\"text-align: center;\"><strong><span style=\"color: #ff6600;\">******************************<\/span><\/strong><\/p>\n<p><br class=\"spacer_\" \/><\/p>\n<div id=\"attachment_5732\" style=\"width: 410px\" class=\"wp-caption alignleft\"><a href=\"http:\/\/www.aclanester56.com\/velo\/wp-content\/uploads\/2010\/12\/warrenbarguil_aout101-800x532.jpg\"><img loading=\"lazy\" decoding=\"async\" aria-describedby=\"caption-attachment-5732\" class=\"size-large wp-image-5732\" title=\"Warren BARGUIL remporte une une magnifique victoire sur les hauteurs de Montpinchon sur une f\u00e9d\u00e9rale espoirs (photo Andr\u00e9 QUENTIN )\" src=\"http:\/\/www.aclanester56.com\/velo\/wp-content\/uploads\/2010\/12\/warrenbarguil_aout101-800x532.jpg\" alt=\"\" width=\"400\" height=\"266\" srcset=\"https:\/\/www.aclanester56.com\/velo\/wp-content\/uploads\/2010\/12\/warrenbarguil_aout101-800x532.jpg 800w, https:\/\/www.aclanester56.com\/velo\/wp-content\/uploads\/2010\/12\/warrenbarguil_aout101-300x199.jpg 300w, https:\/\/www.aclanester56.com\/velo\/wp-content\/uploads\/2010\/12\/warrenbarguil_aout101.jpg 1000w\" sizes=\"auto, (max-width: 400px) 100vw, 400px\" \/><\/a><p id=\"caption-attachment-5732\" class=\"wp-caption-text\">Warren BARGUIL remporte une une magnifique victoire sur les hauteurs de Montpinchon sur une f\u00e9d\u00e9rale espoirs (photo Andr\u00e9 QUENTIN )<\/p><\/div>\n<p style=\"text-align: center;\"><strong><span style=\"color: #ff6600;\">******************************<\/span><\/strong><\/p>\n<p style=\"text-align: justify;\"><strong><span style=\"color: #ff6600;\">7 aout 2010 :<\/span><\/strong> Au d\u00e9but du mois d&rsquo;ao\u00fbt, c&rsquo;est le fameux Grand Prix de la St Laurent espoirs \u00e0 Montpinchon, en Normandie. Cette \u00e9preuve r\u00e9serv\u00e9e aux coureurs espoirs est disput\u00e9e sur un circuit tr\u00e8s difficile, avec notamment une longue pente \u00e0 fort pourcentage en haut de laquelle est jug\u00e9e l&rsquo;arriv\u00e9e. Les coureurs de l&rsquo;AC LANESTER 56 sont fid\u00e8les \u00e0 ce rendez-vous et cette ann\u00e9e, l&rsquo;un d&rsquo;entre eux l&rsquo;a emport\u00e9 : Warren BARGUIL remporte magistralement une superbe victoire en pla\u00e7ant une attaque foudroyante dans la derni\u00e8re ascension de la c\u00f4te d&rsquo;arriv\u00e9e. Des Lanest\u00e9riens (dirig\u00e9s par Jean-Marc MORVAN) ont \u00e9galement particip\u00e9 \u00e0 l&rsquo;\u00e9preuve juniors et plac\u00e9 deux coureurs dans les vingt premiers : Thomas LE BOUCHER prend une belle 12\u00e8me place tandis qu&rsquo;Anthony MIRA, omnipr\u00e9sent sur le calendrier national juniors cette saison, termine 20\u00e8me.<\/p>\n<p style=\"text-align: justify;\"><strong><em><a href=\"http:\/\/www.aclanester56.com\/velo\/2010\/08\/07\/warren-barguil-vainqueur-par-k-o-a-montpinchon\/\" target=\"_blank\">Retrouvez l&rsquo;article en cliquant ici.<\/a><\/em><\/strong><\/p>\n<p style=\"text-align: center;\"><strong><span style=\"color: #ff6600;\">******************************<\/span><\/strong><\/p>\n<p><br class=\"spacer_\" \/><\/p>\n","protected":false},"excerpt":{"rendered":"<p>Le site internet \u00ab\u00a0nouvelle version\u00a0\u00bb de l&rsquo;AC LANESTER 56 est arriv\u00e9 au d\u00e9but du mois de janvier dernier. Gr\u00e2ce \u00e0 [&hellip;]<\/p>\n","protected":false},"author":14,"featured_media":5976,"comment_status":"open","ping_status":"closed","sticky":false,"template":"","format":"standard","meta":{"ngg_post_thumbnail":0,"footnotes":""},"categories":[5],"tags":[],"class_list":["post-5956","post","type-post","status-publish","format-standard","has-post-thumbnail","hentry","category-ac-lanester-56"],"yoast_head":"<!-- This site is optimized with the Yoast SEO plugin v27.5 - https:\/\/yoast.com\/product\/yoast-seo-wordpress\/ -->\n<title>R\u00e9trospective 2010 (4\/6) - Avenir Cycliste Lanester 56<\/title>\n<meta name=\"robots\" content=\"index, follow, max-snippet:-1, max-image-preview:large, max-video-preview:-1\" \/>\n<link rel=\"canonical\" href=\"https:\/\/www.aclanester56.com\/velo\/retrospective-2010-46\/\" \/>\n<meta property=\"og:locale\" content=\"fr_FR\" \/>\n<meta property=\"og:type\" content=\"article\" \/>\n<meta property=\"og:title\" content=\"R\u00e9trospective 2010 (4\/6) - Avenir Cycliste Lanester 56\" \/>\n<meta property=\"og:description\" content=\"Le site internet \u00ab\u00a0nouvelle version\u00a0\u00bb de l&rsquo;AC LANESTER 56 est arriv\u00e9 au d\u00e9but du mois de janvier dernier. Gr\u00e2ce \u00e0 [&hellip;]\" \/>\n<meta property=\"og:url\" content=\"https:\/\/www.aclanester56.com\/velo\/retrospective-2010-46\/\" \/>\n<meta property=\"og:site_name\" content=\"Avenir Cycliste Lanester 56\" \/>\n<meta property=\"article:publisher\" content=\"https:\/\/www.facebook.com\/pages\/AC-Lanester-56\/190286300991242?fref=ts\" \/>\n<meta property=\"article:published_time\" content=\"2010-12-29T11:05:44+00:00\" \/>\n<meta property=\"article:modified_time\" content=\"2010-12-30T23:44:31+00:00\" \/>\n<meta property=\"og:image\" content=\"https:\/\/www.aclanester56.com\/velo\/wp-content\/uploads\/2010\/12\/arriv\u00e9e_gp_lanester_photo_bruno_perrel.jpg\" \/>\n\t<meta property=\"og:image:width\" content=\"600\" \/>\n\t<meta property=\"og:image:height\" content=\"417\" \/>\n\t<meta property=\"og:image:type\" content=\"image\/jpeg\" \/>\n<meta name=\"author\" content=\"Jean-Christophe\" \/>\n<meta name=\"twitter:label1\" content=\"\u00c9crit par\" \/>\n\t<meta name=\"twitter:data1\" content=\"Jean-Christophe\" \/>\n\t<meta name=\"twitter:label2\" content=\"Dur\u00e9e de lecture estim\u00e9e\" \/>\n\t<meta name=\"twitter:data2\" content=\"5 minutes\" \/>\n<script type=\"application\/ld+json\" class=\"yoast-schema-graph\">{\"@context\":\"https:\\\/\\\/schema.org\",\"@graph\":[{\"@type\":\"Article\",\"@id\":\"https:\\\/\\\/www.aclanester56.com\\\/velo\\\/retrospective-2010-46\\\/#article\",\"isPartOf\":{\"@id\":\"https:\\\/\\\/www.aclanester56.com\\\/velo\\\/retrospective-2010-46\\\/\"},\"author\":{\"name\":\"Jean-Christophe\",\"@id\":\"https:\\\/\\\/www.aclanester56.com\\\/velo\\\/#\\\/schema\\\/person\\\/ca2a44a5fd969e9dd846c72d3b33bc01\"},\"headline\":\"R\u00e9trospective 2010 (4\\\/6)\",\"datePublished\":\"2010-12-29T11:05:44+00:00\",\"dateModified\":\"2010-12-30T23:44:31+00:00\",\"mainEntityOfPage\":{\"@id\":\"https:\\\/\\\/www.aclanester56.com\\\/velo\\\/retrospective-2010-46\\\/\"},\"wordCount\":972,\"commentCount\":0,\"publisher\":{\"@id\":\"https:\\\/\\\/www.aclanester56.com\\\/velo\\\/#organization\"},\"image\":{\"@id\":\"https:\\\/\\\/www.aclanester56.com\\\/velo\\\/retrospective-2010-46\\\/#primaryimage\"},\"thumbnailUrl\":\"https:\\\/\\\/www.aclanester56.com\\\/velo\\\/wp-content\\\/uploads\\\/2010\\\/12\\\/arriv\u00e9e_gp_lanester_photo_bruno_perrel.jpg\",\"articleSection\":[\"AC LANESTER 56\"],\"inLanguage\":\"fr-FR\",\"potentialAction\":[{\"@type\":\"CommentAction\",\"name\":\"Comment\",\"target\":[\"https:\\\/\\\/www.aclanester56.com\\\/velo\\\/retrospective-2010-46\\\/#respond\"]}]},{\"@type\":\"WebPage\",\"@id\":\"https:\\\/\\\/www.aclanester56.com\\\/velo\\\/retrospective-2010-46\\\/\",\"url\":\"https:\\\/\\\/www.aclanester56.com\\\/velo\\\/retrospective-2010-46\\\/\",\"name\":\"R\u00e9trospective 2010 (4\\\/6) - Avenir Cycliste Lanester 56\",\"isPartOf\":{\"@id\":\"https:\\\/\\\/www.aclanester56.com\\\/velo\\\/#website\"},\"primaryImageOfPage\":{\"@id\":\"https:\\\/\\\/www.aclanester56.com\\\/velo\\\/retrospective-2010-46\\\/#primaryimage\"},\"image\":{\"@id\":\"https:\\\/\\\/www.aclanester56.com\\\/velo\\\/retrospective-2010-46\\\/#primaryimage\"},\"thumbnailUrl\":\"https:\\\/\\\/www.aclanester56.com\\\/velo\\\/wp-content\\\/uploads\\\/2010\\\/12\\\/arriv\u00e9e_gp_lanester_photo_bruno_perrel.jpg\",\"datePublished\":\"2010-12-29T11:05:44+00:00\",\"dateModified\":\"2010-12-30T23:44:31+00:00\",\"inLanguage\":\"fr-FR\",\"potentialAction\":[{\"@type\":\"ReadAction\",\"target\":[\"https:\\\/\\\/www.aclanester56.com\\\/velo\\\/retrospective-2010-46\\\/\"]}]},{\"@type\":\"ImageObject\",\"inLanguage\":\"fr-FR\",\"@id\":\"https:\\\/\\\/www.aclanester56.com\\\/velo\\\/retrospective-2010-46\\\/#primaryimage\",\"url\":\"https:\\\/\\\/www.aclanester56.com\\\/velo\\\/wp-content\\\/uploads\\\/2010\\\/12\\\/arriv\u00e9e_gp_lanester_photo_bruno_perrel.jpg\",\"contentUrl\":\"https:\\\/\\\/www.aclanester56.com\\\/velo\\\/wp-content\\\/uploads\\\/2010\\\/12\\\/arriv\u00e9e_gp_lanester_photo_bruno_perrel.jpg\",\"width\":600,\"height\":417,\"caption\":\"Le Costarmoricain Florent MALLEGOL \u00e9tait le plus fort sur le Grand Prix de la Ville de Lanester : Les Lanest\u00e9riens Anthony MIRA, \u00e0 gauche, et Warren BARGUIL, \u00e0 droite, terminent respectivement 3\u00e8me et 4\u00e8me (photo Bruno PERREL)\"},{\"@type\":\"WebSite\",\"@id\":\"https:\\\/\\\/www.aclanester56.com\\\/velo\\\/#website\",\"url\":\"https:\\\/\\\/www.aclanester56.com\\\/velo\\\/\",\"name\":\"Avenir Cycliste Lanester 56\",\"description\":\"Club cycliste de l&#039;AC LANESTER 56\",\"publisher\":{\"@id\":\"https:\\\/\\\/www.aclanester56.com\\\/velo\\\/#organization\"},\"potentialAction\":[{\"@type\":\"SearchAction\",\"target\":{\"@type\":\"EntryPoint\",\"urlTemplate\":\"https:\\\/\\\/www.aclanester56.com\\\/velo\\\/?s={search_term_string}\"},\"query-input\":{\"@type\":\"PropertyValueSpecification\",\"valueRequired\":true,\"valueName\":\"search_term_string\"}}],\"inLanguage\":\"fr-FR\"},{\"@type\":\"Organization\",\"@id\":\"https:\\\/\\\/www.aclanester56.com\\\/velo\\\/#organization\",\"name\":\"Avenir Cycliste Lanester 56\",\"url\":\"https:\\\/\\\/www.aclanester56.com\\\/velo\\\/\",\"logo\":{\"@type\":\"ImageObject\",\"inLanguage\":\"fr-FR\",\"@id\":\"https:\\\/\\\/www.aclanester56.com\\\/velo\\\/#\\\/schema\\\/logo\\\/image\\\/\",\"url\":\"https:\\\/\\\/www.aclanester56.com\\\/velo\\\/wp-content\\\/uploads\\\/2013\\\/04\\\/logo-ACL.jpg\",\"contentUrl\":\"https:\\\/\\\/www.aclanester56.com\\\/velo\\\/wp-content\\\/uploads\\\/2013\\\/04\\\/logo-ACL.jpg\",\"width\":400,\"height\":334,\"caption\":\"Avenir Cycliste Lanester 56\"},\"image\":{\"@id\":\"https:\\\/\\\/www.aclanester56.com\\\/velo\\\/#\\\/schema\\\/logo\\\/image\\\/\"},\"sameAs\":[\"https:\\\/\\\/www.facebook.com\\\/pages\\\/AC-Lanester-56\\\/190286300991242?fref=ts\"]},{\"@type\":\"Person\",\"@id\":\"https:\\\/\\\/www.aclanester56.com\\\/velo\\\/#\\\/schema\\\/person\\\/ca2a44a5fd969e9dd846c72d3b33bc01\",\"name\":\"Jean-Christophe\",\"url\":\"https:\\\/\\\/www.aclanester56.com\\\/velo\\\/author\\\/jeanchristophe\\\/\"}]}<\/script>\n<!-- \/ Yoast SEO plugin. -->","yoast_head_json":{"title":"R\u00e9trospective 2010 (4\/6) - Avenir Cycliste Lanester 56","robots":{"index":"index","follow":"follow","max-snippet":"max-snippet:-1","max-image-preview":"max-image-preview:large","max-video-preview":"max-video-preview:-1"},"canonical":"https:\/\/www.aclanester56.com\/velo\/retrospective-2010-46\/","og_locale":"fr_FR","og_type":"article","og_title":"R\u00e9trospective 2010 (4\/6) - Avenir Cycliste Lanester 56","og_description":"Le site internet \u00ab\u00a0nouvelle version\u00a0\u00bb de l&rsquo;AC LANESTER 56 est arriv\u00e9 au d\u00e9but du mois de janvier dernier. Gr\u00e2ce \u00e0 [&hellip;]","og_url":"https:\/\/www.aclanester56.com\/velo\/retrospective-2010-46\/","og_site_name":"Avenir Cycliste Lanester 56","article_publisher":"https:\/\/www.facebook.com\/pages\/AC-Lanester-56\/190286300991242?fref=ts","article_published_time":"2010-12-29T11:05:44+00:00","article_modified_time":"2010-12-30T23:44:31+00:00","og_image":[{"width":600,"height":417,"url":"https:\/\/www.aclanester56.com\/velo\/wp-content\/uploads\/2010\/12\/arriv\u00e9e_gp_lanester_photo_bruno_perrel.jpg","type":"image\/jpeg"}],"author":"Jean-Christophe","twitter_misc":{"\u00c9crit par":"Jean-Christophe","Dur\u00e9e de lecture estim\u00e9e":"5 minutes"},"schema":{"@context":"https:\/\/schema.org","@graph":[{"@type":"Article","@id":"https:\/\/www.aclanester56.com\/velo\/retrospective-2010-46\/#article","isPartOf":{"@id":"https:\/\/www.aclanester56.com\/velo\/retrospective-2010-46\/"},"author":{"name":"Jean-Christophe","@id":"https:\/\/www.aclanester56.com\/velo\/#\/schema\/person\/ca2a44a5fd969e9dd846c72d3b33bc01"},"headline":"R\u00e9trospective 2010 (4\/6)","datePublished":"2010-12-29T11:05:44+00:00","dateModified":"2010-12-30T23:44:31+00:00","mainEntityOfPage":{"@id":"https:\/\/www.aclanester56.com\/velo\/retrospective-2010-46\/"},"wordCount":972,"commentCount":0,"publisher":{"@id":"https:\/\/www.aclanester56.com\/velo\/#organization"},"image":{"@id":"https:\/\/www.aclanester56.com\/velo\/retrospective-2010-46\/#primaryimage"},"thumbnailUrl":"https:\/\/www.aclanester56.com\/velo\/wp-content\/uploads\/2010\/12\/arriv\u00e9e_gp_lanester_photo_bruno_perrel.jpg","articleSection":["AC LANESTER 56"],"inLanguage":"fr-FR","potentialAction":[{"@type":"CommentAction","name":"Comment","target":["https:\/\/www.aclanester56.com\/velo\/retrospective-2010-46\/#respond"]}]},{"@type":"WebPage","@id":"https:\/\/www.aclanester56.com\/velo\/retrospective-2010-46\/","url":"https:\/\/www.aclanester56.com\/velo\/retrospective-2010-46\/","name":"R\u00e9trospective 2010 (4\/6) - Avenir Cycliste Lanester 56","isPartOf":{"@id":"https:\/\/www.aclanester56.com\/velo\/#website"},"primaryImageOfPage":{"@id":"https:\/\/www.aclanester56.com\/velo\/retrospective-2010-46\/#primaryimage"},"image":{"@id":"https:\/\/www.aclanester56.com\/velo\/retrospective-2010-46\/#primaryimage"},"thumbnailUrl":"https:\/\/www.aclanester56.com\/velo\/wp-content\/uploads\/2010\/12\/arriv\u00e9e_gp_lanester_photo_bruno_perrel.jpg","datePublished":"2010-12-29T11:05:44+00:00","dateModified":"2010-12-30T23:44:31+00:00","inLanguage":"fr-FR","potentialAction":[{"@type":"ReadAction","target":["https:\/\/www.aclanester56.com\/velo\/retrospective-2010-46\/"]}]},{"@type":"ImageObject","inLanguage":"fr-FR","@id":"https:\/\/www.aclanester56.com\/velo\/retrospective-2010-46\/#primaryimage","url":"https:\/\/www.aclanester56.com\/velo\/wp-content\/uploads\/2010\/12\/arriv\u00e9e_gp_lanester_photo_bruno_perrel.jpg","contentUrl":"https:\/\/www.aclanester56.com\/velo\/wp-content\/uploads\/2010\/12\/arriv\u00e9e_gp_lanester_photo_bruno_perrel.jpg","width":600,"height":417,"caption":"Le Costarmoricain Florent MALLEGOL \u00e9tait le plus fort sur le Grand Prix de la Ville de Lanester : Les Lanest\u00e9riens Anthony MIRA, \u00e0 gauche, et Warren BARGUIL, \u00e0 droite, terminent respectivement 3\u00e8me et 4\u00e8me (photo Bruno PERREL)"},{"@type":"WebSite","@id":"https:\/\/www.aclanester56.com\/velo\/#website","url":"https:\/\/www.aclanester56.com\/velo\/","name":"Avenir Cycliste Lanester 56","description":"Club cycliste de l&#039;AC LANESTER 56","publisher":{"@id":"https:\/\/www.aclanester56.com\/velo\/#organization"},"potentialAction":[{"@type":"SearchAction","target":{"@type":"EntryPoint","urlTemplate":"https:\/\/www.aclanester56.com\/velo\/?s={search_term_string}"},"query-input":{"@type":"PropertyValueSpecification","valueRequired":true,"valueName":"search_term_string"}}],"inLanguage":"fr-FR"},{"@type":"Organization","@id":"https:\/\/www.aclanester56.com\/velo\/#organization","name":"Avenir Cycliste Lanester 56","url":"https:\/\/www.aclanester56.com\/velo\/","logo":{"@type":"ImageObject","inLanguage":"fr-FR","@id":"https:\/\/www.aclanester56.com\/velo\/#\/schema\/logo\/image\/","url":"https:\/\/www.aclanester56.com\/velo\/wp-content\/uploads\/2013\/04\/logo-ACL.jpg","contentUrl":"https:\/\/www.aclanester56.com\/velo\/wp-content\/uploads\/2013\/04\/logo-ACL.jpg","width":400,"height":334,"caption":"Avenir Cycliste Lanester 56"},"image":{"@id":"https:\/\/www.aclanester56.com\/velo\/#\/schema\/logo\/image\/"},"sameAs":["https:\/\/www.facebook.com\/pages\/AC-Lanester-56\/190286300991242?fref=ts"]},{"@type":"Person","@id":"https:\/\/www.aclanester56.com\/velo\/#\/schema\/person\/ca2a44a5fd969e9dd846c72d3b33bc01","name":"Jean-Christophe","url":"https:\/\/www.aclanester56.com\/velo\/author\/jeanchristophe\/"}]}},"_links":{"self":[{"href":"https:\/\/www.aclanester56.com\/velo\/wp-json\/wp\/v2\/posts\/5956","targetHints":{"allow":["GET"]}}],"collection":[{"href":"https:\/\/www.aclanester56.com\/velo\/wp-json\/wp\/v2\/posts"}],"about":[{"href":"https:\/\/www.aclanester56.com\/velo\/wp-json\/wp\/v2\/types\/post"}],"author":[{"embeddable":true,"href":"https:\/\/www.aclanester56.com\/velo\/wp-json\/wp\/v2\/users\/14"}],"replies":[{"embeddable":true,"href":"https:\/\/www.aclanester56.com\/velo\/wp-json\/wp\/v2\/comments?post=5956"}],"version-history":[{"count":0,"href":"https:\/\/www.aclanester56.com\/velo\/wp-json\/wp\/v2\/posts\/5956\/revisions"}],"wp:featuredmedia":[{"embeddable":true,"href":"https:\/\/www.aclanester56.com\/velo\/wp-json\/wp\/v2\/media\/5976"}],"wp:attachment":[{"href":"https:\/\/www.aclanester56.com\/velo\/wp-json\/wp\/v2\/media?parent=5956"}],"wp:term":[{"taxonomy":"category","embeddable":true,"href":"https:\/\/www.aclanester56.com\/velo\/wp-json\/wp\/v2\/categories?post=5956"},{"taxonomy":"post_tag","embeddable":true,"href":"https:\/\/www.aclanester56.com\/velo\/wp-json\/wp\/v2\/tags?post=5956"}],"curies":[{"name":"wp","href":"https:\/\/api.w.org\/{rel}","templated":true}]}}