{"id":6123,"date":"2011-01-03T22:00:41","date_gmt":"2011-01-03T21:00:41","guid":{"rendered":"http:\/\/www.aclanester56.com\/velo\/?p=6123"},"modified":"2011-01-03T23:10:07","modified_gmt":"2011-01-03T22:10:07","slug":"voeux-du-president-de-lac-lanester-56-jean-yves-le-gal","status":"publish","type":"post","link":"https:\/\/www.aclanester56.com\/velo\/voeux-du-president-de-lac-lanester-56-jean-yves-le-gal\/","title":{"rendered":"Voeux du pr\u00e9sident de l\u2019AC LANESTER 56 Jean-Yves LE GAL"},"content":{"rendered":"<div id=\"attachment_6124\" style=\"width: 382px\" class=\"wp-caption alignleft\"><a href=\"http:\/\/www.aclanester56.com\/velo\/wp-content\/uploads\/2011\/01\/Carte-de-Voeux-2011-AC-LANESTER-561-744x600.jpg\"><img loading=\"lazy\" decoding=\"async\" aria-describedby=\"caption-attachment-6124\" class=\"size-large wp-image-6124\" title=\"Bonne ann\u00e9e 2011 avec l'AC LANESTER 56 !\" src=\"http:\/\/www.aclanester56.com\/velo\/wp-content\/uploads\/2011\/01\/Carte-de-Voeux-2011-AC-LANESTER-561-744x600.jpg\" alt=\"\" width=\"372\" height=\"300\" srcset=\"https:\/\/www.aclanester56.com\/velo\/wp-content\/uploads\/2011\/01\/Carte-de-Voeux-2011-AC-LANESTER-561-744x600.jpg 744w, https:\/\/www.aclanester56.com\/velo\/wp-content\/uploads\/2011\/01\/Carte-de-Voeux-2011-AC-LANESTER-561-300x241.jpg 300w, https:\/\/www.aclanester56.com\/velo\/wp-content\/uploads\/2011\/01\/Carte-de-Voeux-2011-AC-LANESTER-561.jpg 965w\" sizes=\"auto, (max-width: 372px) 100vw, 372px\" \/><\/a><p id=\"caption-attachment-6124\" class=\"wp-caption-text\">Bonne ann\u00e9e 2011 avec l&#39;AC LANESTER 56 !<\/p><\/div>\n<p style=\"text-align: justify;\">Jean-Yves LE GAL, dynamique pr\u00e9sident de l&rsquo;AC LANESTER 56, formule ses voeux \u00e0 destination de l&rsquo;ensemble des acteurs du club pour la nouvelle ann\u00e9e qui d\u00e9bute.<\/p>\n<p><br class=\"spacer_\" \/><\/p>\n<p style=\"text-align: justify;\"><!--more--><\/p>\n<p><br class=\"spacer_\" \/><\/p>\n<p><br class=\"spacer_\" \/><\/p>\n<p><br class=\"spacer_\" \/><\/p>\n<p><br class=\"spacer_\" \/><\/p>\n<p><br class=\"spacer_\" \/><\/p>\n<p><br class=\"spacer_\" \/><\/p>\n<p><br class=\"spacer_\" \/><\/p>\n<p><br class=\"spacer_\" \/><\/p>\n<p><br class=\"spacer_\" \/><\/p>\n<p style=\"text-align: justify;\"><em>\u00ab\u00a0Le temps qui se fige un instant&#8230;!<\/em> <br \/>\n <em>Nous\u00a0\u00e9tions il y a encore quelques heures, dans l&rsquo;agenda 2010 que nous n&rsquo;avons pas l&rsquo;impression d&rsquo;avoir compl\u00e8tement ferm\u00e9.<\/em><br \/>\n <em>Nous n&rsquo;avons pas encore l&rsquo;impression d&rsquo;avoir d\u00e9but\u00e9 la nouvelle ann\u00e9e\u00a0alors\u00a0que le calendrier 2011 d\u00e9roule d\u00e9j\u00e0 ses premiers jours.<\/em><em> <\/em><\/p>\n<p style=\"text-align: justify;\"><em>L&rsquo;ann\u00e9e 2010 aura \u00e9t\u00e9 encore une ann\u00e9e exceptionnelle pour l&rsquo;AC LANESTER 56.<\/em><br \/>\n <em>Nos coureurs toujours plus nombreux ont brill\u00e9 sur les plus belles \u00e9preuves, nos champions sont mont\u00e9s sur les podiums et se sont par\u00e9s des titres les plus prestigieux.<\/em><br \/>\n <em>Nos organisations\u00a0ont \u00e9t\u00e9 des plus belles et des plus appr\u00e9ci\u00e9es des coureurs.<\/em><br \/>\n <em>Nos initiatives souvent\u00a0novatrices ont \u00e9t\u00e9 remarqu\u00e9es dans le domaine sportif\u00a0et des observateurs avis\u00e9s.<\/em><br \/>\n <em>Partenaires, dirigeants, coureurs, b\u00e9n\u00e9voles, parents et sympathisants, vous avez \u00e9t\u00e9 les acteurs de cette belle r\u00e9ussite collective.<\/em><em> <\/em><\/p>\n<p style=\"text-align: justify;\"><em>En 2011 vous avez d\u00e9j\u00e0 pu\u00a0apercevoir sur notre site les pr\u00e9mices\u00a0des orientations qui vont nous permettre de faire \u00e9voluer la structure :<\/em><br \/>\n <em>&#8211; Dans le domaine sportif\u00a0qui s&rsquo;attachera \u00e0 accueillir plus de jeunes avec l&rsquo;ambition de les mener\u00a0encore plus nombreux\u00a0vers le haut niveau.<\/em><br \/>\n <em>&#8211; Sur nos organisations que nous souhaitons p\u00e9renniser par l&rsquo;innovation, l&rsquo;imagination et des financements stables.<\/em><br \/>\n <em>&#8211; Dans le domaine de la communication que nous avons souhait\u00e9 organiser en secteur strat\u00e9gique\u00a0par\u00a0la valorisation\u00a0de tous nos supports.<\/em><em> <\/em><\/p>\n<p style=\"text-align: justify;\"><em>Nos nouveaux engagements pour 2011 seront rapidement d\u00e9clin\u00e9s sur ce site pour lequel je tiens \u00e0 adresser de chaleureux compliments \u00e0 Jean Christophe SAGOT qui le g\u00e8re de la plus belle mani\u00e8re.<\/em><em> <\/em><\/p>\n<p style=\"text-align: justify;\"><em>Je vous pr\u00e9sente \u00e0 tous ainsi qu&rsquo;\u00e0 vos proches une excellente ann\u00e9e 2011.<\/em><br \/>\n <em>Une ann\u00e9e faite de projets aboutis et de r\u00e9ussite sportive mais surtout une ann\u00e9e qui vous \u00e9pargne pour vous permettre d&rsquo;appr\u00e9cier la vie et les\u00a0instants les plus simples.\u00a0\u00bb<\/em><em> <\/em><\/p>\n<p><em>Jean Yves LE GAL<\/em><\/p>\n<p><br class=\"spacer_\" \/><\/p>\n","protected":false},"excerpt":{"rendered":"<p>Jean-Yves LE GAL, dynamique pr\u00e9sident de l&rsquo;AC LANESTER 56, formule ses voeux \u00e0 destination de l&rsquo;ensemble des acteurs du club [&hellip;]<\/p>\n","protected":false},"author":14,"featured_media":6124,"comment_status":"open","ping_status":"closed","sticky":false,"template":"","format":"standard","meta":{"ngg_post_thumbnail":0,"footnotes":""},"categories":[5],"tags":[],"class_list":["post-6123","post","type-post","status-publish","format-standard","has-post-thumbnail","hentry","category-ac-lanester-56"],"yoast_head":"<!-- This site is optimized with the Yoast SEO plugin v27.5 - https:\/\/yoast.com\/product\/yoast-seo-wordpress\/ -->\n<title>Voeux du pr\u00e9sident de l\u2019AC LANESTER 56 Jean-Yves LE GAL - Avenir Cycliste Lanester 56<\/title>\n<meta name=\"robots\" content=\"index, follow, max-snippet:-1, max-image-preview:large, max-video-preview:-1\" \/>\n<link rel=\"canonical\" href=\"https:\/\/www.aclanester56.com\/velo\/voeux-du-president-de-lac-lanester-56-jean-yves-le-gal\/\" \/>\n<meta property=\"og:locale\" content=\"fr_FR\" \/>\n<meta property=\"og:type\" content=\"article\" \/>\n<meta property=\"og:title\" content=\"Voeux du pr\u00e9sident de l\u2019AC LANESTER 56 Jean-Yves LE GAL - Avenir Cycliste Lanester 56\" \/>\n<meta property=\"og:description\" content=\"Jean-Yves LE GAL, dynamique pr\u00e9sident de l&rsquo;AC LANESTER 56, formule ses voeux \u00e0 destination de l&rsquo;ensemble des acteurs du club [&hellip;]\" \/>\n<meta property=\"og:url\" content=\"https:\/\/www.aclanester56.com\/velo\/voeux-du-president-de-lac-lanester-56-jean-yves-le-gal\/\" \/>\n<meta property=\"og:site_name\" content=\"Avenir Cycliste Lanester 56\" \/>\n<meta property=\"article:publisher\" content=\"https:\/\/www.facebook.com\/pages\/AC-Lanester-56\/190286300991242?fref=ts\" \/>\n<meta property=\"article:published_time\" content=\"2011-01-03T21:00:41+00:00\" \/>\n<meta property=\"article:modified_time\" content=\"2011-01-03T22:10:07+00:00\" \/>\n<meta property=\"og:image\" content=\"https:\/\/www.aclanester56.com\/velo\/wp-content\/uploads\/2011\/01\/Carte-de-Voeux-2011-AC-LANESTER-561.jpg\" \/>\n\t<meta property=\"og:image:width\" content=\"965\" \/>\n\t<meta property=\"og:image:height\" content=\"778\" \/>\n\t<meta property=\"og:image:type\" content=\"image\/jpeg\" \/>\n<meta name=\"author\" content=\"Jean-Christophe\" \/>\n<meta name=\"twitter:label1\" content=\"\u00c9crit par\" \/>\n\t<meta name=\"twitter:data1\" content=\"Jean-Christophe\" \/>\n\t<meta name=\"twitter:label2\" content=\"Dur\u00e9e de lecture estim\u00e9e\" \/>\n\t<meta name=\"twitter:data2\" content=\"2 minutes\" \/>\n<script type=\"application\/ld+json\" class=\"yoast-schema-graph\">{\"@context\":\"https:\\\/\\\/schema.org\",\"@graph\":[{\"@type\":\"Article\",\"@id\":\"https:\\\/\\\/www.aclanester56.com\\\/velo\\\/voeux-du-president-de-lac-lanester-56-jean-yves-le-gal\\\/#article\",\"isPartOf\":{\"@id\":\"https:\\\/\\\/www.aclanester56.com\\\/velo\\\/voeux-du-president-de-lac-lanester-56-jean-yves-le-gal\\\/\"},\"author\":{\"name\":\"Jean-Christophe\",\"@id\":\"https:\\\/\\\/www.aclanester56.com\\\/velo\\\/#\\\/schema\\\/person\\\/ca2a44a5fd969e9dd846c72d3b33bc01\"},\"headline\":\"Voeux du pr\u00e9sident de l\u2019AC LANESTER 56 Jean-Yves LE GAL\",\"datePublished\":\"2011-01-03T21:00:41+00:00\",\"dateModified\":\"2011-01-03T22:10:07+00:00\",\"mainEntityOfPage\":{\"@id\":\"https:\\\/\\\/www.aclanester56.com\\\/velo\\\/voeux-du-president-de-lac-lanester-56-jean-yves-le-gal\\\/\"},\"wordCount\":365,\"commentCount\":2,\"publisher\":{\"@id\":\"https:\\\/\\\/www.aclanester56.com\\\/velo\\\/#organization\"},\"image\":{\"@id\":\"https:\\\/\\\/www.aclanester56.com\\\/velo\\\/voeux-du-president-de-lac-lanester-56-jean-yves-le-gal\\\/#primaryimage\"},\"thumbnailUrl\":\"https:\\\/\\\/www.aclanester56.com\\\/velo\\\/wp-content\\\/uploads\\\/2011\\\/01\\\/Carte-de-Voeux-2011-AC-LANESTER-561.jpg\",\"articleSection\":[\"AC LANESTER 56\"],\"inLanguage\":\"fr-FR\",\"potentialAction\":[{\"@type\":\"CommentAction\",\"name\":\"Comment\",\"target\":[\"https:\\\/\\\/www.aclanester56.com\\\/velo\\\/voeux-du-president-de-lac-lanester-56-jean-yves-le-gal\\\/#respond\"]}]},{\"@type\":\"WebPage\",\"@id\":\"https:\\\/\\\/www.aclanester56.com\\\/velo\\\/voeux-du-president-de-lac-lanester-56-jean-yves-le-gal\\\/\",\"url\":\"https:\\\/\\\/www.aclanester56.com\\\/velo\\\/voeux-du-president-de-lac-lanester-56-jean-yves-le-gal\\\/\",\"name\":\"Voeux du pr\u00e9sident de l\u2019AC LANESTER 56 Jean-Yves LE GAL - Avenir Cycliste Lanester 56\",\"isPartOf\":{\"@id\":\"https:\\\/\\\/www.aclanester56.com\\\/velo\\\/#website\"},\"primaryImageOfPage\":{\"@id\":\"https:\\\/\\\/www.aclanester56.com\\\/velo\\\/voeux-du-president-de-lac-lanester-56-jean-yves-le-gal\\\/#primaryimage\"},\"image\":{\"@id\":\"https:\\\/\\\/www.aclanester56.com\\\/velo\\\/voeux-du-president-de-lac-lanester-56-jean-yves-le-gal\\\/#primaryimage\"},\"thumbnailUrl\":\"https:\\\/\\\/www.aclanester56.com\\\/velo\\\/wp-content\\\/uploads\\\/2011\\\/01\\\/Carte-de-Voeux-2011-AC-LANESTER-561.jpg\",\"datePublished\":\"2011-01-03T21:00:41+00:00\",\"dateModified\":\"2011-01-03T22:10:07+00:00\",\"inLanguage\":\"fr-FR\",\"potentialAction\":[{\"@type\":\"ReadAction\",\"target\":[\"https:\\\/\\\/www.aclanester56.com\\\/velo\\\/voeux-du-president-de-lac-lanester-56-jean-yves-le-gal\\\/\"]}]},{\"@type\":\"ImageObject\",\"inLanguage\":\"fr-FR\",\"@id\":\"https:\\\/\\\/www.aclanester56.com\\\/velo\\\/voeux-du-president-de-lac-lanester-56-jean-yves-le-gal\\\/#primaryimage\",\"url\":\"https:\\\/\\\/www.aclanester56.com\\\/velo\\\/wp-content\\\/uploads\\\/2011\\\/01\\\/Carte-de-Voeux-2011-AC-LANESTER-561.jpg\",\"contentUrl\":\"https:\\\/\\\/www.aclanester56.com\\\/velo\\\/wp-content\\\/uploads\\\/2011\\\/01\\\/Carte-de-Voeux-2011-AC-LANESTER-561.jpg\",\"width\":965,\"height\":778,\"caption\":\"Bonne ann\u00e9e 2011 avec l'AC LANESTER 56 !\"},{\"@type\":\"WebSite\",\"@id\":\"https:\\\/\\\/www.aclanester56.com\\\/velo\\\/#website\",\"url\":\"https:\\\/\\\/www.aclanester56.com\\\/velo\\\/\",\"name\":\"Avenir Cycliste Lanester 56\",\"description\":\"Club cycliste de l&#039;AC LANESTER 56\",\"publisher\":{\"@id\":\"https:\\\/\\\/www.aclanester56.com\\\/velo\\\/#organization\"},\"potentialAction\":[{\"@type\":\"SearchAction\",\"target\":{\"@type\":\"EntryPoint\",\"urlTemplate\":\"https:\\\/\\\/www.aclanester56.com\\\/velo\\\/?s={search_term_string}\"},\"query-input\":{\"@type\":\"PropertyValueSpecification\",\"valueRequired\":true,\"valueName\":\"search_term_string\"}}],\"inLanguage\":\"fr-FR\"},{\"@type\":\"Organization\",\"@id\":\"https:\\\/\\\/www.aclanester56.com\\\/velo\\\/#organization\",\"name\":\"Avenir Cycliste Lanester 56\",\"url\":\"https:\\\/\\\/www.aclanester56.com\\\/velo\\\/\",\"logo\":{\"@type\":\"ImageObject\",\"inLanguage\":\"fr-FR\",\"@id\":\"https:\\\/\\\/www.aclanester56.com\\\/velo\\\/#\\\/schema\\\/logo\\\/image\\\/\",\"url\":\"https:\\\/\\\/www.aclanester56.com\\\/velo\\\/wp-content\\\/uploads\\\/2013\\\/04\\\/logo-ACL.jpg\",\"contentUrl\":\"https:\\\/\\\/www.aclanester56.com\\\/velo\\\/wp-content\\\/uploads\\\/2013\\\/04\\\/logo-ACL.jpg\",\"width\":400,\"height\":334,\"caption\":\"Avenir Cycliste Lanester 56\"},\"image\":{\"@id\":\"https:\\\/\\\/www.aclanester56.com\\\/velo\\\/#\\\/schema\\\/logo\\\/image\\\/\"},\"sameAs\":[\"https:\\\/\\\/www.facebook.com\\\/pages\\\/AC-Lanester-56\\\/190286300991242?fref=ts\"]},{\"@type\":\"Person\",\"@id\":\"https:\\\/\\\/www.aclanester56.com\\\/velo\\\/#\\\/schema\\\/person\\\/ca2a44a5fd969e9dd846c72d3b33bc01\",\"name\":\"Jean-Christophe\",\"url\":\"https:\\\/\\\/www.aclanester56.com\\\/velo\\\/author\\\/jeanchristophe\\\/\"}]}<\/script>\n<!-- \/ Yoast SEO plugin. -->","yoast_head_json":{"title":"Voeux du pr\u00e9sident de l\u2019AC LANESTER 56 Jean-Yves LE GAL - Avenir Cycliste Lanester 56","robots":{"index":"index","follow":"follow","max-snippet":"max-snippet:-1","max-image-preview":"max-image-preview:large","max-video-preview":"max-video-preview:-1"},"canonical":"https:\/\/www.aclanester56.com\/velo\/voeux-du-president-de-lac-lanester-56-jean-yves-le-gal\/","og_locale":"fr_FR","og_type":"article","og_title":"Voeux du pr\u00e9sident de l\u2019AC LANESTER 56 Jean-Yves LE GAL - Avenir Cycliste Lanester 56","og_description":"Jean-Yves LE GAL, dynamique pr\u00e9sident de l&rsquo;AC LANESTER 56, formule ses voeux \u00e0 destination de l&rsquo;ensemble des acteurs du club [&hellip;]","og_url":"https:\/\/www.aclanester56.com\/velo\/voeux-du-president-de-lac-lanester-56-jean-yves-le-gal\/","og_site_name":"Avenir Cycliste Lanester 56","article_publisher":"https:\/\/www.facebook.com\/pages\/AC-Lanester-56\/190286300991242?fref=ts","article_published_time":"2011-01-03T21:00:41+00:00","article_modified_time":"2011-01-03T22:10:07+00:00","og_image":[{"width":965,"height":778,"url":"https:\/\/www.aclanester56.com\/velo\/wp-content\/uploads\/2011\/01\/Carte-de-Voeux-2011-AC-LANESTER-561.jpg","type":"image\/jpeg"}],"author":"Jean-Christophe","twitter_misc":{"\u00c9crit par":"Jean-Christophe","Dur\u00e9e de lecture estim\u00e9e":"2 minutes"},"schema":{"@context":"https:\/\/schema.org","@graph":[{"@type":"Article","@id":"https:\/\/www.aclanester56.com\/velo\/voeux-du-president-de-lac-lanester-56-jean-yves-le-gal\/#article","isPartOf":{"@id":"https:\/\/www.aclanester56.com\/velo\/voeux-du-president-de-lac-lanester-56-jean-yves-le-gal\/"},"author":{"name":"Jean-Christophe","@id":"https:\/\/www.aclanester56.com\/velo\/#\/schema\/person\/ca2a44a5fd969e9dd846c72d3b33bc01"},"headline":"Voeux du pr\u00e9sident de l\u2019AC LANESTER 56 Jean-Yves LE GAL","datePublished":"2011-01-03T21:00:41+00:00","dateModified":"2011-01-03T22:10:07+00:00","mainEntityOfPage":{"@id":"https:\/\/www.aclanester56.com\/velo\/voeux-du-president-de-lac-lanester-56-jean-yves-le-gal\/"},"wordCount":365,"commentCount":2,"publisher":{"@id":"https:\/\/www.aclanester56.com\/velo\/#organization"},"image":{"@id":"https:\/\/www.aclanester56.com\/velo\/voeux-du-president-de-lac-lanester-56-jean-yves-le-gal\/#primaryimage"},"thumbnailUrl":"https:\/\/www.aclanester56.com\/velo\/wp-content\/uploads\/2011\/01\/Carte-de-Voeux-2011-AC-LANESTER-561.jpg","articleSection":["AC LANESTER 56"],"inLanguage":"fr-FR","potentialAction":[{"@type":"CommentAction","name":"Comment","target":["https:\/\/www.aclanester56.com\/velo\/voeux-du-president-de-lac-lanester-56-jean-yves-le-gal\/#respond"]}]},{"@type":"WebPage","@id":"https:\/\/www.aclanester56.com\/velo\/voeux-du-president-de-lac-lanester-56-jean-yves-le-gal\/","url":"https:\/\/www.aclanester56.com\/velo\/voeux-du-president-de-lac-lanester-56-jean-yves-le-gal\/","name":"Voeux du pr\u00e9sident de l\u2019AC LANESTER 56 Jean-Yves LE GAL - Avenir Cycliste Lanester 56","isPartOf":{"@id":"https:\/\/www.aclanester56.com\/velo\/#website"},"primaryImageOfPage":{"@id":"https:\/\/www.aclanester56.com\/velo\/voeux-du-president-de-lac-lanester-56-jean-yves-le-gal\/#primaryimage"},"image":{"@id":"https:\/\/www.aclanester56.com\/velo\/voeux-du-president-de-lac-lanester-56-jean-yves-le-gal\/#primaryimage"},"thumbnailUrl":"https:\/\/www.aclanester56.com\/velo\/wp-content\/uploads\/2011\/01\/Carte-de-Voeux-2011-AC-LANESTER-561.jpg","datePublished":"2011-01-03T21:00:41+00:00","dateModified":"2011-01-03T22:10:07+00:00","inLanguage":"fr-FR","potentialAction":[{"@type":"ReadAction","target":["https:\/\/www.aclanester56.com\/velo\/voeux-du-president-de-lac-lanester-56-jean-yves-le-gal\/"]}]},{"@type":"ImageObject","inLanguage":"fr-FR","@id":"https:\/\/www.aclanester56.com\/velo\/voeux-du-president-de-lac-lanester-56-jean-yves-le-gal\/#primaryimage","url":"https:\/\/www.aclanester56.com\/velo\/wp-content\/uploads\/2011\/01\/Carte-de-Voeux-2011-AC-LANESTER-561.jpg","contentUrl":"https:\/\/www.aclanester56.com\/velo\/wp-content\/uploads\/2011\/01\/Carte-de-Voeux-2011-AC-LANESTER-561.jpg","width":965,"height":778,"caption":"Bonne ann\u00e9e 2011 avec l'AC LANESTER 56 !"},{"@type":"WebSite","@id":"https:\/\/www.aclanester56.com\/velo\/#website","url":"https:\/\/www.aclanester56.com\/velo\/","name":"Avenir Cycliste Lanester 56","description":"Club cycliste de l&#039;AC LANESTER 56","publisher":{"@id":"https:\/\/www.aclanester56.com\/velo\/#organization"},"potentialAction":[{"@type":"SearchAction","target":{"@type":"EntryPoint","urlTemplate":"https:\/\/www.aclanester56.com\/velo\/?s={search_term_string}"},"query-input":{"@type":"PropertyValueSpecification","valueRequired":true,"valueName":"search_term_string"}}],"inLanguage":"fr-FR"},{"@type":"Organization","@id":"https:\/\/www.aclanester56.com\/velo\/#organization","name":"Avenir Cycliste Lanester 56","url":"https:\/\/www.aclanester56.com\/velo\/","logo":{"@type":"ImageObject","inLanguage":"fr-FR","@id":"https:\/\/www.aclanester56.com\/velo\/#\/schema\/logo\/image\/","url":"https:\/\/www.aclanester56.com\/velo\/wp-content\/uploads\/2013\/04\/logo-ACL.jpg","contentUrl":"https:\/\/www.aclanester56.com\/velo\/wp-content\/uploads\/2013\/04\/logo-ACL.jpg","width":400,"height":334,"caption":"Avenir Cycliste Lanester 56"},"image":{"@id":"https:\/\/www.aclanester56.com\/velo\/#\/schema\/logo\/image\/"},"sameAs":["https:\/\/www.facebook.com\/pages\/AC-Lanester-56\/190286300991242?fref=ts"]},{"@type":"Person","@id":"https:\/\/www.aclanester56.com\/velo\/#\/schema\/person\/ca2a44a5fd969e9dd846c72d3b33bc01","name":"Jean-Christophe","url":"https:\/\/www.aclanester56.com\/velo\/author\/jeanchristophe\/"}]}},"_links":{"self":[{"href":"https:\/\/www.aclanester56.com\/velo\/wp-json\/wp\/v2\/posts\/6123","targetHints":{"allow":["GET"]}}],"collection":[{"href":"https:\/\/www.aclanester56.com\/velo\/wp-json\/wp\/v2\/posts"}],"about":[{"href":"https:\/\/www.aclanester56.com\/velo\/wp-json\/wp\/v2\/types\/post"}],"author":[{"embeddable":true,"href":"https:\/\/www.aclanester56.com\/velo\/wp-json\/wp\/v2\/users\/14"}],"replies":[{"embeddable":true,"href":"https:\/\/www.aclanester56.com\/velo\/wp-json\/wp\/v2\/comments?post=6123"}],"version-history":[{"count":0,"href":"https:\/\/www.aclanester56.com\/velo\/wp-json\/wp\/v2\/posts\/6123\/revisions"}],"wp:featuredmedia":[{"embeddable":true,"href":"https:\/\/www.aclanester56.com\/velo\/wp-json\/wp\/v2\/media\/6124"}],"wp:attachment":[{"href":"https:\/\/www.aclanester56.com\/velo\/wp-json\/wp\/v2\/media?parent=6123"}],"wp:term":[{"taxonomy":"category","embeddable":true,"href":"https:\/\/www.aclanester56.com\/velo\/wp-json\/wp\/v2\/categories?post=6123"},{"taxonomy":"post_tag","embeddable":true,"href":"https:\/\/www.aclanester56.com\/velo\/wp-json\/wp\/v2\/tags?post=6123"}],"curies":[{"name":"wp","href":"https:\/\/api.w.org\/{rel}","templated":true}]}}