{"id":6174,"date":"2011-01-05T14:22:20","date_gmt":"2011-01-05T13:22:20","guid":{"rendered":"http:\/\/www.aclanester56.com\/velo\/?p=6174"},"modified":"2012-04-14T16:45:25","modified_gmt":"2012-04-14T15:45:25","slug":"les-etapes-du-tro-div-ster-2011","status":"publish","type":"post","link":"https:\/\/www.aclanester56.com\/velo\/les-etapes-du-tro-div-ster-2011\/","title":{"rendered":"Les \u00e9tapes du TRO DIV STER 2011"},"content":{"rendered":"<p><a href=\"http:\/\/www.aclanester56.com\/velo\/wp-content\/uploads\/2011\/01\/Logo-Tro-Div-Ster.jpg\"><img loading=\"lazy\" decoding=\"async\" class=\"aligncenter size-full wp-image-6175\" title=\"TRO DIV STER\" src=\"http:\/\/www.aclanester56.com\/velo\/wp-content\/uploads\/2011\/01\/Logo-Tro-Div-Ster.jpg\" alt=\"\" width=\"529\" height=\"110\" srcset=\"https:\/\/www.aclanester56.com\/velo\/wp-content\/uploads\/2011\/01\/Logo-Tro-Div-Ster.jpg 529w, https:\/\/www.aclanester56.com\/velo\/wp-content\/uploads\/2011\/01\/Logo-Tro-Div-Ster-300x62.jpg 300w\" sizes=\"auto, (max-width: 529px) 100vw, 529px\" \/><\/a><\/p>\n<p style=\"text-align: justify;\">Nous vous l&rsquo;annoncions en d\u00e9but de semaine, les \u00e9tapes de la\u00a012\u00e8me \u00e9dition du TRO DIV STER (le Tour des Deux Rivi\u00e8res en breton) sont connues. Le parcours de cette \u00e9preuve par \u00e9tapes organis\u00e9e par l&rsquo;AC LANESTER 56, qui se d\u00e9roulera le week-end du 14 et 15 mai 2011, promet d&rsquo;ores et d\u00e9j\u00e0 d&rsquo;\u00eatre spectaculaire.<\/p>\n<p><!--more--><\/p>\n<p style=\"text-align: justify;\">\u00a0<\/p>\n<p style=\"text-align: justify;\"><strong><span style=\"color: #ff6600;\">Le grand d\u00e9part \u00e0 GUEMENE SUR SCORFF<\/span><\/strong><\/p>\n<p style=\"text-align: justify;\">Le grand d\u00e9part de ce TRO DIV STER sera donn\u00e9 le samedi 14 mai dans la capitale du Pays Pourleth, en Centre Bretagne. GUEMENE-SUR-SCORFF accueillera pour la premi\u00e8re fois cette belle \u00e9preuve et les spectateurs pourront y assister \u00e0 la pr\u00e9sentation des \u00e9quipes. Esp\u00e9rons que les coureurs n&rsquo;abusent pas de la fameuse andouille locale car le parcours s&rsquo;annonce, comme d&rsquo;habitude, s\u00e9lectif. Ils prendront la direction de LANGUIDIC, qui accueillera l&rsquo;arriv\u00e9e de cette premi\u00e8re \u00e9tape. Le premier volet du TRO DIV STER permet habituellement d&rsquo;op\u00e9rer une importante s\u00e9lection pour la victoire finale. Nul doute que le circuit dessin\u00e9 entre Scorff et Blavet n&rsquo;\u00e9chappera pas \u00e0 la r\u00e8gle cette ann\u00e9e et que le spectacle devrait \u00eatre de toute beaut\u00e9.<\/p>\n<p style=\"text-align: justify;\"><strong><span style=\"color: #ff6600;\">Une affaire de rouleurs pour la 2\u00e8me \u00e9tape<\/span><\/strong><\/p>\n<p style=\"text-align: justify;\">Le traditionnel contre-la-montre par \u00e9quipes se d\u00e9roulera le matin du dimanche 15 mai entre KERVIGNAC et LANESTER, sur un parcours qui s&rsquo;annonce extr\u00eamement roulant.<\/p>\n<p style=\"text-align: justify;\"><strong><span style=\"color: #ff6600;\">Du spectacle en perspective &#8230;<\/span><\/strong><\/p>\n<p style=\"text-align: justify;\">Enfin, la troisi\u00e8me et derni\u00e8re \u00e9tape du TRO DIV STER 2011 s&rsquo;\u00e9lancera du bord de mer, \u00e0 ERDEVEN. Depuis le joli cadre de cette station baln\u00e9aire, le peloton filera ensuite \u00e0 toute allure vers LANESTER o\u00f9 le circuit final, qui offre souvent d&rsquo;incroyables rebondissements, devrait d\u00e9signer le vainqueur de ce 12\u00e8me TRO DIV STER au bout de l&rsquo;Avenue Fran\u00e7ois Mitterrand.<\/p>\n<p style=\"text-align: justify;\">Au cours des semaines \u00e0 venir, nous pr\u00e9senterons largement plus en d\u00e9tail cette \u00e9preuve sur le site internet de l&rsquo;AC LANESTER 56.<\/p>\n<p><br class=\"spacer_\" \/><\/p>\n<div id=\"attachment_2750\" style=\"width: 310px\" class=\"wp-caption alignright\"><a href=\"http:\/\/www.aclanester56.com\/velo\/wp-content\/uploads\/2010\/05\/IMG_0012a.jpg\"><img loading=\"lazy\" decoding=\"async\" aria-describedby=\"caption-attachment-2750\" class=\"size-full wp-image-2750\" title=\"Christophe LABORIE avait remport\u00e9 le TRO DIV STER l'an dernier. Pass\u00e9 professionnel depuis, il ne pourra pas d\u00e9fendre sa couronne en mai prochain ... Alors, \u00e0 qui le tour ?\" src=\"http:\/\/www.aclanester56.com\/velo\/wp-content\/uploads\/2010\/05\/IMG_0012a.jpg\" alt=\"\" width=\"300\" height=\"200\" srcset=\"https:\/\/www.aclanester56.com\/velo\/wp-content\/uploads\/2010\/05\/IMG_0012a.jpg 600w, https:\/\/www.aclanester56.com\/velo\/wp-content\/uploads\/2010\/05\/IMG_0012a-300x200.jpg 300w\" sizes=\"auto, (max-width: 300px) 100vw, 300px\" \/><\/a><p id=\"caption-attachment-2750\" class=\"wp-caption-text\">Christophe LABORIE avait remport\u00e9 le TRO DIV STER l'an dernier. Pass\u00e9 professionnel depuis, il ne pourra pas d\u00e9fendre sa couronne en mai prochain ... Alors, \u00e0 qui le tour ?<\/p><\/div>\n<p><strong><span style=\"text-decoration: underline;\"><span style=\"font-size: small;\"><span style=\"color: #ff6600;\">Programme :<\/span><\/span><\/span><\/strong><\/p>\n<p>Samedi 14 mai<\/p>\n<p><span style=\"font-size: small;\">GUEMENE SUR SCORFF<\/span><\/p>\n<p>Permanence de l&rsquo;\u00e9preuve, Pr\u00e9sentation des \u00e9quipes et Grand D\u00e9part.<\/p>\n<p>GUEMENE SUR SCORFF \/ LANGUIDIC<\/p>\n<p>1\u00e8re \u00e9tape (en ligne)<\/p>\n<p><br class=\"spacer_\" \/><\/p>\n<p>Dimanche 15 mai (matin)<\/p>\n<p>KERVIGNAC \/ LANESTER<\/p>\n<p>2\u00e8me \u00e9tape (CLM par \u00e9quipes)<\/p>\n<p><br class=\"spacer_\" \/><\/p>\n<p>Dimanche 15 mai (apr\u00e8s-midi)<\/p>\n<p>ERDEVEN \/ LANESTER<\/p>\n<p>3\u00e8me \u00e9tape (en ligne)<\/p>\n<p><br class=\"spacer_\" \/><\/p>\n","protected":false},"excerpt":{"rendered":"<p>Nous vous l&rsquo;annoncions en d\u00e9but de semaine, les \u00e9tapes de la\u00a012\u00e8me \u00e9dition du TRO DIV STER (le Tour des Deux [&hellip;]<\/p>\n","protected":false},"author":14,"featured_media":6175,"comment_status":"open","ping_status":"closed","sticky":false,"template":"","format":"standard","meta":{"ngg_post_thumbnail":0,"footnotes":""},"categories":[5,8,7],"tags":[],"class_list":["post-6174","post","type-post","status-publish","format-standard","has-post-thumbnail","hentry","category-ac-lanester-56","category-tro-div-ster","category-organisations"],"yoast_head":"<!-- This site is optimized with the Yoast SEO plugin v27.5 - https:\/\/yoast.com\/product\/yoast-seo-wordpress\/ -->\n<title>Les \u00e9tapes du TRO DIV STER 2011 - Avenir Cycliste Lanester 56<\/title>\n<meta name=\"robots\" content=\"index, follow, max-snippet:-1, max-image-preview:large, max-video-preview:-1\" \/>\n<link rel=\"canonical\" href=\"https:\/\/www.aclanester56.com\/velo\/les-etapes-du-tro-div-ster-2011\/\" \/>\n<meta property=\"og:locale\" content=\"fr_FR\" \/>\n<meta property=\"og:type\" content=\"article\" \/>\n<meta property=\"og:title\" content=\"Les \u00e9tapes du TRO DIV STER 2011 - Avenir Cycliste Lanester 56\" \/>\n<meta property=\"og:description\" content=\"Nous vous l&rsquo;annoncions en d\u00e9but de semaine, les \u00e9tapes de la\u00a012\u00e8me \u00e9dition du TRO DIV STER (le Tour des Deux [&hellip;]\" \/>\n<meta property=\"og:url\" content=\"https:\/\/www.aclanester56.com\/velo\/les-etapes-du-tro-div-ster-2011\/\" \/>\n<meta property=\"og:site_name\" content=\"Avenir Cycliste Lanester 56\" \/>\n<meta property=\"article:publisher\" content=\"https:\/\/www.facebook.com\/pages\/AC-Lanester-56\/190286300991242?fref=ts\" \/>\n<meta property=\"article:published_time\" content=\"2011-01-05T13:22:20+00:00\" \/>\n<meta property=\"article:modified_time\" content=\"2012-04-14T15:45:25+00:00\" \/>\n<meta property=\"og:image\" content=\"https:\/\/www.aclanester56.com\/velo\/wp-content\/uploads\/2011\/01\/Logo-Tro-Div-Ster.jpg\" \/>\n\t<meta property=\"og:image:width\" content=\"529\" \/>\n\t<meta property=\"og:image:height\" content=\"110\" \/>\n\t<meta property=\"og:image:type\" content=\"image\/jpeg\" \/>\n<meta name=\"author\" content=\"Jean-Christophe\" \/>\n<meta name=\"twitter:label1\" content=\"\u00c9crit par\" \/>\n\t<meta name=\"twitter:data1\" content=\"Jean-Christophe\" \/>\n\t<meta name=\"twitter:label2\" content=\"Dur\u00e9e de lecture estim\u00e9e\" \/>\n\t<meta name=\"twitter:data2\" content=\"2 minutes\" \/>\n<script type=\"application\/ld+json\" class=\"yoast-schema-graph\">{\"@context\":\"https:\\\/\\\/schema.org\",\"@graph\":[{\"@type\":\"Article\",\"@id\":\"https:\\\/\\\/www.aclanester56.com\\\/velo\\\/les-etapes-du-tro-div-ster-2011\\\/#article\",\"isPartOf\":{\"@id\":\"https:\\\/\\\/www.aclanester56.com\\\/velo\\\/les-etapes-du-tro-div-ster-2011\\\/\"},\"author\":{\"name\":\"Jean-Christophe\",\"@id\":\"https:\\\/\\\/www.aclanester56.com\\\/velo\\\/#\\\/schema\\\/person\\\/ca2a44a5fd969e9dd846c72d3b33bc01\"},\"headline\":\"Les \u00e9tapes du TRO DIV STER 2011\",\"datePublished\":\"2011-01-05T13:22:20+00:00\",\"dateModified\":\"2012-04-14T15:45:25+00:00\",\"mainEntityOfPage\":{\"@id\":\"https:\\\/\\\/www.aclanester56.com\\\/velo\\\/les-etapes-du-tro-div-ster-2011\\\/\"},\"wordCount\":400,\"commentCount\":0,\"publisher\":{\"@id\":\"https:\\\/\\\/www.aclanester56.com\\\/velo\\\/#organization\"},\"image\":{\"@id\":\"https:\\\/\\\/www.aclanester56.com\\\/velo\\\/les-etapes-du-tro-div-ster-2011\\\/#primaryimage\"},\"thumbnailUrl\":\"https:\\\/\\\/www.aclanester56.com\\\/velo\\\/wp-content\\\/uploads\\\/2011\\\/01\\\/Logo-Tro-Div-Ster.jpg\",\"articleSection\":[\"AC LANESTER 56\",\"Le Tro Div Ster\",\"Les organisations\"],\"inLanguage\":\"fr-FR\",\"potentialAction\":[{\"@type\":\"CommentAction\",\"name\":\"Comment\",\"target\":[\"https:\\\/\\\/www.aclanester56.com\\\/velo\\\/les-etapes-du-tro-div-ster-2011\\\/#respond\"]}]},{\"@type\":\"WebPage\",\"@id\":\"https:\\\/\\\/www.aclanester56.com\\\/velo\\\/les-etapes-du-tro-div-ster-2011\\\/\",\"url\":\"https:\\\/\\\/www.aclanester56.com\\\/velo\\\/les-etapes-du-tro-div-ster-2011\\\/\",\"name\":\"Les \u00e9tapes du TRO DIV STER 2011 - Avenir Cycliste Lanester 56\",\"isPartOf\":{\"@id\":\"https:\\\/\\\/www.aclanester56.com\\\/velo\\\/#website\"},\"primaryImageOfPage\":{\"@id\":\"https:\\\/\\\/www.aclanester56.com\\\/velo\\\/les-etapes-du-tro-div-ster-2011\\\/#primaryimage\"},\"image\":{\"@id\":\"https:\\\/\\\/www.aclanester56.com\\\/velo\\\/les-etapes-du-tro-div-ster-2011\\\/#primaryimage\"},\"thumbnailUrl\":\"https:\\\/\\\/www.aclanester56.com\\\/velo\\\/wp-content\\\/uploads\\\/2011\\\/01\\\/Logo-Tro-Div-Ster.jpg\",\"datePublished\":\"2011-01-05T13:22:20+00:00\",\"dateModified\":\"2012-04-14T15:45:25+00:00\",\"inLanguage\":\"fr-FR\",\"potentialAction\":[{\"@type\":\"ReadAction\",\"target\":[\"https:\\\/\\\/www.aclanester56.com\\\/velo\\\/les-etapes-du-tro-div-ster-2011\\\/\"]}]},{\"@type\":\"ImageObject\",\"inLanguage\":\"fr-FR\",\"@id\":\"https:\\\/\\\/www.aclanester56.com\\\/velo\\\/les-etapes-du-tro-div-ster-2011\\\/#primaryimage\",\"url\":\"https:\\\/\\\/www.aclanester56.com\\\/velo\\\/wp-content\\\/uploads\\\/2011\\\/01\\\/Logo-Tro-Div-Ster.jpg\",\"contentUrl\":\"https:\\\/\\\/www.aclanester56.com\\\/velo\\\/wp-content\\\/uploads\\\/2011\\\/01\\\/Logo-Tro-Div-Ster.jpg\",\"width\":529,\"height\":110},{\"@type\":\"WebSite\",\"@id\":\"https:\\\/\\\/www.aclanester56.com\\\/velo\\\/#website\",\"url\":\"https:\\\/\\\/www.aclanester56.com\\\/velo\\\/\",\"name\":\"Avenir Cycliste Lanester 56\",\"description\":\"Club cycliste de l&#039;AC LANESTER 56\",\"publisher\":{\"@id\":\"https:\\\/\\\/www.aclanester56.com\\\/velo\\\/#organization\"},\"potentialAction\":[{\"@type\":\"SearchAction\",\"target\":{\"@type\":\"EntryPoint\",\"urlTemplate\":\"https:\\\/\\\/www.aclanester56.com\\\/velo\\\/?s={search_term_string}\"},\"query-input\":{\"@type\":\"PropertyValueSpecification\",\"valueRequired\":true,\"valueName\":\"search_term_string\"}}],\"inLanguage\":\"fr-FR\"},{\"@type\":\"Organization\",\"@id\":\"https:\\\/\\\/www.aclanester56.com\\\/velo\\\/#organization\",\"name\":\"Avenir Cycliste Lanester 56\",\"url\":\"https:\\\/\\\/www.aclanester56.com\\\/velo\\\/\",\"logo\":{\"@type\":\"ImageObject\",\"inLanguage\":\"fr-FR\",\"@id\":\"https:\\\/\\\/www.aclanester56.com\\\/velo\\\/#\\\/schema\\\/logo\\\/image\\\/\",\"url\":\"https:\\\/\\\/www.aclanester56.com\\\/velo\\\/wp-content\\\/uploads\\\/2013\\\/04\\\/logo-ACL.jpg\",\"contentUrl\":\"https:\\\/\\\/www.aclanester56.com\\\/velo\\\/wp-content\\\/uploads\\\/2013\\\/04\\\/logo-ACL.jpg\",\"width\":400,\"height\":334,\"caption\":\"Avenir Cycliste Lanester 56\"},\"image\":{\"@id\":\"https:\\\/\\\/www.aclanester56.com\\\/velo\\\/#\\\/schema\\\/logo\\\/image\\\/\"},\"sameAs\":[\"https:\\\/\\\/www.facebook.com\\\/pages\\\/AC-Lanester-56\\\/190286300991242?fref=ts\"]},{\"@type\":\"Person\",\"@id\":\"https:\\\/\\\/www.aclanester56.com\\\/velo\\\/#\\\/schema\\\/person\\\/ca2a44a5fd969e9dd846c72d3b33bc01\",\"name\":\"Jean-Christophe\",\"url\":\"https:\\\/\\\/www.aclanester56.com\\\/velo\\\/author\\\/jeanchristophe\\\/\"}]}<\/script>\n<!-- \/ Yoast SEO plugin. -->","yoast_head_json":{"title":"Les \u00e9tapes du TRO DIV STER 2011 - Avenir Cycliste Lanester 56","robots":{"index":"index","follow":"follow","max-snippet":"max-snippet:-1","max-image-preview":"max-image-preview:large","max-video-preview":"max-video-preview:-1"},"canonical":"https:\/\/www.aclanester56.com\/velo\/les-etapes-du-tro-div-ster-2011\/","og_locale":"fr_FR","og_type":"article","og_title":"Les \u00e9tapes du TRO DIV STER 2011 - Avenir Cycliste Lanester 56","og_description":"Nous vous l&rsquo;annoncions en d\u00e9but de semaine, les \u00e9tapes de la\u00a012\u00e8me \u00e9dition du TRO DIV STER (le Tour des Deux [&hellip;]","og_url":"https:\/\/www.aclanester56.com\/velo\/les-etapes-du-tro-div-ster-2011\/","og_site_name":"Avenir Cycliste Lanester 56","article_publisher":"https:\/\/www.facebook.com\/pages\/AC-Lanester-56\/190286300991242?fref=ts","article_published_time":"2011-01-05T13:22:20+00:00","article_modified_time":"2012-04-14T15:45:25+00:00","og_image":[{"width":529,"height":110,"url":"https:\/\/www.aclanester56.com\/velo\/wp-content\/uploads\/2011\/01\/Logo-Tro-Div-Ster.jpg","type":"image\/jpeg"}],"author":"Jean-Christophe","twitter_misc":{"\u00c9crit par":"Jean-Christophe","Dur\u00e9e de lecture estim\u00e9e":"2 minutes"},"schema":{"@context":"https:\/\/schema.org","@graph":[{"@type":"Article","@id":"https:\/\/www.aclanester56.com\/velo\/les-etapes-du-tro-div-ster-2011\/#article","isPartOf":{"@id":"https:\/\/www.aclanester56.com\/velo\/les-etapes-du-tro-div-ster-2011\/"},"author":{"name":"Jean-Christophe","@id":"https:\/\/www.aclanester56.com\/velo\/#\/schema\/person\/ca2a44a5fd969e9dd846c72d3b33bc01"},"headline":"Les \u00e9tapes du TRO DIV STER 2011","datePublished":"2011-01-05T13:22:20+00:00","dateModified":"2012-04-14T15:45:25+00:00","mainEntityOfPage":{"@id":"https:\/\/www.aclanester56.com\/velo\/les-etapes-du-tro-div-ster-2011\/"},"wordCount":400,"commentCount":0,"publisher":{"@id":"https:\/\/www.aclanester56.com\/velo\/#organization"},"image":{"@id":"https:\/\/www.aclanester56.com\/velo\/les-etapes-du-tro-div-ster-2011\/#primaryimage"},"thumbnailUrl":"https:\/\/www.aclanester56.com\/velo\/wp-content\/uploads\/2011\/01\/Logo-Tro-Div-Ster.jpg","articleSection":["AC LANESTER 56","Le Tro Div Ster","Les organisations"],"inLanguage":"fr-FR","potentialAction":[{"@type":"CommentAction","name":"Comment","target":["https:\/\/www.aclanester56.com\/velo\/les-etapes-du-tro-div-ster-2011\/#respond"]}]},{"@type":"WebPage","@id":"https:\/\/www.aclanester56.com\/velo\/les-etapes-du-tro-div-ster-2011\/","url":"https:\/\/www.aclanester56.com\/velo\/les-etapes-du-tro-div-ster-2011\/","name":"Les \u00e9tapes du TRO DIV STER 2011 - Avenir Cycliste Lanester 56","isPartOf":{"@id":"https:\/\/www.aclanester56.com\/velo\/#website"},"primaryImageOfPage":{"@id":"https:\/\/www.aclanester56.com\/velo\/les-etapes-du-tro-div-ster-2011\/#primaryimage"},"image":{"@id":"https:\/\/www.aclanester56.com\/velo\/les-etapes-du-tro-div-ster-2011\/#primaryimage"},"thumbnailUrl":"https:\/\/www.aclanester56.com\/velo\/wp-content\/uploads\/2011\/01\/Logo-Tro-Div-Ster.jpg","datePublished":"2011-01-05T13:22:20+00:00","dateModified":"2012-04-14T15:45:25+00:00","inLanguage":"fr-FR","potentialAction":[{"@type":"ReadAction","target":["https:\/\/www.aclanester56.com\/velo\/les-etapes-du-tro-div-ster-2011\/"]}]},{"@type":"ImageObject","inLanguage":"fr-FR","@id":"https:\/\/www.aclanester56.com\/velo\/les-etapes-du-tro-div-ster-2011\/#primaryimage","url":"https:\/\/www.aclanester56.com\/velo\/wp-content\/uploads\/2011\/01\/Logo-Tro-Div-Ster.jpg","contentUrl":"https:\/\/www.aclanester56.com\/velo\/wp-content\/uploads\/2011\/01\/Logo-Tro-Div-Ster.jpg","width":529,"height":110},{"@type":"WebSite","@id":"https:\/\/www.aclanester56.com\/velo\/#website","url":"https:\/\/www.aclanester56.com\/velo\/","name":"Avenir Cycliste Lanester 56","description":"Club cycliste de l&#039;AC LANESTER 56","publisher":{"@id":"https:\/\/www.aclanester56.com\/velo\/#organization"},"potentialAction":[{"@type":"SearchAction","target":{"@type":"EntryPoint","urlTemplate":"https:\/\/www.aclanester56.com\/velo\/?s={search_term_string}"},"query-input":{"@type":"PropertyValueSpecification","valueRequired":true,"valueName":"search_term_string"}}],"inLanguage":"fr-FR"},{"@type":"Organization","@id":"https:\/\/www.aclanester56.com\/velo\/#organization","name":"Avenir Cycliste Lanester 56","url":"https:\/\/www.aclanester56.com\/velo\/","logo":{"@type":"ImageObject","inLanguage":"fr-FR","@id":"https:\/\/www.aclanester56.com\/velo\/#\/schema\/logo\/image\/","url":"https:\/\/www.aclanester56.com\/velo\/wp-content\/uploads\/2013\/04\/logo-ACL.jpg","contentUrl":"https:\/\/www.aclanester56.com\/velo\/wp-content\/uploads\/2013\/04\/logo-ACL.jpg","width":400,"height":334,"caption":"Avenir Cycliste Lanester 56"},"image":{"@id":"https:\/\/www.aclanester56.com\/velo\/#\/schema\/logo\/image\/"},"sameAs":["https:\/\/www.facebook.com\/pages\/AC-Lanester-56\/190286300991242?fref=ts"]},{"@type":"Person","@id":"https:\/\/www.aclanester56.com\/velo\/#\/schema\/person\/ca2a44a5fd969e9dd846c72d3b33bc01","name":"Jean-Christophe","url":"https:\/\/www.aclanester56.com\/velo\/author\/jeanchristophe\/"}]}},"_links":{"self":[{"href":"https:\/\/www.aclanester56.com\/velo\/wp-json\/wp\/v2\/posts\/6174","targetHints":{"allow":["GET"]}}],"collection":[{"href":"https:\/\/www.aclanester56.com\/velo\/wp-json\/wp\/v2\/posts"}],"about":[{"href":"https:\/\/www.aclanester56.com\/velo\/wp-json\/wp\/v2\/types\/post"}],"author":[{"embeddable":true,"href":"https:\/\/www.aclanester56.com\/velo\/wp-json\/wp\/v2\/users\/14"}],"replies":[{"embeddable":true,"href":"https:\/\/www.aclanester56.com\/velo\/wp-json\/wp\/v2\/comments?post=6174"}],"version-history":[{"count":0,"href":"https:\/\/www.aclanester56.com\/velo\/wp-json\/wp\/v2\/posts\/6174\/revisions"}],"wp:featuredmedia":[{"embeddable":true,"href":"https:\/\/www.aclanester56.com\/velo\/wp-json\/wp\/v2\/media\/6175"}],"wp:attachment":[{"href":"https:\/\/www.aclanester56.com\/velo\/wp-json\/wp\/v2\/media?parent=6174"}],"wp:term":[{"taxonomy":"category","embeddable":true,"href":"https:\/\/www.aclanester56.com\/velo\/wp-json\/wp\/v2\/categories?post=6174"},{"taxonomy":"post_tag","embeddable":true,"href":"https:\/\/www.aclanester56.com\/velo\/wp-json\/wp\/v2\/tags?post=6174"}],"curies":[{"name":"wp","href":"https:\/\/api.w.org\/{rel}","templated":true}]}}