{"id":6215,"date":"2011-01-07T15:08:58","date_gmt":"2011-01-07T14:08:58","guid":{"rendered":"http:\/\/www.aclanester56.com\/velo\/?p=6215"},"modified":"2011-01-07T16:15:49","modified_gmt":"2011-01-07T15:15:49","slug":"un-gros-programme-du-cote-de-lac-lanester-56-ce-week-end","status":"publish","type":"post","link":"https:\/\/www.aclanester56.com\/velo\/un-gros-programme-du-cote-de-lac-lanester-56-ce-week-end\/","title":{"rendered":"Un gros programme du c\u00f4t\u00e9 de l&rsquo;AC LANESTER 56 ce week-end !"},"content":{"rendered":"<div id=\"attachment_6216\" style=\"width: 249px\" class=\"wp-caption alignleft\"><strong><a href=\"http:\/\/www.aclanester56.com\/velo\/wp-content\/uploads\/2011\/01\/Christophe-BALANNEC.jpg\"><img loading=\"lazy\" decoding=\"async\" aria-describedby=\"caption-attachment-6216\" class=\"size-full wp-image-6216\" title=\"Christophe BALANNEC et les autres cyclo-crossmen lanest\u00e9riens seront au d\u00e9part des championnats de France de cyclo-cross \u00e0 Lanarvily ce week-end (photo Julien BERRE)\" src=\"http:\/\/www.aclanester56.com\/velo\/wp-content\/uploads\/2011\/01\/Christophe-BALANNEC.jpg\" alt=\"\" width=\"239\" height=\"360\" srcset=\"https:\/\/www.aclanester56.com\/velo\/wp-content\/uploads\/2011\/01\/Christophe-BALANNEC.jpg 478w, https:\/\/www.aclanester56.com\/velo\/wp-content\/uploads\/2011\/01\/Christophe-BALANNEC-199x300.jpg 199w, https:\/\/www.aclanester56.com\/velo\/wp-content\/uploads\/2011\/01\/Christophe-BALANNEC-398x600.jpg 398w\" sizes=\"auto, (max-width: 239px) 100vw, 239px\" \/><\/a><\/strong><p id=\"caption-attachment-6216\" class=\"wp-caption-text\">Christophe BALANNEC et les autres cyclo-crossmen lanest\u00e9riens seront au d\u00e9part des championnats de France de cyclo-cross \u00e0 Lanarvily ce week-end (photo Julien BERRE)<\/p><\/div>\n<p style=\"text-align: justify;\">Les membres de l&rsquo;AC LANESTER 56 seront sur de nombreux fronts ce week-end ! Les cyclo-crossmen participeront au championnat de France de cyclo-cross \u00e0 Lanarvily (29), les \u00e9lites de l&rsquo;\u00e9quipe DN seront en stage \u00e0 Lanester tandis que les plus jeunes participeront \u00e0 la premi\u00e8re manche des \u00ab\u00a0Samedis D\u00e9couverte de la piste\u00a0\u00bb, organis\u00e9e par l&rsquo;AC LANESTER 56 sur le v\u00e9lodrome G\u00e9rard LE MAGUER \u00e0 Lanester.<\/p>\n<p><br class=\"spacer_\" \/><\/p>\n<p><br class=\"spacer_\" \/><\/p>\n<p><!--more--><\/p>\n<p><br class=\"spacer_\" \/><\/p>\n<p><br class=\"spacer_\" \/><\/p>\n<p><br class=\"spacer_\" \/><\/p>\n<p><br class=\"spacer_\" \/><\/p>\n<p><strong><span style=\"color: #ff6600;\">Un Lanest\u00e9rien en bleu-blanc-rouge \u00e0 Lanarvily ?<\/span><\/strong><\/p>\n<p style=\"text-align: justify;\">Christophe BALANNEC et Aur\u00e9lien DANIEL partiront samedi apr\u00e8s-midi \u00e0 15H pour le championnat de France espoirs de cyclo-cross. Si Aur\u00e9lien, 17\u00e8me du challenge national, va viser un top 20, Christophe BALANNEC devrait \u00eatre tr\u00e8s \u00e0 l&rsquo;aise sur le circuit physique du Finist\u00e8re, s&rsquo;il est remis de sa toux s\u00e8che. N\u00e9anmoins, le grand favori de l&rsquo;\u00e9preuve espoirs reste le professionnel de ROUBAIX-LILLE-METROPOLE licenci\u00e9 \u00e0 l&rsquo;AC LANESTER 56 Matthieu BOULO qui devrait, sauf incident, remporter un deuxi\u00e8me titre cons\u00e9cutif.<\/p>\n<div id=\"attachment_6227\" style=\"width: 410px\" class=\"wp-caption alignright\"><a href=\"http:\/\/www.aclanester56.com\/velo\/wp-content\/uploads\/2011\/01\/DSC_4808-800x531.jpg\" ><img loading=\"lazy\" decoding=\"async\" aria-describedby=\"caption-attachment-6227\" src=\"http:\/\/www.aclanester56.com\/velo\/wp-content\/uploads\/2011\/01\/DSC_4808-800x531.jpg\" alt=\"\" title=\"M\u00eame s&#039;il est tr\u00e8s fier de son beau maillot de champion de Bretagne, on imagine que le Lanest\u00e9rien Flavian LE GUELLEC l&#039;\u00e9changerait sans probl\u00e8me contre une tunique bleu-blanc-rouge ! (photo Sylvie TRETOUT)\" width=\"400\" height=\"265\" class=\"size-large wp-image-6227\" srcset=\"https:\/\/www.aclanester56.com\/velo\/wp-content\/uploads\/2011\/01\/DSC_4808-800x531.jpg 800w, https:\/\/www.aclanester56.com\/velo\/wp-content\/uploads\/2011\/01\/DSC_4808-300x199.jpg 300w, https:\/\/www.aclanester56.com\/velo\/wp-content\/uploads\/2011\/01\/DSC_4808.jpg 1024w\" sizes=\"auto, (max-width: 400px) 100vw, 400px\" \/><\/a><p id=\"caption-attachment-6227\" class=\"wp-caption-text\">M\u00eame s'il est tr\u00e8s fier de son beau maillot de champion de Bretagne, on imagine que le Lanest\u00e9rien Flavian LE GUELLEC l'\u00e9changerait sans probl\u00e8me contre une tunique bleu-blanc-rouge ! (photo Sylvie TRETOUT)<\/p><\/div>\n<p style=\"text-align: justify;\">Les juniors s&rsquo;\u00e9lanceront \u00e0 11H dimanche matin pour 40 minutes de course. Antoine COZ tentera \u00e9galement de rentrer dans le top 20, mais les plus grosses attentes reposeront sur les \u00e9paules de Flavian LE GUELLEC. Champion de Bretagne en titre, le Lanest\u00e9rien avait termin\u00e9 5\u00e8me de la finale du challenge national \u00e0 St Jean de Monts en \u00e9tant loin sur la ligne de d\u00e9part. Avec tout un public qui sera acquis \u00e0 sa cause, Flavian dispose largement des capacit\u00e9s pour monter sur le podium &#8230; voire mieux ?<\/p>\n<p style=\"text-align: justify;\">Le championnat de France \u00e9lites de cyclo-cross permettra \u00e9galement de suivre Florian LE CORRE, qui vient tout juste d&rsquo;\u00e9changer ses couleurs lanest\u00e9riennes avec celles de l&rsquo;\u00e9quipe professionnelle ROUBAIX-LILLE-METROPOLE. Si les deux premi\u00e8res places paraissent inacessibles avec Francis MOUREY et Steve CHAINEL (FDJ.com), Florian, qui a termin\u00e9 cet hiver 5\u00e8me du challenge national, peut titiller le podium dans un grand jour. Cette course \u00e9lites sera retransmise sur France 3 \u00e0 partir de 15H30.<\/p>\n<p><br class=\"spacer_\" \/><\/p>\n<div id=\"attachment_1503\" style=\"width: 410px\" class=\"wp-caption alignleft\"><a href=\"http:\/\/www.aclanester56.com\/velo\/wp-content\/uploads\/2010\/01\/Copie-de-Samedis-d\u00e9couverte-du-23-01.jpg\" ><img loading=\"lazy\" decoding=\"async\" aria-describedby=\"caption-attachment-1503\" src=\"http:\/\/www.aclanester56.com\/velo\/wp-content\/uploads\/2010\/01\/Copie-de-Samedis-d\u00e9couverte-du-23-01.jpg\" alt=\"\" title=\"L&#039;an pass\u00e9, les Samedis D\u00e9couverte de la Piste 2010, disput\u00e9s sur le v\u00e9lodrome G\u00e9rard LE MAGUER \u00e0 Lanester, avaient rencontr\u00e9 un joli succ\u00e8s !\" width=\"400\" height=\"300\" class=\"size-full wp-image-1503\" srcset=\"https:\/\/www.aclanester56.com\/velo\/wp-content\/uploads\/2010\/01\/Copie-de-Samedis-d\u00e9couverte-du-23-01.jpg 800w, https:\/\/www.aclanester56.com\/velo\/wp-content\/uploads\/2010\/01\/Copie-de-Samedis-d\u00e9couverte-du-23-01-300x225.jpg 300w\" sizes=\"auto, (max-width: 400px) 100vw, 400px\" \/><\/a><p id=\"caption-attachment-1503\" class=\"wp-caption-text\">L'an pass\u00e9, les Samedis D\u00e9couverte de la Piste 2010, disput\u00e9s sur le v\u00e9lodrome G\u00e9rard LE MAGUER \u00e0 Lanester, avaient rencontr\u00e9 un joli succ\u00e8s !<\/p><\/div>\n<p><strong><span style=\"color: #ff6600;\">Samedis D\u00e9couverte de la piste<\/span><\/strong><\/p>\n<p style=\"text-align: justify;\">L&rsquo;AC LANESTER 56 reconduit cette ann\u00e9e les \u00ab\u00a0Samedis D\u00e9couverte de la piste\u00a0\u00bb. Ouverts aux filles et gar\u00e7ons n\u00e9s en 1997, 1998, 1999 et 2000 appartenant aux clubs locaux, la premi\u00e8re manche sera organis\u00e9e ce samedi 8 janvier 2011 sur le v\u00e9lodrome G\u00e9rard LE MAGUER \u00e0 Lanester. La prochaine manche aura lieu le samedi 22 janvier, tandis que la finale se d\u00e9roulera le samedi 05 f\u00e9vrier. Les r\u00e9sultats seront \u00e9videmment publi\u00e9s sur notre site internet.<\/p>\n<p style=\"text-align: justify;\">N&rsquo;h\u00e9sitez pas \u00e0 venir faire un tour ce samedi apr\u00e8s-midi du c\u00f4t\u00e9 du v\u00e9lodrome G\u00e9rard LE MAGUER \u00e0 Kervido pour d\u00e9couvrir les champions de demain !<\/p>\n<p><br class=\"spacer_\" \/><\/p>\n<p><br class=\"spacer_\" \/><\/p>\n<p><br class=\"spacer_\" \/><\/p>\n<p><strong><span style=\"color: #ff6600;\">L&rsquo;\u00e9quipe DN en stage<\/span><\/strong><\/p>\n<p style=\"text-align: justify;\">Le pr\u00e9c\u00e9dent stage ayant \u00e9t\u00e9 annul\u00e9 \u00e0 cause des conditions climatiques, il s&rsquo;agira donc du premier rassemblement des coureurs de Rodolphe HENRY qui se r\u00e9uniront pendant deux jours \u00e0 Pen-Man\u00e9, dans le but d&rsquo;aligner les kilom\u00e8tres et de pr\u00e9parer la saison sur route \u00e0 venir.<\/p>\n<p><br class=\"spacer_\" \/><\/p>\n","protected":false},"excerpt":{"rendered":"<p>Les membres de l&rsquo;AC LANESTER 56 seront sur de nombreux fronts ce week-end ! Les cyclo-crossmen participeront au championnat de [&hellip;]<\/p>\n","protected":false},"author":14,"featured_media":5534,"comment_status":"open","ping_status":"closed","sticky":false,"template":"","format":"standard","meta":{"ngg_post_thumbnail":0,"footnotes":""},"categories":[5,14,28],"tags":[],"class_list":["post-6215","post","type-post","status-publish","format-standard","has-post-thumbnail","hentry","category-ac-lanester-56","category-actualites-dn","category-resultats-cyclo-cross"],"yoast_head":"<!-- This site is optimized with the Yoast SEO plugin v27.4 - https:\/\/yoast.com\/product\/yoast-seo-wordpress\/ -->\n<title>Un gros programme du c\u00f4t\u00e9 de l&#039;AC LANESTER 56 ce week-end ! - Avenir Cycliste Lanester 56<\/title>\n<meta name=\"robots\" content=\"index, follow, max-snippet:-1, max-image-preview:large, max-video-preview:-1\" \/>\n<link rel=\"canonical\" href=\"https:\/\/www.aclanester56.com\/velo\/un-gros-programme-du-cote-de-lac-lanester-56-ce-week-end\/\" \/>\n<meta property=\"og:locale\" content=\"fr_FR\" \/>\n<meta property=\"og:type\" content=\"article\" \/>\n<meta property=\"og:title\" content=\"Un gros programme du c\u00f4t\u00e9 de l&#039;AC LANESTER 56 ce week-end ! - Avenir Cycliste Lanester 56\" \/>\n<meta property=\"og:description\" content=\"Les membres de l&rsquo;AC LANESTER 56 seront sur de nombreux fronts ce week-end ! Les cyclo-crossmen participeront au championnat de [&hellip;]\" \/>\n<meta property=\"og:url\" content=\"https:\/\/www.aclanester56.com\/velo\/un-gros-programme-du-cote-de-lac-lanester-56-ce-week-end\/\" \/>\n<meta property=\"og:site_name\" content=\"Avenir Cycliste Lanester 56\" \/>\n<meta property=\"article:publisher\" content=\"https:\/\/www.facebook.com\/pages\/AC-Lanester-56\/190286300991242?fref=ts\" \/>\n<meta property=\"article:published_time\" content=\"2011-01-07T14:08:58+00:00\" \/>\n<meta property=\"article:modified_time\" content=\"2011-01-07T15:15:49+00:00\" \/>\n<meta property=\"og:image\" content=\"https:\/\/www.aclanester56.com\/velo\/wp-content\/uploads\/2010\/12\/Christophe-BALANNEC-800x600.jpg\" \/>\n\t<meta property=\"og:image:width\" content=\"800\" \/>\n\t<meta property=\"og:image:height\" content=\"600\" \/>\n\t<meta property=\"og:image:type\" content=\"image\/jpeg\" \/>\n<meta name=\"author\" content=\"Jean-Christophe\" \/>\n<meta name=\"twitter:label1\" content=\"\u00c9crit par\" \/>\n\t<meta name=\"twitter:data1\" content=\"Jean-Christophe\" \/>\n\t<meta name=\"twitter:label2\" content=\"Dur\u00e9e de lecture estim\u00e9e\" \/>\n\t<meta name=\"twitter:data2\" content=\"3 minutes\" \/>\n<script type=\"application\/ld+json\" class=\"yoast-schema-graph\">{\"@context\":\"https:\\\/\\\/schema.org\",\"@graph\":[{\"@type\":\"Article\",\"@id\":\"https:\\\/\\\/www.aclanester56.com\\\/velo\\\/un-gros-programme-du-cote-de-lac-lanester-56-ce-week-end\\\/#article\",\"isPartOf\":{\"@id\":\"https:\\\/\\\/www.aclanester56.com\\\/velo\\\/un-gros-programme-du-cote-de-lac-lanester-56-ce-week-end\\\/\"},\"author\":{\"name\":\"Jean-Christophe\",\"@id\":\"https:\\\/\\\/www.aclanester56.com\\\/velo\\\/#\\\/schema\\\/person\\\/ca2a44a5fd969e9dd846c72d3b33bc01\"},\"headline\":\"Un gros programme du c\u00f4t\u00e9 de l&rsquo;AC LANESTER 56 ce week-end !\",\"datePublished\":\"2011-01-07T14:08:58+00:00\",\"dateModified\":\"2011-01-07T15:15:49+00:00\",\"mainEntityOfPage\":{\"@id\":\"https:\\\/\\\/www.aclanester56.com\\\/velo\\\/un-gros-programme-du-cote-de-lac-lanester-56-ce-week-end\\\/\"},\"wordCount\":598,\"commentCount\":0,\"publisher\":{\"@id\":\"https:\\\/\\\/www.aclanester56.com\\\/velo\\\/#organization\"},\"image\":{\"@id\":\"https:\\\/\\\/www.aclanester56.com\\\/velo\\\/un-gros-programme-du-cote-de-lac-lanester-56-ce-week-end\\\/#primaryimage\"},\"thumbnailUrl\":\"https:\\\/\\\/www.aclanester56.com\\\/velo\\\/wp-content\\\/uploads\\\/2010\\\/12\\\/Christophe-BALANNEC.jpg\",\"articleSection\":[\"AC LANESTER 56\",\"Actualit\u00e9s DN\",\"R\u00e9sultats Cyclo-Cross\"],\"inLanguage\":\"fr-FR\",\"potentialAction\":[{\"@type\":\"CommentAction\",\"name\":\"Comment\",\"target\":[\"https:\\\/\\\/www.aclanester56.com\\\/velo\\\/un-gros-programme-du-cote-de-lac-lanester-56-ce-week-end\\\/#respond\"]}]},{\"@type\":\"WebPage\",\"@id\":\"https:\\\/\\\/www.aclanester56.com\\\/velo\\\/un-gros-programme-du-cote-de-lac-lanester-56-ce-week-end\\\/\",\"url\":\"https:\\\/\\\/www.aclanester56.com\\\/velo\\\/un-gros-programme-du-cote-de-lac-lanester-56-ce-week-end\\\/\",\"name\":\"Un gros programme du c\u00f4t\u00e9 de l'AC LANESTER 56 ce week-end ! - Avenir Cycliste Lanester 56\",\"isPartOf\":{\"@id\":\"https:\\\/\\\/www.aclanester56.com\\\/velo\\\/#website\"},\"primaryImageOfPage\":{\"@id\":\"https:\\\/\\\/www.aclanester56.com\\\/velo\\\/un-gros-programme-du-cote-de-lac-lanester-56-ce-week-end\\\/#primaryimage\"},\"image\":{\"@id\":\"https:\\\/\\\/www.aclanester56.com\\\/velo\\\/un-gros-programme-du-cote-de-lac-lanester-56-ce-week-end\\\/#primaryimage\"},\"thumbnailUrl\":\"https:\\\/\\\/www.aclanester56.com\\\/velo\\\/wp-content\\\/uploads\\\/2010\\\/12\\\/Christophe-BALANNEC.jpg\",\"datePublished\":\"2011-01-07T14:08:58+00:00\",\"dateModified\":\"2011-01-07T15:15:49+00:00\",\"inLanguage\":\"fr-FR\",\"potentialAction\":[{\"@type\":\"ReadAction\",\"target\":[\"https:\\\/\\\/www.aclanester56.com\\\/velo\\\/un-gros-programme-du-cote-de-lac-lanester-56-ce-week-end\\\/\"]}]},{\"@type\":\"ImageObject\",\"inLanguage\":\"fr-FR\",\"@id\":\"https:\\\/\\\/www.aclanester56.com\\\/velo\\\/un-gros-programme-du-cote-de-lac-lanester-56-ce-week-end\\\/#primaryimage\",\"url\":\"https:\\\/\\\/www.aclanester56.com\\\/velo\\\/wp-content\\\/uploads\\\/2010\\\/12\\\/Christophe-BALANNEC.jpg\",\"contentUrl\":\"https:\\\/\\\/www.aclanester56.com\\\/velo\\\/wp-content\\\/uploads\\\/2010\\\/12\\\/Christophe-BALANNEC.jpg\",\"width\":3264,\"height\":2448,\"caption\":\"Christophe BALANNEC monte sur la deuxi\u00e8me marche du podium du championnat de Bretagne espoirs\"},{\"@type\":\"WebSite\",\"@id\":\"https:\\\/\\\/www.aclanester56.com\\\/velo\\\/#website\",\"url\":\"https:\\\/\\\/www.aclanester56.com\\\/velo\\\/\",\"name\":\"Avenir Cycliste Lanester 56\",\"description\":\"Club cycliste de l&#039;AC LANESTER 56\",\"publisher\":{\"@id\":\"https:\\\/\\\/www.aclanester56.com\\\/velo\\\/#organization\"},\"potentialAction\":[{\"@type\":\"SearchAction\",\"target\":{\"@type\":\"EntryPoint\",\"urlTemplate\":\"https:\\\/\\\/www.aclanester56.com\\\/velo\\\/?s={search_term_string}\"},\"query-input\":{\"@type\":\"PropertyValueSpecification\",\"valueRequired\":true,\"valueName\":\"search_term_string\"}}],\"inLanguage\":\"fr-FR\"},{\"@type\":\"Organization\",\"@id\":\"https:\\\/\\\/www.aclanester56.com\\\/velo\\\/#organization\",\"name\":\"Avenir Cycliste Lanester 56\",\"url\":\"https:\\\/\\\/www.aclanester56.com\\\/velo\\\/\",\"logo\":{\"@type\":\"ImageObject\",\"inLanguage\":\"fr-FR\",\"@id\":\"https:\\\/\\\/www.aclanester56.com\\\/velo\\\/#\\\/schema\\\/logo\\\/image\\\/\",\"url\":\"https:\\\/\\\/www.aclanester56.com\\\/velo\\\/wp-content\\\/uploads\\\/2013\\\/04\\\/logo-ACL.jpg\",\"contentUrl\":\"https:\\\/\\\/www.aclanester56.com\\\/velo\\\/wp-content\\\/uploads\\\/2013\\\/04\\\/logo-ACL.jpg\",\"width\":400,\"height\":334,\"caption\":\"Avenir Cycliste Lanester 56\"},\"image\":{\"@id\":\"https:\\\/\\\/www.aclanester56.com\\\/velo\\\/#\\\/schema\\\/logo\\\/image\\\/\"},\"sameAs\":[\"https:\\\/\\\/www.facebook.com\\\/pages\\\/AC-Lanester-56\\\/190286300991242?fref=ts\"]},{\"@type\":\"Person\",\"@id\":\"https:\\\/\\\/www.aclanester56.com\\\/velo\\\/#\\\/schema\\\/person\\\/ca2a44a5fd969e9dd846c72d3b33bc01\",\"name\":\"Jean-Christophe\",\"url\":\"https:\\\/\\\/www.aclanester56.com\\\/velo\\\/author\\\/jeanchristophe\\\/\"}]}<\/script>\n<!-- \/ Yoast SEO plugin. -->","yoast_head_json":{"title":"Un gros programme du c\u00f4t\u00e9 de l'AC LANESTER 56 ce week-end ! - Avenir Cycliste Lanester 56","robots":{"index":"index","follow":"follow","max-snippet":"max-snippet:-1","max-image-preview":"max-image-preview:large","max-video-preview":"max-video-preview:-1"},"canonical":"https:\/\/www.aclanester56.com\/velo\/un-gros-programme-du-cote-de-lac-lanester-56-ce-week-end\/","og_locale":"fr_FR","og_type":"article","og_title":"Un gros programme du c\u00f4t\u00e9 de l'AC LANESTER 56 ce week-end ! - Avenir Cycliste Lanester 56","og_description":"Les membres de l&rsquo;AC LANESTER 56 seront sur de nombreux fronts ce week-end ! Les cyclo-crossmen participeront au championnat de [&hellip;]","og_url":"https:\/\/www.aclanester56.com\/velo\/un-gros-programme-du-cote-de-lac-lanester-56-ce-week-end\/","og_site_name":"Avenir Cycliste Lanester 56","article_publisher":"https:\/\/www.facebook.com\/pages\/AC-Lanester-56\/190286300991242?fref=ts","article_published_time":"2011-01-07T14:08:58+00:00","article_modified_time":"2011-01-07T15:15:49+00:00","og_image":[{"width":800,"height":600,"url":"https:\/\/www.aclanester56.com\/velo\/wp-content\/uploads\/2010\/12\/Christophe-BALANNEC-800x600.jpg","type":"image\/jpeg"}],"author":"Jean-Christophe","twitter_misc":{"\u00c9crit par":"Jean-Christophe","Dur\u00e9e de lecture estim\u00e9e":"3 minutes"},"schema":{"@context":"https:\/\/schema.org","@graph":[{"@type":"Article","@id":"https:\/\/www.aclanester56.com\/velo\/un-gros-programme-du-cote-de-lac-lanester-56-ce-week-end\/#article","isPartOf":{"@id":"https:\/\/www.aclanester56.com\/velo\/un-gros-programme-du-cote-de-lac-lanester-56-ce-week-end\/"},"author":{"name":"Jean-Christophe","@id":"https:\/\/www.aclanester56.com\/velo\/#\/schema\/person\/ca2a44a5fd969e9dd846c72d3b33bc01"},"headline":"Un gros programme du c\u00f4t\u00e9 de l&rsquo;AC LANESTER 56 ce week-end !","datePublished":"2011-01-07T14:08:58+00:00","dateModified":"2011-01-07T15:15:49+00:00","mainEntityOfPage":{"@id":"https:\/\/www.aclanester56.com\/velo\/un-gros-programme-du-cote-de-lac-lanester-56-ce-week-end\/"},"wordCount":598,"commentCount":0,"publisher":{"@id":"https:\/\/www.aclanester56.com\/velo\/#organization"},"image":{"@id":"https:\/\/www.aclanester56.com\/velo\/un-gros-programme-du-cote-de-lac-lanester-56-ce-week-end\/#primaryimage"},"thumbnailUrl":"https:\/\/www.aclanester56.com\/velo\/wp-content\/uploads\/2010\/12\/Christophe-BALANNEC.jpg","articleSection":["AC LANESTER 56","Actualit\u00e9s DN","R\u00e9sultats Cyclo-Cross"],"inLanguage":"fr-FR","potentialAction":[{"@type":"CommentAction","name":"Comment","target":["https:\/\/www.aclanester56.com\/velo\/un-gros-programme-du-cote-de-lac-lanester-56-ce-week-end\/#respond"]}]},{"@type":"WebPage","@id":"https:\/\/www.aclanester56.com\/velo\/un-gros-programme-du-cote-de-lac-lanester-56-ce-week-end\/","url":"https:\/\/www.aclanester56.com\/velo\/un-gros-programme-du-cote-de-lac-lanester-56-ce-week-end\/","name":"Un gros programme du c\u00f4t\u00e9 de l'AC LANESTER 56 ce week-end ! - Avenir Cycliste Lanester 56","isPartOf":{"@id":"https:\/\/www.aclanester56.com\/velo\/#website"},"primaryImageOfPage":{"@id":"https:\/\/www.aclanester56.com\/velo\/un-gros-programme-du-cote-de-lac-lanester-56-ce-week-end\/#primaryimage"},"image":{"@id":"https:\/\/www.aclanester56.com\/velo\/un-gros-programme-du-cote-de-lac-lanester-56-ce-week-end\/#primaryimage"},"thumbnailUrl":"https:\/\/www.aclanester56.com\/velo\/wp-content\/uploads\/2010\/12\/Christophe-BALANNEC.jpg","datePublished":"2011-01-07T14:08:58+00:00","dateModified":"2011-01-07T15:15:49+00:00","inLanguage":"fr-FR","potentialAction":[{"@type":"ReadAction","target":["https:\/\/www.aclanester56.com\/velo\/un-gros-programme-du-cote-de-lac-lanester-56-ce-week-end\/"]}]},{"@type":"ImageObject","inLanguage":"fr-FR","@id":"https:\/\/www.aclanester56.com\/velo\/un-gros-programme-du-cote-de-lac-lanester-56-ce-week-end\/#primaryimage","url":"https:\/\/www.aclanester56.com\/velo\/wp-content\/uploads\/2010\/12\/Christophe-BALANNEC.jpg","contentUrl":"https:\/\/www.aclanester56.com\/velo\/wp-content\/uploads\/2010\/12\/Christophe-BALANNEC.jpg","width":3264,"height":2448,"caption":"Christophe BALANNEC monte sur la deuxi\u00e8me marche du podium du championnat de Bretagne espoirs"},{"@type":"WebSite","@id":"https:\/\/www.aclanester56.com\/velo\/#website","url":"https:\/\/www.aclanester56.com\/velo\/","name":"Avenir Cycliste Lanester 56","description":"Club cycliste de l&#039;AC LANESTER 56","publisher":{"@id":"https:\/\/www.aclanester56.com\/velo\/#organization"},"potentialAction":[{"@type":"SearchAction","target":{"@type":"EntryPoint","urlTemplate":"https:\/\/www.aclanester56.com\/velo\/?s={search_term_string}"},"query-input":{"@type":"PropertyValueSpecification","valueRequired":true,"valueName":"search_term_string"}}],"inLanguage":"fr-FR"},{"@type":"Organization","@id":"https:\/\/www.aclanester56.com\/velo\/#organization","name":"Avenir Cycliste Lanester 56","url":"https:\/\/www.aclanester56.com\/velo\/","logo":{"@type":"ImageObject","inLanguage":"fr-FR","@id":"https:\/\/www.aclanester56.com\/velo\/#\/schema\/logo\/image\/","url":"https:\/\/www.aclanester56.com\/velo\/wp-content\/uploads\/2013\/04\/logo-ACL.jpg","contentUrl":"https:\/\/www.aclanester56.com\/velo\/wp-content\/uploads\/2013\/04\/logo-ACL.jpg","width":400,"height":334,"caption":"Avenir Cycliste Lanester 56"},"image":{"@id":"https:\/\/www.aclanester56.com\/velo\/#\/schema\/logo\/image\/"},"sameAs":["https:\/\/www.facebook.com\/pages\/AC-Lanester-56\/190286300991242?fref=ts"]},{"@type":"Person","@id":"https:\/\/www.aclanester56.com\/velo\/#\/schema\/person\/ca2a44a5fd969e9dd846c72d3b33bc01","name":"Jean-Christophe","url":"https:\/\/www.aclanester56.com\/velo\/author\/jeanchristophe\/"}]}},"_links":{"self":[{"href":"https:\/\/www.aclanester56.com\/velo\/wp-json\/wp\/v2\/posts\/6215","targetHints":{"allow":["GET"]}}],"collection":[{"href":"https:\/\/www.aclanester56.com\/velo\/wp-json\/wp\/v2\/posts"}],"about":[{"href":"https:\/\/www.aclanester56.com\/velo\/wp-json\/wp\/v2\/types\/post"}],"author":[{"embeddable":true,"href":"https:\/\/www.aclanester56.com\/velo\/wp-json\/wp\/v2\/users\/14"}],"replies":[{"embeddable":true,"href":"https:\/\/www.aclanester56.com\/velo\/wp-json\/wp\/v2\/comments?post=6215"}],"version-history":[{"count":0,"href":"https:\/\/www.aclanester56.com\/velo\/wp-json\/wp\/v2\/posts\/6215\/revisions"}],"wp:featuredmedia":[{"embeddable":true,"href":"https:\/\/www.aclanester56.com\/velo\/wp-json\/wp\/v2\/media\/5534"}],"wp:attachment":[{"href":"https:\/\/www.aclanester56.com\/velo\/wp-json\/wp\/v2\/media?parent=6215"}],"wp:term":[{"taxonomy":"category","embeddable":true,"href":"https:\/\/www.aclanester56.com\/velo\/wp-json\/wp\/v2\/categories?post=6215"},{"taxonomy":"post_tag","embeddable":true,"href":"https:\/\/www.aclanester56.com\/velo\/wp-json\/wp\/v2\/tags?post=6215"}],"curies":[{"name":"wp","href":"https:\/\/api.w.org\/{rel}","templated":true}]}}