{"id":6256,"date":"2011-01-10T11:54:22","date_gmt":"2011-01-10T10:54:22","guid":{"rendered":"http:\/\/www.aclanester56.com\/velo\/?p=6256"},"modified":"2011-01-10T13:37:51","modified_gmt":"2011-01-10T12:37:51","slug":"championnat-france-juniors-2011-de-cyclo-cross-matthieu-boulo-en-bleu-blanc-rouge","status":"publish","type":"post","link":"https:\/\/www.aclanester56.com\/velo\/championnat-france-juniors-2011-de-cyclo-cross-matthieu-boulo-en-bleu-blanc-rouge\/","title":{"rendered":"Championnat France Espoirs 2011 de cyclo-cross : Matthieu BOULO en bleu-blanc-rouge !"},"content":{"rendered":"<div id=\"attachment_6257\" style=\"width: 310px\" class=\"wp-caption alignleft\"><a href=\"http:\/\/www.aclanester56.com\/velo\/wp-content\/uploads\/2011\/01\/podium-espoir.jpg\"><img loading=\"lazy\" decoding=\"async\" aria-describedby=\"caption-attachment-6257\" class=\"size-full wp-image-6257\" title=\"Matthieu BOULO remporte le championnat de France espoir de cyclo-cross pour la deuxi\u00e8me ann\u00e9e cons\u00e9cutive (photo www.bretagne-cyclisme.com)\" src=\"http:\/\/www.aclanester56.com\/velo\/wp-content\/uploads\/2011\/01\/podium-espoir.jpg\" alt=\"\" width=\"300\" height=\"226\" srcset=\"https:\/\/www.aclanester56.com\/velo\/wp-content\/uploads\/2011\/01\/podium-espoir.jpg 600w, https:\/\/www.aclanester56.com\/velo\/wp-content\/uploads\/2011\/01\/podium-espoir-300x226.jpg 300w\" sizes=\"auto, (max-width: 300px) 100vw, 300px\" \/><\/a><p id=\"caption-attachment-6257\" class=\"wp-caption-text\">Matthieu BOULO, bien connu \u00e0 l'AC LANESTER 56, remporte le championnat de France espoir de cyclo-cross pour la deuxi\u00e8me ann\u00e9e cons\u00e9cutive (photo www.bretagne-cyclisme.com)<\/p><\/div>\n<div id=\"_mcePaste\" style=\"text-align: justify;\">Matthieu BOULO, professionnel dans l&rsquo;\u00e9quipe ROUBAIX-LILLE-METROPOLE mais toujours licenci\u00e9 \u00e0 l&rsquo;AC LANESTER 56 dont il portait encore les couleurs dans l&rsquo;\u00e9quipe DN1 Espoirs en 2009, a remport\u00e9 le championnat de France Espoirs de cyclo-cross ce samedi \u00e0 Lanarvily (29) en dominant l&rsquo;\u00e9preuve de la t\u00eate et des \u00e9paules.<\/div>\n<p><br class=\"spacer_\" \/><\/p>\n<div><!--more--><\/div>\n<p><br class=\"spacer_\" \/><\/p>\n<div><span style=\"color: #ff6600;\"><strong>BOULO \u00e9crase la concurrence<\/strong><\/span><\/div>\n<div id=\"_mcePaste\" style=\"text-align: justify;\">A Lanarvily, il \u00e9tait le grandissime favori et il n&rsquo;a pas trembl\u00e9. Matthieu BOULO est devenu, pour la deuxi\u00e8me ann\u00e9e cons\u00e9cutive, champion de France espoir de cyclo-cross. Prenant ses responsabilit\u00e9s, il attaque d&rsquo;entr\u00e9e de jeu. Il distance r\u00e9guli\u00e8rement ses adversaires pour savourer ce nouveau titre national devant le public breton. Il devance le Picard Camille THOMINET et le Lig\u00e9rien Freddie GUILLOUX. F\u00e9licitations Matthieu !<\/div>\n<p><br class=\"spacer_\" \/><\/p>\n<div id=\"attachment_6263\" style=\"width: 302px\" class=\"wp-caption alignright\"><a href=\"http:\/\/www.aclanester56.com\/velo\/wp-content\/uploads\/2011\/01\/Christophe-BALANNEC1.jpg\"><img loading=\"lazy\" decoding=\"async\" aria-describedby=\"caption-attachment-6263\" class=\"size-full wp-image-6263\" title=\"Apr\u00e8s une bonne entame de course, le Lanest\u00e9rien Christophe BALANNEC termine finalement 29\u00e8me (photo www.bretagne-cyclisme.com)\" src=\"http:\/\/www.aclanester56.com\/velo\/wp-content\/uploads\/2011\/01\/Christophe-BALANNEC1.jpg\" alt=\"\" width=\"292\" height=\"300\" srcset=\"https:\/\/www.aclanester56.com\/velo\/wp-content\/uploads\/2011\/01\/Christophe-BALANNEC1.jpg 584w, https:\/\/www.aclanester56.com\/velo\/wp-content\/uploads\/2011\/01\/Christophe-BALANNEC1-292x300.jpg 292w\" sizes=\"auto, (max-width: 292px) 100vw, 292px\" \/><\/a><p id=\"caption-attachment-6263\" class=\"wp-caption-text\">Apr\u00e8s une bonne entame de course, le Lanest\u00e9rien Christophe BALANNEC termine finalement 29\u00e8me (photo www.bretagne-cyclisme.com)<\/p><\/div>\n<div><strong><span style=\"color: #ff6600;\">BALANNEC et DANIEL pas \u00e0 leur meilleur niveau<\/span><\/strong><\/div>\n<div id=\"_mcePaste\" style=\"text-align: justify;\">Derri\u00e8re l&rsquo;inaccessible Matthieu BOULO, on a longtemps vu le Lanest\u00e9rien Christophe BALANNEC non loin des meilleurs, \u00e0 la lutte pour la 12\u00e8me place. Ressentant certainement les effets d&rsquo;une bronchite en d\u00e9but de semaine qui lui a occasionn\u00e9 quatre jours sans v\u00e9lo, Christophe c\u00e8de dans les vingt derni\u00e8res minute de course et il termine finalement 29\u00e8me \u00e0 l&rsquo;arriv\u00e9e, avec un d\u00e9bours de presque six minutes sur BOULO. Brillant sur les diff\u00e9rentes manches du challenge national, Aur\u00e9lien DANIEL r\u00e9alise une contre-performance \u00e0 Lanarvily en terminant 38\u00e8me, bien loin de ses capacit\u00e9s r\u00e9elles.<\/div>\n<p><br class=\"spacer_\" \/><\/p>\n<div><strong><span style=\"text-decoration: underline;\">Classement :<\/span><\/strong><\/div>\n<div id=\"_mcePaste\"><span style=\"background-color: #ff6600;\">1 BOULO Matthieu ROUBAIX LILLE METROPOLE 51&rsquo;05\u00a0\u00bb<\/span><\/div>\n<div id=\"_mcePaste\">2 THOMINET Camille PICARDIE CC VILLENEUVE ST GERMAIN 2&rsquo;35\u00a0\u00bb 01&rsquo;30\u00a0\u00bb<\/div>\n<div id=\"_mcePaste\">3 GUILLOUX Freddie PAYS DE LA LOIRE UC CHOLET 49 53&rsquo;07\u00a0\u00bb 02&rsquo;02\u00a0\u00bb<\/div>\n<div id=\"_mcePaste\">4 VIMPERE Theo ILE DE FRANCE CM AUBERVILLIERS 93 53&rsquo;20\u00a0\u00bb 02&rsquo;15\u00a0\u00bb<\/div>\n<div id=\"_mcePaste\">5 FILLAUT Miguel BRETAGNE ASPTT RENNES CYCLISME 53&rsquo;23\u00a0\u00bb 02&rsquo;18\u00a0\u00bb<\/div>\n<div id=\"_mcePaste\">6 GRIMAL J\u00e9r\u00e9my RHONE ALPES CHARVIEU CHAVAGNEUX I.C. 53&rsquo;23\u00a0\u00bb &lsquo; &lsquo;<\/div>\n<div id=\"_mcePaste\">7 GRAS Irwin FRANCHE COMTE CC ETUPES 53&rsquo;39\u00a0\u00bb 02&rsquo;34\u00a0\u00bb<\/div>\n<div id=\"attachment_6265\" style=\"width: 280px\" class=\"wp-caption alignright\"><a href=\"http:\/\/www.aclanester56.com\/velo\/wp-content\/uploads\/2011\/01\/Aur\u00e9lien-DANIEL.jpg\"><img loading=\"lazy\" decoding=\"async\" aria-describedby=\"caption-attachment-6265\" class=\"size-full wp-image-6265\" title=\"Aur\u00e9lien DANIEL n'\u00e9tait pas dans un grand jour \u00e0 Lanarvily (photo www.bretagne-cyclisme.com)\" src=\"http:\/\/www.aclanester56.com\/velo\/wp-content\/uploads\/2011\/01\/Aur\u00e9lien-DANIEL.jpg\" alt=\"\" width=\"270\" height=\"300\" \/><\/a><p id=\"caption-attachment-6265\" class=\"wp-caption-text\">Aur\u00e9lien DANIEL n&#39;\u00e9tait pas dans un grand jour \u00e0 Lanarvily (photo www.bretagne-cyclisme.com)<\/p><\/div>\n<div id=\"_mcePaste\">8 TURGIS Jimmy PICARDIE CC NOGENT 53&rsquo;46\u00a0\u00bb 02&rsquo;41\u00a0\u00bb<\/div>\n<div id=\"_mcePaste\">9 BRIARD Etienne PAYS DE LA LOIRE UC NANTES ATLANTIQUE 54&rsquo;05\u00a0\u00bb 03&rsquo;00\u00a0\u00bb<\/div>\n<div id=\"_mcePaste\">10 REGOST Elie NORD PAS DE CALAIS AC BOURTHES 54&rsquo;26\u00a0\u00bb 03&rsquo;21\u00a0\u00bb<\/div>\n<div id=\"_mcePaste\">11 PAILLOT Yoann POITOU CHARENTES C.O.COURONNAIS 54&rsquo;28\u00a0\u00bb 03&rsquo;23\u00a0\u00bb<\/div>\n<div id=\"_mcePaste\">12 CESSOT Jonathan BOURGOGNE SCO DIJON 54&rsquo;31\u00a0\u00bb 03&rsquo;26\u00a0\u00bb<\/div>\n<div id=\"_mcePaste\">13 FALENTA Alois RHONE ALPES U.C. GESSIENNE 54&rsquo;36\u00a0\u00bb 03&rsquo;31\u00a0\u00bb<\/div>\n<div id=\"_mcePaste\">14 THELY David LIMOUSIN CRCL 55&rsquo;05\u00a0\u00bb 04&rsquo;00\u00a0\u00bb<\/div>\n<div id=\"_mcePaste\">15 GARSON Pierre BRETAGNE SOJASUN ESPOIR ACNC 55&rsquo;13\u00a0\u00bb 04&rsquo;08\u00a0\u00bb<\/div>\n<div id=\"_mcePaste\">16 HERMAN Paul NORD PAS DE CALAIS CL BARLIN 55&rsquo;20\u00a0\u00bb 04&rsquo;15\u00a0\u00bb<\/div>\n<div id=\"_mcePaste\">17 DUCULTY Bastien RHONE ALPES CHARVIEU CHAVAGNEUX I.C. 55&rsquo;30\u00a0\u00bb 04&rsquo;25\u00a0\u00bb<\/div>\n<div id=\"_mcePaste\">18 RULLIERE Melvin RHONE ALPES CHARVIEU CHAVAGNEUX I.C. 55&rsquo;30\u00a0\u00bb &lsquo; &lsquo;<\/div>\n<div id=\"_mcePaste\">19 LEVASSEUR Julian NORMANDIE VC TROUVILLE DEAUVILLE 55&rsquo;43\u00a0\u00bb 04&rsquo;38\u00a0\u00bb<\/div>\n<div id=\"_mcePaste\">20 KOWALSKI Rudy NORD PAS DE CALAIS CC CAMBRESIEN 56&rsquo;08\u00a0\u00bb 05&rsquo;03\u00a0\u00bb<\/div>\n<div id=\"_mcePaste\">21 GOASGUEN Erwan BRETAGNE EC LANDERNEAU 56&rsquo;12\u00a0\u00bb 05&rsquo;07\u00a0\u00bb<\/div>\n<div id=\"_mcePaste\"><span style=\"background-color: #ff6600;\">29 BALANNEC Christophe BRETAGNE AC LANESTER 56 \u00a057&rsquo;02\u00a0\u00bb 05&rsquo;57\u00a0\u00bb<\/span><\/div>\n<div id=\"_mcePaste\">30 LE QUEAU Glenn BRETAGNE LEUCEMIE ESPOIR QUIMPER 57&rsquo;07\u00a0\u00bb 06&rsquo;02\u00a0\u00bb<\/div>\n<div id=\"_mcePaste\">35 PIRIOU J\u00e9r\u00e9mie BRETAGNE CC CONCARNEAU 57&rsquo;51\u00a0\u00bb 06&rsquo;46\u00a0\u00bb<\/div>\n<div id=\"_mcePaste\"><span style=\"background-color: #ff6600;\">38 DANIEL Aur\u00e9lien BRETAGNE AC LANESTER 56 \u00a058&rsquo;34\u00a0\u00bb 07&rsquo;29\u00a0\u00bb<\/span><\/div>\n<p><br class=\"spacer_\" \/><\/p>\n","protected":false},"excerpt":{"rendered":"<p>Matthieu BOULO, professionnel dans l&rsquo;\u00e9quipe ROUBAIX-LILLE-METROPOLE mais toujours licenci\u00e9 \u00e0 l&rsquo;AC LANESTER 56 dont il portait encore les couleurs dans [&hellip;]<\/p>\n","protected":false},"author":14,"featured_media":6257,"comment_status":"open","ping_status":"closed","sticky":false,"template":"","format":"standard","meta":{"ngg_post_thumbnail":0,"footnotes":""},"categories":[5,28],"tags":[],"class_list":["post-6256","post","type-post","status-publish","format-standard","has-post-thumbnail","hentry","category-ac-lanester-56","category-resultats-cyclo-cross"],"yoast_head":"<!-- This site is optimized with the Yoast SEO plugin v27.5 - https:\/\/yoast.com\/product\/yoast-seo-wordpress\/ -->\n<title>Championnat France Espoirs 2011 de cyclo-cross : Matthieu BOULO en bleu-blanc-rouge !  - Avenir Cycliste Lanester 56<\/title>\n<meta name=\"robots\" content=\"index, follow, max-snippet:-1, max-image-preview:large, max-video-preview:-1\" \/>\n<link rel=\"canonical\" href=\"https:\/\/www.aclanester56.com\/velo\/championnat-france-juniors-2011-de-cyclo-cross-matthieu-boulo-en-bleu-blanc-rouge\/\" \/>\n<meta property=\"og:locale\" content=\"fr_FR\" \/>\n<meta property=\"og:type\" content=\"article\" \/>\n<meta property=\"og:title\" content=\"Championnat France Espoirs 2011 de cyclo-cross : Matthieu BOULO en bleu-blanc-rouge !  - Avenir Cycliste Lanester 56\" \/>\n<meta property=\"og:description\" content=\"Matthieu BOULO, professionnel dans l&rsquo;\u00e9quipe ROUBAIX-LILLE-METROPOLE mais toujours licenci\u00e9 \u00e0 l&rsquo;AC LANESTER 56 dont il portait encore les couleurs dans [&hellip;]\" \/>\n<meta property=\"og:url\" content=\"https:\/\/www.aclanester56.com\/velo\/championnat-france-juniors-2011-de-cyclo-cross-matthieu-boulo-en-bleu-blanc-rouge\/\" \/>\n<meta property=\"og:site_name\" content=\"Avenir Cycliste Lanester 56\" \/>\n<meta property=\"article:publisher\" content=\"https:\/\/www.facebook.com\/pages\/AC-Lanester-56\/190286300991242?fref=ts\" \/>\n<meta property=\"article:published_time\" content=\"2011-01-10T10:54:22+00:00\" \/>\n<meta property=\"article:modified_time\" content=\"2011-01-10T12:37:51+00:00\" \/>\n<meta property=\"og:image\" content=\"https:\/\/www.aclanester56.com\/velo\/wp-content\/uploads\/2011\/01\/podium-espoir.jpg\" \/>\n\t<meta property=\"og:image:width\" content=\"600\" \/>\n\t<meta property=\"og:image:height\" content=\"452\" \/>\n\t<meta property=\"og:image:type\" content=\"image\/jpeg\" \/>\n<meta name=\"author\" content=\"Jean-Christophe\" \/>\n<meta name=\"twitter:label1\" content=\"\u00c9crit par\" \/>\n\t<meta name=\"twitter:data1\" content=\"Jean-Christophe\" \/>\n\t<meta name=\"twitter:label2\" content=\"Dur\u00e9e de lecture estim\u00e9e\" \/>\n\t<meta name=\"twitter:data2\" content=\"3 minutes\" \/>\n<script type=\"application\/ld+json\" class=\"yoast-schema-graph\">{\"@context\":\"https:\\\/\\\/schema.org\",\"@graph\":[{\"@type\":\"Article\",\"@id\":\"https:\\\/\\\/www.aclanester56.com\\\/velo\\\/championnat-france-juniors-2011-de-cyclo-cross-matthieu-boulo-en-bleu-blanc-rouge\\\/#article\",\"isPartOf\":{\"@id\":\"https:\\\/\\\/www.aclanester56.com\\\/velo\\\/championnat-france-juniors-2011-de-cyclo-cross-matthieu-boulo-en-bleu-blanc-rouge\\\/\"},\"author\":{\"name\":\"Jean-Christophe\",\"@id\":\"https:\\\/\\\/www.aclanester56.com\\\/velo\\\/#\\\/schema\\\/person\\\/ca2a44a5fd969e9dd846c72d3b33bc01\"},\"headline\":\"Championnat France Espoirs 2011 de cyclo-cross : Matthieu BOULO en bleu-blanc-rouge !\",\"datePublished\":\"2011-01-10T10:54:22+00:00\",\"dateModified\":\"2011-01-10T12:37:51+00:00\",\"mainEntityOfPage\":{\"@id\":\"https:\\\/\\\/www.aclanester56.com\\\/velo\\\/championnat-france-juniors-2011-de-cyclo-cross-matthieu-boulo-en-bleu-blanc-rouge\\\/\"},\"wordCount\":543,\"commentCount\":0,\"publisher\":{\"@id\":\"https:\\\/\\\/www.aclanester56.com\\\/velo\\\/#organization\"},\"image\":{\"@id\":\"https:\\\/\\\/www.aclanester56.com\\\/velo\\\/championnat-france-juniors-2011-de-cyclo-cross-matthieu-boulo-en-bleu-blanc-rouge\\\/#primaryimage\"},\"thumbnailUrl\":\"https:\\\/\\\/www.aclanester56.com\\\/velo\\\/wp-content\\\/uploads\\\/2011\\\/01\\\/podium-espoir.jpg\",\"articleSection\":[\"AC LANESTER 56\",\"R\u00e9sultats Cyclo-Cross\"],\"inLanguage\":\"fr-FR\",\"potentialAction\":[{\"@type\":\"CommentAction\",\"name\":\"Comment\",\"target\":[\"https:\\\/\\\/www.aclanester56.com\\\/velo\\\/championnat-france-juniors-2011-de-cyclo-cross-matthieu-boulo-en-bleu-blanc-rouge\\\/#respond\"]}]},{\"@type\":\"WebPage\",\"@id\":\"https:\\\/\\\/www.aclanester56.com\\\/velo\\\/championnat-france-juniors-2011-de-cyclo-cross-matthieu-boulo-en-bleu-blanc-rouge\\\/\",\"url\":\"https:\\\/\\\/www.aclanester56.com\\\/velo\\\/championnat-france-juniors-2011-de-cyclo-cross-matthieu-boulo-en-bleu-blanc-rouge\\\/\",\"name\":\"Championnat France Espoirs 2011 de cyclo-cross : Matthieu BOULO en bleu-blanc-rouge ! - Avenir Cycliste Lanester 56\",\"isPartOf\":{\"@id\":\"https:\\\/\\\/www.aclanester56.com\\\/velo\\\/#website\"},\"primaryImageOfPage\":{\"@id\":\"https:\\\/\\\/www.aclanester56.com\\\/velo\\\/championnat-france-juniors-2011-de-cyclo-cross-matthieu-boulo-en-bleu-blanc-rouge\\\/#primaryimage\"},\"image\":{\"@id\":\"https:\\\/\\\/www.aclanester56.com\\\/velo\\\/championnat-france-juniors-2011-de-cyclo-cross-matthieu-boulo-en-bleu-blanc-rouge\\\/#primaryimage\"},\"thumbnailUrl\":\"https:\\\/\\\/www.aclanester56.com\\\/velo\\\/wp-content\\\/uploads\\\/2011\\\/01\\\/podium-espoir.jpg\",\"datePublished\":\"2011-01-10T10:54:22+00:00\",\"dateModified\":\"2011-01-10T12:37:51+00:00\",\"inLanguage\":\"fr-FR\",\"potentialAction\":[{\"@type\":\"ReadAction\",\"target\":[\"https:\\\/\\\/www.aclanester56.com\\\/velo\\\/championnat-france-juniors-2011-de-cyclo-cross-matthieu-boulo-en-bleu-blanc-rouge\\\/\"]}]},{\"@type\":\"ImageObject\",\"inLanguage\":\"fr-FR\",\"@id\":\"https:\\\/\\\/www.aclanester56.com\\\/velo\\\/championnat-france-juniors-2011-de-cyclo-cross-matthieu-boulo-en-bleu-blanc-rouge\\\/#primaryimage\",\"url\":\"https:\\\/\\\/www.aclanester56.com\\\/velo\\\/wp-content\\\/uploads\\\/2011\\\/01\\\/podium-espoir.jpg\",\"contentUrl\":\"https:\\\/\\\/www.aclanester56.com\\\/velo\\\/wp-content\\\/uploads\\\/2011\\\/01\\\/podium-espoir.jpg\",\"width\":600,\"height\":452,\"caption\":\"Matthieu BOULO remporte le championnat de France espoir de cyclo-cross pour la deuxi\u00e8me ann\u00e9e cons\u00e9cutive (photo www.bretagne-cyclisme.com)\"},{\"@type\":\"WebSite\",\"@id\":\"https:\\\/\\\/www.aclanester56.com\\\/velo\\\/#website\",\"url\":\"https:\\\/\\\/www.aclanester56.com\\\/velo\\\/\",\"name\":\"Avenir Cycliste Lanester 56\",\"description\":\"Club cycliste de l&#039;AC LANESTER 56\",\"publisher\":{\"@id\":\"https:\\\/\\\/www.aclanester56.com\\\/velo\\\/#organization\"},\"potentialAction\":[{\"@type\":\"SearchAction\",\"target\":{\"@type\":\"EntryPoint\",\"urlTemplate\":\"https:\\\/\\\/www.aclanester56.com\\\/velo\\\/?s={search_term_string}\"},\"query-input\":{\"@type\":\"PropertyValueSpecification\",\"valueRequired\":true,\"valueName\":\"search_term_string\"}}],\"inLanguage\":\"fr-FR\"},{\"@type\":\"Organization\",\"@id\":\"https:\\\/\\\/www.aclanester56.com\\\/velo\\\/#organization\",\"name\":\"Avenir Cycliste Lanester 56\",\"url\":\"https:\\\/\\\/www.aclanester56.com\\\/velo\\\/\",\"logo\":{\"@type\":\"ImageObject\",\"inLanguage\":\"fr-FR\",\"@id\":\"https:\\\/\\\/www.aclanester56.com\\\/velo\\\/#\\\/schema\\\/logo\\\/image\\\/\",\"url\":\"https:\\\/\\\/www.aclanester56.com\\\/velo\\\/wp-content\\\/uploads\\\/2013\\\/04\\\/logo-ACL.jpg\",\"contentUrl\":\"https:\\\/\\\/www.aclanester56.com\\\/velo\\\/wp-content\\\/uploads\\\/2013\\\/04\\\/logo-ACL.jpg\",\"width\":400,\"height\":334,\"caption\":\"Avenir Cycliste Lanester 56\"},\"image\":{\"@id\":\"https:\\\/\\\/www.aclanester56.com\\\/velo\\\/#\\\/schema\\\/logo\\\/image\\\/\"},\"sameAs\":[\"https:\\\/\\\/www.facebook.com\\\/pages\\\/AC-Lanester-56\\\/190286300991242?fref=ts\"]},{\"@type\":\"Person\",\"@id\":\"https:\\\/\\\/www.aclanester56.com\\\/velo\\\/#\\\/schema\\\/person\\\/ca2a44a5fd969e9dd846c72d3b33bc01\",\"name\":\"Jean-Christophe\",\"url\":\"https:\\\/\\\/www.aclanester56.com\\\/velo\\\/author\\\/jeanchristophe\\\/\"}]}<\/script>\n<!-- \/ Yoast SEO plugin. -->","yoast_head_json":{"title":"Championnat France Espoirs 2011 de cyclo-cross : Matthieu BOULO en bleu-blanc-rouge !  - Avenir Cycliste Lanester 56","robots":{"index":"index","follow":"follow","max-snippet":"max-snippet:-1","max-image-preview":"max-image-preview:large","max-video-preview":"max-video-preview:-1"},"canonical":"https:\/\/www.aclanester56.com\/velo\/championnat-france-juniors-2011-de-cyclo-cross-matthieu-boulo-en-bleu-blanc-rouge\/","og_locale":"fr_FR","og_type":"article","og_title":"Championnat France Espoirs 2011 de cyclo-cross : Matthieu BOULO en bleu-blanc-rouge !  - Avenir Cycliste Lanester 56","og_description":"Matthieu BOULO, professionnel dans l&rsquo;\u00e9quipe ROUBAIX-LILLE-METROPOLE mais toujours licenci\u00e9 \u00e0 l&rsquo;AC LANESTER 56 dont il portait encore les couleurs dans [&hellip;]","og_url":"https:\/\/www.aclanester56.com\/velo\/championnat-france-juniors-2011-de-cyclo-cross-matthieu-boulo-en-bleu-blanc-rouge\/","og_site_name":"Avenir Cycliste Lanester 56","article_publisher":"https:\/\/www.facebook.com\/pages\/AC-Lanester-56\/190286300991242?fref=ts","article_published_time":"2011-01-10T10:54:22+00:00","article_modified_time":"2011-01-10T12:37:51+00:00","og_image":[{"width":600,"height":452,"url":"https:\/\/www.aclanester56.com\/velo\/wp-content\/uploads\/2011\/01\/podium-espoir.jpg","type":"image\/jpeg"}],"author":"Jean-Christophe","twitter_misc":{"\u00c9crit par":"Jean-Christophe","Dur\u00e9e de lecture estim\u00e9e":"3 minutes"},"schema":{"@context":"https:\/\/schema.org","@graph":[{"@type":"Article","@id":"https:\/\/www.aclanester56.com\/velo\/championnat-france-juniors-2011-de-cyclo-cross-matthieu-boulo-en-bleu-blanc-rouge\/#article","isPartOf":{"@id":"https:\/\/www.aclanester56.com\/velo\/championnat-france-juniors-2011-de-cyclo-cross-matthieu-boulo-en-bleu-blanc-rouge\/"},"author":{"name":"Jean-Christophe","@id":"https:\/\/www.aclanester56.com\/velo\/#\/schema\/person\/ca2a44a5fd969e9dd846c72d3b33bc01"},"headline":"Championnat France Espoirs 2011 de cyclo-cross : Matthieu BOULO en bleu-blanc-rouge !","datePublished":"2011-01-10T10:54:22+00:00","dateModified":"2011-01-10T12:37:51+00:00","mainEntityOfPage":{"@id":"https:\/\/www.aclanester56.com\/velo\/championnat-france-juniors-2011-de-cyclo-cross-matthieu-boulo-en-bleu-blanc-rouge\/"},"wordCount":543,"commentCount":0,"publisher":{"@id":"https:\/\/www.aclanester56.com\/velo\/#organization"},"image":{"@id":"https:\/\/www.aclanester56.com\/velo\/championnat-france-juniors-2011-de-cyclo-cross-matthieu-boulo-en-bleu-blanc-rouge\/#primaryimage"},"thumbnailUrl":"https:\/\/www.aclanester56.com\/velo\/wp-content\/uploads\/2011\/01\/podium-espoir.jpg","articleSection":["AC LANESTER 56","R\u00e9sultats Cyclo-Cross"],"inLanguage":"fr-FR","potentialAction":[{"@type":"CommentAction","name":"Comment","target":["https:\/\/www.aclanester56.com\/velo\/championnat-france-juniors-2011-de-cyclo-cross-matthieu-boulo-en-bleu-blanc-rouge\/#respond"]}]},{"@type":"WebPage","@id":"https:\/\/www.aclanester56.com\/velo\/championnat-france-juniors-2011-de-cyclo-cross-matthieu-boulo-en-bleu-blanc-rouge\/","url":"https:\/\/www.aclanester56.com\/velo\/championnat-france-juniors-2011-de-cyclo-cross-matthieu-boulo-en-bleu-blanc-rouge\/","name":"Championnat France Espoirs 2011 de cyclo-cross : Matthieu BOULO en bleu-blanc-rouge ! - Avenir Cycliste Lanester 56","isPartOf":{"@id":"https:\/\/www.aclanester56.com\/velo\/#website"},"primaryImageOfPage":{"@id":"https:\/\/www.aclanester56.com\/velo\/championnat-france-juniors-2011-de-cyclo-cross-matthieu-boulo-en-bleu-blanc-rouge\/#primaryimage"},"image":{"@id":"https:\/\/www.aclanester56.com\/velo\/championnat-france-juniors-2011-de-cyclo-cross-matthieu-boulo-en-bleu-blanc-rouge\/#primaryimage"},"thumbnailUrl":"https:\/\/www.aclanester56.com\/velo\/wp-content\/uploads\/2011\/01\/podium-espoir.jpg","datePublished":"2011-01-10T10:54:22+00:00","dateModified":"2011-01-10T12:37:51+00:00","inLanguage":"fr-FR","potentialAction":[{"@type":"ReadAction","target":["https:\/\/www.aclanester56.com\/velo\/championnat-france-juniors-2011-de-cyclo-cross-matthieu-boulo-en-bleu-blanc-rouge\/"]}]},{"@type":"ImageObject","inLanguage":"fr-FR","@id":"https:\/\/www.aclanester56.com\/velo\/championnat-france-juniors-2011-de-cyclo-cross-matthieu-boulo-en-bleu-blanc-rouge\/#primaryimage","url":"https:\/\/www.aclanester56.com\/velo\/wp-content\/uploads\/2011\/01\/podium-espoir.jpg","contentUrl":"https:\/\/www.aclanester56.com\/velo\/wp-content\/uploads\/2011\/01\/podium-espoir.jpg","width":600,"height":452,"caption":"Matthieu BOULO remporte le championnat de France espoir de cyclo-cross pour la deuxi\u00e8me ann\u00e9e cons\u00e9cutive (photo www.bretagne-cyclisme.com)"},{"@type":"WebSite","@id":"https:\/\/www.aclanester56.com\/velo\/#website","url":"https:\/\/www.aclanester56.com\/velo\/","name":"Avenir Cycliste Lanester 56","description":"Club cycliste de l&#039;AC LANESTER 56","publisher":{"@id":"https:\/\/www.aclanester56.com\/velo\/#organization"},"potentialAction":[{"@type":"SearchAction","target":{"@type":"EntryPoint","urlTemplate":"https:\/\/www.aclanester56.com\/velo\/?s={search_term_string}"},"query-input":{"@type":"PropertyValueSpecification","valueRequired":true,"valueName":"search_term_string"}}],"inLanguage":"fr-FR"},{"@type":"Organization","@id":"https:\/\/www.aclanester56.com\/velo\/#organization","name":"Avenir Cycliste Lanester 56","url":"https:\/\/www.aclanester56.com\/velo\/","logo":{"@type":"ImageObject","inLanguage":"fr-FR","@id":"https:\/\/www.aclanester56.com\/velo\/#\/schema\/logo\/image\/","url":"https:\/\/www.aclanester56.com\/velo\/wp-content\/uploads\/2013\/04\/logo-ACL.jpg","contentUrl":"https:\/\/www.aclanester56.com\/velo\/wp-content\/uploads\/2013\/04\/logo-ACL.jpg","width":400,"height":334,"caption":"Avenir Cycliste Lanester 56"},"image":{"@id":"https:\/\/www.aclanester56.com\/velo\/#\/schema\/logo\/image\/"},"sameAs":["https:\/\/www.facebook.com\/pages\/AC-Lanester-56\/190286300991242?fref=ts"]},{"@type":"Person","@id":"https:\/\/www.aclanester56.com\/velo\/#\/schema\/person\/ca2a44a5fd969e9dd846c72d3b33bc01","name":"Jean-Christophe","url":"https:\/\/www.aclanester56.com\/velo\/author\/jeanchristophe\/"}]}},"_links":{"self":[{"href":"https:\/\/www.aclanester56.com\/velo\/wp-json\/wp\/v2\/posts\/6256","targetHints":{"allow":["GET"]}}],"collection":[{"href":"https:\/\/www.aclanester56.com\/velo\/wp-json\/wp\/v2\/posts"}],"about":[{"href":"https:\/\/www.aclanester56.com\/velo\/wp-json\/wp\/v2\/types\/post"}],"author":[{"embeddable":true,"href":"https:\/\/www.aclanester56.com\/velo\/wp-json\/wp\/v2\/users\/14"}],"replies":[{"embeddable":true,"href":"https:\/\/www.aclanester56.com\/velo\/wp-json\/wp\/v2\/comments?post=6256"}],"version-history":[{"count":0,"href":"https:\/\/www.aclanester56.com\/velo\/wp-json\/wp\/v2\/posts\/6256\/revisions"}],"wp:featuredmedia":[{"embeddable":true,"href":"https:\/\/www.aclanester56.com\/velo\/wp-json\/wp\/v2\/media\/6257"}],"wp:attachment":[{"href":"https:\/\/www.aclanester56.com\/velo\/wp-json\/wp\/v2\/media?parent=6256"}],"wp:term":[{"taxonomy":"category","embeddable":true,"href":"https:\/\/www.aclanester56.com\/velo\/wp-json\/wp\/v2\/categories?post=6256"},{"taxonomy":"post_tag","embeddable":true,"href":"https:\/\/www.aclanester56.com\/velo\/wp-json\/wp\/v2\/tags?post=6256"}],"curies":[{"name":"wp","href":"https:\/\/api.w.org\/{rel}","templated":true}]}}