{"id":6393,"date":"2011-01-31T09:05:42","date_gmt":"2011-01-31T08:05:42","guid":{"rendered":"http:\/\/www.aclanester56.com\/velo\/?p=6393"},"modified":"2011-02-02T10:56:23","modified_gmt":"2011-02-02T09:56:23","slug":"ouverture-prochaine-de-la-boutique","status":"publish","type":"post","link":"https:\/\/www.aclanester56.com\/velo\/ouverture-prochaine-de-la-boutique\/","title":{"rendered":"Ouverture prochaine de la Boutique !"},"content":{"rendered":"<div id=\"attachment_6163\" style=\"width: 335px\" class=\"wp-caption alignleft\"><a href=\"http:\/\/www.aclanester56.com\/velo\/wp-content\/uploads\/2011\/01\/maillot-AC-LANESTER-56-20111-651x600.png\"><img loading=\"lazy\" decoding=\"async\" aria-describedby=\"caption-attachment-6163\" class=\"size-large wp-image-6163\" title=\"Maillot AC LANESTER 56 2011\" src=\"http:\/\/www.aclanester56.com\/velo\/wp-content\/uploads\/2011\/01\/maillot-AC-LANESTER-56-20111-651x600.png\" alt=\"\" width=\"325\" height=\"300\" srcset=\"https:\/\/www.aclanester56.com\/velo\/wp-content\/uploads\/2011\/01\/maillot-AC-LANESTER-56-20111-651x600.png 651w, https:\/\/www.aclanester56.com\/velo\/wp-content\/uploads\/2011\/01\/maillot-AC-LANESTER-56-20111-300x276.png 300w, https:\/\/www.aclanester56.com\/velo\/wp-content\/uploads\/2011\/01\/maillot-AC-LANESTER-56-20111.png 1490w\" sizes=\"auto, (max-width: 325px) 100vw, 325px\" \/><\/a><p id=\"caption-attachment-6163\" class=\"wp-caption-text\">Maillot AC LANESTER 56 2011<\/p><\/div>\n<p style=\"text-align: justify;\">Vous \u00eates de plus en plus nombreux \u00e0 nous demander si nos \u00e9quipements sont disponibles \u00e0 la vente. Nous avons d\u00e9cid\u00e9 cette ann\u00e9e de vous les proposer par le biais de l&rsquo;espace \u00ab\u00a0Boutique\u00a0\u00bb de notre site internet.<\/p>\n<p style=\"text-align: justify;\"><strong><span style=\"color: #ff6600;\">Des produits de qualit\u00e9 \u00e0 un prix attractif !<\/span><\/strong><\/p>\n<p style=\"text-align: justify;\">Coureurs du club souhaitant se fournir au-del\u00e0 de la dotation dont ils disposeront d\u00e9j\u00e0, randonneurs du dimanche d\u00e9sirant renouveler leur gamme de cuissards ou simples collectionneurs, cet espace sera ouvert \u00e0 tous. Chacun pourra ainsi s&rsquo;\u00e9quiper avec des produits de grande qualit\u00e9 pour rouler comme les coursiers de l&rsquo;AC LANESTER 56 et cela pour un prix attractif !<\/p>\n<p style=\"text-align: justify;\"><strong><span style=\"color: #ff6600;\">Bient\u00f4t dans la Boutique !<\/span><\/strong><\/p>\n<p style=\"text-align: justify;\">Vous pourrez retrouver dans quelques jours l&rsquo;ensemble des articles qu&rsquo;il sera possible de se procurer. N&rsquo;oubliez donc pas de faire un tour de temps en temps dans la rubrique \u00ab\u00a0La Boutique\u00a0\u00bb, puis dans <a href=\"http:\/\/www.aclanester56.com\/velo\/la-boutique\/les-equipements\/\" target=\"_blank\">\u00ab\u00a0Les \u00e9quipements\u00a0\u00bb<\/a>, pour acc\u00e9der \u00e0 cet espace !<\/p>\n<p style=\"text-align: justify;\"><strong><span style=\"color: #ff6600;\">V\u00e9los \u00e0 vendre<\/span><\/strong><\/p>\n<p style=\"text-align: justify;\">Nous vous rappelons \u00e9galement que deux v\u00e9los de service (un GIANT et un CANNONDALE) sont toujours disponibles \u00e0 la vente \u00e0 un prix tr\u00e8s abordable dans la Boutique, section <a href=\"http:\/\/www.aclanester56.com\/velo\/la-boutique\/le-materiel\/\" target=\"_blank\">\u00ab\u00a0Le Mat\u00e9riel\u00a0\u00bb<\/a>.<\/p>\n<p style=\"text-align: justify;\">A tr\u00e8s bient\u00f4t !<\/p>\n<p><br class=\"spacer_\" \/><\/p>\n","protected":false},"excerpt":{"rendered":"<p>Vous \u00eates de plus en plus nombreux \u00e0 nous demander si nos \u00e9quipements sont disponibles \u00e0 la vente. Nous avons [&hellip;]<\/p>\n","protected":false},"author":14,"featured_media":6163,"comment_status":"open","ping_status":"closed","sticky":false,"template":"","format":"standard","meta":{"ngg_post_thumbnail":0,"footnotes":""},"categories":[5,13],"tags":[],"class_list":["post-6393","post","type-post","status-publish","format-standard","has-post-thumbnail","hentry","category-ac-lanester-56","category-les-equipements"],"yoast_head":"<!-- This site is optimized with the Yoast SEO plugin v27.5 - https:\/\/yoast.com\/product\/yoast-seo-wordpress\/ -->\n<title>Ouverture prochaine de la Boutique ! - Avenir Cycliste Lanester 56<\/title>\n<meta name=\"robots\" content=\"index, follow, max-snippet:-1, max-image-preview:large, max-video-preview:-1\" \/>\n<link rel=\"canonical\" href=\"https:\/\/www.aclanester56.com\/velo\/ouverture-prochaine-de-la-boutique\/\" \/>\n<meta property=\"og:locale\" content=\"fr_FR\" \/>\n<meta property=\"og:type\" content=\"article\" \/>\n<meta property=\"og:title\" content=\"Ouverture prochaine de la Boutique ! - Avenir Cycliste Lanester 56\" \/>\n<meta property=\"og:description\" content=\"Vous \u00eates de plus en plus nombreux \u00e0 nous demander si nos \u00e9quipements sont disponibles \u00e0 la vente. Nous avons [&hellip;]\" \/>\n<meta property=\"og:url\" content=\"https:\/\/www.aclanester56.com\/velo\/ouverture-prochaine-de-la-boutique\/\" \/>\n<meta property=\"og:site_name\" content=\"Avenir Cycliste Lanester 56\" \/>\n<meta property=\"article:publisher\" content=\"https:\/\/www.facebook.com\/pages\/AC-Lanester-56\/190286300991242?fref=ts\" \/>\n<meta property=\"article:published_time\" content=\"2011-01-31T08:05:42+00:00\" \/>\n<meta property=\"article:modified_time\" content=\"2011-02-02T09:56:23+00:00\" \/>\n<meta property=\"og:image\" content=\"https:\/\/www.aclanester56.com\/velo\/wp-content\/uploads\/2011\/01\/maillot-AC-LANESTER-56-20111.png\" \/>\n\t<meta property=\"og:image:width\" content=\"1490\" \/>\n\t<meta property=\"og:image:height\" content=\"1372\" \/>\n\t<meta property=\"og:image:type\" content=\"image\/png\" \/>\n<meta name=\"author\" content=\"Jean-Christophe\" \/>\n<meta name=\"twitter:label1\" content=\"\u00c9crit par\" \/>\n\t<meta name=\"twitter:data1\" content=\"Jean-Christophe\" \/>\n\t<meta name=\"twitter:label2\" content=\"Dur\u00e9e de lecture estim\u00e9e\" \/>\n\t<meta name=\"twitter:data2\" content=\"1 minute\" \/>\n<script type=\"application\/ld+json\" class=\"yoast-schema-graph\">{\"@context\":\"https:\\\/\\\/schema.org\",\"@graph\":[{\"@type\":\"Article\",\"@id\":\"https:\\\/\\\/www.aclanester56.com\\\/velo\\\/ouverture-prochaine-de-la-boutique\\\/#article\",\"isPartOf\":{\"@id\":\"https:\\\/\\\/www.aclanester56.com\\\/velo\\\/ouverture-prochaine-de-la-boutique\\\/\"},\"author\":{\"name\":\"Jean-Christophe\",\"@id\":\"https:\\\/\\\/www.aclanester56.com\\\/velo\\\/#\\\/schema\\\/person\\\/ca2a44a5fd969e9dd846c72d3b33bc01\"},\"headline\":\"Ouverture prochaine de la Boutique !\",\"datePublished\":\"2011-01-31T08:05:42+00:00\",\"dateModified\":\"2011-02-02T09:56:23+00:00\",\"mainEntityOfPage\":{\"@id\":\"https:\\\/\\\/www.aclanester56.com\\\/velo\\\/ouverture-prochaine-de-la-boutique\\\/\"},\"wordCount\":203,\"commentCount\":0,\"publisher\":{\"@id\":\"https:\\\/\\\/www.aclanester56.com\\\/velo\\\/#organization\"},\"image\":{\"@id\":\"https:\\\/\\\/www.aclanester56.com\\\/velo\\\/ouverture-prochaine-de-la-boutique\\\/#primaryimage\"},\"thumbnailUrl\":\"https:\\\/\\\/www.aclanester56.com\\\/velo\\\/wp-content\\\/uploads\\\/2011\\\/01\\\/maillot-AC-LANESTER-56-20111.png\",\"articleSection\":[\"AC LANESTER 56\",\"les \u00e9quipements\"],\"inLanguage\":\"fr-FR\",\"potentialAction\":[{\"@type\":\"CommentAction\",\"name\":\"Comment\",\"target\":[\"https:\\\/\\\/www.aclanester56.com\\\/velo\\\/ouverture-prochaine-de-la-boutique\\\/#respond\"]}]},{\"@type\":\"WebPage\",\"@id\":\"https:\\\/\\\/www.aclanester56.com\\\/velo\\\/ouverture-prochaine-de-la-boutique\\\/\",\"url\":\"https:\\\/\\\/www.aclanester56.com\\\/velo\\\/ouverture-prochaine-de-la-boutique\\\/\",\"name\":\"Ouverture prochaine de la Boutique ! - Avenir Cycliste Lanester 56\",\"isPartOf\":{\"@id\":\"https:\\\/\\\/www.aclanester56.com\\\/velo\\\/#website\"},\"primaryImageOfPage\":{\"@id\":\"https:\\\/\\\/www.aclanester56.com\\\/velo\\\/ouverture-prochaine-de-la-boutique\\\/#primaryimage\"},\"image\":{\"@id\":\"https:\\\/\\\/www.aclanester56.com\\\/velo\\\/ouverture-prochaine-de-la-boutique\\\/#primaryimage\"},\"thumbnailUrl\":\"https:\\\/\\\/www.aclanester56.com\\\/velo\\\/wp-content\\\/uploads\\\/2011\\\/01\\\/maillot-AC-LANESTER-56-20111.png\",\"datePublished\":\"2011-01-31T08:05:42+00:00\",\"dateModified\":\"2011-02-02T09:56:23+00:00\",\"inLanguage\":\"fr-FR\",\"potentialAction\":[{\"@type\":\"ReadAction\",\"target\":[\"https:\\\/\\\/www.aclanester56.com\\\/velo\\\/ouverture-prochaine-de-la-boutique\\\/\"]}]},{\"@type\":\"ImageObject\",\"inLanguage\":\"fr-FR\",\"@id\":\"https:\\\/\\\/www.aclanester56.com\\\/velo\\\/ouverture-prochaine-de-la-boutique\\\/#primaryimage\",\"url\":\"https:\\\/\\\/www.aclanester56.com\\\/velo\\\/wp-content\\\/uploads\\\/2011\\\/01\\\/maillot-AC-LANESTER-56-20111.png\",\"contentUrl\":\"https:\\\/\\\/www.aclanester56.com\\\/velo\\\/wp-content\\\/uploads\\\/2011\\\/01\\\/maillot-AC-LANESTER-56-20111.png\",\"width\":1490,\"height\":1372,\"caption\":\"Maillot AC LANESTER 56 2011\"},{\"@type\":\"WebSite\",\"@id\":\"https:\\\/\\\/www.aclanester56.com\\\/velo\\\/#website\",\"url\":\"https:\\\/\\\/www.aclanester56.com\\\/velo\\\/\",\"name\":\"Avenir Cycliste Lanester 56\",\"description\":\"Club cycliste de l&#039;AC LANESTER 56\",\"publisher\":{\"@id\":\"https:\\\/\\\/www.aclanester56.com\\\/velo\\\/#organization\"},\"potentialAction\":[{\"@type\":\"SearchAction\",\"target\":{\"@type\":\"EntryPoint\",\"urlTemplate\":\"https:\\\/\\\/www.aclanester56.com\\\/velo\\\/?s={search_term_string}\"},\"query-input\":{\"@type\":\"PropertyValueSpecification\",\"valueRequired\":true,\"valueName\":\"search_term_string\"}}],\"inLanguage\":\"fr-FR\"},{\"@type\":\"Organization\",\"@id\":\"https:\\\/\\\/www.aclanester56.com\\\/velo\\\/#organization\",\"name\":\"Avenir Cycliste Lanester 56\",\"url\":\"https:\\\/\\\/www.aclanester56.com\\\/velo\\\/\",\"logo\":{\"@type\":\"ImageObject\",\"inLanguage\":\"fr-FR\",\"@id\":\"https:\\\/\\\/www.aclanester56.com\\\/velo\\\/#\\\/schema\\\/logo\\\/image\\\/\",\"url\":\"https:\\\/\\\/www.aclanester56.com\\\/velo\\\/wp-content\\\/uploads\\\/2013\\\/04\\\/logo-ACL.jpg\",\"contentUrl\":\"https:\\\/\\\/www.aclanester56.com\\\/velo\\\/wp-content\\\/uploads\\\/2013\\\/04\\\/logo-ACL.jpg\",\"width\":400,\"height\":334,\"caption\":\"Avenir Cycliste Lanester 56\"},\"image\":{\"@id\":\"https:\\\/\\\/www.aclanester56.com\\\/velo\\\/#\\\/schema\\\/logo\\\/image\\\/\"},\"sameAs\":[\"https:\\\/\\\/www.facebook.com\\\/pages\\\/AC-Lanester-56\\\/190286300991242?fref=ts\"]},{\"@type\":\"Person\",\"@id\":\"https:\\\/\\\/www.aclanester56.com\\\/velo\\\/#\\\/schema\\\/person\\\/ca2a44a5fd969e9dd846c72d3b33bc01\",\"name\":\"Jean-Christophe\",\"url\":\"https:\\\/\\\/www.aclanester56.com\\\/velo\\\/author\\\/jeanchristophe\\\/\"}]}<\/script>\n<!-- \/ Yoast SEO plugin. -->","yoast_head_json":{"title":"Ouverture prochaine de la Boutique ! - Avenir Cycliste Lanester 56","robots":{"index":"index","follow":"follow","max-snippet":"max-snippet:-1","max-image-preview":"max-image-preview:large","max-video-preview":"max-video-preview:-1"},"canonical":"https:\/\/www.aclanester56.com\/velo\/ouverture-prochaine-de-la-boutique\/","og_locale":"fr_FR","og_type":"article","og_title":"Ouverture prochaine de la Boutique ! - Avenir Cycliste Lanester 56","og_description":"Vous \u00eates de plus en plus nombreux \u00e0 nous demander si nos \u00e9quipements sont disponibles \u00e0 la vente. Nous avons [&hellip;]","og_url":"https:\/\/www.aclanester56.com\/velo\/ouverture-prochaine-de-la-boutique\/","og_site_name":"Avenir Cycliste Lanester 56","article_publisher":"https:\/\/www.facebook.com\/pages\/AC-Lanester-56\/190286300991242?fref=ts","article_published_time":"2011-01-31T08:05:42+00:00","article_modified_time":"2011-02-02T09:56:23+00:00","og_image":[{"width":1490,"height":1372,"url":"https:\/\/www.aclanester56.com\/velo\/wp-content\/uploads\/2011\/01\/maillot-AC-LANESTER-56-20111.png","type":"image\/png"}],"author":"Jean-Christophe","twitter_misc":{"\u00c9crit par":"Jean-Christophe","Dur\u00e9e de lecture estim\u00e9e":"1 minute"},"schema":{"@context":"https:\/\/schema.org","@graph":[{"@type":"Article","@id":"https:\/\/www.aclanester56.com\/velo\/ouverture-prochaine-de-la-boutique\/#article","isPartOf":{"@id":"https:\/\/www.aclanester56.com\/velo\/ouverture-prochaine-de-la-boutique\/"},"author":{"name":"Jean-Christophe","@id":"https:\/\/www.aclanester56.com\/velo\/#\/schema\/person\/ca2a44a5fd969e9dd846c72d3b33bc01"},"headline":"Ouverture prochaine de la Boutique !","datePublished":"2011-01-31T08:05:42+00:00","dateModified":"2011-02-02T09:56:23+00:00","mainEntityOfPage":{"@id":"https:\/\/www.aclanester56.com\/velo\/ouverture-prochaine-de-la-boutique\/"},"wordCount":203,"commentCount":0,"publisher":{"@id":"https:\/\/www.aclanester56.com\/velo\/#organization"},"image":{"@id":"https:\/\/www.aclanester56.com\/velo\/ouverture-prochaine-de-la-boutique\/#primaryimage"},"thumbnailUrl":"https:\/\/www.aclanester56.com\/velo\/wp-content\/uploads\/2011\/01\/maillot-AC-LANESTER-56-20111.png","articleSection":["AC LANESTER 56","les \u00e9quipements"],"inLanguage":"fr-FR","potentialAction":[{"@type":"CommentAction","name":"Comment","target":["https:\/\/www.aclanester56.com\/velo\/ouverture-prochaine-de-la-boutique\/#respond"]}]},{"@type":"WebPage","@id":"https:\/\/www.aclanester56.com\/velo\/ouverture-prochaine-de-la-boutique\/","url":"https:\/\/www.aclanester56.com\/velo\/ouverture-prochaine-de-la-boutique\/","name":"Ouverture prochaine de la Boutique ! - Avenir Cycliste Lanester 56","isPartOf":{"@id":"https:\/\/www.aclanester56.com\/velo\/#website"},"primaryImageOfPage":{"@id":"https:\/\/www.aclanester56.com\/velo\/ouverture-prochaine-de-la-boutique\/#primaryimage"},"image":{"@id":"https:\/\/www.aclanester56.com\/velo\/ouverture-prochaine-de-la-boutique\/#primaryimage"},"thumbnailUrl":"https:\/\/www.aclanester56.com\/velo\/wp-content\/uploads\/2011\/01\/maillot-AC-LANESTER-56-20111.png","datePublished":"2011-01-31T08:05:42+00:00","dateModified":"2011-02-02T09:56:23+00:00","inLanguage":"fr-FR","potentialAction":[{"@type":"ReadAction","target":["https:\/\/www.aclanester56.com\/velo\/ouverture-prochaine-de-la-boutique\/"]}]},{"@type":"ImageObject","inLanguage":"fr-FR","@id":"https:\/\/www.aclanester56.com\/velo\/ouverture-prochaine-de-la-boutique\/#primaryimage","url":"https:\/\/www.aclanester56.com\/velo\/wp-content\/uploads\/2011\/01\/maillot-AC-LANESTER-56-20111.png","contentUrl":"https:\/\/www.aclanester56.com\/velo\/wp-content\/uploads\/2011\/01\/maillot-AC-LANESTER-56-20111.png","width":1490,"height":1372,"caption":"Maillot AC LANESTER 56 2011"},{"@type":"WebSite","@id":"https:\/\/www.aclanester56.com\/velo\/#website","url":"https:\/\/www.aclanester56.com\/velo\/","name":"Avenir Cycliste Lanester 56","description":"Club cycliste de l&#039;AC LANESTER 56","publisher":{"@id":"https:\/\/www.aclanester56.com\/velo\/#organization"},"potentialAction":[{"@type":"SearchAction","target":{"@type":"EntryPoint","urlTemplate":"https:\/\/www.aclanester56.com\/velo\/?s={search_term_string}"},"query-input":{"@type":"PropertyValueSpecification","valueRequired":true,"valueName":"search_term_string"}}],"inLanguage":"fr-FR"},{"@type":"Organization","@id":"https:\/\/www.aclanester56.com\/velo\/#organization","name":"Avenir Cycliste Lanester 56","url":"https:\/\/www.aclanester56.com\/velo\/","logo":{"@type":"ImageObject","inLanguage":"fr-FR","@id":"https:\/\/www.aclanester56.com\/velo\/#\/schema\/logo\/image\/","url":"https:\/\/www.aclanester56.com\/velo\/wp-content\/uploads\/2013\/04\/logo-ACL.jpg","contentUrl":"https:\/\/www.aclanester56.com\/velo\/wp-content\/uploads\/2013\/04\/logo-ACL.jpg","width":400,"height":334,"caption":"Avenir Cycliste Lanester 56"},"image":{"@id":"https:\/\/www.aclanester56.com\/velo\/#\/schema\/logo\/image\/"},"sameAs":["https:\/\/www.facebook.com\/pages\/AC-Lanester-56\/190286300991242?fref=ts"]},{"@type":"Person","@id":"https:\/\/www.aclanester56.com\/velo\/#\/schema\/person\/ca2a44a5fd969e9dd846c72d3b33bc01","name":"Jean-Christophe","url":"https:\/\/www.aclanester56.com\/velo\/author\/jeanchristophe\/"}]}},"_links":{"self":[{"href":"https:\/\/www.aclanester56.com\/velo\/wp-json\/wp\/v2\/posts\/6393","targetHints":{"allow":["GET"]}}],"collection":[{"href":"https:\/\/www.aclanester56.com\/velo\/wp-json\/wp\/v2\/posts"}],"about":[{"href":"https:\/\/www.aclanester56.com\/velo\/wp-json\/wp\/v2\/types\/post"}],"author":[{"embeddable":true,"href":"https:\/\/www.aclanester56.com\/velo\/wp-json\/wp\/v2\/users\/14"}],"replies":[{"embeddable":true,"href":"https:\/\/www.aclanester56.com\/velo\/wp-json\/wp\/v2\/comments?post=6393"}],"version-history":[{"count":0,"href":"https:\/\/www.aclanester56.com\/velo\/wp-json\/wp\/v2\/posts\/6393\/revisions"}],"wp:featuredmedia":[{"embeddable":true,"href":"https:\/\/www.aclanester56.com\/velo\/wp-json\/wp\/v2\/media\/6163"}],"wp:attachment":[{"href":"https:\/\/www.aclanester56.com\/velo\/wp-json\/wp\/v2\/media?parent=6393"}],"wp:term":[{"taxonomy":"category","embeddable":true,"href":"https:\/\/www.aclanester56.com\/velo\/wp-json\/wp\/v2\/categories?post=6393"},{"taxonomy":"post_tag","embeddable":true,"href":"https:\/\/www.aclanester56.com\/velo\/wp-json\/wp\/v2\/tags?post=6393"}],"curies":[{"name":"wp","href":"https:\/\/api.w.org\/{rel}","templated":true}]}}