{"id":6424,"date":"2011-01-21T12:10:55","date_gmt":"2011-01-21T11:10:55","guid":{"rendered":"http:\/\/www.aclanester56.com\/velo\/?p=6424"},"modified":"2011-12-28T22:36:59","modified_gmt":"2011-12-28T21:36:59","slug":"au-programme-ce-week-end-2","status":"publish","type":"post","link":"https:\/\/www.aclanester56.com\/velo\/au-programme-ce-week-end-2\/","title":{"rendered":"Au programme ce week-end !"},"content":{"rendered":"<div id=\"attachment_6289\" style=\"width: 280px\" class=\"wp-caption alignleft\"><a  href=\"http:\/\/www.aclanester56.com\/velo\/wp-content\/uploads\/2011\/01\/Photo-telegramme-10-01-2011.jpg\"><img loading=\"lazy\" decoding=\"async\" aria-describedby=\"caption-attachment-6289\" class=\"size-full wp-image-6289\" title=\"On remet \u00e7a sur le v\u00e9lodrome G\u00e9rard LE MAGUER ! La 2\u00e8me manche des Samedis D\u00e9couverte de la piste auront lieu demain ! (Photo du T\u00e9l\u00e9gramme en date du 10-01-2011)\" src=\"http:\/\/www.aclanester56.com\/velo\/wp-content\/uploads\/2011\/01\/Photo-telegramme-10-01-2011.jpg\" alt=\"\" width=\"270\" height=\"145\" srcset=\"https:\/\/www.aclanester56.com\/velo\/wp-content\/uploads\/2011\/01\/Photo-telegramme-10-01-2011.jpg 540w, https:\/\/www.aclanester56.com\/velo\/wp-content\/uploads\/2011\/01\/Photo-telegramme-10-01-2011-300x161.jpg 300w\" sizes=\"auto, (max-width: 270px) 100vw, 270px\" \/><\/a><p id=\"caption-attachment-6289\" class=\"wp-caption-text\">On remet \u00e7a sur le v\u00e9lodrome G\u00e9rard LE MAGUER ! La 2\u00e8me manche des Samedis D\u00e9couverte de la piste auront lieu demain ! (Photo du T\u00e9l\u00e9gramme en date du 10-01-2011)<\/p><\/div>\n<p style=\"text-align: justify;\">Ce samedi, la deuxi\u00e8me manche des Samedis D\u00e9couverte de la piste se d\u00e9roulera sur le v\u00e9lodrome G\u00e9rard LE MAGUER \u00e0 Lanester. Les cyclo-crossmen qui n&rsquo;ont pas encore termin\u00e9 leur saison participeront \u00e0 la finale du Troph\u00e9e R\u00e9gional de cyclo-cross \u00e0 La M\u00e9zi\u00e8re, tandis que les \u00e9lites partiront en stage \u00e0 la montagne.<\/p>\n<p><br class=\"spacer_\" \/><\/p>\n<p><br class=\"spacer_\" \/><\/p>\n<p><!--more--><\/p>\n<p><br class=\"spacer_\" \/><\/p>\n<p><br class=\"spacer_\" \/><\/p>\n<p><br class=\"spacer_\" \/><\/p>\n<p><strong><span style=\"color: #ff6600;\">Deuxi\u00e8me manche des Samedis D\u00e9couverte de la piste<\/span><\/strong><\/p>\n<p style=\"text-align: justify;\">La deuxi\u00e8me et avant-derni\u00e8re manche des Samedis D\u00e9couverte de la piste aura lieu demain \u00e0 partir de 14H30 sur le v\u00e9lodrome G\u00e9rard LE MAGUER \u00e0 Lanester. Filles et gar\u00e7ons des clubs cyclistes locaux n\u00e9s entre 1997 et 2000 s&rsquo;affronteront, selon leur cat\u00e9gorie d&rsquo;\u00e2ge, sur des \u00e9preuves de type \u00ab\u00a0courses aux points\u00a0\u00bb : un classement sera \u00e9tabli \u00e0 la mi-course, puis un autre \u00e0 l&rsquo;arriv\u00e9e ! Rappelons que la finale aura lieu le samedi 5 f\u00e9vrier avec des \u00e9preuves \u00ab\u00a0\u00e9liminatoires\u00a0\u00bb. L&rsquo;entr\u00e9e est \u00e9videmment gratuite pour venir encourager les premiers pas sur la piste de tous ces jeunes champions ! Retrouvez les r\u00e9sultats de la premi\u00e8re manche <a href=\"http:\/\/www.aclanester56.com\/velo\/2011\/01\/09\/1ere-manche-des-samedis-decouverte-de-la-piste-resultats\/\" target=\"_blank\">en cliquant ici<\/a>.<\/p>\n<p style=\"text-align: justify;\"><strong><span style=\"color: #ff6600;\">Les cyclo-crossmen sur la finale du Troph\u00e9e R\u00e9gional de cyclo-cross<\/span><\/strong><\/p>\n<p style=\"text-align: justify;\">Les juniors lanest\u00e9riens Flavian LE GUELLEC et Antoine COZ se rendront \u00e0 La M\u00e9zi\u00e8re (35), pr\u00e8s de Rennes, pour d\u00e9fendre leurs deux premi\u00e8res places respectives. M\u00eame s&rsquo;ils ont observ\u00e9 une bonne coupure depuis le championnat de France, ils ne devraient a priori pas rencontrer de probl\u00e8mes pour conserver leurs positions. Du c\u00f4t\u00e9 des \u00e9lites, le tout nouveau professionnel du club Florian LE CORRE sera l&rsquo;un des favoris malgr\u00e9 une forte concurrence.<\/p>\n<p style=\"text-align: justify;\"><strong><span style=\"color: #ff6600;\">D\u00e9but du stage \u00e0 la montagne<\/span><\/strong><\/p>\n<p style=\"text-align: justify;\">Les coureurs de l&rsquo;\u00e9quipe DN partiront samedi matin tr\u00e8s t\u00f4t en direction des\u00a0Pyr\u00e9n\u00e9es, plus exactement \u00e0 Peyragudes, station situ\u00e9e en haut du Col de Peyresourde. Encadr\u00e9s par Rodolphe HENRY, Patrice LE HEN et Davy LE KER, leur programme sera principalement constitu\u00e9 de ski le matin et de v\u00e9lo l&rsquo;apr\u00e8s-midi, entrecoup\u00e9 par une s\u00e9ance de baln\u00e9oth\u00e9rapie en milieu de semaine. Toute la semaine, nous vous tiendrons r\u00e9guli\u00e8rement au courant de leurs aventures !<\/p>\n<p style=\"text-align: justify;\">\u00a0<\/p>\n","protected":false},"excerpt":{"rendered":"<p>Ce samedi, la deuxi\u00e8me manche des Samedis D\u00e9couverte de la piste se d\u00e9roulera sur le v\u00e9lodrome G\u00e9rard LE MAGUER \u00e0 [&hellip;]<\/p>\n","protected":false},"author":14,"featured_media":6289,"comment_status":"open","ping_status":"closed","sticky":false,"template":"","format":"standard","meta":{"ngg_post_thumbnail":0,"footnotes":""},"categories":[5,14,7,6,24],"tags":[],"class_list":["post-6424","post","type-post","status-publish","format-standard","has-post-thumbnail","hentry","category-ac-lanester-56","category-actualites-dn","category-organisations","category-les-rendez-vous","category-resultats-ecole-de-cyclisme"],"yoast_head":"<!-- This site is optimized with the Yoast SEO plugin v27.4 - https:\/\/yoast.com\/product\/yoast-seo-wordpress\/ -->\n<title>Au programme ce week-end ! - Avenir Cycliste Lanester 56<\/title>\n<meta name=\"robots\" content=\"index, follow, max-snippet:-1, max-image-preview:large, max-video-preview:-1\" \/>\n<link rel=\"canonical\" href=\"https:\/\/www.aclanester56.com\/velo\/au-programme-ce-week-end-2\/\" \/>\n<meta property=\"og:locale\" content=\"fr_FR\" \/>\n<meta property=\"og:type\" content=\"article\" \/>\n<meta property=\"og:title\" content=\"Au programme ce week-end ! - Avenir Cycliste Lanester 56\" \/>\n<meta property=\"og:description\" content=\"Ce samedi, la deuxi\u00e8me manche des Samedis D\u00e9couverte de la piste se d\u00e9roulera sur le v\u00e9lodrome G\u00e9rard LE MAGUER \u00e0 [&hellip;]\" \/>\n<meta property=\"og:url\" content=\"https:\/\/www.aclanester56.com\/velo\/au-programme-ce-week-end-2\/\" \/>\n<meta property=\"og:site_name\" content=\"Avenir Cycliste Lanester 56\" \/>\n<meta property=\"article:publisher\" content=\"https:\/\/www.facebook.com\/pages\/AC-Lanester-56\/190286300991242?fref=ts\" \/>\n<meta property=\"article:published_time\" content=\"2011-01-21T11:10:55+00:00\" \/>\n<meta property=\"article:modified_time\" content=\"2011-12-28T21:36:59+00:00\" \/>\n<meta property=\"og:image\" content=\"https:\/\/www.aclanester56.com\/velo\/wp-content\/uploads\/2011\/01\/Photo-telegramme-10-01-2011.jpg\" \/>\n\t<meta property=\"og:image:width\" content=\"540\" \/>\n\t<meta property=\"og:image:height\" content=\"291\" \/>\n\t<meta property=\"og:image:type\" content=\"image\/jpeg\" \/>\n<meta name=\"author\" content=\"Jean-Christophe\" \/>\n<meta name=\"twitter:label1\" content=\"\u00c9crit par\" \/>\n\t<meta name=\"twitter:data1\" content=\"Jean-Christophe\" \/>\n\t<meta name=\"twitter:label2\" content=\"Dur\u00e9e de lecture estim\u00e9e\" \/>\n\t<meta name=\"twitter:data2\" content=\"2 minutes\" \/>\n<script type=\"application\/ld+json\" class=\"yoast-schema-graph\">{\"@context\":\"https:\\\/\\\/schema.org\",\"@graph\":[{\"@type\":\"Article\",\"@id\":\"https:\\\/\\\/www.aclanester56.com\\\/velo\\\/au-programme-ce-week-end-2\\\/#article\",\"isPartOf\":{\"@id\":\"https:\\\/\\\/www.aclanester56.com\\\/velo\\\/au-programme-ce-week-end-2\\\/\"},\"author\":{\"name\":\"Jean-Christophe\",\"@id\":\"https:\\\/\\\/www.aclanester56.com\\\/velo\\\/#\\\/schema\\\/person\\\/ca2a44a5fd969e9dd846c72d3b33bc01\"},\"headline\":\"Au programme ce week-end !\",\"datePublished\":\"2011-01-21T11:10:55+00:00\",\"dateModified\":\"2011-12-28T21:36:59+00:00\",\"mainEntityOfPage\":{\"@id\":\"https:\\\/\\\/www.aclanester56.com\\\/velo\\\/au-programme-ce-week-end-2\\\/\"},\"wordCount\":406,\"commentCount\":0,\"publisher\":{\"@id\":\"https:\\\/\\\/www.aclanester56.com\\\/velo\\\/#organization\"},\"image\":{\"@id\":\"https:\\\/\\\/www.aclanester56.com\\\/velo\\\/au-programme-ce-week-end-2\\\/#primaryimage\"},\"thumbnailUrl\":\"https:\\\/\\\/www.aclanester56.com\\\/velo\\\/wp-content\\\/uploads\\\/2011\\\/01\\\/Photo-telegramme-10-01-2011.jpg\",\"articleSection\":[\"AC LANESTER 56\",\"Actualit\u00e9s DN\",\"Les organisations\",\"Les rendez-vous\",\"R\u00e9sultats Ecole de cyclisme\"],\"inLanguage\":\"fr-FR\",\"potentialAction\":[{\"@type\":\"CommentAction\",\"name\":\"Comment\",\"target\":[\"https:\\\/\\\/www.aclanester56.com\\\/velo\\\/au-programme-ce-week-end-2\\\/#respond\"]}]},{\"@type\":\"WebPage\",\"@id\":\"https:\\\/\\\/www.aclanester56.com\\\/velo\\\/au-programme-ce-week-end-2\\\/\",\"url\":\"https:\\\/\\\/www.aclanester56.com\\\/velo\\\/au-programme-ce-week-end-2\\\/\",\"name\":\"Au programme ce week-end ! - Avenir Cycliste Lanester 56\",\"isPartOf\":{\"@id\":\"https:\\\/\\\/www.aclanester56.com\\\/velo\\\/#website\"},\"primaryImageOfPage\":{\"@id\":\"https:\\\/\\\/www.aclanester56.com\\\/velo\\\/au-programme-ce-week-end-2\\\/#primaryimage\"},\"image\":{\"@id\":\"https:\\\/\\\/www.aclanester56.com\\\/velo\\\/au-programme-ce-week-end-2\\\/#primaryimage\"},\"thumbnailUrl\":\"https:\\\/\\\/www.aclanester56.com\\\/velo\\\/wp-content\\\/uploads\\\/2011\\\/01\\\/Photo-telegramme-10-01-2011.jpg\",\"datePublished\":\"2011-01-21T11:10:55+00:00\",\"dateModified\":\"2011-12-28T21:36:59+00:00\",\"inLanguage\":\"fr-FR\",\"potentialAction\":[{\"@type\":\"ReadAction\",\"target\":[\"https:\\\/\\\/www.aclanester56.com\\\/velo\\\/au-programme-ce-week-end-2\\\/\"]}]},{\"@type\":\"ImageObject\",\"inLanguage\":\"fr-FR\",\"@id\":\"https:\\\/\\\/www.aclanester56.com\\\/velo\\\/au-programme-ce-week-end-2\\\/#primaryimage\",\"url\":\"https:\\\/\\\/www.aclanester56.com\\\/velo\\\/wp-content\\\/uploads\\\/2011\\\/01\\\/Photo-telegramme-10-01-2011.jpg\",\"contentUrl\":\"https:\\\/\\\/www.aclanester56.com\\\/velo\\\/wp-content\\\/uploads\\\/2011\\\/01\\\/Photo-telegramme-10-01-2011.jpg\",\"width\":540,\"height\":291,\"caption\":\"Photo du T\u00e9l\u00e9gramme en date du 10-01-2011\"},{\"@type\":\"WebSite\",\"@id\":\"https:\\\/\\\/www.aclanester56.com\\\/velo\\\/#website\",\"url\":\"https:\\\/\\\/www.aclanester56.com\\\/velo\\\/\",\"name\":\"Avenir Cycliste Lanester 56\",\"description\":\"Club cycliste de l&#039;AC LANESTER 56\",\"publisher\":{\"@id\":\"https:\\\/\\\/www.aclanester56.com\\\/velo\\\/#organization\"},\"potentialAction\":[{\"@type\":\"SearchAction\",\"target\":{\"@type\":\"EntryPoint\",\"urlTemplate\":\"https:\\\/\\\/www.aclanester56.com\\\/velo\\\/?s={search_term_string}\"},\"query-input\":{\"@type\":\"PropertyValueSpecification\",\"valueRequired\":true,\"valueName\":\"search_term_string\"}}],\"inLanguage\":\"fr-FR\"},{\"@type\":\"Organization\",\"@id\":\"https:\\\/\\\/www.aclanester56.com\\\/velo\\\/#organization\",\"name\":\"Avenir Cycliste Lanester 56\",\"url\":\"https:\\\/\\\/www.aclanester56.com\\\/velo\\\/\",\"logo\":{\"@type\":\"ImageObject\",\"inLanguage\":\"fr-FR\",\"@id\":\"https:\\\/\\\/www.aclanester56.com\\\/velo\\\/#\\\/schema\\\/logo\\\/image\\\/\",\"url\":\"https:\\\/\\\/www.aclanester56.com\\\/velo\\\/wp-content\\\/uploads\\\/2013\\\/04\\\/logo-ACL.jpg\",\"contentUrl\":\"https:\\\/\\\/www.aclanester56.com\\\/velo\\\/wp-content\\\/uploads\\\/2013\\\/04\\\/logo-ACL.jpg\",\"width\":400,\"height\":334,\"caption\":\"Avenir Cycliste Lanester 56\"},\"image\":{\"@id\":\"https:\\\/\\\/www.aclanester56.com\\\/velo\\\/#\\\/schema\\\/logo\\\/image\\\/\"},\"sameAs\":[\"https:\\\/\\\/www.facebook.com\\\/pages\\\/AC-Lanester-56\\\/190286300991242?fref=ts\"]},{\"@type\":\"Person\",\"@id\":\"https:\\\/\\\/www.aclanester56.com\\\/velo\\\/#\\\/schema\\\/person\\\/ca2a44a5fd969e9dd846c72d3b33bc01\",\"name\":\"Jean-Christophe\",\"url\":\"https:\\\/\\\/www.aclanester56.com\\\/velo\\\/author\\\/jeanchristophe\\\/\"}]}<\/script>\n<!-- \/ Yoast SEO plugin. -->","yoast_head_json":{"title":"Au programme ce week-end ! - Avenir Cycliste Lanester 56","robots":{"index":"index","follow":"follow","max-snippet":"max-snippet:-1","max-image-preview":"max-image-preview:large","max-video-preview":"max-video-preview:-1"},"canonical":"https:\/\/www.aclanester56.com\/velo\/au-programme-ce-week-end-2\/","og_locale":"fr_FR","og_type":"article","og_title":"Au programme ce week-end ! - Avenir Cycliste Lanester 56","og_description":"Ce samedi, la deuxi\u00e8me manche des Samedis D\u00e9couverte de la piste se d\u00e9roulera sur le v\u00e9lodrome G\u00e9rard LE MAGUER \u00e0 [&hellip;]","og_url":"https:\/\/www.aclanester56.com\/velo\/au-programme-ce-week-end-2\/","og_site_name":"Avenir Cycliste Lanester 56","article_publisher":"https:\/\/www.facebook.com\/pages\/AC-Lanester-56\/190286300991242?fref=ts","article_published_time":"2011-01-21T11:10:55+00:00","article_modified_time":"2011-12-28T21:36:59+00:00","og_image":[{"width":540,"height":291,"url":"https:\/\/www.aclanester56.com\/velo\/wp-content\/uploads\/2011\/01\/Photo-telegramme-10-01-2011.jpg","type":"image\/jpeg"}],"author":"Jean-Christophe","twitter_misc":{"\u00c9crit par":"Jean-Christophe","Dur\u00e9e de lecture estim\u00e9e":"2 minutes"},"schema":{"@context":"https:\/\/schema.org","@graph":[{"@type":"Article","@id":"https:\/\/www.aclanester56.com\/velo\/au-programme-ce-week-end-2\/#article","isPartOf":{"@id":"https:\/\/www.aclanester56.com\/velo\/au-programme-ce-week-end-2\/"},"author":{"name":"Jean-Christophe","@id":"https:\/\/www.aclanester56.com\/velo\/#\/schema\/person\/ca2a44a5fd969e9dd846c72d3b33bc01"},"headline":"Au programme ce week-end !","datePublished":"2011-01-21T11:10:55+00:00","dateModified":"2011-12-28T21:36:59+00:00","mainEntityOfPage":{"@id":"https:\/\/www.aclanester56.com\/velo\/au-programme-ce-week-end-2\/"},"wordCount":406,"commentCount":0,"publisher":{"@id":"https:\/\/www.aclanester56.com\/velo\/#organization"},"image":{"@id":"https:\/\/www.aclanester56.com\/velo\/au-programme-ce-week-end-2\/#primaryimage"},"thumbnailUrl":"https:\/\/www.aclanester56.com\/velo\/wp-content\/uploads\/2011\/01\/Photo-telegramme-10-01-2011.jpg","articleSection":["AC LANESTER 56","Actualit\u00e9s DN","Les organisations","Les rendez-vous","R\u00e9sultats Ecole de cyclisme"],"inLanguage":"fr-FR","potentialAction":[{"@type":"CommentAction","name":"Comment","target":["https:\/\/www.aclanester56.com\/velo\/au-programme-ce-week-end-2\/#respond"]}]},{"@type":"WebPage","@id":"https:\/\/www.aclanester56.com\/velo\/au-programme-ce-week-end-2\/","url":"https:\/\/www.aclanester56.com\/velo\/au-programme-ce-week-end-2\/","name":"Au programme ce week-end ! - Avenir Cycliste Lanester 56","isPartOf":{"@id":"https:\/\/www.aclanester56.com\/velo\/#website"},"primaryImageOfPage":{"@id":"https:\/\/www.aclanester56.com\/velo\/au-programme-ce-week-end-2\/#primaryimage"},"image":{"@id":"https:\/\/www.aclanester56.com\/velo\/au-programme-ce-week-end-2\/#primaryimage"},"thumbnailUrl":"https:\/\/www.aclanester56.com\/velo\/wp-content\/uploads\/2011\/01\/Photo-telegramme-10-01-2011.jpg","datePublished":"2011-01-21T11:10:55+00:00","dateModified":"2011-12-28T21:36:59+00:00","inLanguage":"fr-FR","potentialAction":[{"@type":"ReadAction","target":["https:\/\/www.aclanester56.com\/velo\/au-programme-ce-week-end-2\/"]}]},{"@type":"ImageObject","inLanguage":"fr-FR","@id":"https:\/\/www.aclanester56.com\/velo\/au-programme-ce-week-end-2\/#primaryimage","url":"https:\/\/www.aclanester56.com\/velo\/wp-content\/uploads\/2011\/01\/Photo-telegramme-10-01-2011.jpg","contentUrl":"https:\/\/www.aclanester56.com\/velo\/wp-content\/uploads\/2011\/01\/Photo-telegramme-10-01-2011.jpg","width":540,"height":291,"caption":"Photo du T\u00e9l\u00e9gramme en date du 10-01-2011"},{"@type":"WebSite","@id":"https:\/\/www.aclanester56.com\/velo\/#website","url":"https:\/\/www.aclanester56.com\/velo\/","name":"Avenir Cycliste Lanester 56","description":"Club cycliste de l&#039;AC LANESTER 56","publisher":{"@id":"https:\/\/www.aclanester56.com\/velo\/#organization"},"potentialAction":[{"@type":"SearchAction","target":{"@type":"EntryPoint","urlTemplate":"https:\/\/www.aclanester56.com\/velo\/?s={search_term_string}"},"query-input":{"@type":"PropertyValueSpecification","valueRequired":true,"valueName":"search_term_string"}}],"inLanguage":"fr-FR"},{"@type":"Organization","@id":"https:\/\/www.aclanester56.com\/velo\/#organization","name":"Avenir Cycliste Lanester 56","url":"https:\/\/www.aclanester56.com\/velo\/","logo":{"@type":"ImageObject","inLanguage":"fr-FR","@id":"https:\/\/www.aclanester56.com\/velo\/#\/schema\/logo\/image\/","url":"https:\/\/www.aclanester56.com\/velo\/wp-content\/uploads\/2013\/04\/logo-ACL.jpg","contentUrl":"https:\/\/www.aclanester56.com\/velo\/wp-content\/uploads\/2013\/04\/logo-ACL.jpg","width":400,"height":334,"caption":"Avenir Cycliste Lanester 56"},"image":{"@id":"https:\/\/www.aclanester56.com\/velo\/#\/schema\/logo\/image\/"},"sameAs":["https:\/\/www.facebook.com\/pages\/AC-Lanester-56\/190286300991242?fref=ts"]},{"@type":"Person","@id":"https:\/\/www.aclanester56.com\/velo\/#\/schema\/person\/ca2a44a5fd969e9dd846c72d3b33bc01","name":"Jean-Christophe","url":"https:\/\/www.aclanester56.com\/velo\/author\/jeanchristophe\/"}]}},"_links":{"self":[{"href":"https:\/\/www.aclanester56.com\/velo\/wp-json\/wp\/v2\/posts\/6424","targetHints":{"allow":["GET"]}}],"collection":[{"href":"https:\/\/www.aclanester56.com\/velo\/wp-json\/wp\/v2\/posts"}],"about":[{"href":"https:\/\/www.aclanester56.com\/velo\/wp-json\/wp\/v2\/types\/post"}],"author":[{"embeddable":true,"href":"https:\/\/www.aclanester56.com\/velo\/wp-json\/wp\/v2\/users\/14"}],"replies":[{"embeddable":true,"href":"https:\/\/www.aclanester56.com\/velo\/wp-json\/wp\/v2\/comments?post=6424"}],"version-history":[{"count":0,"href":"https:\/\/www.aclanester56.com\/velo\/wp-json\/wp\/v2\/posts\/6424\/revisions"}],"wp:featuredmedia":[{"embeddable":true,"href":"https:\/\/www.aclanester56.com\/velo\/wp-json\/wp\/v2\/media\/6289"}],"wp:attachment":[{"href":"https:\/\/www.aclanester56.com\/velo\/wp-json\/wp\/v2\/media?parent=6424"}],"wp:term":[{"taxonomy":"category","embeddable":true,"href":"https:\/\/www.aclanester56.com\/velo\/wp-json\/wp\/v2\/categories?post=6424"},{"taxonomy":"post_tag","embeddable":true,"href":"https:\/\/www.aclanester56.com\/velo\/wp-json\/wp\/v2\/tags?post=6424"}],"curies":[{"name":"wp","href":"https:\/\/api.w.org\/{rel}","templated":true}]}}