{"id":6444,"date":"2011-01-23T13:54:01","date_gmt":"2011-01-23T12:54:01","guid":{"rendered":"http:\/\/www.aclanester56.com\/velo\/?p=6444"},"modified":"2011-01-23T13:54:01","modified_gmt":"2011-01-23T12:54:01","slug":"matthieu-boulo-vainqueur-de-la-finale-de-la-coupe-du-monde-de-cyclo-cross","status":"publish","type":"post","link":"https:\/\/www.aclanester56.com\/velo\/matthieu-boulo-vainqueur-de-la-finale-de-la-coupe-du-monde-de-cyclo-cross\/","title":{"rendered":"Matthieu BOULO vainqueur de la finale de la Coupe du Monde de cyclo-cross !"},"content":{"rendered":"<div id=\"attachment_6446\" style=\"width: 249px\" class=\"wp-caption alignleft\"><a href=\"http:\/\/www.aclanester56.com\/velo\/wp-content\/uploads\/2011\/01\/Matthieu_BOULO_Pontchateau.jpg\"><img loading=\"lazy\" decoding=\"async\" aria-describedby=\"caption-attachment-6446\" class=\"size-full wp-image-6446\" title=\"Matthieu BOULO remporte sa deuxi\u00e8me manche de Coupe du Monde en l'espace d'une semaine ! (photo Julien BERRE \u00e0 Pontchateau)\" src=\"http:\/\/www.aclanester56.com\/velo\/wp-content\/uploads\/2011\/01\/Matthieu_BOULO_Pontchateau.jpg\" alt=\"\" width=\"239\" height=\"360\" srcset=\"https:\/\/www.aclanester56.com\/velo\/wp-content\/uploads\/2011\/01\/Matthieu_BOULO_Pontchateau.jpg 478w, https:\/\/www.aclanester56.com\/velo\/wp-content\/uploads\/2011\/01\/Matthieu_BOULO_Pontchateau-199x300.jpg 199w, https:\/\/www.aclanester56.com\/velo\/wp-content\/uploads\/2011\/01\/Matthieu_BOULO_Pontchateau-398x600.jpg 398w\" sizes=\"auto, (max-width: 239px) 100vw, 239px\" \/><\/a><p id=\"caption-attachment-6446\" class=\"wp-caption-text\">Matthieu BOULO remporte sa deuxi\u00e8me manche de Coupe du Monde en l&#39;espace d&#39;une semaine ! (photo Julien BERRE \u00e0 Pontchateau)<\/p><\/div>\n<p style=\"text-align: justify;\">Une semaine apr\u00e8s avoir remport\u00e9 l&rsquo;avant-derni\u00e8re manche \u00e0 Pontchateau, Matthieu BOULO a r\u00e9cidiv\u00e9 sur la derni\u00e8re manche de la Coupe du Monde Espoirs de cyclo-cross disput\u00e9e \u00e0 Hoogerheide, aux Pays-Bas !<\/p>\n<p><br class=\"spacer_\" \/><\/p>\n<p><!--more--><\/p>\n<p><br class=\"spacer_\" \/><\/p>\n<p style=\"text-align: justify;\">Nous faisons partager r\u00e9guli\u00e8rement les performances des professionnels licenci\u00e9s \u00e0 l&rsquo;AC LANESTER 56 et en ce moment, le sympathique Matthieu BOULO tient le haut de l&rsquo;affiche. Il vient en effet de remporter coup sur coup, en l&rsquo;espace d&rsquo;une semaine, les deux derni\u00e8res manches de la Coupe du Monde Espoirs de cyclo-cross , face aux t\u00e9nors de la cat\u00e9gorie. Impressionnant !<\/p>\n<p style=\"text-align: justify;\">Au classement final de la Coupe du Monde, il pointe en deuxi\u00e8me position \u00e0 un petit point seulement du champion d&rsquo;Europe, le Hollandais Lars VAN DER HAAR !<\/p>\n<p style=\"text-align: justify;\">Matthieu sera l&rsquo;un des grands favoris lors du championnat du monde qui aura lieu samedi prochain \u00e0 Sankt-Wendel, en Allemagne. Nous lui souhaitons \u00e9videmment de r\u00e9ussir dans sa qu\u00eate au maillot arc-en-ciel !<\/p>\n<p><br class=\"spacer_\" \/><\/p>\n<p><br class=\"spacer_\" \/><\/p>\n<p><br class=\"spacer_\" \/><\/p>\n<p style=\"text-align: justify;\"><strong><span style=\"text-decoration: underline;\">R\u00e9sultats (source directVelo) :<\/span><\/strong><br \/>\n <span style=\"background-color: #ff6600;\">1\u00a0BOULO Matthieu\u00a0\u00a0\u00a0 FRANCE\u00a0\u00a0\u00a0 00:51:48<br \/>\n <\/span>2\u00a0ADAMS Joeri\u00a0\u00a0\u00a0 BELGIQUE\u00a0\u00a0\u00a0 +00:01<br \/>\n 3\u00a0VAN DER HAAR Lars\u00a0\u00a0\u00a0 PAYS-BAS\u00a0\u00a0\u00a0 +00:03<br \/>\n 4 AERNOUTS Jim\u00a0\u00a0\u00a0 BELGIQUE\u00a0\u00a0\u00a0 +00:06<br \/>\n 5\u00a0BRAET Vinnie\u00a0\u00a0\u00a0 BELGIQUE\u00a0\u00a0\u00a0 +00:07<br \/>\n 6\u00a0KONWA Marek\u00a0\u00a0\u00a0 POLOGNE\u00a0\u00a0\u00a0 +00:10<br \/>\n 7\u00a0BOSMANS Wietse\u00a0\u00a0\u00a0 BELGIQUE\u00a0\u00a0\u00a0 +00:20<br \/>\n 8\u00a0GRAS Irwin\u00a0\u00a0\u00a0 FRANCE\u00a0\u00a0\u00a0 +00:40<br \/>\n 9\u00a0VAN DEN BRAND Twan\u00a0\u00a0\u00a0 PAYS-BAS\u00a0\u00a0\u00a0 +00:40<br \/>\n 10 QUAST Ole\u00a0\u00a0\u00a0 ALLEMAGNE\u00a0\u00a0\u00a0 +00:42<\/p>\n<p><strong><span style=\"text-decoration: underline;\">Classement g\u00e9n\u00e9ral final de la Coupe du Monde :<\/span><\/strong><br \/>\n 1 VAN DER HAAR Lars\u00a0\u00a0\u00a0 PAYS-BAS\u00a0\u00a0\u00a0 220 pts<br \/>\n <span style=\"background-color: #ff6600;\">2 BOULO Matthieu\u00a0\u00a0\u00a0 FRANCE\u00a0\u00a0\u00a0 219<br \/>\n <\/span>3 BOSMANS Wietse\u00a0\u00a0\u00a0 BELGIQUE\u00a0\u00a0\u00a0 186<br \/>\n 4 BAESTAENS Vincent\u00a0\u00a0\u00a0 BELGIQUE\u00a0\u00a0\u00a0 183<br \/>\n 5\u00a0ADAMS Joeri\u00a0\u00a0\u00a0 BELGIQUE\u00a0\u00a0\u00a0 166<br \/>\n 6 AERNOUTS Jim\u00a0\u00a0\u00a0 BELGIQUE\u00a0\u00a0\u00a0 139<br \/>\n 7 SILVESTRI Elia\u00a0\u00a0\u00a0 ITALIE\u00a0\u00a0\u00a0 121<br \/>\n 8\u00a0EISING Tijmen\u00a0\u00a0\u00a0 PAYS-BAS\u00a0\u00a0\u00a0 112<br \/>\n 9 BRAET Vinnie\u00a0\u00a0\u00a0 BELGIQUE\u00a0\u00a0\u00a0 110<br \/>\n 10\u00a0VAN EMPEL Micki\u00a0\u00a0\u00a0 PAYS-BAS\u00a0\u00a0\u00a0 81<\/p>\n","protected":false},"excerpt":{"rendered":"<p>Une semaine apr\u00e8s avoir remport\u00e9 l&rsquo;avant-derni\u00e8re manche \u00e0 Pontchateau, Matthieu BOULO a r\u00e9cidiv\u00e9 sur la derni\u00e8re manche de la Coupe [&hellip;]<\/p>\n","protected":false},"author":14,"featured_media":6446,"comment_status":"open","ping_status":"closed","sticky":false,"template":"","format":"standard","meta":{"ngg_post_thumbnail":0,"footnotes":""},"categories":[5,28],"tags":[],"class_list":["post-6444","post","type-post","status-publish","format-standard","has-post-thumbnail","hentry","category-ac-lanester-56","category-resultats-cyclo-cross"],"yoast_head":"<!-- This site is optimized with the Yoast SEO plugin v27.5 - https:\/\/yoast.com\/product\/yoast-seo-wordpress\/ -->\n<title>Matthieu BOULO vainqueur de la finale de la Coupe du Monde de cyclo-cross ! - Avenir Cycliste Lanester 56<\/title>\n<meta name=\"robots\" content=\"index, follow, max-snippet:-1, max-image-preview:large, max-video-preview:-1\" \/>\n<link rel=\"canonical\" href=\"https:\/\/www.aclanester56.com\/velo\/matthieu-boulo-vainqueur-de-la-finale-de-la-coupe-du-monde-de-cyclo-cross\/\" \/>\n<meta property=\"og:locale\" content=\"fr_FR\" \/>\n<meta property=\"og:type\" content=\"article\" \/>\n<meta property=\"og:title\" content=\"Matthieu BOULO vainqueur de la finale de la Coupe du Monde de cyclo-cross ! - Avenir Cycliste Lanester 56\" \/>\n<meta property=\"og:description\" content=\"Une semaine apr\u00e8s avoir remport\u00e9 l&rsquo;avant-derni\u00e8re manche \u00e0 Pontchateau, Matthieu BOULO a r\u00e9cidiv\u00e9 sur la derni\u00e8re manche de la Coupe [&hellip;]\" \/>\n<meta property=\"og:url\" content=\"https:\/\/www.aclanester56.com\/velo\/matthieu-boulo-vainqueur-de-la-finale-de-la-coupe-du-monde-de-cyclo-cross\/\" \/>\n<meta property=\"og:site_name\" content=\"Avenir Cycliste Lanester 56\" \/>\n<meta property=\"article:publisher\" content=\"https:\/\/www.facebook.com\/pages\/AC-Lanester-56\/190286300991242?fref=ts\" \/>\n<meta property=\"article:published_time\" content=\"2011-01-23T12:54:01+00:00\" \/>\n<meta property=\"og:image\" content=\"https:\/\/www.aclanester56.com\/velo\/wp-content\/uploads\/2011\/01\/Matthieu_BOULO_Pontchateau.jpg\" \/>\n\t<meta property=\"og:image:width\" content=\"478\" \/>\n\t<meta property=\"og:image:height\" content=\"720\" \/>\n\t<meta property=\"og:image:type\" content=\"image\/jpeg\" \/>\n<meta name=\"author\" content=\"Jean-Christophe\" \/>\n<meta name=\"twitter:label1\" content=\"\u00c9crit par\" \/>\n\t<meta name=\"twitter:data1\" content=\"Jean-Christophe\" \/>\n\t<meta name=\"twitter:label2\" content=\"Dur\u00e9e de lecture estim\u00e9e\" \/>\n\t<meta name=\"twitter:data2\" content=\"1 minute\" \/>\n<script type=\"application\/ld+json\" class=\"yoast-schema-graph\">{\"@context\":\"https:\\\/\\\/schema.org\",\"@graph\":[{\"@type\":\"Article\",\"@id\":\"https:\\\/\\\/www.aclanester56.com\\\/velo\\\/matthieu-boulo-vainqueur-de-la-finale-de-la-coupe-du-monde-de-cyclo-cross\\\/#article\",\"isPartOf\":{\"@id\":\"https:\\\/\\\/www.aclanester56.com\\\/velo\\\/matthieu-boulo-vainqueur-de-la-finale-de-la-coupe-du-monde-de-cyclo-cross\\\/\"},\"author\":{\"name\":\"Jean-Christophe\",\"@id\":\"https:\\\/\\\/www.aclanester56.com\\\/velo\\\/#\\\/schema\\\/person\\\/ca2a44a5fd969e9dd846c72d3b33bc01\"},\"headline\":\"Matthieu BOULO vainqueur de la finale de la Coupe du Monde de cyclo-cross !\",\"datePublished\":\"2011-01-23T12:54:01+00:00\",\"mainEntityOfPage\":{\"@id\":\"https:\\\/\\\/www.aclanester56.com\\\/velo\\\/matthieu-boulo-vainqueur-de-la-finale-de-la-coupe-du-monde-de-cyclo-cross\\\/\"},\"wordCount\":279,\"commentCount\":0,\"publisher\":{\"@id\":\"https:\\\/\\\/www.aclanester56.com\\\/velo\\\/#organization\"},\"image\":{\"@id\":\"https:\\\/\\\/www.aclanester56.com\\\/velo\\\/matthieu-boulo-vainqueur-de-la-finale-de-la-coupe-du-monde-de-cyclo-cross\\\/#primaryimage\"},\"thumbnailUrl\":\"https:\\\/\\\/www.aclanester56.com\\\/velo\\\/wp-content\\\/uploads\\\/2011\\\/01\\\/Matthieu_BOULO_Pontchateau.jpg\",\"articleSection\":[\"AC LANESTER 56\",\"R\u00e9sultats Cyclo-Cross\"],\"inLanguage\":\"fr-FR\",\"potentialAction\":[{\"@type\":\"CommentAction\",\"name\":\"Comment\",\"target\":[\"https:\\\/\\\/www.aclanester56.com\\\/velo\\\/matthieu-boulo-vainqueur-de-la-finale-de-la-coupe-du-monde-de-cyclo-cross\\\/#respond\"]}]},{\"@type\":\"WebPage\",\"@id\":\"https:\\\/\\\/www.aclanester56.com\\\/velo\\\/matthieu-boulo-vainqueur-de-la-finale-de-la-coupe-du-monde-de-cyclo-cross\\\/\",\"url\":\"https:\\\/\\\/www.aclanester56.com\\\/velo\\\/matthieu-boulo-vainqueur-de-la-finale-de-la-coupe-du-monde-de-cyclo-cross\\\/\",\"name\":\"Matthieu BOULO vainqueur de la finale de la Coupe du Monde de cyclo-cross ! - Avenir Cycliste Lanester 56\",\"isPartOf\":{\"@id\":\"https:\\\/\\\/www.aclanester56.com\\\/velo\\\/#website\"},\"primaryImageOfPage\":{\"@id\":\"https:\\\/\\\/www.aclanester56.com\\\/velo\\\/matthieu-boulo-vainqueur-de-la-finale-de-la-coupe-du-monde-de-cyclo-cross\\\/#primaryimage\"},\"image\":{\"@id\":\"https:\\\/\\\/www.aclanester56.com\\\/velo\\\/matthieu-boulo-vainqueur-de-la-finale-de-la-coupe-du-monde-de-cyclo-cross\\\/#primaryimage\"},\"thumbnailUrl\":\"https:\\\/\\\/www.aclanester56.com\\\/velo\\\/wp-content\\\/uploads\\\/2011\\\/01\\\/Matthieu_BOULO_Pontchateau.jpg\",\"datePublished\":\"2011-01-23T12:54:01+00:00\",\"inLanguage\":\"fr-FR\",\"potentialAction\":[{\"@type\":\"ReadAction\",\"target\":[\"https:\\\/\\\/www.aclanester56.com\\\/velo\\\/matthieu-boulo-vainqueur-de-la-finale-de-la-coupe-du-monde-de-cyclo-cross\\\/\"]}]},{\"@type\":\"ImageObject\",\"inLanguage\":\"fr-FR\",\"@id\":\"https:\\\/\\\/www.aclanester56.com\\\/velo\\\/matthieu-boulo-vainqueur-de-la-finale-de-la-coupe-du-monde-de-cyclo-cross\\\/#primaryimage\",\"url\":\"https:\\\/\\\/www.aclanester56.com\\\/velo\\\/wp-content\\\/uploads\\\/2011\\\/01\\\/Matthieu_BOULO_Pontchateau.jpg\",\"contentUrl\":\"https:\\\/\\\/www.aclanester56.com\\\/velo\\\/wp-content\\\/uploads\\\/2011\\\/01\\\/Matthieu_BOULO_Pontchateau.jpg\",\"width\":478,\"height\":720,\"caption\":\"Matthieu BOULO remporte sa deuxi\u00e8me manche de Coupe du Monde en l'espace d'une semaine ! (photo Julien BERRE \u00e0 Pontchateau)\"},{\"@type\":\"WebSite\",\"@id\":\"https:\\\/\\\/www.aclanester56.com\\\/velo\\\/#website\",\"url\":\"https:\\\/\\\/www.aclanester56.com\\\/velo\\\/\",\"name\":\"Avenir Cycliste Lanester 56\",\"description\":\"Club cycliste de l&#039;AC LANESTER 56\",\"publisher\":{\"@id\":\"https:\\\/\\\/www.aclanester56.com\\\/velo\\\/#organization\"},\"potentialAction\":[{\"@type\":\"SearchAction\",\"target\":{\"@type\":\"EntryPoint\",\"urlTemplate\":\"https:\\\/\\\/www.aclanester56.com\\\/velo\\\/?s={search_term_string}\"},\"query-input\":{\"@type\":\"PropertyValueSpecification\",\"valueRequired\":true,\"valueName\":\"search_term_string\"}}],\"inLanguage\":\"fr-FR\"},{\"@type\":\"Organization\",\"@id\":\"https:\\\/\\\/www.aclanester56.com\\\/velo\\\/#organization\",\"name\":\"Avenir Cycliste Lanester 56\",\"url\":\"https:\\\/\\\/www.aclanester56.com\\\/velo\\\/\",\"logo\":{\"@type\":\"ImageObject\",\"inLanguage\":\"fr-FR\",\"@id\":\"https:\\\/\\\/www.aclanester56.com\\\/velo\\\/#\\\/schema\\\/logo\\\/image\\\/\",\"url\":\"https:\\\/\\\/www.aclanester56.com\\\/velo\\\/wp-content\\\/uploads\\\/2013\\\/04\\\/logo-ACL.jpg\",\"contentUrl\":\"https:\\\/\\\/www.aclanester56.com\\\/velo\\\/wp-content\\\/uploads\\\/2013\\\/04\\\/logo-ACL.jpg\",\"width\":400,\"height\":334,\"caption\":\"Avenir Cycliste Lanester 56\"},\"image\":{\"@id\":\"https:\\\/\\\/www.aclanester56.com\\\/velo\\\/#\\\/schema\\\/logo\\\/image\\\/\"},\"sameAs\":[\"https:\\\/\\\/www.facebook.com\\\/pages\\\/AC-Lanester-56\\\/190286300991242?fref=ts\"]},{\"@type\":\"Person\",\"@id\":\"https:\\\/\\\/www.aclanester56.com\\\/velo\\\/#\\\/schema\\\/person\\\/ca2a44a5fd969e9dd846c72d3b33bc01\",\"name\":\"Jean-Christophe\",\"url\":\"https:\\\/\\\/www.aclanester56.com\\\/velo\\\/author\\\/jeanchristophe\\\/\"}]}<\/script>\n<!-- \/ Yoast SEO plugin. -->","yoast_head_json":{"title":"Matthieu BOULO vainqueur de la finale de la Coupe du Monde de cyclo-cross ! - Avenir Cycliste Lanester 56","robots":{"index":"index","follow":"follow","max-snippet":"max-snippet:-1","max-image-preview":"max-image-preview:large","max-video-preview":"max-video-preview:-1"},"canonical":"https:\/\/www.aclanester56.com\/velo\/matthieu-boulo-vainqueur-de-la-finale-de-la-coupe-du-monde-de-cyclo-cross\/","og_locale":"fr_FR","og_type":"article","og_title":"Matthieu BOULO vainqueur de la finale de la Coupe du Monde de cyclo-cross ! - Avenir Cycliste Lanester 56","og_description":"Une semaine apr\u00e8s avoir remport\u00e9 l&rsquo;avant-derni\u00e8re manche \u00e0 Pontchateau, Matthieu BOULO a r\u00e9cidiv\u00e9 sur la derni\u00e8re manche de la Coupe [&hellip;]","og_url":"https:\/\/www.aclanester56.com\/velo\/matthieu-boulo-vainqueur-de-la-finale-de-la-coupe-du-monde-de-cyclo-cross\/","og_site_name":"Avenir Cycliste Lanester 56","article_publisher":"https:\/\/www.facebook.com\/pages\/AC-Lanester-56\/190286300991242?fref=ts","article_published_time":"2011-01-23T12:54:01+00:00","og_image":[{"width":478,"height":720,"url":"https:\/\/www.aclanester56.com\/velo\/wp-content\/uploads\/2011\/01\/Matthieu_BOULO_Pontchateau.jpg","type":"image\/jpeg"}],"author":"Jean-Christophe","twitter_misc":{"\u00c9crit par":"Jean-Christophe","Dur\u00e9e de lecture estim\u00e9e":"1 minute"},"schema":{"@context":"https:\/\/schema.org","@graph":[{"@type":"Article","@id":"https:\/\/www.aclanester56.com\/velo\/matthieu-boulo-vainqueur-de-la-finale-de-la-coupe-du-monde-de-cyclo-cross\/#article","isPartOf":{"@id":"https:\/\/www.aclanester56.com\/velo\/matthieu-boulo-vainqueur-de-la-finale-de-la-coupe-du-monde-de-cyclo-cross\/"},"author":{"name":"Jean-Christophe","@id":"https:\/\/www.aclanester56.com\/velo\/#\/schema\/person\/ca2a44a5fd969e9dd846c72d3b33bc01"},"headline":"Matthieu BOULO vainqueur de la finale de la Coupe du Monde de cyclo-cross !","datePublished":"2011-01-23T12:54:01+00:00","mainEntityOfPage":{"@id":"https:\/\/www.aclanester56.com\/velo\/matthieu-boulo-vainqueur-de-la-finale-de-la-coupe-du-monde-de-cyclo-cross\/"},"wordCount":279,"commentCount":0,"publisher":{"@id":"https:\/\/www.aclanester56.com\/velo\/#organization"},"image":{"@id":"https:\/\/www.aclanester56.com\/velo\/matthieu-boulo-vainqueur-de-la-finale-de-la-coupe-du-monde-de-cyclo-cross\/#primaryimage"},"thumbnailUrl":"https:\/\/www.aclanester56.com\/velo\/wp-content\/uploads\/2011\/01\/Matthieu_BOULO_Pontchateau.jpg","articleSection":["AC LANESTER 56","R\u00e9sultats Cyclo-Cross"],"inLanguage":"fr-FR","potentialAction":[{"@type":"CommentAction","name":"Comment","target":["https:\/\/www.aclanester56.com\/velo\/matthieu-boulo-vainqueur-de-la-finale-de-la-coupe-du-monde-de-cyclo-cross\/#respond"]}]},{"@type":"WebPage","@id":"https:\/\/www.aclanester56.com\/velo\/matthieu-boulo-vainqueur-de-la-finale-de-la-coupe-du-monde-de-cyclo-cross\/","url":"https:\/\/www.aclanester56.com\/velo\/matthieu-boulo-vainqueur-de-la-finale-de-la-coupe-du-monde-de-cyclo-cross\/","name":"Matthieu BOULO vainqueur de la finale de la Coupe du Monde de cyclo-cross ! - Avenir Cycliste Lanester 56","isPartOf":{"@id":"https:\/\/www.aclanester56.com\/velo\/#website"},"primaryImageOfPage":{"@id":"https:\/\/www.aclanester56.com\/velo\/matthieu-boulo-vainqueur-de-la-finale-de-la-coupe-du-monde-de-cyclo-cross\/#primaryimage"},"image":{"@id":"https:\/\/www.aclanester56.com\/velo\/matthieu-boulo-vainqueur-de-la-finale-de-la-coupe-du-monde-de-cyclo-cross\/#primaryimage"},"thumbnailUrl":"https:\/\/www.aclanester56.com\/velo\/wp-content\/uploads\/2011\/01\/Matthieu_BOULO_Pontchateau.jpg","datePublished":"2011-01-23T12:54:01+00:00","inLanguage":"fr-FR","potentialAction":[{"@type":"ReadAction","target":["https:\/\/www.aclanester56.com\/velo\/matthieu-boulo-vainqueur-de-la-finale-de-la-coupe-du-monde-de-cyclo-cross\/"]}]},{"@type":"ImageObject","inLanguage":"fr-FR","@id":"https:\/\/www.aclanester56.com\/velo\/matthieu-boulo-vainqueur-de-la-finale-de-la-coupe-du-monde-de-cyclo-cross\/#primaryimage","url":"https:\/\/www.aclanester56.com\/velo\/wp-content\/uploads\/2011\/01\/Matthieu_BOULO_Pontchateau.jpg","contentUrl":"https:\/\/www.aclanester56.com\/velo\/wp-content\/uploads\/2011\/01\/Matthieu_BOULO_Pontchateau.jpg","width":478,"height":720,"caption":"Matthieu BOULO remporte sa deuxi\u00e8me manche de Coupe du Monde en l'espace d'une semaine ! (photo Julien BERRE \u00e0 Pontchateau)"},{"@type":"WebSite","@id":"https:\/\/www.aclanester56.com\/velo\/#website","url":"https:\/\/www.aclanester56.com\/velo\/","name":"Avenir Cycliste Lanester 56","description":"Club cycliste de l&#039;AC LANESTER 56","publisher":{"@id":"https:\/\/www.aclanester56.com\/velo\/#organization"},"potentialAction":[{"@type":"SearchAction","target":{"@type":"EntryPoint","urlTemplate":"https:\/\/www.aclanester56.com\/velo\/?s={search_term_string}"},"query-input":{"@type":"PropertyValueSpecification","valueRequired":true,"valueName":"search_term_string"}}],"inLanguage":"fr-FR"},{"@type":"Organization","@id":"https:\/\/www.aclanester56.com\/velo\/#organization","name":"Avenir Cycliste Lanester 56","url":"https:\/\/www.aclanester56.com\/velo\/","logo":{"@type":"ImageObject","inLanguage":"fr-FR","@id":"https:\/\/www.aclanester56.com\/velo\/#\/schema\/logo\/image\/","url":"https:\/\/www.aclanester56.com\/velo\/wp-content\/uploads\/2013\/04\/logo-ACL.jpg","contentUrl":"https:\/\/www.aclanester56.com\/velo\/wp-content\/uploads\/2013\/04\/logo-ACL.jpg","width":400,"height":334,"caption":"Avenir Cycliste Lanester 56"},"image":{"@id":"https:\/\/www.aclanester56.com\/velo\/#\/schema\/logo\/image\/"},"sameAs":["https:\/\/www.facebook.com\/pages\/AC-Lanester-56\/190286300991242?fref=ts"]},{"@type":"Person","@id":"https:\/\/www.aclanester56.com\/velo\/#\/schema\/person\/ca2a44a5fd969e9dd846c72d3b33bc01","name":"Jean-Christophe","url":"https:\/\/www.aclanester56.com\/velo\/author\/jeanchristophe\/"}]}},"_links":{"self":[{"href":"https:\/\/www.aclanester56.com\/velo\/wp-json\/wp\/v2\/posts\/6444","targetHints":{"allow":["GET"]}}],"collection":[{"href":"https:\/\/www.aclanester56.com\/velo\/wp-json\/wp\/v2\/posts"}],"about":[{"href":"https:\/\/www.aclanester56.com\/velo\/wp-json\/wp\/v2\/types\/post"}],"author":[{"embeddable":true,"href":"https:\/\/www.aclanester56.com\/velo\/wp-json\/wp\/v2\/users\/14"}],"replies":[{"embeddable":true,"href":"https:\/\/www.aclanester56.com\/velo\/wp-json\/wp\/v2\/comments?post=6444"}],"version-history":[{"count":0,"href":"https:\/\/www.aclanester56.com\/velo\/wp-json\/wp\/v2\/posts\/6444\/revisions"}],"wp:featuredmedia":[{"embeddable":true,"href":"https:\/\/www.aclanester56.com\/velo\/wp-json\/wp\/v2\/media\/6446"}],"wp:attachment":[{"href":"https:\/\/www.aclanester56.com\/velo\/wp-json\/wp\/v2\/media?parent=6444"}],"wp:term":[{"taxonomy":"category","embeddable":true,"href":"https:\/\/www.aclanester56.com\/velo\/wp-json\/wp\/v2\/categories?post=6444"},{"taxonomy":"post_tag","embeddable":true,"href":"https:\/\/www.aclanester56.com\/velo\/wp-json\/wp\/v2\/tags?post=6444"}],"curies":[{"name":"wp","href":"https:\/\/api.w.org\/{rel}","templated":true}]}}