{"id":6474,"date":"2011-01-24T10:26:57","date_gmt":"2011-01-24T09:26:57","guid":{"rendered":"http:\/\/www.aclanester56.com\/velo\/?p=6474"},"modified":"2011-01-24T10:26:57","modified_gmt":"2011-01-24T09:26:57","slug":"trophee-regional-de-cyclo-cross-a-la-meziere-antoine-coz-remporte-le-classement","status":"publish","type":"post","link":"https:\/\/www.aclanester56.com\/velo\/trophee-regional-de-cyclo-cross-a-la-meziere-antoine-coz-remporte-le-classement\/","title":{"rendered":"Troph\u00e9e r\u00e9gional de cyclo-cross \u00e0 La M\u00e9zi\u00e8re : Antoine COZ remporte le classement g\u00e9n\u00e9ral juniors"},"content":{"rendered":"<div id=\"attachment_6476\" style=\"width: 410px\" class=\"wp-caption alignleft\"><a href=\"http:\/\/www.aclanester56.com\/velo\/wp-content\/uploads\/2011\/01\/DSC_5690-800x531.jpg\"><img loading=\"lazy\" decoding=\"async\" aria-describedby=\"caption-attachment-6476\" class=\"size-large wp-image-6476\" title=\"Le Lanest\u00e9rien Antoine COZ remporte le Troph\u00e9e R\u00e9gional de cyclo-cross juniors (photo archives Philippe LE COCQ)\" src=\"http:\/\/www.aclanester56.com\/velo\/wp-content\/uploads\/2011\/01\/DSC_5690-800x531.jpg\" alt=\"\" width=\"400\" height=\"265\" srcset=\"https:\/\/www.aclanester56.com\/velo\/wp-content\/uploads\/2011\/01\/DSC_5690-800x531.jpg 800w, https:\/\/www.aclanester56.com\/velo\/wp-content\/uploads\/2011\/01\/DSC_5690-300x199.jpg 300w\" sizes=\"auto, (max-width: 400px) 100vw, 400px\" \/><\/a><p id=\"caption-attachment-6476\" class=\"wp-caption-text\">Le Lanest\u00e9rien Antoine COZ remporte le Troph\u00e9e R\u00e9gional de cyclo-cross juniors (photo archives Philippe LE COCQ)<\/p><\/div>\n<p style=\"text-align: justify;\">La finale du Troph\u00e9e R\u00e9gional de cyclo-cross se d\u00e9roulait hier \u00e0 La M\u00e9zi\u00e8re, en Ile-Et-Vilaine. Le Lanest\u00e9rien Flavian LE GUELLEC, affaibli par une grippe, n&rsquo;\u00e9tait pas au d\u00e9part pour d\u00e9fendre sa place de leader au classement g\u00e9n\u00e9ral chez les juniors, mais son comp\u00e8re Antoine COZ a assur\u00e9 l&rsquo;essentiel !<\/p>\n<p><br class=\"spacer_\" \/><\/p>\n<p><!--more--><\/p>\n<p><br class=\"spacer_\" \/><\/p>\n<p style=\"text-align: justify;\"><strong><span style=\"color: #ff6600;\">A Antoine COZ le Troph\u00e9e R\u00e9gional chez les juniors !<\/span><\/strong><\/p>\n<p style=\"text-align: justify;\">S&rsquo;il termine seulement 8\u00e8me de l&rsquo;\u00e9preuve du jour remport\u00e9e par le Plouaysien JAN, le Lanest\u00e9rien Antoine COZ s&rsquo;impose tout de m\u00eame sur le classement g\u00e9n\u00e9ral du Troph\u00e9e R\u00e9gional de cyclo-cross !<\/p>\n<p style=\"text-align: justify;\"><strong><span style=\"color: #ff6600;\">LE CORRE 2\u00e8me en \u00e9lites<\/span><\/strong><\/p>\n<p style=\"text-align: justify;\">Chez les \u00e9lites, le n\u00e9o-professionnel Florian LE CORRE doit s&rsquo;incliner au sprint devant le Normand ROUSSEL sur une \u00e9preuve extr\u00eamement disput\u00e9e, organis\u00e9e de main de ma\u00eetre par Nicolas LEBRETON et son \u00e9quipe, dont David DANION, bien connu \u00e0 Lanester, qui officiait notamment en tant que speaker.<\/p>\n<p><br class=\"spacer_\" \/><\/p>\n<p><strong><span style=\"text-decoration: underline;\">R\u00e9sultats Juniors :<br \/>\n <\/span><\/strong> 1 JAN Antoine\u00a0(\u00a0UCP de PLOUAY\u00a0)<br \/>\n 2 GROUSSARD K\u00e9vin\u00a0(\u00a0CC VITRE\u00a0)<br \/>\n 3 LEPILEUR Aur\u00e9lien\u00a0(\u00a0VC AVRANCHES\u00a0)<br \/>\n 4 GAONACH Guillaume\u00a0(\u00a0CC CONCARNOIS\u00a0)<br \/>\n 5 FUSTEC Maxime\u00a0(\u00a0UCP PLOUAY\u00a0)<br \/>\n 6 LE MOIGNE Yoann\u00a0(\u00a0AC TREGUNC\u00a0)<br \/>\n 7 MOQUET Corentin\u00a0(\u00a0OC CESSON\u00a0)<br \/>\n <span style=\"background-color: #ff6600;\">8 COZ\u00a0 Antoine\u00a0(\u00a0AC LANESTER 56 )<br \/>\n <\/span>9 CATHELINE\u00a0\u00a0 Pierre\u00a0(\u00a0ASPTT RENNES\u00a0)<br \/>\n 10 DELBART Ga\u00ebtan\u00a0(\u00a0ASPTT RENNES\u00a0)<\/p>\n<p><strong><span style=\"text-decoration: underline;\">Classement final du Troph\u00e9e R\u00e9gional Juniors :<br \/>\n<\/span><\/strong> <span style=\"background-color: #ff6600;\">1 COZ\u00a0 Antoine\u00a0(\u00a0AC LANESTER 56 ) 122 pts <br \/>\n 2 JAN Antoine\u00a0(\u00a0UCP de PLOUAY\u00a0) 116 pts <br \/>\n 3 LE MOIGNE Yoann\u00a0(\u00a0AC TREGUNC\u00a0) 104 pts <\/span><\/p>\n<p><br class=\"spacer_\" \/><\/p>\n","protected":false},"excerpt":{"rendered":"<p>La finale du Troph\u00e9e R\u00e9gional de cyclo-cross se d\u00e9roulait hier \u00e0 La M\u00e9zi\u00e8re, en Ile-Et-Vilaine. Le Lanest\u00e9rien Flavian LE GUELLEC, [&hellip;]<\/p>\n","protected":false},"author":14,"featured_media":6476,"comment_status":"open","ping_status":"closed","sticky":false,"template":"","format":"standard","meta":{"ngg_post_thumbnail":0,"footnotes":""},"categories":[5,28],"tags":[],"class_list":["post-6474","post","type-post","status-publish","format-standard","has-post-thumbnail","hentry","category-ac-lanester-56","category-resultats-cyclo-cross"],"yoast_head":"<!-- This site is optimized with the Yoast SEO plugin v27.5 - https:\/\/yoast.com\/product\/yoast-seo-wordpress\/ -->\n<title>Troph\u00e9e r\u00e9gional de cyclo-cross \u00e0 La M\u00e9zi\u00e8re : Antoine COZ remporte le classement g\u00e9n\u00e9ral juniors - Avenir Cycliste Lanester 56<\/title>\n<meta name=\"robots\" content=\"index, follow, max-snippet:-1, max-image-preview:large, max-video-preview:-1\" \/>\n<link rel=\"canonical\" href=\"https:\/\/www.aclanester56.com\/velo\/trophee-regional-de-cyclo-cross-a-la-meziere-antoine-coz-remporte-le-classement\/\" \/>\n<meta property=\"og:locale\" content=\"fr_FR\" \/>\n<meta property=\"og:type\" content=\"article\" \/>\n<meta property=\"og:title\" content=\"Troph\u00e9e r\u00e9gional de cyclo-cross \u00e0 La M\u00e9zi\u00e8re : Antoine COZ remporte le classement g\u00e9n\u00e9ral juniors - Avenir Cycliste Lanester 56\" \/>\n<meta property=\"og:description\" content=\"La finale du Troph\u00e9e R\u00e9gional de cyclo-cross se d\u00e9roulait hier \u00e0 La M\u00e9zi\u00e8re, en Ile-Et-Vilaine. Le Lanest\u00e9rien Flavian LE GUELLEC, [&hellip;]\" \/>\n<meta property=\"og:url\" content=\"https:\/\/www.aclanester56.com\/velo\/trophee-regional-de-cyclo-cross-a-la-meziere-antoine-coz-remporte-le-classement\/\" \/>\n<meta property=\"og:site_name\" content=\"Avenir Cycliste Lanester 56\" \/>\n<meta property=\"article:publisher\" content=\"https:\/\/www.facebook.com\/pages\/AC-Lanester-56\/190286300991242?fref=ts\" \/>\n<meta property=\"article:published_time\" content=\"2011-01-24T09:26:57+00:00\" \/>\n<meta property=\"og:image\" content=\"https:\/\/www.aclanester56.com\/velo\/wp-content\/uploads\/2011\/01\/DSC_5690-800x531.jpg\" \/>\n\t<meta property=\"og:image:width\" content=\"800\" \/>\n\t<meta property=\"og:image:height\" content=\"531\" \/>\n\t<meta property=\"og:image:type\" content=\"image\/jpeg\" \/>\n<meta name=\"author\" content=\"Jean-Christophe\" \/>\n<meta name=\"twitter:label1\" content=\"\u00c9crit par\" \/>\n\t<meta name=\"twitter:data1\" content=\"Jean-Christophe\" \/>\n\t<meta name=\"twitter:label2\" content=\"Dur\u00e9e de lecture estim\u00e9e\" \/>\n\t<meta name=\"twitter:data2\" content=\"1 minute\" \/>\n<script type=\"application\/ld+json\" class=\"yoast-schema-graph\">{\"@context\":\"https:\\\/\\\/schema.org\",\"@graph\":[{\"@type\":\"Article\",\"@id\":\"https:\\\/\\\/www.aclanester56.com\\\/velo\\\/trophee-regional-de-cyclo-cross-a-la-meziere-antoine-coz-remporte-le-classement\\\/#article\",\"isPartOf\":{\"@id\":\"https:\\\/\\\/www.aclanester56.com\\\/velo\\\/trophee-regional-de-cyclo-cross-a-la-meziere-antoine-coz-remporte-le-classement\\\/\"},\"author\":{\"name\":\"Jean-Christophe\",\"@id\":\"https:\\\/\\\/www.aclanester56.com\\\/velo\\\/#\\\/schema\\\/person\\\/ca2a44a5fd969e9dd846c72d3b33bc01\"},\"headline\":\"Troph\u00e9e r\u00e9gional de cyclo-cross \u00e0 La M\u00e9zi\u00e8re : Antoine COZ remporte le classement g\u00e9n\u00e9ral juniors\",\"datePublished\":\"2011-01-24T09:26:57+00:00\",\"mainEntityOfPage\":{\"@id\":\"https:\\\/\\\/www.aclanester56.com\\\/velo\\\/trophee-regional-de-cyclo-cross-a-la-meziere-antoine-coz-remporte-le-classement\\\/\"},\"wordCount\":282,\"commentCount\":0,\"publisher\":{\"@id\":\"https:\\\/\\\/www.aclanester56.com\\\/velo\\\/#organization\"},\"image\":{\"@id\":\"https:\\\/\\\/www.aclanester56.com\\\/velo\\\/trophee-regional-de-cyclo-cross-a-la-meziere-antoine-coz-remporte-le-classement\\\/#primaryimage\"},\"thumbnailUrl\":\"https:\\\/\\\/www.aclanester56.com\\\/velo\\\/wp-content\\\/uploads\\\/2011\\\/01\\\/DSC_5690.jpg\",\"articleSection\":[\"AC LANESTER 56\",\"R\u00e9sultats Cyclo-Cross\"],\"inLanguage\":\"fr-FR\",\"potentialAction\":[{\"@type\":\"CommentAction\",\"name\":\"Comment\",\"target\":[\"https:\\\/\\\/www.aclanester56.com\\\/velo\\\/trophee-regional-de-cyclo-cross-a-la-meziere-antoine-coz-remporte-le-classement\\\/#respond\"]}]},{\"@type\":\"WebPage\",\"@id\":\"https:\\\/\\\/www.aclanester56.com\\\/velo\\\/trophee-regional-de-cyclo-cross-a-la-meziere-antoine-coz-remporte-le-classement\\\/\",\"url\":\"https:\\\/\\\/www.aclanester56.com\\\/velo\\\/trophee-regional-de-cyclo-cross-a-la-meziere-antoine-coz-remporte-le-classement\\\/\",\"name\":\"Troph\u00e9e r\u00e9gional de cyclo-cross \u00e0 La M\u00e9zi\u00e8re : Antoine COZ remporte le classement g\u00e9n\u00e9ral juniors - Avenir Cycliste Lanester 56\",\"isPartOf\":{\"@id\":\"https:\\\/\\\/www.aclanester56.com\\\/velo\\\/#website\"},\"primaryImageOfPage\":{\"@id\":\"https:\\\/\\\/www.aclanester56.com\\\/velo\\\/trophee-regional-de-cyclo-cross-a-la-meziere-antoine-coz-remporte-le-classement\\\/#primaryimage\"},\"image\":{\"@id\":\"https:\\\/\\\/www.aclanester56.com\\\/velo\\\/trophee-regional-de-cyclo-cross-a-la-meziere-antoine-coz-remporte-le-classement\\\/#primaryimage\"},\"thumbnailUrl\":\"https:\\\/\\\/www.aclanester56.com\\\/velo\\\/wp-content\\\/uploads\\\/2011\\\/01\\\/DSC_5690.jpg\",\"datePublished\":\"2011-01-24T09:26:57+00:00\",\"inLanguage\":\"fr-FR\",\"potentialAction\":[{\"@type\":\"ReadAction\",\"target\":[\"https:\\\/\\\/www.aclanester56.com\\\/velo\\\/trophee-regional-de-cyclo-cross-a-la-meziere-antoine-coz-remporte-le-classement\\\/\"]}]},{\"@type\":\"ImageObject\",\"inLanguage\":\"fr-FR\",\"@id\":\"https:\\\/\\\/www.aclanester56.com\\\/velo\\\/trophee-regional-de-cyclo-cross-a-la-meziere-antoine-coz-remporte-le-classement\\\/#primaryimage\",\"url\":\"https:\\\/\\\/www.aclanester56.com\\\/velo\\\/wp-content\\\/uploads\\\/2011\\\/01\\\/DSC_5690.jpg\",\"contentUrl\":\"https:\\\/\\\/www.aclanester56.com\\\/velo\\\/wp-content\\\/uploads\\\/2011\\\/01\\\/DSC_5690.jpg\",\"width\":3216,\"height\":2136,\"caption\":\"Le Lanest\u00e9rien Antoine COZ remporte le Troph\u00e9e R\u00e9gional de cyclo-cross juniors (photo archives Philippe LE COCQ)\"},{\"@type\":\"WebSite\",\"@id\":\"https:\\\/\\\/www.aclanester56.com\\\/velo\\\/#website\",\"url\":\"https:\\\/\\\/www.aclanester56.com\\\/velo\\\/\",\"name\":\"Avenir Cycliste Lanester 56\",\"description\":\"Club cycliste de l&#039;AC LANESTER 56\",\"publisher\":{\"@id\":\"https:\\\/\\\/www.aclanester56.com\\\/velo\\\/#organization\"},\"potentialAction\":[{\"@type\":\"SearchAction\",\"target\":{\"@type\":\"EntryPoint\",\"urlTemplate\":\"https:\\\/\\\/www.aclanester56.com\\\/velo\\\/?s={search_term_string}\"},\"query-input\":{\"@type\":\"PropertyValueSpecification\",\"valueRequired\":true,\"valueName\":\"search_term_string\"}}],\"inLanguage\":\"fr-FR\"},{\"@type\":\"Organization\",\"@id\":\"https:\\\/\\\/www.aclanester56.com\\\/velo\\\/#organization\",\"name\":\"Avenir Cycliste Lanester 56\",\"url\":\"https:\\\/\\\/www.aclanester56.com\\\/velo\\\/\",\"logo\":{\"@type\":\"ImageObject\",\"inLanguage\":\"fr-FR\",\"@id\":\"https:\\\/\\\/www.aclanester56.com\\\/velo\\\/#\\\/schema\\\/logo\\\/image\\\/\",\"url\":\"https:\\\/\\\/www.aclanester56.com\\\/velo\\\/wp-content\\\/uploads\\\/2013\\\/04\\\/logo-ACL.jpg\",\"contentUrl\":\"https:\\\/\\\/www.aclanester56.com\\\/velo\\\/wp-content\\\/uploads\\\/2013\\\/04\\\/logo-ACL.jpg\",\"width\":400,\"height\":334,\"caption\":\"Avenir Cycliste Lanester 56\"},\"image\":{\"@id\":\"https:\\\/\\\/www.aclanester56.com\\\/velo\\\/#\\\/schema\\\/logo\\\/image\\\/\"},\"sameAs\":[\"https:\\\/\\\/www.facebook.com\\\/pages\\\/AC-Lanester-56\\\/190286300991242?fref=ts\"]},{\"@type\":\"Person\",\"@id\":\"https:\\\/\\\/www.aclanester56.com\\\/velo\\\/#\\\/schema\\\/person\\\/ca2a44a5fd969e9dd846c72d3b33bc01\",\"name\":\"Jean-Christophe\",\"url\":\"https:\\\/\\\/www.aclanester56.com\\\/velo\\\/author\\\/jeanchristophe\\\/\"}]}<\/script>\n<!-- \/ Yoast SEO plugin. -->","yoast_head_json":{"title":"Troph\u00e9e r\u00e9gional de cyclo-cross \u00e0 La M\u00e9zi\u00e8re : Antoine COZ remporte le classement g\u00e9n\u00e9ral juniors - Avenir Cycliste Lanester 56","robots":{"index":"index","follow":"follow","max-snippet":"max-snippet:-1","max-image-preview":"max-image-preview:large","max-video-preview":"max-video-preview:-1"},"canonical":"https:\/\/www.aclanester56.com\/velo\/trophee-regional-de-cyclo-cross-a-la-meziere-antoine-coz-remporte-le-classement\/","og_locale":"fr_FR","og_type":"article","og_title":"Troph\u00e9e r\u00e9gional de cyclo-cross \u00e0 La M\u00e9zi\u00e8re : Antoine COZ remporte le classement g\u00e9n\u00e9ral juniors - Avenir Cycliste Lanester 56","og_description":"La finale du Troph\u00e9e R\u00e9gional de cyclo-cross se d\u00e9roulait hier \u00e0 La M\u00e9zi\u00e8re, en Ile-Et-Vilaine. Le Lanest\u00e9rien Flavian LE GUELLEC, [&hellip;]","og_url":"https:\/\/www.aclanester56.com\/velo\/trophee-regional-de-cyclo-cross-a-la-meziere-antoine-coz-remporte-le-classement\/","og_site_name":"Avenir Cycliste Lanester 56","article_publisher":"https:\/\/www.facebook.com\/pages\/AC-Lanester-56\/190286300991242?fref=ts","article_published_time":"2011-01-24T09:26:57+00:00","og_image":[{"width":800,"height":531,"url":"https:\/\/www.aclanester56.com\/velo\/wp-content\/uploads\/2011\/01\/DSC_5690-800x531.jpg","type":"image\/jpeg"}],"author":"Jean-Christophe","twitter_misc":{"\u00c9crit par":"Jean-Christophe","Dur\u00e9e de lecture estim\u00e9e":"1 minute"},"schema":{"@context":"https:\/\/schema.org","@graph":[{"@type":"Article","@id":"https:\/\/www.aclanester56.com\/velo\/trophee-regional-de-cyclo-cross-a-la-meziere-antoine-coz-remporte-le-classement\/#article","isPartOf":{"@id":"https:\/\/www.aclanester56.com\/velo\/trophee-regional-de-cyclo-cross-a-la-meziere-antoine-coz-remporte-le-classement\/"},"author":{"name":"Jean-Christophe","@id":"https:\/\/www.aclanester56.com\/velo\/#\/schema\/person\/ca2a44a5fd969e9dd846c72d3b33bc01"},"headline":"Troph\u00e9e r\u00e9gional de cyclo-cross \u00e0 La M\u00e9zi\u00e8re : Antoine COZ remporte le classement g\u00e9n\u00e9ral juniors","datePublished":"2011-01-24T09:26:57+00:00","mainEntityOfPage":{"@id":"https:\/\/www.aclanester56.com\/velo\/trophee-regional-de-cyclo-cross-a-la-meziere-antoine-coz-remporte-le-classement\/"},"wordCount":282,"commentCount":0,"publisher":{"@id":"https:\/\/www.aclanester56.com\/velo\/#organization"},"image":{"@id":"https:\/\/www.aclanester56.com\/velo\/trophee-regional-de-cyclo-cross-a-la-meziere-antoine-coz-remporte-le-classement\/#primaryimage"},"thumbnailUrl":"https:\/\/www.aclanester56.com\/velo\/wp-content\/uploads\/2011\/01\/DSC_5690.jpg","articleSection":["AC LANESTER 56","R\u00e9sultats Cyclo-Cross"],"inLanguage":"fr-FR","potentialAction":[{"@type":"CommentAction","name":"Comment","target":["https:\/\/www.aclanester56.com\/velo\/trophee-regional-de-cyclo-cross-a-la-meziere-antoine-coz-remporte-le-classement\/#respond"]}]},{"@type":"WebPage","@id":"https:\/\/www.aclanester56.com\/velo\/trophee-regional-de-cyclo-cross-a-la-meziere-antoine-coz-remporte-le-classement\/","url":"https:\/\/www.aclanester56.com\/velo\/trophee-regional-de-cyclo-cross-a-la-meziere-antoine-coz-remporte-le-classement\/","name":"Troph\u00e9e r\u00e9gional de cyclo-cross \u00e0 La M\u00e9zi\u00e8re : Antoine COZ remporte le classement g\u00e9n\u00e9ral juniors - Avenir Cycliste Lanester 56","isPartOf":{"@id":"https:\/\/www.aclanester56.com\/velo\/#website"},"primaryImageOfPage":{"@id":"https:\/\/www.aclanester56.com\/velo\/trophee-regional-de-cyclo-cross-a-la-meziere-antoine-coz-remporte-le-classement\/#primaryimage"},"image":{"@id":"https:\/\/www.aclanester56.com\/velo\/trophee-regional-de-cyclo-cross-a-la-meziere-antoine-coz-remporte-le-classement\/#primaryimage"},"thumbnailUrl":"https:\/\/www.aclanester56.com\/velo\/wp-content\/uploads\/2011\/01\/DSC_5690.jpg","datePublished":"2011-01-24T09:26:57+00:00","inLanguage":"fr-FR","potentialAction":[{"@type":"ReadAction","target":["https:\/\/www.aclanester56.com\/velo\/trophee-regional-de-cyclo-cross-a-la-meziere-antoine-coz-remporte-le-classement\/"]}]},{"@type":"ImageObject","inLanguage":"fr-FR","@id":"https:\/\/www.aclanester56.com\/velo\/trophee-regional-de-cyclo-cross-a-la-meziere-antoine-coz-remporte-le-classement\/#primaryimage","url":"https:\/\/www.aclanester56.com\/velo\/wp-content\/uploads\/2011\/01\/DSC_5690.jpg","contentUrl":"https:\/\/www.aclanester56.com\/velo\/wp-content\/uploads\/2011\/01\/DSC_5690.jpg","width":3216,"height":2136,"caption":"Le Lanest\u00e9rien Antoine COZ remporte le Troph\u00e9e R\u00e9gional de cyclo-cross juniors (photo archives Philippe LE COCQ)"},{"@type":"WebSite","@id":"https:\/\/www.aclanester56.com\/velo\/#website","url":"https:\/\/www.aclanester56.com\/velo\/","name":"Avenir Cycliste Lanester 56","description":"Club cycliste de l&#039;AC LANESTER 56","publisher":{"@id":"https:\/\/www.aclanester56.com\/velo\/#organization"},"potentialAction":[{"@type":"SearchAction","target":{"@type":"EntryPoint","urlTemplate":"https:\/\/www.aclanester56.com\/velo\/?s={search_term_string}"},"query-input":{"@type":"PropertyValueSpecification","valueRequired":true,"valueName":"search_term_string"}}],"inLanguage":"fr-FR"},{"@type":"Organization","@id":"https:\/\/www.aclanester56.com\/velo\/#organization","name":"Avenir Cycliste Lanester 56","url":"https:\/\/www.aclanester56.com\/velo\/","logo":{"@type":"ImageObject","inLanguage":"fr-FR","@id":"https:\/\/www.aclanester56.com\/velo\/#\/schema\/logo\/image\/","url":"https:\/\/www.aclanester56.com\/velo\/wp-content\/uploads\/2013\/04\/logo-ACL.jpg","contentUrl":"https:\/\/www.aclanester56.com\/velo\/wp-content\/uploads\/2013\/04\/logo-ACL.jpg","width":400,"height":334,"caption":"Avenir Cycliste Lanester 56"},"image":{"@id":"https:\/\/www.aclanester56.com\/velo\/#\/schema\/logo\/image\/"},"sameAs":["https:\/\/www.facebook.com\/pages\/AC-Lanester-56\/190286300991242?fref=ts"]},{"@type":"Person","@id":"https:\/\/www.aclanester56.com\/velo\/#\/schema\/person\/ca2a44a5fd969e9dd846c72d3b33bc01","name":"Jean-Christophe","url":"https:\/\/www.aclanester56.com\/velo\/author\/jeanchristophe\/"}]}},"_links":{"self":[{"href":"https:\/\/www.aclanester56.com\/velo\/wp-json\/wp\/v2\/posts\/6474","targetHints":{"allow":["GET"]}}],"collection":[{"href":"https:\/\/www.aclanester56.com\/velo\/wp-json\/wp\/v2\/posts"}],"about":[{"href":"https:\/\/www.aclanester56.com\/velo\/wp-json\/wp\/v2\/types\/post"}],"author":[{"embeddable":true,"href":"https:\/\/www.aclanester56.com\/velo\/wp-json\/wp\/v2\/users\/14"}],"replies":[{"embeddable":true,"href":"https:\/\/www.aclanester56.com\/velo\/wp-json\/wp\/v2\/comments?post=6474"}],"version-history":[{"count":0,"href":"https:\/\/www.aclanester56.com\/velo\/wp-json\/wp\/v2\/posts\/6474\/revisions"}],"wp:featuredmedia":[{"embeddable":true,"href":"https:\/\/www.aclanester56.com\/velo\/wp-json\/wp\/v2\/media\/6476"}],"wp:attachment":[{"href":"https:\/\/www.aclanester56.com\/velo\/wp-json\/wp\/v2\/media?parent=6474"}],"wp:term":[{"taxonomy":"category","embeddable":true,"href":"https:\/\/www.aclanester56.com\/velo\/wp-json\/wp\/v2\/categories?post=6474"},{"taxonomy":"post_tag","embeddable":true,"href":"https:\/\/www.aclanester56.com\/velo\/wp-json\/wp\/v2\/tags?post=6474"}],"curies":[{"name":"wp","href":"https:\/\/api.w.org\/{rel}","templated":true}]}}