{"id":6484,"date":"2011-01-24T23:57:36","date_gmt":"2011-01-24T22:57:36","guid":{"rendered":"http:\/\/www.aclanester56.com\/velo\/?p=6484"},"modified":"2011-01-26T11:44:42","modified_gmt":"2011-01-26T10:44:42","slug":"stage-acl-56-a-la-montagne-compte-rendu-de-la-3eme-journee","status":"publish","type":"post","link":"https:\/\/www.aclanester56.com\/velo\/stage-acl-56-a-la-montagne-compte-rendu-de-la-3eme-journee\/","title":{"rendered":"Stage ACL 56 \u00e0 la montagne \u2013 Compte-rendu de la 3\u00e8me journ\u00e9e"},"content":{"rendered":"<div id=\"attachment_6485\" style=\"width: 330px\" class=\"wp-caption alignleft\"><a href=\"http:\/\/www.aclanester56.com\/velo\/wp-content\/uploads\/2011\/01\/IMG_2373.jpg\"><img loading=\"lazy\" decoding=\"async\" aria-describedby=\"caption-attachment-6485\" class=\"size-full wp-image-6485\" title=\"Les Lanest\u00e9riens s'entra\u00eenent durement au milieu d'un magnifique paysage\" src=\"http:\/\/www.aclanester56.com\/velo\/wp-content\/uploads\/2011\/01\/IMG_2373.jpg\" alt=\"\" width=\"320\" height=\"214\" srcset=\"https:\/\/www.aclanester56.com\/velo\/wp-content\/uploads\/2011\/01\/IMG_2373.jpg 640w, https:\/\/www.aclanester56.com\/velo\/wp-content\/uploads\/2011\/01\/IMG_2373-300x200.jpg 300w\" sizes=\"auto, (max-width: 320px) 100vw, 320px\" \/><\/a><p id=\"caption-attachment-6485\" class=\"wp-caption-text\">Les Lanest\u00e9riens s&#39;entra\u00eenent durement au milieu d&#39;un magnifique paysage<\/p><\/div>\n<p style=\"text-align: justify;\">Les coureurs de 1\u00e8re et 2\u00e8me cat\u00e9gorie sont r\u00e9unis toute la semaine du c\u00f4t\u00e9 de Peyragudes, dans les Pyr\u00e9n\u00e9es, \u00e0 l&rsquo;occasion d&rsquo;un stage. Nous vous proposons aujourd&rsquo;hui le compte-rendu de la journ\u00e9e de ce lundi, avec en prime de magnifiques photos !<\/p>\n<p><br class=\"spacer_\" \/><\/p>\n<p><br class=\"spacer_\" \/><\/p>\n<p style=\"text-align: justify;\"><!--more--><\/p>\n<p><br class=\"spacer_\" \/><\/p>\n<p style=\"text-align: justify;\"><strong><span style=\"color: #ff6600;\">Ski et sauna en matin\u00e9e<\/span><\/strong><\/p>\n<p style=\"text-align: justify;\">Comme hier, la moiti\u00e9 du groupe s&rsquo;est offert ce matin une petite s\u00e9ance de ski, pendant que l&rsquo;autre moiti\u00e9 s&rsquo;est rendu dans un sauna.<\/p>\n<div id=\"attachment_6491\" style=\"width: 330px\" class=\"wp-caption alignright\"><a href=\"http:\/\/www.aclanester56.com\/velo\/wp-content\/uploads\/2011\/01\/IMG_2307.jpg\" ><img loading=\"lazy\" decoding=\"async\" aria-describedby=\"caption-attachment-6491\" src=\"http:\/\/www.aclanester56.com\/velo\/wp-content\/uploads\/2011\/01\/IMG_2307.jpg\" alt=\"\" title=\"Christophe BALANNEC (\u00e0 gauche) et Vincent RAGOT (\u00e0 droite) m\u00e8nent la danse !\" width=\"320\" height=\"214\" class=\"size-full wp-image-6491\" srcset=\"https:\/\/www.aclanester56.com\/velo\/wp-content\/uploads\/2011\/01\/IMG_2307.jpg 640w, https:\/\/www.aclanester56.com\/velo\/wp-content\/uploads\/2011\/01\/IMG_2307-300x200.jpg 300w\" sizes=\"auto, (max-width: 320px) 100vw, 320px\" \/><\/a><p id=\"caption-attachment-6491\" class=\"wp-caption-text\">Christophe BALANNEC (\u00e0 gauche) et Vincent RAGOT (\u00e0 droite) m\u00e8nent la danse !<\/p><\/div>\n<p><br class=\"spacer_\" \/><\/p>\n<p style=\"text-align: justify;\"><strong><span style=\"color: #ff6600;\">Une bonne sortie d&rsquo;entrainement !<\/span><\/strong><\/p>\n<p style=\"text-align: justify;\">Un sacr\u00e9 programme venait agr\u00e9menter l&rsquo;apr\u00e8s-midi des jeunes coureurs de l&rsquo;AC LANESTER 56. Ils ont en effet mont\u00e9 la moiti\u00e9 du col du Portillon, avant de revenir sur Luchon. Ils ont ensuite escalad\u00e9 les pentes qui menaient vers Super-Bagn\u00e8res (une vingtaine de kilom\u00e8tres de mont\u00e9e), puis ont remont\u00e9 le col de Peyresourde (une quinzaine de kilom\u00e8tres). Au total, les Lanest\u00e9riens auront donc roul\u00e9 pendant 4H15.Il faisait aujourd&rsquo;hui encore un superbe soleil et le thermom\u00e8tre a \u00e9galement remont\u00e9 de quelques degr\u00e9s.<\/p>\n<p><br class=\"spacer_\" \/><\/p>\n<div id=\"attachment_6496\" style=\"width: 330px\" class=\"wp-caption alignleft\"><a href=\"http:\/\/www.aclanester56.com\/velo\/wp-content\/uploads\/2011\/01\/IMG_2447.jpg\" ><img loading=\"lazy\" decoding=\"async\" aria-describedby=\"caption-attachment-6496\" src=\"http:\/\/www.aclanester56.com\/velo\/wp-content\/uploads\/2011\/01\/IMG_2447.jpg\" alt=\"\" title=\"Thomas LE BOUCHER, Mael NIVINOU et Gildas LE PRIELLEC (de gauche \u00e0 droite) ont trouv\u00e9 le bon rythme\" width=\"320\" height=\"214\" class=\"size-full wp-image-6496\" srcset=\"https:\/\/www.aclanester56.com\/velo\/wp-content\/uploads\/2011\/01\/IMG_2447.jpg 640w, https:\/\/www.aclanester56.com\/velo\/wp-content\/uploads\/2011\/01\/IMG_2447-300x200.jpg 300w\" sizes=\"auto, (max-width: 320px) 100vw, 320px\" \/><\/a><p id=\"caption-attachment-6496\" class=\"wp-caption-text\">Thomas LE BOUCHER, Mael NIVINOU et Gildas LE PRIELLEC (de gauche \u00e0 droite) ont trouv\u00e9 le bon rythme<\/p><\/div>\n<p><br class=\"spacer_\" \/><\/p>\n<p style=\"text-align: justify;\"><strong><span style=\"color: #ff6600;\">Demain, la suite !<\/span><\/strong><\/p>\n<p style=\"text-align: justify;\"> Ce mardi sera une journ\u00e9e de r\u00e9cup\u00e9ration pour les coureurs. Nous vous proposons de nous retrouver en fin de journ\u00e9e pour le compte-rendu du jour, ainsi que la r\u00e9action d&rsquo;Anthony MIRA et peut-\u00eatre d&rsquo;un autre coureur \u00e9galement !<\/p>\n<div id=\"attachment_6498\" style=\"width: 330px\" class=\"wp-caption alignright\"><a href=\"http:\/\/www.aclanester56.com\/velo\/wp-content\/uploads\/2011\/01\/IMG_2163.jpg\" ><img loading=\"lazy\" decoding=\"async\" aria-describedby=\"caption-attachment-6498\" src=\"http:\/\/www.aclanester56.com\/velo\/wp-content\/uploads\/2011\/01\/IMG_2163.jpg\" alt=\"\" title=\"Christophe BALANNEC et Yann LE BUREL semblent \u00e0 l&#039;aise sur les pentes pyr\u00e9n\u00e9ennes !\" width=\"320\" height=\"214\" class=\"size-full wp-image-6498\" srcset=\"https:\/\/www.aclanester56.com\/velo\/wp-content\/uploads\/2011\/01\/IMG_2163.jpg 640w, https:\/\/www.aclanester56.com\/velo\/wp-content\/uploads\/2011\/01\/IMG_2163-300x200.jpg 300w\" sizes=\"auto, (max-width: 320px) 100vw, 320px\" \/><\/a><p id=\"caption-attachment-6498\" class=\"wp-caption-text\">Christophe BALANNEC et Yann LE BUREL semblent \u00e0 l'aise sur les pentes pyr\u00e9n\u00e9ennes !<\/p><\/div>\n<p><br class=\"spacer_\" \/><\/p>\n","protected":false},"excerpt":{"rendered":"<p>Les coureurs de 1\u00e8re et 2\u00e8me cat\u00e9gorie sont r\u00e9unis toute la semaine du c\u00f4t\u00e9 de Peyragudes, dans les Pyr\u00e9n\u00e9es, \u00e0 [&hellip;]<\/p>\n","protected":false},"author":14,"featured_media":6485,"comment_status":"open","ping_status":"closed","sticky":false,"template":"","format":"standard","meta":{"ngg_post_thumbnail":0,"footnotes":""},"categories":[5,14],"tags":[],"class_list":["post-6484","post","type-post","status-publish","format-standard","has-post-thumbnail","hentry","category-ac-lanester-56","category-actualites-dn"],"yoast_head":"<!-- This site is optimized with the Yoast SEO plugin v27.5 - https:\/\/yoast.com\/product\/yoast-seo-wordpress\/ -->\n<title>Stage ACL 56 \u00e0 la montagne \u2013 Compte-rendu de la 3\u00e8me journ\u00e9e - Avenir Cycliste Lanester 56<\/title>\n<meta name=\"robots\" content=\"index, follow, max-snippet:-1, max-image-preview:large, max-video-preview:-1\" \/>\n<link rel=\"canonical\" href=\"https:\/\/www.aclanester56.com\/velo\/stage-acl-56-a-la-montagne-compte-rendu-de-la-3eme-journee\/\" \/>\n<meta property=\"og:locale\" content=\"fr_FR\" \/>\n<meta property=\"og:type\" content=\"article\" \/>\n<meta property=\"og:title\" content=\"Stage ACL 56 \u00e0 la montagne \u2013 Compte-rendu de la 3\u00e8me journ\u00e9e - Avenir Cycliste Lanester 56\" \/>\n<meta property=\"og:description\" content=\"Les coureurs de 1\u00e8re et 2\u00e8me cat\u00e9gorie sont r\u00e9unis toute la semaine du c\u00f4t\u00e9 de Peyragudes, dans les Pyr\u00e9n\u00e9es, \u00e0 [&hellip;]\" \/>\n<meta property=\"og:url\" content=\"https:\/\/www.aclanester56.com\/velo\/stage-acl-56-a-la-montagne-compte-rendu-de-la-3eme-journee\/\" \/>\n<meta property=\"og:site_name\" content=\"Avenir Cycliste Lanester 56\" \/>\n<meta property=\"article:publisher\" content=\"https:\/\/www.facebook.com\/pages\/AC-Lanester-56\/190286300991242?fref=ts\" \/>\n<meta property=\"article:published_time\" content=\"2011-01-24T22:57:36+00:00\" \/>\n<meta property=\"article:modified_time\" content=\"2011-01-26T10:44:42+00:00\" \/>\n<meta property=\"og:image\" content=\"https:\/\/www.aclanester56.com\/velo\/wp-content\/uploads\/2011\/01\/IMG_2373.jpg\" \/>\n\t<meta property=\"og:image:width\" content=\"640\" \/>\n\t<meta property=\"og:image:height\" content=\"427\" \/>\n\t<meta property=\"og:image:type\" content=\"image\/jpeg\" \/>\n<meta name=\"author\" content=\"Jean-Christophe\" \/>\n<meta name=\"twitter:label1\" content=\"\u00c9crit par\" \/>\n\t<meta name=\"twitter:data1\" content=\"Jean-Christophe\" \/>\n\t<meta name=\"twitter:label2\" content=\"Dur\u00e9e de lecture estim\u00e9e\" \/>\n\t<meta name=\"twitter:data2\" content=\"2 minutes\" \/>\n<script type=\"application\/ld+json\" class=\"yoast-schema-graph\">{\"@context\":\"https:\\\/\\\/schema.org\",\"@graph\":[{\"@type\":\"Article\",\"@id\":\"https:\\\/\\\/www.aclanester56.com\\\/velo\\\/stage-acl-56-a-la-montagne-compte-rendu-de-la-3eme-journee\\\/#article\",\"isPartOf\":{\"@id\":\"https:\\\/\\\/www.aclanester56.com\\\/velo\\\/stage-acl-56-a-la-montagne-compte-rendu-de-la-3eme-journee\\\/\"},\"author\":{\"name\":\"Jean-Christophe\",\"@id\":\"https:\\\/\\\/www.aclanester56.com\\\/velo\\\/#\\\/schema\\\/person\\\/ca2a44a5fd969e9dd846c72d3b33bc01\"},\"headline\":\"Stage ACL 56 \u00e0 la montagne \u2013 Compte-rendu de la 3\u00e8me journ\u00e9e\",\"datePublished\":\"2011-01-24T22:57:36+00:00\",\"dateModified\":\"2011-01-26T10:44:42+00:00\",\"mainEntityOfPage\":{\"@id\":\"https:\\\/\\\/www.aclanester56.com\\\/velo\\\/stage-acl-56-a-la-montagne-compte-rendu-de-la-3eme-journee\\\/\"},\"wordCount\":314,\"commentCount\":1,\"publisher\":{\"@id\":\"https:\\\/\\\/www.aclanester56.com\\\/velo\\\/#organization\"},\"image\":{\"@id\":\"https:\\\/\\\/www.aclanester56.com\\\/velo\\\/stage-acl-56-a-la-montagne-compte-rendu-de-la-3eme-journee\\\/#primaryimage\"},\"thumbnailUrl\":\"https:\\\/\\\/www.aclanester56.com\\\/velo\\\/wp-content\\\/uploads\\\/2011\\\/01\\\/IMG_2373.jpg\",\"articleSection\":[\"AC LANESTER 56\",\"Actualit\u00e9s DN\"],\"inLanguage\":\"fr-FR\",\"potentialAction\":[{\"@type\":\"CommentAction\",\"name\":\"Comment\",\"target\":[\"https:\\\/\\\/www.aclanester56.com\\\/velo\\\/stage-acl-56-a-la-montagne-compte-rendu-de-la-3eme-journee\\\/#respond\"]}]},{\"@type\":\"WebPage\",\"@id\":\"https:\\\/\\\/www.aclanester56.com\\\/velo\\\/stage-acl-56-a-la-montagne-compte-rendu-de-la-3eme-journee\\\/\",\"url\":\"https:\\\/\\\/www.aclanester56.com\\\/velo\\\/stage-acl-56-a-la-montagne-compte-rendu-de-la-3eme-journee\\\/\",\"name\":\"Stage ACL 56 \u00e0 la montagne \u2013 Compte-rendu de la 3\u00e8me journ\u00e9e - Avenir Cycliste Lanester 56\",\"isPartOf\":{\"@id\":\"https:\\\/\\\/www.aclanester56.com\\\/velo\\\/#website\"},\"primaryImageOfPage\":{\"@id\":\"https:\\\/\\\/www.aclanester56.com\\\/velo\\\/stage-acl-56-a-la-montagne-compte-rendu-de-la-3eme-journee\\\/#primaryimage\"},\"image\":{\"@id\":\"https:\\\/\\\/www.aclanester56.com\\\/velo\\\/stage-acl-56-a-la-montagne-compte-rendu-de-la-3eme-journee\\\/#primaryimage\"},\"thumbnailUrl\":\"https:\\\/\\\/www.aclanester56.com\\\/velo\\\/wp-content\\\/uploads\\\/2011\\\/01\\\/IMG_2373.jpg\",\"datePublished\":\"2011-01-24T22:57:36+00:00\",\"dateModified\":\"2011-01-26T10:44:42+00:00\",\"inLanguage\":\"fr-FR\",\"potentialAction\":[{\"@type\":\"ReadAction\",\"target\":[\"https:\\\/\\\/www.aclanester56.com\\\/velo\\\/stage-acl-56-a-la-montagne-compte-rendu-de-la-3eme-journee\\\/\"]}]},{\"@type\":\"ImageObject\",\"inLanguage\":\"fr-FR\",\"@id\":\"https:\\\/\\\/www.aclanester56.com\\\/velo\\\/stage-acl-56-a-la-montagne-compte-rendu-de-la-3eme-journee\\\/#primaryimage\",\"url\":\"https:\\\/\\\/www.aclanester56.com\\\/velo\\\/wp-content\\\/uploads\\\/2011\\\/01\\\/IMG_2373.jpg\",\"contentUrl\":\"https:\\\/\\\/www.aclanester56.com\\\/velo\\\/wp-content\\\/uploads\\\/2011\\\/01\\\/IMG_2373.jpg\",\"width\":640,\"height\":427,\"caption\":\"Les Lanest\u00e9riens s'entra\u00eenent durement au milieu d'un magnifique paysage\"},{\"@type\":\"WebSite\",\"@id\":\"https:\\\/\\\/www.aclanester56.com\\\/velo\\\/#website\",\"url\":\"https:\\\/\\\/www.aclanester56.com\\\/velo\\\/\",\"name\":\"Avenir Cycliste Lanester 56\",\"description\":\"Club cycliste de l&#039;AC LANESTER 56\",\"publisher\":{\"@id\":\"https:\\\/\\\/www.aclanester56.com\\\/velo\\\/#organization\"},\"potentialAction\":[{\"@type\":\"SearchAction\",\"target\":{\"@type\":\"EntryPoint\",\"urlTemplate\":\"https:\\\/\\\/www.aclanester56.com\\\/velo\\\/?s={search_term_string}\"},\"query-input\":{\"@type\":\"PropertyValueSpecification\",\"valueRequired\":true,\"valueName\":\"search_term_string\"}}],\"inLanguage\":\"fr-FR\"},{\"@type\":\"Organization\",\"@id\":\"https:\\\/\\\/www.aclanester56.com\\\/velo\\\/#organization\",\"name\":\"Avenir Cycliste Lanester 56\",\"url\":\"https:\\\/\\\/www.aclanester56.com\\\/velo\\\/\",\"logo\":{\"@type\":\"ImageObject\",\"inLanguage\":\"fr-FR\",\"@id\":\"https:\\\/\\\/www.aclanester56.com\\\/velo\\\/#\\\/schema\\\/logo\\\/image\\\/\",\"url\":\"https:\\\/\\\/www.aclanester56.com\\\/velo\\\/wp-content\\\/uploads\\\/2013\\\/04\\\/logo-ACL.jpg\",\"contentUrl\":\"https:\\\/\\\/www.aclanester56.com\\\/velo\\\/wp-content\\\/uploads\\\/2013\\\/04\\\/logo-ACL.jpg\",\"width\":400,\"height\":334,\"caption\":\"Avenir Cycliste Lanester 56\"},\"image\":{\"@id\":\"https:\\\/\\\/www.aclanester56.com\\\/velo\\\/#\\\/schema\\\/logo\\\/image\\\/\"},\"sameAs\":[\"https:\\\/\\\/www.facebook.com\\\/pages\\\/AC-Lanester-56\\\/190286300991242?fref=ts\"]},{\"@type\":\"Person\",\"@id\":\"https:\\\/\\\/www.aclanester56.com\\\/velo\\\/#\\\/schema\\\/person\\\/ca2a44a5fd969e9dd846c72d3b33bc01\",\"name\":\"Jean-Christophe\",\"url\":\"https:\\\/\\\/www.aclanester56.com\\\/velo\\\/author\\\/jeanchristophe\\\/\"}]}<\/script>\n<!-- \/ Yoast SEO plugin. -->","yoast_head_json":{"title":"Stage ACL 56 \u00e0 la montagne \u2013 Compte-rendu de la 3\u00e8me journ\u00e9e - Avenir Cycliste Lanester 56","robots":{"index":"index","follow":"follow","max-snippet":"max-snippet:-1","max-image-preview":"max-image-preview:large","max-video-preview":"max-video-preview:-1"},"canonical":"https:\/\/www.aclanester56.com\/velo\/stage-acl-56-a-la-montagne-compte-rendu-de-la-3eme-journee\/","og_locale":"fr_FR","og_type":"article","og_title":"Stage ACL 56 \u00e0 la montagne \u2013 Compte-rendu de la 3\u00e8me journ\u00e9e - Avenir Cycliste Lanester 56","og_description":"Les coureurs de 1\u00e8re et 2\u00e8me cat\u00e9gorie sont r\u00e9unis toute la semaine du c\u00f4t\u00e9 de Peyragudes, dans les Pyr\u00e9n\u00e9es, \u00e0 [&hellip;]","og_url":"https:\/\/www.aclanester56.com\/velo\/stage-acl-56-a-la-montagne-compte-rendu-de-la-3eme-journee\/","og_site_name":"Avenir Cycliste Lanester 56","article_publisher":"https:\/\/www.facebook.com\/pages\/AC-Lanester-56\/190286300991242?fref=ts","article_published_time":"2011-01-24T22:57:36+00:00","article_modified_time":"2011-01-26T10:44:42+00:00","og_image":[{"width":640,"height":427,"url":"https:\/\/www.aclanester56.com\/velo\/wp-content\/uploads\/2011\/01\/IMG_2373.jpg","type":"image\/jpeg"}],"author":"Jean-Christophe","twitter_misc":{"\u00c9crit par":"Jean-Christophe","Dur\u00e9e de lecture estim\u00e9e":"2 minutes"},"schema":{"@context":"https:\/\/schema.org","@graph":[{"@type":"Article","@id":"https:\/\/www.aclanester56.com\/velo\/stage-acl-56-a-la-montagne-compte-rendu-de-la-3eme-journee\/#article","isPartOf":{"@id":"https:\/\/www.aclanester56.com\/velo\/stage-acl-56-a-la-montagne-compte-rendu-de-la-3eme-journee\/"},"author":{"name":"Jean-Christophe","@id":"https:\/\/www.aclanester56.com\/velo\/#\/schema\/person\/ca2a44a5fd969e9dd846c72d3b33bc01"},"headline":"Stage ACL 56 \u00e0 la montagne \u2013 Compte-rendu de la 3\u00e8me journ\u00e9e","datePublished":"2011-01-24T22:57:36+00:00","dateModified":"2011-01-26T10:44:42+00:00","mainEntityOfPage":{"@id":"https:\/\/www.aclanester56.com\/velo\/stage-acl-56-a-la-montagne-compte-rendu-de-la-3eme-journee\/"},"wordCount":314,"commentCount":1,"publisher":{"@id":"https:\/\/www.aclanester56.com\/velo\/#organization"},"image":{"@id":"https:\/\/www.aclanester56.com\/velo\/stage-acl-56-a-la-montagne-compte-rendu-de-la-3eme-journee\/#primaryimage"},"thumbnailUrl":"https:\/\/www.aclanester56.com\/velo\/wp-content\/uploads\/2011\/01\/IMG_2373.jpg","articleSection":["AC LANESTER 56","Actualit\u00e9s DN"],"inLanguage":"fr-FR","potentialAction":[{"@type":"CommentAction","name":"Comment","target":["https:\/\/www.aclanester56.com\/velo\/stage-acl-56-a-la-montagne-compte-rendu-de-la-3eme-journee\/#respond"]}]},{"@type":"WebPage","@id":"https:\/\/www.aclanester56.com\/velo\/stage-acl-56-a-la-montagne-compte-rendu-de-la-3eme-journee\/","url":"https:\/\/www.aclanester56.com\/velo\/stage-acl-56-a-la-montagne-compte-rendu-de-la-3eme-journee\/","name":"Stage ACL 56 \u00e0 la montagne \u2013 Compte-rendu de la 3\u00e8me journ\u00e9e - Avenir Cycliste Lanester 56","isPartOf":{"@id":"https:\/\/www.aclanester56.com\/velo\/#website"},"primaryImageOfPage":{"@id":"https:\/\/www.aclanester56.com\/velo\/stage-acl-56-a-la-montagne-compte-rendu-de-la-3eme-journee\/#primaryimage"},"image":{"@id":"https:\/\/www.aclanester56.com\/velo\/stage-acl-56-a-la-montagne-compte-rendu-de-la-3eme-journee\/#primaryimage"},"thumbnailUrl":"https:\/\/www.aclanester56.com\/velo\/wp-content\/uploads\/2011\/01\/IMG_2373.jpg","datePublished":"2011-01-24T22:57:36+00:00","dateModified":"2011-01-26T10:44:42+00:00","inLanguage":"fr-FR","potentialAction":[{"@type":"ReadAction","target":["https:\/\/www.aclanester56.com\/velo\/stage-acl-56-a-la-montagne-compte-rendu-de-la-3eme-journee\/"]}]},{"@type":"ImageObject","inLanguage":"fr-FR","@id":"https:\/\/www.aclanester56.com\/velo\/stage-acl-56-a-la-montagne-compte-rendu-de-la-3eme-journee\/#primaryimage","url":"https:\/\/www.aclanester56.com\/velo\/wp-content\/uploads\/2011\/01\/IMG_2373.jpg","contentUrl":"https:\/\/www.aclanester56.com\/velo\/wp-content\/uploads\/2011\/01\/IMG_2373.jpg","width":640,"height":427,"caption":"Les Lanest\u00e9riens s'entra\u00eenent durement au milieu d'un magnifique paysage"},{"@type":"WebSite","@id":"https:\/\/www.aclanester56.com\/velo\/#website","url":"https:\/\/www.aclanester56.com\/velo\/","name":"Avenir Cycliste Lanester 56","description":"Club cycliste de l&#039;AC LANESTER 56","publisher":{"@id":"https:\/\/www.aclanester56.com\/velo\/#organization"},"potentialAction":[{"@type":"SearchAction","target":{"@type":"EntryPoint","urlTemplate":"https:\/\/www.aclanester56.com\/velo\/?s={search_term_string}"},"query-input":{"@type":"PropertyValueSpecification","valueRequired":true,"valueName":"search_term_string"}}],"inLanguage":"fr-FR"},{"@type":"Organization","@id":"https:\/\/www.aclanester56.com\/velo\/#organization","name":"Avenir Cycliste Lanester 56","url":"https:\/\/www.aclanester56.com\/velo\/","logo":{"@type":"ImageObject","inLanguage":"fr-FR","@id":"https:\/\/www.aclanester56.com\/velo\/#\/schema\/logo\/image\/","url":"https:\/\/www.aclanester56.com\/velo\/wp-content\/uploads\/2013\/04\/logo-ACL.jpg","contentUrl":"https:\/\/www.aclanester56.com\/velo\/wp-content\/uploads\/2013\/04\/logo-ACL.jpg","width":400,"height":334,"caption":"Avenir Cycliste Lanester 56"},"image":{"@id":"https:\/\/www.aclanester56.com\/velo\/#\/schema\/logo\/image\/"},"sameAs":["https:\/\/www.facebook.com\/pages\/AC-Lanester-56\/190286300991242?fref=ts"]},{"@type":"Person","@id":"https:\/\/www.aclanester56.com\/velo\/#\/schema\/person\/ca2a44a5fd969e9dd846c72d3b33bc01","name":"Jean-Christophe","url":"https:\/\/www.aclanester56.com\/velo\/author\/jeanchristophe\/"}]}},"_links":{"self":[{"href":"https:\/\/www.aclanester56.com\/velo\/wp-json\/wp\/v2\/posts\/6484","targetHints":{"allow":["GET"]}}],"collection":[{"href":"https:\/\/www.aclanester56.com\/velo\/wp-json\/wp\/v2\/posts"}],"about":[{"href":"https:\/\/www.aclanester56.com\/velo\/wp-json\/wp\/v2\/types\/post"}],"author":[{"embeddable":true,"href":"https:\/\/www.aclanester56.com\/velo\/wp-json\/wp\/v2\/users\/14"}],"replies":[{"embeddable":true,"href":"https:\/\/www.aclanester56.com\/velo\/wp-json\/wp\/v2\/comments?post=6484"}],"version-history":[{"count":0,"href":"https:\/\/www.aclanester56.com\/velo\/wp-json\/wp\/v2\/posts\/6484\/revisions"}],"wp:featuredmedia":[{"embeddable":true,"href":"https:\/\/www.aclanester56.com\/velo\/wp-json\/wp\/v2\/media\/6485"}],"wp:attachment":[{"href":"https:\/\/www.aclanester56.com\/velo\/wp-json\/wp\/v2\/media?parent=6484"}],"wp:term":[{"taxonomy":"category","embeddable":true,"href":"https:\/\/www.aclanester56.com\/velo\/wp-json\/wp\/v2\/categories?post=6484"},{"taxonomy":"post_tag","embeddable":true,"href":"https:\/\/www.aclanester56.com\/velo\/wp-json\/wp\/v2\/tags?post=6484"}],"curies":[{"name":"wp","href":"https:\/\/api.w.org\/{rel}","templated":true}]}}