{"id":6517,"date":"2011-02-05T08:56:02","date_gmt":"2011-02-05T07:56:02","guid":{"rendered":"http:\/\/www.aclanester56.com\/velo\/?p=6517"},"modified":"2011-02-16T17:35:34","modified_gmt":"2011-02-16T16:35:34","slug":"remise-des-equipements-et-soiree-officielle-de-presentation","status":"publish","type":"post","link":"https:\/\/www.aclanester56.com\/velo\/remise-des-equipements-et-soiree-officielle-de-presentation\/","title":{"rendered":"Remise des \u00e9quipements et soir\u00e9e officielle de pr\u00e9sentation"},"content":{"rendered":"<div id=\"attachment_2075\" style=\"width: 410px\" class=\"wp-caption alignleft\"><a href=\"http:\/\/www.aclanester56.com\/velo\/wp-content\/uploads\/2010\/03\/PRES2010_0054.jpg\"><img loading=\"lazy\" decoding=\"async\" aria-describedby=\"caption-attachment-2075\" class=\"size-full wp-image-2075\" title=\"La pr\u00e9sentation des \u00e9quipes \u00e0 l'H\u00f4tel de Ville de Lanester est tous les ans un moment fort de la vie du club ! (photo archives Pr\u00e9sentation 2010)\" src=\"http:\/\/www.aclanester56.com\/velo\/wp-content\/uploads\/2010\/03\/PRES2010_0054.jpg\" alt=\"\" width=\"400\" height=\"266\" srcset=\"https:\/\/www.aclanester56.com\/velo\/wp-content\/uploads\/2010\/03\/PRES2010_0054.jpg 800w, https:\/\/www.aclanester56.com\/velo\/wp-content\/uploads\/2010\/03\/PRES2010_0054-300x199.jpg 300w\" sizes=\"auto, (max-width: 400px) 100vw, 400px\" \/><\/a><p id=\"caption-attachment-2075\" class=\"wp-caption-text\">La pr\u00e9sentation des \u00e9quipes \u00e0 l&#39;H\u00f4tel de Ville de Lanester est tous les ans un moment fort de la vie du club ! (photo archives Pr\u00e9sentation 2010)<\/p><\/div>\n<p style=\"text-align: justify;\">A vos agendas ! La remise des \u00e9quipements et des licences aux coureurs de l&rsquo;AC LANESTER 56 aura lieu le samedi 12 f\u00e9vrier 2011 au Si\u00e8ge du Club, tandis que la pr\u00e9sentation officielle des \u00e9quipes et du 12\u00e8me TRO DIV STER se d\u00e9roulera le vendredi 18 f\u00e9vrier 2011 \u00e0 l&rsquo;H\u00f4tel de Ville de Lanester.<\/p>\n<p style=\"text-align: justify;\"><!--more--><\/p>\n<p><br class=\"spacer_\" \/><\/p>\n<p style=\"text-align: center;\"><strong><span style=\"color: #ff6600;\"><span style=\"text-decoration: underline;\">Remise des \u00e9quipements et des licences :<\/span> le SAMEDI 12 FEVRIER 2011<\/span><\/strong><\/p>\n<p style=\"text-align: justify;\">Comme indiqu\u00e9 dans le courrier re\u00e7u par tous les adh\u00e9rents de l&rsquo;AC LANESTER 56, la <strong><span style=\"text-decoration: underline;\">remise des \u00e9quipements et des licences<\/span><\/strong> aura lieu le <strong><span style=\"text-decoration: underline;\">samedi 12 f\u00e9vrier 2011<\/span><\/strong> de <strong><span style=\"text-decoration: underline;\">16H \u00e0 19H<\/span><\/strong> au <strong><span style=\"text-decoration: underline;\">Si\u00e8ge du Club<\/span><\/strong>, 73 avenue Kesler Devillers &#8211; 56600 LANESTER.<\/p>\n<p style=\"text-align: justify;\">\u00a0<\/p>\n<p style=\"text-align: center;\"><span style=\"color: #ff6600;\"><strong>*************<\/strong><\/span><\/p>\n<p style=\"text-align: center;\"><span style=\"color: #ff6600;\"><strong><br \/>\n <\/strong><\/span><\/p>\n<p style=\"text-align: center;\"><strong><span style=\"color: #ff6600;\"><span style=\"text-decoration: underline;\">Soir\u00e9e de pr\u00e9sentation des \u00e9quipes et du Tro Div Ster 2011 <\/span>:\u00a0le\u00a0VENDREDI 18 FEVRIER 2011<\/span><\/strong><\/p>\n<p style=\"text-align: justify;\">La <strong><span style=\"text-decoration: underline;\">soir\u00e9e de pr\u00e9sentation des \u00e9quipes et du TRO DIV STER 2011<\/span><\/strong> aura lieu le <strong><span style=\"text-decoration: underline;\">vendredi 18 f\u00e9vrier 2011 <\/span><\/strong>en pr\u00e9sence de Madame le Maire de Lanester, des Elus, de la presse et de tous les partenaires du\u00a0Club \u00e0 <strong><span style=\"text-decoration: underline;\">l&rsquo;H\u00f4tel de Ville de LANESTER.<\/span><\/strong> La pr\u00e9sence de tous les coureurs est attendue \u00e0 partir de <strong><span style=\"text-decoration: underline;\">19H<\/span><\/strong>.<\/p>\n<p style=\"text-align: justify;\">La pr\u00e9sentation du TRO DIV STER 2011 commencera \u00e0 19H10, suivie de la remise de m\u00e9dailles aux dirigeants honor\u00e9s, de la pr\u00e9sentation des \u00e9quipes puis de la r\u00e9ception qui cl\u00f4turera la soir\u00e9e. Vous et vos proches sont \u00e9videmment convi\u00e9s \u00e0 cette agr\u00e9able soir\u00e9e qui lancera pour de bon la saison 2011 de l&rsquo;AC LANESTER 56 !<\/p>\n<p style=\"text-align: center;\"><span style=\"color: #ff6600;\"><br \/>\n <\/span><\/p>\n<p><br class=\"spacer_\" \/><\/p>\n","protected":false},"excerpt":{"rendered":"<p>A vos agendas ! La remise des \u00e9quipements et des licences aux coureurs de l&rsquo;AC LANESTER 56 aura lieu le [&hellip;]<\/p>\n","protected":false},"author":14,"featured_media":2075,"comment_status":"open","ping_status":"closed","sticky":false,"template":"","format":"standard","meta":{"ngg_post_thumbnail":0,"footnotes":""},"categories":[5,7,6],"tags":[],"class_list":["post-6517","post","type-post","status-publish","format-standard","has-post-thumbnail","hentry","category-ac-lanester-56","category-organisations","category-les-rendez-vous"],"yoast_head":"<!-- This site is optimized with the Yoast SEO plugin v27.5 - https:\/\/yoast.com\/product\/yoast-seo-wordpress\/ -->\n<title>Remise des \u00e9quipements et soir\u00e9e officielle de pr\u00e9sentation - Avenir Cycliste Lanester 56<\/title>\n<meta name=\"robots\" content=\"index, follow, max-snippet:-1, max-image-preview:large, max-video-preview:-1\" \/>\n<link rel=\"canonical\" href=\"https:\/\/www.aclanester56.com\/velo\/remise-des-equipements-et-soiree-officielle-de-presentation\/\" \/>\n<meta property=\"og:locale\" content=\"fr_FR\" \/>\n<meta property=\"og:type\" content=\"article\" \/>\n<meta property=\"og:title\" content=\"Remise des \u00e9quipements et soir\u00e9e officielle de pr\u00e9sentation - Avenir Cycliste Lanester 56\" \/>\n<meta property=\"og:description\" content=\"A vos agendas ! La remise des \u00e9quipements et des licences aux coureurs de l&rsquo;AC LANESTER 56 aura lieu le [&hellip;]\" \/>\n<meta property=\"og:url\" content=\"https:\/\/www.aclanester56.com\/velo\/remise-des-equipements-et-soiree-officielle-de-presentation\/\" \/>\n<meta property=\"og:site_name\" content=\"Avenir Cycliste Lanester 56\" \/>\n<meta property=\"article:publisher\" content=\"https:\/\/www.facebook.com\/pages\/AC-Lanester-56\/190286300991242?fref=ts\" \/>\n<meta property=\"article:published_time\" content=\"2011-02-05T07:56:02+00:00\" \/>\n<meta property=\"article:modified_time\" content=\"2011-02-16T16:35:34+00:00\" \/>\n<meta property=\"og:image\" content=\"https:\/\/www.aclanester56.com\/velo\/wp-content\/uploads\/2010\/03\/PRES2010_0054.jpg\" \/>\n\t<meta property=\"og:image:width\" content=\"800\" \/>\n\t<meta property=\"og:image:height\" content=\"533\" \/>\n\t<meta property=\"og:image:type\" content=\"image\/jpeg\" \/>\n<meta name=\"author\" content=\"Jean-Christophe\" \/>\n<meta name=\"twitter:label1\" content=\"\u00c9crit par\" \/>\n\t<meta name=\"twitter:data1\" content=\"Jean-Christophe\" \/>\n\t<meta name=\"twitter:label2\" content=\"Dur\u00e9e de lecture estim\u00e9e\" \/>\n\t<meta name=\"twitter:data2\" content=\"1 minute\" \/>\n<script type=\"application\/ld+json\" class=\"yoast-schema-graph\">{\"@context\":\"https:\\\/\\\/schema.org\",\"@graph\":[{\"@type\":\"Article\",\"@id\":\"https:\\\/\\\/www.aclanester56.com\\\/velo\\\/remise-des-equipements-et-soiree-officielle-de-presentation\\\/#article\",\"isPartOf\":{\"@id\":\"https:\\\/\\\/www.aclanester56.com\\\/velo\\\/remise-des-equipements-et-soiree-officielle-de-presentation\\\/\"},\"author\":{\"name\":\"Jean-Christophe\",\"@id\":\"https:\\\/\\\/www.aclanester56.com\\\/velo\\\/#\\\/schema\\\/person\\\/ca2a44a5fd969e9dd846c72d3b33bc01\"},\"headline\":\"Remise des \u00e9quipements et soir\u00e9e officielle de pr\u00e9sentation\",\"datePublished\":\"2011-02-05T07:56:02+00:00\",\"dateModified\":\"2011-02-16T16:35:34+00:00\",\"mainEntityOfPage\":{\"@id\":\"https:\\\/\\\/www.aclanester56.com\\\/velo\\\/remise-des-equipements-et-soiree-officielle-de-presentation\\\/\"},\"wordCount\":282,\"commentCount\":0,\"publisher\":{\"@id\":\"https:\\\/\\\/www.aclanester56.com\\\/velo\\\/#organization\"},\"image\":{\"@id\":\"https:\\\/\\\/www.aclanester56.com\\\/velo\\\/remise-des-equipements-et-soiree-officielle-de-presentation\\\/#primaryimage\"},\"thumbnailUrl\":\"https:\\\/\\\/www.aclanester56.com\\\/velo\\\/wp-content\\\/uploads\\\/2010\\\/03\\\/PRES2010_0054.jpg\",\"articleSection\":[\"AC LANESTER 56\",\"Les organisations\",\"Les rendez-vous\"],\"inLanguage\":\"fr-FR\",\"potentialAction\":[{\"@type\":\"CommentAction\",\"name\":\"Comment\",\"target\":[\"https:\\\/\\\/www.aclanester56.com\\\/velo\\\/remise-des-equipements-et-soiree-officielle-de-presentation\\\/#respond\"]}]},{\"@type\":\"WebPage\",\"@id\":\"https:\\\/\\\/www.aclanester56.com\\\/velo\\\/remise-des-equipements-et-soiree-officielle-de-presentation\\\/\",\"url\":\"https:\\\/\\\/www.aclanester56.com\\\/velo\\\/remise-des-equipements-et-soiree-officielle-de-presentation\\\/\",\"name\":\"Remise des \u00e9quipements et soir\u00e9e officielle de pr\u00e9sentation - Avenir Cycliste Lanester 56\",\"isPartOf\":{\"@id\":\"https:\\\/\\\/www.aclanester56.com\\\/velo\\\/#website\"},\"primaryImageOfPage\":{\"@id\":\"https:\\\/\\\/www.aclanester56.com\\\/velo\\\/remise-des-equipements-et-soiree-officielle-de-presentation\\\/#primaryimage\"},\"image\":{\"@id\":\"https:\\\/\\\/www.aclanester56.com\\\/velo\\\/remise-des-equipements-et-soiree-officielle-de-presentation\\\/#primaryimage\"},\"thumbnailUrl\":\"https:\\\/\\\/www.aclanester56.com\\\/velo\\\/wp-content\\\/uploads\\\/2010\\\/03\\\/PRES2010_0054.jpg\",\"datePublished\":\"2011-02-05T07:56:02+00:00\",\"dateModified\":\"2011-02-16T16:35:34+00:00\",\"inLanguage\":\"fr-FR\",\"potentialAction\":[{\"@type\":\"ReadAction\",\"target\":[\"https:\\\/\\\/www.aclanester56.com\\\/velo\\\/remise-des-equipements-et-soiree-officielle-de-presentation\\\/\"]}]},{\"@type\":\"ImageObject\",\"inLanguage\":\"fr-FR\",\"@id\":\"https:\\\/\\\/www.aclanester56.com\\\/velo\\\/remise-des-equipements-et-soiree-officielle-de-presentation\\\/#primaryimage\",\"url\":\"https:\\\/\\\/www.aclanester56.com\\\/velo\\\/wp-content\\\/uploads\\\/2010\\\/03\\\/PRES2010_0054.jpg\",\"contentUrl\":\"https:\\\/\\\/www.aclanester56.com\\\/velo\\\/wp-content\\\/uploads\\\/2010\\\/03\\\/PRES2010_0054.jpg\",\"width\":800,\"height\":533,\"caption\":\"La pr\u00e9sentation des \u00e9quipes \u00e0 l'H\u00f4tel de Ville de Lanester est tous les ans un moment fort de la vie du club ! (photo archives Pr\u00e9sentation 2010)\"},{\"@type\":\"WebSite\",\"@id\":\"https:\\\/\\\/www.aclanester56.com\\\/velo\\\/#website\",\"url\":\"https:\\\/\\\/www.aclanester56.com\\\/velo\\\/\",\"name\":\"Avenir Cycliste Lanester 56\",\"description\":\"Club cycliste de l&#039;AC LANESTER 56\",\"publisher\":{\"@id\":\"https:\\\/\\\/www.aclanester56.com\\\/velo\\\/#organization\"},\"potentialAction\":[{\"@type\":\"SearchAction\",\"target\":{\"@type\":\"EntryPoint\",\"urlTemplate\":\"https:\\\/\\\/www.aclanester56.com\\\/velo\\\/?s={search_term_string}\"},\"query-input\":{\"@type\":\"PropertyValueSpecification\",\"valueRequired\":true,\"valueName\":\"search_term_string\"}}],\"inLanguage\":\"fr-FR\"},{\"@type\":\"Organization\",\"@id\":\"https:\\\/\\\/www.aclanester56.com\\\/velo\\\/#organization\",\"name\":\"Avenir Cycliste Lanester 56\",\"url\":\"https:\\\/\\\/www.aclanester56.com\\\/velo\\\/\",\"logo\":{\"@type\":\"ImageObject\",\"inLanguage\":\"fr-FR\",\"@id\":\"https:\\\/\\\/www.aclanester56.com\\\/velo\\\/#\\\/schema\\\/logo\\\/image\\\/\",\"url\":\"https:\\\/\\\/www.aclanester56.com\\\/velo\\\/wp-content\\\/uploads\\\/2013\\\/04\\\/logo-ACL.jpg\",\"contentUrl\":\"https:\\\/\\\/www.aclanester56.com\\\/velo\\\/wp-content\\\/uploads\\\/2013\\\/04\\\/logo-ACL.jpg\",\"width\":400,\"height\":334,\"caption\":\"Avenir Cycliste Lanester 56\"},\"image\":{\"@id\":\"https:\\\/\\\/www.aclanester56.com\\\/velo\\\/#\\\/schema\\\/logo\\\/image\\\/\"},\"sameAs\":[\"https:\\\/\\\/www.facebook.com\\\/pages\\\/AC-Lanester-56\\\/190286300991242?fref=ts\"]},{\"@type\":\"Person\",\"@id\":\"https:\\\/\\\/www.aclanester56.com\\\/velo\\\/#\\\/schema\\\/person\\\/ca2a44a5fd969e9dd846c72d3b33bc01\",\"name\":\"Jean-Christophe\",\"url\":\"https:\\\/\\\/www.aclanester56.com\\\/velo\\\/author\\\/jeanchristophe\\\/\"}]}<\/script>\n<!-- \/ Yoast SEO plugin. -->","yoast_head_json":{"title":"Remise des \u00e9quipements et soir\u00e9e officielle de pr\u00e9sentation - Avenir Cycliste Lanester 56","robots":{"index":"index","follow":"follow","max-snippet":"max-snippet:-1","max-image-preview":"max-image-preview:large","max-video-preview":"max-video-preview:-1"},"canonical":"https:\/\/www.aclanester56.com\/velo\/remise-des-equipements-et-soiree-officielle-de-presentation\/","og_locale":"fr_FR","og_type":"article","og_title":"Remise des \u00e9quipements et soir\u00e9e officielle de pr\u00e9sentation - Avenir Cycliste Lanester 56","og_description":"A vos agendas ! La remise des \u00e9quipements et des licences aux coureurs de l&rsquo;AC LANESTER 56 aura lieu le [&hellip;]","og_url":"https:\/\/www.aclanester56.com\/velo\/remise-des-equipements-et-soiree-officielle-de-presentation\/","og_site_name":"Avenir Cycliste Lanester 56","article_publisher":"https:\/\/www.facebook.com\/pages\/AC-Lanester-56\/190286300991242?fref=ts","article_published_time":"2011-02-05T07:56:02+00:00","article_modified_time":"2011-02-16T16:35:34+00:00","og_image":[{"width":800,"height":533,"url":"https:\/\/www.aclanester56.com\/velo\/wp-content\/uploads\/2010\/03\/PRES2010_0054.jpg","type":"image\/jpeg"}],"author":"Jean-Christophe","twitter_misc":{"\u00c9crit par":"Jean-Christophe","Dur\u00e9e de lecture estim\u00e9e":"1 minute"},"schema":{"@context":"https:\/\/schema.org","@graph":[{"@type":"Article","@id":"https:\/\/www.aclanester56.com\/velo\/remise-des-equipements-et-soiree-officielle-de-presentation\/#article","isPartOf":{"@id":"https:\/\/www.aclanester56.com\/velo\/remise-des-equipements-et-soiree-officielle-de-presentation\/"},"author":{"name":"Jean-Christophe","@id":"https:\/\/www.aclanester56.com\/velo\/#\/schema\/person\/ca2a44a5fd969e9dd846c72d3b33bc01"},"headline":"Remise des \u00e9quipements et soir\u00e9e officielle de pr\u00e9sentation","datePublished":"2011-02-05T07:56:02+00:00","dateModified":"2011-02-16T16:35:34+00:00","mainEntityOfPage":{"@id":"https:\/\/www.aclanester56.com\/velo\/remise-des-equipements-et-soiree-officielle-de-presentation\/"},"wordCount":282,"commentCount":0,"publisher":{"@id":"https:\/\/www.aclanester56.com\/velo\/#organization"},"image":{"@id":"https:\/\/www.aclanester56.com\/velo\/remise-des-equipements-et-soiree-officielle-de-presentation\/#primaryimage"},"thumbnailUrl":"https:\/\/www.aclanester56.com\/velo\/wp-content\/uploads\/2010\/03\/PRES2010_0054.jpg","articleSection":["AC LANESTER 56","Les organisations","Les rendez-vous"],"inLanguage":"fr-FR","potentialAction":[{"@type":"CommentAction","name":"Comment","target":["https:\/\/www.aclanester56.com\/velo\/remise-des-equipements-et-soiree-officielle-de-presentation\/#respond"]}]},{"@type":"WebPage","@id":"https:\/\/www.aclanester56.com\/velo\/remise-des-equipements-et-soiree-officielle-de-presentation\/","url":"https:\/\/www.aclanester56.com\/velo\/remise-des-equipements-et-soiree-officielle-de-presentation\/","name":"Remise des \u00e9quipements et soir\u00e9e officielle de pr\u00e9sentation - Avenir Cycliste Lanester 56","isPartOf":{"@id":"https:\/\/www.aclanester56.com\/velo\/#website"},"primaryImageOfPage":{"@id":"https:\/\/www.aclanester56.com\/velo\/remise-des-equipements-et-soiree-officielle-de-presentation\/#primaryimage"},"image":{"@id":"https:\/\/www.aclanester56.com\/velo\/remise-des-equipements-et-soiree-officielle-de-presentation\/#primaryimage"},"thumbnailUrl":"https:\/\/www.aclanester56.com\/velo\/wp-content\/uploads\/2010\/03\/PRES2010_0054.jpg","datePublished":"2011-02-05T07:56:02+00:00","dateModified":"2011-02-16T16:35:34+00:00","inLanguage":"fr-FR","potentialAction":[{"@type":"ReadAction","target":["https:\/\/www.aclanester56.com\/velo\/remise-des-equipements-et-soiree-officielle-de-presentation\/"]}]},{"@type":"ImageObject","inLanguage":"fr-FR","@id":"https:\/\/www.aclanester56.com\/velo\/remise-des-equipements-et-soiree-officielle-de-presentation\/#primaryimage","url":"https:\/\/www.aclanester56.com\/velo\/wp-content\/uploads\/2010\/03\/PRES2010_0054.jpg","contentUrl":"https:\/\/www.aclanester56.com\/velo\/wp-content\/uploads\/2010\/03\/PRES2010_0054.jpg","width":800,"height":533,"caption":"La pr\u00e9sentation des \u00e9quipes \u00e0 l'H\u00f4tel de Ville de Lanester est tous les ans un moment fort de la vie du club ! (photo archives Pr\u00e9sentation 2010)"},{"@type":"WebSite","@id":"https:\/\/www.aclanester56.com\/velo\/#website","url":"https:\/\/www.aclanester56.com\/velo\/","name":"Avenir Cycliste Lanester 56","description":"Club cycliste de l&#039;AC LANESTER 56","publisher":{"@id":"https:\/\/www.aclanester56.com\/velo\/#organization"},"potentialAction":[{"@type":"SearchAction","target":{"@type":"EntryPoint","urlTemplate":"https:\/\/www.aclanester56.com\/velo\/?s={search_term_string}"},"query-input":{"@type":"PropertyValueSpecification","valueRequired":true,"valueName":"search_term_string"}}],"inLanguage":"fr-FR"},{"@type":"Organization","@id":"https:\/\/www.aclanester56.com\/velo\/#organization","name":"Avenir Cycliste Lanester 56","url":"https:\/\/www.aclanester56.com\/velo\/","logo":{"@type":"ImageObject","inLanguage":"fr-FR","@id":"https:\/\/www.aclanester56.com\/velo\/#\/schema\/logo\/image\/","url":"https:\/\/www.aclanester56.com\/velo\/wp-content\/uploads\/2013\/04\/logo-ACL.jpg","contentUrl":"https:\/\/www.aclanester56.com\/velo\/wp-content\/uploads\/2013\/04\/logo-ACL.jpg","width":400,"height":334,"caption":"Avenir Cycliste Lanester 56"},"image":{"@id":"https:\/\/www.aclanester56.com\/velo\/#\/schema\/logo\/image\/"},"sameAs":["https:\/\/www.facebook.com\/pages\/AC-Lanester-56\/190286300991242?fref=ts"]},{"@type":"Person","@id":"https:\/\/www.aclanester56.com\/velo\/#\/schema\/person\/ca2a44a5fd969e9dd846c72d3b33bc01","name":"Jean-Christophe","url":"https:\/\/www.aclanester56.com\/velo\/author\/jeanchristophe\/"}]}},"_links":{"self":[{"href":"https:\/\/www.aclanester56.com\/velo\/wp-json\/wp\/v2\/posts\/6517","targetHints":{"allow":["GET"]}}],"collection":[{"href":"https:\/\/www.aclanester56.com\/velo\/wp-json\/wp\/v2\/posts"}],"about":[{"href":"https:\/\/www.aclanester56.com\/velo\/wp-json\/wp\/v2\/types\/post"}],"author":[{"embeddable":true,"href":"https:\/\/www.aclanester56.com\/velo\/wp-json\/wp\/v2\/users\/14"}],"replies":[{"embeddable":true,"href":"https:\/\/www.aclanester56.com\/velo\/wp-json\/wp\/v2\/comments?post=6517"}],"version-history":[{"count":0,"href":"https:\/\/www.aclanester56.com\/velo\/wp-json\/wp\/v2\/posts\/6517\/revisions"}],"wp:featuredmedia":[{"embeddable":true,"href":"https:\/\/www.aclanester56.com\/velo\/wp-json\/wp\/v2\/media\/2075"}],"wp:attachment":[{"href":"https:\/\/www.aclanester56.com\/velo\/wp-json\/wp\/v2\/media?parent=6517"}],"wp:term":[{"taxonomy":"category","embeddable":true,"href":"https:\/\/www.aclanester56.com\/velo\/wp-json\/wp\/v2\/categories?post=6517"},{"taxonomy":"post_tag","embeddable":true,"href":"https:\/\/www.aclanester56.com\/velo\/wp-json\/wp\/v2\/tags?post=6517"}],"curies":[{"name":"wp","href":"https:\/\/api.w.org\/{rel}","templated":true}]}}