{"id":6617,"date":"2011-01-27T09:48:35","date_gmt":"2011-01-27T08:48:35","guid":{"rendered":"http:\/\/www.aclanester56.com\/velo\/?p=6617"},"modified":"2011-01-28T08:27:36","modified_gmt":"2011-01-28T07:27:36","slug":"stage-acl-56-a-la-montagne-anthony-mira-je-ne-pensais-pas-que-cetait-aussi-dur","status":"publish","type":"post","link":"https:\/\/www.aclanester56.com\/velo\/stage-acl-56-a-la-montagne-anthony-mira-je-ne-pensais-pas-que-cetait-aussi-dur\/","title":{"rendered":"Stage ACL 56 \u00e0 la montagne \u2013 Anthony MIRA : \u201cJe ne pensais pas que c\u2019\u00e9tait aussi dur !\u201d"},"content":{"rendered":"<div id=\"attachment_6619\" style=\"width: 330px\" class=\"wp-caption alignleft\"><a href=\"http:\/\/www.aclanester56.com\/velo\/wp-content\/uploads\/2011\/01\/067.jpg\" ><img loading=\"lazy\" decoding=\"async\" aria-describedby=\"caption-attachment-6619\" src=\"http:\/\/www.aclanester56.com\/velo\/wp-content\/uploads\/2011\/01\/067.jpg\" alt=\"\" title=\"Le Lanest\u00e9rien Anthony MIRA est ravi de participer \u00e0 ce stage d&#039;une semaine \u00e0 la montagne\" width=\"320\" height=\"214\" class=\"size-full wp-image-6619\" srcset=\"https:\/\/www.aclanester56.com\/velo\/wp-content\/uploads\/2011\/01\/067.jpg 640w, https:\/\/www.aclanester56.com\/velo\/wp-content\/uploads\/2011\/01\/067-300x200.jpg 300w\" sizes=\"auto, (max-width: 320px) 100vw, 320px\" \/><\/a><p id=\"caption-attachment-6619\" class=\"wp-caption-text\">Le Lanest\u00e9rien Anthony MIRA est ravi de participer \u00e0 ce stage d'une semaine \u00e0 la montagne<\/p><\/div>\n<p style=\"text-align: justify;\">Anthony MIRA, surnomm\u00e9 \u00ab\u00a0Mimi\u00a0\u00bb ou encore \u00ab\u00a0Pouet-Pouet\u00a0\u00bb par ses camarades, parle \u00e0 son tour du d\u00e9roulement du stage. Le troisi\u00e8me du dernier championnat de France juniors \u00e9voque \u00e9galement son passage de la cat\u00e9gorie des juniors vers celle des \u00e9lites.<\/p>\n<p><br class=\"spacer_\" \/><\/p>\n<p style=\"text-align: justify;\"><!--more--><\/p>\n<p><br class=\"spacer_\" \/><\/p>\n<p style=\"text-align: justify;\"><strong><span style=\"color: #ff6600;\">&#8211; Comment se passe ce stage pour toi et quelles \u00e9taient tes attentes vis-\u00e0-vis de ce stage ?<\/span><\/strong><\/p>\n<p style=\"text-align: justify;\"><strong>Anthony <\/strong>: C&rsquo;est super bien, tr\u00e8s agr\u00e9able. Je suis vraiment content d&rsquo;\u00eatre l\u00e0 ! C&rsquo;est la premi\u00e8re fois que je monte des cols et je ne pensais pas que c&rsquo;\u00e9tait aussi dur ! Lorsqu&rsquo;on monte au-dessus de 1300m, on ressent beaucoup le manque d&rsquo;oxyg\u00e8ne ! Mon objectif lors de ce stage est de prendre du volume et de la force. Cette semaine \u00e0 la montagne me permet de me rapprocher encore un peu plus de l&rsquo;\u00e9quipe.<\/p>\n<div id=\"attachment_6623\" style=\"width: 330px\" class=\"wp-caption alignright\"><a href=\"http:\/\/www.aclanester56.com\/velo\/wp-content\/uploads\/2011\/01\/044.jpg\" ><img loading=\"lazy\" decoding=\"async\" aria-describedby=\"caption-attachment-6623\" src=\"http:\/\/www.aclanester56.com\/velo\/wp-content\/uploads\/2011\/01\/044.jpg\" alt=\"\" title=\"Anthony n&#039;est pas le dernier \u00e0 apporter sa touche \u00e0 la bonne humeur du groupe, comme ici o\u00f9 il arrive en t\u00eate du col du Portillon le deuxi\u00e8me jour de stage !\" width=\"320\" height=\"214\" class=\"size-full wp-image-6623\" srcset=\"https:\/\/www.aclanester56.com\/velo\/wp-content\/uploads\/2011\/01\/044.jpg 640w, https:\/\/www.aclanester56.com\/velo\/wp-content\/uploads\/2011\/01\/044-300x200.jpg 300w\" sizes=\"auto, (max-width: 320px) 100vw, 320px\" \/><\/a><p id=\"caption-attachment-6623\" class=\"wp-caption-text\">Anthony n'est pas le dernier \u00e0 apporter sa touche \u00e0 la bonne humeur du groupe, comme ici o\u00f9 il arrive en t\u00eate du col du Portillon le deuxi\u00e8me jour de stage !<\/p><\/div>\n<p style=\"text-align: justify;\"><strong><span style=\"color: #ff6600;\">&#8211; Quelle diff\u00e9rence ressens-tu entre l&rsquo;approche de la saison chez les juniors et chez les \u00e9lites ?<\/span><\/strong><\/p>\n<p style=\"text-align: justify;\"><strong>Anthony <\/strong>: Je d\u00e9couvre que la prise en charge est plus \u00ab\u00a0carr\u00e9e\u00a0\u00bb. Avec mes \u00e9tudes, je ne peux participer \u00e0 l&rsquo;entrainement commun du mercredi. Je ne peux rouler que le jeudi et du coup, je me retrouve tout seul pour m&rsquo;entrainer. Mais Rodolphe me suit de pr\u00e8s et me fait faire des efforts pour des sorties plus dures, plus courtes mais \u00e9galement plus ludiques !<\/p>\n<p style=\"text-align: justify;\"><strong><span style=\"color: #ff6600;\">&#8211; Un petit mot pour terminer ?<\/span><\/strong><\/p>\n<p style=\"text-align: justify;\"><strong>Anthony <\/strong>: Je trouve qu&rsquo;on a de la chance de passer une semaine comme \u00e7a \u00e0 la montagne ! Malgr\u00e9 le fait que je sorte des rangs juniors, j&rsquo;ai \u00e9t\u00e9 tr\u00e8s bien int\u00e9gr\u00e9 dans l&rsquo;\u00e9quipe \u00e9lite.<\/p>\n<p style=\"text-align: justify;\"><br class=\"spacer_\" \/><\/p>\n","protected":false},"excerpt":{"rendered":"<p>Anthony MIRA, surnomm\u00e9 \u00ab\u00a0Mimi\u00a0\u00bb ou encore \u00ab\u00a0Pouet-Pouet\u00a0\u00bb par ses camarades, parle \u00e0 son tour du d\u00e9roulement du stage. Le troisi\u00e8me [&hellip;]<\/p>\n","protected":false},"author":14,"featured_media":6619,"comment_status":"open","ping_status":"closed","sticky":false,"template":"","format":"standard","meta":{"ngg_post_thumbnail":0,"footnotes":""},"categories":[5,14],"tags":[],"class_list":["post-6617","post","type-post","status-publish","format-standard","has-post-thumbnail","hentry","category-ac-lanester-56","category-actualites-dn"],"yoast_head":"<!-- This site is optimized with the Yoast SEO plugin v27.5 - https:\/\/yoast.com\/product\/yoast-seo-wordpress\/ -->\n<title>Stage ACL 56 \u00e0 la montagne \u2013 Anthony MIRA : \u201cJe ne pensais pas que c\u2019\u00e9tait aussi dur !\u201d - Avenir Cycliste Lanester 56<\/title>\n<meta name=\"robots\" content=\"index, follow, max-snippet:-1, max-image-preview:large, max-video-preview:-1\" \/>\n<link rel=\"canonical\" href=\"https:\/\/www.aclanester56.com\/velo\/stage-acl-56-a-la-montagne-anthony-mira-je-ne-pensais-pas-que-cetait-aussi-dur\/\" \/>\n<meta property=\"og:locale\" content=\"fr_FR\" \/>\n<meta property=\"og:type\" content=\"article\" \/>\n<meta property=\"og:title\" content=\"Stage ACL 56 \u00e0 la montagne \u2013 Anthony MIRA : \u201cJe ne pensais pas que c\u2019\u00e9tait aussi dur !\u201d - Avenir Cycliste Lanester 56\" \/>\n<meta property=\"og:description\" content=\"Anthony MIRA, surnomm\u00e9 \u00ab\u00a0Mimi\u00a0\u00bb ou encore \u00ab\u00a0Pouet-Pouet\u00a0\u00bb par ses camarades, parle \u00e0 son tour du d\u00e9roulement du stage. Le troisi\u00e8me [&hellip;]\" \/>\n<meta property=\"og:url\" content=\"https:\/\/www.aclanester56.com\/velo\/stage-acl-56-a-la-montagne-anthony-mira-je-ne-pensais-pas-que-cetait-aussi-dur\/\" \/>\n<meta property=\"og:site_name\" content=\"Avenir Cycliste Lanester 56\" \/>\n<meta property=\"article:publisher\" content=\"https:\/\/www.facebook.com\/pages\/AC-Lanester-56\/190286300991242?fref=ts\" \/>\n<meta property=\"article:published_time\" content=\"2011-01-27T08:48:35+00:00\" \/>\n<meta property=\"article:modified_time\" content=\"2011-01-28T07:27:36+00:00\" \/>\n<meta property=\"og:image\" content=\"https:\/\/www.aclanester56.com\/velo\/wp-content\/uploads\/2011\/01\/067.jpg\" \/>\n\t<meta property=\"og:image:width\" content=\"640\" \/>\n\t<meta property=\"og:image:height\" content=\"427\" \/>\n\t<meta property=\"og:image:type\" content=\"image\/jpeg\" \/>\n<meta name=\"author\" content=\"Jean-Christophe\" \/>\n<meta name=\"twitter:label1\" content=\"\u00c9crit par\" \/>\n\t<meta name=\"twitter:data1\" content=\"Jean-Christophe\" \/>\n\t<meta name=\"twitter:label2\" content=\"Dur\u00e9e de lecture estim\u00e9e\" \/>\n\t<meta name=\"twitter:data2\" content=\"2 minutes\" \/>\n<script type=\"application\/ld+json\" class=\"yoast-schema-graph\">{\"@context\":\"https:\\\/\\\/schema.org\",\"@graph\":[{\"@type\":\"Article\",\"@id\":\"https:\\\/\\\/www.aclanester56.com\\\/velo\\\/stage-acl-56-a-la-montagne-anthony-mira-je-ne-pensais-pas-que-cetait-aussi-dur\\\/#article\",\"isPartOf\":{\"@id\":\"https:\\\/\\\/www.aclanester56.com\\\/velo\\\/stage-acl-56-a-la-montagne-anthony-mira-je-ne-pensais-pas-que-cetait-aussi-dur\\\/\"},\"author\":{\"name\":\"Jean-Christophe\",\"@id\":\"https:\\\/\\\/www.aclanester56.com\\\/velo\\\/#\\\/schema\\\/person\\\/ca2a44a5fd969e9dd846c72d3b33bc01\"},\"headline\":\"Stage ACL 56 \u00e0 la montagne \u2013 Anthony MIRA : \u201cJe ne pensais pas que c\u2019\u00e9tait aussi dur !\u201d\",\"datePublished\":\"2011-01-27T08:48:35+00:00\",\"dateModified\":\"2011-01-28T07:27:36+00:00\",\"mainEntityOfPage\":{\"@id\":\"https:\\\/\\\/www.aclanester56.com\\\/velo\\\/stage-acl-56-a-la-montagne-anthony-mira-je-ne-pensais-pas-que-cetait-aussi-dur\\\/\"},\"wordCount\":340,\"commentCount\":2,\"publisher\":{\"@id\":\"https:\\\/\\\/www.aclanester56.com\\\/velo\\\/#organization\"},\"image\":{\"@id\":\"https:\\\/\\\/www.aclanester56.com\\\/velo\\\/stage-acl-56-a-la-montagne-anthony-mira-je-ne-pensais-pas-que-cetait-aussi-dur\\\/#primaryimage\"},\"thumbnailUrl\":\"https:\\\/\\\/www.aclanester56.com\\\/velo\\\/wp-content\\\/uploads\\\/2011\\\/01\\\/067.jpg\",\"articleSection\":[\"AC LANESTER 56\",\"Actualit\u00e9s DN\"],\"inLanguage\":\"fr-FR\",\"potentialAction\":[{\"@type\":\"CommentAction\",\"name\":\"Comment\",\"target\":[\"https:\\\/\\\/www.aclanester56.com\\\/velo\\\/stage-acl-56-a-la-montagne-anthony-mira-je-ne-pensais-pas-que-cetait-aussi-dur\\\/#respond\"]}]},{\"@type\":\"WebPage\",\"@id\":\"https:\\\/\\\/www.aclanester56.com\\\/velo\\\/stage-acl-56-a-la-montagne-anthony-mira-je-ne-pensais-pas-que-cetait-aussi-dur\\\/\",\"url\":\"https:\\\/\\\/www.aclanester56.com\\\/velo\\\/stage-acl-56-a-la-montagne-anthony-mira-je-ne-pensais-pas-que-cetait-aussi-dur\\\/\",\"name\":\"Stage ACL 56 \u00e0 la montagne \u2013 Anthony MIRA : \u201cJe ne pensais pas que c\u2019\u00e9tait aussi dur !\u201d - Avenir Cycliste Lanester 56\",\"isPartOf\":{\"@id\":\"https:\\\/\\\/www.aclanester56.com\\\/velo\\\/#website\"},\"primaryImageOfPage\":{\"@id\":\"https:\\\/\\\/www.aclanester56.com\\\/velo\\\/stage-acl-56-a-la-montagne-anthony-mira-je-ne-pensais-pas-que-cetait-aussi-dur\\\/#primaryimage\"},\"image\":{\"@id\":\"https:\\\/\\\/www.aclanester56.com\\\/velo\\\/stage-acl-56-a-la-montagne-anthony-mira-je-ne-pensais-pas-que-cetait-aussi-dur\\\/#primaryimage\"},\"thumbnailUrl\":\"https:\\\/\\\/www.aclanester56.com\\\/velo\\\/wp-content\\\/uploads\\\/2011\\\/01\\\/067.jpg\",\"datePublished\":\"2011-01-27T08:48:35+00:00\",\"dateModified\":\"2011-01-28T07:27:36+00:00\",\"inLanguage\":\"fr-FR\",\"potentialAction\":[{\"@type\":\"ReadAction\",\"target\":[\"https:\\\/\\\/www.aclanester56.com\\\/velo\\\/stage-acl-56-a-la-montagne-anthony-mira-je-ne-pensais-pas-que-cetait-aussi-dur\\\/\"]}]},{\"@type\":\"ImageObject\",\"inLanguage\":\"fr-FR\",\"@id\":\"https:\\\/\\\/www.aclanester56.com\\\/velo\\\/stage-acl-56-a-la-montagne-anthony-mira-je-ne-pensais-pas-que-cetait-aussi-dur\\\/#primaryimage\",\"url\":\"https:\\\/\\\/www.aclanester56.com\\\/velo\\\/wp-content\\\/uploads\\\/2011\\\/01\\\/067.jpg\",\"contentUrl\":\"https:\\\/\\\/www.aclanester56.com\\\/velo\\\/wp-content\\\/uploads\\\/2011\\\/01\\\/067.jpg\",\"width\":640,\"height\":427,\"caption\":\"Le Lanest\u00e9rien Anthony MIRA est ravi de participer \u00e0 ce stage d'une semaine \u00e0 la montagne\"},{\"@type\":\"WebSite\",\"@id\":\"https:\\\/\\\/www.aclanester56.com\\\/velo\\\/#website\",\"url\":\"https:\\\/\\\/www.aclanester56.com\\\/velo\\\/\",\"name\":\"Avenir Cycliste Lanester 56\",\"description\":\"Club cycliste de l&#039;AC LANESTER 56\",\"publisher\":{\"@id\":\"https:\\\/\\\/www.aclanester56.com\\\/velo\\\/#organization\"},\"potentialAction\":[{\"@type\":\"SearchAction\",\"target\":{\"@type\":\"EntryPoint\",\"urlTemplate\":\"https:\\\/\\\/www.aclanester56.com\\\/velo\\\/?s={search_term_string}\"},\"query-input\":{\"@type\":\"PropertyValueSpecification\",\"valueRequired\":true,\"valueName\":\"search_term_string\"}}],\"inLanguage\":\"fr-FR\"},{\"@type\":\"Organization\",\"@id\":\"https:\\\/\\\/www.aclanester56.com\\\/velo\\\/#organization\",\"name\":\"Avenir Cycliste Lanester 56\",\"url\":\"https:\\\/\\\/www.aclanester56.com\\\/velo\\\/\",\"logo\":{\"@type\":\"ImageObject\",\"inLanguage\":\"fr-FR\",\"@id\":\"https:\\\/\\\/www.aclanester56.com\\\/velo\\\/#\\\/schema\\\/logo\\\/image\\\/\",\"url\":\"https:\\\/\\\/www.aclanester56.com\\\/velo\\\/wp-content\\\/uploads\\\/2013\\\/04\\\/logo-ACL.jpg\",\"contentUrl\":\"https:\\\/\\\/www.aclanester56.com\\\/velo\\\/wp-content\\\/uploads\\\/2013\\\/04\\\/logo-ACL.jpg\",\"width\":400,\"height\":334,\"caption\":\"Avenir Cycliste Lanester 56\"},\"image\":{\"@id\":\"https:\\\/\\\/www.aclanester56.com\\\/velo\\\/#\\\/schema\\\/logo\\\/image\\\/\"},\"sameAs\":[\"https:\\\/\\\/www.facebook.com\\\/pages\\\/AC-Lanester-56\\\/190286300991242?fref=ts\"]},{\"@type\":\"Person\",\"@id\":\"https:\\\/\\\/www.aclanester56.com\\\/velo\\\/#\\\/schema\\\/person\\\/ca2a44a5fd969e9dd846c72d3b33bc01\",\"name\":\"Jean-Christophe\",\"url\":\"https:\\\/\\\/www.aclanester56.com\\\/velo\\\/author\\\/jeanchristophe\\\/\"}]}<\/script>\n<!-- \/ Yoast SEO plugin. -->","yoast_head_json":{"title":"Stage ACL 56 \u00e0 la montagne \u2013 Anthony MIRA : \u201cJe ne pensais pas que c\u2019\u00e9tait aussi dur !\u201d - Avenir Cycliste Lanester 56","robots":{"index":"index","follow":"follow","max-snippet":"max-snippet:-1","max-image-preview":"max-image-preview:large","max-video-preview":"max-video-preview:-1"},"canonical":"https:\/\/www.aclanester56.com\/velo\/stage-acl-56-a-la-montagne-anthony-mira-je-ne-pensais-pas-que-cetait-aussi-dur\/","og_locale":"fr_FR","og_type":"article","og_title":"Stage ACL 56 \u00e0 la montagne \u2013 Anthony MIRA : \u201cJe ne pensais pas que c\u2019\u00e9tait aussi dur !\u201d - Avenir Cycliste Lanester 56","og_description":"Anthony MIRA, surnomm\u00e9 \u00ab\u00a0Mimi\u00a0\u00bb ou encore \u00ab\u00a0Pouet-Pouet\u00a0\u00bb par ses camarades, parle \u00e0 son tour du d\u00e9roulement du stage. Le troisi\u00e8me [&hellip;]","og_url":"https:\/\/www.aclanester56.com\/velo\/stage-acl-56-a-la-montagne-anthony-mira-je-ne-pensais-pas-que-cetait-aussi-dur\/","og_site_name":"Avenir Cycliste Lanester 56","article_publisher":"https:\/\/www.facebook.com\/pages\/AC-Lanester-56\/190286300991242?fref=ts","article_published_time":"2011-01-27T08:48:35+00:00","article_modified_time":"2011-01-28T07:27:36+00:00","og_image":[{"width":640,"height":427,"url":"https:\/\/www.aclanester56.com\/velo\/wp-content\/uploads\/2011\/01\/067.jpg","type":"image\/jpeg"}],"author":"Jean-Christophe","twitter_misc":{"\u00c9crit par":"Jean-Christophe","Dur\u00e9e de lecture estim\u00e9e":"2 minutes"},"schema":{"@context":"https:\/\/schema.org","@graph":[{"@type":"Article","@id":"https:\/\/www.aclanester56.com\/velo\/stage-acl-56-a-la-montagne-anthony-mira-je-ne-pensais-pas-que-cetait-aussi-dur\/#article","isPartOf":{"@id":"https:\/\/www.aclanester56.com\/velo\/stage-acl-56-a-la-montagne-anthony-mira-je-ne-pensais-pas-que-cetait-aussi-dur\/"},"author":{"name":"Jean-Christophe","@id":"https:\/\/www.aclanester56.com\/velo\/#\/schema\/person\/ca2a44a5fd969e9dd846c72d3b33bc01"},"headline":"Stage ACL 56 \u00e0 la montagne \u2013 Anthony MIRA : \u201cJe ne pensais pas que c\u2019\u00e9tait aussi dur !\u201d","datePublished":"2011-01-27T08:48:35+00:00","dateModified":"2011-01-28T07:27:36+00:00","mainEntityOfPage":{"@id":"https:\/\/www.aclanester56.com\/velo\/stage-acl-56-a-la-montagne-anthony-mira-je-ne-pensais-pas-que-cetait-aussi-dur\/"},"wordCount":340,"commentCount":2,"publisher":{"@id":"https:\/\/www.aclanester56.com\/velo\/#organization"},"image":{"@id":"https:\/\/www.aclanester56.com\/velo\/stage-acl-56-a-la-montagne-anthony-mira-je-ne-pensais-pas-que-cetait-aussi-dur\/#primaryimage"},"thumbnailUrl":"https:\/\/www.aclanester56.com\/velo\/wp-content\/uploads\/2011\/01\/067.jpg","articleSection":["AC LANESTER 56","Actualit\u00e9s DN"],"inLanguage":"fr-FR","potentialAction":[{"@type":"CommentAction","name":"Comment","target":["https:\/\/www.aclanester56.com\/velo\/stage-acl-56-a-la-montagne-anthony-mira-je-ne-pensais-pas-que-cetait-aussi-dur\/#respond"]}]},{"@type":"WebPage","@id":"https:\/\/www.aclanester56.com\/velo\/stage-acl-56-a-la-montagne-anthony-mira-je-ne-pensais-pas-que-cetait-aussi-dur\/","url":"https:\/\/www.aclanester56.com\/velo\/stage-acl-56-a-la-montagne-anthony-mira-je-ne-pensais-pas-que-cetait-aussi-dur\/","name":"Stage ACL 56 \u00e0 la montagne \u2013 Anthony MIRA : \u201cJe ne pensais pas que c\u2019\u00e9tait aussi dur !\u201d - Avenir Cycliste Lanester 56","isPartOf":{"@id":"https:\/\/www.aclanester56.com\/velo\/#website"},"primaryImageOfPage":{"@id":"https:\/\/www.aclanester56.com\/velo\/stage-acl-56-a-la-montagne-anthony-mira-je-ne-pensais-pas-que-cetait-aussi-dur\/#primaryimage"},"image":{"@id":"https:\/\/www.aclanester56.com\/velo\/stage-acl-56-a-la-montagne-anthony-mira-je-ne-pensais-pas-que-cetait-aussi-dur\/#primaryimage"},"thumbnailUrl":"https:\/\/www.aclanester56.com\/velo\/wp-content\/uploads\/2011\/01\/067.jpg","datePublished":"2011-01-27T08:48:35+00:00","dateModified":"2011-01-28T07:27:36+00:00","inLanguage":"fr-FR","potentialAction":[{"@type":"ReadAction","target":["https:\/\/www.aclanester56.com\/velo\/stage-acl-56-a-la-montagne-anthony-mira-je-ne-pensais-pas-que-cetait-aussi-dur\/"]}]},{"@type":"ImageObject","inLanguage":"fr-FR","@id":"https:\/\/www.aclanester56.com\/velo\/stage-acl-56-a-la-montagne-anthony-mira-je-ne-pensais-pas-que-cetait-aussi-dur\/#primaryimage","url":"https:\/\/www.aclanester56.com\/velo\/wp-content\/uploads\/2011\/01\/067.jpg","contentUrl":"https:\/\/www.aclanester56.com\/velo\/wp-content\/uploads\/2011\/01\/067.jpg","width":640,"height":427,"caption":"Le Lanest\u00e9rien Anthony MIRA est ravi de participer \u00e0 ce stage d'une semaine \u00e0 la montagne"},{"@type":"WebSite","@id":"https:\/\/www.aclanester56.com\/velo\/#website","url":"https:\/\/www.aclanester56.com\/velo\/","name":"Avenir Cycliste Lanester 56","description":"Club cycliste de l&#039;AC LANESTER 56","publisher":{"@id":"https:\/\/www.aclanester56.com\/velo\/#organization"},"potentialAction":[{"@type":"SearchAction","target":{"@type":"EntryPoint","urlTemplate":"https:\/\/www.aclanester56.com\/velo\/?s={search_term_string}"},"query-input":{"@type":"PropertyValueSpecification","valueRequired":true,"valueName":"search_term_string"}}],"inLanguage":"fr-FR"},{"@type":"Organization","@id":"https:\/\/www.aclanester56.com\/velo\/#organization","name":"Avenir Cycliste Lanester 56","url":"https:\/\/www.aclanester56.com\/velo\/","logo":{"@type":"ImageObject","inLanguage":"fr-FR","@id":"https:\/\/www.aclanester56.com\/velo\/#\/schema\/logo\/image\/","url":"https:\/\/www.aclanester56.com\/velo\/wp-content\/uploads\/2013\/04\/logo-ACL.jpg","contentUrl":"https:\/\/www.aclanester56.com\/velo\/wp-content\/uploads\/2013\/04\/logo-ACL.jpg","width":400,"height":334,"caption":"Avenir Cycliste Lanester 56"},"image":{"@id":"https:\/\/www.aclanester56.com\/velo\/#\/schema\/logo\/image\/"},"sameAs":["https:\/\/www.facebook.com\/pages\/AC-Lanester-56\/190286300991242?fref=ts"]},{"@type":"Person","@id":"https:\/\/www.aclanester56.com\/velo\/#\/schema\/person\/ca2a44a5fd969e9dd846c72d3b33bc01","name":"Jean-Christophe","url":"https:\/\/www.aclanester56.com\/velo\/author\/jeanchristophe\/"}]}},"_links":{"self":[{"href":"https:\/\/www.aclanester56.com\/velo\/wp-json\/wp\/v2\/posts\/6617","targetHints":{"allow":["GET"]}}],"collection":[{"href":"https:\/\/www.aclanester56.com\/velo\/wp-json\/wp\/v2\/posts"}],"about":[{"href":"https:\/\/www.aclanester56.com\/velo\/wp-json\/wp\/v2\/types\/post"}],"author":[{"embeddable":true,"href":"https:\/\/www.aclanester56.com\/velo\/wp-json\/wp\/v2\/users\/14"}],"replies":[{"embeddable":true,"href":"https:\/\/www.aclanester56.com\/velo\/wp-json\/wp\/v2\/comments?post=6617"}],"version-history":[{"count":0,"href":"https:\/\/www.aclanester56.com\/velo\/wp-json\/wp\/v2\/posts\/6617\/revisions"}],"wp:featuredmedia":[{"embeddable":true,"href":"https:\/\/www.aclanester56.com\/velo\/wp-json\/wp\/v2\/media\/6619"}],"wp:attachment":[{"href":"https:\/\/www.aclanester56.com\/velo\/wp-json\/wp\/v2\/media?parent=6617"}],"wp:term":[{"taxonomy":"category","embeddable":true,"href":"https:\/\/www.aclanester56.com\/velo\/wp-json\/wp\/v2\/categories?post=6617"},{"taxonomy":"post_tag","embeddable":true,"href":"https:\/\/www.aclanester56.com\/velo\/wp-json\/wp\/v2\/tags?post=6617"}],"curies":[{"name":"wp","href":"https:\/\/api.w.org\/{rel}","templated":true}]}}