{"id":6628,"date":"2011-01-27T12:12:09","date_gmt":"2011-01-27T11:12:09","guid":{"rendered":"http:\/\/www.aclanester56.com\/velo\/?p=6628"},"modified":"2011-01-28T08:27:42","modified_gmt":"2011-01-28T07:27:42","slug":"stage-acl-56-a-la-montagne-christophe-balannec-une-super-ambiance","status":"publish","type":"post","link":"https:\/\/www.aclanester56.com\/velo\/stage-acl-56-a-la-montagne-christophe-balannec-une-super-ambiance\/","title":{"rendered":"Stage ACL 56 \u00e0 la montagne \u2013 Christophe BALANNEC : \u201cUne super ambiance !\u201d"},"content":{"rendered":"<div id=\"attachment_6629\" style=\"width: 330px\" class=\"wp-caption alignleft\"><a href=\"http:\/\/www.aclanester56.com\/velo\/wp-content\/uploads\/2011\/01\/IMG_21831.jpg\" ><img loading=\"lazy\" decoding=\"async\" aria-describedby=\"caption-attachment-6629\" src=\"http:\/\/www.aclanester56.com\/velo\/wp-content\/uploads\/2011\/01\/IMG_21831.jpg\" alt=\"\" title=\"Christophe BALANNEC, ici \u00e0 gauche, encha\u00eene la pr\u00e9paration routi\u00e8re apr\u00e8s une courte pause suite \u00e0 une bonne saison de cyclo-cross\" width=\"320\" height=\"214\" class=\"size-full wp-image-6629\" srcset=\"https:\/\/www.aclanester56.com\/velo\/wp-content\/uploads\/2011\/01\/IMG_21831.jpg 640w, https:\/\/www.aclanester56.com\/velo\/wp-content\/uploads\/2011\/01\/IMG_21831-300x200.jpg 300w\" sizes=\"auto, (max-width: 320px) 100vw, 320px\" \/><\/a><p id=\"caption-attachment-6629\" class=\"wp-caption-text\">Christophe BALANNEC, ici \u00e0 gauche, encha\u00eene la pr\u00e9paration routi\u00e8re apr\u00e8s une courte pause suite \u00e0 une bonne saison de cyclo-cross<\/p><\/div>\n<p style=\"text-align: justify;\">C&rsquo;est au tour de Christophe BALANNEC, dit \u00ab\u00a0petit-frise\u00a0\u00bb, d&rsquo;\u00e9voquer le d\u00e9roulement du stage. Alors qu&rsquo;il \u00e9tait encore dans les sous-bois il y a quelques semaines, il raconte comment il r\u00e9alise la transition avec la saison sur route.<\/p>\n<p><br class=\"spacer_\" \/><\/p>\n<p style=\"text-align: justify;\"><!--more--><\/p>\n<p><br class=\"spacer_\" \/><\/p>\n<p style=\"text-align: justify;\"><strong><span style=\"color: #ff6600;\">&#8211; Comment se passe ce stage pour toi et quelles \u00e9taient tes attentes vis-\u00e0-vis de ce stage ?<\/span><\/strong><\/p>\n<p style=\"text-align: justify;\"><strong>Christophe <\/strong>: Le stage se passe super bien. Il me permet de d\u00e9couvrir mes nouveaux co\u00e9quipiers. Il y a vraiment une super ambiance. C&rsquo;est la premi\u00e8re fois que je monte des cols, et \u00e7a me plait, c&rsquo;est un vrai bol d&rsquo;air ! On ne voit pas le temps passer dans ces mont\u00e9es !<\/p>\n<div id=\"attachment_6632\" style=\"width: 330px\" class=\"wp-caption alignright\"><a href=\"http:\/\/www.aclanester56.com\/velo\/wp-content\/uploads\/2011\/01\/IMG_21631.jpg\" ><img loading=\"lazy\" decoding=\"async\" aria-describedby=\"caption-attachment-6632\" src=\"http:\/\/www.aclanester56.com\/velo\/wp-content\/uploads\/2011\/01\/IMG_21631.jpg\" alt=\"\" title=\"Christophe d\u00e9couvrait les mont\u00e9es de cols \u00e0 pour la premi\u00e8re fois \u00e0 l&#039;occasion de ce stage \" width=\"320\" height=\"214\" class=\"size-full wp-image-6632\" srcset=\"https:\/\/www.aclanester56.com\/velo\/wp-content\/uploads\/2011\/01\/IMG_21631.jpg 640w, https:\/\/www.aclanester56.com\/velo\/wp-content\/uploads\/2011\/01\/IMG_21631-300x200.jpg 300w\" sizes=\"auto, (max-width: 320px) 100vw, 320px\" \/><\/a><p id=\"caption-attachment-6632\" class=\"wp-caption-text\">Christophe d\u00e9couvrait les mont\u00e9es de cols \u00e0 pour la premi\u00e8re fois \u00e0 l'occasion de ce stage <\/p><\/div>\n<p><br class=\"spacer_\" \/><\/p>\n<p style=\"text-align: justify;\"><strong><span style=\"color: #ff6600;\">&#8211; Comment g\u00e8res-tu la transition entre la saison de cyclo-cross que tu viens d&rsquo;achever lors du championnat de France \u00e0 Lanarvily et la saison sur route qui s&rsquo;annonce ?<\/span><\/strong><\/p>\n<p style=\"text-align: justify;\"><strong>Christophe <\/strong>: Je sors tout juste de deux semaines de coupure. J&rsquo;\u00e9tais au repos complet et je red\u00e9marre donc ici dans les meilleures conditions ! Le \u00ab\u00a0coach\u00a0\u00bb m&rsquo;a pr\u00e9par\u00e9 un programme personnalis\u00e9 qui permet de ne pas me mettre en difficult\u00e9s pour ma reprise.<\/p>\n<p style=\"text-align: justify;\"><strong><span style=\"color: #ff6600;\">&#8211; Un petit mot pour terminer ?<\/span><\/strong><\/p>\n<p style=\"text-align: justify;\"><strong>Christophe <\/strong>: Par rapport \u00e0 mon ancien club, l&rsquo;AC LANESTER 56 est plus bas\u00e9 sur la formation. Il y a beaucoup de jeunes dans l&rsquo;\u00e9quipe et les moyens mis \u00e0 disposition sont beaucoup plus cons\u00e9quents, avec un gros programme de belles courses.Je souhaite remercier le club, les dirigeants, mon entraineur et coach Rodolphe HENRY pour l&rsquo;ensemble des moyens mis en oeuvre et j&rsquo;esp\u00e8re \u00eatre \u00e0 la hauteur de tous ces investissements.<\/p>\n<p><br class=\"spacer_\" \/><\/p>\n","protected":false},"excerpt":{"rendered":"<p>C&rsquo;est au tour de Christophe BALANNEC, dit \u00ab\u00a0petit-frise\u00a0\u00bb, d&rsquo;\u00e9voquer le d\u00e9roulement du stage. Alors qu&rsquo;il \u00e9tait encore dans les sous-bois [&hellip;]<\/p>\n","protected":false},"author":14,"featured_media":6629,"comment_status":"open","ping_status":"closed","sticky":false,"template":"","format":"standard","meta":{"ngg_post_thumbnail":0,"footnotes":""},"categories":[5,14],"tags":[],"class_list":["post-6628","post","type-post","status-publish","format-standard","has-post-thumbnail","hentry","category-ac-lanester-56","category-actualites-dn"],"yoast_head":"<!-- This site is optimized with the Yoast SEO plugin v27.5 - https:\/\/yoast.com\/product\/yoast-seo-wordpress\/ -->\n<title>Stage ACL 56 \u00e0 la montagne \u2013 Christophe BALANNEC : \u201cUne super ambiance !\u201d - Avenir Cycliste Lanester 56<\/title>\n<meta name=\"robots\" content=\"index, follow, max-snippet:-1, max-image-preview:large, max-video-preview:-1\" \/>\n<link rel=\"canonical\" href=\"https:\/\/www.aclanester56.com\/velo\/stage-acl-56-a-la-montagne-christophe-balannec-une-super-ambiance\/\" \/>\n<meta property=\"og:locale\" content=\"fr_FR\" \/>\n<meta property=\"og:type\" content=\"article\" \/>\n<meta property=\"og:title\" content=\"Stage ACL 56 \u00e0 la montagne \u2013 Christophe BALANNEC : \u201cUne super ambiance !\u201d - Avenir Cycliste Lanester 56\" \/>\n<meta property=\"og:description\" content=\"C&rsquo;est au tour de Christophe BALANNEC, dit \u00ab\u00a0petit-frise\u00a0\u00bb, d&rsquo;\u00e9voquer le d\u00e9roulement du stage. Alors qu&rsquo;il \u00e9tait encore dans les sous-bois [&hellip;]\" \/>\n<meta property=\"og:url\" content=\"https:\/\/www.aclanester56.com\/velo\/stage-acl-56-a-la-montagne-christophe-balannec-une-super-ambiance\/\" \/>\n<meta property=\"og:site_name\" content=\"Avenir Cycliste Lanester 56\" \/>\n<meta property=\"article:publisher\" content=\"https:\/\/www.facebook.com\/pages\/AC-Lanester-56\/190286300991242?fref=ts\" \/>\n<meta property=\"article:published_time\" content=\"2011-01-27T11:12:09+00:00\" \/>\n<meta property=\"article:modified_time\" content=\"2011-01-28T07:27:42+00:00\" \/>\n<meta property=\"og:image\" content=\"https:\/\/www.aclanester56.com\/velo\/wp-content\/uploads\/2011\/01\/IMG_21831.jpg\" \/>\n\t<meta property=\"og:image:width\" content=\"640\" \/>\n\t<meta property=\"og:image:height\" content=\"427\" \/>\n\t<meta property=\"og:image:type\" content=\"image\/jpeg\" \/>\n<meta name=\"author\" content=\"Jean-Christophe\" \/>\n<meta name=\"twitter:label1\" content=\"\u00c9crit par\" \/>\n\t<meta name=\"twitter:data1\" content=\"Jean-Christophe\" \/>\n\t<meta name=\"twitter:label2\" content=\"Dur\u00e9e de lecture estim\u00e9e\" \/>\n\t<meta name=\"twitter:data2\" content=\"2 minutes\" \/>\n<script type=\"application\/ld+json\" class=\"yoast-schema-graph\">{\"@context\":\"https:\\\/\\\/schema.org\",\"@graph\":[{\"@type\":\"Article\",\"@id\":\"https:\\\/\\\/www.aclanester56.com\\\/velo\\\/stage-acl-56-a-la-montagne-christophe-balannec-une-super-ambiance\\\/#article\",\"isPartOf\":{\"@id\":\"https:\\\/\\\/www.aclanester56.com\\\/velo\\\/stage-acl-56-a-la-montagne-christophe-balannec-une-super-ambiance\\\/\"},\"author\":{\"name\":\"Jean-Christophe\",\"@id\":\"https:\\\/\\\/www.aclanester56.com\\\/velo\\\/#\\\/schema\\\/person\\\/ca2a44a5fd969e9dd846c72d3b33bc01\"},\"headline\":\"Stage ACL 56 \u00e0 la montagne \u2013 Christophe BALANNEC : \u201cUne super ambiance !\u201d\",\"datePublished\":\"2011-01-27T11:12:09+00:00\",\"dateModified\":\"2011-01-28T07:27:42+00:00\",\"mainEntityOfPage\":{\"@id\":\"https:\\\/\\\/www.aclanester56.com\\\/velo\\\/stage-acl-56-a-la-montagne-christophe-balannec-une-super-ambiance\\\/\"},\"wordCount\":327,\"commentCount\":0,\"publisher\":{\"@id\":\"https:\\\/\\\/www.aclanester56.com\\\/velo\\\/#organization\"},\"image\":{\"@id\":\"https:\\\/\\\/www.aclanester56.com\\\/velo\\\/stage-acl-56-a-la-montagne-christophe-balannec-une-super-ambiance\\\/#primaryimage\"},\"thumbnailUrl\":\"https:\\\/\\\/www.aclanester56.com\\\/velo\\\/wp-content\\\/uploads\\\/2011\\\/01\\\/IMG_21831.jpg\",\"articleSection\":[\"AC LANESTER 56\",\"Actualit\u00e9s DN\"],\"inLanguage\":\"fr-FR\",\"potentialAction\":[{\"@type\":\"CommentAction\",\"name\":\"Comment\",\"target\":[\"https:\\\/\\\/www.aclanester56.com\\\/velo\\\/stage-acl-56-a-la-montagne-christophe-balannec-une-super-ambiance\\\/#respond\"]}]},{\"@type\":\"WebPage\",\"@id\":\"https:\\\/\\\/www.aclanester56.com\\\/velo\\\/stage-acl-56-a-la-montagne-christophe-balannec-une-super-ambiance\\\/\",\"url\":\"https:\\\/\\\/www.aclanester56.com\\\/velo\\\/stage-acl-56-a-la-montagne-christophe-balannec-une-super-ambiance\\\/\",\"name\":\"Stage ACL 56 \u00e0 la montagne \u2013 Christophe BALANNEC : \u201cUne super ambiance !\u201d - Avenir Cycliste Lanester 56\",\"isPartOf\":{\"@id\":\"https:\\\/\\\/www.aclanester56.com\\\/velo\\\/#website\"},\"primaryImageOfPage\":{\"@id\":\"https:\\\/\\\/www.aclanester56.com\\\/velo\\\/stage-acl-56-a-la-montagne-christophe-balannec-une-super-ambiance\\\/#primaryimage\"},\"image\":{\"@id\":\"https:\\\/\\\/www.aclanester56.com\\\/velo\\\/stage-acl-56-a-la-montagne-christophe-balannec-une-super-ambiance\\\/#primaryimage\"},\"thumbnailUrl\":\"https:\\\/\\\/www.aclanester56.com\\\/velo\\\/wp-content\\\/uploads\\\/2011\\\/01\\\/IMG_21831.jpg\",\"datePublished\":\"2011-01-27T11:12:09+00:00\",\"dateModified\":\"2011-01-28T07:27:42+00:00\",\"inLanguage\":\"fr-FR\",\"potentialAction\":[{\"@type\":\"ReadAction\",\"target\":[\"https:\\\/\\\/www.aclanester56.com\\\/velo\\\/stage-acl-56-a-la-montagne-christophe-balannec-une-super-ambiance\\\/\"]}]},{\"@type\":\"ImageObject\",\"inLanguage\":\"fr-FR\",\"@id\":\"https:\\\/\\\/www.aclanester56.com\\\/velo\\\/stage-acl-56-a-la-montagne-christophe-balannec-une-super-ambiance\\\/#primaryimage\",\"url\":\"https:\\\/\\\/www.aclanester56.com\\\/velo\\\/wp-content\\\/uploads\\\/2011\\\/01\\\/IMG_21831.jpg\",\"contentUrl\":\"https:\\\/\\\/www.aclanester56.com\\\/velo\\\/wp-content\\\/uploads\\\/2011\\\/01\\\/IMG_21831.jpg\",\"width\":640,\"height\":427,\"caption\":\"Christophe BALANNEC, ici \u00e0 gauche, encha\u00eene la pr\u00e9paration routi\u00e8re apr\u00e8s une courte pause suite \u00e0 une bonne saison de cyclo-cross\"},{\"@type\":\"WebSite\",\"@id\":\"https:\\\/\\\/www.aclanester56.com\\\/velo\\\/#website\",\"url\":\"https:\\\/\\\/www.aclanester56.com\\\/velo\\\/\",\"name\":\"Avenir Cycliste Lanester 56\",\"description\":\"Club cycliste de l&#039;AC LANESTER 56\",\"publisher\":{\"@id\":\"https:\\\/\\\/www.aclanester56.com\\\/velo\\\/#organization\"},\"potentialAction\":[{\"@type\":\"SearchAction\",\"target\":{\"@type\":\"EntryPoint\",\"urlTemplate\":\"https:\\\/\\\/www.aclanester56.com\\\/velo\\\/?s={search_term_string}\"},\"query-input\":{\"@type\":\"PropertyValueSpecification\",\"valueRequired\":true,\"valueName\":\"search_term_string\"}}],\"inLanguage\":\"fr-FR\"},{\"@type\":\"Organization\",\"@id\":\"https:\\\/\\\/www.aclanester56.com\\\/velo\\\/#organization\",\"name\":\"Avenir Cycliste Lanester 56\",\"url\":\"https:\\\/\\\/www.aclanester56.com\\\/velo\\\/\",\"logo\":{\"@type\":\"ImageObject\",\"inLanguage\":\"fr-FR\",\"@id\":\"https:\\\/\\\/www.aclanester56.com\\\/velo\\\/#\\\/schema\\\/logo\\\/image\\\/\",\"url\":\"https:\\\/\\\/www.aclanester56.com\\\/velo\\\/wp-content\\\/uploads\\\/2013\\\/04\\\/logo-ACL.jpg\",\"contentUrl\":\"https:\\\/\\\/www.aclanester56.com\\\/velo\\\/wp-content\\\/uploads\\\/2013\\\/04\\\/logo-ACL.jpg\",\"width\":400,\"height\":334,\"caption\":\"Avenir Cycliste Lanester 56\"},\"image\":{\"@id\":\"https:\\\/\\\/www.aclanester56.com\\\/velo\\\/#\\\/schema\\\/logo\\\/image\\\/\"},\"sameAs\":[\"https:\\\/\\\/www.facebook.com\\\/pages\\\/AC-Lanester-56\\\/190286300991242?fref=ts\"]},{\"@type\":\"Person\",\"@id\":\"https:\\\/\\\/www.aclanester56.com\\\/velo\\\/#\\\/schema\\\/person\\\/ca2a44a5fd969e9dd846c72d3b33bc01\",\"name\":\"Jean-Christophe\",\"url\":\"https:\\\/\\\/www.aclanester56.com\\\/velo\\\/author\\\/jeanchristophe\\\/\"}]}<\/script>\n<!-- \/ Yoast SEO plugin. -->","yoast_head_json":{"title":"Stage ACL 56 \u00e0 la montagne \u2013 Christophe BALANNEC : \u201cUne super ambiance !\u201d - Avenir Cycliste Lanester 56","robots":{"index":"index","follow":"follow","max-snippet":"max-snippet:-1","max-image-preview":"max-image-preview:large","max-video-preview":"max-video-preview:-1"},"canonical":"https:\/\/www.aclanester56.com\/velo\/stage-acl-56-a-la-montagne-christophe-balannec-une-super-ambiance\/","og_locale":"fr_FR","og_type":"article","og_title":"Stage ACL 56 \u00e0 la montagne \u2013 Christophe BALANNEC : \u201cUne super ambiance !\u201d - Avenir Cycliste Lanester 56","og_description":"C&rsquo;est au tour de Christophe BALANNEC, dit \u00ab\u00a0petit-frise\u00a0\u00bb, d&rsquo;\u00e9voquer le d\u00e9roulement du stage. Alors qu&rsquo;il \u00e9tait encore dans les sous-bois [&hellip;]","og_url":"https:\/\/www.aclanester56.com\/velo\/stage-acl-56-a-la-montagne-christophe-balannec-une-super-ambiance\/","og_site_name":"Avenir Cycliste Lanester 56","article_publisher":"https:\/\/www.facebook.com\/pages\/AC-Lanester-56\/190286300991242?fref=ts","article_published_time":"2011-01-27T11:12:09+00:00","article_modified_time":"2011-01-28T07:27:42+00:00","og_image":[{"width":640,"height":427,"url":"https:\/\/www.aclanester56.com\/velo\/wp-content\/uploads\/2011\/01\/IMG_21831.jpg","type":"image\/jpeg"}],"author":"Jean-Christophe","twitter_misc":{"\u00c9crit par":"Jean-Christophe","Dur\u00e9e de lecture estim\u00e9e":"2 minutes"},"schema":{"@context":"https:\/\/schema.org","@graph":[{"@type":"Article","@id":"https:\/\/www.aclanester56.com\/velo\/stage-acl-56-a-la-montagne-christophe-balannec-une-super-ambiance\/#article","isPartOf":{"@id":"https:\/\/www.aclanester56.com\/velo\/stage-acl-56-a-la-montagne-christophe-balannec-une-super-ambiance\/"},"author":{"name":"Jean-Christophe","@id":"https:\/\/www.aclanester56.com\/velo\/#\/schema\/person\/ca2a44a5fd969e9dd846c72d3b33bc01"},"headline":"Stage ACL 56 \u00e0 la montagne \u2013 Christophe BALANNEC : \u201cUne super ambiance !\u201d","datePublished":"2011-01-27T11:12:09+00:00","dateModified":"2011-01-28T07:27:42+00:00","mainEntityOfPage":{"@id":"https:\/\/www.aclanester56.com\/velo\/stage-acl-56-a-la-montagne-christophe-balannec-une-super-ambiance\/"},"wordCount":327,"commentCount":0,"publisher":{"@id":"https:\/\/www.aclanester56.com\/velo\/#organization"},"image":{"@id":"https:\/\/www.aclanester56.com\/velo\/stage-acl-56-a-la-montagne-christophe-balannec-une-super-ambiance\/#primaryimage"},"thumbnailUrl":"https:\/\/www.aclanester56.com\/velo\/wp-content\/uploads\/2011\/01\/IMG_21831.jpg","articleSection":["AC LANESTER 56","Actualit\u00e9s DN"],"inLanguage":"fr-FR","potentialAction":[{"@type":"CommentAction","name":"Comment","target":["https:\/\/www.aclanester56.com\/velo\/stage-acl-56-a-la-montagne-christophe-balannec-une-super-ambiance\/#respond"]}]},{"@type":"WebPage","@id":"https:\/\/www.aclanester56.com\/velo\/stage-acl-56-a-la-montagne-christophe-balannec-une-super-ambiance\/","url":"https:\/\/www.aclanester56.com\/velo\/stage-acl-56-a-la-montagne-christophe-balannec-une-super-ambiance\/","name":"Stage ACL 56 \u00e0 la montagne \u2013 Christophe BALANNEC : \u201cUne super ambiance !\u201d - Avenir Cycliste Lanester 56","isPartOf":{"@id":"https:\/\/www.aclanester56.com\/velo\/#website"},"primaryImageOfPage":{"@id":"https:\/\/www.aclanester56.com\/velo\/stage-acl-56-a-la-montagne-christophe-balannec-une-super-ambiance\/#primaryimage"},"image":{"@id":"https:\/\/www.aclanester56.com\/velo\/stage-acl-56-a-la-montagne-christophe-balannec-une-super-ambiance\/#primaryimage"},"thumbnailUrl":"https:\/\/www.aclanester56.com\/velo\/wp-content\/uploads\/2011\/01\/IMG_21831.jpg","datePublished":"2011-01-27T11:12:09+00:00","dateModified":"2011-01-28T07:27:42+00:00","inLanguage":"fr-FR","potentialAction":[{"@type":"ReadAction","target":["https:\/\/www.aclanester56.com\/velo\/stage-acl-56-a-la-montagne-christophe-balannec-une-super-ambiance\/"]}]},{"@type":"ImageObject","inLanguage":"fr-FR","@id":"https:\/\/www.aclanester56.com\/velo\/stage-acl-56-a-la-montagne-christophe-balannec-une-super-ambiance\/#primaryimage","url":"https:\/\/www.aclanester56.com\/velo\/wp-content\/uploads\/2011\/01\/IMG_21831.jpg","contentUrl":"https:\/\/www.aclanester56.com\/velo\/wp-content\/uploads\/2011\/01\/IMG_21831.jpg","width":640,"height":427,"caption":"Christophe BALANNEC, ici \u00e0 gauche, encha\u00eene la pr\u00e9paration routi\u00e8re apr\u00e8s une courte pause suite \u00e0 une bonne saison de cyclo-cross"},{"@type":"WebSite","@id":"https:\/\/www.aclanester56.com\/velo\/#website","url":"https:\/\/www.aclanester56.com\/velo\/","name":"Avenir Cycliste Lanester 56","description":"Club cycliste de l&#039;AC LANESTER 56","publisher":{"@id":"https:\/\/www.aclanester56.com\/velo\/#organization"},"potentialAction":[{"@type":"SearchAction","target":{"@type":"EntryPoint","urlTemplate":"https:\/\/www.aclanester56.com\/velo\/?s={search_term_string}"},"query-input":{"@type":"PropertyValueSpecification","valueRequired":true,"valueName":"search_term_string"}}],"inLanguage":"fr-FR"},{"@type":"Organization","@id":"https:\/\/www.aclanester56.com\/velo\/#organization","name":"Avenir Cycliste Lanester 56","url":"https:\/\/www.aclanester56.com\/velo\/","logo":{"@type":"ImageObject","inLanguage":"fr-FR","@id":"https:\/\/www.aclanester56.com\/velo\/#\/schema\/logo\/image\/","url":"https:\/\/www.aclanester56.com\/velo\/wp-content\/uploads\/2013\/04\/logo-ACL.jpg","contentUrl":"https:\/\/www.aclanester56.com\/velo\/wp-content\/uploads\/2013\/04\/logo-ACL.jpg","width":400,"height":334,"caption":"Avenir Cycliste Lanester 56"},"image":{"@id":"https:\/\/www.aclanester56.com\/velo\/#\/schema\/logo\/image\/"},"sameAs":["https:\/\/www.facebook.com\/pages\/AC-Lanester-56\/190286300991242?fref=ts"]},{"@type":"Person","@id":"https:\/\/www.aclanester56.com\/velo\/#\/schema\/person\/ca2a44a5fd969e9dd846c72d3b33bc01","name":"Jean-Christophe","url":"https:\/\/www.aclanester56.com\/velo\/author\/jeanchristophe\/"}]}},"_links":{"self":[{"href":"https:\/\/www.aclanester56.com\/velo\/wp-json\/wp\/v2\/posts\/6628","targetHints":{"allow":["GET"]}}],"collection":[{"href":"https:\/\/www.aclanester56.com\/velo\/wp-json\/wp\/v2\/posts"}],"about":[{"href":"https:\/\/www.aclanester56.com\/velo\/wp-json\/wp\/v2\/types\/post"}],"author":[{"embeddable":true,"href":"https:\/\/www.aclanester56.com\/velo\/wp-json\/wp\/v2\/users\/14"}],"replies":[{"embeddable":true,"href":"https:\/\/www.aclanester56.com\/velo\/wp-json\/wp\/v2\/comments?post=6628"}],"version-history":[{"count":0,"href":"https:\/\/www.aclanester56.com\/velo\/wp-json\/wp\/v2\/posts\/6628\/revisions"}],"wp:featuredmedia":[{"embeddable":true,"href":"https:\/\/www.aclanester56.com\/velo\/wp-json\/wp\/v2\/media\/6629"}],"wp:attachment":[{"href":"https:\/\/www.aclanester56.com\/velo\/wp-json\/wp\/v2\/media?parent=6628"}],"wp:term":[{"taxonomy":"category","embeddable":true,"href":"https:\/\/www.aclanester56.com\/velo\/wp-json\/wp\/v2\/categories?post=6628"},{"taxonomy":"post_tag","embeddable":true,"href":"https:\/\/www.aclanester56.com\/velo\/wp-json\/wp\/v2\/tags?post=6628"}],"curies":[{"name":"wp","href":"https:\/\/api.w.org\/{rel}","templated":true}]}}