{"id":6782,"date":"2011-02-06T16:31:51","date_gmt":"2011-02-06T15:31:51","guid":{"rendered":"http:\/\/www.aclanester56.com\/velo\/?p=6782"},"modified":"2013-12-22T00:49:38","modified_gmt":"2013-12-21T22:49:38","slug":"retour-en-images-sur-les-samedis-decouverte-de-la-piste-2011","status":"publish","type":"post","link":"https:\/\/www.aclanester56.com\/velo\/retour-en-images-sur-les-samedis-decouverte-de-la-piste-2011\/","title":{"rendered":"Retour en images sur les Samedis D\u00e9couverte de la piste 2011"},"content":{"rendered":"<p style=\"text-align: justify;\"><!--more--><\/p>\n<p style=\"text-align: justify;\">Nous vous proposons de revivre en images la finale des Samedis D\u00e9couverte de la piste 2011 disput\u00e9e samedi sur l&rsquo;anneau cycliste G\u00e9rard LE MAGUER \u00e0 Lanester.<\/p>\n<p><strong style=\"text-align: justify; line-height: 1.5em;\"><span style=\"color: #ff6600;\">Sur la photo ci-contre, les gar\u00e7ons n\u00e9s en 1997 viennent de s&rsquo;\u00e9lancer et l&rsquo;Inguinielois Nicolas PUREN acc\u00e9l\u00e8re !<\/span><\/strong><\/p>\n<p>&nbsp;<\/p>\n<div id=\"attachment_6788\" style=\"width: 310px\" class=\"wp-caption alignright\"><a href=\"http:\/\/www.aclanester56.com\/velo\/wp-content\/uploads\/2011\/02\/IMG_2058-800x600.jpg\"><img loading=\"lazy\" decoding=\"async\" aria-describedby=\"caption-attachment-6788\" class=\"size-large wp-image-6788\" title=\"Le jeune Lanest\u00e9rien Brendan COMMUNAL vient ici de retirer son dossard aupr\u00e8s de Jean-Claude et Ida\" alt=\"\" src=\"http:\/\/www.aclanester56.com\/velo\/wp-content\/uploads\/2011\/02\/IMG_2058-800x600.jpg\" width=\"300\" height=\"225\" srcset=\"https:\/\/www.aclanester56.com\/velo\/wp-content\/uploads\/2011\/02\/IMG_2058-800x600.jpg 800w, https:\/\/www.aclanester56.com\/velo\/wp-content\/uploads\/2011\/02\/IMG_2058-300x225.jpg 300w\" sizes=\"auto, (max-width: 300px) 100vw, 300px\" \/><\/a><p id=\"caption-attachment-6788\" class=\"wp-caption-text\">Le jeune Brendan COMMUNAL vient ici de retirer son dossard aupr\u00e8s de Jean-Claude et Ida<\/p><\/div>\n<p>&nbsp;<\/p>\n<p>&nbsp;<\/p>\n<p>&nbsp;<\/p>\n<p>&nbsp;<\/p>\n<p>&nbsp;<\/p>\n<p style=\"text-align: justify;\"><strong><span style=\"color: #ff6600;\">Jean-Claude SAGOT et Ida LAFFORGUE s&rsquo;occupaient de la remise des dossards.<\/span><\/strong><\/p>\n<p>&nbsp;<\/p>\n<div id=\"attachment_6795\" style=\"width: 310px\" class=\"wp-caption alignleft\"><a href=\"http:\/\/www.aclanester56.com\/velo\/wp-content\/uploads\/2011\/02\/IMG_2066-800x600.jpg\"><img loading=\"lazy\" decoding=\"async\" aria-describedby=\"caption-attachment-6795\" class=\"size-large wp-image-6795\" title=\"D\u00e9part des gar\u00e7ons n\u00e9s en 2000\" alt=\"\" src=\"http:\/\/www.aclanester56.com\/velo\/wp-content\/uploads\/2011\/02\/IMG_2066-800x600.jpg\" width=\"300\" height=\"225\" srcset=\"https:\/\/www.aclanester56.com\/velo\/wp-content\/uploads\/2011\/02\/IMG_2066-800x600.jpg 800w, https:\/\/www.aclanester56.com\/velo\/wp-content\/uploads\/2011\/02\/IMG_2066-300x225.jpg 300w\" sizes=\"auto, (max-width: 300px) 100vw, 300px\" \/><\/a><p id=\"caption-attachment-6795\" class=\"wp-caption-text\">D\u00e9part des gar\u00e7ons n\u00e9s en 2000<\/p><\/div>\n<p>&nbsp;<\/p>\n<p>&nbsp;<\/p>\n<p>&nbsp;<\/p>\n<p>&nbsp;<\/p>\n<p style=\"text-align: justify;\"><strong><span style=\"color: #ff6600;\">Sept coureurs s&rsquo;\u00e9lancent dans l&rsquo;\u00e9preuve r\u00e9serv\u00e9e aux gar\u00e7ons n\u00e9s en 2000.<\/span><\/strong><\/p>\n<p>&nbsp;<\/p>\n<div id=\"attachment_6799\" style=\"width: 310px\" class=\"wp-caption alignright\"><a href=\"http:\/\/www.aclanester56.com\/velo\/wp-content\/uploads\/2011\/02\/IMG_2072-800x600.jpg\"><img loading=\"lazy\" decoding=\"async\" aria-describedby=\"caption-attachment-6799\" class=\"size-large wp-image-6799\" title=\"Andr\u00e9as BALTENWECK (ACP BAUD) fait coup double sur cette finale car il remporte \u00e9galement le classement g\u00e9n\u00e9ral !\" alt=\"\" src=\"http:\/\/www.aclanester56.com\/velo\/wp-content\/uploads\/2011\/02\/IMG_2072-800x600.jpg\" width=\"300\" height=\"225\" srcset=\"https:\/\/www.aclanester56.com\/velo\/wp-content\/uploads\/2011\/02\/IMG_2072-800x600.jpg 800w, https:\/\/www.aclanester56.com\/velo\/wp-content\/uploads\/2011\/02\/IMG_2072-300x225.jpg 300w\" sizes=\"auto, (max-width: 300px) 100vw, 300px\" \/><\/a><p id=\"caption-attachment-6799\" class=\"wp-caption-text\">Andr\u00e9as BALTENWECK (ACP BAUD) fait coup double sur cette finale car il remporte \u00e9galement le classement g\u00e9n\u00e9ral !<\/p><\/div>\n<p>&nbsp;<\/p>\n<p>&nbsp;<\/p>\n<p>&nbsp;<\/p>\n<p>&nbsp;<\/p>\n<p style=\"text-align: justify;\"><strong><span style=\"color: #ff6600;\">Au prix d&rsquo;un bel effort, le jeune Baldivien Andr\u00e9as BALTENWECK devance le Lanest\u00e9rien Samuel HUSER et l&rsquo;Inguinielois Valentin PASCO sur cette finale des gar\u00e7ons n\u00e9s en 2000. D\u00e9j\u00e0 vainqueur sur les deux premi\u00e8res manches, il remporte \u00e9videmment le classement g\u00e9n\u00e9ral.<\/span><\/strong><\/p>\n<p>&nbsp;<\/p>\n<div id=\"attachment_6803\" style=\"width: 310px\" class=\"wp-caption alignleft\"><a href=\"http:\/\/www.aclanester56.com\/velo\/wp-content\/uploads\/2011\/02\/IMG_2074-800x600.jpg\"><img loading=\"lazy\" decoding=\"async\" aria-describedby=\"caption-attachment-6803\" class=\"size-large wp-image-6803\" title=\"L'Inguini\u00e9loise Marion CANNO m\u00e8ne devant sa co\u00e9quipi\u00e8re Lauranne PASCO, la Lanest\u00e9rienne Nolwenn LE HIR et l'Inguini\u00e9loise Chlo\u00e9 ARHURO.\" alt=\"\" src=\"http:\/\/www.aclanester56.com\/velo\/wp-content\/uploads\/2011\/02\/IMG_2074-800x600.jpg\" width=\"300\" height=\"225\" srcset=\"https:\/\/www.aclanester56.com\/velo\/wp-content\/uploads\/2011\/02\/IMG_2074-800x600.jpg 800w, https:\/\/www.aclanester56.com\/velo\/wp-content\/uploads\/2011\/02\/IMG_2074-300x225.jpg 300w\" sizes=\"auto, (max-width: 300px) 100vw, 300px\" \/><\/a><p id=\"caption-attachment-6803\" class=\"wp-caption-text\">L&rsquo;Inguini\u00e9loise Marion CANNO m\u00e8ne devant sa co\u00e9quipi\u00e8re Lauranne PASCO, la Lanest\u00e9rienne Nolwenn LE HIR et l&rsquo;Inguini\u00e9loise Chlo\u00e9 ARHURO.<\/p><\/div>\n<p>&nbsp;<\/p>\n<p>&nbsp;<\/p>\n<p>&nbsp;<\/p>\n<p>&nbsp;<\/p>\n<p style=\"text-align: justify;\"><strong><span style=\"color: #ff6600;\">Les filles n\u00e9es en 1999-2000 ont concouru avec les filles n\u00e9es en 1997-1998, et les soci\u00e9taires de l&rsquo;UC INGUINIEL l&rsquo;ont emport\u00e9 dans les deux cat\u00e9gories sur la finale et le classement g\u00e9n\u00e9ral.<\/span><\/strong><\/p>\n<p>&nbsp;<\/p>\n<div id=\"attachment_6807\" style=\"width: 310px\" class=\"wp-caption alignright\"><a href=\"http:\/\/www.aclanester56.com\/velo\/wp-content\/uploads\/2011\/02\/IMG_2079-800x600.jpg\"><img loading=\"lazy\" decoding=\"async\" aria-describedby=\"caption-attachment-6807\" class=\"size-large wp-image-6807\" title=\"Finale 100% lanest\u00e9rienne chez les gar\u00e7ons n\u00e9s en 1999 !\" alt=\"\" src=\"http:\/\/www.aclanester56.com\/velo\/wp-content\/uploads\/2011\/02\/IMG_2079-800x600.jpg\" width=\"300\" height=\"225\" srcset=\"https:\/\/www.aclanester56.com\/velo\/wp-content\/uploads\/2011\/02\/IMG_2079-800x600.jpg 800w, https:\/\/www.aclanester56.com\/velo\/wp-content\/uploads\/2011\/02\/IMG_2079-300x225.jpg 300w\" sizes=\"auto, (max-width: 300px) 100vw, 300px\" \/><\/a><p id=\"caption-attachment-6807\" class=\"wp-caption-text\">Finale 100% lanest\u00e9rienne chez les gar\u00e7ons n\u00e9s en 1999 !<\/p><\/div>\n<p>&nbsp;<\/p>\n<p>&nbsp;<\/p>\n<p>&nbsp;<\/p>\n<p>&nbsp;<\/p>\n<p>&nbsp;<\/p>\n<p style=\"text-align: justify;\"><strong><span style=\"color: #ff6600;\">Dans l&rsquo;\u00e9preuve des gar\u00e7ons n\u00e9s en 1999, la totalit\u00e9 des jeunes coureurs qui sont au d\u00e9part appartiennent \u00e0 l&rsquo;AC LANESTER 56 !<\/span><\/strong><\/p>\n<p>&nbsp;<\/p>\n<div id=\"attachment_6812\" style=\"width: 310px\" class=\"wp-caption alignleft\"><a href=\"http:\/\/www.aclanester56.com\/velo\/wp-content\/uploads\/2011\/02\/IMG_2081-800x600.jpg\"><img loading=\"lazy\" decoding=\"async\" aria-describedby=\"caption-attachment-6812\" class=\"size-large wp-image-6812\" title=\"Toujours chez les gar\u00e7ons n\u00e9s en 1999, un Brendan est en train de prendre l'avantage sur un autre !\" alt=\"\" src=\"http:\/\/www.aclanester56.com\/velo\/wp-content\/uploads\/2011\/02\/IMG_2081-800x600.jpg\" width=\"300\" height=\"225\" srcset=\"https:\/\/www.aclanester56.com\/velo\/wp-content\/uploads\/2011\/02\/IMG_2081-800x600.jpg 800w, https:\/\/www.aclanester56.com\/velo\/wp-content\/uploads\/2011\/02\/IMG_2081-300x225.jpg 300w\" sizes=\"auto, (max-width: 300px) 100vw, 300px\" \/><\/a><p id=\"caption-attachment-6812\" class=\"wp-caption-text\">Toujours chez les gar\u00e7ons n\u00e9s en 1999, un Brendan est en train de prendre l&rsquo;avantage sur un autre !<\/p><\/div>\n<p>&nbsp;<\/p>\n<p>&nbsp;<\/p>\n<p>&nbsp;<\/p>\n<p>&nbsp;<\/p>\n<p style=\"text-align: justify;\"><strong><span style=\"color: #ff6600;\">Brendan LE CAM (AC LANESTER 56) l&#8217;emporte dans l&rsquo;\u00e9preuve des gar\u00e7ons n\u00e9s en 1999 devant Brendan COMMUNAL (AC LANESTER 56) et Nicolas AFFREINGUE (AC LANESTER 56). Le classement g\u00e9n\u00e9ral est exactement le m\u00eame que cette finale !<\/span><\/strong><\/p>\n<p>&nbsp;<\/p>\n<div id=\"attachment_6817\" style=\"width: 310px\" class=\"wp-caption alignright\"><a href=\"http:\/\/www.aclanester56.com\/velo\/wp-content\/uploads\/2011\/02\/IMG_2084-800x600.jpg\"><img loading=\"lazy\" decoding=\"async\" aria-describedby=\"caption-attachment-6817\" class=\"size-large wp-image-6817\" title=\"Les coureurs de l'ACP BAUD ont domin\u00e9 l'\u00e9preuve des gar\u00e7ons n\u00e9s en 1998\" alt=\"\" src=\"http:\/\/www.aclanester56.com\/velo\/wp-content\/uploads\/2011\/02\/IMG_2084-800x600.jpg\" width=\"300\" height=\"225\" srcset=\"https:\/\/www.aclanester56.com\/velo\/wp-content\/uploads\/2011\/02\/IMG_2084-800x600.jpg 800w, https:\/\/www.aclanester56.com\/velo\/wp-content\/uploads\/2011\/02\/IMG_2084-300x225.jpg 300w\" sizes=\"auto, (max-width: 300px) 100vw, 300px\" \/><\/a><p id=\"caption-attachment-6817\" class=\"wp-caption-text\">Les coureurs de l&rsquo;ACP BAUD ont domin\u00e9 l&rsquo;\u00e9preuve des gar\u00e7ons n\u00e9s en 1998<\/p><\/div>\n<p>&nbsp;<\/p>\n<p>&nbsp;<\/p>\n<p>&nbsp;<\/p>\n<p style=\"text-align: justify;\"><strong><span style=\"color: #ff6600;\">Le Baldivien Alexis LE CAPITAINE l&#8217;emporte dans la cat\u00e9gorie des gar\u00e7ons devant ses co\u00e9quipiers Mewen BALTENWECK et Thomas GUILLAUME. Les deux premiers cit\u00e9s, comptabilisant le m\u00eame nombre de points au classement g\u00e9n\u00e9ral, ont \u00e9t\u00e9 d\u00e9partag\u00e9s par rapport au nombre de victoires. Le classement g\u00e9n\u00e9ral reste donc identique au classement de cette finale.<\/span><\/strong><\/p>\n<p>&nbsp;<\/p>\n<div id=\"attachment_6822\" style=\"width: 310px\" class=\"wp-caption alignleft\"><a href=\"http:\/\/www.aclanester56.com\/velo\/wp-content\/uploads\/2011\/02\/IMG_2090-800x600.jpg\"><img loading=\"lazy\" decoding=\"async\" aria-describedby=\"caption-attachment-6822\" class=\"size-large wp-image-6822\" title=\"Jean-Claude SAGOT rappelle rapidement le r\u00e8glement de cette \u00e9preuve &quot;\u00e9liminatoires&quot;aux gar\u00e7ons n\u00e9s en 1997 avant le d\u00e9part\" alt=\"\" src=\"http:\/\/www.aclanester56.com\/velo\/wp-content\/uploads\/2011\/02\/IMG_2090-800x600.jpg\" width=\"300\" height=\"225\" srcset=\"https:\/\/www.aclanester56.com\/velo\/wp-content\/uploads\/2011\/02\/IMG_2090-800x600.jpg 800w, https:\/\/www.aclanester56.com\/velo\/wp-content\/uploads\/2011\/02\/IMG_2090-300x225.jpg 300w\" sizes=\"auto, (max-width: 300px) 100vw, 300px\" \/><\/a><p id=\"caption-attachment-6822\" class=\"wp-caption-text\">Jean-Claude SAGOT rappelle rapidement le r\u00e8glement de cette \u00e9preuve \u00ab\u00a0\u00e9liminatoires\u00a0\u00bb aux gar\u00e7ons n\u00e9s en 1997 avant le d\u00e9part<\/p><\/div>\n<p>&nbsp;<\/p>\n<p>&nbsp;<\/p>\n<p>&nbsp;<\/p>\n<p style=\"text-align: justify;\"><strong><span style=\"color: #ff6600;\">Dans l&rsquo;\u00e9preuve r\u00e9serv\u00e9e aux coureurs n\u00e9s en 1997, le Baldivien Alexandre ZANIN l&#8217;emporte devant le Lanest\u00e9rien Benjamin DUVAL et le Baldivien Nicolas BERNARD. Au classement g\u00e9n\u00e9ral, on retrouve trois coureurs ex-aequo \u00e0 la premi\u00e8re place. De m\u00e9moire, on n&rsquo;avait jamais vu \u00e7a sur cette \u00e9preuve ! Ainsi Benjamin DUVAL, Alexandre ZANIN et Nicolas BERNARD comptent chacun une victoire, une 2\u00e8me place et une 3\u00e8me place. <\/span><\/strong><\/p>\n<p>&nbsp;<\/p>\n<div id=\"attachment_6828\" style=\"width: 310px\" class=\"wp-caption alignright\"><a href=\"http:\/\/www.aclanester56.com\/velo\/wp-content\/uploads\/2011\/02\/IMG_2091-800x600.jpg\"><img loading=\"lazy\" decoding=\"async\" aria-describedby=\"caption-attachment-6828\" class=\"size-large wp-image-6828\" title=\"Th\u00e9r\u00e8se THIERY, maire de Lanester, ici entre Jean-Yves LE GAL et Thierry LE GARREC a donn\u00e9 le d\u00e9part de la derni\u00e8re \u00e9preuve de la journ\u00e9e\" alt=\"\" src=\"http:\/\/www.aclanester56.com\/velo\/wp-content\/uploads\/2011\/02\/IMG_2091-800x600.jpg\" width=\"300\" height=\"225\" srcset=\"https:\/\/www.aclanester56.com\/velo\/wp-content\/uploads\/2011\/02\/IMG_2091-800x600.jpg 800w, https:\/\/www.aclanester56.com\/velo\/wp-content\/uploads\/2011\/02\/IMG_2091-300x225.jpg 300w\" sizes=\"auto, (max-width: 300px) 100vw, 300px\" \/><\/a><p id=\"caption-attachment-6828\" class=\"wp-caption-text\">Th\u00e9r\u00e8se THIERY, maire de Lanester, ici entre Jean-Yves LE GAL et Thierry LE GARREC a donn\u00e9 le d\u00e9part de la derni\u00e8re \u00e9preuve de la journ\u00e9e<\/p><\/div>\n<p>&nbsp;<\/p>\n<p>&nbsp;<\/p>\n<p>&nbsp;<\/p>\n<p>&nbsp;<\/p>\n<p>&nbsp;<\/p>\n<p style=\"text-align: justify;\"><strong><span style=\"color: #ff6600;\">A l&rsquo;occasion de cette finale des Samedis D\u00e9couverte de la piste, le Maire de Lanester Th\u00e9r\u00e8se THIERY a assist\u00e9 au spectacle offert par les jeunes coureurs.<\/span><\/strong><\/p>\n<p>&nbsp;<\/p>\n<div id=\"attachment_6836\" style=\"width: 310px\" class=\"wp-caption alignleft\"><a href=\"http:\/\/www.aclanester56.com\/velo\/wp-content\/uploads\/2011\/02\/IMG_2115-800x600.jpg\"><img loading=\"lazy\" decoding=\"async\" aria-describedby=\"caption-attachment-6836\" class=\"size-large wp-image-6836\" title=\"L'ensemble des laur\u00e9ats en compagnie des organisateurs des Samedis D\u00e9couverte de la piste\" alt=\"\" src=\"http:\/\/www.aclanester56.com\/velo\/wp-content\/uploads\/2011\/02\/IMG_2115-800x600.jpg\" width=\"300\" height=\"225\" srcset=\"https:\/\/www.aclanester56.com\/velo\/wp-content\/uploads\/2011\/02\/IMG_2115-800x600.jpg 800w, https:\/\/www.aclanester56.com\/velo\/wp-content\/uploads\/2011\/02\/IMG_2115-300x225.jpg 300w\" sizes=\"auto, (max-width: 300px) 100vw, 300px\" \/><\/a><p id=\"caption-attachment-6836\" class=\"wp-caption-text\">L&rsquo;ensemble des laur\u00e9ats en compagnie des organisateurs des Samedis D\u00e9couverte de la piste<\/p><\/div>\n<p>&nbsp;<\/p>\n<p>&nbsp;<\/p>\n<p>&nbsp;<\/p>\n<p>&nbsp;<\/p>\n<p>&nbsp;<\/p>\n<p style=\"text-align: justify;\"><strong><span style=\"color: #ff6600;\">Coupes et beaux bouquets r\u00e9compensent les trois premiers dans chaque cat\u00e9gorie.<\/span><\/strong><\/p>\n<p>&nbsp;<\/p>\n<p>D\u00e9couvrez plus de photos dans notre galerie d&rsquo;images accessible <a href=\"http:\/\/www.aclanester56.com\/velo\/medias\/photos\/?album=7&amp;gallery=57\" target=\"_blank\">en cliquant ici<\/a>.<\/p>\n<p>&nbsp;<\/p>\n","protected":false},"excerpt":{"rendered":"","protected":false},"author":14,"featured_media":6783,"comment_status":"open","ping_status":"closed","sticky":false,"template":"","format":"standard","meta":{"ngg_post_thumbnail":0,"footnotes":""},"categories":[5,7,24,37],"tags":[],"class_list":["post-6782","post","type-post","status-publish","format-standard","has-post-thumbnail","hentry","category-ac-lanester-56","category-organisations","category-resultats-ecole-de-cyclisme","category-samedi-decouverte"],"yoast_head":"<!-- This site is optimized with the Yoast SEO plugin v27.5 - https:\/\/yoast.com\/product\/yoast-seo-wordpress\/ -->\n<title>Retour en images sur les Samedis D\u00e9couverte de la piste 2011 - Avenir Cycliste Lanester 56<\/title>\n<meta name=\"robots\" content=\"index, follow, max-snippet:-1, max-image-preview:large, max-video-preview:-1\" \/>\n<link rel=\"canonical\" href=\"https:\/\/www.aclanester56.com\/velo\/retour-en-images-sur-les-samedis-decouverte-de-la-piste-2011\/\" \/>\n<meta property=\"og:locale\" content=\"fr_FR\" \/>\n<meta property=\"og:type\" content=\"article\" \/>\n<meta property=\"og:title\" content=\"Retour en images sur les Samedis D\u00e9couverte de la piste 2011 - Avenir Cycliste Lanester 56\" \/>\n<meta property=\"og:url\" content=\"https:\/\/www.aclanester56.com\/velo\/retour-en-images-sur-les-samedis-decouverte-de-la-piste-2011\/\" \/>\n<meta property=\"og:site_name\" content=\"Avenir Cycliste Lanester 56\" \/>\n<meta property=\"article:publisher\" content=\"https:\/\/www.facebook.com\/pages\/AC-Lanester-56\/190286300991242?fref=ts\" \/>\n<meta property=\"article:published_time\" content=\"2011-02-06T15:31:51+00:00\" \/>\n<meta property=\"article:modified_time\" content=\"2013-12-21T22:49:38+00:00\" \/>\n<meta property=\"og:image\" content=\"https:\/\/www.aclanester56.com\/velo\/wp-content\/uploads\/2011\/02\/IMG_2093-800x600.jpg\" \/>\n\t<meta property=\"og:image:width\" content=\"800\" \/>\n\t<meta property=\"og:image:height\" content=\"600\" \/>\n\t<meta property=\"og:image:type\" content=\"image\/jpeg\" \/>\n<meta name=\"author\" content=\"Jean-Christophe\" \/>\n<meta name=\"twitter:label1\" content=\"\u00c9crit par\" \/>\n\t<meta name=\"twitter:data1\" content=\"Jean-Christophe\" \/>\n\t<meta name=\"twitter:label2\" content=\"Dur\u00e9e de lecture estim\u00e9e\" \/>\n\t<meta name=\"twitter:data2\" content=\"4 minutes\" \/>\n<script type=\"application\/ld+json\" class=\"yoast-schema-graph\">{\"@context\":\"https:\\\/\\\/schema.org\",\"@graph\":[{\"@type\":\"Article\",\"@id\":\"https:\\\/\\\/www.aclanester56.com\\\/velo\\\/retour-en-images-sur-les-samedis-decouverte-de-la-piste-2011\\\/#article\",\"isPartOf\":{\"@id\":\"https:\\\/\\\/www.aclanester56.com\\\/velo\\\/retour-en-images-sur-les-samedis-decouverte-de-la-piste-2011\\\/\"},\"author\":{\"name\":\"Jean-Christophe\",\"@id\":\"https:\\\/\\\/www.aclanester56.com\\\/velo\\\/#\\\/schema\\\/person\\\/ca2a44a5fd969e9dd846c72d3b33bc01\"},\"headline\":\"Retour en images sur les Samedis D\u00e9couverte de la piste 2011\",\"datePublished\":\"2011-02-06T15:31:51+00:00\",\"dateModified\":\"2013-12-21T22:49:38+00:00\",\"mainEntityOfPage\":{\"@id\":\"https:\\\/\\\/www.aclanester56.com\\\/velo\\\/retour-en-images-sur-les-samedis-decouverte-de-la-piste-2011\\\/\"},\"wordCount\":722,\"commentCount\":0,\"publisher\":{\"@id\":\"https:\\\/\\\/www.aclanester56.com\\\/velo\\\/#organization\"},\"image\":{\"@id\":\"https:\\\/\\\/www.aclanester56.com\\\/velo\\\/retour-en-images-sur-les-samedis-decouverte-de-la-piste-2011\\\/#primaryimage\"},\"thumbnailUrl\":\"https:\\\/\\\/www.aclanester56.com\\\/velo\\\/wp-content\\\/uploads\\\/2011\\\/02\\\/IMG_2093.jpg\",\"articleSection\":[\"AC LANESTER 56\",\"Les organisations\",\"R\u00e9sultats Ecole de cyclisme\",\"Samedi d\u00e9couverte\"],\"inLanguage\":\"fr-FR\",\"potentialAction\":[{\"@type\":\"CommentAction\",\"name\":\"Comment\",\"target\":[\"https:\\\/\\\/www.aclanester56.com\\\/velo\\\/retour-en-images-sur-les-samedis-decouverte-de-la-piste-2011\\\/#respond\"]}]},{\"@type\":\"WebPage\",\"@id\":\"https:\\\/\\\/www.aclanester56.com\\\/velo\\\/retour-en-images-sur-les-samedis-decouverte-de-la-piste-2011\\\/\",\"url\":\"https:\\\/\\\/www.aclanester56.com\\\/velo\\\/retour-en-images-sur-les-samedis-decouverte-de-la-piste-2011\\\/\",\"name\":\"Retour en images sur les Samedis D\u00e9couverte de la piste 2011 - Avenir Cycliste Lanester 56\",\"isPartOf\":{\"@id\":\"https:\\\/\\\/www.aclanester56.com\\\/velo\\\/#website\"},\"primaryImageOfPage\":{\"@id\":\"https:\\\/\\\/www.aclanester56.com\\\/velo\\\/retour-en-images-sur-les-samedis-decouverte-de-la-piste-2011\\\/#primaryimage\"},\"image\":{\"@id\":\"https:\\\/\\\/www.aclanester56.com\\\/velo\\\/retour-en-images-sur-les-samedis-decouverte-de-la-piste-2011\\\/#primaryimage\"},\"thumbnailUrl\":\"https:\\\/\\\/www.aclanester56.com\\\/velo\\\/wp-content\\\/uploads\\\/2011\\\/02\\\/IMG_2093.jpg\",\"datePublished\":\"2011-02-06T15:31:51+00:00\",\"dateModified\":\"2013-12-21T22:49:38+00:00\",\"inLanguage\":\"fr-FR\",\"potentialAction\":[{\"@type\":\"ReadAction\",\"target\":[\"https:\\\/\\\/www.aclanester56.com\\\/velo\\\/retour-en-images-sur-les-samedis-decouverte-de-la-piste-2011\\\/\"]}]},{\"@type\":\"ImageObject\",\"inLanguage\":\"fr-FR\",\"@id\":\"https:\\\/\\\/www.aclanester56.com\\\/velo\\\/retour-en-images-sur-les-samedis-decouverte-de-la-piste-2011\\\/#primaryimage\",\"url\":\"https:\\\/\\\/www.aclanester56.com\\\/velo\\\/wp-content\\\/uploads\\\/2011\\\/02\\\/IMG_2093.jpg\",\"contentUrl\":\"https:\\\/\\\/www.aclanester56.com\\\/velo\\\/wp-content\\\/uploads\\\/2011\\\/02\\\/IMG_2093.jpg\",\"width\":3264,\"height\":2448,\"caption\":\"Les diff\u00e9rentes \u00e9preuves ont \u00e9t\u00e9 extr\u00eamement disput\u00e9es par les jeunes provenant des clubs de Lanester, Inguiniel, Plouay, Baud et Languidic\"},{\"@type\":\"WebSite\",\"@id\":\"https:\\\/\\\/www.aclanester56.com\\\/velo\\\/#website\",\"url\":\"https:\\\/\\\/www.aclanester56.com\\\/velo\\\/\",\"name\":\"Avenir Cycliste Lanester 56\",\"description\":\"Club cycliste de l&#039;AC LANESTER 56\",\"publisher\":{\"@id\":\"https:\\\/\\\/www.aclanester56.com\\\/velo\\\/#organization\"},\"potentialAction\":[{\"@type\":\"SearchAction\",\"target\":{\"@type\":\"EntryPoint\",\"urlTemplate\":\"https:\\\/\\\/www.aclanester56.com\\\/velo\\\/?s={search_term_string}\"},\"query-input\":{\"@type\":\"PropertyValueSpecification\",\"valueRequired\":true,\"valueName\":\"search_term_string\"}}],\"inLanguage\":\"fr-FR\"},{\"@type\":\"Organization\",\"@id\":\"https:\\\/\\\/www.aclanester56.com\\\/velo\\\/#organization\",\"name\":\"Avenir Cycliste Lanester 56\",\"url\":\"https:\\\/\\\/www.aclanester56.com\\\/velo\\\/\",\"logo\":{\"@type\":\"ImageObject\",\"inLanguage\":\"fr-FR\",\"@id\":\"https:\\\/\\\/www.aclanester56.com\\\/velo\\\/#\\\/schema\\\/logo\\\/image\\\/\",\"url\":\"https:\\\/\\\/www.aclanester56.com\\\/velo\\\/wp-content\\\/uploads\\\/2013\\\/04\\\/logo-ACL.jpg\",\"contentUrl\":\"https:\\\/\\\/www.aclanester56.com\\\/velo\\\/wp-content\\\/uploads\\\/2013\\\/04\\\/logo-ACL.jpg\",\"width\":400,\"height\":334,\"caption\":\"Avenir Cycliste Lanester 56\"},\"image\":{\"@id\":\"https:\\\/\\\/www.aclanester56.com\\\/velo\\\/#\\\/schema\\\/logo\\\/image\\\/\"},\"sameAs\":[\"https:\\\/\\\/www.facebook.com\\\/pages\\\/AC-Lanester-56\\\/190286300991242?fref=ts\"]},{\"@type\":\"Person\",\"@id\":\"https:\\\/\\\/www.aclanester56.com\\\/velo\\\/#\\\/schema\\\/person\\\/ca2a44a5fd969e9dd846c72d3b33bc01\",\"name\":\"Jean-Christophe\",\"url\":\"https:\\\/\\\/www.aclanester56.com\\\/velo\\\/author\\\/jeanchristophe\\\/\"}]}<\/script>\n<!-- \/ Yoast SEO plugin. -->","yoast_head_json":{"title":"Retour en images sur les Samedis D\u00e9couverte de la piste 2011 - Avenir Cycliste Lanester 56","robots":{"index":"index","follow":"follow","max-snippet":"max-snippet:-1","max-image-preview":"max-image-preview:large","max-video-preview":"max-video-preview:-1"},"canonical":"https:\/\/www.aclanester56.com\/velo\/retour-en-images-sur-les-samedis-decouverte-de-la-piste-2011\/","og_locale":"fr_FR","og_type":"article","og_title":"Retour en images sur les Samedis D\u00e9couverte de la piste 2011 - Avenir Cycliste Lanester 56","og_url":"https:\/\/www.aclanester56.com\/velo\/retour-en-images-sur-les-samedis-decouverte-de-la-piste-2011\/","og_site_name":"Avenir Cycliste Lanester 56","article_publisher":"https:\/\/www.facebook.com\/pages\/AC-Lanester-56\/190286300991242?fref=ts","article_published_time":"2011-02-06T15:31:51+00:00","article_modified_time":"2013-12-21T22:49:38+00:00","og_image":[{"width":800,"height":600,"url":"https:\/\/www.aclanester56.com\/velo\/wp-content\/uploads\/2011\/02\/IMG_2093-800x600.jpg","type":"image\/jpeg"}],"author":"Jean-Christophe","twitter_misc":{"\u00c9crit par":"Jean-Christophe","Dur\u00e9e de lecture estim\u00e9e":"4 minutes"},"schema":{"@context":"https:\/\/schema.org","@graph":[{"@type":"Article","@id":"https:\/\/www.aclanester56.com\/velo\/retour-en-images-sur-les-samedis-decouverte-de-la-piste-2011\/#article","isPartOf":{"@id":"https:\/\/www.aclanester56.com\/velo\/retour-en-images-sur-les-samedis-decouverte-de-la-piste-2011\/"},"author":{"name":"Jean-Christophe","@id":"https:\/\/www.aclanester56.com\/velo\/#\/schema\/person\/ca2a44a5fd969e9dd846c72d3b33bc01"},"headline":"Retour en images sur les Samedis D\u00e9couverte de la piste 2011","datePublished":"2011-02-06T15:31:51+00:00","dateModified":"2013-12-21T22:49:38+00:00","mainEntityOfPage":{"@id":"https:\/\/www.aclanester56.com\/velo\/retour-en-images-sur-les-samedis-decouverte-de-la-piste-2011\/"},"wordCount":722,"commentCount":0,"publisher":{"@id":"https:\/\/www.aclanester56.com\/velo\/#organization"},"image":{"@id":"https:\/\/www.aclanester56.com\/velo\/retour-en-images-sur-les-samedis-decouverte-de-la-piste-2011\/#primaryimage"},"thumbnailUrl":"https:\/\/www.aclanester56.com\/velo\/wp-content\/uploads\/2011\/02\/IMG_2093.jpg","articleSection":["AC LANESTER 56","Les organisations","R\u00e9sultats Ecole de cyclisme","Samedi d\u00e9couverte"],"inLanguage":"fr-FR","potentialAction":[{"@type":"CommentAction","name":"Comment","target":["https:\/\/www.aclanester56.com\/velo\/retour-en-images-sur-les-samedis-decouverte-de-la-piste-2011\/#respond"]}]},{"@type":"WebPage","@id":"https:\/\/www.aclanester56.com\/velo\/retour-en-images-sur-les-samedis-decouverte-de-la-piste-2011\/","url":"https:\/\/www.aclanester56.com\/velo\/retour-en-images-sur-les-samedis-decouverte-de-la-piste-2011\/","name":"Retour en images sur les Samedis D\u00e9couverte de la piste 2011 - Avenir Cycliste Lanester 56","isPartOf":{"@id":"https:\/\/www.aclanester56.com\/velo\/#website"},"primaryImageOfPage":{"@id":"https:\/\/www.aclanester56.com\/velo\/retour-en-images-sur-les-samedis-decouverte-de-la-piste-2011\/#primaryimage"},"image":{"@id":"https:\/\/www.aclanester56.com\/velo\/retour-en-images-sur-les-samedis-decouverte-de-la-piste-2011\/#primaryimage"},"thumbnailUrl":"https:\/\/www.aclanester56.com\/velo\/wp-content\/uploads\/2011\/02\/IMG_2093.jpg","datePublished":"2011-02-06T15:31:51+00:00","dateModified":"2013-12-21T22:49:38+00:00","inLanguage":"fr-FR","potentialAction":[{"@type":"ReadAction","target":["https:\/\/www.aclanester56.com\/velo\/retour-en-images-sur-les-samedis-decouverte-de-la-piste-2011\/"]}]},{"@type":"ImageObject","inLanguage":"fr-FR","@id":"https:\/\/www.aclanester56.com\/velo\/retour-en-images-sur-les-samedis-decouverte-de-la-piste-2011\/#primaryimage","url":"https:\/\/www.aclanester56.com\/velo\/wp-content\/uploads\/2011\/02\/IMG_2093.jpg","contentUrl":"https:\/\/www.aclanester56.com\/velo\/wp-content\/uploads\/2011\/02\/IMG_2093.jpg","width":3264,"height":2448,"caption":"Les diff\u00e9rentes \u00e9preuves ont \u00e9t\u00e9 extr\u00eamement disput\u00e9es par les jeunes provenant des clubs de Lanester, Inguiniel, Plouay, Baud et Languidic"},{"@type":"WebSite","@id":"https:\/\/www.aclanester56.com\/velo\/#website","url":"https:\/\/www.aclanester56.com\/velo\/","name":"Avenir Cycliste Lanester 56","description":"Club cycliste de l&#039;AC LANESTER 56","publisher":{"@id":"https:\/\/www.aclanester56.com\/velo\/#organization"},"potentialAction":[{"@type":"SearchAction","target":{"@type":"EntryPoint","urlTemplate":"https:\/\/www.aclanester56.com\/velo\/?s={search_term_string}"},"query-input":{"@type":"PropertyValueSpecification","valueRequired":true,"valueName":"search_term_string"}}],"inLanguage":"fr-FR"},{"@type":"Organization","@id":"https:\/\/www.aclanester56.com\/velo\/#organization","name":"Avenir Cycliste Lanester 56","url":"https:\/\/www.aclanester56.com\/velo\/","logo":{"@type":"ImageObject","inLanguage":"fr-FR","@id":"https:\/\/www.aclanester56.com\/velo\/#\/schema\/logo\/image\/","url":"https:\/\/www.aclanester56.com\/velo\/wp-content\/uploads\/2013\/04\/logo-ACL.jpg","contentUrl":"https:\/\/www.aclanester56.com\/velo\/wp-content\/uploads\/2013\/04\/logo-ACL.jpg","width":400,"height":334,"caption":"Avenir Cycliste Lanester 56"},"image":{"@id":"https:\/\/www.aclanester56.com\/velo\/#\/schema\/logo\/image\/"},"sameAs":["https:\/\/www.facebook.com\/pages\/AC-Lanester-56\/190286300991242?fref=ts"]},{"@type":"Person","@id":"https:\/\/www.aclanester56.com\/velo\/#\/schema\/person\/ca2a44a5fd969e9dd846c72d3b33bc01","name":"Jean-Christophe","url":"https:\/\/www.aclanester56.com\/velo\/author\/jeanchristophe\/"}]}},"_links":{"self":[{"href":"https:\/\/www.aclanester56.com\/velo\/wp-json\/wp\/v2\/posts\/6782","targetHints":{"allow":["GET"]}}],"collection":[{"href":"https:\/\/www.aclanester56.com\/velo\/wp-json\/wp\/v2\/posts"}],"about":[{"href":"https:\/\/www.aclanester56.com\/velo\/wp-json\/wp\/v2\/types\/post"}],"author":[{"embeddable":true,"href":"https:\/\/www.aclanester56.com\/velo\/wp-json\/wp\/v2\/users\/14"}],"replies":[{"embeddable":true,"href":"https:\/\/www.aclanester56.com\/velo\/wp-json\/wp\/v2\/comments?post=6782"}],"version-history":[{"count":0,"href":"https:\/\/www.aclanester56.com\/velo\/wp-json\/wp\/v2\/posts\/6782\/revisions"}],"wp:featuredmedia":[{"embeddable":true,"href":"https:\/\/www.aclanester56.com\/velo\/wp-json\/wp\/v2\/media\/6783"}],"wp:attachment":[{"href":"https:\/\/www.aclanester56.com\/velo\/wp-json\/wp\/v2\/media?parent=6782"}],"wp:term":[{"taxonomy":"category","embeddable":true,"href":"https:\/\/www.aclanester56.com\/velo\/wp-json\/wp\/v2\/categories?post=6782"},{"taxonomy":"post_tag","embeddable":true,"href":"https:\/\/www.aclanester56.com\/velo\/wp-json\/wp\/v2\/tags?post=6782"}],"curies":[{"name":"wp","href":"https:\/\/api.w.org\/{rel}","templated":true}]}}