{"id":6869,"date":"2011-02-08T13:42:29","date_gmt":"2011-02-08T12:42:29","guid":{"rendered":"http:\/\/www.aclanester56.com\/velo\/?p=6869"},"modified":"2011-02-10T17:26:26","modified_gmt":"2011-02-10T16:26:26","slug":"le-bf2-pour-guy-nivinou","status":"publish","type":"post","link":"https:\/\/www.aclanester56.com\/velo\/le-bf2-pour-guy-nivinou\/","title":{"rendered":"Le BF2 pour Guy NIVINOU  !"},"content":{"rendered":"<div id=\"attachment_2320\" style=\"width: 110px\" class=\"wp-caption alignleft\"><a href=\"http:\/\/www.aclanester56.com\/velo\/wp-content\/uploads\/2009\/12\/GNI1.jpg\"><img loading=\"lazy\" decoding=\"async\" aria-describedby=\"caption-attachment-2320\" class=\"size-full wp-image-2320\" title=\"Guy NIVINOU vient d'obtenir le BF2\" src=\"http:\/\/www.aclanester56.com\/velo\/wp-content\/uploads\/2009\/12\/GNI1.jpg\" alt=\"\" width=\"100\" height=\"133\" \/><\/a><p id=\"caption-attachment-2320\" class=\"wp-caption-text\">Guy NIVINOU vient d&#39;obtenir le BF2<\/p><\/div>\n<p style=\"text-align: justify;\">Guy NIVINOU, entraineur des minimes de l&rsquo;AC LANESTER 56 et tr\u00e8s actif au sein de l&rsquo;encadrement de l&rsquo;\u00e9quipe DN, vient d&rsquo;obtenir le BF2 Cyclisme traditionnel, Brevet F\u00e9d\u00e9ral 2\u00e8me d\u00e9gr\u00e9, validant ses acquis centr\u00e9s sur la p\u00e9dagogie et l&rsquo;apprentissage technico-tactique de la discipline.<\/p>\n<p>F\u00e9licitations Guy !<\/p>\n<p><br class=\"spacer_\" \/><\/p>\n<p><br class=\"spacer_\" \/><\/p>\n","protected":false},"excerpt":{"rendered":"<p>Guy NIVINOU, entraineur des minimes de l&rsquo;AC LANESTER 56 et tr\u00e8s actif au sein de l&rsquo;encadrement de l&rsquo;\u00e9quipe DN, vient [&hellip;]<\/p>\n","protected":false},"author":14,"featured_media":2320,"comment_status":"open","ping_status":"closed","sticky":false,"template":"","format":"standard","meta":{"ngg_post_thumbnail":0,"footnotes":""},"categories":[5],"tags":[],"class_list":["post-6869","post","type-post","status-publish","format-standard","has-post-thumbnail","hentry","category-ac-lanester-56"],"yoast_head":"<!-- This site is optimized with the Yoast SEO plugin v27.5 - https:\/\/yoast.com\/product\/yoast-seo-wordpress\/ -->\n<title>Le BF2 pour Guy NIVINOU ! - Avenir Cycliste Lanester 56<\/title>\n<meta name=\"robots\" content=\"index, follow, max-snippet:-1, max-image-preview:large, max-video-preview:-1\" \/>\n<link rel=\"canonical\" href=\"https:\/\/www.aclanester56.com\/velo\/le-bf2-pour-guy-nivinou\/\" \/>\n<meta property=\"og:locale\" content=\"fr_FR\" \/>\n<meta property=\"og:type\" content=\"article\" \/>\n<meta property=\"og:title\" content=\"Le BF2 pour Guy NIVINOU ! - Avenir Cycliste Lanester 56\" \/>\n<meta property=\"og:description\" content=\"Guy NIVINOU, entraineur des minimes de l&rsquo;AC LANESTER 56 et tr\u00e8s actif au sein de l&rsquo;encadrement de l&rsquo;\u00e9quipe DN, vient [&hellip;]\" \/>\n<meta property=\"og:url\" content=\"https:\/\/www.aclanester56.com\/velo\/le-bf2-pour-guy-nivinou\/\" \/>\n<meta property=\"og:site_name\" content=\"Avenir Cycliste Lanester 56\" \/>\n<meta property=\"article:publisher\" content=\"https:\/\/www.facebook.com\/pages\/AC-Lanester-56\/190286300991242?fref=ts\" \/>\n<meta property=\"article:published_time\" content=\"2011-02-08T12:42:29+00:00\" \/>\n<meta property=\"article:modified_time\" content=\"2011-02-10T16:26:26+00:00\" \/>\n<meta property=\"og:image\" content=\"https:\/\/www.aclanester56.com\/velo\/wp-content\/uploads\/2009\/12\/GNI1.jpg\" \/>\n\t<meta property=\"og:image:width\" content=\"100\" \/>\n\t<meta property=\"og:image:height\" content=\"133\" \/>\n\t<meta property=\"og:image:type\" content=\"image\/jpeg\" \/>\n<meta name=\"author\" content=\"Jean-Christophe\" \/>\n<meta name=\"twitter:label1\" content=\"\u00c9crit par\" \/>\n\t<meta name=\"twitter:data1\" content=\"Jean-Christophe\" \/>\n<script type=\"application\/ld+json\" class=\"yoast-schema-graph\">{\"@context\":\"https:\\\/\\\/schema.org\",\"@graph\":[{\"@type\":\"Article\",\"@id\":\"https:\\\/\\\/www.aclanester56.com\\\/velo\\\/le-bf2-pour-guy-nivinou\\\/#article\",\"isPartOf\":{\"@id\":\"https:\\\/\\\/www.aclanester56.com\\\/velo\\\/le-bf2-pour-guy-nivinou\\\/\"},\"author\":{\"name\":\"Jean-Christophe\",\"@id\":\"https:\\\/\\\/www.aclanester56.com\\\/velo\\\/#\\\/schema\\\/person\\\/ca2a44a5fd969e9dd846c72d3b33bc01\"},\"headline\":\"Le BF2 pour Guy NIVINOU !\",\"datePublished\":\"2011-02-08T12:42:29+00:00\",\"dateModified\":\"2011-02-10T16:26:26+00:00\",\"mainEntityOfPage\":{\"@id\":\"https:\\\/\\\/www.aclanester56.com\\\/velo\\\/le-bf2-pour-guy-nivinou\\\/\"},\"wordCount\":71,\"commentCount\":2,\"publisher\":{\"@id\":\"https:\\\/\\\/www.aclanester56.com\\\/velo\\\/#organization\"},\"image\":{\"@id\":\"https:\\\/\\\/www.aclanester56.com\\\/velo\\\/le-bf2-pour-guy-nivinou\\\/#primaryimage\"},\"thumbnailUrl\":\"https:\\\/\\\/www.aclanester56.com\\\/velo\\\/wp-content\\\/uploads\\\/2009\\\/12\\\/GNI1.jpg\",\"articleSection\":[\"AC LANESTER 56\"],\"inLanguage\":\"fr-FR\",\"potentialAction\":[{\"@type\":\"CommentAction\",\"name\":\"Comment\",\"target\":[\"https:\\\/\\\/www.aclanester56.com\\\/velo\\\/le-bf2-pour-guy-nivinou\\\/#respond\"]}]},{\"@type\":\"WebPage\",\"@id\":\"https:\\\/\\\/www.aclanester56.com\\\/velo\\\/le-bf2-pour-guy-nivinou\\\/\",\"url\":\"https:\\\/\\\/www.aclanester56.com\\\/velo\\\/le-bf2-pour-guy-nivinou\\\/\",\"name\":\"Le BF2 pour Guy NIVINOU ! - Avenir Cycliste Lanester 56\",\"isPartOf\":{\"@id\":\"https:\\\/\\\/www.aclanester56.com\\\/velo\\\/#website\"},\"primaryImageOfPage\":{\"@id\":\"https:\\\/\\\/www.aclanester56.com\\\/velo\\\/le-bf2-pour-guy-nivinou\\\/#primaryimage\"},\"image\":{\"@id\":\"https:\\\/\\\/www.aclanester56.com\\\/velo\\\/le-bf2-pour-guy-nivinou\\\/#primaryimage\"},\"thumbnailUrl\":\"https:\\\/\\\/www.aclanester56.com\\\/velo\\\/wp-content\\\/uploads\\\/2009\\\/12\\\/GNI1.jpg\",\"datePublished\":\"2011-02-08T12:42:29+00:00\",\"dateModified\":\"2011-02-10T16:26:26+00:00\",\"inLanguage\":\"fr-FR\",\"potentialAction\":[{\"@type\":\"ReadAction\",\"target\":[\"https:\\\/\\\/www.aclanester56.com\\\/velo\\\/le-bf2-pour-guy-nivinou\\\/\"]}]},{\"@type\":\"ImageObject\",\"inLanguage\":\"fr-FR\",\"@id\":\"https:\\\/\\\/www.aclanester56.com\\\/velo\\\/le-bf2-pour-guy-nivinou\\\/#primaryimage\",\"url\":\"https:\\\/\\\/www.aclanester56.com\\\/velo\\\/wp-content\\\/uploads\\\/2009\\\/12\\\/GNI1.jpg\",\"contentUrl\":\"https:\\\/\\\/www.aclanester56.com\\\/velo\\\/wp-content\\\/uploads\\\/2009\\\/12\\\/GNI1.jpg\",\"width\":100,\"height\":133,\"caption\":\"Guy NIVINOU vient d'obtenir son BF2\"},{\"@type\":\"WebSite\",\"@id\":\"https:\\\/\\\/www.aclanester56.com\\\/velo\\\/#website\",\"url\":\"https:\\\/\\\/www.aclanester56.com\\\/velo\\\/\",\"name\":\"Avenir Cycliste Lanester 56\",\"description\":\"Club cycliste de l&#039;AC LANESTER 56\",\"publisher\":{\"@id\":\"https:\\\/\\\/www.aclanester56.com\\\/velo\\\/#organization\"},\"potentialAction\":[{\"@type\":\"SearchAction\",\"target\":{\"@type\":\"EntryPoint\",\"urlTemplate\":\"https:\\\/\\\/www.aclanester56.com\\\/velo\\\/?s={search_term_string}\"},\"query-input\":{\"@type\":\"PropertyValueSpecification\",\"valueRequired\":true,\"valueName\":\"search_term_string\"}}],\"inLanguage\":\"fr-FR\"},{\"@type\":\"Organization\",\"@id\":\"https:\\\/\\\/www.aclanester56.com\\\/velo\\\/#organization\",\"name\":\"Avenir Cycliste Lanester 56\",\"url\":\"https:\\\/\\\/www.aclanester56.com\\\/velo\\\/\",\"logo\":{\"@type\":\"ImageObject\",\"inLanguage\":\"fr-FR\",\"@id\":\"https:\\\/\\\/www.aclanester56.com\\\/velo\\\/#\\\/schema\\\/logo\\\/image\\\/\",\"url\":\"https:\\\/\\\/www.aclanester56.com\\\/velo\\\/wp-content\\\/uploads\\\/2013\\\/04\\\/logo-ACL.jpg\",\"contentUrl\":\"https:\\\/\\\/www.aclanester56.com\\\/velo\\\/wp-content\\\/uploads\\\/2013\\\/04\\\/logo-ACL.jpg\",\"width\":400,\"height\":334,\"caption\":\"Avenir Cycliste Lanester 56\"},\"image\":{\"@id\":\"https:\\\/\\\/www.aclanester56.com\\\/velo\\\/#\\\/schema\\\/logo\\\/image\\\/\"},\"sameAs\":[\"https:\\\/\\\/www.facebook.com\\\/pages\\\/AC-Lanester-56\\\/190286300991242?fref=ts\"]},{\"@type\":\"Person\",\"@id\":\"https:\\\/\\\/www.aclanester56.com\\\/velo\\\/#\\\/schema\\\/person\\\/ca2a44a5fd969e9dd846c72d3b33bc01\",\"name\":\"Jean-Christophe\",\"url\":\"https:\\\/\\\/www.aclanester56.com\\\/velo\\\/author\\\/jeanchristophe\\\/\"}]}<\/script>\n<!-- \/ Yoast SEO plugin. -->","yoast_head_json":{"title":"Le BF2 pour Guy NIVINOU ! - Avenir Cycliste Lanester 56","robots":{"index":"index","follow":"follow","max-snippet":"max-snippet:-1","max-image-preview":"max-image-preview:large","max-video-preview":"max-video-preview:-1"},"canonical":"https:\/\/www.aclanester56.com\/velo\/le-bf2-pour-guy-nivinou\/","og_locale":"fr_FR","og_type":"article","og_title":"Le BF2 pour Guy NIVINOU ! - Avenir Cycliste Lanester 56","og_description":"Guy NIVINOU, entraineur des minimes de l&rsquo;AC LANESTER 56 et tr\u00e8s actif au sein de l&rsquo;encadrement de l&rsquo;\u00e9quipe DN, vient [&hellip;]","og_url":"https:\/\/www.aclanester56.com\/velo\/le-bf2-pour-guy-nivinou\/","og_site_name":"Avenir Cycliste Lanester 56","article_publisher":"https:\/\/www.facebook.com\/pages\/AC-Lanester-56\/190286300991242?fref=ts","article_published_time":"2011-02-08T12:42:29+00:00","article_modified_time":"2011-02-10T16:26:26+00:00","og_image":[{"width":100,"height":133,"url":"https:\/\/www.aclanester56.com\/velo\/wp-content\/uploads\/2009\/12\/GNI1.jpg","type":"image\/jpeg"}],"author":"Jean-Christophe","twitter_misc":{"\u00c9crit par":"Jean-Christophe"},"schema":{"@context":"https:\/\/schema.org","@graph":[{"@type":"Article","@id":"https:\/\/www.aclanester56.com\/velo\/le-bf2-pour-guy-nivinou\/#article","isPartOf":{"@id":"https:\/\/www.aclanester56.com\/velo\/le-bf2-pour-guy-nivinou\/"},"author":{"name":"Jean-Christophe","@id":"https:\/\/www.aclanester56.com\/velo\/#\/schema\/person\/ca2a44a5fd969e9dd846c72d3b33bc01"},"headline":"Le BF2 pour Guy NIVINOU !","datePublished":"2011-02-08T12:42:29+00:00","dateModified":"2011-02-10T16:26:26+00:00","mainEntityOfPage":{"@id":"https:\/\/www.aclanester56.com\/velo\/le-bf2-pour-guy-nivinou\/"},"wordCount":71,"commentCount":2,"publisher":{"@id":"https:\/\/www.aclanester56.com\/velo\/#organization"},"image":{"@id":"https:\/\/www.aclanester56.com\/velo\/le-bf2-pour-guy-nivinou\/#primaryimage"},"thumbnailUrl":"https:\/\/www.aclanester56.com\/velo\/wp-content\/uploads\/2009\/12\/GNI1.jpg","articleSection":["AC LANESTER 56"],"inLanguage":"fr-FR","potentialAction":[{"@type":"CommentAction","name":"Comment","target":["https:\/\/www.aclanester56.com\/velo\/le-bf2-pour-guy-nivinou\/#respond"]}]},{"@type":"WebPage","@id":"https:\/\/www.aclanester56.com\/velo\/le-bf2-pour-guy-nivinou\/","url":"https:\/\/www.aclanester56.com\/velo\/le-bf2-pour-guy-nivinou\/","name":"Le BF2 pour Guy NIVINOU ! - Avenir Cycliste Lanester 56","isPartOf":{"@id":"https:\/\/www.aclanester56.com\/velo\/#website"},"primaryImageOfPage":{"@id":"https:\/\/www.aclanester56.com\/velo\/le-bf2-pour-guy-nivinou\/#primaryimage"},"image":{"@id":"https:\/\/www.aclanester56.com\/velo\/le-bf2-pour-guy-nivinou\/#primaryimage"},"thumbnailUrl":"https:\/\/www.aclanester56.com\/velo\/wp-content\/uploads\/2009\/12\/GNI1.jpg","datePublished":"2011-02-08T12:42:29+00:00","dateModified":"2011-02-10T16:26:26+00:00","inLanguage":"fr-FR","potentialAction":[{"@type":"ReadAction","target":["https:\/\/www.aclanester56.com\/velo\/le-bf2-pour-guy-nivinou\/"]}]},{"@type":"ImageObject","inLanguage":"fr-FR","@id":"https:\/\/www.aclanester56.com\/velo\/le-bf2-pour-guy-nivinou\/#primaryimage","url":"https:\/\/www.aclanester56.com\/velo\/wp-content\/uploads\/2009\/12\/GNI1.jpg","contentUrl":"https:\/\/www.aclanester56.com\/velo\/wp-content\/uploads\/2009\/12\/GNI1.jpg","width":100,"height":133,"caption":"Guy NIVINOU vient d'obtenir son BF2"},{"@type":"WebSite","@id":"https:\/\/www.aclanester56.com\/velo\/#website","url":"https:\/\/www.aclanester56.com\/velo\/","name":"Avenir Cycliste Lanester 56","description":"Club cycliste de l&#039;AC LANESTER 56","publisher":{"@id":"https:\/\/www.aclanester56.com\/velo\/#organization"},"potentialAction":[{"@type":"SearchAction","target":{"@type":"EntryPoint","urlTemplate":"https:\/\/www.aclanester56.com\/velo\/?s={search_term_string}"},"query-input":{"@type":"PropertyValueSpecification","valueRequired":true,"valueName":"search_term_string"}}],"inLanguage":"fr-FR"},{"@type":"Organization","@id":"https:\/\/www.aclanester56.com\/velo\/#organization","name":"Avenir Cycliste Lanester 56","url":"https:\/\/www.aclanester56.com\/velo\/","logo":{"@type":"ImageObject","inLanguage":"fr-FR","@id":"https:\/\/www.aclanester56.com\/velo\/#\/schema\/logo\/image\/","url":"https:\/\/www.aclanester56.com\/velo\/wp-content\/uploads\/2013\/04\/logo-ACL.jpg","contentUrl":"https:\/\/www.aclanester56.com\/velo\/wp-content\/uploads\/2013\/04\/logo-ACL.jpg","width":400,"height":334,"caption":"Avenir Cycliste Lanester 56"},"image":{"@id":"https:\/\/www.aclanester56.com\/velo\/#\/schema\/logo\/image\/"},"sameAs":["https:\/\/www.facebook.com\/pages\/AC-Lanester-56\/190286300991242?fref=ts"]},{"@type":"Person","@id":"https:\/\/www.aclanester56.com\/velo\/#\/schema\/person\/ca2a44a5fd969e9dd846c72d3b33bc01","name":"Jean-Christophe","url":"https:\/\/www.aclanester56.com\/velo\/author\/jeanchristophe\/"}]}},"_links":{"self":[{"href":"https:\/\/www.aclanester56.com\/velo\/wp-json\/wp\/v2\/posts\/6869","targetHints":{"allow":["GET"]}}],"collection":[{"href":"https:\/\/www.aclanester56.com\/velo\/wp-json\/wp\/v2\/posts"}],"about":[{"href":"https:\/\/www.aclanester56.com\/velo\/wp-json\/wp\/v2\/types\/post"}],"author":[{"embeddable":true,"href":"https:\/\/www.aclanester56.com\/velo\/wp-json\/wp\/v2\/users\/14"}],"replies":[{"embeddable":true,"href":"https:\/\/www.aclanester56.com\/velo\/wp-json\/wp\/v2\/comments?post=6869"}],"version-history":[{"count":0,"href":"https:\/\/www.aclanester56.com\/velo\/wp-json\/wp\/v2\/posts\/6869\/revisions"}],"wp:featuredmedia":[{"embeddable":true,"href":"https:\/\/www.aclanester56.com\/velo\/wp-json\/wp\/v2\/media\/2320"}],"wp:attachment":[{"href":"https:\/\/www.aclanester56.com\/velo\/wp-json\/wp\/v2\/media?parent=6869"}],"wp:term":[{"taxonomy":"category","embeddable":true,"href":"https:\/\/www.aclanester56.com\/velo\/wp-json\/wp\/v2\/categories?post=6869"},{"taxonomy":"post_tag","embeddable":true,"href":"https:\/\/www.aclanester56.com\/velo\/wp-json\/wp\/v2\/tags?post=6869"}],"curies":[{"name":"wp","href":"https:\/\/api.w.org\/{rel}","templated":true}]}}