{"id":6961,"date":"2011-02-15T15:26:18","date_gmt":"2011-02-15T14:26:18","guid":{"rendered":"http:\/\/www.aclanester56.com\/velo\/?p=6961"},"modified":"2011-02-18T00:34:57","modified_gmt":"2011-02-17T23:34:57","slug":"dernier-stage-de-lequipe-dn-avant-la-reprise","status":"publish","type":"post","link":"https:\/\/www.aclanester56.com\/velo\/dernier-stage-de-lequipe-dn-avant-la-reprise\/","title":{"rendered":"Dernier stage de l\u2019\u00e9quipe DN avant la reprise !"},"content":{"rendered":"<div id=\"attachment_6962\" style=\"width: 410px\" class=\"wp-caption alignleft\"><a href=\"http:\/\/www.aclanester56.com\/velo\/wp-content\/uploads\/2011\/02\/DSC03559-800x534.jpg\" ><img loading=\"lazy\" decoding=\"async\" aria-describedby=\"caption-attachment-6962\" src=\"http:\/\/www.aclanester56.com\/velo\/wp-content\/uploads\/2011\/02\/DSC03559-800x534.jpg\" alt=\"\" title=\"Vincent RAGOT, Christophe BALANNEC et leurs co\u00e9quipiers lanest\u00e9riens ont particip\u00e9 \u00e0 un dernier stage hivernal ce week-end !\" width=\"400\" height=\"267\" class=\"size-large wp-image-6962\" srcset=\"https:\/\/www.aclanester56.com\/velo\/wp-content\/uploads\/2011\/02\/DSC03559-800x534.jpg 800w, https:\/\/www.aclanester56.com\/velo\/wp-content\/uploads\/2011\/02\/DSC03559-300x200.jpg 300w, https:\/\/www.aclanester56.com\/velo\/wp-content\/uploads\/2011\/02\/DSC03559.jpg 1932w\" sizes=\"auto, (max-width: 400px) 100vw, 400px\" \/><\/a><p id=\"caption-attachment-6962\" class=\"wp-caption-text\">Vincent RAGOT, Christophe BALANNEC et leurs co\u00e9quipiers lanest\u00e9riens ont particip\u00e9 \u00e0 un dernier stage hivernal ce week-end !<\/p><\/div>\n<p style=\"text-align: justify;\">L&rsquo;\u00e9quipe DN de l&rsquo;AC LANESTER 56 s&rsquo;est retrouv\u00e9e le week-end dernier pour un ultime stage de pr\u00e9paration au centre de Pen-Man\u00e9 \u00e0 Lanester.<\/p>\n<p><br class=\"spacer_\" \/><\/p>\n<p><br class=\"spacer_\" \/><\/p>\n<p style=\"text-align: justify;\"><!--more--><\/p>\n<p><br class=\"spacer_\" \/><\/p>\n<p><strong><span style=\"color: #ff6600;\">L&rsquo;\u00e9quipe au (presque) grand complet !<\/span><\/strong><\/p>\n<p style=\"text-align: justify;\">Except\u00e9s Aur\u00e9lien DANIEL et Yann RAULT, l&rsquo;ensemble des coureurs \u00e9taient pr\u00e9sents pour ces deux jours. Une majeure partie du staff technique \u00e9tait \u00e9galement pr\u00e9sente avec \u00e9videmment Rodolphe HENRY, mais \u00e9galement Guy NIVINOU, Romain et Andr\u00e9 LE GOFF, Jean-Claude SAGOT et Yoann LHOTELLIER.<\/p>\n<div id=\"attachment_6967\" style=\"width: 410px\" class=\"wp-caption alignright\"><a href=\"http:\/\/www.aclanester56.com\/velo\/wp-content\/uploads\/2011\/02\/DSC03624-800x534.jpg\" ><img loading=\"lazy\" decoding=\"async\" aria-describedby=\"caption-attachment-6967\" src=\"http:\/\/www.aclanester56.com\/velo\/wp-content\/uploads\/2011\/02\/DSC03624-800x534.jpg\" alt=\"\" title=\"Thomas LE BOUCHER et Gildas LE PRIELLEC prennent leur relais avec le sourire, mais un peu plus loin, \u00e7a n&#039;a pas l&#039;air triste non plus entre Warren BARGUIL et Rodolphe HENRY !\" width=\"400\" height=\"267\" class=\"size-large wp-image-6967\" srcset=\"https:\/\/www.aclanester56.com\/velo\/wp-content\/uploads\/2011\/02\/DSC03624-800x534.jpg 800w, https:\/\/www.aclanester56.com\/velo\/wp-content\/uploads\/2011\/02\/DSC03624-300x200.jpg 300w\" sizes=\"auto, (max-width: 400px) 100vw, 400px\" \/><\/a><p id=\"caption-attachment-6967\" class=\"wp-caption-text\">Thomas LE BOUCHER et Gildas LE PRIELLEC prennent leur relais avec le sourire, mais un peu plus loin, \u00e7a n'a pas l'air triste non plus entre Warren BARGUIL et Rodolphe HENRY !<\/p><\/div>\n<p style=\"text-align: justify;\"><strong><span style=\"color: #ff6600;\">4H dans la bonne humeur le samedi<\/span><\/strong><\/p>\n<p style=\"text-align: justify;\">Le samedi, une sortie de 4H sur les routes de La Melrandaise attendait les coursiers. Les conditions \u00e9taient agr\u00e9ables et l&rsquo;ambiance \u00e9tait \u00e0 la bonne humeur tout au long de l&rsquo;apr\u00e8s-midi.<\/p>\n<p style=\"text-align: justify;\"><strong><span style=\"color: #ff6600;\">Programmation de la saison<\/span><\/strong><\/p>\n<p style=\"text-align: justify;\">Le soir, tout le monde s&rsquo;est r\u00e9uni pour \u00e9tablir le pr\u00e9visionnel des courses pour la saison qui arrive, en fonction \u00e9videmment des envies et disponibilit\u00e9s de chacun.<\/p>\n<p style=\"text-align: justify;\"><strong><span style=\"color: #ff6600;\">Des conditions difficiles le dimanche<\/span><\/strong><\/p>\n<p style=\"text-align: justify;\">Le dimanche matin, les Lanest\u00e9riens se sont \u00e9lanc\u00e9s pour un entra\u00eenement de 3H15. Les conditions climatiques \u00e9taient cependant nettement moins bonnes que la veille et tous ont d\u00fb composer avec une forte pluie.<\/p>\n<div id=\"attachment_6969\" style=\"width: 410px\" class=\"wp-caption alignleft\"><a href=\"http:\/\/www.aclanester56.com\/velo\/wp-content\/uploads\/2011\/02\/DSC03620-800x471.jpg\" ><img loading=\"lazy\" decoding=\"async\" aria-describedby=\"caption-attachment-6969\" src=\"http:\/\/www.aclanester56.com\/velo\/wp-content\/uploads\/2011\/02\/DSC03620-800x471.jpg\" alt=\"\" title=\"Anthony MIRA et Yann LE BUREL, sortant tous les deux des rangs juniors, vont d\u00e9couvrir le niveau \u00e9lite cette saison !\" width=\"400\" height=\"235\" class=\"size-large wp-image-6969\" srcset=\"https:\/\/www.aclanester56.com\/velo\/wp-content\/uploads\/2011\/02\/DSC03620-800x471.jpg 800w, https:\/\/www.aclanester56.com\/velo\/wp-content\/uploads\/2011\/02\/DSC03620-300x176.jpg 300w\" sizes=\"auto, (max-width: 400px) 100vw, 400px\" \/><\/a><p id=\"caption-attachment-6969\" class=\"wp-caption-text\">Anthony MIRA et Yann LE BUREL, sortant tous les deux des rangs juniors, vont d\u00e9couvrir le niveau \u00e9lite cette saison !<\/p><\/div>\n<p style=\"text-align: justify;\"><strong><span style=\"color: #ff6600;\">D\u00e9j\u00e0 les interclubs le week-end prochain !<\/span><\/strong><\/p>\n<p>Le week-end prochain, une partie de ce groupe \u00e9voluera sur l&rsquo;interclub de Camors, tandis que d&rsquo;autres participeront \u00e0 celui de Mellac.<\/p>\n<p><strong><span style=\"color: #ff6600;\">Une nouvelle \u00ab\u00a0paparazzi\u00a0\u00bb \u00e0 Lanester !<\/span><\/strong><\/p>\n<p style=\"text-align: justify;\">Gabrielle TEIRLYNCK vous permet de revivre la sortie de samedi apr\u00e8s-midi gr\u00e2ce \u00e0 quelques clich\u00e9s accessibles\u00a0dans notre galerie de photos (<a href=\"http:\/\/www.aclanester56.com\/velo\/medias\/photos\/?album=7&amp;gallery=58\" target=\"_blank\">Cliquez ici pour y acc\u00e9der<\/a>). Par ailleurs, Gabrielle contribuera au d\u00e9veloppement du site internet de l&rsquo;AC LANESTER 56 pendant la saison en vous proposant r\u00e9guli\u00e8rement des images prises sur les courses !<\/p>\n<p><a href=\"http:\/\/www.aclanester56.com\/velo\/wp-content\/uploads\/2011\/02\/AC-LANESTER-COMM-COUL-FB2-713x600.jpg\" ><img loading=\"lazy\" decoding=\"async\" src=\"http:\/\/www.aclanester56.com\/velo\/wp-content\/uploads\/2011\/02\/AC-LANESTER-COMM-COUL-FB2-713x600.jpg\" alt=\"\" title=\"L&#039;AC LANESTER 56 sur Facebook !\" width=\"178\" height=\"150\" class=\"alignright size-large wp-image-6974\" srcset=\"https:\/\/www.aclanester56.com\/velo\/wp-content\/uploads\/2011\/02\/AC-LANESTER-COMM-COUL-FB2-713x600.jpg 713w, https:\/\/www.aclanester56.com\/velo\/wp-content\/uploads\/2011\/02\/AC-LANESTER-COMM-COUL-FB2-300x252.jpg 300w, https:\/\/www.aclanester56.com\/velo\/wp-content\/uploads\/2011\/02\/AC-LANESTER-COMM-COUL-FB2.jpg 1161w\" sizes=\"auto, (max-width: 178px) 100vw, 178px\" \/><\/a><\/p>\n<p style=\"text-align: justify;\"><strong><span style=\"color: #ff6600;\">L&rsquo;AC LANESTER 56 sur Facebook !<\/span><\/strong><\/p>\n<p style=\"text-align: justify;\">Si vous \u00eates connect\u00e9s \u00e0 votre compte Facebook, n&rsquo;h\u00e9sitez pas \u00e0 partager cet article \u00e0 vos amis en cliquant sur \u00ab\u00a0J&rsquo;aime\u00a0\u00bb tout en haut ! N&rsquo;oubliez pas non plus de rejoindre le groupe &lsquo;AC LANESTER 56&rsquo; pour \u00eatre tenu au courant des actualit\u00e9s diffus\u00e9es sur le site internet www.aclanester56.com !<\/p>\n<p><br class=\"spacer_\" \/><\/p>\n","protected":false},"excerpt":{"rendered":"<p>L&rsquo;\u00e9quipe DN de l&rsquo;AC LANESTER 56 s&rsquo;est retrouv\u00e9e le week-end dernier pour un ultime stage de pr\u00e9paration au centre de [&hellip;]<\/p>\n","protected":false},"author":14,"featured_media":6962,"comment_status":"open","ping_status":"closed","sticky":false,"template":"","format":"standard","meta":{"ngg_post_thumbnail":0,"footnotes":""},"categories":[5,14],"tags":[],"class_list":["post-6961","post","type-post","status-publish","format-standard","has-post-thumbnail","hentry","category-ac-lanester-56","category-actualites-dn"],"yoast_head":"<!-- This site is optimized with the Yoast SEO plugin v27.5 - https:\/\/yoast.com\/product\/yoast-seo-wordpress\/ -->\n<title>Dernier stage de l\u2019\u00e9quipe DN avant la reprise ! - Avenir Cycliste Lanester 56<\/title>\n<meta name=\"robots\" content=\"index, follow, max-snippet:-1, max-image-preview:large, max-video-preview:-1\" \/>\n<link rel=\"canonical\" href=\"https:\/\/www.aclanester56.com\/velo\/dernier-stage-de-lequipe-dn-avant-la-reprise\/\" \/>\n<meta property=\"og:locale\" content=\"fr_FR\" \/>\n<meta property=\"og:type\" content=\"article\" \/>\n<meta property=\"og:title\" content=\"Dernier stage de l\u2019\u00e9quipe DN avant la reprise ! - Avenir Cycliste Lanester 56\" \/>\n<meta property=\"og:description\" content=\"L&rsquo;\u00e9quipe DN de l&rsquo;AC LANESTER 56 s&rsquo;est retrouv\u00e9e le week-end dernier pour un ultime stage de pr\u00e9paration au centre de [&hellip;]\" \/>\n<meta property=\"og:url\" content=\"https:\/\/www.aclanester56.com\/velo\/dernier-stage-de-lequipe-dn-avant-la-reprise\/\" \/>\n<meta property=\"og:site_name\" content=\"Avenir Cycliste Lanester 56\" \/>\n<meta property=\"article:publisher\" content=\"https:\/\/www.facebook.com\/pages\/AC-Lanester-56\/190286300991242?fref=ts\" \/>\n<meta property=\"article:published_time\" content=\"2011-02-15T14:26:18+00:00\" \/>\n<meta property=\"article:modified_time\" content=\"2011-02-17T23:34:57+00:00\" \/>\n<meta property=\"og:image\" content=\"https:\/\/www.aclanester56.com\/velo\/wp-content\/uploads\/2011\/02\/DSC03559.jpg\" \/>\n\t<meta property=\"og:image:width\" content=\"1932\" \/>\n\t<meta property=\"og:image:height\" content=\"1292\" \/>\n\t<meta property=\"og:image:type\" content=\"image\/jpeg\" \/>\n<meta name=\"author\" content=\"Jean-Christophe\" \/>\n<meta name=\"twitter:label1\" content=\"\u00c9crit par\" \/>\n\t<meta name=\"twitter:data1\" content=\"Jean-Christophe\" \/>\n\t<meta name=\"twitter:label2\" content=\"Dur\u00e9e de lecture estim\u00e9e\" \/>\n\t<meta name=\"twitter:data2\" content=\"2 minutes\" \/>\n<script type=\"application\/ld+json\" class=\"yoast-schema-graph\">{\"@context\":\"https:\\\/\\\/schema.org\",\"@graph\":[{\"@type\":\"Article\",\"@id\":\"https:\\\/\\\/www.aclanester56.com\\\/velo\\\/dernier-stage-de-lequipe-dn-avant-la-reprise\\\/#article\",\"isPartOf\":{\"@id\":\"https:\\\/\\\/www.aclanester56.com\\\/velo\\\/dernier-stage-de-lequipe-dn-avant-la-reprise\\\/\"},\"author\":{\"name\":\"Jean-Christophe\",\"@id\":\"https:\\\/\\\/www.aclanester56.com\\\/velo\\\/#\\\/schema\\\/person\\\/ca2a44a5fd969e9dd846c72d3b33bc01\"},\"headline\":\"Dernier stage de l\u2019\u00e9quipe DN avant la reprise !\",\"datePublished\":\"2011-02-15T14:26:18+00:00\",\"dateModified\":\"2011-02-17T23:34:57+00:00\",\"mainEntityOfPage\":{\"@id\":\"https:\\\/\\\/www.aclanester56.com\\\/velo\\\/dernier-stage-de-lequipe-dn-avant-la-reprise\\\/\"},\"wordCount\":438,\"commentCount\":0,\"publisher\":{\"@id\":\"https:\\\/\\\/www.aclanester56.com\\\/velo\\\/#organization\"},\"image\":{\"@id\":\"https:\\\/\\\/www.aclanester56.com\\\/velo\\\/dernier-stage-de-lequipe-dn-avant-la-reprise\\\/#primaryimage\"},\"thumbnailUrl\":\"https:\\\/\\\/www.aclanester56.com\\\/velo\\\/wp-content\\\/uploads\\\/2011\\\/02\\\/DSC03559.jpg\",\"articleSection\":[\"AC LANESTER 56\",\"Actualit\u00e9s DN\"],\"inLanguage\":\"fr-FR\",\"potentialAction\":[{\"@type\":\"CommentAction\",\"name\":\"Comment\",\"target\":[\"https:\\\/\\\/www.aclanester56.com\\\/velo\\\/dernier-stage-de-lequipe-dn-avant-la-reprise\\\/#respond\"]}]},{\"@type\":\"WebPage\",\"@id\":\"https:\\\/\\\/www.aclanester56.com\\\/velo\\\/dernier-stage-de-lequipe-dn-avant-la-reprise\\\/\",\"url\":\"https:\\\/\\\/www.aclanester56.com\\\/velo\\\/dernier-stage-de-lequipe-dn-avant-la-reprise\\\/\",\"name\":\"Dernier stage de l\u2019\u00e9quipe DN avant la reprise ! - Avenir Cycliste Lanester 56\",\"isPartOf\":{\"@id\":\"https:\\\/\\\/www.aclanester56.com\\\/velo\\\/#website\"},\"primaryImageOfPage\":{\"@id\":\"https:\\\/\\\/www.aclanester56.com\\\/velo\\\/dernier-stage-de-lequipe-dn-avant-la-reprise\\\/#primaryimage\"},\"image\":{\"@id\":\"https:\\\/\\\/www.aclanester56.com\\\/velo\\\/dernier-stage-de-lequipe-dn-avant-la-reprise\\\/#primaryimage\"},\"thumbnailUrl\":\"https:\\\/\\\/www.aclanester56.com\\\/velo\\\/wp-content\\\/uploads\\\/2011\\\/02\\\/DSC03559.jpg\",\"datePublished\":\"2011-02-15T14:26:18+00:00\",\"dateModified\":\"2011-02-17T23:34:57+00:00\",\"inLanguage\":\"fr-FR\",\"potentialAction\":[{\"@type\":\"ReadAction\",\"target\":[\"https:\\\/\\\/www.aclanester56.com\\\/velo\\\/dernier-stage-de-lequipe-dn-avant-la-reprise\\\/\"]}]},{\"@type\":\"ImageObject\",\"inLanguage\":\"fr-FR\",\"@id\":\"https:\\\/\\\/www.aclanester56.com\\\/velo\\\/dernier-stage-de-lequipe-dn-avant-la-reprise\\\/#primaryimage\",\"url\":\"https:\\\/\\\/www.aclanester56.com\\\/velo\\\/wp-content\\\/uploads\\\/2011\\\/02\\\/DSC03559.jpg\",\"contentUrl\":\"https:\\\/\\\/www.aclanester56.com\\\/velo\\\/wp-content\\\/uploads\\\/2011\\\/02\\\/DSC03559.jpg\",\"width\":1932,\"height\":1292,\"caption\":\"Vincent RAGOT, Christophe BALANNEC et leurs co\u00e9quipiers lanest\u00e9riens ont particip\u00e9 \u00e0 un dernier stage hivernal le week-end dernier\"},{\"@type\":\"WebSite\",\"@id\":\"https:\\\/\\\/www.aclanester56.com\\\/velo\\\/#website\",\"url\":\"https:\\\/\\\/www.aclanester56.com\\\/velo\\\/\",\"name\":\"Avenir Cycliste Lanester 56\",\"description\":\"Club cycliste de l&#039;AC LANESTER 56\",\"publisher\":{\"@id\":\"https:\\\/\\\/www.aclanester56.com\\\/velo\\\/#organization\"},\"potentialAction\":[{\"@type\":\"SearchAction\",\"target\":{\"@type\":\"EntryPoint\",\"urlTemplate\":\"https:\\\/\\\/www.aclanester56.com\\\/velo\\\/?s={search_term_string}\"},\"query-input\":{\"@type\":\"PropertyValueSpecification\",\"valueRequired\":true,\"valueName\":\"search_term_string\"}}],\"inLanguage\":\"fr-FR\"},{\"@type\":\"Organization\",\"@id\":\"https:\\\/\\\/www.aclanester56.com\\\/velo\\\/#organization\",\"name\":\"Avenir Cycliste Lanester 56\",\"url\":\"https:\\\/\\\/www.aclanester56.com\\\/velo\\\/\",\"logo\":{\"@type\":\"ImageObject\",\"inLanguage\":\"fr-FR\",\"@id\":\"https:\\\/\\\/www.aclanester56.com\\\/velo\\\/#\\\/schema\\\/logo\\\/image\\\/\",\"url\":\"https:\\\/\\\/www.aclanester56.com\\\/velo\\\/wp-content\\\/uploads\\\/2013\\\/04\\\/logo-ACL.jpg\",\"contentUrl\":\"https:\\\/\\\/www.aclanester56.com\\\/velo\\\/wp-content\\\/uploads\\\/2013\\\/04\\\/logo-ACL.jpg\",\"width\":400,\"height\":334,\"caption\":\"Avenir Cycliste Lanester 56\"},\"image\":{\"@id\":\"https:\\\/\\\/www.aclanester56.com\\\/velo\\\/#\\\/schema\\\/logo\\\/image\\\/\"},\"sameAs\":[\"https:\\\/\\\/www.facebook.com\\\/pages\\\/AC-Lanester-56\\\/190286300991242?fref=ts\"]},{\"@type\":\"Person\",\"@id\":\"https:\\\/\\\/www.aclanester56.com\\\/velo\\\/#\\\/schema\\\/person\\\/ca2a44a5fd969e9dd846c72d3b33bc01\",\"name\":\"Jean-Christophe\",\"url\":\"https:\\\/\\\/www.aclanester56.com\\\/velo\\\/author\\\/jeanchristophe\\\/\"}]}<\/script>\n<!-- \/ Yoast SEO plugin. -->","yoast_head_json":{"title":"Dernier stage de l\u2019\u00e9quipe DN avant la reprise ! - Avenir Cycliste Lanester 56","robots":{"index":"index","follow":"follow","max-snippet":"max-snippet:-1","max-image-preview":"max-image-preview:large","max-video-preview":"max-video-preview:-1"},"canonical":"https:\/\/www.aclanester56.com\/velo\/dernier-stage-de-lequipe-dn-avant-la-reprise\/","og_locale":"fr_FR","og_type":"article","og_title":"Dernier stage de l\u2019\u00e9quipe DN avant la reprise ! - Avenir Cycliste Lanester 56","og_description":"L&rsquo;\u00e9quipe DN de l&rsquo;AC LANESTER 56 s&rsquo;est retrouv\u00e9e le week-end dernier pour un ultime stage de pr\u00e9paration au centre de [&hellip;]","og_url":"https:\/\/www.aclanester56.com\/velo\/dernier-stage-de-lequipe-dn-avant-la-reprise\/","og_site_name":"Avenir Cycliste Lanester 56","article_publisher":"https:\/\/www.facebook.com\/pages\/AC-Lanester-56\/190286300991242?fref=ts","article_published_time":"2011-02-15T14:26:18+00:00","article_modified_time":"2011-02-17T23:34:57+00:00","og_image":[{"width":1932,"height":1292,"url":"https:\/\/www.aclanester56.com\/velo\/wp-content\/uploads\/2011\/02\/DSC03559.jpg","type":"image\/jpeg"}],"author":"Jean-Christophe","twitter_misc":{"\u00c9crit par":"Jean-Christophe","Dur\u00e9e de lecture estim\u00e9e":"2 minutes"},"schema":{"@context":"https:\/\/schema.org","@graph":[{"@type":"Article","@id":"https:\/\/www.aclanester56.com\/velo\/dernier-stage-de-lequipe-dn-avant-la-reprise\/#article","isPartOf":{"@id":"https:\/\/www.aclanester56.com\/velo\/dernier-stage-de-lequipe-dn-avant-la-reprise\/"},"author":{"name":"Jean-Christophe","@id":"https:\/\/www.aclanester56.com\/velo\/#\/schema\/person\/ca2a44a5fd969e9dd846c72d3b33bc01"},"headline":"Dernier stage de l\u2019\u00e9quipe DN avant la reprise !","datePublished":"2011-02-15T14:26:18+00:00","dateModified":"2011-02-17T23:34:57+00:00","mainEntityOfPage":{"@id":"https:\/\/www.aclanester56.com\/velo\/dernier-stage-de-lequipe-dn-avant-la-reprise\/"},"wordCount":438,"commentCount":0,"publisher":{"@id":"https:\/\/www.aclanester56.com\/velo\/#organization"},"image":{"@id":"https:\/\/www.aclanester56.com\/velo\/dernier-stage-de-lequipe-dn-avant-la-reprise\/#primaryimage"},"thumbnailUrl":"https:\/\/www.aclanester56.com\/velo\/wp-content\/uploads\/2011\/02\/DSC03559.jpg","articleSection":["AC LANESTER 56","Actualit\u00e9s DN"],"inLanguage":"fr-FR","potentialAction":[{"@type":"CommentAction","name":"Comment","target":["https:\/\/www.aclanester56.com\/velo\/dernier-stage-de-lequipe-dn-avant-la-reprise\/#respond"]}]},{"@type":"WebPage","@id":"https:\/\/www.aclanester56.com\/velo\/dernier-stage-de-lequipe-dn-avant-la-reprise\/","url":"https:\/\/www.aclanester56.com\/velo\/dernier-stage-de-lequipe-dn-avant-la-reprise\/","name":"Dernier stage de l\u2019\u00e9quipe DN avant la reprise ! - Avenir Cycliste Lanester 56","isPartOf":{"@id":"https:\/\/www.aclanester56.com\/velo\/#website"},"primaryImageOfPage":{"@id":"https:\/\/www.aclanester56.com\/velo\/dernier-stage-de-lequipe-dn-avant-la-reprise\/#primaryimage"},"image":{"@id":"https:\/\/www.aclanester56.com\/velo\/dernier-stage-de-lequipe-dn-avant-la-reprise\/#primaryimage"},"thumbnailUrl":"https:\/\/www.aclanester56.com\/velo\/wp-content\/uploads\/2011\/02\/DSC03559.jpg","datePublished":"2011-02-15T14:26:18+00:00","dateModified":"2011-02-17T23:34:57+00:00","inLanguage":"fr-FR","potentialAction":[{"@type":"ReadAction","target":["https:\/\/www.aclanester56.com\/velo\/dernier-stage-de-lequipe-dn-avant-la-reprise\/"]}]},{"@type":"ImageObject","inLanguage":"fr-FR","@id":"https:\/\/www.aclanester56.com\/velo\/dernier-stage-de-lequipe-dn-avant-la-reprise\/#primaryimage","url":"https:\/\/www.aclanester56.com\/velo\/wp-content\/uploads\/2011\/02\/DSC03559.jpg","contentUrl":"https:\/\/www.aclanester56.com\/velo\/wp-content\/uploads\/2011\/02\/DSC03559.jpg","width":1932,"height":1292,"caption":"Vincent RAGOT, Christophe BALANNEC et leurs co\u00e9quipiers lanest\u00e9riens ont particip\u00e9 \u00e0 un dernier stage hivernal le week-end dernier"},{"@type":"WebSite","@id":"https:\/\/www.aclanester56.com\/velo\/#website","url":"https:\/\/www.aclanester56.com\/velo\/","name":"Avenir Cycliste Lanester 56","description":"Club cycliste de l&#039;AC LANESTER 56","publisher":{"@id":"https:\/\/www.aclanester56.com\/velo\/#organization"},"potentialAction":[{"@type":"SearchAction","target":{"@type":"EntryPoint","urlTemplate":"https:\/\/www.aclanester56.com\/velo\/?s={search_term_string}"},"query-input":{"@type":"PropertyValueSpecification","valueRequired":true,"valueName":"search_term_string"}}],"inLanguage":"fr-FR"},{"@type":"Organization","@id":"https:\/\/www.aclanester56.com\/velo\/#organization","name":"Avenir Cycliste Lanester 56","url":"https:\/\/www.aclanester56.com\/velo\/","logo":{"@type":"ImageObject","inLanguage":"fr-FR","@id":"https:\/\/www.aclanester56.com\/velo\/#\/schema\/logo\/image\/","url":"https:\/\/www.aclanester56.com\/velo\/wp-content\/uploads\/2013\/04\/logo-ACL.jpg","contentUrl":"https:\/\/www.aclanester56.com\/velo\/wp-content\/uploads\/2013\/04\/logo-ACL.jpg","width":400,"height":334,"caption":"Avenir Cycliste Lanester 56"},"image":{"@id":"https:\/\/www.aclanester56.com\/velo\/#\/schema\/logo\/image\/"},"sameAs":["https:\/\/www.facebook.com\/pages\/AC-Lanester-56\/190286300991242?fref=ts"]},{"@type":"Person","@id":"https:\/\/www.aclanester56.com\/velo\/#\/schema\/person\/ca2a44a5fd969e9dd846c72d3b33bc01","name":"Jean-Christophe","url":"https:\/\/www.aclanester56.com\/velo\/author\/jeanchristophe\/"}]}},"_links":{"self":[{"href":"https:\/\/www.aclanester56.com\/velo\/wp-json\/wp\/v2\/posts\/6961","targetHints":{"allow":["GET"]}}],"collection":[{"href":"https:\/\/www.aclanester56.com\/velo\/wp-json\/wp\/v2\/posts"}],"about":[{"href":"https:\/\/www.aclanester56.com\/velo\/wp-json\/wp\/v2\/types\/post"}],"author":[{"embeddable":true,"href":"https:\/\/www.aclanester56.com\/velo\/wp-json\/wp\/v2\/users\/14"}],"replies":[{"embeddable":true,"href":"https:\/\/www.aclanester56.com\/velo\/wp-json\/wp\/v2\/comments?post=6961"}],"version-history":[{"count":0,"href":"https:\/\/www.aclanester56.com\/velo\/wp-json\/wp\/v2\/posts\/6961\/revisions"}],"wp:featuredmedia":[{"embeddable":true,"href":"https:\/\/www.aclanester56.com\/velo\/wp-json\/wp\/v2\/media\/6962"}],"wp:attachment":[{"href":"https:\/\/www.aclanester56.com\/velo\/wp-json\/wp\/v2\/media?parent=6961"}],"wp:term":[{"taxonomy":"category","embeddable":true,"href":"https:\/\/www.aclanester56.com\/velo\/wp-json\/wp\/v2\/categories?post=6961"},{"taxonomy":"post_tag","embeddable":true,"href":"https:\/\/www.aclanester56.com\/velo\/wp-json\/wp\/v2\/tags?post=6961"}],"curies":[{"name":"wp","href":"https:\/\/api.w.org\/{rel}","templated":true}]}}