{"id":6992,"date":"2011-02-18T11:00:28","date_gmt":"2011-02-18T10:00:28","guid":{"rendered":"http:\/\/www.aclanester56.com\/velo\/?p=6992"},"modified":"2011-02-20T22:19:34","modified_gmt":"2011-02-20T21:19:34","slug":"ouverture-officielle-de-la-boutique-de-lac-lanester-56","status":"publish","type":"post","link":"https:\/\/www.aclanester56.com\/velo\/ouverture-officielle-de-la-boutique-de-lac-lanester-56\/","title":{"rendered":"Ouverture officielle de la Boutique de l\u2019AC LANESTER 56"},"content":{"rendered":"<div id=\"attachment_6993\" style=\"width: 366px\" class=\"wp-caption alignleft\"><a href=\"http:\/\/www.aclanester56.com\/velo\/wp-content\/uploads\/2011\/02\/AC-LANESTER-BOUT-COUL-2011-rose-713x600.jpg\"><img loading=\"lazy\" decoding=\"async\" aria-describedby=\"caption-attachment-6993\" class=\"size-large wp-image-6993\" title=\"Lancement de la Boutique de l'AC LANESTER 56 ce vendredi !\" src=\"http:\/\/www.aclanester56.com\/velo\/wp-content\/uploads\/2011\/02\/AC-LANESTER-BOUT-COUL-2011-rose-713x600.jpg\" alt=\"\" width=\"356\" height=\"300\" srcset=\"https:\/\/www.aclanester56.com\/velo\/wp-content\/uploads\/2011\/02\/AC-LANESTER-BOUT-COUL-2011-rose-713x600.jpg 713w, https:\/\/www.aclanester56.com\/velo\/wp-content\/uploads\/2011\/02\/AC-LANESTER-BOUT-COUL-2011-rose-300x252.jpg 300w, https:\/\/www.aclanester56.com\/velo\/wp-content\/uploads\/2011\/02\/AC-LANESTER-BOUT-COUL-2011-rose.jpg 1161w\" sizes=\"auto, (max-width: 356px) 100vw, 356px\" \/><\/a><p id=\"caption-attachment-6993\" class=\"wp-caption-text\">Lancement de la Boutique de l&#39;AC LANESTER 56 ce vendredi !<\/p><\/div>\n<p><br class=\"spacer_\" \/><\/p>\n<p><br class=\"spacer_\" \/><\/p>\n<p><br class=\"spacer_\" \/><\/p>\n<p style=\"text-align: justify;\">Le lancement de la boutique de l&rsquo;AC LANESTER 56 aura lieu vendredi prochain \u00e0 l&rsquo;occasion de la soir\u00e9e de pr\u00e9sentation des \u00e9quipes et du 12\u00e8me TRO DIV STER.<\/p>\n<p style=\"text-align: justify;\">[ <strong><span style=\"color: #ff0000;\">Mise \u00e0 jour au 18 F\u00e9vrier 2011\u00a0 : la boutique est en ligne !<\/span><\/strong> ]<\/p>\n<p style=\"text-align: justify;\">ici : <a href=\"http:\/\/www.aclanester56.com\/velo\/la-boutique\/les-equipements\/\">la boutique en ligne <\/a><\/p>\n<p style=\"text-align: justify;\">\u00a0<\/p>\n<p style=\"text-align: justify;\"><!--more--><\/p>\n<p style=\"text-align: justify;\"><strong><span style=\"color: #ff6600;\">Un stand \u00ab\u00a0Boutique\u00a0\u00bb pendant la soir\u00e9e de pr\u00e9sentation<\/span><\/strong><\/p>\n<p style=\"text-align: justify;\">Un stand sera dress\u00e9 pour tous ceux qui veulent acqu\u00e9rir les premiers articles disponibles \u00e0 la vente. Chacun de ces articles aux couleurs du club est propos\u00e9 \u00e0 un tarif tr\u00e8s attractif.<\/p>\n<p style=\"text-align: justify;\"><span style=\"color: #ff6600;\"><strong>Disponible pour les non-licenci\u00e9s \u00e9galement !<\/strong><\/span><\/p>\n<p style=\"text-align: justify;\">Les licenci\u00e9s du club souhaitant s&rsquo;\u00e9quiper au-del\u00e0 de leur dotation per\u00e7ue pourront comme habituellement b\u00e9n\u00e9ficier de ces articles \u00e0 prix\u00a0co\u00fbtant. La nouveaut\u00e9 \u00a0de ce d\u00e9but de saison\u00a0\u00e0 l&rsquo;AC LANESTER 56\u00a0r\u00e9side dans le fait que m\u00eame les non-licenci\u00e9s pourront se fournir avec les m\u00eames \u00e9quipements de qualit\u00e9 que nos coureurs lanest\u00e9riens !<\/p>\n<p style=\"text-align: justify;\"><strong><span style=\"color: #ff6600;\">Tous les accessoires aux couleurs du club !<\/span><\/strong><\/p>\n<p style=\"text-align: justify;\">D\u00e8s vendredi soir, venez donc nous retrouver au stand \u00ab\u00a0Boutique\u00a0\u00bb pour vous \u00e9quiper en gants, socquettes, manchettes, genouill\u00e8res, jambi\u00e8res ou autres accessoires. La totalit\u00e9 des \u00e9quipements ne sera pas disponible d\u00e8s vendredi \u00e0 la vente, mais n&rsquo;h\u00e9sitez pas \u00e0 poser des questions si besoin !<\/p>\n<p style=\"text-align: justify;\"><strong><span style=\"color: #ff6600;\">La boutique sur le site internet de l&rsquo;AC LANESTER 56 \u00e0 venir tr\u00e8s bient\u00f4t !<\/span><\/strong><\/p>\n<p style=\"text-align: justify;\">Par ailleurs, vous pourrez tr\u00e8s bient\u00f4t t\u00e9l\u00e9charger directement le catalogue des articles disponibles et le bon de commande correspondant depuis notre site internet <a href=\"http:\/\/www.aclanester56.com\" target=\"_blank\">www.aclanester56.com<\/a>. Si vous avez des amis qui souhaitent acqu\u00e9rir une tenue de v\u00e9lo de qualit\u00e9 \u00e0 un prix tr\u00e8s int\u00e9ressant, transmettez-leur l&rsquo;info !<\/p>\n<p style=\"text-align: justify;\">\u00a0<\/p>\n","protected":false},"excerpt":{"rendered":"<p>Le lancement de la boutique de l&rsquo;AC LANESTER 56 aura lieu vendredi prochain \u00e0 l&rsquo;occasion de la soir\u00e9e de pr\u00e9sentation [&hellip;]<\/p>\n","protected":false},"author":14,"featured_media":6993,"comment_status":"open","ping_status":"closed","sticky":false,"template":"","format":"standard","meta":{"ngg_post_thumbnail":0,"footnotes":""},"categories":[5,11,13],"tags":[],"class_list":["post-6992","post","type-post","status-publish","format-standard","has-post-thumbnail","hentry","category-ac-lanester-56","category-la-boutique","category-les-equipements"],"yoast_head":"<!-- This site is optimized with the Yoast SEO plugin v27.5 - https:\/\/yoast.com\/product\/yoast-seo-wordpress\/ -->\n<title>Ouverture officielle de la Boutique de l\u2019AC LANESTER 56 - Avenir Cycliste Lanester 56<\/title>\n<meta name=\"robots\" content=\"index, follow, max-snippet:-1, max-image-preview:large, max-video-preview:-1\" \/>\n<link rel=\"canonical\" href=\"https:\/\/www.aclanester56.com\/velo\/ouverture-officielle-de-la-boutique-de-lac-lanester-56\/\" \/>\n<meta property=\"og:locale\" content=\"fr_FR\" \/>\n<meta property=\"og:type\" content=\"article\" \/>\n<meta property=\"og:title\" content=\"Ouverture officielle de la Boutique de l\u2019AC LANESTER 56 - Avenir Cycliste Lanester 56\" \/>\n<meta property=\"og:description\" content=\"Le lancement de la boutique de l&rsquo;AC LANESTER 56 aura lieu vendredi prochain \u00e0 l&rsquo;occasion de la soir\u00e9e de pr\u00e9sentation [&hellip;]\" \/>\n<meta property=\"og:url\" content=\"https:\/\/www.aclanester56.com\/velo\/ouverture-officielle-de-la-boutique-de-lac-lanester-56\/\" \/>\n<meta property=\"og:site_name\" content=\"Avenir Cycliste Lanester 56\" \/>\n<meta property=\"article:publisher\" content=\"https:\/\/www.facebook.com\/pages\/AC-Lanester-56\/190286300991242?fref=ts\" \/>\n<meta property=\"article:published_time\" content=\"2011-02-18T10:00:28+00:00\" \/>\n<meta property=\"article:modified_time\" content=\"2011-02-20T21:19:34+00:00\" \/>\n<meta property=\"og:image\" content=\"https:\/\/www.aclanester56.com\/velo\/wp-content\/uploads\/2011\/02\/AC-LANESTER-BOUT-COUL-2011-rose.jpg\" \/>\n\t<meta property=\"og:image:width\" content=\"1161\" \/>\n\t<meta property=\"og:image:height\" content=\"976\" \/>\n\t<meta property=\"og:image:type\" content=\"image\/jpeg\" \/>\n<meta name=\"author\" content=\"Jean-Christophe\" \/>\n<meta name=\"twitter:label1\" content=\"\u00c9crit par\" \/>\n\t<meta name=\"twitter:data1\" content=\"Jean-Christophe\" \/>\n\t<meta name=\"twitter:label2\" content=\"Dur\u00e9e de lecture estim\u00e9e\" \/>\n\t<meta name=\"twitter:data2\" content=\"1 minute\" \/>\n<script type=\"application\/ld+json\" class=\"yoast-schema-graph\">{\"@context\":\"https:\\\/\\\/schema.org\",\"@graph\":[{\"@type\":\"Article\",\"@id\":\"https:\\\/\\\/www.aclanester56.com\\\/velo\\\/ouverture-officielle-de-la-boutique-de-lac-lanester-56\\\/#article\",\"isPartOf\":{\"@id\":\"https:\\\/\\\/www.aclanester56.com\\\/velo\\\/ouverture-officielle-de-la-boutique-de-lac-lanester-56\\\/\"},\"author\":{\"name\":\"Jean-Christophe\",\"@id\":\"https:\\\/\\\/www.aclanester56.com\\\/velo\\\/#\\\/schema\\\/person\\\/ca2a44a5fd969e9dd846c72d3b33bc01\"},\"headline\":\"Ouverture officielle de la Boutique de l\u2019AC LANESTER 56\",\"datePublished\":\"2011-02-18T10:00:28+00:00\",\"dateModified\":\"2011-02-20T21:19:34+00:00\",\"mainEntityOfPage\":{\"@id\":\"https:\\\/\\\/www.aclanester56.com\\\/velo\\\/ouverture-officielle-de-la-boutique-de-lac-lanester-56\\\/\"},\"wordCount\":302,\"commentCount\":0,\"publisher\":{\"@id\":\"https:\\\/\\\/www.aclanester56.com\\\/velo\\\/#organization\"},\"image\":{\"@id\":\"https:\\\/\\\/www.aclanester56.com\\\/velo\\\/ouverture-officielle-de-la-boutique-de-lac-lanester-56\\\/#primaryimage\"},\"thumbnailUrl\":\"https:\\\/\\\/www.aclanester56.com\\\/velo\\\/wp-content\\\/uploads\\\/2011\\\/02\\\/AC-LANESTER-BOUT-COUL-2011-rose.jpg\",\"articleSection\":[\"AC LANESTER 56\",\"la boutique\",\"les \u00e9quipements\"],\"inLanguage\":\"fr-FR\",\"potentialAction\":[{\"@type\":\"CommentAction\",\"name\":\"Comment\",\"target\":[\"https:\\\/\\\/www.aclanester56.com\\\/velo\\\/ouverture-officielle-de-la-boutique-de-lac-lanester-56\\\/#respond\"]}]},{\"@type\":\"WebPage\",\"@id\":\"https:\\\/\\\/www.aclanester56.com\\\/velo\\\/ouverture-officielle-de-la-boutique-de-lac-lanester-56\\\/\",\"url\":\"https:\\\/\\\/www.aclanester56.com\\\/velo\\\/ouverture-officielle-de-la-boutique-de-lac-lanester-56\\\/\",\"name\":\"Ouverture officielle de la Boutique de l\u2019AC LANESTER 56 - Avenir Cycliste Lanester 56\",\"isPartOf\":{\"@id\":\"https:\\\/\\\/www.aclanester56.com\\\/velo\\\/#website\"},\"primaryImageOfPage\":{\"@id\":\"https:\\\/\\\/www.aclanester56.com\\\/velo\\\/ouverture-officielle-de-la-boutique-de-lac-lanester-56\\\/#primaryimage\"},\"image\":{\"@id\":\"https:\\\/\\\/www.aclanester56.com\\\/velo\\\/ouverture-officielle-de-la-boutique-de-lac-lanester-56\\\/#primaryimage\"},\"thumbnailUrl\":\"https:\\\/\\\/www.aclanester56.com\\\/velo\\\/wp-content\\\/uploads\\\/2011\\\/02\\\/AC-LANESTER-BOUT-COUL-2011-rose.jpg\",\"datePublished\":\"2011-02-18T10:00:28+00:00\",\"dateModified\":\"2011-02-20T21:19:34+00:00\",\"inLanguage\":\"fr-FR\",\"potentialAction\":[{\"@type\":\"ReadAction\",\"target\":[\"https:\\\/\\\/www.aclanester56.com\\\/velo\\\/ouverture-officielle-de-la-boutique-de-lac-lanester-56\\\/\"]}]},{\"@type\":\"ImageObject\",\"inLanguage\":\"fr-FR\",\"@id\":\"https:\\\/\\\/www.aclanester56.com\\\/velo\\\/ouverture-officielle-de-la-boutique-de-lac-lanester-56\\\/#primaryimage\",\"url\":\"https:\\\/\\\/www.aclanester56.com\\\/velo\\\/wp-content\\\/uploads\\\/2011\\\/02\\\/AC-LANESTER-BOUT-COUL-2011-rose.jpg\",\"contentUrl\":\"https:\\\/\\\/www.aclanester56.com\\\/velo\\\/wp-content\\\/uploads\\\/2011\\\/02\\\/AC-LANESTER-BOUT-COUL-2011-rose.jpg\",\"width\":1161,\"height\":976,\"caption\":\"Visitez la Boutique de l'AC LANESTER 56 !\"},{\"@type\":\"WebSite\",\"@id\":\"https:\\\/\\\/www.aclanester56.com\\\/velo\\\/#website\",\"url\":\"https:\\\/\\\/www.aclanester56.com\\\/velo\\\/\",\"name\":\"Avenir Cycliste Lanester 56\",\"description\":\"Club cycliste de l&#039;AC LANESTER 56\",\"publisher\":{\"@id\":\"https:\\\/\\\/www.aclanester56.com\\\/velo\\\/#organization\"},\"potentialAction\":[{\"@type\":\"SearchAction\",\"target\":{\"@type\":\"EntryPoint\",\"urlTemplate\":\"https:\\\/\\\/www.aclanester56.com\\\/velo\\\/?s={search_term_string}\"},\"query-input\":{\"@type\":\"PropertyValueSpecification\",\"valueRequired\":true,\"valueName\":\"search_term_string\"}}],\"inLanguage\":\"fr-FR\"},{\"@type\":\"Organization\",\"@id\":\"https:\\\/\\\/www.aclanester56.com\\\/velo\\\/#organization\",\"name\":\"Avenir Cycliste Lanester 56\",\"url\":\"https:\\\/\\\/www.aclanester56.com\\\/velo\\\/\",\"logo\":{\"@type\":\"ImageObject\",\"inLanguage\":\"fr-FR\",\"@id\":\"https:\\\/\\\/www.aclanester56.com\\\/velo\\\/#\\\/schema\\\/logo\\\/image\\\/\",\"url\":\"https:\\\/\\\/www.aclanester56.com\\\/velo\\\/wp-content\\\/uploads\\\/2013\\\/04\\\/logo-ACL.jpg\",\"contentUrl\":\"https:\\\/\\\/www.aclanester56.com\\\/velo\\\/wp-content\\\/uploads\\\/2013\\\/04\\\/logo-ACL.jpg\",\"width\":400,\"height\":334,\"caption\":\"Avenir Cycliste Lanester 56\"},\"image\":{\"@id\":\"https:\\\/\\\/www.aclanester56.com\\\/velo\\\/#\\\/schema\\\/logo\\\/image\\\/\"},\"sameAs\":[\"https:\\\/\\\/www.facebook.com\\\/pages\\\/AC-Lanester-56\\\/190286300991242?fref=ts\"]},{\"@type\":\"Person\",\"@id\":\"https:\\\/\\\/www.aclanester56.com\\\/velo\\\/#\\\/schema\\\/person\\\/ca2a44a5fd969e9dd846c72d3b33bc01\",\"name\":\"Jean-Christophe\",\"url\":\"https:\\\/\\\/www.aclanester56.com\\\/velo\\\/author\\\/jeanchristophe\\\/\"}]}<\/script>\n<!-- \/ Yoast SEO plugin. -->","yoast_head_json":{"title":"Ouverture officielle de la Boutique de l\u2019AC LANESTER 56 - Avenir Cycliste Lanester 56","robots":{"index":"index","follow":"follow","max-snippet":"max-snippet:-1","max-image-preview":"max-image-preview:large","max-video-preview":"max-video-preview:-1"},"canonical":"https:\/\/www.aclanester56.com\/velo\/ouverture-officielle-de-la-boutique-de-lac-lanester-56\/","og_locale":"fr_FR","og_type":"article","og_title":"Ouverture officielle de la Boutique de l\u2019AC LANESTER 56 - Avenir Cycliste Lanester 56","og_description":"Le lancement de la boutique de l&rsquo;AC LANESTER 56 aura lieu vendredi prochain \u00e0 l&rsquo;occasion de la soir\u00e9e de pr\u00e9sentation [&hellip;]","og_url":"https:\/\/www.aclanester56.com\/velo\/ouverture-officielle-de-la-boutique-de-lac-lanester-56\/","og_site_name":"Avenir Cycliste Lanester 56","article_publisher":"https:\/\/www.facebook.com\/pages\/AC-Lanester-56\/190286300991242?fref=ts","article_published_time":"2011-02-18T10:00:28+00:00","article_modified_time":"2011-02-20T21:19:34+00:00","og_image":[{"width":1161,"height":976,"url":"https:\/\/www.aclanester56.com\/velo\/wp-content\/uploads\/2011\/02\/AC-LANESTER-BOUT-COUL-2011-rose.jpg","type":"image\/jpeg"}],"author":"Jean-Christophe","twitter_misc":{"\u00c9crit par":"Jean-Christophe","Dur\u00e9e de lecture estim\u00e9e":"1 minute"},"schema":{"@context":"https:\/\/schema.org","@graph":[{"@type":"Article","@id":"https:\/\/www.aclanester56.com\/velo\/ouverture-officielle-de-la-boutique-de-lac-lanester-56\/#article","isPartOf":{"@id":"https:\/\/www.aclanester56.com\/velo\/ouverture-officielle-de-la-boutique-de-lac-lanester-56\/"},"author":{"name":"Jean-Christophe","@id":"https:\/\/www.aclanester56.com\/velo\/#\/schema\/person\/ca2a44a5fd969e9dd846c72d3b33bc01"},"headline":"Ouverture officielle de la Boutique de l\u2019AC LANESTER 56","datePublished":"2011-02-18T10:00:28+00:00","dateModified":"2011-02-20T21:19:34+00:00","mainEntityOfPage":{"@id":"https:\/\/www.aclanester56.com\/velo\/ouverture-officielle-de-la-boutique-de-lac-lanester-56\/"},"wordCount":302,"commentCount":0,"publisher":{"@id":"https:\/\/www.aclanester56.com\/velo\/#organization"},"image":{"@id":"https:\/\/www.aclanester56.com\/velo\/ouverture-officielle-de-la-boutique-de-lac-lanester-56\/#primaryimage"},"thumbnailUrl":"https:\/\/www.aclanester56.com\/velo\/wp-content\/uploads\/2011\/02\/AC-LANESTER-BOUT-COUL-2011-rose.jpg","articleSection":["AC LANESTER 56","la boutique","les \u00e9quipements"],"inLanguage":"fr-FR","potentialAction":[{"@type":"CommentAction","name":"Comment","target":["https:\/\/www.aclanester56.com\/velo\/ouverture-officielle-de-la-boutique-de-lac-lanester-56\/#respond"]}]},{"@type":"WebPage","@id":"https:\/\/www.aclanester56.com\/velo\/ouverture-officielle-de-la-boutique-de-lac-lanester-56\/","url":"https:\/\/www.aclanester56.com\/velo\/ouverture-officielle-de-la-boutique-de-lac-lanester-56\/","name":"Ouverture officielle de la Boutique de l\u2019AC LANESTER 56 - Avenir Cycliste Lanester 56","isPartOf":{"@id":"https:\/\/www.aclanester56.com\/velo\/#website"},"primaryImageOfPage":{"@id":"https:\/\/www.aclanester56.com\/velo\/ouverture-officielle-de-la-boutique-de-lac-lanester-56\/#primaryimage"},"image":{"@id":"https:\/\/www.aclanester56.com\/velo\/ouverture-officielle-de-la-boutique-de-lac-lanester-56\/#primaryimage"},"thumbnailUrl":"https:\/\/www.aclanester56.com\/velo\/wp-content\/uploads\/2011\/02\/AC-LANESTER-BOUT-COUL-2011-rose.jpg","datePublished":"2011-02-18T10:00:28+00:00","dateModified":"2011-02-20T21:19:34+00:00","inLanguage":"fr-FR","potentialAction":[{"@type":"ReadAction","target":["https:\/\/www.aclanester56.com\/velo\/ouverture-officielle-de-la-boutique-de-lac-lanester-56\/"]}]},{"@type":"ImageObject","inLanguage":"fr-FR","@id":"https:\/\/www.aclanester56.com\/velo\/ouverture-officielle-de-la-boutique-de-lac-lanester-56\/#primaryimage","url":"https:\/\/www.aclanester56.com\/velo\/wp-content\/uploads\/2011\/02\/AC-LANESTER-BOUT-COUL-2011-rose.jpg","contentUrl":"https:\/\/www.aclanester56.com\/velo\/wp-content\/uploads\/2011\/02\/AC-LANESTER-BOUT-COUL-2011-rose.jpg","width":1161,"height":976,"caption":"Visitez la Boutique de l'AC LANESTER 56 !"},{"@type":"WebSite","@id":"https:\/\/www.aclanester56.com\/velo\/#website","url":"https:\/\/www.aclanester56.com\/velo\/","name":"Avenir Cycliste Lanester 56","description":"Club cycliste de l&#039;AC LANESTER 56","publisher":{"@id":"https:\/\/www.aclanester56.com\/velo\/#organization"},"potentialAction":[{"@type":"SearchAction","target":{"@type":"EntryPoint","urlTemplate":"https:\/\/www.aclanester56.com\/velo\/?s={search_term_string}"},"query-input":{"@type":"PropertyValueSpecification","valueRequired":true,"valueName":"search_term_string"}}],"inLanguage":"fr-FR"},{"@type":"Organization","@id":"https:\/\/www.aclanester56.com\/velo\/#organization","name":"Avenir Cycliste Lanester 56","url":"https:\/\/www.aclanester56.com\/velo\/","logo":{"@type":"ImageObject","inLanguage":"fr-FR","@id":"https:\/\/www.aclanester56.com\/velo\/#\/schema\/logo\/image\/","url":"https:\/\/www.aclanester56.com\/velo\/wp-content\/uploads\/2013\/04\/logo-ACL.jpg","contentUrl":"https:\/\/www.aclanester56.com\/velo\/wp-content\/uploads\/2013\/04\/logo-ACL.jpg","width":400,"height":334,"caption":"Avenir Cycliste Lanester 56"},"image":{"@id":"https:\/\/www.aclanester56.com\/velo\/#\/schema\/logo\/image\/"},"sameAs":["https:\/\/www.facebook.com\/pages\/AC-Lanester-56\/190286300991242?fref=ts"]},{"@type":"Person","@id":"https:\/\/www.aclanester56.com\/velo\/#\/schema\/person\/ca2a44a5fd969e9dd846c72d3b33bc01","name":"Jean-Christophe","url":"https:\/\/www.aclanester56.com\/velo\/author\/jeanchristophe\/"}]}},"_links":{"self":[{"href":"https:\/\/www.aclanester56.com\/velo\/wp-json\/wp\/v2\/posts\/6992","targetHints":{"allow":["GET"]}}],"collection":[{"href":"https:\/\/www.aclanester56.com\/velo\/wp-json\/wp\/v2\/posts"}],"about":[{"href":"https:\/\/www.aclanester56.com\/velo\/wp-json\/wp\/v2\/types\/post"}],"author":[{"embeddable":true,"href":"https:\/\/www.aclanester56.com\/velo\/wp-json\/wp\/v2\/users\/14"}],"replies":[{"embeddable":true,"href":"https:\/\/www.aclanester56.com\/velo\/wp-json\/wp\/v2\/comments?post=6992"}],"version-history":[{"count":0,"href":"https:\/\/www.aclanester56.com\/velo\/wp-json\/wp\/v2\/posts\/6992\/revisions"}],"wp:featuredmedia":[{"embeddable":true,"href":"https:\/\/www.aclanester56.com\/velo\/wp-json\/wp\/v2\/media\/6993"}],"wp:attachment":[{"href":"https:\/\/www.aclanester56.com\/velo\/wp-json\/wp\/v2\/media?parent=6992"}],"wp:term":[{"taxonomy":"category","embeddable":true,"href":"https:\/\/www.aclanester56.com\/velo\/wp-json\/wp\/v2\/categories?post=6992"},{"taxonomy":"post_tag","embeddable":true,"href":"https:\/\/www.aclanester56.com\/velo\/wp-json\/wp\/v2\/tags?post=6992"}],"curies":[{"name":"wp","href":"https:\/\/api.w.org\/{rel}","templated":true}]}}