{"id":7041,"date":"2011-02-19T23:50:10","date_gmt":"2011-02-19T22:50:10","guid":{"rendered":"http:\/\/www.aclanester56.com\/velo\/?p=7041"},"modified":"2011-02-20T22:19:28","modified_gmt":"2011-02-20T21:19:28","slug":"resultats-du-1902-v-ragot-3eme-a-rostrenen-w-barguil-17eme-sur-l%e2%80%99essor-basque","status":"publish","type":"post","link":"https:\/\/www.aclanester56.com\/velo\/resultats-du-1902-v-ragot-3eme-a-rostrenen-w-barguil-17eme-sur-l%e2%80%99essor-basque\/","title":{"rendered":"R\u00e9sultats du 19\/02 : V. RAGOT 3\u00e8me \u00e0 Rostrenen, W. BARGUIL 17\u00e8me sur l\u2019Essor Basque"},"content":{"rendered":"<div id=\"attachment_7072\" style=\"width: 410px\" class=\"wp-caption alignleft\"><a href=\"http:\/\/www.aclanester56.com\/velo\/wp-content\/uploads\/2011\/02\/route-de-lAtlantique-2011-082.jpg\"><img loading=\"lazy\" decoding=\"async\" aria-describedby=\"caption-attachment-7072\" class=\"size-full wp-image-7072\" title=\"Warren BARGUIL entame son stage en \u00e9quipe de France en prenant la bonne \u00e9chapp\u00e9e sur la Route de l'Atlantique (photos Guy DAGOT - www.sudgironde-cyclisme.com)\" src=\"http:\/\/www.aclanester56.com\/velo\/wp-content\/uploads\/2011\/02\/route-de-lAtlantique-2011-082.jpg\" alt=\"\" width=\"400\" height=\"266\" srcset=\"https:\/\/www.aclanester56.com\/velo\/wp-content\/uploads\/2011\/02\/route-de-lAtlantique-2011-082.jpg 800w, https:\/\/www.aclanester56.com\/velo\/wp-content\/uploads\/2011\/02\/route-de-lAtlantique-2011-082-300x199.jpg 300w\" sizes=\"auto, (max-width: 400px) 100vw, 400px\" \/><\/a><p id=\"caption-attachment-7072\" class=\"wp-caption-text\">Warren BARGUIL entame son stage en \u00e9quipe de France en prenant la bonne \u00e9chapp\u00e9e sur la Route de l&#39;Atlantique (photos Guy DAGOT - www.sudgironde-cyclisme.com)<\/p><\/div>\n<p style=\"text-align: justify;\">\u00c7a\u00a0sent bon la reprise ! Aujourd&rsquo;hui, le Lanest\u00e9rien Vincent RAGOT monte sur la troisi\u00e8me marche du podium sur l&rsquo;interclub de Rostrenen (22), tandis que Warren BARGUIL, qui d\u00e9butait un stage en \u00e9quipe de France aujourd&rsquo;hui par la Route de l&rsquo;Atlantique, a fait la course en t\u00eate sur cette 5\u00e8me manche de l&rsquo;Essor Basque.<\/p>\n<p><br class=\"spacer_\" \/><\/p>\n<p><br class=\"spacer_\" \/><\/p>\n<p><br class=\"spacer_\" \/><\/p>\n<p><!--more--><\/p>\n<p><br class=\"spacer_\" \/><\/p>\n<p><br class=\"spacer_\" \/><\/p>\n<p><br class=\"spacer_\" \/><\/p>\n<p><br class=\"spacer_\" \/><\/p>\n<p><strong><span style=\"color: #ff6600;\">Interclub de Rostrenen<\/span><\/strong><\/p>\n<p style=\"text-align: justify;\">C&rsquo;est le Hennebontais David CHOPIN qui l&#8217;emporte aujourd&rsquo;hui, l\u00e9g\u00e8rement d\u00e9tach\u00e9 sur l&rsquo;\u00e9preuve de Rostrenen au bout de 90 Km de course. Il devance le vice-champion de France junior Geoffrey MILLOUR et le soci\u00e9taire de l&rsquo;AC LANESTER 56 Vincent RAGOT.<\/p>\n<p><span style=\"text-decoration: underline;\"><strong>R\u00e9sultats : <\/strong><\/span><br \/>\n 1 David CHOPIN (Hennebont Cyclisme)<br \/>\n 2 Geoffrey MILLOUR (VS Plabennec)<br \/>\n<span style=\"background-color: #ff6600;\"> 3 Vincent RAGOT (AC Lanester 56)<br \/>\n<\/span> 4 Vincent ROUXEL (UC Briochine)<br \/>\n 5 Manuel MICHOT (UC Briochine)<br \/>\n 6 Julien PRIGENT (UC Guinefort Pays de Dinan)<br \/>\n 7 Thierry GENDRON (CC Vitr\u00e9)<br \/>\n 8 Camille COUALAN (VCP Loud\u00e9ac)<br \/>\n 9 Noan CUDENNEC (VCP Guingamp)<br \/>\n 10 Taruia KRAINER (UC Briochine)<\/p>\n<p><br class=\"spacer_\" \/><\/p>\n<div id=\"attachment_7075\" style=\"width: 410px\" class=\"wp-caption alignright\"><a href=\"http:\/\/www.aclanester56.com\/velo\/wp-content\/uploads\/2011\/02\/route-de-lAtlantique-2011-012.jpg\" ><img loading=\"lazy\" decoding=\"async\" aria-describedby=\"caption-attachment-7075\" src=\"http:\/\/www.aclanester56.com\/velo\/wp-content\/uploads\/2011\/02\/route-de-lAtlantique-2011-012.jpg\" alt=\"\" title=\"Warren, 2\u00e8me en partant de la gauche, avant l&#039;\u00e9margement avec les autres membres de l&#039;\u00e9quipe de France (photos Guy DAGOT - www.sudgironde-cyclisme.com)\" width=\"400\" height=\"266\" class=\"size-full wp-image-7075\" srcset=\"https:\/\/www.aclanester56.com\/velo\/wp-content\/uploads\/2011\/02\/route-de-lAtlantique-2011-012.jpg 800w, https:\/\/www.aclanester56.com\/velo\/wp-content\/uploads\/2011\/02\/route-de-lAtlantique-2011-012-300x199.jpg 300w\" sizes=\"auto, (max-width: 400px) 100vw, 400px\" \/><\/a><p id=\"caption-attachment-7075\" class=\"wp-caption-text\">Warren, 2\u00e8me en partant de la gauche, avant l'\u00e9margement avec les autres membres de l'\u00e9quipe de France (photos Guy DAGOT - www.sudgironde-cyclisme.com)<\/p><\/div>\n<p><strong><span style=\"color: #ff6600;\">Route de l&rsquo;Atlantique<\/span><\/strong><\/p>\n<p style=\"text-align: justify;\">La Route de l&rsquo;Atlantique, 5\u00e8me \u00e9preuve de l&rsquo;Essor Basque, se disputait aujourd&rsquo;hui entre Ascain et Hendaye sur une distance de 123 Km. Warren BARGUIL, s\u00e9lectionn\u00e9 en \u00e9quipe de France, d\u00e9bute ce week-end un stage sous les couleurs tricolores par les deux derni\u00e8res manches de l&rsquo;Essor Basque. Apr\u00e8s 50 kilom\u00e8tres de course, il figure dans l&rsquo;\u00e9chapp\u00e9e de 21 coureurs qui sera \u00ab\u00a0la bonne\u00a0\u00bb comme on dit dans le jargon, c&rsquo;est-\u00e0-dire qu&rsquo;elle ne sera jamais revue par le peloton. A 5 kilom\u00e8tres de l&rsquo;arriv\u00e9e, un quatuor parvient \u00e0 faire la diff\u00e9rence. Warren termine 17\u00e8me.<\/p>\n<p><span style=\"text-decoration: underline;\"><strong>R\u00e9sultats : <\/strong><\/span><br \/>\n 1 Emmanuel KEO (SOJASUN ESPOIR ACNC)\u00a0les 123 km en 2h39m13<br \/>\n 2\u00a0St\u00e9phane REIMHERR (US MONTAUBAN 82) 2h39m14<br \/>\n 3\u00a0Fabrice LEGUEVAQUES (CALVISSON VTT) 2h39m14<br \/>\n 4 Fabien SIDANER (BIC 2000) 2h39m14<br \/>\n 5 Edouard LOUYEST (SOJASUN ESPOIR ACNC) 2h39m15<br \/>\n 6\u00a0Mathieu CHIOCCA (CC ETUPES)\u00a02h39m18<br \/>\n 7\u00a0Anthony PEREZ (GSC BLAGNAC)\u00a02h39m19<br \/>\n 8\u00a0Mikkel MORTENSEN (TEAM BONNAT 91) 2h39m20<br \/>\n 9\u00a0Damien LE FUSTEC (EQUIPE DE FRANCE 2 &#8211; TOP 16) 2h39m21<br \/>\n 10 Sylvain CHOLLETON (CR4C ROANNE) 2h39m23<br \/>\n<span style=\"background-color: #ff6600;\"> 17\u00a0Warren BARGUIL (EQUIPE DE FRANCE &#8211; AC LANESTER 56) 2h39m23<\/span><\/p>\n<p><br class=\"spacer_\" \/><\/p>\n","protected":false},"excerpt":{"rendered":"<p>\u00c7a\u00a0sent bon la reprise ! Aujourd&rsquo;hui, le Lanest\u00e9rien Vincent RAGOT monte sur la troisi\u00e8me marche du podium sur l&rsquo;interclub de [&hellip;]<\/p>\n","protected":false},"author":14,"featured_media":7072,"comment_status":"open","ping_status":"closed","sticky":false,"template":"","format":"standard","meta":{"ngg_post_thumbnail":0,"footnotes":""},"categories":[5,17],"tags":[],"class_list":["post-7041","post","type-post","status-publish","format-standard","has-post-thumbnail","hentry","category-ac-lanester-56","category-resultats-dn"],"yoast_head":"<!-- This site is optimized with the Yoast SEO plugin v27.5 - https:\/\/yoast.com\/product\/yoast-seo-wordpress\/ -->\n<title>R\u00e9sultats du 19\/02 : V. RAGOT 3\u00e8me \u00e0 Rostrenen, W. BARGUIL 17\u00e8me sur l\u2019Essor Basque - Avenir Cycliste Lanester 56<\/title>\n<meta name=\"robots\" content=\"index, follow, max-snippet:-1, max-image-preview:large, max-video-preview:-1\" \/>\n<link rel=\"canonical\" href=\"https:\/\/www.aclanester56.com\/velo\/resultats-du-1902-v-ragot-3eme-a-rostrenen-w-barguil-17eme-sur-l\u2019essor-basque\/\" \/>\n<meta property=\"og:locale\" content=\"fr_FR\" \/>\n<meta property=\"og:type\" content=\"article\" \/>\n<meta property=\"og:title\" content=\"R\u00e9sultats du 19\/02 : V. RAGOT 3\u00e8me \u00e0 Rostrenen, W. BARGUIL 17\u00e8me sur l\u2019Essor Basque - Avenir Cycliste Lanester 56\" \/>\n<meta property=\"og:description\" content=\"\u00c7a\u00a0sent bon la reprise ! Aujourd&rsquo;hui, le Lanest\u00e9rien Vincent RAGOT monte sur la troisi\u00e8me marche du podium sur l&rsquo;interclub de [&hellip;]\" \/>\n<meta property=\"og:url\" content=\"https:\/\/www.aclanester56.com\/velo\/resultats-du-1902-v-ragot-3eme-a-rostrenen-w-barguil-17eme-sur-l\u2019essor-basque\/\" \/>\n<meta property=\"og:site_name\" content=\"Avenir Cycliste Lanester 56\" \/>\n<meta property=\"article:publisher\" content=\"https:\/\/www.facebook.com\/pages\/AC-Lanester-56\/190286300991242?fref=ts\" \/>\n<meta property=\"article:published_time\" content=\"2011-02-19T22:50:10+00:00\" \/>\n<meta property=\"article:modified_time\" content=\"2011-02-20T21:19:28+00:00\" \/>\n<meta property=\"og:image\" content=\"https:\/\/www.aclanester56.com\/velo\/wp-content\/uploads\/2011\/02\/route-de-lAtlantique-2011-082.jpg\" \/>\n\t<meta property=\"og:image:width\" content=\"800\" \/>\n\t<meta property=\"og:image:height\" content=\"532\" \/>\n\t<meta property=\"og:image:type\" content=\"image\/jpeg\" \/>\n<meta name=\"author\" content=\"Jean-Christophe\" \/>\n<meta name=\"twitter:label1\" content=\"\u00c9crit par\" \/>\n\t<meta name=\"twitter:data1\" content=\"Jean-Christophe\" \/>\n\t<meta name=\"twitter:label2\" content=\"Dur\u00e9e de lecture estim\u00e9e\" \/>\n\t<meta name=\"twitter:data2\" content=\"2 minutes\" \/>\n<script type=\"application\/ld+json\" class=\"yoast-schema-graph\">{\"@context\":\"https:\\\/\\\/schema.org\",\"@graph\":[{\"@type\":\"Article\",\"@id\":\"https:\\\/\\\/www.aclanester56.com\\\/velo\\\/resultats-du-1902-v-ragot-3eme-a-rostrenen-w-barguil-17eme-sur-l%e2%80%99essor-basque\\\/#article\",\"isPartOf\":{\"@id\":\"https:\\\/\\\/www.aclanester56.com\\\/velo\\\/resultats-du-1902-v-ragot-3eme-a-rostrenen-w-barguil-17eme-sur-l%e2%80%99essor-basque\\\/\"},\"author\":{\"name\":\"Jean-Christophe\",\"@id\":\"https:\\\/\\\/www.aclanester56.com\\\/velo\\\/#\\\/schema\\\/person\\\/ca2a44a5fd969e9dd846c72d3b33bc01\"},\"headline\":\"R\u00e9sultats du 19\\\/02 : V. RAGOT 3\u00e8me \u00e0 Rostrenen, W. BARGUIL 17\u00e8me sur l\u2019Essor Basque\",\"datePublished\":\"2011-02-19T22:50:10+00:00\",\"dateModified\":\"2011-02-20T21:19:28+00:00\",\"mainEntityOfPage\":{\"@id\":\"https:\\\/\\\/www.aclanester56.com\\\/velo\\\/resultats-du-1902-v-ragot-3eme-a-rostrenen-w-barguil-17eme-sur-l%e2%80%99essor-basque\\\/\"},\"wordCount\":416,\"commentCount\":0,\"publisher\":{\"@id\":\"https:\\\/\\\/www.aclanester56.com\\\/velo\\\/#organization\"},\"image\":{\"@id\":\"https:\\\/\\\/www.aclanester56.com\\\/velo\\\/resultats-du-1902-v-ragot-3eme-a-rostrenen-w-barguil-17eme-sur-l%e2%80%99essor-basque\\\/#primaryimage\"},\"thumbnailUrl\":\"https:\\\/\\\/www.aclanester56.com\\\/velo\\\/wp-content\\\/uploads\\\/2011\\\/02\\\/route-de-lAtlantique-2011-082.jpg\",\"articleSection\":[\"AC LANESTER 56\",\"R\u00e9sultats DN\"],\"inLanguage\":\"fr-FR\",\"potentialAction\":[{\"@type\":\"CommentAction\",\"name\":\"Comment\",\"target\":[\"https:\\\/\\\/www.aclanester56.com\\\/velo\\\/resultats-du-1902-v-ragot-3eme-a-rostrenen-w-barguil-17eme-sur-l%e2%80%99essor-basque\\\/#respond\"]}]},{\"@type\":\"WebPage\",\"@id\":\"https:\\\/\\\/www.aclanester56.com\\\/velo\\\/resultats-du-1902-v-ragot-3eme-a-rostrenen-w-barguil-17eme-sur-l%e2%80%99essor-basque\\\/\",\"url\":\"https:\\\/\\\/www.aclanester56.com\\\/velo\\\/resultats-du-1902-v-ragot-3eme-a-rostrenen-w-barguil-17eme-sur-l%e2%80%99essor-basque\\\/\",\"name\":\"R\u00e9sultats du 19\\\/02 : V. RAGOT 3\u00e8me \u00e0 Rostrenen, W. BARGUIL 17\u00e8me sur l\u2019Essor Basque - Avenir Cycliste Lanester 56\",\"isPartOf\":{\"@id\":\"https:\\\/\\\/www.aclanester56.com\\\/velo\\\/#website\"},\"primaryImageOfPage\":{\"@id\":\"https:\\\/\\\/www.aclanester56.com\\\/velo\\\/resultats-du-1902-v-ragot-3eme-a-rostrenen-w-barguil-17eme-sur-l%e2%80%99essor-basque\\\/#primaryimage\"},\"image\":{\"@id\":\"https:\\\/\\\/www.aclanester56.com\\\/velo\\\/resultats-du-1902-v-ragot-3eme-a-rostrenen-w-barguil-17eme-sur-l%e2%80%99essor-basque\\\/#primaryimage\"},\"thumbnailUrl\":\"https:\\\/\\\/www.aclanester56.com\\\/velo\\\/wp-content\\\/uploads\\\/2011\\\/02\\\/route-de-lAtlantique-2011-082.jpg\",\"datePublished\":\"2011-02-19T22:50:10+00:00\",\"dateModified\":\"2011-02-20T21:19:28+00:00\",\"inLanguage\":\"fr-FR\",\"potentialAction\":[{\"@type\":\"ReadAction\",\"target\":[\"https:\\\/\\\/www.aclanester56.com\\\/velo\\\/resultats-du-1902-v-ragot-3eme-a-rostrenen-w-barguil-17eme-sur-l%e2%80%99essor-basque\\\/\"]}]},{\"@type\":\"ImageObject\",\"inLanguage\":\"fr-FR\",\"@id\":\"https:\\\/\\\/www.aclanester56.com\\\/velo\\\/resultats-du-1902-v-ragot-3eme-a-rostrenen-w-barguil-17eme-sur-l%e2%80%99essor-basque\\\/#primaryimage\",\"url\":\"https:\\\/\\\/www.aclanester56.com\\\/velo\\\/wp-content\\\/uploads\\\/2011\\\/02\\\/route-de-lAtlantique-2011-082.jpg\",\"contentUrl\":\"https:\\\/\\\/www.aclanester56.com\\\/velo\\\/wp-content\\\/uploads\\\/2011\\\/02\\\/route-de-lAtlantique-2011-082.jpg\",\"width\":800,\"height\":532,\"caption\":\"Warren BARGUIL entame son stage en \u00e9quipe de France en prenant la bonne \u00e9chapp\u00e9e sur la Route de l'Atlantique (photos Guy DAGOT - www.sudgironde-cyclisme.com))\"},{\"@type\":\"WebSite\",\"@id\":\"https:\\\/\\\/www.aclanester56.com\\\/velo\\\/#website\",\"url\":\"https:\\\/\\\/www.aclanester56.com\\\/velo\\\/\",\"name\":\"Avenir Cycliste Lanester 56\",\"description\":\"Club cycliste de l&#039;AC LANESTER 56\",\"publisher\":{\"@id\":\"https:\\\/\\\/www.aclanester56.com\\\/velo\\\/#organization\"},\"potentialAction\":[{\"@type\":\"SearchAction\",\"target\":{\"@type\":\"EntryPoint\",\"urlTemplate\":\"https:\\\/\\\/www.aclanester56.com\\\/velo\\\/?s={search_term_string}\"},\"query-input\":{\"@type\":\"PropertyValueSpecification\",\"valueRequired\":true,\"valueName\":\"search_term_string\"}}],\"inLanguage\":\"fr-FR\"},{\"@type\":\"Organization\",\"@id\":\"https:\\\/\\\/www.aclanester56.com\\\/velo\\\/#organization\",\"name\":\"Avenir Cycliste Lanester 56\",\"url\":\"https:\\\/\\\/www.aclanester56.com\\\/velo\\\/\",\"logo\":{\"@type\":\"ImageObject\",\"inLanguage\":\"fr-FR\",\"@id\":\"https:\\\/\\\/www.aclanester56.com\\\/velo\\\/#\\\/schema\\\/logo\\\/image\\\/\",\"url\":\"https:\\\/\\\/www.aclanester56.com\\\/velo\\\/wp-content\\\/uploads\\\/2013\\\/04\\\/logo-ACL.jpg\",\"contentUrl\":\"https:\\\/\\\/www.aclanester56.com\\\/velo\\\/wp-content\\\/uploads\\\/2013\\\/04\\\/logo-ACL.jpg\",\"width\":400,\"height\":334,\"caption\":\"Avenir Cycliste Lanester 56\"},\"image\":{\"@id\":\"https:\\\/\\\/www.aclanester56.com\\\/velo\\\/#\\\/schema\\\/logo\\\/image\\\/\"},\"sameAs\":[\"https:\\\/\\\/www.facebook.com\\\/pages\\\/AC-Lanester-56\\\/190286300991242?fref=ts\"]},{\"@type\":\"Person\",\"@id\":\"https:\\\/\\\/www.aclanester56.com\\\/velo\\\/#\\\/schema\\\/person\\\/ca2a44a5fd969e9dd846c72d3b33bc01\",\"name\":\"Jean-Christophe\",\"url\":\"https:\\\/\\\/www.aclanester56.com\\\/velo\\\/author\\\/jeanchristophe\\\/\"}]}<\/script>\n<!-- \/ Yoast SEO plugin. -->","yoast_head_json":{"title":"R\u00e9sultats du 19\/02 : V. RAGOT 3\u00e8me \u00e0 Rostrenen, W. BARGUIL 17\u00e8me sur l\u2019Essor Basque - Avenir Cycliste Lanester 56","robots":{"index":"index","follow":"follow","max-snippet":"max-snippet:-1","max-image-preview":"max-image-preview:large","max-video-preview":"max-video-preview:-1"},"canonical":"https:\/\/www.aclanester56.com\/velo\/resultats-du-1902-v-ragot-3eme-a-rostrenen-w-barguil-17eme-sur-l\u2019essor-basque\/","og_locale":"fr_FR","og_type":"article","og_title":"R\u00e9sultats du 19\/02 : V. RAGOT 3\u00e8me \u00e0 Rostrenen, W. BARGUIL 17\u00e8me sur l\u2019Essor Basque - Avenir Cycliste Lanester 56","og_description":"\u00c7a\u00a0sent bon la reprise ! Aujourd&rsquo;hui, le Lanest\u00e9rien Vincent RAGOT monte sur la troisi\u00e8me marche du podium sur l&rsquo;interclub de [&hellip;]","og_url":"https:\/\/www.aclanester56.com\/velo\/resultats-du-1902-v-ragot-3eme-a-rostrenen-w-barguil-17eme-sur-l\u2019essor-basque\/","og_site_name":"Avenir Cycliste Lanester 56","article_publisher":"https:\/\/www.facebook.com\/pages\/AC-Lanester-56\/190286300991242?fref=ts","article_published_time":"2011-02-19T22:50:10+00:00","article_modified_time":"2011-02-20T21:19:28+00:00","og_image":[{"width":800,"height":532,"url":"https:\/\/www.aclanester56.com\/velo\/wp-content\/uploads\/2011\/02\/route-de-lAtlantique-2011-082.jpg","type":"image\/jpeg"}],"author":"Jean-Christophe","twitter_misc":{"\u00c9crit par":"Jean-Christophe","Dur\u00e9e de lecture estim\u00e9e":"2 minutes"},"schema":{"@context":"https:\/\/schema.org","@graph":[{"@type":"Article","@id":"https:\/\/www.aclanester56.com\/velo\/resultats-du-1902-v-ragot-3eme-a-rostrenen-w-barguil-17eme-sur-l%e2%80%99essor-basque\/#article","isPartOf":{"@id":"https:\/\/www.aclanester56.com\/velo\/resultats-du-1902-v-ragot-3eme-a-rostrenen-w-barguil-17eme-sur-l%e2%80%99essor-basque\/"},"author":{"name":"Jean-Christophe","@id":"https:\/\/www.aclanester56.com\/velo\/#\/schema\/person\/ca2a44a5fd969e9dd846c72d3b33bc01"},"headline":"R\u00e9sultats du 19\/02 : V. RAGOT 3\u00e8me \u00e0 Rostrenen, W. BARGUIL 17\u00e8me sur l\u2019Essor Basque","datePublished":"2011-02-19T22:50:10+00:00","dateModified":"2011-02-20T21:19:28+00:00","mainEntityOfPage":{"@id":"https:\/\/www.aclanester56.com\/velo\/resultats-du-1902-v-ragot-3eme-a-rostrenen-w-barguil-17eme-sur-l%e2%80%99essor-basque\/"},"wordCount":416,"commentCount":0,"publisher":{"@id":"https:\/\/www.aclanester56.com\/velo\/#organization"},"image":{"@id":"https:\/\/www.aclanester56.com\/velo\/resultats-du-1902-v-ragot-3eme-a-rostrenen-w-barguil-17eme-sur-l%e2%80%99essor-basque\/#primaryimage"},"thumbnailUrl":"https:\/\/www.aclanester56.com\/velo\/wp-content\/uploads\/2011\/02\/route-de-lAtlantique-2011-082.jpg","articleSection":["AC LANESTER 56","R\u00e9sultats DN"],"inLanguage":"fr-FR","potentialAction":[{"@type":"CommentAction","name":"Comment","target":["https:\/\/www.aclanester56.com\/velo\/resultats-du-1902-v-ragot-3eme-a-rostrenen-w-barguil-17eme-sur-l%e2%80%99essor-basque\/#respond"]}]},{"@type":"WebPage","@id":"https:\/\/www.aclanester56.com\/velo\/resultats-du-1902-v-ragot-3eme-a-rostrenen-w-barguil-17eme-sur-l%e2%80%99essor-basque\/","url":"https:\/\/www.aclanester56.com\/velo\/resultats-du-1902-v-ragot-3eme-a-rostrenen-w-barguil-17eme-sur-l%e2%80%99essor-basque\/","name":"R\u00e9sultats du 19\/02 : V. RAGOT 3\u00e8me \u00e0 Rostrenen, W. BARGUIL 17\u00e8me sur l\u2019Essor Basque - Avenir Cycliste Lanester 56","isPartOf":{"@id":"https:\/\/www.aclanester56.com\/velo\/#website"},"primaryImageOfPage":{"@id":"https:\/\/www.aclanester56.com\/velo\/resultats-du-1902-v-ragot-3eme-a-rostrenen-w-barguil-17eme-sur-l%e2%80%99essor-basque\/#primaryimage"},"image":{"@id":"https:\/\/www.aclanester56.com\/velo\/resultats-du-1902-v-ragot-3eme-a-rostrenen-w-barguil-17eme-sur-l%e2%80%99essor-basque\/#primaryimage"},"thumbnailUrl":"https:\/\/www.aclanester56.com\/velo\/wp-content\/uploads\/2011\/02\/route-de-lAtlantique-2011-082.jpg","datePublished":"2011-02-19T22:50:10+00:00","dateModified":"2011-02-20T21:19:28+00:00","inLanguage":"fr-FR","potentialAction":[{"@type":"ReadAction","target":["https:\/\/www.aclanester56.com\/velo\/resultats-du-1902-v-ragot-3eme-a-rostrenen-w-barguil-17eme-sur-l%e2%80%99essor-basque\/"]}]},{"@type":"ImageObject","inLanguage":"fr-FR","@id":"https:\/\/www.aclanester56.com\/velo\/resultats-du-1902-v-ragot-3eme-a-rostrenen-w-barguil-17eme-sur-l%e2%80%99essor-basque\/#primaryimage","url":"https:\/\/www.aclanester56.com\/velo\/wp-content\/uploads\/2011\/02\/route-de-lAtlantique-2011-082.jpg","contentUrl":"https:\/\/www.aclanester56.com\/velo\/wp-content\/uploads\/2011\/02\/route-de-lAtlantique-2011-082.jpg","width":800,"height":532,"caption":"Warren BARGUIL entame son stage en \u00e9quipe de France en prenant la bonne \u00e9chapp\u00e9e sur la Route de l'Atlantique (photos Guy DAGOT - www.sudgironde-cyclisme.com))"},{"@type":"WebSite","@id":"https:\/\/www.aclanester56.com\/velo\/#website","url":"https:\/\/www.aclanester56.com\/velo\/","name":"Avenir Cycliste Lanester 56","description":"Club cycliste de l&#039;AC LANESTER 56","publisher":{"@id":"https:\/\/www.aclanester56.com\/velo\/#organization"},"potentialAction":[{"@type":"SearchAction","target":{"@type":"EntryPoint","urlTemplate":"https:\/\/www.aclanester56.com\/velo\/?s={search_term_string}"},"query-input":{"@type":"PropertyValueSpecification","valueRequired":true,"valueName":"search_term_string"}}],"inLanguage":"fr-FR"},{"@type":"Organization","@id":"https:\/\/www.aclanester56.com\/velo\/#organization","name":"Avenir Cycliste Lanester 56","url":"https:\/\/www.aclanester56.com\/velo\/","logo":{"@type":"ImageObject","inLanguage":"fr-FR","@id":"https:\/\/www.aclanester56.com\/velo\/#\/schema\/logo\/image\/","url":"https:\/\/www.aclanester56.com\/velo\/wp-content\/uploads\/2013\/04\/logo-ACL.jpg","contentUrl":"https:\/\/www.aclanester56.com\/velo\/wp-content\/uploads\/2013\/04\/logo-ACL.jpg","width":400,"height":334,"caption":"Avenir Cycliste Lanester 56"},"image":{"@id":"https:\/\/www.aclanester56.com\/velo\/#\/schema\/logo\/image\/"},"sameAs":["https:\/\/www.facebook.com\/pages\/AC-Lanester-56\/190286300991242?fref=ts"]},{"@type":"Person","@id":"https:\/\/www.aclanester56.com\/velo\/#\/schema\/person\/ca2a44a5fd969e9dd846c72d3b33bc01","name":"Jean-Christophe","url":"https:\/\/www.aclanester56.com\/velo\/author\/jeanchristophe\/"}]}},"_links":{"self":[{"href":"https:\/\/www.aclanester56.com\/velo\/wp-json\/wp\/v2\/posts\/7041","targetHints":{"allow":["GET"]}}],"collection":[{"href":"https:\/\/www.aclanester56.com\/velo\/wp-json\/wp\/v2\/posts"}],"about":[{"href":"https:\/\/www.aclanester56.com\/velo\/wp-json\/wp\/v2\/types\/post"}],"author":[{"embeddable":true,"href":"https:\/\/www.aclanester56.com\/velo\/wp-json\/wp\/v2\/users\/14"}],"replies":[{"embeddable":true,"href":"https:\/\/www.aclanester56.com\/velo\/wp-json\/wp\/v2\/comments?post=7041"}],"version-history":[{"count":0,"href":"https:\/\/www.aclanester56.com\/velo\/wp-json\/wp\/v2\/posts\/7041\/revisions"}],"wp:featuredmedia":[{"embeddable":true,"href":"https:\/\/www.aclanester56.com\/velo\/wp-json\/wp\/v2\/media\/7072"}],"wp:attachment":[{"href":"https:\/\/www.aclanester56.com\/velo\/wp-json\/wp\/v2\/media?parent=7041"}],"wp:term":[{"taxonomy":"category","embeddable":true,"href":"https:\/\/www.aclanester56.com\/velo\/wp-json\/wp\/v2\/categories?post=7041"},{"taxonomy":"post_tag","embeddable":true,"href":"https:\/\/www.aclanester56.com\/velo\/wp-json\/wp\/v2\/tags?post=7041"}],"curies":[{"name":"wp","href":"https:\/\/api.w.org\/{rel}","templated":true}]}}