{"id":7080,"date":"2011-02-20T22:16:49","date_gmt":"2011-02-20T21:16:49","guid":{"rendered":"http:\/\/www.aclanester56.com\/velo\/?p=7080"},"modified":"2011-02-22T15:03:00","modified_gmt":"2011-02-22T14:03:00","slug":"resultats-des-interclubs-de-mellac-et-camors","status":"publish","type":"post","link":"https:\/\/www.aclanester56.com\/velo\/resultats-des-interclubs-de-mellac-et-camors\/","title":{"rendered":"R\u00e9sultats des interclubs de Mellac et Camors"},"content":{"rendered":"<div id=\"attachment_7081\" style=\"width: 310px\" class=\"wp-caption alignleft\"><a href=\"http:\/\/www.aclanester56.com\/velo\/wp-content\/uploads\/2011\/02\/Christophe-B-Maxime-C-Anthony-M.jpg\" ><img loading=\"lazy\" decoding=\"async\" aria-describedby=\"caption-attachment-7081\" src=\"http:\/\/www.aclanester56.com\/velo\/wp-content\/uploads\/2011\/02\/Christophe-B-Maxime-C-Anthony-M.jpg\" alt=\"\" title=\"A Mellac, malgr\u00e9 une belle course d&#039;\u00e9quipe, les Lanest\u00e9riens ont d\u00fb s&#039;incliner face au Finist\u00e9rien Maxime MENEZ (photo Julie LE PRIELLEC)\" width=\"300\" height=\"200\" class=\"size-full wp-image-7081\" srcset=\"https:\/\/www.aclanester56.com\/velo\/wp-content\/uploads\/2011\/02\/Christophe-B-Maxime-C-Anthony-M.jpg 600w, https:\/\/www.aclanester56.com\/velo\/wp-content\/uploads\/2011\/02\/Christophe-B-Maxime-C-Anthony-M-300x199.jpg 300w\" sizes=\"auto, (max-width: 300px) 100vw, 300px\" \/><\/a><p id=\"caption-attachment-7081\" class=\"wp-caption-text\">A Mellac, malgr\u00e9 une belle course d'\u00e9quipe, les Lanest\u00e9riens ont d\u00fb s'incliner face au Finist\u00e9rien Maxime MENEZ (photo Julie LE PRIELLEC)<\/p><\/div>\n<p style=\"text-align: justify;\">Une partie des Lanest\u00e9riens avaient opt\u00e9 pour une participation \u00e0 l&rsquo;interclub de Mellac (principalement ceux originaires du Finist\u00e8re), l&rsquo;autre partie restant fid\u00e8le \u00e0 celui de Camors. Il s&rsquo;agissait de la premi\u00e8re \u00ab\u00a0course\u00a0\u00bb de l&rsquo;ann\u00e9e pour les coureurs de l&rsquo;AC LANESTER 56. <\/p>\n<p style=\"text-align: justify;\">A Mellac, Christophe BALANNEC et Anthony MIRA terminent respectivement 2\u00e8me et 3\u00e8me, la victoire revenant au Brestois Maxime MENEZ. Du c\u00f4t\u00e9 de Camors, Romain GUILLOU termine au pied d&rsquo;un podium 100% hennebontais. Nous vous faisons \u00e9galement partager les r\u00e9sultats de Warren BARGUIL sur la derni\u00e8re manche de l&rsquo;Essor Basque, ce dernier participant toute la semaine au premier stage de l&rsquo;\u00e9quipe de France espoirs.<\/p>\n<p><!--more--><\/p>\n<p><br class=\"spacer_\" \/><\/p>\n<p><br class=\"spacer_\" \/><\/p>\n<div id=\"attachment_7087\" style=\"width: 310px\" class=\"wp-caption alignright\"><a href=\"http:\/\/www.aclanester56.com\/velo\/wp-content\/uploads\/2011\/02\/Maxime-Christophe-Anthony.jpg\" ><img loading=\"lazy\" decoding=\"async\" aria-describedby=\"caption-attachment-7087\" src=\"http:\/\/www.aclanester56.com\/velo\/wp-content\/uploads\/2011\/02\/Maxime-Christophe-Anthony.jpg\" alt=\"\" title=\"Maxime CORNIC, Christophe BALANNEC et Anthony MIRA (de droite \u00e0 gauche) viennent de se d\u00e9tacher et lancer la bonne \u00e9chapp\u00e9e du jour (photo Julie LE PRIELLEC)\" width=\"300\" height=\"200\" class=\"size-full wp-image-7087\" srcset=\"https:\/\/www.aclanester56.com\/velo\/wp-content\/uploads\/2011\/02\/Maxime-Christophe-Anthony.jpg 600w, https:\/\/www.aclanester56.com\/velo\/wp-content\/uploads\/2011\/02\/Maxime-Christophe-Anthony-300x199.jpg 300w\" sizes=\"auto, (max-width: 300px) 100vw, 300px\" \/><\/a><p id=\"caption-attachment-7087\" class=\"wp-caption-text\">Maxime CORNIC, Christophe BALANNEC et Anthony MIRA (de droite \u00e0 gauche) viennent de se d\u00e9tacher et lancer la bonne \u00e9chapp\u00e9e du jour (photo Julie LE PRIELLEC)<\/p><\/div>\n<p><strong><span style=\"color: #ff6600;\">Mellac : les Lanest\u00e9riens et &#8230; Menez !<\/span><\/strong><\/p>\n<p style=\"text-align: justify;\">Le d\u00e9part est rapide, mais personne n&rsquo;arrive \u00e0 prendre un quelconque avantage. D\u00e8s le 3\u00e8me tour, le Lanest\u00e9rien Gildas LE PRIELLEC tente une perc\u00e9e et au moment o\u00f9 il se fait rejoindre, trois coureurs de l&rsquo;AC LANESTER 56 Christophe BALANNEC, Anthony MIRA et Maxime CORNIC se d\u00e9tachent et se font reprendre un peu plus loin par un groupe de cinq coureurs dont Yann LE BUREL. Ils forment ainsi la bonne \u00e9chapp\u00e9e.<\/p>\n<p style=\"text-align: justify;\">Dans le final, les Lanest\u00e9riens secouent \u00e0 nouveau le \u00ab\u00a0cocotier\u00a0\u00bb et Anthony MIRA s&rsquo;isole en t\u00eate \u00e0 8 Km du but. Le Brestois MENEZ fait l&rsquo;effort pour combler le retard et il se montre le plus rapide au sprint. Il s&rsquo;impose devant les Lanest\u00e9riens Christophe BALANNEC, Anthony MIRA et Maxime CORNIC. Yann LE BUREL, qui a fait preuve d&rsquo;un bel esprit d&rsquo;\u00e9quipe en favorisant la fuite de ses co\u00e9quipiers, termine huiti\u00e8me. Mention bien \u00e9galement \u00e0 Gildas LE PRIELLEC qui avait certainement les jambes pour figurer devant, mais qui a manqu\u00e9 de r\u00e9ussite : la bonne \u00e9chapp\u00e9e est partie \u00e0 la suite d&rsquo;un contre d&rsquo;une de ses acc\u00e9l\u00e9rations.<\/p>\n<div id=\"attachment_7090\" style=\"width: 310px\" class=\"wp-caption alignleft\"><a href=\"http:\/\/www.aclanester56.com\/velo\/wp-content\/uploads\/2011\/02\/Christophe-B-Yann-LB.jpg\" ><img loading=\"lazy\" decoding=\"async\" aria-describedby=\"caption-attachment-7090\" src=\"http:\/\/www.aclanester56.com\/velo\/wp-content\/uploads\/2011\/02\/Christophe-B-Yann-LB.jpg\" alt=\"\" title=\"Le Lanest\u00e9rien Yann LE BUREL \u00e9tait dans la bonne \u00e9chapp\u00e9e du jour (photo Julie LE PRIELLEC)\" width=\"300\" height=\"200\" class=\"size-full wp-image-7090\" srcset=\"https:\/\/www.aclanester56.com\/velo\/wp-content\/uploads\/2011\/02\/Christophe-B-Yann-LB.jpg 600w, https:\/\/www.aclanester56.com\/velo\/wp-content\/uploads\/2011\/02\/Christophe-B-Yann-LB-300x199.jpg 300w\" sizes=\"auto, (max-width: 300px) 100vw, 300px\" \/><\/a><p id=\"caption-attachment-7090\" class=\"wp-caption-text\">Le Lanest\u00e9rien Yann LE BUREL \u00e9tait dans la bonne \u00e9chapp\u00e9e du jour (photo Julie LE PRIELLEC)<\/p><\/div>\n<p style=\"text-align: justify;\">Nous remercions Julie LE PRIELLEC pour ses photos, qu&rsquo;elle vous fait partager dans notre galerie d&rsquo;images, accessible <a href=\"http:\/\/www.aclanester56.com\/velo\/medias\/photos\/?album=7&amp;gallery=59\" target=\"_blank\">en cliquant ici<\/a>.<\/p>\n<p><strong><span style=\"text-decoration: underline;\">R\u00e9sultats <\/span><\/strong>:<\/p>\n<p>1 &#8211; Maxime MENEZ (BIC 2000)<br \/>\n <span style=\"background-color: #ff6600;\"> 2\u00a0&#8211; Christophe BALANNEC (AC LANESTER 56)\u00a0<br \/>\n 3\u00a0&#8211; Anthony MIRA (AC LANESTER 56)<br \/>\n 4 &#8211; Maxime CORNIC (AC LANESTER 56) <\/span><br \/>\n 5\u00a0&#8211; Cyrille MASSE (LEUCEMIE ESPOIR QUIMPER)<br \/>\n 6\u00a0&#8211; Sylvain VASSEUR (AC ST BREVIN)<br \/>\n 7\u00a0&#8211; Anthony VIGNES (BIC 2000)<br \/>\n <span style=\"background-color: #ff6600;\"> 8 &#8211; Yann LE BUREL (AC LANESTER 56) <\/span><br \/>\n 9\u00a0&#8211; Neil CANEVET (LEUCEMIE ESPOIR QUIMPER)<br \/>\n 10 &#8211; Fran\u00e7ois MASSE (LEUCEMIE ESPOIR QUIMPER)<\/p>\n<p><br class=\"spacer_\" \/><\/p>\n<p><strong><span style=\"color: #ff6600;\">Camors : GUILLOU 4\u00e8me<\/span><\/strong><\/p>\n<p style=\"text-align: justify;\">D\u00e8s le premier tour, un groupe prend les devants avec notamment les Lanest\u00e9riens Vincent GUEGO et Mathieu GAULTIER, les Hennebontais Gwenael SIMON, David CHOPIN et Florian AUBERGER ou encore le junior languidicien Jordan LE GAL. Les deux coureurs de l&rsquo;AC LANESTER 56 \u00e9taient ensuite distanc\u00e9s et repris par un groupe de contre dans lequel figuraient leurs co\u00e9quipiers Kevin SADOUDI et Romain GUILLOU. Dans l&rsquo;avant-dernier tour,\u00a0AUBERGER\u00a0et\u00a0CHOPIN\u00a0\u00a0pla\u00e7aient une grosse acc\u00e9l\u00e9ration \u00e0 l&rsquo;avant et finissaient dans cet ordre. SIMON pr\u00e9servait la troisi\u00e8me place tandis que le jeune LE GAL se faisait reprendre par le groupe de contre o\u00f9 le Lanest\u00e9rien Romain GUILLOU se montrait le plus rapide.<\/p>\n<p><strong><span style=\"text-decoration: underline;\">R\u00e9sultats <\/span><\/strong>:<\/p>\n<p>1 &#8211; Florian AUBERGER (HENNEBONT CYCLISME)<br \/>\n 2\u00a0&#8211; David CHOPIN (HENNEBONT CYCLISME)<br \/>\n 3\u00a0&#8211; Gwenael SIMON (HENNEBONT CYCLISME)<br \/>\n <span style=\"background-color: #ff6600;\"> 4 &#8211; Romain GUILLOU (AC LANESTER 56) <\/span><br \/>\n 5 &#8211; J\u00e9r\u00e9my LORIC (HENNEBONT CYCLISME)<br \/>\n 6 &#8211;\u00a0Jordan\u00a0LE GAL (VC LANGUIDIC)<br \/>\n 7 &#8211; Romain PINOT (HENNEBONT CYCLISME)<br \/>\n 8 &#8211; Erwan GUIANVARCH (HENNEBONT CYCLISME)<br \/>\n 9 &#8211; Daniel KOGAN (UCL HENNEBONT)<br \/>\n <span style=\"background-color: #ff6600;\"> 10 &#8211; GAULTIER Matthieu (AC LANESTER 56)<br \/>\n 12 &#8211; Vincent GUEGO (AC LANESTER 56)<br \/>\n 15 &#8211; K\u00e9vin SADOUDI (AC LANESTER 56)<\/span><\/p>\n<p><br class=\"spacer_\" \/><\/p>\n<div id=\"attachment_7092\" style=\"width: 410px\" class=\"wp-caption alignright\"><a href=\"http:\/\/www.aclanester56.com\/velo\/wp-content\/uploads\/2011\/02\/Troph\u00e9e-de-lEssor-1-024.jpg\" ><img loading=\"lazy\" decoding=\"async\" aria-describedby=\"caption-attachment-7092\" src=\"http:\/\/www.aclanester56.com\/velo\/wp-content\/uploads\/2011\/02\/Troph\u00e9e-de-lEssor-1-024.jpg\" alt=\"\" title=\"Warren BARGUIL a pu trouver ce matin un terrain \u00e0 sa convenance (photo Guy DAGOT - www.sudgironde-cyclisme.net)\" width=\"400\" height=\"266\" class=\"size-full wp-image-7092\" srcset=\"https:\/\/www.aclanester56.com\/velo\/wp-content\/uploads\/2011\/02\/Troph\u00e9e-de-lEssor-1-024.jpg 800w, https:\/\/www.aclanester56.com\/velo\/wp-content\/uploads\/2011\/02\/Troph\u00e9e-de-lEssor-1-024-300x199.jpg 300w\" sizes=\"auto, (max-width: 400px) 100vw, 400px\" \/><\/a><p id=\"caption-attachment-7092\" class=\"wp-caption-text\">Warren BARGUIL a pu trouver ce matin un terrain \u00e0 sa convenance (photo Guy DAGOT - www.sudgironde-cyclisme.net)<\/p><\/div>\n<p><strong><span style=\"color: #ff6600;\">Troph\u00e9e de l&rsquo;Essor &#8211; Essor Basque<\/span><\/strong><\/p>\n<p>Apr\u00e8s la Route de l&rsquo;Atlantique hier, le Lanest\u00e9rien Warren BARGUIL participait aujourd&rsquo;hui le Troph\u00e9e de l&rsquo;Essor, toujours sous les couleurs de l&rsquo;\u00e9quipe de France espoirs, disput\u00e9e en deux demi-\u00e9tapes. Ce matin, une \u00e9tape tr\u00e8s difficile de 75 Km en La Bastide Clairence et Bardos. Warren a fait une petite incursion en t\u00eate \u00e0 moins de 20 Km de l&rsquo;arriv\u00e9e, avant d&rsquo;\u00eatre repris. L&rsquo;apr\u00e8s-midi, l&rsquo;\u00e9tape se d\u00e9roulait autour de La Bidache sur 82.5 Km.<\/p>\n<p><strong><span style=\"text-decoration: underline;\">R\u00e9sultats 1\u00e8re \u00e9tape (matin) :<\/span><\/strong><\/p>\n<p>1 Rudy MOLARD (CC ETUPES DOUBS MONTBELIARD) \u00a01h51m09<br \/>\n 2 Jean MESPOULEDE (CC MARMANDE 47) \u00a0 \u00a0 \u00a0 \u00a0 \u00a0 1h51m13<br \/>\n 3 Fabien SIDANER (BIC 2000) \u00a0 \u00a01h51m13<br \/>\n 4 Mickael QUEIROZ (GSC BLAGNAC) \u00a0 \u00a0 \u00a0 \u00a0 \u00a0 \u00a0 \u00a01h51m16<br \/>\n 5 Cyrille PATOUX (VC ROUEN 76) \u00a0 \u00a0 \u00a0 \u00a0 \u00a0 \u00a0 \u00a01h51m16<br \/>\n 6 Sylvain BLANQUEFORT (TOP 16) \u00a0 \u00a0 \u00a0 \u00a0 \u00a0 \u00a0 \u00a0 \u00a0 \u00a0 1h51m16<br \/>\n 7 Ceneric RACAULT (ST CYR TOURS 37)\u00a0 1h51m16<br \/>\n 8 Sylvain CHEVAL (BIC 2000) \u00a0 \u00a01h51m16<br \/>\n 9 Damien BRANAA (CD 64) \u00a0 \u00a0 \u00a0 \u00a0 \u00a0 \u00a01h51m31<br \/>\n 10 Arnaud DEMARE (EQUIPE DE FRANCE ESPOIR)\u00a0\u00a0 \u00a0 1h51m31<br \/>\n <span style=\"background-color: #ff6600;\">55 Warren BARGUIL (EQUIPE DE FRANCE ESPOIR)\u00a0\u00a0 \u00a0 1h52m21<\/span><\/p>\n<p><strong><span style=\"text-decoration: underline;\">R\u00e9sultats 2\u00e8me \u00e9tape (apr\u00e8s-midi) :<\/span><\/strong><\/p>\n<p>1 KennyELISSONDE (CC ETUPES DOUBS MONTBEL) \u00a0 \u00a02h00m13<br \/>\n 2 Sylvain BLANQUEFORT (TOP 16) \u00a0 \u00a0 \u00a0 \u00a0 \u00a0 \u00a0 \u00a0 \u00a0 \u00a0 \u00a02h00m13<br \/>\n 3 Etienne TORTELIER (SOJASUN ESPOIR ACNC) \u00a0 \u00a0 \u00a0 \u00a02h00m13<br \/>\n 4 Rudy MOLARD (CC ETUPES DOUBS MONTBELIARD) \u00a0 \u00a02h00m13<br \/>\n 5 Cyrille PATOUX (VC ROUEN 76) \u00a0 \u00a0 \u00a0 \u00a0 \u00a0 \u00a0 \u00a0 \u00a02h00m13<br \/>\n 6 Boris ZIMINE (EQUIPE DE FRANCE ESPOIR) \u00a0 \u00a0 \u00a0 2h00m13<br \/>\n 7 Jon GARATE BADIOLA (BIDELAN KIROLGI) \u00a0 \u00a0 \u00a0 \u00a0 \u00a0 \u00a02h00m13<br \/>\n 8 Mickael QUEIROZ (GSC BLAGNAC) \u00a0 \u00a0 \u00a0 \u00a0 \u00a0 \u00a0 \u00a0 \u00a02h00m13<br \/>\n 9 Meven LEBRETON (GUIDON CHALETTOIS) \u00a0 \u00a0 \u00a0 \u00a0 \u00a02h00m13<br \/>\n 10 Sylvain CHEVAL (BIC 2000) \u00a0 \u00a0 \u00a02h00m13<br \/>\n <span style=\"background-color: #ff6600;\"> 34 Warren BARGUIL (EQUIPE DE FRANCE ESPOIR) \u00a0 \u00a0 \u00a0 2h00m46<\/span><\/p>\n<div id=\"attachment_7094\" style=\"width: 410px\" class=\"wp-caption alignright\"><a href=\"http:\/\/www.aclanester56.com\/velo\/wp-content\/uploads\/2011\/02\/Troph\u00e9e-de-lEssor-1-057.jpg\" ><img loading=\"lazy\" decoding=\"async\" aria-describedby=\"caption-attachment-7094\" src=\"http:\/\/www.aclanester56.com\/velo\/wp-content\/uploads\/2011\/02\/Troph\u00e9e-de-lEssor-1-057.jpg\" alt=\"\" title=\"Warren, ici compl\u00e8tement \u00e0 gauche, participe jusqu&#039;au 25 f\u00e9vrier \u00e0 un stage avec l&#039;\u00e9quipe de France espoirs (photo Guy DAGOT - www.sudgironde-cyclisme.net)\" width=\"400\" height=\"266\" class=\"size-full wp-image-7094\" srcset=\"https:\/\/www.aclanester56.com\/velo\/wp-content\/uploads\/2011\/02\/Troph\u00e9e-de-lEssor-1-057.jpg 800w, https:\/\/www.aclanester56.com\/velo\/wp-content\/uploads\/2011\/02\/Troph\u00e9e-de-lEssor-1-057-300x199.jpg 300w\" sizes=\"auto, (max-width: 400px) 100vw, 400px\" \/><\/a><p id=\"caption-attachment-7094\" class=\"wp-caption-text\">Warren, ici compl\u00e8tement \u00e0 gauche, participe jusqu'au 25 f\u00e9vrier \u00e0 un stage avec l'\u00e9quipe de France espoirs (photo Guy DAGOT - www.sudgironde-cyclisme.net)<\/p><\/div>\n<p><strong><span style=\"text-decoration: underline;\">Classement g\u00e9n\u00e9ral final :<\/span><\/strong><\/p>\n<p>1 Rudy MOLARD (CC ETUPES DOUBS MONTBELIARD) \u00a0 \u00a03h51m22<br \/>\n 2 Jean MESPOULEDE (CC MARMANDE 47) \u00a0 \u00a0 \u00a0 \u00a0 \u00a0 \u00a0 3h51m26<br \/>\n 3 Sylvain BLANQUEFORT (TOP 16) \u00a0 \u00a0 \u00a0 \u00a0 \u00a0 \u00a0 \u00a0 \u00a0 \u00a0 \u00a0 3h51m29<br \/>\n 4 Cyrille PATOUX (VC ROUEN 76) \u00a0 \u00a0 \u00a0 \u00a0 \u00a0 \u00a0 \u00a0 \u00a03h51m29<br \/>\n 5 Mickael QUEIROZ (GSC BLAGNAC) \u00a0 \u00a0 \u00a0 \u00a0 \u00a0 \u00a0 \u00a0 \u00a03h51m29<br \/>\n 6 Sylvain CHEVAL (BIC 2000) \u00a0 \u00a0 \u00a03h51m29<br \/>\n 7 Ceneric RACAULT (ST CYR TOURS 37 )3h51m29<br \/>\n 8 Anthony TEVENOT (GUIDON CHALETTOIS) \u00a0 \u00a0 \u00a0 \u00a0 \u00a03h51m44<br \/>\n 9 \u00a0Damien BRANAA (CD 64) \u00a0 \u00a0 \u00a0 \u00a0 \u00a0 \u00a0 \u00a03h51m44<br \/>\n 10 Jon GARATE BADIOLA (BIDELAN KIROLGI) \u00a0 \u00a0 \u00a0 \u00a0 \u00a0 \u00a03h51m44<br \/>\n <span style=\"background-color: #ff6600;\">33 Warren BARGUIL (EQUIPE DE FRANCE ESPOIR)\u00a0\u00a0 \u00a0 \u00a0 3h53m07<\/span><\/p>\n<p><br class=\"spacer_\" \/><\/p>\n<p><br class=\"spacer_\" \/><\/p>\n","protected":false},"excerpt":{"rendered":"<p>Une partie des Lanest\u00e9riens avaient opt\u00e9 pour une participation \u00e0 l&rsquo;interclub de Mellac (principalement ceux originaires du Finist\u00e8re), l&rsquo;autre partie [&hellip;]<\/p>\n","protected":false},"author":14,"featured_media":7081,"comment_status":"open","ping_status":"closed","sticky":false,"template":"","format":"standard","meta":{"ngg_post_thumbnail":0,"footnotes":""},"categories":[5,14,16,19,17],"tags":[],"class_list":["post-7080","post","type-post","status-publish","format-standard","has-post-thumbnail","hentry","category-ac-lanester-56","category-actualites-dn","category-resultats","category-resultats-2eme-categorie","category-resultats-dn"],"yoast_head":"<!-- This site is optimized with the Yoast SEO plugin v27.5 - https:\/\/yoast.com\/product\/yoast-seo-wordpress\/ -->\n<title>R\u00e9sultats des interclubs de Mellac et Camors - Avenir Cycliste Lanester 56<\/title>\n<meta name=\"robots\" content=\"index, follow, max-snippet:-1, max-image-preview:large, max-video-preview:-1\" \/>\n<link rel=\"canonical\" href=\"https:\/\/www.aclanester56.com\/velo\/resultats-des-interclubs-de-mellac-et-camors\/\" \/>\n<meta property=\"og:locale\" content=\"fr_FR\" \/>\n<meta property=\"og:type\" content=\"article\" \/>\n<meta property=\"og:title\" content=\"R\u00e9sultats des interclubs de Mellac et Camors - Avenir Cycliste Lanester 56\" \/>\n<meta property=\"og:description\" content=\"Une partie des Lanest\u00e9riens avaient opt\u00e9 pour une participation \u00e0 l&rsquo;interclub de Mellac (principalement ceux originaires du Finist\u00e8re), l&rsquo;autre partie [&hellip;]\" \/>\n<meta property=\"og:url\" content=\"https:\/\/www.aclanester56.com\/velo\/resultats-des-interclubs-de-mellac-et-camors\/\" \/>\n<meta property=\"og:site_name\" content=\"Avenir Cycliste Lanester 56\" \/>\n<meta property=\"article:publisher\" content=\"https:\/\/www.facebook.com\/pages\/AC-Lanester-56\/190286300991242?fref=ts\" \/>\n<meta property=\"article:published_time\" content=\"2011-02-20T21:16:49+00:00\" \/>\n<meta property=\"article:modified_time\" content=\"2011-02-22T14:03:00+00:00\" \/>\n<meta property=\"og:image\" content=\"https:\/\/www.aclanester56.com\/velo\/wp-content\/uploads\/2011\/02\/Christophe-B-Maxime-C-Anthony-M.jpg\" \/>\n\t<meta property=\"og:image:width\" content=\"600\" \/>\n\t<meta property=\"og:image:height\" content=\"399\" \/>\n\t<meta property=\"og:image:type\" content=\"image\/jpeg\" \/>\n<meta name=\"author\" content=\"Jean-Christophe\" \/>\n<meta name=\"twitter:label1\" content=\"\u00c9crit par\" \/>\n\t<meta name=\"twitter:data1\" content=\"Jean-Christophe\" \/>\n\t<meta name=\"twitter:label2\" content=\"Dur\u00e9e de lecture estim\u00e9e\" \/>\n\t<meta name=\"twitter:data2\" content=\"5 minutes\" \/>\n<script type=\"application\/ld+json\" class=\"yoast-schema-graph\">{\"@context\":\"https:\\\/\\\/schema.org\",\"@graph\":[{\"@type\":\"Article\",\"@id\":\"https:\\\/\\\/www.aclanester56.com\\\/velo\\\/resultats-des-interclubs-de-mellac-et-camors\\\/#article\",\"isPartOf\":{\"@id\":\"https:\\\/\\\/www.aclanester56.com\\\/velo\\\/resultats-des-interclubs-de-mellac-et-camors\\\/\"},\"author\":{\"name\":\"Jean-Christophe\",\"@id\":\"https:\\\/\\\/www.aclanester56.com\\\/velo\\\/#\\\/schema\\\/person\\\/ca2a44a5fd969e9dd846c72d3b33bc01\"},\"headline\":\"R\u00e9sultats des interclubs de Mellac et Camors\",\"datePublished\":\"2011-02-20T21:16:49+00:00\",\"dateModified\":\"2011-02-22T14:03:00+00:00\",\"mainEntityOfPage\":{\"@id\":\"https:\\\/\\\/www.aclanester56.com\\\/velo\\\/resultats-des-interclubs-de-mellac-et-camors\\\/\"},\"wordCount\":1041,\"commentCount\":0,\"publisher\":{\"@id\":\"https:\\\/\\\/www.aclanester56.com\\\/velo\\\/#organization\"},\"image\":{\"@id\":\"https:\\\/\\\/www.aclanester56.com\\\/velo\\\/resultats-des-interclubs-de-mellac-et-camors\\\/#primaryimage\"},\"thumbnailUrl\":\"https:\\\/\\\/www.aclanester56.com\\\/velo\\\/wp-content\\\/uploads\\\/2011\\\/02\\\/Christophe-B-Maxime-C-Anthony-M.jpg\",\"articleSection\":[\"AC LANESTER 56\",\"Actualit\u00e9s DN\",\"R\u00e9sultats\",\"R\u00e9sultats 2eme cat\u00e9gorie\",\"R\u00e9sultats DN\"],\"inLanguage\":\"fr-FR\",\"potentialAction\":[{\"@type\":\"CommentAction\",\"name\":\"Comment\",\"target\":[\"https:\\\/\\\/www.aclanester56.com\\\/velo\\\/resultats-des-interclubs-de-mellac-et-camors\\\/#respond\"]}]},{\"@type\":\"WebPage\",\"@id\":\"https:\\\/\\\/www.aclanester56.com\\\/velo\\\/resultats-des-interclubs-de-mellac-et-camors\\\/\",\"url\":\"https:\\\/\\\/www.aclanester56.com\\\/velo\\\/resultats-des-interclubs-de-mellac-et-camors\\\/\",\"name\":\"R\u00e9sultats des interclubs de Mellac et Camors - Avenir Cycliste Lanester 56\",\"isPartOf\":{\"@id\":\"https:\\\/\\\/www.aclanester56.com\\\/velo\\\/#website\"},\"primaryImageOfPage\":{\"@id\":\"https:\\\/\\\/www.aclanester56.com\\\/velo\\\/resultats-des-interclubs-de-mellac-et-camors\\\/#primaryimage\"},\"image\":{\"@id\":\"https:\\\/\\\/www.aclanester56.com\\\/velo\\\/resultats-des-interclubs-de-mellac-et-camors\\\/#primaryimage\"},\"thumbnailUrl\":\"https:\\\/\\\/www.aclanester56.com\\\/velo\\\/wp-content\\\/uploads\\\/2011\\\/02\\\/Christophe-B-Maxime-C-Anthony-M.jpg\",\"datePublished\":\"2011-02-20T21:16:49+00:00\",\"dateModified\":\"2011-02-22T14:03:00+00:00\",\"inLanguage\":\"fr-FR\",\"potentialAction\":[{\"@type\":\"ReadAction\",\"target\":[\"https:\\\/\\\/www.aclanester56.com\\\/velo\\\/resultats-des-interclubs-de-mellac-et-camors\\\/\"]}]},{\"@type\":\"ImageObject\",\"inLanguage\":\"fr-FR\",\"@id\":\"https:\\\/\\\/www.aclanester56.com\\\/velo\\\/resultats-des-interclubs-de-mellac-et-camors\\\/#primaryimage\",\"url\":\"https:\\\/\\\/www.aclanester56.com\\\/velo\\\/wp-content\\\/uploads\\\/2011\\\/02\\\/Christophe-B-Maxime-C-Anthony-M.jpg\",\"contentUrl\":\"https:\\\/\\\/www.aclanester56.com\\\/velo\\\/wp-content\\\/uploads\\\/2011\\\/02\\\/Christophe-B-Maxime-C-Anthony-M.jpg\",\"width\":600,\"height\":399,\"caption\":\"A Mellac, malgr\u00e9 une belle course d'\u00e9quipe, les Lanest\u00e9riens ont d\u00fb s'incliner face au Finist\u00e9rien Maxime MENEZ.\"},{\"@type\":\"WebSite\",\"@id\":\"https:\\\/\\\/www.aclanester56.com\\\/velo\\\/#website\",\"url\":\"https:\\\/\\\/www.aclanester56.com\\\/velo\\\/\",\"name\":\"Avenir Cycliste Lanester 56\",\"description\":\"Club cycliste de l&#039;AC LANESTER 56\",\"publisher\":{\"@id\":\"https:\\\/\\\/www.aclanester56.com\\\/velo\\\/#organization\"},\"potentialAction\":[{\"@type\":\"SearchAction\",\"target\":{\"@type\":\"EntryPoint\",\"urlTemplate\":\"https:\\\/\\\/www.aclanester56.com\\\/velo\\\/?s={search_term_string}\"},\"query-input\":{\"@type\":\"PropertyValueSpecification\",\"valueRequired\":true,\"valueName\":\"search_term_string\"}}],\"inLanguage\":\"fr-FR\"},{\"@type\":\"Organization\",\"@id\":\"https:\\\/\\\/www.aclanester56.com\\\/velo\\\/#organization\",\"name\":\"Avenir Cycliste Lanester 56\",\"url\":\"https:\\\/\\\/www.aclanester56.com\\\/velo\\\/\",\"logo\":{\"@type\":\"ImageObject\",\"inLanguage\":\"fr-FR\",\"@id\":\"https:\\\/\\\/www.aclanester56.com\\\/velo\\\/#\\\/schema\\\/logo\\\/image\\\/\",\"url\":\"https:\\\/\\\/www.aclanester56.com\\\/velo\\\/wp-content\\\/uploads\\\/2013\\\/04\\\/logo-ACL.jpg\",\"contentUrl\":\"https:\\\/\\\/www.aclanester56.com\\\/velo\\\/wp-content\\\/uploads\\\/2013\\\/04\\\/logo-ACL.jpg\",\"width\":400,\"height\":334,\"caption\":\"Avenir Cycliste Lanester 56\"},\"image\":{\"@id\":\"https:\\\/\\\/www.aclanester56.com\\\/velo\\\/#\\\/schema\\\/logo\\\/image\\\/\"},\"sameAs\":[\"https:\\\/\\\/www.facebook.com\\\/pages\\\/AC-Lanester-56\\\/190286300991242?fref=ts\"]},{\"@type\":\"Person\",\"@id\":\"https:\\\/\\\/www.aclanester56.com\\\/velo\\\/#\\\/schema\\\/person\\\/ca2a44a5fd969e9dd846c72d3b33bc01\",\"name\":\"Jean-Christophe\",\"url\":\"https:\\\/\\\/www.aclanester56.com\\\/velo\\\/author\\\/jeanchristophe\\\/\"}]}<\/script>\n<!-- \/ Yoast SEO plugin. -->","yoast_head_json":{"title":"R\u00e9sultats des interclubs de Mellac et Camors - Avenir Cycliste Lanester 56","robots":{"index":"index","follow":"follow","max-snippet":"max-snippet:-1","max-image-preview":"max-image-preview:large","max-video-preview":"max-video-preview:-1"},"canonical":"https:\/\/www.aclanester56.com\/velo\/resultats-des-interclubs-de-mellac-et-camors\/","og_locale":"fr_FR","og_type":"article","og_title":"R\u00e9sultats des interclubs de Mellac et Camors - Avenir Cycliste Lanester 56","og_description":"Une partie des Lanest\u00e9riens avaient opt\u00e9 pour une participation \u00e0 l&rsquo;interclub de Mellac (principalement ceux originaires du Finist\u00e8re), l&rsquo;autre partie [&hellip;]","og_url":"https:\/\/www.aclanester56.com\/velo\/resultats-des-interclubs-de-mellac-et-camors\/","og_site_name":"Avenir Cycliste Lanester 56","article_publisher":"https:\/\/www.facebook.com\/pages\/AC-Lanester-56\/190286300991242?fref=ts","article_published_time":"2011-02-20T21:16:49+00:00","article_modified_time":"2011-02-22T14:03:00+00:00","og_image":[{"width":600,"height":399,"url":"https:\/\/www.aclanester56.com\/velo\/wp-content\/uploads\/2011\/02\/Christophe-B-Maxime-C-Anthony-M.jpg","type":"image\/jpeg"}],"author":"Jean-Christophe","twitter_misc":{"\u00c9crit par":"Jean-Christophe","Dur\u00e9e de lecture estim\u00e9e":"5 minutes"},"schema":{"@context":"https:\/\/schema.org","@graph":[{"@type":"Article","@id":"https:\/\/www.aclanester56.com\/velo\/resultats-des-interclubs-de-mellac-et-camors\/#article","isPartOf":{"@id":"https:\/\/www.aclanester56.com\/velo\/resultats-des-interclubs-de-mellac-et-camors\/"},"author":{"name":"Jean-Christophe","@id":"https:\/\/www.aclanester56.com\/velo\/#\/schema\/person\/ca2a44a5fd969e9dd846c72d3b33bc01"},"headline":"R\u00e9sultats des interclubs de Mellac et Camors","datePublished":"2011-02-20T21:16:49+00:00","dateModified":"2011-02-22T14:03:00+00:00","mainEntityOfPage":{"@id":"https:\/\/www.aclanester56.com\/velo\/resultats-des-interclubs-de-mellac-et-camors\/"},"wordCount":1041,"commentCount":0,"publisher":{"@id":"https:\/\/www.aclanester56.com\/velo\/#organization"},"image":{"@id":"https:\/\/www.aclanester56.com\/velo\/resultats-des-interclubs-de-mellac-et-camors\/#primaryimage"},"thumbnailUrl":"https:\/\/www.aclanester56.com\/velo\/wp-content\/uploads\/2011\/02\/Christophe-B-Maxime-C-Anthony-M.jpg","articleSection":["AC LANESTER 56","Actualit\u00e9s DN","R\u00e9sultats","R\u00e9sultats 2eme cat\u00e9gorie","R\u00e9sultats DN"],"inLanguage":"fr-FR","potentialAction":[{"@type":"CommentAction","name":"Comment","target":["https:\/\/www.aclanester56.com\/velo\/resultats-des-interclubs-de-mellac-et-camors\/#respond"]}]},{"@type":"WebPage","@id":"https:\/\/www.aclanester56.com\/velo\/resultats-des-interclubs-de-mellac-et-camors\/","url":"https:\/\/www.aclanester56.com\/velo\/resultats-des-interclubs-de-mellac-et-camors\/","name":"R\u00e9sultats des interclubs de Mellac et Camors - Avenir Cycliste Lanester 56","isPartOf":{"@id":"https:\/\/www.aclanester56.com\/velo\/#website"},"primaryImageOfPage":{"@id":"https:\/\/www.aclanester56.com\/velo\/resultats-des-interclubs-de-mellac-et-camors\/#primaryimage"},"image":{"@id":"https:\/\/www.aclanester56.com\/velo\/resultats-des-interclubs-de-mellac-et-camors\/#primaryimage"},"thumbnailUrl":"https:\/\/www.aclanester56.com\/velo\/wp-content\/uploads\/2011\/02\/Christophe-B-Maxime-C-Anthony-M.jpg","datePublished":"2011-02-20T21:16:49+00:00","dateModified":"2011-02-22T14:03:00+00:00","inLanguage":"fr-FR","potentialAction":[{"@type":"ReadAction","target":["https:\/\/www.aclanester56.com\/velo\/resultats-des-interclubs-de-mellac-et-camors\/"]}]},{"@type":"ImageObject","inLanguage":"fr-FR","@id":"https:\/\/www.aclanester56.com\/velo\/resultats-des-interclubs-de-mellac-et-camors\/#primaryimage","url":"https:\/\/www.aclanester56.com\/velo\/wp-content\/uploads\/2011\/02\/Christophe-B-Maxime-C-Anthony-M.jpg","contentUrl":"https:\/\/www.aclanester56.com\/velo\/wp-content\/uploads\/2011\/02\/Christophe-B-Maxime-C-Anthony-M.jpg","width":600,"height":399,"caption":"A Mellac, malgr\u00e9 une belle course d'\u00e9quipe, les Lanest\u00e9riens ont d\u00fb s'incliner face au Finist\u00e9rien Maxime MENEZ."},{"@type":"WebSite","@id":"https:\/\/www.aclanester56.com\/velo\/#website","url":"https:\/\/www.aclanester56.com\/velo\/","name":"Avenir Cycliste Lanester 56","description":"Club cycliste de l&#039;AC LANESTER 56","publisher":{"@id":"https:\/\/www.aclanester56.com\/velo\/#organization"},"potentialAction":[{"@type":"SearchAction","target":{"@type":"EntryPoint","urlTemplate":"https:\/\/www.aclanester56.com\/velo\/?s={search_term_string}"},"query-input":{"@type":"PropertyValueSpecification","valueRequired":true,"valueName":"search_term_string"}}],"inLanguage":"fr-FR"},{"@type":"Organization","@id":"https:\/\/www.aclanester56.com\/velo\/#organization","name":"Avenir Cycliste Lanester 56","url":"https:\/\/www.aclanester56.com\/velo\/","logo":{"@type":"ImageObject","inLanguage":"fr-FR","@id":"https:\/\/www.aclanester56.com\/velo\/#\/schema\/logo\/image\/","url":"https:\/\/www.aclanester56.com\/velo\/wp-content\/uploads\/2013\/04\/logo-ACL.jpg","contentUrl":"https:\/\/www.aclanester56.com\/velo\/wp-content\/uploads\/2013\/04\/logo-ACL.jpg","width":400,"height":334,"caption":"Avenir Cycliste Lanester 56"},"image":{"@id":"https:\/\/www.aclanester56.com\/velo\/#\/schema\/logo\/image\/"},"sameAs":["https:\/\/www.facebook.com\/pages\/AC-Lanester-56\/190286300991242?fref=ts"]},{"@type":"Person","@id":"https:\/\/www.aclanester56.com\/velo\/#\/schema\/person\/ca2a44a5fd969e9dd846c72d3b33bc01","name":"Jean-Christophe","url":"https:\/\/www.aclanester56.com\/velo\/author\/jeanchristophe\/"}]}},"_links":{"self":[{"href":"https:\/\/www.aclanester56.com\/velo\/wp-json\/wp\/v2\/posts\/7080","targetHints":{"allow":["GET"]}}],"collection":[{"href":"https:\/\/www.aclanester56.com\/velo\/wp-json\/wp\/v2\/posts"}],"about":[{"href":"https:\/\/www.aclanester56.com\/velo\/wp-json\/wp\/v2\/types\/post"}],"author":[{"embeddable":true,"href":"https:\/\/www.aclanester56.com\/velo\/wp-json\/wp\/v2\/users\/14"}],"replies":[{"embeddable":true,"href":"https:\/\/www.aclanester56.com\/velo\/wp-json\/wp\/v2\/comments?post=7080"}],"version-history":[{"count":0,"href":"https:\/\/www.aclanester56.com\/velo\/wp-json\/wp\/v2\/posts\/7080\/revisions"}],"wp:featuredmedia":[{"embeddable":true,"href":"https:\/\/www.aclanester56.com\/velo\/wp-json\/wp\/v2\/media\/7081"}],"wp:attachment":[{"href":"https:\/\/www.aclanester56.com\/velo\/wp-json\/wp\/v2\/media?parent=7080"}],"wp:term":[{"taxonomy":"category","embeddable":true,"href":"https:\/\/www.aclanester56.com\/velo\/wp-json\/wp\/v2\/categories?post=7080"},{"taxonomy":"post_tag","embeddable":true,"href":"https:\/\/www.aclanester56.com\/velo\/wp-json\/wp\/v2\/tags?post=7080"}],"curies":[{"name":"wp","href":"https:\/\/api.w.org\/{rel}","templated":true}]}}