{"id":7148,"date":"2011-02-22T10:47:22","date_gmt":"2011-02-22T09:47:22","guid":{"rendered":"http:\/\/www.aclanester56.com\/velo\/?p=7148"},"modified":"2011-02-23T15:34:17","modified_gmt":"2011-02-23T14:34:17","slug":"le-gouter-de-lecole-de-cyclisme","status":"publish","type":"post","link":"https:\/\/www.aclanester56.com\/velo\/le-gouter-de-lecole-de-cyclisme\/","title":{"rendered":"Les go\u00fbters de l\u2019Ecole de Cyclisme !"},"content":{"rendered":"<div id=\"attachment_7188\" style=\"width: 370px\" class=\"wp-caption alignleft\"><a href=\"http:\/\/www.aclanester56.com\/velo\/wp-content\/uploads\/2011\/02\/19-02-2011.jpg\"><img loading=\"lazy\" decoding=\"async\" aria-describedby=\"caption-attachment-7188\" class=\"size-full wp-image-7188\" title=\"Petite photo de groupe \u00e0 l'issue de l'entrainement samedi dernier sur l'anneau G\u00e9rard Le Maguer de Lanester, avant le fameux go\u00fbter !\" src=\"http:\/\/www.aclanester56.com\/velo\/wp-content\/uploads\/2011\/02\/19-02-2011.jpg\" alt=\"\" width=\"360\" height=\"270\" srcset=\"https:\/\/www.aclanester56.com\/velo\/wp-content\/uploads\/2011\/02\/19-02-2011.jpg 720w, https:\/\/www.aclanester56.com\/velo\/wp-content\/uploads\/2011\/02\/19-02-2011-300x225.jpg 300w\" sizes=\"auto, (max-width: 360px) 100vw, 360px\" \/><\/a><p id=\"caption-attachment-7188\" class=\"wp-caption-text\">Petite photo de groupe \u00e0 l&#39;issue de l&#39;entrainement samedi dernier sur l&#39;anneau G\u00e9rard Le Maguer de Lanester, avant le fameux go\u00fbter !<\/p><\/div>\n<p style=\"text-align: justify;\">Apr\u00e8s chaque entrainement sur l&rsquo;anneau G\u00e9rard LE MAGUER, les jeunes Lanest\u00e9riens ont droit \u00e0 une petite surprise &#8230;<\/p>\n<p><br class=\"spacer_\" \/><\/p>\n<p><!--more--><\/p>\n<p><br class=\"spacer_\" \/><\/p>\n<p style=\"text-align: justify;\">&#8230; un d\u00e9licieux go\u00fbter g\u00e9n\u00e9reusement pr\u00e9par\u00e9 par Ida !<\/p>\n<p style=\"text-align: justify;\">Au menu, jus de fruit et chocolat chaud pour les coureurs &#8230;<\/p>\n<p style=\"text-align: justify;\">&#8230; et pour les parents,\u00a0champagne (consomm\u00e9 avec mod\u00e9ration bien entendu !) exceptionnellement\u00a0pour f\u00eater un anniversaire !<\/p>\n<p><br class=\"spacer_\" \/><\/p>\n<div id=\"attachment_7150\" style=\"width: 310px\" class=\"wp-caption alignleft\"><a href=\"http:\/\/www.aclanester56.com\/velo\/wp-content\/uploads\/2011\/02\/19.02.2011-062-800x600.jpg\"><img loading=\"lazy\" decoding=\"async\" aria-describedby=\"caption-attachment-7150\" class=\"size-large wp-image-7150\" title=\"le gouter\" src=\"http:\/\/www.aclanester56.com\/velo\/wp-content\/uploads\/2011\/02\/19.02.2011-062-800x600.jpg\" alt=\"\" width=\"300\" height=\"225\" srcset=\"https:\/\/www.aclanester56.com\/velo\/wp-content\/uploads\/2011\/02\/19.02.2011-062-800x600.jpg 800w, https:\/\/www.aclanester56.com\/velo\/wp-content\/uploads\/2011\/02\/19.02.2011-062-300x225.jpg 300w, https:\/\/www.aclanester56.com\/velo\/wp-content\/uploads\/2011\/02\/19.02.2011-062.jpg 1600w\" sizes=\"auto, (max-width: 300px) 100vw, 300px\" \/><\/a><p id=\"caption-attachment-7150\" class=\"wp-caption-text\">Ida sert le chocolat chaud<\/p><\/div>\n<div id=\"attachment_7153\" style=\"width: 310px\" class=\"wp-caption alignright\"><a href=\"http:\/\/www.aclanester56.com\/velo\/wp-content\/uploads\/2011\/02\/19.02.2011-066-800x600.jpg\"><img loading=\"lazy\" decoding=\"async\" aria-describedby=\"caption-attachment-7153\" class=\"size-large wp-image-7153\" title=\"19.02.2011-066\" src=\"http:\/\/www.aclanester56.com\/velo\/wp-content\/uploads\/2011\/02\/19.02.2011-066-800x600.jpg\" alt=\"\" width=\"300\" height=\"225\" srcset=\"https:\/\/www.aclanester56.com\/velo\/wp-content\/uploads\/2011\/02\/19.02.2011-066-800x600.jpg 800w, https:\/\/www.aclanester56.com\/velo\/wp-content\/uploads\/2011\/02\/19.02.2011-066-300x225.jpg 300w, https:\/\/www.aclanester56.com\/velo\/wp-content\/uploads\/2011\/02\/19.02.2011-066.jpg 1600w\" sizes=\"auto, (max-width: 300px) 100vw, 300px\" \/><\/a><p id=\"caption-attachment-7153\" class=\"wp-caption-text\">Parents et enfants sont heureux de partager ensemble ce moment de convivialit\u00e9 !<\/p><\/div>\n<p><br class=\"spacer_\" \/><\/p>\n<p><br class=\"spacer_\" \/><\/p>\n","protected":false},"excerpt":{"rendered":"<p>Apr\u00e8s chaque entrainement sur l&rsquo;anneau G\u00e9rard LE MAGUER, les jeunes Lanest\u00e9riens ont droit \u00e0 une petite surprise &#8230;<\/p>\n","protected":false},"author":14,"featured_media":7188,"comment_status":"open","ping_status":"closed","sticky":false,"template":"","format":"standard","meta":{"ngg_post_thumbnail":0,"footnotes":""},"categories":[5,24],"tags":[],"class_list":["post-7148","post","type-post","status-publish","format-standard","has-post-thumbnail","hentry","category-ac-lanester-56","category-resultats-ecole-de-cyclisme"],"yoast_head":"<!-- This site is optimized with the Yoast SEO plugin v27.5 - https:\/\/yoast.com\/product\/yoast-seo-wordpress\/ -->\n<title>Les go\u00fbters de l\u2019Ecole de Cyclisme ! - Avenir Cycliste Lanester 56<\/title>\n<meta name=\"robots\" content=\"index, follow, max-snippet:-1, max-image-preview:large, max-video-preview:-1\" \/>\n<link rel=\"canonical\" href=\"https:\/\/www.aclanester56.com\/velo\/le-gouter-de-lecole-de-cyclisme\/\" \/>\n<meta property=\"og:locale\" content=\"fr_FR\" \/>\n<meta property=\"og:type\" content=\"article\" \/>\n<meta property=\"og:title\" content=\"Les go\u00fbters de l\u2019Ecole de Cyclisme ! - Avenir Cycliste Lanester 56\" \/>\n<meta property=\"og:description\" content=\"Apr\u00e8s chaque entrainement sur l&rsquo;anneau G\u00e9rard LE MAGUER, les jeunes Lanest\u00e9riens ont droit \u00e0 une petite surprise &#8230;\" \/>\n<meta property=\"og:url\" content=\"https:\/\/www.aclanester56.com\/velo\/le-gouter-de-lecole-de-cyclisme\/\" \/>\n<meta property=\"og:site_name\" content=\"Avenir Cycliste Lanester 56\" \/>\n<meta property=\"article:publisher\" content=\"https:\/\/www.facebook.com\/pages\/AC-Lanester-56\/190286300991242?fref=ts\" \/>\n<meta property=\"article:published_time\" content=\"2011-02-22T09:47:22+00:00\" \/>\n<meta property=\"article:modified_time\" content=\"2011-02-23T14:34:17+00:00\" \/>\n<meta property=\"og:image\" content=\"https:\/\/www.aclanester56.com\/velo\/wp-content\/uploads\/2011\/02\/19-02-2011.jpg\" \/>\n\t<meta property=\"og:image:width\" content=\"720\" \/>\n\t<meta property=\"og:image:height\" content=\"540\" \/>\n\t<meta property=\"og:image:type\" content=\"image\/jpeg\" \/>\n<meta name=\"author\" content=\"Jean-Christophe\" \/>\n<meta name=\"twitter:label1\" content=\"\u00c9crit par\" \/>\n\t<meta name=\"twitter:data1\" content=\"Jean-Christophe\" \/>\n\t<meta name=\"twitter:label2\" content=\"Dur\u00e9e de lecture estim\u00e9e\" \/>\n\t<meta name=\"twitter:data2\" content=\"1 minute\" \/>\n<script type=\"application\/ld+json\" class=\"yoast-schema-graph\">{\"@context\":\"https:\\\/\\\/schema.org\",\"@graph\":[{\"@type\":\"Article\",\"@id\":\"https:\\\/\\\/www.aclanester56.com\\\/velo\\\/le-gouter-de-lecole-de-cyclisme\\\/#article\",\"isPartOf\":{\"@id\":\"https:\\\/\\\/www.aclanester56.com\\\/velo\\\/le-gouter-de-lecole-de-cyclisme\\\/\"},\"author\":{\"name\":\"Jean-Christophe\",\"@id\":\"https:\\\/\\\/www.aclanester56.com\\\/velo\\\/#\\\/schema\\\/person\\\/ca2a44a5fd969e9dd846c72d3b33bc01\"},\"headline\":\"Les go\u00fbters de l\u2019Ecole de Cyclisme !\",\"datePublished\":\"2011-02-22T09:47:22+00:00\",\"dateModified\":\"2011-02-23T14:34:17+00:00\",\"mainEntityOfPage\":{\"@id\":\"https:\\\/\\\/www.aclanester56.com\\\/velo\\\/le-gouter-de-lecole-de-cyclisme\\\/\"},\"wordCount\":133,\"commentCount\":0,\"publisher\":{\"@id\":\"https:\\\/\\\/www.aclanester56.com\\\/velo\\\/#organization\"},\"image\":{\"@id\":\"https:\\\/\\\/www.aclanester56.com\\\/velo\\\/le-gouter-de-lecole-de-cyclisme\\\/#primaryimage\"},\"thumbnailUrl\":\"https:\\\/\\\/www.aclanester56.com\\\/velo\\\/wp-content\\\/uploads\\\/2011\\\/02\\\/19-02-2011.jpg\",\"articleSection\":[\"AC LANESTER 56\",\"R\u00e9sultats Ecole de cyclisme\"],\"inLanguage\":\"fr-FR\",\"potentialAction\":[{\"@type\":\"CommentAction\",\"name\":\"Comment\",\"target\":[\"https:\\\/\\\/www.aclanester56.com\\\/velo\\\/le-gouter-de-lecole-de-cyclisme\\\/#respond\"]}]},{\"@type\":\"WebPage\",\"@id\":\"https:\\\/\\\/www.aclanester56.com\\\/velo\\\/le-gouter-de-lecole-de-cyclisme\\\/\",\"url\":\"https:\\\/\\\/www.aclanester56.com\\\/velo\\\/le-gouter-de-lecole-de-cyclisme\\\/\",\"name\":\"Les go\u00fbters de l\u2019Ecole de Cyclisme ! - Avenir Cycliste Lanester 56\",\"isPartOf\":{\"@id\":\"https:\\\/\\\/www.aclanester56.com\\\/velo\\\/#website\"},\"primaryImageOfPage\":{\"@id\":\"https:\\\/\\\/www.aclanester56.com\\\/velo\\\/le-gouter-de-lecole-de-cyclisme\\\/#primaryimage\"},\"image\":{\"@id\":\"https:\\\/\\\/www.aclanester56.com\\\/velo\\\/le-gouter-de-lecole-de-cyclisme\\\/#primaryimage\"},\"thumbnailUrl\":\"https:\\\/\\\/www.aclanester56.com\\\/velo\\\/wp-content\\\/uploads\\\/2011\\\/02\\\/19-02-2011.jpg\",\"datePublished\":\"2011-02-22T09:47:22+00:00\",\"dateModified\":\"2011-02-23T14:34:17+00:00\",\"inLanguage\":\"fr-FR\",\"potentialAction\":[{\"@type\":\"ReadAction\",\"target\":[\"https:\\\/\\\/www.aclanester56.com\\\/velo\\\/le-gouter-de-lecole-de-cyclisme\\\/\"]}]},{\"@type\":\"ImageObject\",\"inLanguage\":\"fr-FR\",\"@id\":\"https:\\\/\\\/www.aclanester56.com\\\/velo\\\/le-gouter-de-lecole-de-cyclisme\\\/#primaryimage\",\"url\":\"https:\\\/\\\/www.aclanester56.com\\\/velo\\\/wp-content\\\/uploads\\\/2011\\\/02\\\/19-02-2011.jpg\",\"contentUrl\":\"https:\\\/\\\/www.aclanester56.com\\\/velo\\\/wp-content\\\/uploads\\\/2011\\\/02\\\/19-02-2011.jpg\",\"width\":720,\"height\":540,\"caption\":\"Petite photo de groupe \u00e0 l'issue de l'entrainement samedi dernier sur l'anneau G\u00e9rard Le Maguer de Lanester, avant le fameux go\u00fbter !\"},{\"@type\":\"WebSite\",\"@id\":\"https:\\\/\\\/www.aclanester56.com\\\/velo\\\/#website\",\"url\":\"https:\\\/\\\/www.aclanester56.com\\\/velo\\\/\",\"name\":\"Avenir Cycliste Lanester 56\",\"description\":\"Club cycliste de l&#039;AC LANESTER 56\",\"publisher\":{\"@id\":\"https:\\\/\\\/www.aclanester56.com\\\/velo\\\/#organization\"},\"potentialAction\":[{\"@type\":\"SearchAction\",\"target\":{\"@type\":\"EntryPoint\",\"urlTemplate\":\"https:\\\/\\\/www.aclanester56.com\\\/velo\\\/?s={search_term_string}\"},\"query-input\":{\"@type\":\"PropertyValueSpecification\",\"valueRequired\":true,\"valueName\":\"search_term_string\"}}],\"inLanguage\":\"fr-FR\"},{\"@type\":\"Organization\",\"@id\":\"https:\\\/\\\/www.aclanester56.com\\\/velo\\\/#organization\",\"name\":\"Avenir Cycliste Lanester 56\",\"url\":\"https:\\\/\\\/www.aclanester56.com\\\/velo\\\/\",\"logo\":{\"@type\":\"ImageObject\",\"inLanguage\":\"fr-FR\",\"@id\":\"https:\\\/\\\/www.aclanester56.com\\\/velo\\\/#\\\/schema\\\/logo\\\/image\\\/\",\"url\":\"https:\\\/\\\/www.aclanester56.com\\\/velo\\\/wp-content\\\/uploads\\\/2013\\\/04\\\/logo-ACL.jpg\",\"contentUrl\":\"https:\\\/\\\/www.aclanester56.com\\\/velo\\\/wp-content\\\/uploads\\\/2013\\\/04\\\/logo-ACL.jpg\",\"width\":400,\"height\":334,\"caption\":\"Avenir Cycliste Lanester 56\"},\"image\":{\"@id\":\"https:\\\/\\\/www.aclanester56.com\\\/velo\\\/#\\\/schema\\\/logo\\\/image\\\/\"},\"sameAs\":[\"https:\\\/\\\/www.facebook.com\\\/pages\\\/AC-Lanester-56\\\/190286300991242?fref=ts\"]},{\"@type\":\"Person\",\"@id\":\"https:\\\/\\\/www.aclanester56.com\\\/velo\\\/#\\\/schema\\\/person\\\/ca2a44a5fd969e9dd846c72d3b33bc01\",\"name\":\"Jean-Christophe\",\"url\":\"https:\\\/\\\/www.aclanester56.com\\\/velo\\\/author\\\/jeanchristophe\\\/\"}]}<\/script>\n<!-- \/ Yoast SEO plugin. -->","yoast_head_json":{"title":"Les go\u00fbters de l\u2019Ecole de Cyclisme ! - Avenir Cycliste Lanester 56","robots":{"index":"index","follow":"follow","max-snippet":"max-snippet:-1","max-image-preview":"max-image-preview:large","max-video-preview":"max-video-preview:-1"},"canonical":"https:\/\/www.aclanester56.com\/velo\/le-gouter-de-lecole-de-cyclisme\/","og_locale":"fr_FR","og_type":"article","og_title":"Les go\u00fbters de l\u2019Ecole de Cyclisme ! - Avenir Cycliste Lanester 56","og_description":"Apr\u00e8s chaque entrainement sur l&rsquo;anneau G\u00e9rard LE MAGUER, les jeunes Lanest\u00e9riens ont droit \u00e0 une petite surprise &#8230;","og_url":"https:\/\/www.aclanester56.com\/velo\/le-gouter-de-lecole-de-cyclisme\/","og_site_name":"Avenir Cycliste Lanester 56","article_publisher":"https:\/\/www.facebook.com\/pages\/AC-Lanester-56\/190286300991242?fref=ts","article_published_time":"2011-02-22T09:47:22+00:00","article_modified_time":"2011-02-23T14:34:17+00:00","og_image":[{"width":720,"height":540,"url":"https:\/\/www.aclanester56.com\/velo\/wp-content\/uploads\/2011\/02\/19-02-2011.jpg","type":"image\/jpeg"}],"author":"Jean-Christophe","twitter_misc":{"\u00c9crit par":"Jean-Christophe","Dur\u00e9e de lecture estim\u00e9e":"1 minute"},"schema":{"@context":"https:\/\/schema.org","@graph":[{"@type":"Article","@id":"https:\/\/www.aclanester56.com\/velo\/le-gouter-de-lecole-de-cyclisme\/#article","isPartOf":{"@id":"https:\/\/www.aclanester56.com\/velo\/le-gouter-de-lecole-de-cyclisme\/"},"author":{"name":"Jean-Christophe","@id":"https:\/\/www.aclanester56.com\/velo\/#\/schema\/person\/ca2a44a5fd969e9dd846c72d3b33bc01"},"headline":"Les go\u00fbters de l\u2019Ecole de Cyclisme !","datePublished":"2011-02-22T09:47:22+00:00","dateModified":"2011-02-23T14:34:17+00:00","mainEntityOfPage":{"@id":"https:\/\/www.aclanester56.com\/velo\/le-gouter-de-lecole-de-cyclisme\/"},"wordCount":133,"commentCount":0,"publisher":{"@id":"https:\/\/www.aclanester56.com\/velo\/#organization"},"image":{"@id":"https:\/\/www.aclanester56.com\/velo\/le-gouter-de-lecole-de-cyclisme\/#primaryimage"},"thumbnailUrl":"https:\/\/www.aclanester56.com\/velo\/wp-content\/uploads\/2011\/02\/19-02-2011.jpg","articleSection":["AC LANESTER 56","R\u00e9sultats Ecole de cyclisme"],"inLanguage":"fr-FR","potentialAction":[{"@type":"CommentAction","name":"Comment","target":["https:\/\/www.aclanester56.com\/velo\/le-gouter-de-lecole-de-cyclisme\/#respond"]}]},{"@type":"WebPage","@id":"https:\/\/www.aclanester56.com\/velo\/le-gouter-de-lecole-de-cyclisme\/","url":"https:\/\/www.aclanester56.com\/velo\/le-gouter-de-lecole-de-cyclisme\/","name":"Les go\u00fbters de l\u2019Ecole de Cyclisme ! - Avenir Cycliste Lanester 56","isPartOf":{"@id":"https:\/\/www.aclanester56.com\/velo\/#website"},"primaryImageOfPage":{"@id":"https:\/\/www.aclanester56.com\/velo\/le-gouter-de-lecole-de-cyclisme\/#primaryimage"},"image":{"@id":"https:\/\/www.aclanester56.com\/velo\/le-gouter-de-lecole-de-cyclisme\/#primaryimage"},"thumbnailUrl":"https:\/\/www.aclanester56.com\/velo\/wp-content\/uploads\/2011\/02\/19-02-2011.jpg","datePublished":"2011-02-22T09:47:22+00:00","dateModified":"2011-02-23T14:34:17+00:00","inLanguage":"fr-FR","potentialAction":[{"@type":"ReadAction","target":["https:\/\/www.aclanester56.com\/velo\/le-gouter-de-lecole-de-cyclisme\/"]}]},{"@type":"ImageObject","inLanguage":"fr-FR","@id":"https:\/\/www.aclanester56.com\/velo\/le-gouter-de-lecole-de-cyclisme\/#primaryimage","url":"https:\/\/www.aclanester56.com\/velo\/wp-content\/uploads\/2011\/02\/19-02-2011.jpg","contentUrl":"https:\/\/www.aclanester56.com\/velo\/wp-content\/uploads\/2011\/02\/19-02-2011.jpg","width":720,"height":540,"caption":"Petite photo de groupe \u00e0 l'issue de l'entrainement samedi dernier sur l'anneau G\u00e9rard Le Maguer de Lanester, avant le fameux go\u00fbter !"},{"@type":"WebSite","@id":"https:\/\/www.aclanester56.com\/velo\/#website","url":"https:\/\/www.aclanester56.com\/velo\/","name":"Avenir Cycliste Lanester 56","description":"Club cycliste de l&#039;AC LANESTER 56","publisher":{"@id":"https:\/\/www.aclanester56.com\/velo\/#organization"},"potentialAction":[{"@type":"SearchAction","target":{"@type":"EntryPoint","urlTemplate":"https:\/\/www.aclanester56.com\/velo\/?s={search_term_string}"},"query-input":{"@type":"PropertyValueSpecification","valueRequired":true,"valueName":"search_term_string"}}],"inLanguage":"fr-FR"},{"@type":"Organization","@id":"https:\/\/www.aclanester56.com\/velo\/#organization","name":"Avenir Cycliste Lanester 56","url":"https:\/\/www.aclanester56.com\/velo\/","logo":{"@type":"ImageObject","inLanguage":"fr-FR","@id":"https:\/\/www.aclanester56.com\/velo\/#\/schema\/logo\/image\/","url":"https:\/\/www.aclanester56.com\/velo\/wp-content\/uploads\/2013\/04\/logo-ACL.jpg","contentUrl":"https:\/\/www.aclanester56.com\/velo\/wp-content\/uploads\/2013\/04\/logo-ACL.jpg","width":400,"height":334,"caption":"Avenir Cycliste Lanester 56"},"image":{"@id":"https:\/\/www.aclanester56.com\/velo\/#\/schema\/logo\/image\/"},"sameAs":["https:\/\/www.facebook.com\/pages\/AC-Lanester-56\/190286300991242?fref=ts"]},{"@type":"Person","@id":"https:\/\/www.aclanester56.com\/velo\/#\/schema\/person\/ca2a44a5fd969e9dd846c72d3b33bc01","name":"Jean-Christophe","url":"https:\/\/www.aclanester56.com\/velo\/author\/jeanchristophe\/"}]}},"_links":{"self":[{"href":"https:\/\/www.aclanester56.com\/velo\/wp-json\/wp\/v2\/posts\/7148","targetHints":{"allow":["GET"]}}],"collection":[{"href":"https:\/\/www.aclanester56.com\/velo\/wp-json\/wp\/v2\/posts"}],"about":[{"href":"https:\/\/www.aclanester56.com\/velo\/wp-json\/wp\/v2\/types\/post"}],"author":[{"embeddable":true,"href":"https:\/\/www.aclanester56.com\/velo\/wp-json\/wp\/v2\/users\/14"}],"replies":[{"embeddable":true,"href":"https:\/\/www.aclanester56.com\/velo\/wp-json\/wp\/v2\/comments?post=7148"}],"version-history":[{"count":0,"href":"https:\/\/www.aclanester56.com\/velo\/wp-json\/wp\/v2\/posts\/7148\/revisions"}],"wp:featuredmedia":[{"embeddable":true,"href":"https:\/\/www.aclanester56.com\/velo\/wp-json\/wp\/v2\/media\/7188"}],"wp:attachment":[{"href":"https:\/\/www.aclanester56.com\/velo\/wp-json\/wp\/v2\/media?parent=7148"}],"wp:term":[{"taxonomy":"category","embeddable":true,"href":"https:\/\/www.aclanester56.com\/velo\/wp-json\/wp\/v2\/categories?post=7148"},{"taxonomy":"post_tag","embeddable":true,"href":"https:\/\/www.aclanester56.com\/velo\/wp-json\/wp\/v2\/tags?post=7148"}],"curies":[{"name":"wp","href":"https:\/\/api.w.org\/{rel}","templated":true}]}}