{"id":7246,"date":"2011-02-24T18:09:40","date_gmt":"2011-02-24T17:09:40","guid":{"rendered":"http:\/\/www.aclanester56.com\/velo\/?p=7246"},"modified":"2011-02-26T11:03:43","modified_gmt":"2011-02-26T10:03:43","slug":"retour-sur-la-presentation-du-12eme-tro-div-ster","status":"publish","type":"post","link":"https:\/\/www.aclanester56.com\/velo\/retour-sur-la-presentation-du-12eme-tro-div-ster\/","title":{"rendered":"Retour sur la pr\u00e9sentation du 12\u00e8me TRO DIV STER"},"content":{"rendered":"<div id=\"attachment_7247\" style=\"width: 410px\" class=\"wp-caption alignleft\"><a href=\"http:\/\/www.aclanester56.com\/velo\/wp-content\/uploads\/2011\/02\/DPP_0010.jpg\"><img loading=\"lazy\" decoding=\"async\" aria-describedby=\"caption-attachment-7247\" class=\"size-full wp-image-7247\" title=\"Le parcours du 12\u00e8me TRO DIV STER a \u00e9t\u00e9 d\u00e9voil\u00e9 en pr\u00e9sence des \u00e9lus des communes qui accueilleront d\u00e9parts et arriv\u00e9es d'\u00e9tapes (photo Michel LE DOUAIRON)\" src=\"http:\/\/www.aclanester56.com\/velo\/wp-content\/uploads\/2011\/02\/DPP_0010.jpg\" alt=\"\" width=\"400\" height=\"266\" srcset=\"https:\/\/www.aclanester56.com\/velo\/wp-content\/uploads\/2011\/02\/DPP_0010.jpg 800w, https:\/\/www.aclanester56.com\/velo\/wp-content\/uploads\/2011\/02\/DPP_0010-300x199.jpg 300w\" sizes=\"auto, (max-width: 400px) 100vw, 400px\" \/><\/a><p id=\"caption-attachment-7247\" class=\"wp-caption-text\">Le parcours du 12\u00e8me TRO DIV STER a \u00e9t\u00e9 d\u00e9voil\u00e9 en pr\u00e9sence des \u00e9lus des communes qui accueilleront d\u00e9parts et arriv\u00e9es d&#39;\u00e9tapes (photo Michel LE DOUAIRON)<\/p><\/div>\n<p style=\"text-align: justify;\">Organis\u00e9 par l&rsquo;Avenir Cycliste Lanester 56, Le 12\u00e8me TRO DIV STER se disputera les 14 et 15 mai 2011. Cette \u00e9preuve par \u00e9tapes, qui figure parmi les plus belles de Bretagne ouvertes aux coureurs de 1\u00e8re, 2\u00e8me et 3\u00e8me cat\u00e9gorie, se d\u00e9roulera sur 3 \u00e9tapes. Le parcours a \u00e9t\u00e9 d\u00e9voil\u00e9 officiellement vendredi soir \u00e0 l&rsquo;H\u00f4tel de Ville de Lanester en pr\u00e9sence des \u00e9lus des villes-\u00e9tapes.<\/p>\n<p><br class=\"spacer_\" \/><\/p>\n<p><br class=\"spacer_\" \/><\/p>\n<p><!--more--><\/p>\n<div id=\"attachment_7249\" style=\"width: 410px\" class=\"wp-caption alignright\"><a href=\"http:\/\/www.aclanester56.com\/velo\/wp-content\/uploads\/2011\/02\/DPP_0004.jpg\"><img loading=\"lazy\" decoding=\"async\" aria-describedby=\"caption-attachment-7249\" class=\"size-full wp-image-7249\" title=\"Il y avait foule vendredi soir \u00e0 l'H\u00f4tel de Ville de Lanester ! (photo Michel LE DOUAIRON)\" src=\"http:\/\/www.aclanester56.com\/velo\/wp-content\/uploads\/2011\/02\/DPP_0004.jpg\" alt=\"\" width=\"400\" height=\"266\" srcset=\"https:\/\/www.aclanester56.com\/velo\/wp-content\/uploads\/2011\/02\/DPP_0004.jpg 800w, https:\/\/www.aclanester56.com\/velo\/wp-content\/uploads\/2011\/02\/DPP_0004-300x199.jpg 300w\" sizes=\"auto, (max-width: 400px) 100vw, 400px\" \/><\/a><p id=\"caption-attachment-7249\" class=\"wp-caption-text\">Il y avait foule vendredi soir \u00e0 l&#39;H\u00f4tel de Ville de Lanester ! (photo Michel LE DOUAIRON)<\/p><\/div>\n<p><br class=\"spacer_\" \/><\/p>\n<p><br class=\"spacer_\" \/><\/p>\n<p><br class=\"spacer_\" \/><\/p>\n<p><br class=\"spacer_\" \/><\/p>\n<p><br class=\"spacer_\" \/><\/p>\n<p style=\"text-align: justify;\">La soir\u00e9e a d\u00e9but\u00e9 par la pr\u00e9sentation en vid\u00e9o de l&rsquo;\u00e9dition 2011 du TRO DIV STER. Cette vid\u00e9o a \u00e9t\u00e9 mont\u00e9e en un temps record par St\u00e9phane LE PROVOST, que nous remercions infiniment, et \u00e9tait comment\u00e9e en direct par Didier LE BOTMEL. Le fond musical \u00e9tait g\u00e9r\u00e9 par David, alias DJ DA8, du groupe de hip-hop lanest\u00e9rien LES INSATIABLES.<\/p>\n<p style=\"text-align: justify;\">Si vous avez manqu\u00e9 cette pr\u00e9sentation vid\u00e9o, nous vous proposons de la revivre par le biais de notre rubrique <a href=\"http:\/\/www.aclanester56.com\/velo\/medias\/videos\/\" target=\"_blank\">\u00ab\u00a0Vid\u00e9os\u00a0\u00bb<\/a> , accessible depuis le menu \u00ab\u00a0M\u00e9dias\u00a0\u00bb.<\/p>\n<p><br class=\"spacer_\" \/><\/p>\n<div id=\"attachment_7258\" style=\"width: 210px\" class=\"wp-caption alignleft\"><a href=\"http:\/\/www.aclanester56.com\/velo\/wp-content\/uploads\/2011\/02\/DPP_0007-399x600.jpg\"><img loading=\"lazy\" decoding=\"async\" aria-describedby=\"caption-attachment-7258\" class=\"size-large wp-image-7258\" title=\"Les \u00e9lus des communes accueillant le Tro Div Ster ont d\u00e9voil\u00e9 au public pr\u00e9sent le trac\u00e9 de l'\u00e9dition 2011 (photo Michel LE DOUAIRON)\" src=\"http:\/\/www.aclanester56.com\/velo\/wp-content\/uploads\/2011\/02\/DPP_0007-399x600.jpg\" alt=\"\" width=\"200\" height=\"300\" srcset=\"https:\/\/www.aclanester56.com\/velo\/wp-content\/uploads\/2011\/02\/DPP_0007-399x600.jpg 399w, https:\/\/www.aclanester56.com\/velo\/wp-content\/uploads\/2011\/02\/DPP_0007-199x300.jpg 199w, https:\/\/www.aclanester56.com\/velo\/wp-content\/uploads\/2011\/02\/DPP_0007.jpg 533w\" sizes=\"auto, (max-width: 200px) 100vw, 200px\" \/><\/a><p id=\"caption-attachment-7258\" class=\"wp-caption-text\">Les \u00e9lus des communes accueillant le Tro Div Ster ont d\u00e9voil\u00e9 au public pr\u00e9sent le trac\u00e9 de l&#39;\u00e9dition 2011 (photo Michel LE DOUAIRON)<\/p><\/div>\n<p><br class=\"spacer_\" \/><\/p>\n<p><br class=\"spacer_\" \/><\/p>\n<p><br class=\"spacer_\" \/><\/p>\n<p><br class=\"spacer_\" \/><\/p>\n<p style=\"text-align: justify;\">A l&rsquo;issue de la vid\u00e9o de pr\u00e9sentation, le pr\u00e9sident Jean-Yves LE GAL a convi\u00e9 les \u00e9lus de Gu\u00e9men\u00e9-sur-Scorff, Languidic, Kervignac, Erdeven et bien-s\u00fbr Lanester \u00e0 d\u00e9voiler ensemble le parcours de la 12\u00e8me \u00e9dition du TRO DIV STER. Pour rappel, la 1\u00e8re \u00e9tape se d\u00e9roulera le 14 mai entre Gu\u00e9men\u00e9-sur-Scorff et Languidic sur une distance de 131,1 Km. Le matin du 15 mai, le traditionnel contre-la-montre par \u00e9quipe aura lieu entre Kervignac et Lanester sur 20,3 Km, tandis que l&rsquo;apr\u00e8s-midi la troisi\u00e8me \u00e9tape de 100 Km entre Erdeven et Lanester concluera en beaut\u00e9 les festivit\u00e9s !<\/p>\n<div id=\"attachment_7263\" style=\"width: 410px\" class=\"wp-caption alignright\"><a href=\"http:\/\/www.aclanester56.com\/velo\/wp-content\/uploads\/2011\/02\/DPP_0005.jpg\"><img loading=\"lazy\" decoding=\"async\" aria-describedby=\"caption-attachment-7263\" class=\"size-full wp-image-7263\" title=\"Chacun attend avec impatience le 14 et 15 mai o\u00f9 se profile une superbe 12\u00e8me \u00e9dition du TRO DIV STER ! (Photo Michel LE DOUAIRON)\" src=\"http:\/\/www.aclanester56.com\/velo\/wp-content\/uploads\/2011\/02\/DPP_0005.jpg\" alt=\"\" width=\"400\" height=\"266\" srcset=\"https:\/\/www.aclanester56.com\/velo\/wp-content\/uploads\/2011\/02\/DPP_0005.jpg 800w, https:\/\/www.aclanester56.com\/velo\/wp-content\/uploads\/2011\/02\/DPP_0005-300x199.jpg 300w\" sizes=\"auto, (max-width: 400px) 100vw, 400px\" \/><\/a><p id=\"caption-attachment-7263\" class=\"wp-caption-text\">Chacun attend avec impatience le 14 et 15 mai o\u00f9 se profile une superbe 12\u00e8me \u00e9dition du TRO DIV STER ! (Photo Michel LE DOUAIRON)<\/p><\/div>\n<p><br class=\"spacer_\" \/><\/p>\n<p><br class=\"spacer_\" \/><\/p>\n<p><br class=\"spacer_\" \/><\/p>\n<p><br class=\"spacer_\" \/><\/p>\n<p><br class=\"spacer_\" \/><\/p>\n<p><br class=\"spacer_\" \/><\/p>\n<p style=\"text-align: justify;\">Toutes les informations sur le TRO DIV STER 2011 seront \u00e0 retrouver sur le site internet du club <a href=\"http:\/\/www.aclanester56.com\/velo\/\" target=\"_blank\">www.aclanester56.com<\/a> !<\/p>\n<div id=\"attachment_7268\" style=\"width: 313px\" class=\"wp-caption alignleft\"><a href=\"http:\/\/www.aclanester56.com\/velo\/wp-content\/uploads\/2011\/02\/soiree-TDS-18-02-2011-50.jpg\" ><img loading=\"lazy\" decoding=\"async\" aria-describedby=\"caption-attachment-7268\" src=\"http:\/\/www.aclanester56.com\/velo\/wp-content\/uploads\/2011\/02\/soiree-TDS-18-02-2011-50.jpg\" alt=\"\" title=\"Les Lanest\u00e9riens du collectif de Hip-Hop LES INSATIABLES ont anim\u00e9 la soir\u00e9e (Photo Yves PEYRE)\" width=\"303\" height=\"300\" class=\"size-full wp-image-7268\" srcset=\"https:\/\/www.aclanester56.com\/velo\/wp-content\/uploads\/2011\/02\/soiree-TDS-18-02-2011-50.jpg 609w, https:\/\/www.aclanester56.com\/velo\/wp-content\/uploads\/2011\/02\/soiree-TDS-18-02-2011-50-150x150.jpg 150w\" sizes=\"auto, (max-width: 303px) 100vw, 303px\" \/><\/a><p id=\"caption-attachment-7268\" class=\"wp-caption-text\">Les Lanest\u00e9riens du collectif de Hip-Hop LES INSATIABLES ont anim\u00e9 la soir\u00e9e (Photo Yves PEYRE)<\/p><\/div>\n<p><br class=\"spacer_\" \/><\/p>\n<p><br class=\"spacer_\" \/><\/p>\n<p><br class=\"spacer_\" \/><\/p>\n<p><br class=\"spacer_\" \/><\/p>\n<p><br class=\"spacer_\" \/><\/p>\n<p><br class=\"spacer_\" \/><\/p>\n<p><br class=\"spacer_\" \/><\/p>\n<p><br class=\"spacer_\" \/><\/p>\n<p style=\"text-align: justify;\">Le groupe de Hip-Hop lanest\u00e9rien LES INSATIABLES a assur\u00e9 la partie musicale de la soir\u00e9e avec brio. DJ DA8, GIIR et PIETRO ont ainsi bien rythm\u00e9 l&rsquo;interlude entre la pr\u00e9sentation du 12\u00e8me TRO DIV STER et la pr\u00e9sentation des \u00e9quipes qui a suivi et nous les en remercions sinc\u00e8rement !<\/p>\n<p><br class=\"spacer_\" \/><\/p>\n<p><br class=\"spacer_\" \/><\/p>\n<p><br class=\"spacer_\" \/><\/p>\n<p><br class=\"spacer_\" \/><\/p>\n","protected":false},"excerpt":{"rendered":"<p>Organis\u00e9 par l&rsquo;Avenir Cycliste Lanester 56, Le 12\u00e8me TRO DIV STER se disputera les 14 et 15 mai 2011. Cette [&hellip;]<\/p>\n","protected":false},"author":14,"featured_media":7247,"comment_status":"open","ping_status":"closed","sticky":false,"template":"","format":"standard","meta":{"ngg_post_thumbnail":0,"footnotes":""},"categories":[5,8,7],"tags":[],"class_list":["post-7246","post","type-post","status-publish","format-standard","has-post-thumbnail","hentry","category-ac-lanester-56","category-tro-div-ster","category-organisations"],"yoast_head":"<!-- This site is optimized with the Yoast SEO plugin v27.5 - https:\/\/yoast.com\/product\/yoast-seo-wordpress\/ -->\n<title>Retour sur la pr\u00e9sentation du 12\u00e8me TRO DIV STER - Avenir Cycliste Lanester 56<\/title>\n<meta name=\"robots\" content=\"index, follow, max-snippet:-1, max-image-preview:large, max-video-preview:-1\" \/>\n<link rel=\"canonical\" href=\"https:\/\/www.aclanester56.com\/velo\/retour-sur-la-presentation-du-12eme-tro-div-ster\/\" \/>\n<meta property=\"og:locale\" content=\"fr_FR\" \/>\n<meta property=\"og:type\" content=\"article\" \/>\n<meta property=\"og:title\" content=\"Retour sur la pr\u00e9sentation du 12\u00e8me TRO DIV STER - Avenir Cycliste Lanester 56\" \/>\n<meta property=\"og:description\" content=\"Organis\u00e9 par l&rsquo;Avenir Cycliste Lanester 56, Le 12\u00e8me TRO DIV STER se disputera les 14 et 15 mai 2011. Cette [&hellip;]\" \/>\n<meta property=\"og:url\" content=\"https:\/\/www.aclanester56.com\/velo\/retour-sur-la-presentation-du-12eme-tro-div-ster\/\" \/>\n<meta property=\"og:site_name\" content=\"Avenir Cycliste Lanester 56\" \/>\n<meta property=\"article:publisher\" content=\"https:\/\/www.facebook.com\/pages\/AC-Lanester-56\/190286300991242?fref=ts\" \/>\n<meta property=\"article:published_time\" content=\"2011-02-24T17:09:40+00:00\" \/>\n<meta property=\"article:modified_time\" content=\"2011-02-26T10:03:43+00:00\" \/>\n<meta property=\"og:image\" content=\"https:\/\/www.aclanester56.com\/velo\/wp-content\/uploads\/2011\/02\/DPP_0010.jpg\" \/>\n\t<meta property=\"og:image:width\" content=\"800\" \/>\n\t<meta property=\"og:image:height\" content=\"533\" \/>\n\t<meta property=\"og:image:type\" content=\"image\/jpeg\" \/>\n<meta name=\"author\" content=\"Jean-Christophe\" \/>\n<meta name=\"twitter:label1\" content=\"\u00c9crit par\" \/>\n\t<meta name=\"twitter:data1\" content=\"Jean-Christophe\" \/>\n\t<meta name=\"twitter:label2\" content=\"Dur\u00e9e de lecture estim\u00e9e\" \/>\n\t<meta name=\"twitter:data2\" content=\"2 minutes\" \/>\n<script type=\"application\/ld+json\" class=\"yoast-schema-graph\">{\"@context\":\"https:\\\/\\\/schema.org\",\"@graph\":[{\"@type\":\"Article\",\"@id\":\"https:\\\/\\\/www.aclanester56.com\\\/velo\\\/retour-sur-la-presentation-du-12eme-tro-div-ster\\\/#article\",\"isPartOf\":{\"@id\":\"https:\\\/\\\/www.aclanester56.com\\\/velo\\\/retour-sur-la-presentation-du-12eme-tro-div-ster\\\/\"},\"author\":{\"name\":\"Jean-Christophe\",\"@id\":\"https:\\\/\\\/www.aclanester56.com\\\/velo\\\/#\\\/schema\\\/person\\\/ca2a44a5fd969e9dd846c72d3b33bc01\"},\"headline\":\"Retour sur la pr\u00e9sentation du 12\u00e8me TRO DIV STER\",\"datePublished\":\"2011-02-24T17:09:40+00:00\",\"dateModified\":\"2011-02-26T10:03:43+00:00\",\"mainEntityOfPage\":{\"@id\":\"https:\\\/\\\/www.aclanester56.com\\\/velo\\\/retour-sur-la-presentation-du-12eme-tro-div-ster\\\/\"},\"wordCount\":499,\"commentCount\":0,\"publisher\":{\"@id\":\"https:\\\/\\\/www.aclanester56.com\\\/velo\\\/#organization\"},\"image\":{\"@id\":\"https:\\\/\\\/www.aclanester56.com\\\/velo\\\/retour-sur-la-presentation-du-12eme-tro-div-ster\\\/#primaryimage\"},\"thumbnailUrl\":\"https:\\\/\\\/www.aclanester56.com\\\/velo\\\/wp-content\\\/uploads\\\/2011\\\/02\\\/DPP_0010.jpg\",\"articleSection\":[\"AC LANESTER 56\",\"Le Tro Div Ster\",\"Les organisations\"],\"inLanguage\":\"fr-FR\",\"potentialAction\":[{\"@type\":\"CommentAction\",\"name\":\"Comment\",\"target\":[\"https:\\\/\\\/www.aclanester56.com\\\/velo\\\/retour-sur-la-presentation-du-12eme-tro-div-ster\\\/#respond\"]}]},{\"@type\":\"WebPage\",\"@id\":\"https:\\\/\\\/www.aclanester56.com\\\/velo\\\/retour-sur-la-presentation-du-12eme-tro-div-ster\\\/\",\"url\":\"https:\\\/\\\/www.aclanester56.com\\\/velo\\\/retour-sur-la-presentation-du-12eme-tro-div-ster\\\/\",\"name\":\"Retour sur la pr\u00e9sentation du 12\u00e8me TRO DIV STER - Avenir Cycliste Lanester 56\",\"isPartOf\":{\"@id\":\"https:\\\/\\\/www.aclanester56.com\\\/velo\\\/#website\"},\"primaryImageOfPage\":{\"@id\":\"https:\\\/\\\/www.aclanester56.com\\\/velo\\\/retour-sur-la-presentation-du-12eme-tro-div-ster\\\/#primaryimage\"},\"image\":{\"@id\":\"https:\\\/\\\/www.aclanester56.com\\\/velo\\\/retour-sur-la-presentation-du-12eme-tro-div-ster\\\/#primaryimage\"},\"thumbnailUrl\":\"https:\\\/\\\/www.aclanester56.com\\\/velo\\\/wp-content\\\/uploads\\\/2011\\\/02\\\/DPP_0010.jpg\",\"datePublished\":\"2011-02-24T17:09:40+00:00\",\"dateModified\":\"2011-02-26T10:03:43+00:00\",\"inLanguage\":\"fr-FR\",\"potentialAction\":[{\"@type\":\"ReadAction\",\"target\":[\"https:\\\/\\\/www.aclanester56.com\\\/velo\\\/retour-sur-la-presentation-du-12eme-tro-div-ster\\\/\"]}]},{\"@type\":\"ImageObject\",\"inLanguage\":\"fr-FR\",\"@id\":\"https:\\\/\\\/www.aclanester56.com\\\/velo\\\/retour-sur-la-presentation-du-12eme-tro-div-ster\\\/#primaryimage\",\"url\":\"https:\\\/\\\/www.aclanester56.com\\\/velo\\\/wp-content\\\/uploads\\\/2011\\\/02\\\/DPP_0010.jpg\",\"contentUrl\":\"https:\\\/\\\/www.aclanester56.com\\\/velo\\\/wp-content\\\/uploads\\\/2011\\\/02\\\/DPP_0010.jpg\",\"width\":800,\"height\":533,\"caption\":\"Le parcours du 12\u00e8me TRO DIV STER a \u00e9t\u00e9 d\u00e9voil\u00e9 en pr\u00e9sence des \u00e9lus des communes qui accueilleront d\u00e9parts et arriv\u00e9es d'\u00e9tapes (photo Michel LE DOUAIRON)\"},{\"@type\":\"WebSite\",\"@id\":\"https:\\\/\\\/www.aclanester56.com\\\/velo\\\/#website\",\"url\":\"https:\\\/\\\/www.aclanester56.com\\\/velo\\\/\",\"name\":\"Avenir Cycliste Lanester 56\",\"description\":\"Club cycliste de l&#039;AC LANESTER 56\",\"publisher\":{\"@id\":\"https:\\\/\\\/www.aclanester56.com\\\/velo\\\/#organization\"},\"potentialAction\":[{\"@type\":\"SearchAction\",\"target\":{\"@type\":\"EntryPoint\",\"urlTemplate\":\"https:\\\/\\\/www.aclanester56.com\\\/velo\\\/?s={search_term_string}\"},\"query-input\":{\"@type\":\"PropertyValueSpecification\",\"valueRequired\":true,\"valueName\":\"search_term_string\"}}],\"inLanguage\":\"fr-FR\"},{\"@type\":\"Organization\",\"@id\":\"https:\\\/\\\/www.aclanester56.com\\\/velo\\\/#organization\",\"name\":\"Avenir Cycliste Lanester 56\",\"url\":\"https:\\\/\\\/www.aclanester56.com\\\/velo\\\/\",\"logo\":{\"@type\":\"ImageObject\",\"inLanguage\":\"fr-FR\",\"@id\":\"https:\\\/\\\/www.aclanester56.com\\\/velo\\\/#\\\/schema\\\/logo\\\/image\\\/\",\"url\":\"https:\\\/\\\/www.aclanester56.com\\\/velo\\\/wp-content\\\/uploads\\\/2013\\\/04\\\/logo-ACL.jpg\",\"contentUrl\":\"https:\\\/\\\/www.aclanester56.com\\\/velo\\\/wp-content\\\/uploads\\\/2013\\\/04\\\/logo-ACL.jpg\",\"width\":400,\"height\":334,\"caption\":\"Avenir Cycliste Lanester 56\"},\"image\":{\"@id\":\"https:\\\/\\\/www.aclanester56.com\\\/velo\\\/#\\\/schema\\\/logo\\\/image\\\/\"},\"sameAs\":[\"https:\\\/\\\/www.facebook.com\\\/pages\\\/AC-Lanester-56\\\/190286300991242?fref=ts\"]},{\"@type\":\"Person\",\"@id\":\"https:\\\/\\\/www.aclanester56.com\\\/velo\\\/#\\\/schema\\\/person\\\/ca2a44a5fd969e9dd846c72d3b33bc01\",\"name\":\"Jean-Christophe\",\"url\":\"https:\\\/\\\/www.aclanester56.com\\\/velo\\\/author\\\/jeanchristophe\\\/\"}]}<\/script>\n<!-- \/ Yoast SEO plugin. -->","yoast_head_json":{"title":"Retour sur la pr\u00e9sentation du 12\u00e8me TRO DIV STER - Avenir Cycliste Lanester 56","robots":{"index":"index","follow":"follow","max-snippet":"max-snippet:-1","max-image-preview":"max-image-preview:large","max-video-preview":"max-video-preview:-1"},"canonical":"https:\/\/www.aclanester56.com\/velo\/retour-sur-la-presentation-du-12eme-tro-div-ster\/","og_locale":"fr_FR","og_type":"article","og_title":"Retour sur la pr\u00e9sentation du 12\u00e8me TRO DIV STER - Avenir Cycliste Lanester 56","og_description":"Organis\u00e9 par l&rsquo;Avenir Cycliste Lanester 56, Le 12\u00e8me TRO DIV STER se disputera les 14 et 15 mai 2011. Cette [&hellip;]","og_url":"https:\/\/www.aclanester56.com\/velo\/retour-sur-la-presentation-du-12eme-tro-div-ster\/","og_site_name":"Avenir Cycliste Lanester 56","article_publisher":"https:\/\/www.facebook.com\/pages\/AC-Lanester-56\/190286300991242?fref=ts","article_published_time":"2011-02-24T17:09:40+00:00","article_modified_time":"2011-02-26T10:03:43+00:00","og_image":[{"width":800,"height":533,"url":"https:\/\/www.aclanester56.com\/velo\/wp-content\/uploads\/2011\/02\/DPP_0010.jpg","type":"image\/jpeg"}],"author":"Jean-Christophe","twitter_misc":{"\u00c9crit par":"Jean-Christophe","Dur\u00e9e de lecture estim\u00e9e":"2 minutes"},"schema":{"@context":"https:\/\/schema.org","@graph":[{"@type":"Article","@id":"https:\/\/www.aclanester56.com\/velo\/retour-sur-la-presentation-du-12eme-tro-div-ster\/#article","isPartOf":{"@id":"https:\/\/www.aclanester56.com\/velo\/retour-sur-la-presentation-du-12eme-tro-div-ster\/"},"author":{"name":"Jean-Christophe","@id":"https:\/\/www.aclanester56.com\/velo\/#\/schema\/person\/ca2a44a5fd969e9dd846c72d3b33bc01"},"headline":"Retour sur la pr\u00e9sentation du 12\u00e8me TRO DIV STER","datePublished":"2011-02-24T17:09:40+00:00","dateModified":"2011-02-26T10:03:43+00:00","mainEntityOfPage":{"@id":"https:\/\/www.aclanester56.com\/velo\/retour-sur-la-presentation-du-12eme-tro-div-ster\/"},"wordCount":499,"commentCount":0,"publisher":{"@id":"https:\/\/www.aclanester56.com\/velo\/#organization"},"image":{"@id":"https:\/\/www.aclanester56.com\/velo\/retour-sur-la-presentation-du-12eme-tro-div-ster\/#primaryimage"},"thumbnailUrl":"https:\/\/www.aclanester56.com\/velo\/wp-content\/uploads\/2011\/02\/DPP_0010.jpg","articleSection":["AC LANESTER 56","Le Tro Div Ster","Les organisations"],"inLanguage":"fr-FR","potentialAction":[{"@type":"CommentAction","name":"Comment","target":["https:\/\/www.aclanester56.com\/velo\/retour-sur-la-presentation-du-12eme-tro-div-ster\/#respond"]}]},{"@type":"WebPage","@id":"https:\/\/www.aclanester56.com\/velo\/retour-sur-la-presentation-du-12eme-tro-div-ster\/","url":"https:\/\/www.aclanester56.com\/velo\/retour-sur-la-presentation-du-12eme-tro-div-ster\/","name":"Retour sur la pr\u00e9sentation du 12\u00e8me TRO DIV STER - Avenir Cycliste Lanester 56","isPartOf":{"@id":"https:\/\/www.aclanester56.com\/velo\/#website"},"primaryImageOfPage":{"@id":"https:\/\/www.aclanester56.com\/velo\/retour-sur-la-presentation-du-12eme-tro-div-ster\/#primaryimage"},"image":{"@id":"https:\/\/www.aclanester56.com\/velo\/retour-sur-la-presentation-du-12eme-tro-div-ster\/#primaryimage"},"thumbnailUrl":"https:\/\/www.aclanester56.com\/velo\/wp-content\/uploads\/2011\/02\/DPP_0010.jpg","datePublished":"2011-02-24T17:09:40+00:00","dateModified":"2011-02-26T10:03:43+00:00","inLanguage":"fr-FR","potentialAction":[{"@type":"ReadAction","target":["https:\/\/www.aclanester56.com\/velo\/retour-sur-la-presentation-du-12eme-tro-div-ster\/"]}]},{"@type":"ImageObject","inLanguage":"fr-FR","@id":"https:\/\/www.aclanester56.com\/velo\/retour-sur-la-presentation-du-12eme-tro-div-ster\/#primaryimage","url":"https:\/\/www.aclanester56.com\/velo\/wp-content\/uploads\/2011\/02\/DPP_0010.jpg","contentUrl":"https:\/\/www.aclanester56.com\/velo\/wp-content\/uploads\/2011\/02\/DPP_0010.jpg","width":800,"height":533,"caption":"Le parcours du 12\u00e8me TRO DIV STER a \u00e9t\u00e9 d\u00e9voil\u00e9 en pr\u00e9sence des \u00e9lus des communes qui accueilleront d\u00e9parts et arriv\u00e9es d'\u00e9tapes (photo Michel LE DOUAIRON)"},{"@type":"WebSite","@id":"https:\/\/www.aclanester56.com\/velo\/#website","url":"https:\/\/www.aclanester56.com\/velo\/","name":"Avenir Cycliste Lanester 56","description":"Club cycliste de l&#039;AC LANESTER 56","publisher":{"@id":"https:\/\/www.aclanester56.com\/velo\/#organization"},"potentialAction":[{"@type":"SearchAction","target":{"@type":"EntryPoint","urlTemplate":"https:\/\/www.aclanester56.com\/velo\/?s={search_term_string}"},"query-input":{"@type":"PropertyValueSpecification","valueRequired":true,"valueName":"search_term_string"}}],"inLanguage":"fr-FR"},{"@type":"Organization","@id":"https:\/\/www.aclanester56.com\/velo\/#organization","name":"Avenir Cycliste Lanester 56","url":"https:\/\/www.aclanester56.com\/velo\/","logo":{"@type":"ImageObject","inLanguage":"fr-FR","@id":"https:\/\/www.aclanester56.com\/velo\/#\/schema\/logo\/image\/","url":"https:\/\/www.aclanester56.com\/velo\/wp-content\/uploads\/2013\/04\/logo-ACL.jpg","contentUrl":"https:\/\/www.aclanester56.com\/velo\/wp-content\/uploads\/2013\/04\/logo-ACL.jpg","width":400,"height":334,"caption":"Avenir Cycliste Lanester 56"},"image":{"@id":"https:\/\/www.aclanester56.com\/velo\/#\/schema\/logo\/image\/"},"sameAs":["https:\/\/www.facebook.com\/pages\/AC-Lanester-56\/190286300991242?fref=ts"]},{"@type":"Person","@id":"https:\/\/www.aclanester56.com\/velo\/#\/schema\/person\/ca2a44a5fd969e9dd846c72d3b33bc01","name":"Jean-Christophe","url":"https:\/\/www.aclanester56.com\/velo\/author\/jeanchristophe\/"}]}},"_links":{"self":[{"href":"https:\/\/www.aclanester56.com\/velo\/wp-json\/wp\/v2\/posts\/7246","targetHints":{"allow":["GET"]}}],"collection":[{"href":"https:\/\/www.aclanester56.com\/velo\/wp-json\/wp\/v2\/posts"}],"about":[{"href":"https:\/\/www.aclanester56.com\/velo\/wp-json\/wp\/v2\/types\/post"}],"author":[{"embeddable":true,"href":"https:\/\/www.aclanester56.com\/velo\/wp-json\/wp\/v2\/users\/14"}],"replies":[{"embeddable":true,"href":"https:\/\/www.aclanester56.com\/velo\/wp-json\/wp\/v2\/comments?post=7246"}],"version-history":[{"count":0,"href":"https:\/\/www.aclanester56.com\/velo\/wp-json\/wp\/v2\/posts\/7246\/revisions"}],"wp:featuredmedia":[{"embeddable":true,"href":"https:\/\/www.aclanester56.com\/velo\/wp-json\/wp\/v2\/media\/7247"}],"wp:attachment":[{"href":"https:\/\/www.aclanester56.com\/velo\/wp-json\/wp\/v2\/media?parent=7246"}],"wp:term":[{"taxonomy":"category","embeddable":true,"href":"https:\/\/www.aclanester56.com\/velo\/wp-json\/wp\/v2\/categories?post=7246"},{"taxonomy":"post_tag","embeddable":true,"href":"https:\/\/www.aclanester56.com\/velo\/wp-json\/wp\/v2\/tags?post=7246"}],"curies":[{"name":"wp","href":"https:\/\/api.w.org\/{rel}","templated":true}]}}