{"id":7293,"date":"2011-02-25T16:45:48","date_gmt":"2011-02-25T15:45:48","guid":{"rendered":"http:\/\/www.aclanester56.com\/velo\/?p=7293"},"modified":"2011-02-27T18:36:58","modified_gmt":"2011-02-27T17:36:58","slug":"trois-dirigeants-lanesteriens-honores-vendredi-dernier","status":"publish","type":"post","link":"https:\/\/www.aclanester56.com\/velo\/trois-dirigeants-lanesteriens-honores-vendredi-dernier\/","title":{"rendered":"Trois dirigeants lanest\u00e9riens honor\u00e9s vendredi dernier"},"content":{"rendered":"<div id=\"attachment_7294\" style=\"width: 410px\" class=\"wp-caption alignleft\"><a href=\"http:\/\/www.aclanester56.com\/velo\/wp-content\/uploads\/2011\/02\/DSC_8375-800x531.jpg\"><img loading=\"lazy\" decoding=\"async\" aria-describedby=\"caption-attachment-7294\" class=\"size-large wp-image-7294\" title=\"Cathy LE GALL, Franck GUIGO et Marc ESVAN ont re\u00e7u leur m\u00e9daille des mains de Philippe CESCATTI, secr\u00e9taire g\u00e9n\u00e9ral du Comit\u00e9 du Morbihan (photo Philippe LE COCQ)\" src=\"http:\/\/www.aclanester56.com\/velo\/wp-content\/uploads\/2011\/02\/DSC_8375-800x531.jpg\" alt=\"\" width=\"400\" height=\"265\" srcset=\"https:\/\/www.aclanester56.com\/velo\/wp-content\/uploads\/2011\/02\/DSC_8375-800x531.jpg 800w, https:\/\/www.aclanester56.com\/velo\/wp-content\/uploads\/2011\/02\/DSC_8375-300x199.jpg 300w\" sizes=\"auto, (max-width: 400px) 100vw, 400px\" \/><\/a><p id=\"caption-attachment-7294\" class=\"wp-caption-text\">Cathy LE GALL, Franck GUIGO et Marc ESVAN ont re\u00e7u leur m\u00e9daille des mains de Philippe CESCATTI, secr\u00e9taire g\u00e9n\u00e9ral du Comit\u00e9 du Morbihan (photo Philippe LE COCQ)<\/p><\/div>\n<p style=\"text-align: justify;\">Trois b\u00e9n\u00e9voles actifs licenci\u00e9s \u00e0 l&rsquo;AC LANESTER 56 avaient \u00e9t\u00e9 r\u00e9compens\u00e9s lors de l&rsquo;assembl\u00e9e g\u00e9n\u00e9rale du Comit\u00e9 du Morbihan de Cyclisme. Ils ont re\u00e7u leur m\u00e9daille vendredi soir \u00e0 l&rsquo;occasion de la pr\u00e9sentation des effectifs \u00e0 l&rsquo;H\u00f4tel de Ville de Lanester.<\/p>\n<p style=\"text-align: justify;\">\u00a0<\/p>\n<p style=\"text-align: justify;\"><!--more--><\/p>\n<p style=\"text-align: justify;\">\u00a0<\/p>\n<p style=\"text-align: justify;\"><strong><span style=\"color: #ff6600;\">Une reconnaissance du travail des b\u00e9n\u00e9voles de l&rsquo;ombre<\/span><\/strong><\/p>\n<p style=\"text-align: justify;\">Ces travailleurs de l&rsquo;ombre, vous ne les voyez peut-\u00eatre pas souvent, mais ils font partie, comme bien d&rsquo;autres, des personnes qui assurent par leur important investissement la p\u00e9rennit\u00e9 et le bon fonctionnement du club.<\/p>\n<div id=\"attachment_7298\" style=\"width: 410px\" class=\"wp-caption alignright\"><a href=\"http:\/\/www.aclanester56.com\/velo\/wp-content\/uploads\/2011\/02\/DSC_8371-800x531.jpg\" ><img loading=\"lazy\" decoding=\"async\" aria-describedby=\"caption-attachment-7298\" src=\"http:\/\/www.aclanester56.com\/velo\/wp-content\/uploads\/2011\/02\/DSC_8371-800x531.jpg\" alt=\"\" title=\"Marc ESVAN, qui r\u00e9pond ici aux questions de Didier LE BOTMEL, a \u00e9t\u00e9 r\u00e9compens\u00e9 de la Roue d&#039;Honneur d&#039;argent par la F\u00e9d\u00e9ration ! (photo Philippe LE COCQ)\" width=\"400\" height=\"265\" class=\"size-large wp-image-7298\" srcset=\"https:\/\/www.aclanester56.com\/velo\/wp-content\/uploads\/2011\/02\/DSC_8371-800x531.jpg 800w, https:\/\/www.aclanester56.com\/velo\/wp-content\/uploads\/2011\/02\/DSC_8371-300x199.jpg 300w\" sizes=\"auto, (max-width: 400px) 100vw, 400px\" \/><\/a><p id=\"caption-attachment-7298\" class=\"wp-caption-text\">Marc ESVAN, qui r\u00e9pond ici aux questions de Didier LE BOTMEL, a \u00e9t\u00e9 r\u00e9compens\u00e9 de la Roue d'Honneur d'argent par la F\u00e9d\u00e9ration ! (photo Philippe LE COCQ)<\/p><\/div>\n<p style=\"text-align: justify;\"><strong><span style=\"color: #ff6600;\">Beaucoup d&rsquo;engagement envers le club<\/span><\/strong><\/p>\n<p style=\"text-align: justify;\">Cathy LE GALL est la tr\u00e9sori\u00e8re adjointe du club qui, bien qu&rsquo; \u00ab\u00a0exil\u00e9e\u00a0\u00bb en Vend\u00e9e, continue d&rsquo;assumer avec entrain et beaucoup d&rsquo;efficacit\u00e9 la totalit\u00e9 des engagements des coureurs de l&rsquo;AC LANESTER 56 sur l&rsquo;ensemble des \u00e9preuves auxquelles ils participent. <\/p>\n<p style=\"text-align: justify;\">Franck GUIGO, pr\u00e9sent depuis la naissance du club, s&rsquo;occupe avec brio de la partie \u00ab\u00a0mat\u00e9riel\u00a0\u00bb au club, tout en donnant un pr\u00e9cieux coup de main sur les courses dans l&rsquo;encadrement des coureurs. <\/p>\n<p style=\"text-align: justify;\">Marc ESVAN est le secr\u00e9taire du club : il g\u00e8re de la plus belle des mani\u00e8res la partie administrative du club (qui repr\u00e9sente un travail consid\u00e9rable !) et assiste le pr\u00e9sident Jean-Yves LE GAL dans l&rsquo;organisation du TRO DIV STER.<\/p>\n<p style=\"text-align: justify;\"><strong><span style=\"color: #ff6600;\">Toutes nos f\u00e9licitations !<\/span><\/strong><\/p>\n<p style=\"text-align: justify;\">L&rsquo;AC LANESTER 56 les remercie pour leur engagement et les f\u00e9licite sinc\u00e8rement pour cette distinction.<\/p>\n<p style=\"text-align: justify;\">\u00a0<\/p>\n","protected":false},"excerpt":{"rendered":"<p>Trois b\u00e9n\u00e9voles actifs licenci\u00e9s \u00e0 l&rsquo;AC LANESTER 56 avaient \u00e9t\u00e9 r\u00e9compens\u00e9s lors de l&rsquo;assembl\u00e9e g\u00e9n\u00e9rale du Comit\u00e9 du Morbihan de [&hellip;]<\/p>\n","protected":false},"author":14,"featured_media":7294,"comment_status":"open","ping_status":"closed","sticky":false,"template":"","format":"standard","meta":{"ngg_post_thumbnail":0,"footnotes":""},"categories":[5],"tags":[],"class_list":["post-7293","post","type-post","status-publish","format-standard","has-post-thumbnail","hentry","category-ac-lanester-56"],"yoast_head":"<!-- This site is optimized with the Yoast SEO plugin v27.5 - https:\/\/yoast.com\/product\/yoast-seo-wordpress\/ -->\n<title>Trois dirigeants lanest\u00e9riens honor\u00e9s vendredi dernier - Avenir Cycliste Lanester 56<\/title>\n<meta name=\"robots\" content=\"index, follow, max-snippet:-1, max-image-preview:large, max-video-preview:-1\" \/>\n<link rel=\"canonical\" href=\"https:\/\/www.aclanester56.com\/velo\/trois-dirigeants-lanesteriens-honores-vendredi-dernier\/\" \/>\n<meta property=\"og:locale\" content=\"fr_FR\" \/>\n<meta property=\"og:type\" content=\"article\" \/>\n<meta property=\"og:title\" content=\"Trois dirigeants lanest\u00e9riens honor\u00e9s vendredi dernier - Avenir Cycliste Lanester 56\" \/>\n<meta property=\"og:description\" content=\"Trois b\u00e9n\u00e9voles actifs licenci\u00e9s \u00e0 l&rsquo;AC LANESTER 56 avaient \u00e9t\u00e9 r\u00e9compens\u00e9s lors de l&rsquo;assembl\u00e9e g\u00e9n\u00e9rale du Comit\u00e9 du Morbihan de [&hellip;]\" \/>\n<meta property=\"og:url\" content=\"https:\/\/www.aclanester56.com\/velo\/trois-dirigeants-lanesteriens-honores-vendredi-dernier\/\" \/>\n<meta property=\"og:site_name\" content=\"Avenir Cycliste Lanester 56\" \/>\n<meta property=\"article:publisher\" content=\"https:\/\/www.facebook.com\/pages\/AC-Lanester-56\/190286300991242?fref=ts\" \/>\n<meta property=\"article:published_time\" content=\"2011-02-25T15:45:48+00:00\" \/>\n<meta property=\"article:modified_time\" content=\"2011-02-27T17:36:58+00:00\" \/>\n<meta property=\"og:image\" content=\"https:\/\/www.aclanester56.com\/velo\/wp-content\/uploads\/2011\/02\/DSC_8375.jpg\" \/>\n\t<meta property=\"og:image:width\" content=\"3216\" \/>\n\t<meta property=\"og:image:height\" content=\"2136\" \/>\n\t<meta property=\"og:image:type\" content=\"image\/jpeg\" \/>\n<meta name=\"author\" content=\"Jean-Christophe\" \/>\n<meta name=\"twitter:label1\" content=\"\u00c9crit par\" \/>\n\t<meta name=\"twitter:data1\" content=\"Jean-Christophe\" \/>\n\t<meta name=\"twitter:label2\" content=\"Dur\u00e9e de lecture estim\u00e9e\" \/>\n\t<meta name=\"twitter:data2\" content=\"2 minutes\" \/>\n<script type=\"application\/ld+json\" class=\"yoast-schema-graph\">{\"@context\":\"https:\\\/\\\/schema.org\",\"@graph\":[{\"@type\":\"Article\",\"@id\":\"https:\\\/\\\/www.aclanester56.com\\\/velo\\\/trois-dirigeants-lanesteriens-honores-vendredi-dernier\\\/#article\",\"isPartOf\":{\"@id\":\"https:\\\/\\\/www.aclanester56.com\\\/velo\\\/trois-dirigeants-lanesteriens-honores-vendredi-dernier\\\/\"},\"author\":{\"name\":\"Jean-Christophe\",\"@id\":\"https:\\\/\\\/www.aclanester56.com\\\/velo\\\/#\\\/schema\\\/person\\\/ca2a44a5fd969e9dd846c72d3b33bc01\"},\"headline\":\"Trois dirigeants lanest\u00e9riens honor\u00e9s vendredi dernier\",\"datePublished\":\"2011-02-25T15:45:48+00:00\",\"dateModified\":\"2011-02-27T17:36:58+00:00\",\"mainEntityOfPage\":{\"@id\":\"https:\\\/\\\/www.aclanester56.com\\\/velo\\\/trois-dirigeants-lanesteriens-honores-vendredi-dernier\\\/\"},\"wordCount\":329,\"commentCount\":0,\"publisher\":{\"@id\":\"https:\\\/\\\/www.aclanester56.com\\\/velo\\\/#organization\"},\"image\":{\"@id\":\"https:\\\/\\\/www.aclanester56.com\\\/velo\\\/trois-dirigeants-lanesteriens-honores-vendredi-dernier\\\/#primaryimage\"},\"thumbnailUrl\":\"https:\\\/\\\/www.aclanester56.com\\\/velo\\\/wp-content\\\/uploads\\\/2011\\\/02\\\/DSC_8375.jpg\",\"articleSection\":[\"AC LANESTER 56\"],\"inLanguage\":\"fr-FR\",\"potentialAction\":[{\"@type\":\"CommentAction\",\"name\":\"Comment\",\"target\":[\"https:\\\/\\\/www.aclanester56.com\\\/velo\\\/trois-dirigeants-lanesteriens-honores-vendredi-dernier\\\/#respond\"]}]},{\"@type\":\"WebPage\",\"@id\":\"https:\\\/\\\/www.aclanester56.com\\\/velo\\\/trois-dirigeants-lanesteriens-honores-vendredi-dernier\\\/\",\"url\":\"https:\\\/\\\/www.aclanester56.com\\\/velo\\\/trois-dirigeants-lanesteriens-honores-vendredi-dernier\\\/\",\"name\":\"Trois dirigeants lanest\u00e9riens honor\u00e9s vendredi dernier - Avenir Cycliste Lanester 56\",\"isPartOf\":{\"@id\":\"https:\\\/\\\/www.aclanester56.com\\\/velo\\\/#website\"},\"primaryImageOfPage\":{\"@id\":\"https:\\\/\\\/www.aclanester56.com\\\/velo\\\/trois-dirigeants-lanesteriens-honores-vendredi-dernier\\\/#primaryimage\"},\"image\":{\"@id\":\"https:\\\/\\\/www.aclanester56.com\\\/velo\\\/trois-dirigeants-lanesteriens-honores-vendredi-dernier\\\/#primaryimage\"},\"thumbnailUrl\":\"https:\\\/\\\/www.aclanester56.com\\\/velo\\\/wp-content\\\/uploads\\\/2011\\\/02\\\/DSC_8375.jpg\",\"datePublished\":\"2011-02-25T15:45:48+00:00\",\"dateModified\":\"2011-02-27T17:36:58+00:00\",\"inLanguage\":\"fr-FR\",\"potentialAction\":[{\"@type\":\"ReadAction\",\"target\":[\"https:\\\/\\\/www.aclanester56.com\\\/velo\\\/trois-dirigeants-lanesteriens-honores-vendredi-dernier\\\/\"]}]},{\"@type\":\"ImageObject\",\"inLanguage\":\"fr-FR\",\"@id\":\"https:\\\/\\\/www.aclanester56.com\\\/velo\\\/trois-dirigeants-lanesteriens-honores-vendredi-dernier\\\/#primaryimage\",\"url\":\"https:\\\/\\\/www.aclanester56.com\\\/velo\\\/wp-content\\\/uploads\\\/2011\\\/02\\\/DSC_8375.jpg\",\"contentUrl\":\"https:\\\/\\\/www.aclanester56.com\\\/velo\\\/wp-content\\\/uploads\\\/2011\\\/02\\\/DSC_8375.jpg\",\"width\":3216,\"height\":2136,\"caption\":\"Cathy LE GALL, Franck GUIGO et Marc ESVAN ont re\u00e7u leur m\u00e9daille des mains de Philippe CESCATTI, secr\u00e9taire g\u00e9n\u00e9ral du Comit\u00e9 du Morbihan (photo Philippe LE COCQ)\"},{\"@type\":\"WebSite\",\"@id\":\"https:\\\/\\\/www.aclanester56.com\\\/velo\\\/#website\",\"url\":\"https:\\\/\\\/www.aclanester56.com\\\/velo\\\/\",\"name\":\"Avenir Cycliste Lanester 56\",\"description\":\"Club cycliste de l&#039;AC LANESTER 56\",\"publisher\":{\"@id\":\"https:\\\/\\\/www.aclanester56.com\\\/velo\\\/#organization\"},\"potentialAction\":[{\"@type\":\"SearchAction\",\"target\":{\"@type\":\"EntryPoint\",\"urlTemplate\":\"https:\\\/\\\/www.aclanester56.com\\\/velo\\\/?s={search_term_string}\"},\"query-input\":{\"@type\":\"PropertyValueSpecification\",\"valueRequired\":true,\"valueName\":\"search_term_string\"}}],\"inLanguage\":\"fr-FR\"},{\"@type\":\"Organization\",\"@id\":\"https:\\\/\\\/www.aclanester56.com\\\/velo\\\/#organization\",\"name\":\"Avenir Cycliste Lanester 56\",\"url\":\"https:\\\/\\\/www.aclanester56.com\\\/velo\\\/\",\"logo\":{\"@type\":\"ImageObject\",\"inLanguage\":\"fr-FR\",\"@id\":\"https:\\\/\\\/www.aclanester56.com\\\/velo\\\/#\\\/schema\\\/logo\\\/image\\\/\",\"url\":\"https:\\\/\\\/www.aclanester56.com\\\/velo\\\/wp-content\\\/uploads\\\/2013\\\/04\\\/logo-ACL.jpg\",\"contentUrl\":\"https:\\\/\\\/www.aclanester56.com\\\/velo\\\/wp-content\\\/uploads\\\/2013\\\/04\\\/logo-ACL.jpg\",\"width\":400,\"height\":334,\"caption\":\"Avenir Cycliste Lanester 56\"},\"image\":{\"@id\":\"https:\\\/\\\/www.aclanester56.com\\\/velo\\\/#\\\/schema\\\/logo\\\/image\\\/\"},\"sameAs\":[\"https:\\\/\\\/www.facebook.com\\\/pages\\\/AC-Lanester-56\\\/190286300991242?fref=ts\"]},{\"@type\":\"Person\",\"@id\":\"https:\\\/\\\/www.aclanester56.com\\\/velo\\\/#\\\/schema\\\/person\\\/ca2a44a5fd969e9dd846c72d3b33bc01\",\"name\":\"Jean-Christophe\",\"url\":\"https:\\\/\\\/www.aclanester56.com\\\/velo\\\/author\\\/jeanchristophe\\\/\"}]}<\/script>\n<!-- \/ Yoast SEO plugin. -->","yoast_head_json":{"title":"Trois dirigeants lanest\u00e9riens honor\u00e9s vendredi dernier - Avenir Cycliste Lanester 56","robots":{"index":"index","follow":"follow","max-snippet":"max-snippet:-1","max-image-preview":"max-image-preview:large","max-video-preview":"max-video-preview:-1"},"canonical":"https:\/\/www.aclanester56.com\/velo\/trois-dirigeants-lanesteriens-honores-vendredi-dernier\/","og_locale":"fr_FR","og_type":"article","og_title":"Trois dirigeants lanest\u00e9riens honor\u00e9s vendredi dernier - Avenir Cycliste Lanester 56","og_description":"Trois b\u00e9n\u00e9voles actifs licenci\u00e9s \u00e0 l&rsquo;AC LANESTER 56 avaient \u00e9t\u00e9 r\u00e9compens\u00e9s lors de l&rsquo;assembl\u00e9e g\u00e9n\u00e9rale du Comit\u00e9 du Morbihan de [&hellip;]","og_url":"https:\/\/www.aclanester56.com\/velo\/trois-dirigeants-lanesteriens-honores-vendredi-dernier\/","og_site_name":"Avenir Cycliste Lanester 56","article_publisher":"https:\/\/www.facebook.com\/pages\/AC-Lanester-56\/190286300991242?fref=ts","article_published_time":"2011-02-25T15:45:48+00:00","article_modified_time":"2011-02-27T17:36:58+00:00","og_image":[{"width":3216,"height":2136,"url":"https:\/\/www.aclanester56.com\/velo\/wp-content\/uploads\/2011\/02\/DSC_8375.jpg","type":"image\/jpeg"}],"author":"Jean-Christophe","twitter_misc":{"\u00c9crit par":"Jean-Christophe","Dur\u00e9e de lecture estim\u00e9e":"2 minutes"},"schema":{"@context":"https:\/\/schema.org","@graph":[{"@type":"Article","@id":"https:\/\/www.aclanester56.com\/velo\/trois-dirigeants-lanesteriens-honores-vendredi-dernier\/#article","isPartOf":{"@id":"https:\/\/www.aclanester56.com\/velo\/trois-dirigeants-lanesteriens-honores-vendredi-dernier\/"},"author":{"name":"Jean-Christophe","@id":"https:\/\/www.aclanester56.com\/velo\/#\/schema\/person\/ca2a44a5fd969e9dd846c72d3b33bc01"},"headline":"Trois dirigeants lanest\u00e9riens honor\u00e9s vendredi dernier","datePublished":"2011-02-25T15:45:48+00:00","dateModified":"2011-02-27T17:36:58+00:00","mainEntityOfPage":{"@id":"https:\/\/www.aclanester56.com\/velo\/trois-dirigeants-lanesteriens-honores-vendredi-dernier\/"},"wordCount":329,"commentCount":0,"publisher":{"@id":"https:\/\/www.aclanester56.com\/velo\/#organization"},"image":{"@id":"https:\/\/www.aclanester56.com\/velo\/trois-dirigeants-lanesteriens-honores-vendredi-dernier\/#primaryimage"},"thumbnailUrl":"https:\/\/www.aclanester56.com\/velo\/wp-content\/uploads\/2011\/02\/DSC_8375.jpg","articleSection":["AC LANESTER 56"],"inLanguage":"fr-FR","potentialAction":[{"@type":"CommentAction","name":"Comment","target":["https:\/\/www.aclanester56.com\/velo\/trois-dirigeants-lanesteriens-honores-vendredi-dernier\/#respond"]}]},{"@type":"WebPage","@id":"https:\/\/www.aclanester56.com\/velo\/trois-dirigeants-lanesteriens-honores-vendredi-dernier\/","url":"https:\/\/www.aclanester56.com\/velo\/trois-dirigeants-lanesteriens-honores-vendredi-dernier\/","name":"Trois dirigeants lanest\u00e9riens honor\u00e9s vendredi dernier - Avenir Cycliste Lanester 56","isPartOf":{"@id":"https:\/\/www.aclanester56.com\/velo\/#website"},"primaryImageOfPage":{"@id":"https:\/\/www.aclanester56.com\/velo\/trois-dirigeants-lanesteriens-honores-vendredi-dernier\/#primaryimage"},"image":{"@id":"https:\/\/www.aclanester56.com\/velo\/trois-dirigeants-lanesteriens-honores-vendredi-dernier\/#primaryimage"},"thumbnailUrl":"https:\/\/www.aclanester56.com\/velo\/wp-content\/uploads\/2011\/02\/DSC_8375.jpg","datePublished":"2011-02-25T15:45:48+00:00","dateModified":"2011-02-27T17:36:58+00:00","inLanguage":"fr-FR","potentialAction":[{"@type":"ReadAction","target":["https:\/\/www.aclanester56.com\/velo\/trois-dirigeants-lanesteriens-honores-vendredi-dernier\/"]}]},{"@type":"ImageObject","inLanguage":"fr-FR","@id":"https:\/\/www.aclanester56.com\/velo\/trois-dirigeants-lanesteriens-honores-vendredi-dernier\/#primaryimage","url":"https:\/\/www.aclanester56.com\/velo\/wp-content\/uploads\/2011\/02\/DSC_8375.jpg","contentUrl":"https:\/\/www.aclanester56.com\/velo\/wp-content\/uploads\/2011\/02\/DSC_8375.jpg","width":3216,"height":2136,"caption":"Cathy LE GALL, Franck GUIGO et Marc ESVAN ont re\u00e7u leur m\u00e9daille des mains de Philippe CESCATTI, secr\u00e9taire g\u00e9n\u00e9ral du Comit\u00e9 du Morbihan (photo Philippe LE COCQ)"},{"@type":"WebSite","@id":"https:\/\/www.aclanester56.com\/velo\/#website","url":"https:\/\/www.aclanester56.com\/velo\/","name":"Avenir Cycliste Lanester 56","description":"Club cycliste de l&#039;AC LANESTER 56","publisher":{"@id":"https:\/\/www.aclanester56.com\/velo\/#organization"},"potentialAction":[{"@type":"SearchAction","target":{"@type":"EntryPoint","urlTemplate":"https:\/\/www.aclanester56.com\/velo\/?s={search_term_string}"},"query-input":{"@type":"PropertyValueSpecification","valueRequired":true,"valueName":"search_term_string"}}],"inLanguage":"fr-FR"},{"@type":"Organization","@id":"https:\/\/www.aclanester56.com\/velo\/#organization","name":"Avenir Cycliste Lanester 56","url":"https:\/\/www.aclanester56.com\/velo\/","logo":{"@type":"ImageObject","inLanguage":"fr-FR","@id":"https:\/\/www.aclanester56.com\/velo\/#\/schema\/logo\/image\/","url":"https:\/\/www.aclanester56.com\/velo\/wp-content\/uploads\/2013\/04\/logo-ACL.jpg","contentUrl":"https:\/\/www.aclanester56.com\/velo\/wp-content\/uploads\/2013\/04\/logo-ACL.jpg","width":400,"height":334,"caption":"Avenir Cycliste Lanester 56"},"image":{"@id":"https:\/\/www.aclanester56.com\/velo\/#\/schema\/logo\/image\/"},"sameAs":["https:\/\/www.facebook.com\/pages\/AC-Lanester-56\/190286300991242?fref=ts"]},{"@type":"Person","@id":"https:\/\/www.aclanester56.com\/velo\/#\/schema\/person\/ca2a44a5fd969e9dd846c72d3b33bc01","name":"Jean-Christophe","url":"https:\/\/www.aclanester56.com\/velo\/author\/jeanchristophe\/"}]}},"_links":{"self":[{"href":"https:\/\/www.aclanester56.com\/velo\/wp-json\/wp\/v2\/posts\/7293","targetHints":{"allow":["GET"]}}],"collection":[{"href":"https:\/\/www.aclanester56.com\/velo\/wp-json\/wp\/v2\/posts"}],"about":[{"href":"https:\/\/www.aclanester56.com\/velo\/wp-json\/wp\/v2\/types\/post"}],"author":[{"embeddable":true,"href":"https:\/\/www.aclanester56.com\/velo\/wp-json\/wp\/v2\/users\/14"}],"replies":[{"embeddable":true,"href":"https:\/\/www.aclanester56.com\/velo\/wp-json\/wp\/v2\/comments?post=7293"}],"version-history":[{"count":0,"href":"https:\/\/www.aclanester56.com\/velo\/wp-json\/wp\/v2\/posts\/7293\/revisions"}],"wp:featuredmedia":[{"embeddable":true,"href":"https:\/\/www.aclanester56.com\/velo\/wp-json\/wp\/v2\/media\/7294"}],"wp:attachment":[{"href":"https:\/\/www.aclanester56.com\/velo\/wp-json\/wp\/v2\/media?parent=7293"}],"wp:term":[{"taxonomy":"category","embeddable":true,"href":"https:\/\/www.aclanester56.com\/velo\/wp-json\/wp\/v2\/categories?post=7293"},{"taxonomy":"post_tag","embeddable":true,"href":"https:\/\/www.aclanester56.com\/velo\/wp-json\/wp\/v2\/tags?post=7293"}],"curies":[{"name":"wp","href":"https:\/\/api.w.org\/{rel}","templated":true}]}}