{"id":7304,"date":"2011-02-25T21:15:35","date_gmt":"2011-02-25T20:15:35","guid":{"rendered":"http:\/\/www.aclanester56.com\/velo\/?p=7304"},"modified":"2011-02-27T18:36:50","modified_gmt":"2011-02-27T17:36:50","slug":"debuts-de-l%e2%80%99ecole-de-cyclisme-a-radenac","status":"publish","type":"post","link":"https:\/\/www.aclanester56.com\/velo\/debuts-de-l%e2%80%99ecole-de-cyclisme-a-radenac\/","title":{"rendered":"D\u00e9buts de l\u2019Ecole de Cyclisme \u00e0 Radenac"},"content":{"rendered":"<div id=\"attachment_7307\" style=\"width: 370px\" class=\"wp-caption alignleft\"><a href=\"http:\/\/www.aclanester56.com\/velo\/wp-content\/uploads\/2011\/02\/19-02-2011-2.jpg\" ><img loading=\"lazy\" decoding=\"async\" aria-describedby=\"caption-attachment-7307\" src=\"http:\/\/www.aclanester56.com\/velo\/wp-content\/uploads\/2011\/02\/19-02-2011-2.jpg\" alt=\"\" title=\"La saison d\u00e9bute ce week-end \u00e9galement pour l&#039;Ecole de Cyclisme de l&#039;AC LANESTER 56 ! (photo Sonia OLLIVIER)\" width=\"360\" height=\"270\" class=\"size-full wp-image-7307\" srcset=\"https:\/\/www.aclanester56.com\/velo\/wp-content\/uploads\/2011\/02\/19-02-2011-2.jpg 720w, https:\/\/www.aclanester56.com\/velo\/wp-content\/uploads\/2011\/02\/19-02-2011-2-300x225.jpg 300w\" sizes=\"auto, (max-width: 360px) 100vw, 360px\" \/><\/a><p id=\"caption-attachment-7307\" class=\"wp-caption-text\">La saison d\u00e9bute ce week-end \u00e9galement pour l'Ecole de Cyclisme de l'AC LANESTER 56 ! (photo Sonia OLLIVIER)<\/p><\/div>\n<p style=\"text-align: justify;\">Ce week end marque \u00e9galement le d\u00e9but de la saison pour les plus jeunes soci\u00e9taires de l&rsquo;AC LANESTER 56 !<\/p>\n<p><br class=\"spacer_\" \/><\/p>\n<p><!--more--><\/p>\n<p><br class=\"spacer_\" \/><\/p>\n<p style=\"text-align: justify;\">L&rsquo;Ecole de Cyclisme sera pr\u00e9sente sur le v\u00e9lodrome de Plouay samedi pour la premi\u00e8re journ\u00e9e d\u00e9couverte de la piste &#8230;<\/p>\n<p style=\"text-align: justify;\">&#8230; et dimanche, ils seront \u00e0 Radenac (pr\u00e8s de Locmin\u00e9) ! Pour certains de nos futurs champions, il s&rsquo;agira m\u00eame de leur toute premi\u00e8re course !<\/p>\n<p style=\"text-align: justify;\">Retrouvez les r\u00e9sultats la semaine prochaine !<\/p>\n<p><br class=\"spacer_\" \/><\/p>\n","protected":false},"excerpt":{"rendered":"<p>Ce week end marque \u00e9galement le d\u00e9but de la saison pour les plus jeunes soci\u00e9taires de l&rsquo;AC LANESTER 56 !<\/p>\n","protected":false},"author":14,"featured_media":7307,"comment_status":"open","ping_status":"closed","sticky":false,"template":"","format":"standard","meta":{"ngg_post_thumbnail":0,"footnotes":""},"categories":[5],"tags":[],"class_list":["post-7304","post","type-post","status-publish","format-standard","has-post-thumbnail","hentry","category-ac-lanester-56"],"yoast_head":"<!-- This site is optimized with the Yoast SEO plugin v27.5 - https:\/\/yoast.com\/product\/yoast-seo-wordpress\/ -->\n<title>D\u00e9buts de l\u2019Ecole de Cyclisme \u00e0 Radenac - Avenir Cycliste Lanester 56<\/title>\n<meta name=\"robots\" content=\"index, follow, max-snippet:-1, max-image-preview:large, max-video-preview:-1\" \/>\n<link rel=\"canonical\" href=\"https:\/\/www.aclanester56.com\/velo\/debuts-de-l\u2019ecole-de-cyclisme-a-radenac\/\" \/>\n<meta property=\"og:locale\" content=\"fr_FR\" \/>\n<meta property=\"og:type\" content=\"article\" \/>\n<meta property=\"og:title\" content=\"D\u00e9buts de l\u2019Ecole de Cyclisme \u00e0 Radenac - Avenir Cycliste Lanester 56\" \/>\n<meta property=\"og:description\" content=\"Ce week end marque \u00e9galement le d\u00e9but de la saison pour les plus jeunes soci\u00e9taires de l&rsquo;AC LANESTER 56 !\" \/>\n<meta property=\"og:url\" content=\"https:\/\/www.aclanester56.com\/velo\/debuts-de-l\u2019ecole-de-cyclisme-a-radenac\/\" \/>\n<meta property=\"og:site_name\" content=\"Avenir Cycliste Lanester 56\" \/>\n<meta property=\"article:publisher\" content=\"https:\/\/www.facebook.com\/pages\/AC-Lanester-56\/190286300991242?fref=ts\" \/>\n<meta property=\"article:published_time\" content=\"2011-02-25T20:15:35+00:00\" \/>\n<meta property=\"article:modified_time\" content=\"2011-02-27T17:36:50+00:00\" \/>\n<meta property=\"og:image\" content=\"https:\/\/www.aclanester56.com\/velo\/wp-content\/uploads\/2011\/02\/19-02-2011-2.jpg\" \/>\n\t<meta property=\"og:image:width\" content=\"720\" \/>\n\t<meta property=\"og:image:height\" content=\"540\" \/>\n\t<meta property=\"og:image:type\" content=\"image\/jpeg\" \/>\n<meta name=\"author\" content=\"Jean-Christophe\" \/>\n<meta name=\"twitter:label1\" content=\"\u00c9crit par\" \/>\n\t<meta name=\"twitter:data1\" content=\"Jean-Christophe\" \/>\n\t<meta name=\"twitter:label2\" content=\"Dur\u00e9e de lecture estim\u00e9e\" \/>\n\t<meta name=\"twitter:data2\" content=\"1 minute\" \/>\n<script type=\"application\/ld+json\" class=\"yoast-schema-graph\">{\"@context\":\"https:\\\/\\\/schema.org\",\"@graph\":[{\"@type\":\"Article\",\"@id\":\"https:\\\/\\\/www.aclanester56.com\\\/velo\\\/debuts-de-l%e2%80%99ecole-de-cyclisme-a-radenac\\\/#article\",\"isPartOf\":{\"@id\":\"https:\\\/\\\/www.aclanester56.com\\\/velo\\\/debuts-de-l%e2%80%99ecole-de-cyclisme-a-radenac\\\/\"},\"author\":{\"name\":\"Jean-Christophe\",\"@id\":\"https:\\\/\\\/www.aclanester56.com\\\/velo\\\/#\\\/schema\\\/person\\\/ca2a44a5fd969e9dd846c72d3b33bc01\"},\"headline\":\"D\u00e9buts de l\u2019Ecole de Cyclisme \u00e0 Radenac\",\"datePublished\":\"2011-02-25T20:15:35+00:00\",\"dateModified\":\"2011-02-27T17:36:50+00:00\",\"mainEntityOfPage\":{\"@id\":\"https:\\\/\\\/www.aclanester56.com\\\/velo\\\/debuts-de-l%e2%80%99ecole-de-cyclisme-a-radenac\\\/\"},\"wordCount\":111,\"commentCount\":0,\"publisher\":{\"@id\":\"https:\\\/\\\/www.aclanester56.com\\\/velo\\\/#organization\"},\"image\":{\"@id\":\"https:\\\/\\\/www.aclanester56.com\\\/velo\\\/debuts-de-l%e2%80%99ecole-de-cyclisme-a-radenac\\\/#primaryimage\"},\"thumbnailUrl\":\"https:\\\/\\\/www.aclanester56.com\\\/velo\\\/wp-content\\\/uploads\\\/2011\\\/02\\\/19-02-2011-2.jpg\",\"articleSection\":[\"AC LANESTER 56\"],\"inLanguage\":\"fr-FR\",\"potentialAction\":[{\"@type\":\"CommentAction\",\"name\":\"Comment\",\"target\":[\"https:\\\/\\\/www.aclanester56.com\\\/velo\\\/debuts-de-l%e2%80%99ecole-de-cyclisme-a-radenac\\\/#respond\"]}]},{\"@type\":\"WebPage\",\"@id\":\"https:\\\/\\\/www.aclanester56.com\\\/velo\\\/debuts-de-l%e2%80%99ecole-de-cyclisme-a-radenac\\\/\",\"url\":\"https:\\\/\\\/www.aclanester56.com\\\/velo\\\/debuts-de-l%e2%80%99ecole-de-cyclisme-a-radenac\\\/\",\"name\":\"D\u00e9buts de l\u2019Ecole de Cyclisme \u00e0 Radenac - Avenir Cycliste Lanester 56\",\"isPartOf\":{\"@id\":\"https:\\\/\\\/www.aclanester56.com\\\/velo\\\/#website\"},\"primaryImageOfPage\":{\"@id\":\"https:\\\/\\\/www.aclanester56.com\\\/velo\\\/debuts-de-l%e2%80%99ecole-de-cyclisme-a-radenac\\\/#primaryimage\"},\"image\":{\"@id\":\"https:\\\/\\\/www.aclanester56.com\\\/velo\\\/debuts-de-l%e2%80%99ecole-de-cyclisme-a-radenac\\\/#primaryimage\"},\"thumbnailUrl\":\"https:\\\/\\\/www.aclanester56.com\\\/velo\\\/wp-content\\\/uploads\\\/2011\\\/02\\\/19-02-2011-2.jpg\",\"datePublished\":\"2011-02-25T20:15:35+00:00\",\"dateModified\":\"2011-02-27T17:36:50+00:00\",\"inLanguage\":\"fr-FR\",\"potentialAction\":[{\"@type\":\"ReadAction\",\"target\":[\"https:\\\/\\\/www.aclanester56.com\\\/velo\\\/debuts-de-l%e2%80%99ecole-de-cyclisme-a-radenac\\\/\"]}]},{\"@type\":\"ImageObject\",\"inLanguage\":\"fr-FR\",\"@id\":\"https:\\\/\\\/www.aclanester56.com\\\/velo\\\/debuts-de-l%e2%80%99ecole-de-cyclisme-a-radenac\\\/#primaryimage\",\"url\":\"https:\\\/\\\/www.aclanester56.com\\\/velo\\\/wp-content\\\/uploads\\\/2011\\\/02\\\/19-02-2011-2.jpg\",\"contentUrl\":\"https:\\\/\\\/www.aclanester56.com\\\/velo\\\/wp-content\\\/uploads\\\/2011\\\/02\\\/19-02-2011-2.jpg\",\"width\":720,\"height\":540,\"caption\":\"La saison d\u00e9bute ce week-end \u00e9galement pour l'Ecole de Cyclisme de l'AC LANESTER 56 ! (photo Sonia OLLIVIER)\"},{\"@type\":\"WebSite\",\"@id\":\"https:\\\/\\\/www.aclanester56.com\\\/velo\\\/#website\",\"url\":\"https:\\\/\\\/www.aclanester56.com\\\/velo\\\/\",\"name\":\"Avenir Cycliste Lanester 56\",\"description\":\"Club cycliste de l&#039;AC LANESTER 56\",\"publisher\":{\"@id\":\"https:\\\/\\\/www.aclanester56.com\\\/velo\\\/#organization\"},\"potentialAction\":[{\"@type\":\"SearchAction\",\"target\":{\"@type\":\"EntryPoint\",\"urlTemplate\":\"https:\\\/\\\/www.aclanester56.com\\\/velo\\\/?s={search_term_string}\"},\"query-input\":{\"@type\":\"PropertyValueSpecification\",\"valueRequired\":true,\"valueName\":\"search_term_string\"}}],\"inLanguage\":\"fr-FR\"},{\"@type\":\"Organization\",\"@id\":\"https:\\\/\\\/www.aclanester56.com\\\/velo\\\/#organization\",\"name\":\"Avenir Cycliste Lanester 56\",\"url\":\"https:\\\/\\\/www.aclanester56.com\\\/velo\\\/\",\"logo\":{\"@type\":\"ImageObject\",\"inLanguage\":\"fr-FR\",\"@id\":\"https:\\\/\\\/www.aclanester56.com\\\/velo\\\/#\\\/schema\\\/logo\\\/image\\\/\",\"url\":\"https:\\\/\\\/www.aclanester56.com\\\/velo\\\/wp-content\\\/uploads\\\/2013\\\/04\\\/logo-ACL.jpg\",\"contentUrl\":\"https:\\\/\\\/www.aclanester56.com\\\/velo\\\/wp-content\\\/uploads\\\/2013\\\/04\\\/logo-ACL.jpg\",\"width\":400,\"height\":334,\"caption\":\"Avenir Cycliste Lanester 56\"},\"image\":{\"@id\":\"https:\\\/\\\/www.aclanester56.com\\\/velo\\\/#\\\/schema\\\/logo\\\/image\\\/\"},\"sameAs\":[\"https:\\\/\\\/www.facebook.com\\\/pages\\\/AC-Lanester-56\\\/190286300991242?fref=ts\"]},{\"@type\":\"Person\",\"@id\":\"https:\\\/\\\/www.aclanester56.com\\\/velo\\\/#\\\/schema\\\/person\\\/ca2a44a5fd969e9dd846c72d3b33bc01\",\"name\":\"Jean-Christophe\",\"url\":\"https:\\\/\\\/www.aclanester56.com\\\/velo\\\/author\\\/jeanchristophe\\\/\"}]}<\/script>\n<!-- \/ Yoast SEO plugin. -->","yoast_head_json":{"title":"D\u00e9buts de l\u2019Ecole de Cyclisme \u00e0 Radenac - Avenir Cycliste Lanester 56","robots":{"index":"index","follow":"follow","max-snippet":"max-snippet:-1","max-image-preview":"max-image-preview:large","max-video-preview":"max-video-preview:-1"},"canonical":"https:\/\/www.aclanester56.com\/velo\/debuts-de-l\u2019ecole-de-cyclisme-a-radenac\/","og_locale":"fr_FR","og_type":"article","og_title":"D\u00e9buts de l\u2019Ecole de Cyclisme \u00e0 Radenac - Avenir Cycliste Lanester 56","og_description":"Ce week end marque \u00e9galement le d\u00e9but de la saison pour les plus jeunes soci\u00e9taires de l&rsquo;AC LANESTER 56 !","og_url":"https:\/\/www.aclanester56.com\/velo\/debuts-de-l\u2019ecole-de-cyclisme-a-radenac\/","og_site_name":"Avenir Cycliste Lanester 56","article_publisher":"https:\/\/www.facebook.com\/pages\/AC-Lanester-56\/190286300991242?fref=ts","article_published_time":"2011-02-25T20:15:35+00:00","article_modified_time":"2011-02-27T17:36:50+00:00","og_image":[{"width":720,"height":540,"url":"https:\/\/www.aclanester56.com\/velo\/wp-content\/uploads\/2011\/02\/19-02-2011-2.jpg","type":"image\/jpeg"}],"author":"Jean-Christophe","twitter_misc":{"\u00c9crit par":"Jean-Christophe","Dur\u00e9e de lecture estim\u00e9e":"1 minute"},"schema":{"@context":"https:\/\/schema.org","@graph":[{"@type":"Article","@id":"https:\/\/www.aclanester56.com\/velo\/debuts-de-l%e2%80%99ecole-de-cyclisme-a-radenac\/#article","isPartOf":{"@id":"https:\/\/www.aclanester56.com\/velo\/debuts-de-l%e2%80%99ecole-de-cyclisme-a-radenac\/"},"author":{"name":"Jean-Christophe","@id":"https:\/\/www.aclanester56.com\/velo\/#\/schema\/person\/ca2a44a5fd969e9dd846c72d3b33bc01"},"headline":"D\u00e9buts de l\u2019Ecole de Cyclisme \u00e0 Radenac","datePublished":"2011-02-25T20:15:35+00:00","dateModified":"2011-02-27T17:36:50+00:00","mainEntityOfPage":{"@id":"https:\/\/www.aclanester56.com\/velo\/debuts-de-l%e2%80%99ecole-de-cyclisme-a-radenac\/"},"wordCount":111,"commentCount":0,"publisher":{"@id":"https:\/\/www.aclanester56.com\/velo\/#organization"},"image":{"@id":"https:\/\/www.aclanester56.com\/velo\/debuts-de-l%e2%80%99ecole-de-cyclisme-a-radenac\/#primaryimage"},"thumbnailUrl":"https:\/\/www.aclanester56.com\/velo\/wp-content\/uploads\/2011\/02\/19-02-2011-2.jpg","articleSection":["AC LANESTER 56"],"inLanguage":"fr-FR","potentialAction":[{"@type":"CommentAction","name":"Comment","target":["https:\/\/www.aclanester56.com\/velo\/debuts-de-l%e2%80%99ecole-de-cyclisme-a-radenac\/#respond"]}]},{"@type":"WebPage","@id":"https:\/\/www.aclanester56.com\/velo\/debuts-de-l%e2%80%99ecole-de-cyclisme-a-radenac\/","url":"https:\/\/www.aclanester56.com\/velo\/debuts-de-l%e2%80%99ecole-de-cyclisme-a-radenac\/","name":"D\u00e9buts de l\u2019Ecole de Cyclisme \u00e0 Radenac - Avenir Cycliste Lanester 56","isPartOf":{"@id":"https:\/\/www.aclanester56.com\/velo\/#website"},"primaryImageOfPage":{"@id":"https:\/\/www.aclanester56.com\/velo\/debuts-de-l%e2%80%99ecole-de-cyclisme-a-radenac\/#primaryimage"},"image":{"@id":"https:\/\/www.aclanester56.com\/velo\/debuts-de-l%e2%80%99ecole-de-cyclisme-a-radenac\/#primaryimage"},"thumbnailUrl":"https:\/\/www.aclanester56.com\/velo\/wp-content\/uploads\/2011\/02\/19-02-2011-2.jpg","datePublished":"2011-02-25T20:15:35+00:00","dateModified":"2011-02-27T17:36:50+00:00","inLanguage":"fr-FR","potentialAction":[{"@type":"ReadAction","target":["https:\/\/www.aclanester56.com\/velo\/debuts-de-l%e2%80%99ecole-de-cyclisme-a-radenac\/"]}]},{"@type":"ImageObject","inLanguage":"fr-FR","@id":"https:\/\/www.aclanester56.com\/velo\/debuts-de-l%e2%80%99ecole-de-cyclisme-a-radenac\/#primaryimage","url":"https:\/\/www.aclanester56.com\/velo\/wp-content\/uploads\/2011\/02\/19-02-2011-2.jpg","contentUrl":"https:\/\/www.aclanester56.com\/velo\/wp-content\/uploads\/2011\/02\/19-02-2011-2.jpg","width":720,"height":540,"caption":"La saison d\u00e9bute ce week-end \u00e9galement pour l'Ecole de Cyclisme de l'AC LANESTER 56 ! (photo Sonia OLLIVIER)"},{"@type":"WebSite","@id":"https:\/\/www.aclanester56.com\/velo\/#website","url":"https:\/\/www.aclanester56.com\/velo\/","name":"Avenir Cycliste Lanester 56","description":"Club cycliste de l&#039;AC LANESTER 56","publisher":{"@id":"https:\/\/www.aclanester56.com\/velo\/#organization"},"potentialAction":[{"@type":"SearchAction","target":{"@type":"EntryPoint","urlTemplate":"https:\/\/www.aclanester56.com\/velo\/?s={search_term_string}"},"query-input":{"@type":"PropertyValueSpecification","valueRequired":true,"valueName":"search_term_string"}}],"inLanguage":"fr-FR"},{"@type":"Organization","@id":"https:\/\/www.aclanester56.com\/velo\/#organization","name":"Avenir Cycliste Lanester 56","url":"https:\/\/www.aclanester56.com\/velo\/","logo":{"@type":"ImageObject","inLanguage":"fr-FR","@id":"https:\/\/www.aclanester56.com\/velo\/#\/schema\/logo\/image\/","url":"https:\/\/www.aclanester56.com\/velo\/wp-content\/uploads\/2013\/04\/logo-ACL.jpg","contentUrl":"https:\/\/www.aclanester56.com\/velo\/wp-content\/uploads\/2013\/04\/logo-ACL.jpg","width":400,"height":334,"caption":"Avenir Cycliste Lanester 56"},"image":{"@id":"https:\/\/www.aclanester56.com\/velo\/#\/schema\/logo\/image\/"},"sameAs":["https:\/\/www.facebook.com\/pages\/AC-Lanester-56\/190286300991242?fref=ts"]},{"@type":"Person","@id":"https:\/\/www.aclanester56.com\/velo\/#\/schema\/person\/ca2a44a5fd969e9dd846c72d3b33bc01","name":"Jean-Christophe","url":"https:\/\/www.aclanester56.com\/velo\/author\/jeanchristophe\/"}]}},"_links":{"self":[{"href":"https:\/\/www.aclanester56.com\/velo\/wp-json\/wp\/v2\/posts\/7304","targetHints":{"allow":["GET"]}}],"collection":[{"href":"https:\/\/www.aclanester56.com\/velo\/wp-json\/wp\/v2\/posts"}],"about":[{"href":"https:\/\/www.aclanester56.com\/velo\/wp-json\/wp\/v2\/types\/post"}],"author":[{"embeddable":true,"href":"https:\/\/www.aclanester56.com\/velo\/wp-json\/wp\/v2\/users\/14"}],"replies":[{"embeddable":true,"href":"https:\/\/www.aclanester56.com\/velo\/wp-json\/wp\/v2\/comments?post=7304"}],"version-history":[{"count":0,"href":"https:\/\/www.aclanester56.com\/velo\/wp-json\/wp\/v2\/posts\/7304\/revisions"}],"wp:featuredmedia":[{"embeddable":true,"href":"https:\/\/www.aclanester56.com\/velo\/wp-json\/wp\/v2\/media\/7307"}],"wp:attachment":[{"href":"https:\/\/www.aclanester56.com\/velo\/wp-json\/wp\/v2\/media?parent=7304"}],"wp:term":[{"taxonomy":"category","embeddable":true,"href":"https:\/\/www.aclanester56.com\/velo\/wp-json\/wp\/v2\/categories?post=7304"},{"taxonomy":"post_tag","embeddable":true,"href":"https:\/\/www.aclanester56.com\/velo\/wp-json\/wp\/v2\/tags?post=7304"}],"curies":[{"name":"wp","href":"https:\/\/api.w.org\/{rel}","templated":true}]}}