{"id":7314,"date":"2011-02-26T20:50:11","date_gmt":"2011-02-26T19:50:11","guid":{"rendered":"http:\/\/www.aclanester56.com\/velo\/?p=7314"},"modified":"2011-03-02T14:38:37","modified_gmt":"2011-03-02T13:38:37","slug":"la-melrandaise-les-lanesteriens-butent-sur-le-normand-fabien-taillefer","status":"publish","type":"post","link":"https:\/\/www.aclanester56.com\/velo\/la-melrandaise-les-lanesteriens-butent-sur-le-normand-fabien-taillefer\/","title":{"rendered":"La Melrandaise : Les Lanest\u00e9riens butent sur le Normand Taillefer"},"content":{"rendered":"<div id=\"attachment_7362\" style=\"width: 325px\" class=\"wp-caption alignleft\"><a href=\"http:\/\/www.aclanester56.com\/velo\/wp-content\/uploads\/2011\/02\/DSC03959-631x600.jpg\"><img loading=\"lazy\" decoding=\"async\" aria-describedby=\"caption-attachment-7362\" class=\"size-large wp-image-7362\" title=\"Les soci\u00e9taires de l'AC LANESTER 56 Vincent RAGOT et Warren BARGUIL terminent respectivement 3\u00e8me et 4\u00e8me  de La Melrandaise (photo Gabrielle TEIRLYNCK)\" src=\"http:\/\/www.aclanester56.com\/velo\/wp-content\/uploads\/2011\/02\/DSC03959-631x600.jpg\" alt=\"\" width=\"315\" height=\"300\" srcset=\"https:\/\/www.aclanester56.com\/velo\/wp-content\/uploads\/2011\/02\/DSC03959-631x600.jpg 631w, https:\/\/www.aclanester56.com\/velo\/wp-content\/uploads\/2011\/02\/DSC03959-300x285.jpg 300w, https:\/\/www.aclanester56.com\/velo\/wp-content\/uploads\/2011\/02\/DSC03959.jpg 1506w\" sizes=\"auto, (max-width: 315px) 100vw, 315px\" \/><\/a><p id=\"caption-attachment-7362\" class=\"wp-caption-text\">Les soci\u00e9taires de l&#39;AC LANESTER 56 Vincent RAGOT et Warren BARGUIL terminent respectivement 3\u00e8me et 4\u00e8me de La Melrandaise (photo Gabrielle TEIRLYNCK)<\/p><\/div>\n<p style=\"text-align: justify;\">L&rsquo;\u00e9preuve d&rsquo;ouverture de la saison bretonne sur route \u00e0 l&rsquo;occasion de la tr\u00e8s pris\u00e9e Melrandaise a offert un spectacle de toute beaut\u00e9 aujourd&rsquo;hui. Le public, venu en nombre, ne s&rsquo;y est d&rsquo;ailleurs pas tromp\u00e9. Le Normand Fabien TAILLEFER (USSA Pavilly Barentin) s&rsquo;est montr\u00e9 le plus fort \u00e0 l&rsquo;issue d&rsquo;une \u00e9preuve o\u00f9 les soci\u00e9taires de l&rsquo;AC LANESTER 56 n&rsquo;ont pourtant pas d\u00e9m\u00e9rit\u00e9.<\/p>\n<p><!--more--><\/p>\n<p><br class=\"spacer_\" \/><\/p>\n<p style=\"text-align: justify;\"><strong><span style=\"color: #ff6600;\">D\u00e9part sur les chapeaux de roues<\/span><\/strong><\/p>\n<p style=\"text-align: justify;\">Au bout de quelques kilom\u00e8tres de course, c&rsquo;est d&rsquo;ailleurs le futur vainqueur qui cr\u00e9e la bonne \u00e9chapp\u00e9e. Il entra\u00eene alors dans son sillage onze coureurs parmi lesquels Vincent RAGOT, Warren BARGUIL, Kevin SADOUDI et Yann LE BUREL (AC LANESTER 56), Maxime LE LAVANDIER (SOJASUN ESPOIR), David CHOPIN et J\u00e9remy LORIC (HENNEBONT CYCLISME), Loic TALLOT et Adrien GUYOMARD (VCP LORIENT) et S\u00e9bastien FOUCHER et Romain LEBRETON (GUIDON CHALETTOIS). La cause \u00e9tait entendue et ces coureurs n&rsquo;allaient plus \u00eatre revus.<\/p>\n<div id=\"attachment_7364\" style=\"width: 249px\" class=\"wp-caption alignright\"><a href=\"http:\/\/www.aclanester56.com\/velo\/wp-content\/uploads\/2011\/02\/DSC03992-477x600.jpg\"><img loading=\"lazy\" decoding=\"async\" aria-describedby=\"caption-attachment-7364\" class=\"size-large wp-image-7364\" title=\"Fabien TAILLEFER (USSA Pavily Barentin) s'impose \u00e0 Melrand (photo Gabrielle TEIRLYNCK)\" src=\"http:\/\/www.aclanester56.com\/velo\/wp-content\/uploads\/2011\/02\/DSC03992-477x600.jpg\" alt=\"\" width=\"239\" height=\"300\" srcset=\"https:\/\/www.aclanester56.com\/velo\/wp-content\/uploads\/2011\/02\/DSC03992-477x600.jpg 477w, https:\/\/www.aclanester56.com\/velo\/wp-content\/uploads\/2011\/02\/DSC03992-238x300.jpg 238w, https:\/\/www.aclanester56.com\/velo\/wp-content\/uploads\/2011\/02\/DSC03992.jpg 1028w\" sizes=\"auto, (max-width: 239px) 100vw, 239px\" \/><\/a><p id=\"caption-attachment-7364\" class=\"wp-caption-text\">Fabien TAILLEFER (USSA Pavily Barentin) s&#39;impose \u00e0 Melrand (photo Gabrielle TEIRLYNCK)<\/p><\/div>\n<p style=\"text-align: justify;\"><strong><span style=\"color: #ff6600;\">Taillefer fait la diff\u00e9rence sur le circuit final<\/span><\/strong><\/p>\n<p style=\"text-align: justify;\">Lors de l&rsquo;entame des premiers tours de l&rsquo;usant circuit final \u00e0 Melrand, cinq hommes se d\u00e9tachaient parmi lesquels les deux Lanest\u00e9riens Warren BARGUIL et Vincent RAGOT, mais \u00e9galement CHOPIN, FOUCHER et l&rsquo;in\u00e9vitable TAILLEFER. Ce dernier attaquait dans le final et s&rsquo;en allait remporter en solitaire La Melrandaise-Troph\u00e9e Hubert PERRON 2011. Le Chalettois FOUCHER prenait le meilleur sur Vincent RAGOT (AC LANESTER 56) pour la deuxi\u00e8me place. A une minute du vainqueur, Warren BARGUIL (AC LANESTER 56) prenait la 4\u00e8me place devant le Hennebontais CHOPIN.<\/p>\n<p style=\"text-align: justify;\"><strong><span style=\"color: #ff6600;\">Les Lanest\u00e9riens en jambes<\/span><\/strong><\/p>\n<p style=\"text-align: justify;\">Derri\u00e8re, les Lanest\u00e9riens r\u00e9alisent un joli tir group\u00e9 : Kevin SADOUDI termine 7\u00e8me, Yann LE BUREL 13\u00e8me, Anthony MIRA 14\u00e8me, Maxime CORNIC 15\u00e8me, Mael NIVINOU 17\u00e8me.<\/p>\n<p><strong><span style=\"color: #ff6600;\">Toutes les photos<\/span><\/strong><\/p>\n<p>Retrouvez notre reportage photo dans notre galerie consacr\u00e9e accessible <a href=\"http:\/\/www.aclanester56.com\/velo\/medias\/photos\/?album=7&amp;gallery=60\" target=\"_blank\">en cliquant ici<\/a>.<\/p>\n<p><br class=\"spacer_\" \/><\/p>\n<p><br class=\"spacer_\" \/><\/p>\n<div id=\"attachment_7365\" style=\"width: 266px\" class=\"wp-caption alignright\"><a href=\"http:\/\/www.aclanester56.com\/velo\/wp-content\/uploads\/2011\/02\/DSC03967-512x600.jpg\"><img loading=\"lazy\" decoding=\"async\" aria-describedby=\"caption-attachment-7365\" class=\"size-large wp-image-7365\" title=\"Le n\u00e9o-lanest\u00e9rien Yann LE BUREL a pris part \u00e0 la bonne \u00e9chapp\u00e9e du jour avant de se retrouver en contre quand le groupe de t\u00eate a explos\u00e9 (photo Gabrielle TEIRLYNCK)\" src=\"http:\/\/www.aclanester56.com\/velo\/wp-content\/uploads\/2011\/02\/DSC03967-512x600.jpg\" alt=\"\" width=\"256\" height=\"300\" srcset=\"https:\/\/www.aclanester56.com\/velo\/wp-content\/uploads\/2011\/02\/DSC03967-512x600.jpg 512w, https:\/\/www.aclanester56.com\/velo\/wp-content\/uploads\/2011\/02\/DSC03967-256x300.jpg 256w, https:\/\/www.aclanester56.com\/velo\/wp-content\/uploads\/2011\/02\/DSC03967.jpg 1104w\" sizes=\"auto, (max-width: 256px) 100vw, 256px\" \/><\/a><p id=\"caption-attachment-7365\" class=\"wp-caption-text\">Le n\u00e9o-lanest\u00e9rien Yann LE BUREL a pris part \u00e0 la bonne \u00e9chapp\u00e9e du jour avant de se retrouver en contre quand le groupe de t\u00eate a explos\u00e9 (photo Gabrielle TEIRLYNCK)<\/p><\/div>\n<div id=\"_mcePaste\"><strong><span style=\"text-decoration: underline;\">Classement :<\/span><\/strong><\/div>\n<div id=\"_mcePaste\">1 TAILLEFER Fabien (USSA PAVILLY BARENTIN)<\/div>\n<div id=\"_mcePaste\">2 FOUCHER S\u00e9bastien (GUIDON CHALETTOIS) \u00a0\u00e0 0&rsquo;20\u00a0\u00bb<\/div>\n<div id=\"_mcePaste\"><span style=\"background-color: #ff6600;\">3 RAGOT Vincent (AC LANESTER 56) \u00e0 0&rsquo;21\u00a0\u00bb<\/span><\/div>\n<div id=\"_mcePaste\"><span style=\"background-color: #ff6600;\">4 BARGUIL Warren (AC LANESTER 56) \u00e0 1&rsquo;05\u00a0\u00bb<\/span><\/div>\n<div id=\"_mcePaste\">5 CHOPIN David (HENNEBONT CYCLISME) \u00e0 1&rsquo;05\u00a0\u00bb<\/div>\n<div id=\"_mcePaste\">6 LORIC J\u00e9r\u00e9my (HENNEBONT CYCLISME) \u00e0 2&rsquo;20\u00a0\u00bb<\/div>\n<div id=\"_mcePaste\"><span style=\"background-color: #ff6600;\">7 SADOUDI K\u00e9vin (AC LANESTER 56) \u00e0 2&rsquo;20\u00a0\u00bb<\/span><\/div>\n<div id=\"_mcePaste\">8 LEBRETON Romain (GUIDON CHALETTOIS) \u00e0 2&rsquo;20\u00a0\u00bb<\/div>\n<div id=\"_mcePaste\">9 GUYOMARD Adrien (VC PAYS DE LORIENT) \u00e0 3&rsquo;30\u00a0\u00bb<\/div>\n<div id=\"_mcePaste\">10 LE LAVANDIER Maxime (SOJASUN ESPOIR ACNC) \u00e0 3&rsquo;30\u00a0\u00bb<\/div>\n<div id=\"_mcePaste\"><span style=\"background-color: #ff6600;\">13 LE BUREL Yann (AC LANESTER 56) \u00e0 6&rsquo;04\u00a0\u00bb<\/span><\/div>\n<div id=\"_mcePaste\"><span style=\"background-color: #ff6600;\">14 MIRA Anthony (AC LANESTER 56) \u00e0 6&rsquo;40\u00a0\u00bb<\/span><\/div>\n<div id=\"_mcePaste\"><span style=\"background-color: #ff6600;\">15 CORNIC Maxime (AC LANESTER 56) \u00e0 6&rsquo;40\u00a0\u00bb<\/span><\/div>\n<div id=\"_mcePaste\"><span style=\"background-color: #ff6600;\">17 NIVINOU Ma\u00ebl (AC LANESTER 56) \u00e0 6&rsquo;40\u00a0\u00bb<\/span><\/div>\n<div id=\"_mcePaste\"><span style=\"background-color: #ff6600;\">35 POILVET Ludovic (AC LANESTER 56) \u00e0 8&rsquo;00<\/span><\/div>\n<div id=\"_mcePaste\"><span style=\"background-color: #ff6600;\">38 LE PRIELLEC Gildas (AC LANESTER 56) \u00e0 8&rsquo;00<\/span><\/div>\n<p><br class=\"spacer_\" \/><\/p>\n","protected":false},"excerpt":{"rendered":"<p>L&rsquo;\u00e9preuve d&rsquo;ouverture de la saison bretonne sur route \u00e0 l&rsquo;occasion de la tr\u00e8s pris\u00e9e Melrandaise a offert un spectacle de [&hellip;]<\/p>\n","protected":false},"author":14,"featured_media":7362,"comment_status":"open","ping_status":"closed","sticky":false,"template":"","format":"standard","meta":{"ngg_post_thumbnail":0,"footnotes":""},"categories":[5,14,17],"tags":[],"class_list":["post-7314","post","type-post","status-publish","format-standard","has-post-thumbnail","hentry","category-ac-lanester-56","category-actualites-dn","category-resultats-dn"],"yoast_head":"<!-- This site is optimized with the Yoast SEO plugin v27.5 - https:\/\/yoast.com\/product\/yoast-seo-wordpress\/ -->\n<title>La Melrandaise : Les Lanest\u00e9riens butent sur le Normand Taillefer - Avenir Cycliste Lanester 56<\/title>\n<meta name=\"robots\" content=\"index, follow, max-snippet:-1, max-image-preview:large, max-video-preview:-1\" \/>\n<link rel=\"canonical\" href=\"https:\/\/www.aclanester56.com\/velo\/la-melrandaise-les-lanesteriens-butent-sur-le-normand-fabien-taillefer\/\" \/>\n<meta property=\"og:locale\" content=\"fr_FR\" \/>\n<meta property=\"og:type\" content=\"article\" \/>\n<meta property=\"og:title\" content=\"La Melrandaise : Les Lanest\u00e9riens butent sur le Normand Taillefer - Avenir Cycliste Lanester 56\" \/>\n<meta property=\"og:description\" content=\"L&rsquo;\u00e9preuve d&rsquo;ouverture de la saison bretonne sur route \u00e0 l&rsquo;occasion de la tr\u00e8s pris\u00e9e Melrandaise a offert un spectacle de [&hellip;]\" \/>\n<meta property=\"og:url\" content=\"https:\/\/www.aclanester56.com\/velo\/la-melrandaise-les-lanesteriens-butent-sur-le-normand-fabien-taillefer\/\" \/>\n<meta property=\"og:site_name\" content=\"Avenir Cycliste Lanester 56\" \/>\n<meta property=\"article:publisher\" content=\"https:\/\/www.facebook.com\/pages\/AC-Lanester-56\/190286300991242?fref=ts\" \/>\n<meta property=\"article:published_time\" content=\"2011-02-26T19:50:11+00:00\" \/>\n<meta property=\"article:modified_time\" content=\"2011-03-02T13:38:37+00:00\" \/>\n<meta property=\"og:image\" content=\"https:\/\/www.aclanester56.com\/velo\/wp-content\/uploads\/2011\/02\/DSC03959.jpg\" \/>\n\t<meta property=\"og:image:width\" content=\"1506\" \/>\n\t<meta property=\"og:image:height\" content=\"1431\" \/>\n\t<meta property=\"og:image:type\" content=\"image\/jpeg\" \/>\n<meta name=\"author\" content=\"Jean-Christophe\" \/>\n<meta name=\"twitter:label1\" content=\"\u00c9crit par\" \/>\n\t<meta name=\"twitter:data1\" content=\"Jean-Christophe\" \/>\n\t<meta name=\"twitter:label2\" content=\"Dur\u00e9e de lecture estim\u00e9e\" \/>\n\t<meta name=\"twitter:data2\" content=\"2 minutes\" \/>\n<script type=\"application\/ld+json\" class=\"yoast-schema-graph\">{\"@context\":\"https:\\\/\\\/schema.org\",\"@graph\":[{\"@type\":\"Article\",\"@id\":\"https:\\\/\\\/www.aclanester56.com\\\/velo\\\/la-melrandaise-les-lanesteriens-butent-sur-le-normand-fabien-taillefer\\\/#article\",\"isPartOf\":{\"@id\":\"https:\\\/\\\/www.aclanester56.com\\\/velo\\\/la-melrandaise-les-lanesteriens-butent-sur-le-normand-fabien-taillefer\\\/\"},\"author\":{\"name\":\"Jean-Christophe\",\"@id\":\"https:\\\/\\\/www.aclanester56.com\\\/velo\\\/#\\\/schema\\\/person\\\/ca2a44a5fd969e9dd846c72d3b33bc01\"},\"headline\":\"La Melrandaise : Les Lanest\u00e9riens butent sur le Normand Taillefer\",\"datePublished\":\"2011-02-26T19:50:11+00:00\",\"dateModified\":\"2011-03-02T13:38:37+00:00\",\"mainEntityOfPage\":{\"@id\":\"https:\\\/\\\/www.aclanester56.com\\\/velo\\\/la-melrandaise-les-lanesteriens-butent-sur-le-normand-fabien-taillefer\\\/\"},\"wordCount\":490,\"commentCount\":0,\"publisher\":{\"@id\":\"https:\\\/\\\/www.aclanester56.com\\\/velo\\\/#organization\"},\"image\":{\"@id\":\"https:\\\/\\\/www.aclanester56.com\\\/velo\\\/la-melrandaise-les-lanesteriens-butent-sur-le-normand-fabien-taillefer\\\/#primaryimage\"},\"thumbnailUrl\":\"https:\\\/\\\/www.aclanester56.com\\\/velo\\\/wp-content\\\/uploads\\\/2011\\\/02\\\/DSC03959.jpg\",\"articleSection\":[\"AC LANESTER 56\",\"Actualit\u00e9s DN\",\"R\u00e9sultats DN\"],\"inLanguage\":\"fr-FR\",\"potentialAction\":[{\"@type\":\"CommentAction\",\"name\":\"Comment\",\"target\":[\"https:\\\/\\\/www.aclanester56.com\\\/velo\\\/la-melrandaise-les-lanesteriens-butent-sur-le-normand-fabien-taillefer\\\/#respond\"]}]},{\"@type\":\"WebPage\",\"@id\":\"https:\\\/\\\/www.aclanester56.com\\\/velo\\\/la-melrandaise-les-lanesteriens-butent-sur-le-normand-fabien-taillefer\\\/\",\"url\":\"https:\\\/\\\/www.aclanester56.com\\\/velo\\\/la-melrandaise-les-lanesteriens-butent-sur-le-normand-fabien-taillefer\\\/\",\"name\":\"La Melrandaise : Les Lanest\u00e9riens butent sur le Normand Taillefer - Avenir Cycliste Lanester 56\",\"isPartOf\":{\"@id\":\"https:\\\/\\\/www.aclanester56.com\\\/velo\\\/#website\"},\"primaryImageOfPage\":{\"@id\":\"https:\\\/\\\/www.aclanester56.com\\\/velo\\\/la-melrandaise-les-lanesteriens-butent-sur-le-normand-fabien-taillefer\\\/#primaryimage\"},\"image\":{\"@id\":\"https:\\\/\\\/www.aclanester56.com\\\/velo\\\/la-melrandaise-les-lanesteriens-butent-sur-le-normand-fabien-taillefer\\\/#primaryimage\"},\"thumbnailUrl\":\"https:\\\/\\\/www.aclanester56.com\\\/velo\\\/wp-content\\\/uploads\\\/2011\\\/02\\\/DSC03959.jpg\",\"datePublished\":\"2011-02-26T19:50:11+00:00\",\"dateModified\":\"2011-03-02T13:38:37+00:00\",\"inLanguage\":\"fr-FR\",\"potentialAction\":[{\"@type\":\"ReadAction\",\"target\":[\"https:\\\/\\\/www.aclanester56.com\\\/velo\\\/la-melrandaise-les-lanesteriens-butent-sur-le-normand-fabien-taillefer\\\/\"]}]},{\"@type\":\"ImageObject\",\"inLanguage\":\"fr-FR\",\"@id\":\"https:\\\/\\\/www.aclanester56.com\\\/velo\\\/la-melrandaise-les-lanesteriens-butent-sur-le-normand-fabien-taillefer\\\/#primaryimage\",\"url\":\"https:\\\/\\\/www.aclanester56.com\\\/velo\\\/wp-content\\\/uploads\\\/2011\\\/02\\\/DSC03959.jpg\",\"contentUrl\":\"https:\\\/\\\/www.aclanester56.com\\\/velo\\\/wp-content\\\/uploads\\\/2011\\\/02\\\/DSC03959.jpg\",\"width\":1506,\"height\":1431,\"caption\":\"Les soci\u00e9taires de l'AC LANESTER 56 Vincent RAGOT et Warren BARGUIL terminent respectivement 3\u00e8me et 4\u00e8me de la Melrandaise (photo Gabrielle TEIRLYNCK)\"},{\"@type\":\"WebSite\",\"@id\":\"https:\\\/\\\/www.aclanester56.com\\\/velo\\\/#website\",\"url\":\"https:\\\/\\\/www.aclanester56.com\\\/velo\\\/\",\"name\":\"Avenir Cycliste Lanester 56\",\"description\":\"Club cycliste de l&#039;AC LANESTER 56\",\"publisher\":{\"@id\":\"https:\\\/\\\/www.aclanester56.com\\\/velo\\\/#organization\"},\"potentialAction\":[{\"@type\":\"SearchAction\",\"target\":{\"@type\":\"EntryPoint\",\"urlTemplate\":\"https:\\\/\\\/www.aclanester56.com\\\/velo\\\/?s={search_term_string}\"},\"query-input\":{\"@type\":\"PropertyValueSpecification\",\"valueRequired\":true,\"valueName\":\"search_term_string\"}}],\"inLanguage\":\"fr-FR\"},{\"@type\":\"Organization\",\"@id\":\"https:\\\/\\\/www.aclanester56.com\\\/velo\\\/#organization\",\"name\":\"Avenir Cycliste Lanester 56\",\"url\":\"https:\\\/\\\/www.aclanester56.com\\\/velo\\\/\",\"logo\":{\"@type\":\"ImageObject\",\"inLanguage\":\"fr-FR\",\"@id\":\"https:\\\/\\\/www.aclanester56.com\\\/velo\\\/#\\\/schema\\\/logo\\\/image\\\/\",\"url\":\"https:\\\/\\\/www.aclanester56.com\\\/velo\\\/wp-content\\\/uploads\\\/2013\\\/04\\\/logo-ACL.jpg\",\"contentUrl\":\"https:\\\/\\\/www.aclanester56.com\\\/velo\\\/wp-content\\\/uploads\\\/2013\\\/04\\\/logo-ACL.jpg\",\"width\":400,\"height\":334,\"caption\":\"Avenir Cycliste Lanester 56\"},\"image\":{\"@id\":\"https:\\\/\\\/www.aclanester56.com\\\/velo\\\/#\\\/schema\\\/logo\\\/image\\\/\"},\"sameAs\":[\"https:\\\/\\\/www.facebook.com\\\/pages\\\/AC-Lanester-56\\\/190286300991242?fref=ts\"]},{\"@type\":\"Person\",\"@id\":\"https:\\\/\\\/www.aclanester56.com\\\/velo\\\/#\\\/schema\\\/person\\\/ca2a44a5fd969e9dd846c72d3b33bc01\",\"name\":\"Jean-Christophe\",\"url\":\"https:\\\/\\\/www.aclanester56.com\\\/velo\\\/author\\\/jeanchristophe\\\/\"}]}<\/script>\n<!-- \/ Yoast SEO plugin. -->","yoast_head_json":{"title":"La Melrandaise : Les Lanest\u00e9riens butent sur le Normand Taillefer - Avenir Cycliste Lanester 56","robots":{"index":"index","follow":"follow","max-snippet":"max-snippet:-1","max-image-preview":"max-image-preview:large","max-video-preview":"max-video-preview:-1"},"canonical":"https:\/\/www.aclanester56.com\/velo\/la-melrandaise-les-lanesteriens-butent-sur-le-normand-fabien-taillefer\/","og_locale":"fr_FR","og_type":"article","og_title":"La Melrandaise : Les Lanest\u00e9riens butent sur le Normand Taillefer - Avenir Cycliste Lanester 56","og_description":"L&rsquo;\u00e9preuve d&rsquo;ouverture de la saison bretonne sur route \u00e0 l&rsquo;occasion de la tr\u00e8s pris\u00e9e Melrandaise a offert un spectacle de [&hellip;]","og_url":"https:\/\/www.aclanester56.com\/velo\/la-melrandaise-les-lanesteriens-butent-sur-le-normand-fabien-taillefer\/","og_site_name":"Avenir Cycliste Lanester 56","article_publisher":"https:\/\/www.facebook.com\/pages\/AC-Lanester-56\/190286300991242?fref=ts","article_published_time":"2011-02-26T19:50:11+00:00","article_modified_time":"2011-03-02T13:38:37+00:00","og_image":[{"width":1506,"height":1431,"url":"https:\/\/www.aclanester56.com\/velo\/wp-content\/uploads\/2011\/02\/DSC03959.jpg","type":"image\/jpeg"}],"author":"Jean-Christophe","twitter_misc":{"\u00c9crit par":"Jean-Christophe","Dur\u00e9e de lecture estim\u00e9e":"2 minutes"},"schema":{"@context":"https:\/\/schema.org","@graph":[{"@type":"Article","@id":"https:\/\/www.aclanester56.com\/velo\/la-melrandaise-les-lanesteriens-butent-sur-le-normand-fabien-taillefer\/#article","isPartOf":{"@id":"https:\/\/www.aclanester56.com\/velo\/la-melrandaise-les-lanesteriens-butent-sur-le-normand-fabien-taillefer\/"},"author":{"name":"Jean-Christophe","@id":"https:\/\/www.aclanester56.com\/velo\/#\/schema\/person\/ca2a44a5fd969e9dd846c72d3b33bc01"},"headline":"La Melrandaise : Les Lanest\u00e9riens butent sur le Normand Taillefer","datePublished":"2011-02-26T19:50:11+00:00","dateModified":"2011-03-02T13:38:37+00:00","mainEntityOfPage":{"@id":"https:\/\/www.aclanester56.com\/velo\/la-melrandaise-les-lanesteriens-butent-sur-le-normand-fabien-taillefer\/"},"wordCount":490,"commentCount":0,"publisher":{"@id":"https:\/\/www.aclanester56.com\/velo\/#organization"},"image":{"@id":"https:\/\/www.aclanester56.com\/velo\/la-melrandaise-les-lanesteriens-butent-sur-le-normand-fabien-taillefer\/#primaryimage"},"thumbnailUrl":"https:\/\/www.aclanester56.com\/velo\/wp-content\/uploads\/2011\/02\/DSC03959.jpg","articleSection":["AC LANESTER 56","Actualit\u00e9s DN","R\u00e9sultats DN"],"inLanguage":"fr-FR","potentialAction":[{"@type":"CommentAction","name":"Comment","target":["https:\/\/www.aclanester56.com\/velo\/la-melrandaise-les-lanesteriens-butent-sur-le-normand-fabien-taillefer\/#respond"]}]},{"@type":"WebPage","@id":"https:\/\/www.aclanester56.com\/velo\/la-melrandaise-les-lanesteriens-butent-sur-le-normand-fabien-taillefer\/","url":"https:\/\/www.aclanester56.com\/velo\/la-melrandaise-les-lanesteriens-butent-sur-le-normand-fabien-taillefer\/","name":"La Melrandaise : Les Lanest\u00e9riens butent sur le Normand Taillefer - Avenir Cycliste Lanester 56","isPartOf":{"@id":"https:\/\/www.aclanester56.com\/velo\/#website"},"primaryImageOfPage":{"@id":"https:\/\/www.aclanester56.com\/velo\/la-melrandaise-les-lanesteriens-butent-sur-le-normand-fabien-taillefer\/#primaryimage"},"image":{"@id":"https:\/\/www.aclanester56.com\/velo\/la-melrandaise-les-lanesteriens-butent-sur-le-normand-fabien-taillefer\/#primaryimage"},"thumbnailUrl":"https:\/\/www.aclanester56.com\/velo\/wp-content\/uploads\/2011\/02\/DSC03959.jpg","datePublished":"2011-02-26T19:50:11+00:00","dateModified":"2011-03-02T13:38:37+00:00","inLanguage":"fr-FR","potentialAction":[{"@type":"ReadAction","target":["https:\/\/www.aclanester56.com\/velo\/la-melrandaise-les-lanesteriens-butent-sur-le-normand-fabien-taillefer\/"]}]},{"@type":"ImageObject","inLanguage":"fr-FR","@id":"https:\/\/www.aclanester56.com\/velo\/la-melrandaise-les-lanesteriens-butent-sur-le-normand-fabien-taillefer\/#primaryimage","url":"https:\/\/www.aclanester56.com\/velo\/wp-content\/uploads\/2011\/02\/DSC03959.jpg","contentUrl":"https:\/\/www.aclanester56.com\/velo\/wp-content\/uploads\/2011\/02\/DSC03959.jpg","width":1506,"height":1431,"caption":"Les soci\u00e9taires de l'AC LANESTER 56 Vincent RAGOT et Warren BARGUIL terminent respectivement 3\u00e8me et 4\u00e8me de la Melrandaise (photo Gabrielle TEIRLYNCK)"},{"@type":"WebSite","@id":"https:\/\/www.aclanester56.com\/velo\/#website","url":"https:\/\/www.aclanester56.com\/velo\/","name":"Avenir Cycliste Lanester 56","description":"Club cycliste de l&#039;AC LANESTER 56","publisher":{"@id":"https:\/\/www.aclanester56.com\/velo\/#organization"},"potentialAction":[{"@type":"SearchAction","target":{"@type":"EntryPoint","urlTemplate":"https:\/\/www.aclanester56.com\/velo\/?s={search_term_string}"},"query-input":{"@type":"PropertyValueSpecification","valueRequired":true,"valueName":"search_term_string"}}],"inLanguage":"fr-FR"},{"@type":"Organization","@id":"https:\/\/www.aclanester56.com\/velo\/#organization","name":"Avenir Cycliste Lanester 56","url":"https:\/\/www.aclanester56.com\/velo\/","logo":{"@type":"ImageObject","inLanguage":"fr-FR","@id":"https:\/\/www.aclanester56.com\/velo\/#\/schema\/logo\/image\/","url":"https:\/\/www.aclanester56.com\/velo\/wp-content\/uploads\/2013\/04\/logo-ACL.jpg","contentUrl":"https:\/\/www.aclanester56.com\/velo\/wp-content\/uploads\/2013\/04\/logo-ACL.jpg","width":400,"height":334,"caption":"Avenir Cycliste Lanester 56"},"image":{"@id":"https:\/\/www.aclanester56.com\/velo\/#\/schema\/logo\/image\/"},"sameAs":["https:\/\/www.facebook.com\/pages\/AC-Lanester-56\/190286300991242?fref=ts"]},{"@type":"Person","@id":"https:\/\/www.aclanester56.com\/velo\/#\/schema\/person\/ca2a44a5fd969e9dd846c72d3b33bc01","name":"Jean-Christophe","url":"https:\/\/www.aclanester56.com\/velo\/author\/jeanchristophe\/"}]}},"_links":{"self":[{"href":"https:\/\/www.aclanester56.com\/velo\/wp-json\/wp\/v2\/posts\/7314","targetHints":{"allow":["GET"]}}],"collection":[{"href":"https:\/\/www.aclanester56.com\/velo\/wp-json\/wp\/v2\/posts"}],"about":[{"href":"https:\/\/www.aclanester56.com\/velo\/wp-json\/wp\/v2\/types\/post"}],"author":[{"embeddable":true,"href":"https:\/\/www.aclanester56.com\/velo\/wp-json\/wp\/v2\/users\/14"}],"replies":[{"embeddable":true,"href":"https:\/\/www.aclanester56.com\/velo\/wp-json\/wp\/v2\/comments?post=7314"}],"version-history":[{"count":0,"href":"https:\/\/www.aclanester56.com\/velo\/wp-json\/wp\/v2\/posts\/7314\/revisions"}],"wp:featuredmedia":[{"embeddable":true,"href":"https:\/\/www.aclanester56.com\/velo\/wp-json\/wp\/v2\/media\/7362"}],"wp:attachment":[{"href":"https:\/\/www.aclanester56.com\/velo\/wp-json\/wp\/v2\/media?parent=7314"}],"wp:term":[{"taxonomy":"category","embeddable":true,"href":"https:\/\/www.aclanester56.com\/velo\/wp-json\/wp\/v2\/categories?post=7314"},{"taxonomy":"post_tag","embeddable":true,"href":"https:\/\/www.aclanester56.com\/velo\/wp-json\/wp\/v2\/tags?post=7314"}],"curies":[{"name":"wp","href":"https:\/\/api.w.org\/{rel}","templated":true}]}}