{"id":7334,"date":"2011-02-27T19:40:54","date_gmt":"2011-02-27T18:40:54","guid":{"rendered":"http:\/\/www.aclanester56.com\/velo\/?p=7334"},"modified":"2011-03-02T09:07:10","modified_gmt":"2011-03-02T08:07:10","slug":"le-lanesterien-kevin-sadoudi-vainqueur-de-plaintel-plaintel","status":"publish","type":"post","link":"https:\/\/www.aclanester56.com\/velo\/le-lanesterien-kevin-sadoudi-vainqueur-de-plaintel-plaintel\/","title":{"rendered":"Le Lanest\u00e9rien Kevin SADOUDI vainqueur de Plaintel-Plaintel !"},"content":{"rendered":"<div id=\"attachment_7359\" style=\"width: 310px\" class=\"wp-caption alignleft\"><a href=\"http:\/\/www.aclanester56.com\/velo\/wp-content\/uploads\/2011\/02\/Kevin-SADOUDI-Plaintel.jpg\" ><img loading=\"lazy\" decoding=\"async\" aria-describedby=\"caption-attachment-7359\" src=\"http:\/\/www.aclanester56.com\/velo\/wp-content\/uploads\/2011\/02\/Kevin-SADOUDI-Plaintel.jpg\" alt=\"\" title=\"Le Lanest\u00e9rien K\u00e9vin SADOUDI remporte une magnifique victoire sur Plaintel-Plaintel ! (photo Didier Rouxel - www.bretagne-cyclisme.com)\" width=\"300\" height=\"229\" class=\"size-full wp-image-7359\" srcset=\"https:\/\/www.aclanester56.com\/velo\/wp-content\/uploads\/2011\/02\/Kevin-SADOUDI-Plaintel.jpg 600w, https:\/\/www.aclanester56.com\/velo\/wp-content\/uploads\/2011\/02\/Kevin-SADOUDI-Plaintel-300x228.jpg 300w\" sizes=\"auto, (max-width: 300px) 100vw, 300px\" \/><\/a><p id=\"caption-attachment-7359\" class=\"wp-caption-text\">Le Lanest\u00e9rien K\u00e9vin SADOUDI remporte une magnifique victoire sur Plaintel-Plaintel ! (photo Didier Rouxel - www.bretagne-cyclisme.com)<\/p><\/div>\n<p style=\"text-align: justify;\">Son DTS Rodolphe HENRY pla\u00e7ait de beaux espoirs en lui pour cette saison, K\u00e9vin SADOUDI a frapp\u00e9 d&rsquo;entr\u00e9e de jeu en remportant la 29\u00e8me \u00e9dition de Plaintel-Plaintel, organis\u00e9e par Marcel RAULT. D\u00e9j\u00e0 pr\u00e9sent hier dans la bonne \u00e9chapp\u00e9e sur la Melrandaise o\u00f9 il a pris une belle 7\u00e8me place, il a pris \u00e0 nouveau place aujourd&rsquo;hui dans le groupe qui s&rsquo;est jou\u00e9 la victoire \u00e0 Plaintel.<\/p>\n<p style=\"text-align: justify;\"><!--more--><\/p>\n<p><br class=\"spacer_\" \/><\/p>\n<p><strong><span style=\"color: #ff6600;\">Vincent GUEGO et Kevin SADOUDI dans la \u00ab\u00a0bonne\u00a0\u00bb<\/span><\/strong><\/p>\n<p style=\"text-align: justify;\">Dans le premier tiers d&rsquo;une course disput\u00e9e sous la pluie, onze coureurs se d\u00e9tachent pour compter plus de 2 minutes d&rsquo;avance. On note la pr\u00e9sence de Vincent GUEGO et Kevin SADOUDI (AC LANESTER 56),\u00a0Vincent COLAS (SOJASUN ESPOIR),\u00a0Ronan POULIZAC (COTES D&rsquo;ARMOR MARIE MORIN),\u00a0Nicolas GICQUEL et Romain MARCHAND (EC Rance Fr\u00e9mur), \u00a0Franz Taruia KRAINER, Vincent ROUXEL, Fr\u00e9d\u00e9ric LE MARREC, Adrien QUINIO et Wilfried JAFFRELOT (UC BRIOCHINE). La cause est alors entendue et ce groupe file vers le circuit final de Plaintel.<\/p>\n<p><strong><span style=\"color: #ff6600;\">Victoire du Lanest\u00e9rien SADOUDI !<\/span><\/strong><\/p>\n<p style=\"text-align: justify;\">Cinq hommes se d\u00e9tachent alors, parmi lesquels Kevin SADOUDI (AC LANESTER 56),\u00a0Vincent COLAS (SOJASUN ESPOIR),\u00a0Ronan POULIZAC (COTES D&rsquo;ARMOR MARIE MORIN),\u00a0Vincent ROUXEL et Fr\u00e9d\u00e9ric LE MARREC (UC BRIOCHINE). Au sprint, c&rsquo;est le Lanest\u00e9rien Kevin SADOUDI qui se montre le plus rapide en l&#8217;emportant devant le Briochin LE MARREC et le Castelnaudais COLAS. Excellente performance de Kevin qui r\u00e9alise un superbe week-end et remporte aujoud&rsquo;hui une classique r\u00e9put\u00e9e, lui qui a remport\u00e9 la premi\u00e8re course de sa carri\u00e8re l&rsquo;an pass\u00e9 ! Le Lanest\u00e9rien Yann RAULT termine 12\u00e8me, dans son jardin !<\/p>\n<p><strong><span style=\"text-decoration: underline;\">Classement :<br \/>\n<\/span><\/strong><span style=\"background-color: #ff6600;\"> 1 K\u00e9vin SADOUDI (AC LANESTER 56)<br \/>\n<\/span> 2 Fr\u00e9d\u00e9ric LE MARREC \u00a0(UC BRIOCHINE)<br \/>\n 3 Vincent COLAS (SOJASUN ESPOR)<br \/>\n 4 Ronan POULIZAC (COTES D&rsquo;ARMOR MARIE MORIN)<br \/>\n 5 Vincent ROUXEL (UC BRIOCHINE)<br \/>\n 6 Anthony MOREL (EC RANCE FREMUR)<br \/>\n 7 Hubert MILLOUR (VS PLABENNEC)<br \/>\n 8 Pascal HARNOIS (VCP LOUDEAC)<br \/>\n 9 William LE CORRE (COTES D&rsquo;ARMOR MARIE MORIN)<br \/>\n 10 Benoit JOUANIGOT (LEUCEMIE ESPOIRS QUIMPER)<br \/>\n<span style=\"background-color: #ff6600;\"> 12 Yann RAULT(AC LANESTER 56)<\/span><\/p>\n","protected":false},"excerpt":{"rendered":"<p>Son DTS Rodolphe HENRY pla\u00e7ait de beaux espoirs en lui pour cette saison, K\u00e9vin SADOUDI a frapp\u00e9 d&rsquo;entr\u00e9e de jeu [&hellip;]<\/p>\n","protected":false},"author":14,"featured_media":7359,"comment_status":"open","ping_status":"closed","sticky":false,"template":"","format":"standard","meta":{"ngg_post_thumbnail":0,"footnotes":""},"categories":[5,14,17],"tags":[],"class_list":["post-7334","post","type-post","status-publish","format-standard","has-post-thumbnail","hentry","category-ac-lanester-56","category-actualites-dn","category-resultats-dn"],"yoast_head":"<!-- This site is optimized with the Yoast SEO plugin v27.4 - https:\/\/yoast.com\/product\/yoast-seo-wordpress\/ -->\n<title>Le Lanest\u00e9rien Kevin SADOUDI vainqueur de Plaintel-Plaintel ! - Avenir Cycliste Lanester 56<\/title>\n<meta name=\"robots\" content=\"index, follow, max-snippet:-1, max-image-preview:large, max-video-preview:-1\" \/>\n<link rel=\"canonical\" href=\"https:\/\/www.aclanester56.com\/velo\/le-lanesterien-kevin-sadoudi-vainqueur-de-plaintel-plaintel\/\" \/>\n<meta property=\"og:locale\" content=\"fr_FR\" \/>\n<meta property=\"og:type\" content=\"article\" \/>\n<meta property=\"og:title\" content=\"Le Lanest\u00e9rien Kevin SADOUDI vainqueur de Plaintel-Plaintel ! - Avenir Cycliste Lanester 56\" \/>\n<meta property=\"og:description\" content=\"Son DTS Rodolphe HENRY pla\u00e7ait de beaux espoirs en lui pour cette saison, K\u00e9vin SADOUDI a frapp\u00e9 d&rsquo;entr\u00e9e de jeu [&hellip;]\" \/>\n<meta property=\"og:url\" content=\"https:\/\/www.aclanester56.com\/velo\/le-lanesterien-kevin-sadoudi-vainqueur-de-plaintel-plaintel\/\" \/>\n<meta property=\"og:site_name\" content=\"Avenir Cycliste Lanester 56\" \/>\n<meta property=\"article:publisher\" content=\"https:\/\/www.facebook.com\/pages\/AC-Lanester-56\/190286300991242?fref=ts\" \/>\n<meta property=\"article:published_time\" content=\"2011-02-27T18:40:54+00:00\" \/>\n<meta property=\"article:modified_time\" content=\"2011-03-02T08:07:10+00:00\" \/>\n<meta property=\"og:image\" content=\"https:\/\/www.aclanester56.com\/velo\/wp-content\/uploads\/2011\/02\/Kevin-SADOUDI-Plaintel.jpg\" \/>\n\t<meta property=\"og:image:width\" content=\"600\" \/>\n\t<meta property=\"og:image:height\" content=\"457\" \/>\n\t<meta property=\"og:image:type\" content=\"image\/jpeg\" \/>\n<meta name=\"author\" content=\"Jean-Christophe\" \/>\n<meta name=\"twitter:label1\" content=\"\u00c9crit par\" \/>\n\t<meta name=\"twitter:data1\" content=\"Jean-Christophe\" \/>\n\t<meta name=\"twitter:label2\" content=\"Dur\u00e9e de lecture estim\u00e9e\" \/>\n\t<meta name=\"twitter:data2\" content=\"2 minutes\" \/>\n<script type=\"application\/ld+json\" class=\"yoast-schema-graph\">{\"@context\":\"https:\\\/\\\/schema.org\",\"@graph\":[{\"@type\":\"Article\",\"@id\":\"https:\\\/\\\/www.aclanester56.com\\\/velo\\\/le-lanesterien-kevin-sadoudi-vainqueur-de-plaintel-plaintel\\\/#article\",\"isPartOf\":{\"@id\":\"https:\\\/\\\/www.aclanester56.com\\\/velo\\\/le-lanesterien-kevin-sadoudi-vainqueur-de-plaintel-plaintel\\\/\"},\"author\":{\"name\":\"Jean-Christophe\",\"@id\":\"https:\\\/\\\/www.aclanester56.com\\\/velo\\\/#\\\/schema\\\/person\\\/ca2a44a5fd969e9dd846c72d3b33bc01\"},\"headline\":\"Le Lanest\u00e9rien Kevin SADOUDI vainqueur de Plaintel-Plaintel !\",\"datePublished\":\"2011-02-27T18:40:54+00:00\",\"dateModified\":\"2011-03-02T08:07:10+00:00\",\"mainEntityOfPage\":{\"@id\":\"https:\\\/\\\/www.aclanester56.com\\\/velo\\\/le-lanesterien-kevin-sadoudi-vainqueur-de-plaintel-plaintel\\\/\"},\"wordCount\":360,\"commentCount\":3,\"publisher\":{\"@id\":\"https:\\\/\\\/www.aclanester56.com\\\/velo\\\/#organization\"},\"image\":{\"@id\":\"https:\\\/\\\/www.aclanester56.com\\\/velo\\\/le-lanesterien-kevin-sadoudi-vainqueur-de-plaintel-plaintel\\\/#primaryimage\"},\"thumbnailUrl\":\"https:\\\/\\\/www.aclanester56.com\\\/velo\\\/wp-content\\\/uploads\\\/2011\\\/02\\\/Kevin-SADOUDI-Plaintel.jpg\",\"articleSection\":[\"AC LANESTER 56\",\"Actualit\u00e9s DN\",\"R\u00e9sultats DN\"],\"inLanguage\":\"fr-FR\",\"potentialAction\":[{\"@type\":\"CommentAction\",\"name\":\"Comment\",\"target\":[\"https:\\\/\\\/www.aclanester56.com\\\/velo\\\/le-lanesterien-kevin-sadoudi-vainqueur-de-plaintel-plaintel\\\/#respond\"]}]},{\"@type\":\"WebPage\",\"@id\":\"https:\\\/\\\/www.aclanester56.com\\\/velo\\\/le-lanesterien-kevin-sadoudi-vainqueur-de-plaintel-plaintel\\\/\",\"url\":\"https:\\\/\\\/www.aclanester56.com\\\/velo\\\/le-lanesterien-kevin-sadoudi-vainqueur-de-plaintel-plaintel\\\/\",\"name\":\"Le Lanest\u00e9rien Kevin SADOUDI vainqueur de Plaintel-Plaintel ! - Avenir Cycliste Lanester 56\",\"isPartOf\":{\"@id\":\"https:\\\/\\\/www.aclanester56.com\\\/velo\\\/#website\"},\"primaryImageOfPage\":{\"@id\":\"https:\\\/\\\/www.aclanester56.com\\\/velo\\\/le-lanesterien-kevin-sadoudi-vainqueur-de-plaintel-plaintel\\\/#primaryimage\"},\"image\":{\"@id\":\"https:\\\/\\\/www.aclanester56.com\\\/velo\\\/le-lanesterien-kevin-sadoudi-vainqueur-de-plaintel-plaintel\\\/#primaryimage\"},\"thumbnailUrl\":\"https:\\\/\\\/www.aclanester56.com\\\/velo\\\/wp-content\\\/uploads\\\/2011\\\/02\\\/Kevin-SADOUDI-Plaintel.jpg\",\"datePublished\":\"2011-02-27T18:40:54+00:00\",\"dateModified\":\"2011-03-02T08:07:10+00:00\",\"inLanguage\":\"fr-FR\",\"potentialAction\":[{\"@type\":\"ReadAction\",\"target\":[\"https:\\\/\\\/www.aclanester56.com\\\/velo\\\/le-lanesterien-kevin-sadoudi-vainqueur-de-plaintel-plaintel\\\/\"]}]},{\"@type\":\"ImageObject\",\"inLanguage\":\"fr-FR\",\"@id\":\"https:\\\/\\\/www.aclanester56.com\\\/velo\\\/le-lanesterien-kevin-sadoudi-vainqueur-de-plaintel-plaintel\\\/#primaryimage\",\"url\":\"https:\\\/\\\/www.aclanester56.com\\\/velo\\\/wp-content\\\/uploads\\\/2011\\\/02\\\/Kevin-SADOUDI-Plaintel.jpg\",\"contentUrl\":\"https:\\\/\\\/www.aclanester56.com\\\/velo\\\/wp-content\\\/uploads\\\/2011\\\/02\\\/Kevin-SADOUDI-Plaintel.jpg\",\"width\":600,\"height\":457,\"caption\":\"Le Lanest\u00e9rien K\u00e9vin SADOUDI remporte une magnifique victoire sur Plaintel-Plaintel ! (photo Didier Rouxel - www.bretagne-cyclisme.com)\"},{\"@type\":\"WebSite\",\"@id\":\"https:\\\/\\\/www.aclanester56.com\\\/velo\\\/#website\",\"url\":\"https:\\\/\\\/www.aclanester56.com\\\/velo\\\/\",\"name\":\"Avenir Cycliste Lanester 56\",\"description\":\"Club cycliste de l&#039;AC LANESTER 56\",\"publisher\":{\"@id\":\"https:\\\/\\\/www.aclanester56.com\\\/velo\\\/#organization\"},\"potentialAction\":[{\"@type\":\"SearchAction\",\"target\":{\"@type\":\"EntryPoint\",\"urlTemplate\":\"https:\\\/\\\/www.aclanester56.com\\\/velo\\\/?s={search_term_string}\"},\"query-input\":{\"@type\":\"PropertyValueSpecification\",\"valueRequired\":true,\"valueName\":\"search_term_string\"}}],\"inLanguage\":\"fr-FR\"},{\"@type\":\"Organization\",\"@id\":\"https:\\\/\\\/www.aclanester56.com\\\/velo\\\/#organization\",\"name\":\"Avenir Cycliste Lanester 56\",\"url\":\"https:\\\/\\\/www.aclanester56.com\\\/velo\\\/\",\"logo\":{\"@type\":\"ImageObject\",\"inLanguage\":\"fr-FR\",\"@id\":\"https:\\\/\\\/www.aclanester56.com\\\/velo\\\/#\\\/schema\\\/logo\\\/image\\\/\",\"url\":\"https:\\\/\\\/www.aclanester56.com\\\/velo\\\/wp-content\\\/uploads\\\/2013\\\/04\\\/logo-ACL.jpg\",\"contentUrl\":\"https:\\\/\\\/www.aclanester56.com\\\/velo\\\/wp-content\\\/uploads\\\/2013\\\/04\\\/logo-ACL.jpg\",\"width\":400,\"height\":334,\"caption\":\"Avenir Cycliste Lanester 56\"},\"image\":{\"@id\":\"https:\\\/\\\/www.aclanester56.com\\\/velo\\\/#\\\/schema\\\/logo\\\/image\\\/\"},\"sameAs\":[\"https:\\\/\\\/www.facebook.com\\\/pages\\\/AC-Lanester-56\\\/190286300991242?fref=ts\"]},{\"@type\":\"Person\",\"@id\":\"https:\\\/\\\/www.aclanester56.com\\\/velo\\\/#\\\/schema\\\/person\\\/ca2a44a5fd969e9dd846c72d3b33bc01\",\"name\":\"Jean-Christophe\",\"url\":\"https:\\\/\\\/www.aclanester56.com\\\/velo\\\/author\\\/jeanchristophe\\\/\"}]}<\/script>\n<!-- \/ Yoast SEO plugin. -->","yoast_head_json":{"title":"Le Lanest\u00e9rien Kevin SADOUDI vainqueur de Plaintel-Plaintel ! - Avenir Cycliste Lanester 56","robots":{"index":"index","follow":"follow","max-snippet":"max-snippet:-1","max-image-preview":"max-image-preview:large","max-video-preview":"max-video-preview:-1"},"canonical":"https:\/\/www.aclanester56.com\/velo\/le-lanesterien-kevin-sadoudi-vainqueur-de-plaintel-plaintel\/","og_locale":"fr_FR","og_type":"article","og_title":"Le Lanest\u00e9rien Kevin SADOUDI vainqueur de Plaintel-Plaintel ! - Avenir Cycliste Lanester 56","og_description":"Son DTS Rodolphe HENRY pla\u00e7ait de beaux espoirs en lui pour cette saison, K\u00e9vin SADOUDI a frapp\u00e9 d&rsquo;entr\u00e9e de jeu [&hellip;]","og_url":"https:\/\/www.aclanester56.com\/velo\/le-lanesterien-kevin-sadoudi-vainqueur-de-plaintel-plaintel\/","og_site_name":"Avenir Cycliste Lanester 56","article_publisher":"https:\/\/www.facebook.com\/pages\/AC-Lanester-56\/190286300991242?fref=ts","article_published_time":"2011-02-27T18:40:54+00:00","article_modified_time":"2011-03-02T08:07:10+00:00","og_image":[{"width":600,"height":457,"url":"https:\/\/www.aclanester56.com\/velo\/wp-content\/uploads\/2011\/02\/Kevin-SADOUDI-Plaintel.jpg","type":"image\/jpeg"}],"author":"Jean-Christophe","twitter_misc":{"\u00c9crit par":"Jean-Christophe","Dur\u00e9e de lecture estim\u00e9e":"2 minutes"},"schema":{"@context":"https:\/\/schema.org","@graph":[{"@type":"Article","@id":"https:\/\/www.aclanester56.com\/velo\/le-lanesterien-kevin-sadoudi-vainqueur-de-plaintel-plaintel\/#article","isPartOf":{"@id":"https:\/\/www.aclanester56.com\/velo\/le-lanesterien-kevin-sadoudi-vainqueur-de-plaintel-plaintel\/"},"author":{"name":"Jean-Christophe","@id":"https:\/\/www.aclanester56.com\/velo\/#\/schema\/person\/ca2a44a5fd969e9dd846c72d3b33bc01"},"headline":"Le Lanest\u00e9rien Kevin SADOUDI vainqueur de Plaintel-Plaintel !","datePublished":"2011-02-27T18:40:54+00:00","dateModified":"2011-03-02T08:07:10+00:00","mainEntityOfPage":{"@id":"https:\/\/www.aclanester56.com\/velo\/le-lanesterien-kevin-sadoudi-vainqueur-de-plaintel-plaintel\/"},"wordCount":360,"commentCount":3,"publisher":{"@id":"https:\/\/www.aclanester56.com\/velo\/#organization"},"image":{"@id":"https:\/\/www.aclanester56.com\/velo\/le-lanesterien-kevin-sadoudi-vainqueur-de-plaintel-plaintel\/#primaryimage"},"thumbnailUrl":"https:\/\/www.aclanester56.com\/velo\/wp-content\/uploads\/2011\/02\/Kevin-SADOUDI-Plaintel.jpg","articleSection":["AC LANESTER 56","Actualit\u00e9s DN","R\u00e9sultats DN"],"inLanguage":"fr-FR","potentialAction":[{"@type":"CommentAction","name":"Comment","target":["https:\/\/www.aclanester56.com\/velo\/le-lanesterien-kevin-sadoudi-vainqueur-de-plaintel-plaintel\/#respond"]}]},{"@type":"WebPage","@id":"https:\/\/www.aclanester56.com\/velo\/le-lanesterien-kevin-sadoudi-vainqueur-de-plaintel-plaintel\/","url":"https:\/\/www.aclanester56.com\/velo\/le-lanesterien-kevin-sadoudi-vainqueur-de-plaintel-plaintel\/","name":"Le Lanest\u00e9rien Kevin SADOUDI vainqueur de Plaintel-Plaintel ! - Avenir Cycliste Lanester 56","isPartOf":{"@id":"https:\/\/www.aclanester56.com\/velo\/#website"},"primaryImageOfPage":{"@id":"https:\/\/www.aclanester56.com\/velo\/le-lanesterien-kevin-sadoudi-vainqueur-de-plaintel-plaintel\/#primaryimage"},"image":{"@id":"https:\/\/www.aclanester56.com\/velo\/le-lanesterien-kevin-sadoudi-vainqueur-de-plaintel-plaintel\/#primaryimage"},"thumbnailUrl":"https:\/\/www.aclanester56.com\/velo\/wp-content\/uploads\/2011\/02\/Kevin-SADOUDI-Plaintel.jpg","datePublished":"2011-02-27T18:40:54+00:00","dateModified":"2011-03-02T08:07:10+00:00","inLanguage":"fr-FR","potentialAction":[{"@type":"ReadAction","target":["https:\/\/www.aclanester56.com\/velo\/le-lanesterien-kevin-sadoudi-vainqueur-de-plaintel-plaintel\/"]}]},{"@type":"ImageObject","inLanguage":"fr-FR","@id":"https:\/\/www.aclanester56.com\/velo\/le-lanesterien-kevin-sadoudi-vainqueur-de-plaintel-plaintel\/#primaryimage","url":"https:\/\/www.aclanester56.com\/velo\/wp-content\/uploads\/2011\/02\/Kevin-SADOUDI-Plaintel.jpg","contentUrl":"https:\/\/www.aclanester56.com\/velo\/wp-content\/uploads\/2011\/02\/Kevin-SADOUDI-Plaintel.jpg","width":600,"height":457,"caption":"Le Lanest\u00e9rien K\u00e9vin SADOUDI remporte une magnifique victoire sur Plaintel-Plaintel ! (photo Didier Rouxel - www.bretagne-cyclisme.com)"},{"@type":"WebSite","@id":"https:\/\/www.aclanester56.com\/velo\/#website","url":"https:\/\/www.aclanester56.com\/velo\/","name":"Avenir Cycliste Lanester 56","description":"Club cycliste de l&#039;AC LANESTER 56","publisher":{"@id":"https:\/\/www.aclanester56.com\/velo\/#organization"},"potentialAction":[{"@type":"SearchAction","target":{"@type":"EntryPoint","urlTemplate":"https:\/\/www.aclanester56.com\/velo\/?s={search_term_string}"},"query-input":{"@type":"PropertyValueSpecification","valueRequired":true,"valueName":"search_term_string"}}],"inLanguage":"fr-FR"},{"@type":"Organization","@id":"https:\/\/www.aclanester56.com\/velo\/#organization","name":"Avenir Cycliste Lanester 56","url":"https:\/\/www.aclanester56.com\/velo\/","logo":{"@type":"ImageObject","inLanguage":"fr-FR","@id":"https:\/\/www.aclanester56.com\/velo\/#\/schema\/logo\/image\/","url":"https:\/\/www.aclanester56.com\/velo\/wp-content\/uploads\/2013\/04\/logo-ACL.jpg","contentUrl":"https:\/\/www.aclanester56.com\/velo\/wp-content\/uploads\/2013\/04\/logo-ACL.jpg","width":400,"height":334,"caption":"Avenir Cycliste Lanester 56"},"image":{"@id":"https:\/\/www.aclanester56.com\/velo\/#\/schema\/logo\/image\/"},"sameAs":["https:\/\/www.facebook.com\/pages\/AC-Lanester-56\/190286300991242?fref=ts"]},{"@type":"Person","@id":"https:\/\/www.aclanester56.com\/velo\/#\/schema\/person\/ca2a44a5fd969e9dd846c72d3b33bc01","name":"Jean-Christophe","url":"https:\/\/www.aclanester56.com\/velo\/author\/jeanchristophe\/"}]}},"_links":{"self":[{"href":"https:\/\/www.aclanester56.com\/velo\/wp-json\/wp\/v2\/posts\/7334","targetHints":{"allow":["GET"]}}],"collection":[{"href":"https:\/\/www.aclanester56.com\/velo\/wp-json\/wp\/v2\/posts"}],"about":[{"href":"https:\/\/www.aclanester56.com\/velo\/wp-json\/wp\/v2\/types\/post"}],"author":[{"embeddable":true,"href":"https:\/\/www.aclanester56.com\/velo\/wp-json\/wp\/v2\/users\/14"}],"replies":[{"embeddable":true,"href":"https:\/\/www.aclanester56.com\/velo\/wp-json\/wp\/v2\/comments?post=7334"}],"version-history":[{"count":0,"href":"https:\/\/www.aclanester56.com\/velo\/wp-json\/wp\/v2\/posts\/7334\/revisions"}],"wp:featuredmedia":[{"embeddable":true,"href":"https:\/\/www.aclanester56.com\/velo\/wp-json\/wp\/v2\/media\/7359"}],"wp:attachment":[{"href":"https:\/\/www.aclanester56.com\/velo\/wp-json\/wp\/v2\/media?parent=7334"}],"wp:term":[{"taxonomy":"category","embeddable":true,"href":"https:\/\/www.aclanester56.com\/velo\/wp-json\/wp\/v2\/categories?post=7334"},{"taxonomy":"post_tag","embeddable":true,"href":"https:\/\/www.aclanester56.com\/velo\/wp-json\/wp\/v2\/tags?post=7334"}],"curies":[{"name":"wp","href":"https:\/\/api.w.org\/{rel}","templated":true}]}}