{"id":7384,"date":"2011-03-02T10:21:59","date_gmt":"2011-03-02T09:21:59","guid":{"rendered":"http:\/\/www.aclanester56.com\/velo\/?p=7384"},"modified":"2011-03-07T12:59:49","modified_gmt":"2011-03-07T11:59:49","slug":"revue-de-presse-la-melrandaise-et-plaintel-plaintel","status":"publish","type":"post","link":"https:\/\/www.aclanester56.com\/velo\/revue-de-presse-la-melrandaise-et-plaintel-plaintel\/","title":{"rendered":"Revue de presse : La Melrandaise et Plaintel-Plaintel"},"content":{"rendered":"<p><a href=\"http:\/\/www.aclanester56.com\/velo\/wp-content\/uploads\/2011\/02\/logo_journal.gif\"><img loading=\"lazy\" decoding=\"async\" class=\"alignleft size-full wp-image-6943\" title=\"Revue de presse\" src=\"http:\/\/www.aclanester56.com\/velo\/wp-content\/uploads\/2011\/02\/logo_journal.gif\" alt=\"\" width=\"136\" height=\"150\" \/><\/a><\/p>\n<p style=\"text-align: justify;\">Notre galerie <a href=\"http:\/\/www.aclanester56.com\/velo\/medias\/presse\/?album=6&amp;gallery=55\" target=\"_blank\">\u00ab\u00a0Presse et actualit\u00e9s\u00a0\u00bb<\/a> a \u00e9t\u00e9 mise \u00e0 jour avec trois articles du week-end dernier.<\/p>\n<p><!--more--><\/p>\n<p><br class=\"spacer_\" \/><\/p>\n<p><div id=\"attachment_7386\" style=\"width: 410px\" class=\"wp-caption aligncenter\"><a href=\"http:\/\/www.aclanester56.com\/velo\/wp-content\/uploads\/2011\/03\/Le-T\u00e9l\u00e9gramme-27-02-2011-2-800x581.jpg\" ><img loading=\"lazy\" decoding=\"async\" aria-describedby=\"caption-attachment-7386\" src=\"http:\/\/www.aclanester56.com\/velo\/wp-content\/uploads\/2011\/03\/Le-T\u00e9l\u00e9gramme-27-02-2011-2-800x581.jpg\" alt=\"\" title=\"Article du T\u00e9l\u00e9gramme, en date du 27-02-2011 (Cliquez pour agrandir)\" width=\"400\" height=\"290\" class=\"size-large wp-image-7386\" srcset=\"https:\/\/www.aclanester56.com\/velo\/wp-content\/uploads\/2011\/03\/Le-T\u00e9l\u00e9gramme-27-02-2011-2-800x581.jpg 800w, https:\/\/www.aclanester56.com\/velo\/wp-content\/uploads\/2011\/03\/Le-T\u00e9l\u00e9gramme-27-02-2011-2-300x218.jpg 300w\" sizes=\"auto, (max-width: 400px) 100vw, 400px\" \/><\/a><p id=\"caption-attachment-7386\" class=\"wp-caption-text\">Article du T\u00e9l\u00e9gramme, en date du 27-02-2011 (Cliquez pour agrandir)<\/p><\/div><br \/>\n<div id=\"attachment_7388\" style=\"width: 228px\" class=\"wp-caption alignleft\"><a href=\"http:\/\/www.aclanester56.com\/velo\/wp-content\/uploads\/2011\/03\/Le-T\u00e9l\u00e9gramme-27-02-2011-436x600.jpg\"><img loading=\"lazy\" decoding=\"async\" aria-describedby=\"caption-attachment-7388\" src=\"http:\/\/www.aclanester56.com\/velo\/wp-content\/uploads\/2011\/03\/Le-T\u00e9l\u00e9gramme-27-02-2011-436x600.jpg\" alt=\"\" title=\"Article du T\u00e9l\u00e9gramme, en date du 27-02-2011 (Cliquez pour agrandir)\" width=\"218\" height=\"300\" class=\"size-large wp-image-7388\" srcset=\"https:\/\/www.aclanester56.com\/velo\/wp-content\/uploads\/2011\/03\/Le-T\u00e9l\u00e9gramme-27-02-2011-436x600.jpg 436w, https:\/\/www.aclanester56.com\/velo\/wp-content\/uploads\/2011\/03\/Le-T\u00e9l\u00e9gramme-27-02-2011-218x300.jpg 218w, https:\/\/www.aclanester56.com\/velo\/wp-content\/uploads\/2011\/03\/Le-T\u00e9l\u00e9gramme-27-02-2011.jpg 1700w\" sizes=\"auto, (max-width: 218px) 100vw, 218px\" \/><\/a><p id=\"caption-attachment-7388\" class=\"wp-caption-text\">Article du T\u00e9l\u00e9gramme, en date du 27-02-2011 (Cliquez pour agrandir)<\/p><\/div><br \/>\n<div id=\"attachment_7390\" style=\"width: 228px\" class=\"wp-caption alignright\"><a href=\"http:\/\/www.aclanester56.com\/velo\/wp-content\/uploads\/2011\/03\/Le-T\u00e9l\u00e9gramme-28-02-2011.jpg\" ><img loading=\"lazy\" decoding=\"async\" aria-describedby=\"caption-attachment-7390\" src=\"http:\/\/www.aclanester56.com\/velo\/wp-content\/uploads\/2011\/03\/Le-T\u00e9l\u00e9gramme-28-02-2011.jpg\" alt=\"\" title=\"Article du T\u00e9l\u00e9gramme, en date du 28-02-2011 (Cliquez pour agrandir)\" width=\"218\" height=\"300\" class=\"size-full wp-image-7390\" srcset=\"https:\/\/www.aclanester56.com\/velo\/wp-content\/uploads\/2011\/03\/Le-T\u00e9l\u00e9gramme-28-02-2011.jpg 1700w, https:\/\/www.aclanester56.com\/velo\/wp-content\/uploads\/2011\/03\/Le-T\u00e9l\u00e9gramme-28-02-2011-218x300.jpg 218w, https:\/\/www.aclanester56.com\/velo\/wp-content\/uploads\/2011\/03\/Le-T\u00e9l\u00e9gramme-28-02-2011-436x600.jpg 436w\" sizes=\"auto, (max-width: 218px) 100vw, 218px\" \/><\/a><p id=\"caption-attachment-7390\" class=\"wp-caption-text\">Article du T\u00e9l\u00e9gramme, en date du 28-02-2011 (Cliquez pour agrandir)<\/p><\/div><\/p>\n","protected":false},"excerpt":{"rendered":"<p>Notre galerie \u00ab\u00a0Presse et actualit\u00e9s\u00a0\u00bb a \u00e9t\u00e9 mise \u00e0 jour avec trois articles du week-end dernier.<\/p>\n","protected":false},"author":14,"featured_media":6943,"comment_status":"open","ping_status":"closed","sticky":false,"template":"","format":"standard","meta":{"ngg_post_thumbnail":0,"footnotes":""},"categories":[5,14,15],"tags":[],"class_list":["post-7384","post","type-post","status-publish","format-standard","has-post-thumbnail","hentry","category-ac-lanester-56","category-actualites-dn","category-presse-actualites"],"yoast_head":"<!-- This site is optimized with the Yoast SEO plugin v27.5 - https:\/\/yoast.com\/product\/yoast-seo-wordpress\/ -->\n<title>Revue de presse : La Melrandaise et Plaintel-Plaintel - Avenir Cycliste Lanester 56<\/title>\n<meta name=\"robots\" content=\"index, follow, max-snippet:-1, max-image-preview:large, max-video-preview:-1\" \/>\n<link rel=\"canonical\" href=\"https:\/\/www.aclanester56.com\/velo\/revue-de-presse-la-melrandaise-et-plaintel-plaintel\/\" \/>\n<meta property=\"og:locale\" content=\"fr_FR\" \/>\n<meta property=\"og:type\" content=\"article\" \/>\n<meta property=\"og:title\" content=\"Revue de presse : La Melrandaise et Plaintel-Plaintel - Avenir Cycliste Lanester 56\" \/>\n<meta property=\"og:description\" content=\"Notre galerie \u00ab\u00a0Presse et actualit\u00e9s\u00a0\u00bb a \u00e9t\u00e9 mise \u00e0 jour avec trois articles du week-end dernier.\" \/>\n<meta property=\"og:url\" content=\"https:\/\/www.aclanester56.com\/velo\/revue-de-presse-la-melrandaise-et-plaintel-plaintel\/\" \/>\n<meta property=\"og:site_name\" content=\"Avenir Cycliste Lanester 56\" \/>\n<meta property=\"article:publisher\" content=\"https:\/\/www.facebook.com\/pages\/AC-Lanester-56\/190286300991242?fref=ts\" \/>\n<meta property=\"article:published_time\" content=\"2011-03-02T09:21:59+00:00\" \/>\n<meta property=\"article:modified_time\" content=\"2011-03-07T11:59:49+00:00\" \/>\n<meta property=\"og:image\" content=\"https:\/\/www.aclanester56.com\/velo\/wp-content\/uploads\/2011\/02\/logo_journal.gif\" \/>\n\t<meta property=\"og:image:width\" content=\"136\" \/>\n\t<meta property=\"og:image:height\" content=\"150\" \/>\n\t<meta property=\"og:image:type\" content=\"image\/gif\" \/>\n<meta name=\"author\" content=\"Jean-Christophe\" \/>\n<meta name=\"twitter:label1\" content=\"\u00c9crit par\" \/>\n\t<meta name=\"twitter:data1\" content=\"Jean-Christophe\" \/>\n<script type=\"application\/ld+json\" class=\"yoast-schema-graph\">{\"@context\":\"https:\\\/\\\/schema.org\",\"@graph\":[{\"@type\":\"Article\",\"@id\":\"https:\\\/\\\/www.aclanester56.com\\\/velo\\\/revue-de-presse-la-melrandaise-et-plaintel-plaintel\\\/#article\",\"isPartOf\":{\"@id\":\"https:\\\/\\\/www.aclanester56.com\\\/velo\\\/revue-de-presse-la-melrandaise-et-plaintel-plaintel\\\/\"},\"author\":{\"name\":\"Jean-Christophe\",\"@id\":\"https:\\\/\\\/www.aclanester56.com\\\/velo\\\/#\\\/schema\\\/person\\\/ca2a44a5fd969e9dd846c72d3b33bc01\"},\"headline\":\"Revue de presse : La Melrandaise et Plaintel-Plaintel\",\"datePublished\":\"2011-03-02T09:21:59+00:00\",\"dateModified\":\"2011-03-07T11:59:49+00:00\",\"mainEntityOfPage\":{\"@id\":\"https:\\\/\\\/www.aclanester56.com\\\/velo\\\/revue-de-presse-la-melrandaise-et-plaintel-plaintel\\\/\"},\"wordCount\":86,\"commentCount\":0,\"publisher\":{\"@id\":\"https:\\\/\\\/www.aclanester56.com\\\/velo\\\/#organization\"},\"image\":{\"@id\":\"https:\\\/\\\/www.aclanester56.com\\\/velo\\\/revue-de-presse-la-melrandaise-et-plaintel-plaintel\\\/#primaryimage\"},\"thumbnailUrl\":\"https:\\\/\\\/www.aclanester56.com\\\/velo\\\/wp-content\\\/uploads\\\/2011\\\/02\\\/logo_journal.gif\",\"articleSection\":[\"AC LANESTER 56\",\"Actualit\u00e9s DN\",\"Presse-Actualit\u00e9s\"],\"inLanguage\":\"fr-FR\",\"potentialAction\":[{\"@type\":\"CommentAction\",\"name\":\"Comment\",\"target\":[\"https:\\\/\\\/www.aclanester56.com\\\/velo\\\/revue-de-presse-la-melrandaise-et-plaintel-plaintel\\\/#respond\"]}]},{\"@type\":\"WebPage\",\"@id\":\"https:\\\/\\\/www.aclanester56.com\\\/velo\\\/revue-de-presse-la-melrandaise-et-plaintel-plaintel\\\/\",\"url\":\"https:\\\/\\\/www.aclanester56.com\\\/velo\\\/revue-de-presse-la-melrandaise-et-plaintel-plaintel\\\/\",\"name\":\"Revue de presse : La Melrandaise et Plaintel-Plaintel - Avenir Cycliste Lanester 56\",\"isPartOf\":{\"@id\":\"https:\\\/\\\/www.aclanester56.com\\\/velo\\\/#website\"},\"primaryImageOfPage\":{\"@id\":\"https:\\\/\\\/www.aclanester56.com\\\/velo\\\/revue-de-presse-la-melrandaise-et-plaintel-plaintel\\\/#primaryimage\"},\"image\":{\"@id\":\"https:\\\/\\\/www.aclanester56.com\\\/velo\\\/revue-de-presse-la-melrandaise-et-plaintel-plaintel\\\/#primaryimage\"},\"thumbnailUrl\":\"https:\\\/\\\/www.aclanester56.com\\\/velo\\\/wp-content\\\/uploads\\\/2011\\\/02\\\/logo_journal.gif\",\"datePublished\":\"2011-03-02T09:21:59+00:00\",\"dateModified\":\"2011-03-07T11:59:49+00:00\",\"inLanguage\":\"fr-FR\",\"potentialAction\":[{\"@type\":\"ReadAction\",\"target\":[\"https:\\\/\\\/www.aclanester56.com\\\/velo\\\/revue-de-presse-la-melrandaise-et-plaintel-plaintel\\\/\"]}]},{\"@type\":\"ImageObject\",\"inLanguage\":\"fr-FR\",\"@id\":\"https:\\\/\\\/www.aclanester56.com\\\/velo\\\/revue-de-presse-la-melrandaise-et-plaintel-plaintel\\\/#primaryimage\",\"url\":\"https:\\\/\\\/www.aclanester56.com\\\/velo\\\/wp-content\\\/uploads\\\/2011\\\/02\\\/logo_journal.gif\",\"contentUrl\":\"https:\\\/\\\/www.aclanester56.com\\\/velo\\\/wp-content\\\/uploads\\\/2011\\\/02\\\/logo_journal.gif\",\"width\":136,\"height\":150,\"caption\":\"Notre revue de presse a \u00e9t\u00e9 mise \u00e0 jour !\"},{\"@type\":\"WebSite\",\"@id\":\"https:\\\/\\\/www.aclanester56.com\\\/velo\\\/#website\",\"url\":\"https:\\\/\\\/www.aclanester56.com\\\/velo\\\/\",\"name\":\"Avenir Cycliste Lanester 56\",\"description\":\"Club cycliste de l&#039;AC LANESTER 56\",\"publisher\":{\"@id\":\"https:\\\/\\\/www.aclanester56.com\\\/velo\\\/#organization\"},\"potentialAction\":[{\"@type\":\"SearchAction\",\"target\":{\"@type\":\"EntryPoint\",\"urlTemplate\":\"https:\\\/\\\/www.aclanester56.com\\\/velo\\\/?s={search_term_string}\"},\"query-input\":{\"@type\":\"PropertyValueSpecification\",\"valueRequired\":true,\"valueName\":\"search_term_string\"}}],\"inLanguage\":\"fr-FR\"},{\"@type\":\"Organization\",\"@id\":\"https:\\\/\\\/www.aclanester56.com\\\/velo\\\/#organization\",\"name\":\"Avenir Cycliste Lanester 56\",\"url\":\"https:\\\/\\\/www.aclanester56.com\\\/velo\\\/\",\"logo\":{\"@type\":\"ImageObject\",\"inLanguage\":\"fr-FR\",\"@id\":\"https:\\\/\\\/www.aclanester56.com\\\/velo\\\/#\\\/schema\\\/logo\\\/image\\\/\",\"url\":\"https:\\\/\\\/www.aclanester56.com\\\/velo\\\/wp-content\\\/uploads\\\/2013\\\/04\\\/logo-ACL.jpg\",\"contentUrl\":\"https:\\\/\\\/www.aclanester56.com\\\/velo\\\/wp-content\\\/uploads\\\/2013\\\/04\\\/logo-ACL.jpg\",\"width\":400,\"height\":334,\"caption\":\"Avenir Cycliste Lanester 56\"},\"image\":{\"@id\":\"https:\\\/\\\/www.aclanester56.com\\\/velo\\\/#\\\/schema\\\/logo\\\/image\\\/\"},\"sameAs\":[\"https:\\\/\\\/www.facebook.com\\\/pages\\\/AC-Lanester-56\\\/190286300991242?fref=ts\"]},{\"@type\":\"Person\",\"@id\":\"https:\\\/\\\/www.aclanester56.com\\\/velo\\\/#\\\/schema\\\/person\\\/ca2a44a5fd969e9dd846c72d3b33bc01\",\"name\":\"Jean-Christophe\",\"url\":\"https:\\\/\\\/www.aclanester56.com\\\/velo\\\/author\\\/jeanchristophe\\\/\"}]}<\/script>\n<!-- \/ Yoast SEO plugin. -->","yoast_head_json":{"title":"Revue de presse : La Melrandaise et Plaintel-Plaintel - Avenir Cycliste Lanester 56","robots":{"index":"index","follow":"follow","max-snippet":"max-snippet:-1","max-image-preview":"max-image-preview:large","max-video-preview":"max-video-preview:-1"},"canonical":"https:\/\/www.aclanester56.com\/velo\/revue-de-presse-la-melrandaise-et-plaintel-plaintel\/","og_locale":"fr_FR","og_type":"article","og_title":"Revue de presse : La Melrandaise et Plaintel-Plaintel - Avenir Cycliste Lanester 56","og_description":"Notre galerie \u00ab\u00a0Presse et actualit\u00e9s\u00a0\u00bb a \u00e9t\u00e9 mise \u00e0 jour avec trois articles du week-end dernier.","og_url":"https:\/\/www.aclanester56.com\/velo\/revue-de-presse-la-melrandaise-et-plaintel-plaintel\/","og_site_name":"Avenir Cycliste Lanester 56","article_publisher":"https:\/\/www.facebook.com\/pages\/AC-Lanester-56\/190286300991242?fref=ts","article_published_time":"2011-03-02T09:21:59+00:00","article_modified_time":"2011-03-07T11:59:49+00:00","og_image":[{"width":136,"height":150,"url":"https:\/\/www.aclanester56.com\/velo\/wp-content\/uploads\/2011\/02\/logo_journal.gif","type":"image\/gif"}],"author":"Jean-Christophe","twitter_misc":{"\u00c9crit par":"Jean-Christophe"},"schema":{"@context":"https:\/\/schema.org","@graph":[{"@type":"Article","@id":"https:\/\/www.aclanester56.com\/velo\/revue-de-presse-la-melrandaise-et-plaintel-plaintel\/#article","isPartOf":{"@id":"https:\/\/www.aclanester56.com\/velo\/revue-de-presse-la-melrandaise-et-plaintel-plaintel\/"},"author":{"name":"Jean-Christophe","@id":"https:\/\/www.aclanester56.com\/velo\/#\/schema\/person\/ca2a44a5fd969e9dd846c72d3b33bc01"},"headline":"Revue de presse : La Melrandaise et Plaintel-Plaintel","datePublished":"2011-03-02T09:21:59+00:00","dateModified":"2011-03-07T11:59:49+00:00","mainEntityOfPage":{"@id":"https:\/\/www.aclanester56.com\/velo\/revue-de-presse-la-melrandaise-et-plaintel-plaintel\/"},"wordCount":86,"commentCount":0,"publisher":{"@id":"https:\/\/www.aclanester56.com\/velo\/#organization"},"image":{"@id":"https:\/\/www.aclanester56.com\/velo\/revue-de-presse-la-melrandaise-et-plaintel-plaintel\/#primaryimage"},"thumbnailUrl":"https:\/\/www.aclanester56.com\/velo\/wp-content\/uploads\/2011\/02\/logo_journal.gif","articleSection":["AC LANESTER 56","Actualit\u00e9s DN","Presse-Actualit\u00e9s"],"inLanguage":"fr-FR","potentialAction":[{"@type":"CommentAction","name":"Comment","target":["https:\/\/www.aclanester56.com\/velo\/revue-de-presse-la-melrandaise-et-plaintel-plaintel\/#respond"]}]},{"@type":"WebPage","@id":"https:\/\/www.aclanester56.com\/velo\/revue-de-presse-la-melrandaise-et-plaintel-plaintel\/","url":"https:\/\/www.aclanester56.com\/velo\/revue-de-presse-la-melrandaise-et-plaintel-plaintel\/","name":"Revue de presse : La Melrandaise et Plaintel-Plaintel - Avenir Cycliste Lanester 56","isPartOf":{"@id":"https:\/\/www.aclanester56.com\/velo\/#website"},"primaryImageOfPage":{"@id":"https:\/\/www.aclanester56.com\/velo\/revue-de-presse-la-melrandaise-et-plaintel-plaintel\/#primaryimage"},"image":{"@id":"https:\/\/www.aclanester56.com\/velo\/revue-de-presse-la-melrandaise-et-plaintel-plaintel\/#primaryimage"},"thumbnailUrl":"https:\/\/www.aclanester56.com\/velo\/wp-content\/uploads\/2011\/02\/logo_journal.gif","datePublished":"2011-03-02T09:21:59+00:00","dateModified":"2011-03-07T11:59:49+00:00","inLanguage":"fr-FR","potentialAction":[{"@type":"ReadAction","target":["https:\/\/www.aclanester56.com\/velo\/revue-de-presse-la-melrandaise-et-plaintel-plaintel\/"]}]},{"@type":"ImageObject","inLanguage":"fr-FR","@id":"https:\/\/www.aclanester56.com\/velo\/revue-de-presse-la-melrandaise-et-plaintel-plaintel\/#primaryimage","url":"https:\/\/www.aclanester56.com\/velo\/wp-content\/uploads\/2011\/02\/logo_journal.gif","contentUrl":"https:\/\/www.aclanester56.com\/velo\/wp-content\/uploads\/2011\/02\/logo_journal.gif","width":136,"height":150,"caption":"Notre revue de presse a \u00e9t\u00e9 mise \u00e0 jour !"},{"@type":"WebSite","@id":"https:\/\/www.aclanester56.com\/velo\/#website","url":"https:\/\/www.aclanester56.com\/velo\/","name":"Avenir Cycliste Lanester 56","description":"Club cycliste de l&#039;AC LANESTER 56","publisher":{"@id":"https:\/\/www.aclanester56.com\/velo\/#organization"},"potentialAction":[{"@type":"SearchAction","target":{"@type":"EntryPoint","urlTemplate":"https:\/\/www.aclanester56.com\/velo\/?s={search_term_string}"},"query-input":{"@type":"PropertyValueSpecification","valueRequired":true,"valueName":"search_term_string"}}],"inLanguage":"fr-FR"},{"@type":"Organization","@id":"https:\/\/www.aclanester56.com\/velo\/#organization","name":"Avenir Cycliste Lanester 56","url":"https:\/\/www.aclanester56.com\/velo\/","logo":{"@type":"ImageObject","inLanguage":"fr-FR","@id":"https:\/\/www.aclanester56.com\/velo\/#\/schema\/logo\/image\/","url":"https:\/\/www.aclanester56.com\/velo\/wp-content\/uploads\/2013\/04\/logo-ACL.jpg","contentUrl":"https:\/\/www.aclanester56.com\/velo\/wp-content\/uploads\/2013\/04\/logo-ACL.jpg","width":400,"height":334,"caption":"Avenir Cycliste Lanester 56"},"image":{"@id":"https:\/\/www.aclanester56.com\/velo\/#\/schema\/logo\/image\/"},"sameAs":["https:\/\/www.facebook.com\/pages\/AC-Lanester-56\/190286300991242?fref=ts"]},{"@type":"Person","@id":"https:\/\/www.aclanester56.com\/velo\/#\/schema\/person\/ca2a44a5fd969e9dd846c72d3b33bc01","name":"Jean-Christophe","url":"https:\/\/www.aclanester56.com\/velo\/author\/jeanchristophe\/"}]}},"_links":{"self":[{"href":"https:\/\/www.aclanester56.com\/velo\/wp-json\/wp\/v2\/posts\/7384","targetHints":{"allow":["GET"]}}],"collection":[{"href":"https:\/\/www.aclanester56.com\/velo\/wp-json\/wp\/v2\/posts"}],"about":[{"href":"https:\/\/www.aclanester56.com\/velo\/wp-json\/wp\/v2\/types\/post"}],"author":[{"embeddable":true,"href":"https:\/\/www.aclanester56.com\/velo\/wp-json\/wp\/v2\/users\/14"}],"replies":[{"embeddable":true,"href":"https:\/\/www.aclanester56.com\/velo\/wp-json\/wp\/v2\/comments?post=7384"}],"version-history":[{"count":0,"href":"https:\/\/www.aclanester56.com\/velo\/wp-json\/wp\/v2\/posts\/7384\/revisions"}],"wp:featuredmedia":[{"embeddable":true,"href":"https:\/\/www.aclanester56.com\/velo\/wp-json\/wp\/v2\/media\/6943"}],"wp:attachment":[{"href":"https:\/\/www.aclanester56.com\/velo\/wp-json\/wp\/v2\/media?parent=7384"}],"wp:term":[{"taxonomy":"category","embeddable":true,"href":"https:\/\/www.aclanester56.com\/velo\/wp-json\/wp\/v2\/categories?post=7384"},{"taxonomy":"post_tag","embeddable":true,"href":"https:\/\/www.aclanester56.com\/velo\/wp-json\/wp\/v2\/tags?post=7384"}],"curies":[{"name":"wp","href":"https:\/\/api.w.org\/{rel}","templated":true}]}}