{"id":7445,"date":"2011-03-09T13:02:14","date_gmt":"2011-03-09T12:02:14","guid":{"rendered":"http:\/\/www.aclanester56.com\/velo\/?p=7445"},"modified":"2011-03-12T14:07:25","modified_gmt":"2011-03-12T13:07:25","slug":"les-lanesteriens-brillent-sur-manche-atlantique","status":"publish","type":"post","link":"https:\/\/www.aclanester56.com\/velo\/les-lanesteriens-brillent-sur-manche-atlantique\/","title":{"rendered":"Les Lanest\u00e9riens brillent sur Manche-Atlantique"},"content":{"rendered":"<div id=\"attachment_7446\" style=\"width: 410px\" class=\"wp-caption alignleft\"><a href=\"http:\/\/www.aclanester56.com\/velo\/wp-content\/uploads\/2011\/03\/DSC04306-800x535.jpg\" ><img loading=\"lazy\" decoding=\"async\" aria-describedby=\"caption-attachment-7446\" src=\"http:\/\/www.aclanester56.com\/velo\/wp-content\/uploads\/2011\/03\/DSC04306-800x535.jpg\" alt=\"\" title=\"Warren BARGUIL (AC LANESTER 56), ici au centre, a fait la course en t\u00eate sur Manche-Atlantique (photo Gabrielle TEIRLYNCK)\" width=\"400\" height=\"267\" class=\"size-large wp-image-7446\" srcset=\"https:\/\/www.aclanester56.com\/velo\/wp-content\/uploads\/2011\/03\/DSC04306-800x535.jpg 800w, https:\/\/www.aclanester56.com\/velo\/wp-content\/uploads\/2011\/03\/DSC04306-300x200.jpg 300w, https:\/\/www.aclanester56.com\/velo\/wp-content\/uploads\/2011\/03\/DSC04306.jpg 1932w\" sizes=\"auto, (max-width: 400px) 100vw, 400px\" \/><\/a><p id=\"caption-attachment-7446\" class=\"wp-caption-text\">Warren BARGUIL (AC LANESTER 56), ici au centre, a fait la course en t\u00eate sur Manche-Atlantique (photo Gabrielle TEIRLYNCK)<\/p><\/div>\n<p style=\"text-align: justify;\">Les coureurs de l&rsquo;AC LANESTER 56 ont \u00e9t\u00e9 en vue dimanche dernier lors des diff\u00e9rentes ascensions de la s\u00e9v\u00e8re rampe de Cadoudal, \u00e0 l&rsquo;occasion de l&rsquo;une des plus belles classiques amateures fran\u00e7aises disput\u00e9e entre Jugon-les-Lac et Plumelec. Warren BARGUIL, meilleur grimpeur de l&rsquo;\u00e9preuve, prend une excellente 7\u00e8me place apr\u00e8s avoir bataill\u00e9 longtemps pour la victoire, tandis qu&rsquo;Anthony MIRA prend une tr\u00e8s prometteuse 17\u00e8me place, leur capitaine de route Yann RAULT terminant 25\u00e8me. 200 coureurs \u00e9taient au d\u00e9part de cette \u00e9preuve qui s&rsquo;est d\u00e9roul\u00e9e devant des milliers de spectateurs.<\/p>\n<p style=\"text-align: justify;\"><!--more--><\/p>\n<p style=\"text-align: justify;\">\n<p style=\"text-align: justify;\">Retrouvez des photos de Gabrielle TEIRLYNCK dans notre galerie de photos consacr\u00e9e <a href=\"http:\/\/www.aclanester56.com\/velo\/medias\/photos\/?album=7&amp;gallery=63\" target=\"_blank\">en cliquant ici<\/a>.<\/p>\n<p style=\"text-align: justify;\">\u00a0<\/p>\n<div id=\"attachment_7448\" style=\"width: 410px\" class=\"wp-caption alignright\"><a href=\"http:\/\/www.aclanester56.com\/velo\/wp-content\/uploads\/2011\/03\/DSC04316-800x535.jpg\" ><img loading=\"lazy\" decoding=\"async\" aria-describedby=\"caption-attachment-7448\" src=\"http:\/\/www.aclanester56.com\/velo\/wp-content\/uploads\/2011\/03\/DSC04316-800x535.jpg\" alt=\"\" title=\"Yann RAULT, pas encore \u00e0 son meilleur niveau, accroche tout de m\u00eame une belle 25\u00e8me place (photo Gabrielle TEIRLYNCK)\" width=\"400\" height=\"267\" class=\"size-large wp-image-7448\" srcset=\"https:\/\/www.aclanester56.com\/velo\/wp-content\/uploads\/2011\/03\/DSC04316-800x535.jpg 800w, https:\/\/www.aclanester56.com\/velo\/wp-content\/uploads\/2011\/03\/DSC04316-300x200.jpg 300w, https:\/\/www.aclanester56.com\/velo\/wp-content\/uploads\/2011\/03\/DSC04316.jpg 1932w\" sizes=\"auto, (max-width: 400px) 100vw, 400px\" \/><\/a><p id=\"caption-attachment-7448\" class=\"wp-caption-text\">Yann RAULT, pas encore \u00e0 son meilleur niveau, accroche tout de m\u00eame une belle 25\u00e8me place (photo Gabrielle TEIRLYNCK)<\/p><\/div>\n<p><span style=\"text-decoration: underline;\"><strong>Classement <\/strong><\/span>:<\/p>\n<p>1\u00a0\u00a0FOISNET\u00a0JULIEN\u00a0VERANDA RIDEAU<br \/>\n 2\u00a0\u00a0TEGUEL\u00a0ERWAN\u00a0TEAM U NANTES  ATLANTIQUE<br \/>\n 3\u00a0\u00a0MALLE\u00a0GUILLAUME\u00a0VERANDA RIDEAU<br \/>\n 4\u00a0\u00a0HAVE\u00a0QUENTIN\u00a0USSA PAVILLY  BARENTIN<br \/>\n 5\u00a0\u00a0SIMON\u00a0GWENAEL\u00a0HENNEBONT CYCLISME<br \/>\n 6\u00a0\u00a0LEVESSIER\u00a0STEVEN\u00a0TEAM U  NANTES ATLANTIQUE<br \/>\n<span style=\"background-color: #ff6600;\"> 7\u00a0\u00a0BARGUIL\u00a0WARREN\u00a0AC LANESTER 56<\/span><br \/>\n 8\u00a0\u00a0GUYOT\u00a0YANN\u00a0EQUIPE  ARMEE DE TERRE<br \/>\n 9\u00a0\u00a0RENOU\u00a0MICKAEL\u00a0TEAM U NANTES  ATLANTIQUE<br \/>\n 10\u00a0\u00a0HARBONNIER\u00a0SEBASTIEN\u00a0EQUIPE ARMEE DE  TERRE<br \/>\n <span style=\"background-color: #ff6600;\">17\u00a0\u00a0MIRA\u00a0ANTHONY\u00a0AC  LANESTER 56<br \/>\n 25\u00a0\u00a0RAULT\u00a0YANN\u00a0AC  LANESTER 56<br \/>\n 42\u00a0\u00a0BALANNEC\u00a0CHRISTOPHE\u00a0AC LANESTER  56<br \/>\n 48\u00a0\u00a0RAGOT\u00a0VINCENT\u00a0AC LANESTER 56<br \/>\n 49\u00a0\u00a0LE CORRE\u00a0FLORIAN\u00a0ROUBAIX  LILLE METROPOLE<br \/>\n 58\u00a0\u00a0BOULO\u00a0MATHIEU\u00a0ROUBAIX LILLE METROPOLE<br \/>\n 108\u00a0\u00a0CORNIC\u00a0MAXIME\u00a0AC  LANESTER 56<br \/>\n 122\u00a0\u00a0LE BUREL\u00a0YANN\u00a0AC  LANESTER 56<\/span><\/p>\n","protected":false},"excerpt":{"rendered":"<p>Les coureurs de l&rsquo;AC LANESTER 56 ont \u00e9t\u00e9 en vue dimanche dernier lors des diff\u00e9rentes ascensions de la s\u00e9v\u00e8re rampe [&hellip;]<\/p>\n","protected":false},"author":14,"featured_media":7446,"comment_status":"open","ping_status":"closed","sticky":false,"template":"","format":"standard","meta":{"ngg_post_thumbnail":0,"footnotes":""},"categories":[5,14,17],"tags":[],"class_list":["post-7445","post","type-post","status-publish","format-standard","has-post-thumbnail","hentry","category-ac-lanester-56","category-actualites-dn","category-resultats-dn"],"yoast_head":"<!-- This site is optimized with the Yoast SEO plugin v27.5 - https:\/\/yoast.com\/product\/yoast-seo-wordpress\/ -->\n<title>Les Lanest\u00e9riens brillent sur Manche-Atlantique - Avenir Cycliste Lanester 56<\/title>\n<meta name=\"robots\" content=\"index, follow, max-snippet:-1, max-image-preview:large, max-video-preview:-1\" \/>\n<link rel=\"canonical\" href=\"https:\/\/www.aclanester56.com\/velo\/les-lanesteriens-brillent-sur-manche-atlantique\/\" \/>\n<meta property=\"og:locale\" content=\"fr_FR\" \/>\n<meta property=\"og:type\" content=\"article\" \/>\n<meta property=\"og:title\" content=\"Les Lanest\u00e9riens brillent sur Manche-Atlantique - Avenir Cycliste Lanester 56\" \/>\n<meta property=\"og:description\" content=\"Les coureurs de l&rsquo;AC LANESTER 56 ont \u00e9t\u00e9 en vue dimanche dernier lors des diff\u00e9rentes ascensions de la s\u00e9v\u00e8re rampe [&hellip;]\" \/>\n<meta property=\"og:url\" content=\"https:\/\/www.aclanester56.com\/velo\/les-lanesteriens-brillent-sur-manche-atlantique\/\" \/>\n<meta property=\"og:site_name\" content=\"Avenir Cycliste Lanester 56\" \/>\n<meta property=\"article:publisher\" content=\"https:\/\/www.facebook.com\/pages\/AC-Lanester-56\/190286300991242?fref=ts\" \/>\n<meta property=\"article:published_time\" content=\"2011-03-09T12:02:14+00:00\" \/>\n<meta property=\"article:modified_time\" content=\"2011-03-12T13:07:25+00:00\" \/>\n<meta property=\"og:image\" content=\"https:\/\/www.aclanester56.com\/velo\/wp-content\/uploads\/2011\/03\/DSC04306.jpg\" \/>\n\t<meta property=\"og:image:width\" content=\"1932\" \/>\n\t<meta property=\"og:image:height\" content=\"1293\" \/>\n\t<meta property=\"og:image:type\" content=\"image\/jpeg\" \/>\n<meta name=\"author\" content=\"Jean-Christophe\" \/>\n<meta name=\"twitter:label1\" content=\"\u00c9crit par\" \/>\n\t<meta name=\"twitter:data1\" content=\"Jean-Christophe\" \/>\n\t<meta name=\"twitter:label2\" content=\"Dur\u00e9e de lecture estim\u00e9e\" \/>\n\t<meta name=\"twitter:data2\" content=\"1 minute\" \/>\n<script type=\"application\/ld+json\" class=\"yoast-schema-graph\">{\"@context\":\"https:\\\/\\\/schema.org\",\"@graph\":[{\"@type\":\"Article\",\"@id\":\"https:\\\/\\\/www.aclanester56.com\\\/velo\\\/les-lanesteriens-brillent-sur-manche-atlantique\\\/#article\",\"isPartOf\":{\"@id\":\"https:\\\/\\\/www.aclanester56.com\\\/velo\\\/les-lanesteriens-brillent-sur-manche-atlantique\\\/\"},\"author\":{\"name\":\"Jean-Christophe\",\"@id\":\"https:\\\/\\\/www.aclanester56.com\\\/velo\\\/#\\\/schema\\\/person\\\/ca2a44a5fd969e9dd846c72d3b33bc01\"},\"headline\":\"Les Lanest\u00e9riens brillent sur Manche-Atlantique\",\"datePublished\":\"2011-03-09T12:02:14+00:00\",\"dateModified\":\"2011-03-12T13:07:25+00:00\",\"mainEntityOfPage\":{\"@id\":\"https:\\\/\\\/www.aclanester56.com\\\/velo\\\/les-lanesteriens-brillent-sur-manche-atlantique\\\/\"},\"wordCount\":260,\"commentCount\":0,\"publisher\":{\"@id\":\"https:\\\/\\\/www.aclanester56.com\\\/velo\\\/#organization\"},\"image\":{\"@id\":\"https:\\\/\\\/www.aclanester56.com\\\/velo\\\/les-lanesteriens-brillent-sur-manche-atlantique\\\/#primaryimage\"},\"thumbnailUrl\":\"https:\\\/\\\/www.aclanester56.com\\\/velo\\\/wp-content\\\/uploads\\\/2011\\\/03\\\/DSC04306.jpg\",\"articleSection\":[\"AC LANESTER 56\",\"Actualit\u00e9s DN\",\"R\u00e9sultats DN\"],\"inLanguage\":\"fr-FR\",\"potentialAction\":[{\"@type\":\"CommentAction\",\"name\":\"Comment\",\"target\":[\"https:\\\/\\\/www.aclanester56.com\\\/velo\\\/les-lanesteriens-brillent-sur-manche-atlantique\\\/#respond\"]}]},{\"@type\":\"WebPage\",\"@id\":\"https:\\\/\\\/www.aclanester56.com\\\/velo\\\/les-lanesteriens-brillent-sur-manche-atlantique\\\/\",\"url\":\"https:\\\/\\\/www.aclanester56.com\\\/velo\\\/les-lanesteriens-brillent-sur-manche-atlantique\\\/\",\"name\":\"Les Lanest\u00e9riens brillent sur Manche-Atlantique - Avenir Cycliste Lanester 56\",\"isPartOf\":{\"@id\":\"https:\\\/\\\/www.aclanester56.com\\\/velo\\\/#website\"},\"primaryImageOfPage\":{\"@id\":\"https:\\\/\\\/www.aclanester56.com\\\/velo\\\/les-lanesteriens-brillent-sur-manche-atlantique\\\/#primaryimage\"},\"image\":{\"@id\":\"https:\\\/\\\/www.aclanester56.com\\\/velo\\\/les-lanesteriens-brillent-sur-manche-atlantique\\\/#primaryimage\"},\"thumbnailUrl\":\"https:\\\/\\\/www.aclanester56.com\\\/velo\\\/wp-content\\\/uploads\\\/2011\\\/03\\\/DSC04306.jpg\",\"datePublished\":\"2011-03-09T12:02:14+00:00\",\"dateModified\":\"2011-03-12T13:07:25+00:00\",\"inLanguage\":\"fr-FR\",\"potentialAction\":[{\"@type\":\"ReadAction\",\"target\":[\"https:\\\/\\\/www.aclanester56.com\\\/velo\\\/les-lanesteriens-brillent-sur-manche-atlantique\\\/\"]}]},{\"@type\":\"ImageObject\",\"inLanguage\":\"fr-FR\",\"@id\":\"https:\\\/\\\/www.aclanester56.com\\\/velo\\\/les-lanesteriens-brillent-sur-manche-atlantique\\\/#primaryimage\",\"url\":\"https:\\\/\\\/www.aclanester56.com\\\/velo\\\/wp-content\\\/uploads\\\/2011\\\/03\\\/DSC04306.jpg\",\"contentUrl\":\"https:\\\/\\\/www.aclanester56.com\\\/velo\\\/wp-content\\\/uploads\\\/2011\\\/03\\\/DSC04306.jpg\",\"width\":1932,\"height\":1293,\"caption\":\"Warren BARGUIL (AC LANESTER 56), ici au centre, a fait la course en t\u00eate sur Manche-Atlantique (photo Gabrielle TEIRLYNCK)\"},{\"@type\":\"WebSite\",\"@id\":\"https:\\\/\\\/www.aclanester56.com\\\/velo\\\/#website\",\"url\":\"https:\\\/\\\/www.aclanester56.com\\\/velo\\\/\",\"name\":\"Avenir Cycliste Lanester 56\",\"description\":\"Club cycliste de l&#039;AC LANESTER 56\",\"publisher\":{\"@id\":\"https:\\\/\\\/www.aclanester56.com\\\/velo\\\/#organization\"},\"potentialAction\":[{\"@type\":\"SearchAction\",\"target\":{\"@type\":\"EntryPoint\",\"urlTemplate\":\"https:\\\/\\\/www.aclanester56.com\\\/velo\\\/?s={search_term_string}\"},\"query-input\":{\"@type\":\"PropertyValueSpecification\",\"valueRequired\":true,\"valueName\":\"search_term_string\"}}],\"inLanguage\":\"fr-FR\"},{\"@type\":\"Organization\",\"@id\":\"https:\\\/\\\/www.aclanester56.com\\\/velo\\\/#organization\",\"name\":\"Avenir Cycliste Lanester 56\",\"url\":\"https:\\\/\\\/www.aclanester56.com\\\/velo\\\/\",\"logo\":{\"@type\":\"ImageObject\",\"inLanguage\":\"fr-FR\",\"@id\":\"https:\\\/\\\/www.aclanester56.com\\\/velo\\\/#\\\/schema\\\/logo\\\/image\\\/\",\"url\":\"https:\\\/\\\/www.aclanester56.com\\\/velo\\\/wp-content\\\/uploads\\\/2013\\\/04\\\/logo-ACL.jpg\",\"contentUrl\":\"https:\\\/\\\/www.aclanester56.com\\\/velo\\\/wp-content\\\/uploads\\\/2013\\\/04\\\/logo-ACL.jpg\",\"width\":400,\"height\":334,\"caption\":\"Avenir Cycliste Lanester 56\"},\"image\":{\"@id\":\"https:\\\/\\\/www.aclanester56.com\\\/velo\\\/#\\\/schema\\\/logo\\\/image\\\/\"},\"sameAs\":[\"https:\\\/\\\/www.facebook.com\\\/pages\\\/AC-Lanester-56\\\/190286300991242?fref=ts\"]},{\"@type\":\"Person\",\"@id\":\"https:\\\/\\\/www.aclanester56.com\\\/velo\\\/#\\\/schema\\\/person\\\/ca2a44a5fd969e9dd846c72d3b33bc01\",\"name\":\"Jean-Christophe\",\"url\":\"https:\\\/\\\/www.aclanester56.com\\\/velo\\\/author\\\/jeanchristophe\\\/\"}]}<\/script>\n<!-- \/ Yoast SEO plugin. -->","yoast_head_json":{"title":"Les Lanest\u00e9riens brillent sur Manche-Atlantique - Avenir Cycliste Lanester 56","robots":{"index":"index","follow":"follow","max-snippet":"max-snippet:-1","max-image-preview":"max-image-preview:large","max-video-preview":"max-video-preview:-1"},"canonical":"https:\/\/www.aclanester56.com\/velo\/les-lanesteriens-brillent-sur-manche-atlantique\/","og_locale":"fr_FR","og_type":"article","og_title":"Les Lanest\u00e9riens brillent sur Manche-Atlantique - Avenir Cycliste Lanester 56","og_description":"Les coureurs de l&rsquo;AC LANESTER 56 ont \u00e9t\u00e9 en vue dimanche dernier lors des diff\u00e9rentes ascensions de la s\u00e9v\u00e8re rampe [&hellip;]","og_url":"https:\/\/www.aclanester56.com\/velo\/les-lanesteriens-brillent-sur-manche-atlantique\/","og_site_name":"Avenir Cycliste Lanester 56","article_publisher":"https:\/\/www.facebook.com\/pages\/AC-Lanester-56\/190286300991242?fref=ts","article_published_time":"2011-03-09T12:02:14+00:00","article_modified_time":"2011-03-12T13:07:25+00:00","og_image":[{"width":1932,"height":1293,"url":"https:\/\/www.aclanester56.com\/velo\/wp-content\/uploads\/2011\/03\/DSC04306.jpg","type":"image\/jpeg"}],"author":"Jean-Christophe","twitter_misc":{"\u00c9crit par":"Jean-Christophe","Dur\u00e9e de lecture estim\u00e9e":"1 minute"},"schema":{"@context":"https:\/\/schema.org","@graph":[{"@type":"Article","@id":"https:\/\/www.aclanester56.com\/velo\/les-lanesteriens-brillent-sur-manche-atlantique\/#article","isPartOf":{"@id":"https:\/\/www.aclanester56.com\/velo\/les-lanesteriens-brillent-sur-manche-atlantique\/"},"author":{"name":"Jean-Christophe","@id":"https:\/\/www.aclanester56.com\/velo\/#\/schema\/person\/ca2a44a5fd969e9dd846c72d3b33bc01"},"headline":"Les Lanest\u00e9riens brillent sur Manche-Atlantique","datePublished":"2011-03-09T12:02:14+00:00","dateModified":"2011-03-12T13:07:25+00:00","mainEntityOfPage":{"@id":"https:\/\/www.aclanester56.com\/velo\/les-lanesteriens-brillent-sur-manche-atlantique\/"},"wordCount":260,"commentCount":0,"publisher":{"@id":"https:\/\/www.aclanester56.com\/velo\/#organization"},"image":{"@id":"https:\/\/www.aclanester56.com\/velo\/les-lanesteriens-brillent-sur-manche-atlantique\/#primaryimage"},"thumbnailUrl":"https:\/\/www.aclanester56.com\/velo\/wp-content\/uploads\/2011\/03\/DSC04306.jpg","articleSection":["AC LANESTER 56","Actualit\u00e9s DN","R\u00e9sultats DN"],"inLanguage":"fr-FR","potentialAction":[{"@type":"CommentAction","name":"Comment","target":["https:\/\/www.aclanester56.com\/velo\/les-lanesteriens-brillent-sur-manche-atlantique\/#respond"]}]},{"@type":"WebPage","@id":"https:\/\/www.aclanester56.com\/velo\/les-lanesteriens-brillent-sur-manche-atlantique\/","url":"https:\/\/www.aclanester56.com\/velo\/les-lanesteriens-brillent-sur-manche-atlantique\/","name":"Les Lanest\u00e9riens brillent sur Manche-Atlantique - Avenir Cycliste Lanester 56","isPartOf":{"@id":"https:\/\/www.aclanester56.com\/velo\/#website"},"primaryImageOfPage":{"@id":"https:\/\/www.aclanester56.com\/velo\/les-lanesteriens-brillent-sur-manche-atlantique\/#primaryimage"},"image":{"@id":"https:\/\/www.aclanester56.com\/velo\/les-lanesteriens-brillent-sur-manche-atlantique\/#primaryimage"},"thumbnailUrl":"https:\/\/www.aclanester56.com\/velo\/wp-content\/uploads\/2011\/03\/DSC04306.jpg","datePublished":"2011-03-09T12:02:14+00:00","dateModified":"2011-03-12T13:07:25+00:00","inLanguage":"fr-FR","potentialAction":[{"@type":"ReadAction","target":["https:\/\/www.aclanester56.com\/velo\/les-lanesteriens-brillent-sur-manche-atlantique\/"]}]},{"@type":"ImageObject","inLanguage":"fr-FR","@id":"https:\/\/www.aclanester56.com\/velo\/les-lanesteriens-brillent-sur-manche-atlantique\/#primaryimage","url":"https:\/\/www.aclanester56.com\/velo\/wp-content\/uploads\/2011\/03\/DSC04306.jpg","contentUrl":"https:\/\/www.aclanester56.com\/velo\/wp-content\/uploads\/2011\/03\/DSC04306.jpg","width":1932,"height":1293,"caption":"Warren BARGUIL (AC LANESTER 56), ici au centre, a fait la course en t\u00eate sur Manche-Atlantique (photo Gabrielle TEIRLYNCK)"},{"@type":"WebSite","@id":"https:\/\/www.aclanester56.com\/velo\/#website","url":"https:\/\/www.aclanester56.com\/velo\/","name":"Avenir Cycliste Lanester 56","description":"Club cycliste de l&#039;AC LANESTER 56","publisher":{"@id":"https:\/\/www.aclanester56.com\/velo\/#organization"},"potentialAction":[{"@type":"SearchAction","target":{"@type":"EntryPoint","urlTemplate":"https:\/\/www.aclanester56.com\/velo\/?s={search_term_string}"},"query-input":{"@type":"PropertyValueSpecification","valueRequired":true,"valueName":"search_term_string"}}],"inLanguage":"fr-FR"},{"@type":"Organization","@id":"https:\/\/www.aclanester56.com\/velo\/#organization","name":"Avenir Cycliste Lanester 56","url":"https:\/\/www.aclanester56.com\/velo\/","logo":{"@type":"ImageObject","inLanguage":"fr-FR","@id":"https:\/\/www.aclanester56.com\/velo\/#\/schema\/logo\/image\/","url":"https:\/\/www.aclanester56.com\/velo\/wp-content\/uploads\/2013\/04\/logo-ACL.jpg","contentUrl":"https:\/\/www.aclanester56.com\/velo\/wp-content\/uploads\/2013\/04\/logo-ACL.jpg","width":400,"height":334,"caption":"Avenir Cycliste Lanester 56"},"image":{"@id":"https:\/\/www.aclanester56.com\/velo\/#\/schema\/logo\/image\/"},"sameAs":["https:\/\/www.facebook.com\/pages\/AC-Lanester-56\/190286300991242?fref=ts"]},{"@type":"Person","@id":"https:\/\/www.aclanester56.com\/velo\/#\/schema\/person\/ca2a44a5fd969e9dd846c72d3b33bc01","name":"Jean-Christophe","url":"https:\/\/www.aclanester56.com\/velo\/author\/jeanchristophe\/"}]}},"_links":{"self":[{"href":"https:\/\/www.aclanester56.com\/velo\/wp-json\/wp\/v2\/posts\/7445","targetHints":{"allow":["GET"]}}],"collection":[{"href":"https:\/\/www.aclanester56.com\/velo\/wp-json\/wp\/v2\/posts"}],"about":[{"href":"https:\/\/www.aclanester56.com\/velo\/wp-json\/wp\/v2\/types\/post"}],"author":[{"embeddable":true,"href":"https:\/\/www.aclanester56.com\/velo\/wp-json\/wp\/v2\/users\/14"}],"replies":[{"embeddable":true,"href":"https:\/\/www.aclanester56.com\/velo\/wp-json\/wp\/v2\/comments?post=7445"}],"version-history":[{"count":0,"href":"https:\/\/www.aclanester56.com\/velo\/wp-json\/wp\/v2\/posts\/7445\/revisions"}],"wp:featuredmedia":[{"embeddable":true,"href":"https:\/\/www.aclanester56.com\/velo\/wp-json\/wp\/v2\/media\/7446"}],"wp:attachment":[{"href":"https:\/\/www.aclanester56.com\/velo\/wp-json\/wp\/v2\/media?parent=7445"}],"wp:term":[{"taxonomy":"category","embeddable":true,"href":"https:\/\/www.aclanester56.com\/velo\/wp-json\/wp\/v2\/categories?post=7445"},{"taxonomy":"post_tag","embeddable":true,"href":"https:\/\/www.aclanester56.com\/velo\/wp-json\/wp\/v2\/tags?post=7445"}],"curies":[{"name":"wp","href":"https:\/\/api.w.org\/{rel}","templated":true}]}}