{"id":7452,"date":"2011-03-10T12:23:06","date_gmt":"2011-03-10T11:23:06","guid":{"rendered":"http:\/\/www.aclanester56.com\/velo\/?p=7452"},"modified":"2011-03-13T21:03:23","modified_gmt":"2011-03-13T20:03:23","slug":"rencontre-avec-thomas-le-boucher","status":"publish","type":"post","link":"https:\/\/www.aclanester56.com\/velo\/rencontre-avec-thomas-le-boucher\/","title":{"rendered":"Rencontre avec Thomas LE BOUCHER"},"content":{"rendered":"<div id=\"attachment_7397\" style=\"width: 185px\" class=\"wp-caption alignleft\"><a href=\"http:\/\/www.aclanester56.com\/velo\/wp-content\/uploads\/2011\/03\/Thomas-LE-BOUCHER-sur-La-Route-Bretonne-350x600.jpg\"><img loading=\"lazy\" decoding=\"async\" aria-describedby=\"caption-attachment-7397\" class=\"size-large wp-image-7397\" title=\"Thomas LE BOUCHER sur la Route Bretonne\" src=\"http:\/\/www.aclanester56.com\/velo\/wp-content\/uploads\/2011\/03\/Thomas-LE-BOUCHER-sur-La-Route-Bretonne-350x600.jpg\" alt=\"\" width=\"175\" height=\"300\" srcset=\"https:\/\/www.aclanester56.com\/velo\/wp-content\/uploads\/2011\/03\/Thomas-LE-BOUCHER-sur-La-Route-Bretonne-350x600.jpg 350w, https:\/\/www.aclanester56.com\/velo\/wp-content\/uploads\/2011\/03\/Thomas-LE-BOUCHER-sur-La-Route-Bretonne-175x300.jpg 175w, https:\/\/www.aclanester56.com\/velo\/wp-content\/uploads\/2011\/03\/Thomas-LE-BOUCHER-sur-La-Route-Bretonne.jpg 755w\" sizes=\"auto, (max-width: 175px) 100vw, 175px\" \/><\/a><p id=\"caption-attachment-7397\" class=\"wp-caption-text\">Thomas LE BOUCHER sur la Route Bretonne<\/p><\/div>\n<p style=\"text-align: justify;\"><span style=\"color: #ff6600;\"><span style=\"color: #339966;\"><span style=\"color: #000000;\"> <\/span><span style=\"color: #ffffff;\"> <\/span><\/span><span style=\"color: #ffffff;\">Thomas LE BOUCHER a suivi tout le cycle de formation de l&rsquo;AC LANESTER 56 depuis qu&rsquo;il est minime. Sortant tout juste des rangs juniors, il figure dans l&rsquo;\u00e9quipe de 2\u00e8me cat\u00e9gorie du club, qui lui permet d&rsquo;int\u00e9grer progressivement le niveau \u00e9lite, ce qui ne l&#8217;emp\u00eache pas d&rsquo;avoir de belles classiques \u00e9lites \u00e0 son programme. Thomas a entam\u00e9 la saison sur route, et donc d\u00e9couvert les courses \u00e9lites, \u00e0 l&rsquo;occasion de la Route Bretonne. Ayant f\u00eat\u00e9 r\u00e9cemment ses 19 ans, il a la gentillesse de nous faire partager ses impressions.<\/span><\/span><\/p>\n<p style=\"text-align: justify;\"><span style=\"color: #ff6600;\"><span style=\"color: #ffffff;\"><!--more--><br \/>\n <\/span><\/span><\/p>\n<p style=\"text-align: justify;\">\u00a0<\/p>\n<p style=\"text-align: justify;\"><strong> <\/strong><\/p>\n<p style=\"text-align: justify;\"><strong> <\/strong><\/p>\n<p style=\"text-align: justify;\"><strong> <\/strong><\/p>\n<p style=\"text-align: justify;\"><strong> <\/strong><\/p>\n<p style=\"text-align: justify;\"><strong> <\/strong><\/p>\n<p style=\"text-align: justify;\"><strong> <\/strong><\/p>\n<p style=\"text-align: justify;\"><strong> <\/strong><\/p>\n<p style=\"text-align: justify;\"><strong><span style=\"color: #ff6600;\">aclanester56.com<\/span><span style=\"color: #ff6600;\"> : Tu \u00e9voluais dans l&rsquo;\u00e9quipe junior de l&rsquo;AC LANESTER 56 l&rsquo;an pass\u00e9. Quelle est la diff\u00e9rence dans ta pr\u00e9paration hivernale cette saison ?<\/span><\/strong><\/p>\n<p style=\"text-align: justify;\"><strong>Thomas <\/strong>: Oui, cette saison il y a eu quelques diff\u00e9rences dans ma pr\u00e9paration hivernale. Tout d&rsquo;abord, les entrainements \u00e9taient moins intensifs que l&rsquo;an pass\u00e9 en junior. Par contre, on a fait plus de longues sorties, beaucoup de foncier. Et puis avec les stages hivernaux, j&rsquo;ai pu progresser davantage. D&rsquo;ailleurs, j&rsquo;ai pu apprendre beaucoup de choses pendant le stage en altitude dans les Pyr\u00e9n\u00e9es : c&rsquo;\u00e9tait une belle exp\u00e9rience et surtout, il y avait une super ambiance dans l&rsquo;\u00e9quipe, j&rsquo;ai pass\u00e9 une semaine de folie ! Les deux derniers stages \u00e0 Pen-Man\u00e9 m&rsquo;ont permis d&rsquo;avoir des kilom\u00e8tres dans les jambes et de faire un peu de rythme !<\/p>\n<p style=\"text-align: justify;\"><strong><span style=\"color: #ff6600;\">aclanester56.com<\/span><span style=\"color: #ff6600;\"> :<span style=\"color: #ff6600;\"> <\/span><\/span><span style=\"color: #ff6600;\">Tu as commenc\u00e9 la saison routi\u00e8re dimanche par La Route Bretonne, l&rsquo;une des plus grandes classiques \u00e9lites bretonnes. Quel est ton ressenti ? Comment s&rsquo;est pass\u00e9 ta course ? Qu&rsquo;est-ce qui t&rsquo;a le plus marqu\u00e9 ? T&rsquo;es-tu senti dans le rythme ?<\/span><\/strong><\/p>\n<p style=\"text-align: justify;\"><strong>Thomas <\/strong>: La Route Bretonne est une \u00ab\u00a0sacr\u00e9e course\u00a0\u00bb ! C&rsquo;\u00e9tait la premi\u00e8re fois que je faisais autant de kilom\u00e8tres en course. Cela change des courses juniors, o\u00f9 le rythme de la course n&rsquo;a rien \u00e0 voir &#8230; Personnellement, je pr\u00e9f\u00e8re un rythme soutenu pendant longtemps plut\u00f4t que d&rsquo;avoir des attaques de partout pour ne plus rouler apr\u00e8s pendant un moment.<\/p>\n<p style=\"text-align: justify;\">Dimanche, les jambes \u00e9taient plut\u00f4t bonnes, je suivais pas trop mal la cadence, m\u00eame si parfois les coups de bordure faisaient mal ! Pour ma premi\u00e8re course \u00e9lite, je voulais voir comment \u00e7a se passait : j&rsquo;analysais la course au fur et \u00e0 mesure, je restais dans le peloton. Quand on est arriv\u00e9 sur le circuit, \u00e7a a \u00ab\u00a0embray\u00e9\u00a0\u00bb dur, je me suis accroch\u00e9 ! Dans ces moments-l\u00e0, il faut jouer avec son mental. Et puis \u00e0 2 tours de l&rsquo;arriv\u00e9e, j&rsquo;ai craqu\u00e9 dans la bosse du Moulin et j&rsquo;ai fini la course tranquillement ! J&rsquo;ai compris qu&rsquo;il me manque encore des bornes dans les jambes, mais je pense que \u00e7a va venir au fur et \u00e0 mesure ! Cette Route Bretonne aura \u00e9t\u00e9 une belle exp\u00e9rience !<\/p>\n<p style=\"text-align: justify;\"><strong><span style=\"color: #ff6600;\">aclanester56.com<\/span><span style=\"color: #ff6600;\"> :<span style=\"color: #ff6600;\"> <\/span><\/span><span style=\"color: #ff6600;\">Qu&rsquo;est-ce que cela fait de d\u00e9barquer dans l&rsquo;\u00e9lite au sein d&rsquo;une \u00e9quipe o\u00f9 figurent des gar\u00e7ons comme Warren BARGUIL, Vincent RAGOT ou encore Yann RAULT ? Quels sont tes objectifs pour cette saison ?<\/span><\/strong><\/p>\n<p style=\"text-align: justify;\"><strong>Thomas <\/strong>: Pour ma part, c&rsquo;est tr\u00e8s motivant d&rsquo;\u00eatre parmi ces gars. Avec leur exp\u00e9rience, ils nous apprennent beaucoup de choses, on ne peut donc que progresser. Et puis j&rsquo;ai eu l&rsquo;occasion de passer une semaine aux c\u00f4t\u00e9s de Vincent RAGOT lors du stage \u00e0 la montagne, et il n&rsquo;y avait pas une journ\u00e9e o\u00f9 on ne se marrait pas ! J&rsquo;ai vraiment appr\u00e9ci\u00e9 ! Le mercredi, Warren est avec nous \u00e0 l&rsquo;entrainement : avoir \u00e0 nos c\u00f4t\u00e9s un gars avec un aussi haut niveau permet de progresser davantage !<\/p>\n<p style=\"text-align: justify;\"><strong><span style=\"color: #ff6600;\">aclanester56.com<\/span><span style=\"color: #ff6600;\"> :<span style=\"color: #ff6600;\"> <\/span><\/span><span style=\"color: #ff6600;\">Un petit mot pour terminer ?<\/span><\/strong><\/p>\n<p style=\"text-align: justify;\"><strong>Thomas <\/strong>: J&rsquo;ai de la chance de faire partie d&rsquo;une \u00e9quipe avec un aussi haut niveau, \u00e7a motive vraiment ! Ca donne envie d&rsquo;avoir une belle carri\u00e8re dans le v\u00e9lo. Et je tiens \u00e0 remercier les coachs et tout le staff technique qui donne beaucoup de leur temps pour nous et qui font tout pour que l&rsquo;on soit dans les meilleures conditions. J&rsquo;esp\u00e8re vivre une belle saison.<\/p>\n<p style=\"text-align: justify;\">\n<p style=\"text-align: justify;\">\n","protected":false},"excerpt":{"rendered":"<p>Thomas LE BOUCHER a suivi tout le cycle de formation de l&rsquo;AC LANESTER 56 depuis qu&rsquo;il est minime. Sortant tout [&hellip;]<\/p>\n","protected":false},"author":14,"featured_media":7397,"comment_status":"open","ping_status":"closed","sticky":false,"template":"","format":"standard","meta":{"ngg_post_thumbnail":0,"footnotes":""},"categories":[5,14],"tags":[],"class_list":["post-7452","post","type-post","status-publish","format-standard","has-post-thumbnail","hentry","category-ac-lanester-56","category-actualites-dn"],"yoast_head":"<!-- This site is optimized with the Yoast SEO plugin v27.5 - https:\/\/yoast.com\/product\/yoast-seo-wordpress\/ -->\n<title>Rencontre avec Thomas LE BOUCHER - Avenir Cycliste Lanester 56<\/title>\n<meta name=\"robots\" content=\"index, follow, max-snippet:-1, max-image-preview:large, max-video-preview:-1\" \/>\n<link rel=\"canonical\" href=\"https:\/\/www.aclanester56.com\/velo\/rencontre-avec-thomas-le-boucher\/\" \/>\n<meta property=\"og:locale\" content=\"fr_FR\" \/>\n<meta property=\"og:type\" content=\"article\" \/>\n<meta property=\"og:title\" content=\"Rencontre avec Thomas LE BOUCHER - Avenir Cycliste Lanester 56\" \/>\n<meta property=\"og:description\" content=\"Thomas LE BOUCHER a suivi tout le cycle de formation de l&rsquo;AC LANESTER 56 depuis qu&rsquo;il est minime. Sortant tout [&hellip;]\" \/>\n<meta property=\"og:url\" content=\"https:\/\/www.aclanester56.com\/velo\/rencontre-avec-thomas-le-boucher\/\" \/>\n<meta property=\"og:site_name\" content=\"Avenir Cycliste Lanester 56\" \/>\n<meta property=\"article:publisher\" content=\"https:\/\/www.facebook.com\/pages\/AC-Lanester-56\/190286300991242?fref=ts\" \/>\n<meta property=\"article:published_time\" content=\"2011-03-10T11:23:06+00:00\" \/>\n<meta property=\"article:modified_time\" content=\"2011-03-13T20:03:23+00:00\" \/>\n<meta property=\"og:image\" content=\"https:\/\/www.aclanester56.com\/velo\/wp-content\/uploads\/2011\/03\/Thomas-LE-BOUCHER-sur-La-Route-Bretonne.jpg\" \/>\n\t<meta property=\"og:image:width\" content=\"755\" \/>\n\t<meta property=\"og:image:height\" content=\"1292\" \/>\n\t<meta property=\"og:image:type\" content=\"image\/jpeg\" \/>\n<meta name=\"author\" content=\"Jean-Christophe\" \/>\n<meta name=\"twitter:label1\" content=\"\u00c9crit par\" \/>\n\t<meta name=\"twitter:data1\" content=\"Jean-Christophe\" \/>\n\t<meta name=\"twitter:label2\" content=\"Dur\u00e9e de lecture estim\u00e9e\" \/>\n\t<meta name=\"twitter:data2\" content=\"3 minutes\" \/>\n<script type=\"application\/ld+json\" class=\"yoast-schema-graph\">{\"@context\":\"https:\\\/\\\/schema.org\",\"@graph\":[{\"@type\":\"Article\",\"@id\":\"https:\\\/\\\/www.aclanester56.com\\\/velo\\\/rencontre-avec-thomas-le-boucher\\\/#article\",\"isPartOf\":{\"@id\":\"https:\\\/\\\/www.aclanester56.com\\\/velo\\\/rencontre-avec-thomas-le-boucher\\\/\"},\"author\":{\"name\":\"Jean-Christophe\",\"@id\":\"https:\\\/\\\/www.aclanester56.com\\\/velo\\\/#\\\/schema\\\/person\\\/ca2a44a5fd969e9dd846c72d3b33bc01\"},\"headline\":\"Rencontre avec Thomas LE BOUCHER\",\"datePublished\":\"2011-03-10T11:23:06+00:00\",\"dateModified\":\"2011-03-13T20:03:23+00:00\",\"mainEntityOfPage\":{\"@id\":\"https:\\\/\\\/www.aclanester56.com\\\/velo\\\/rencontre-avec-thomas-le-boucher\\\/\"},\"wordCount\":679,\"commentCount\":0,\"publisher\":{\"@id\":\"https:\\\/\\\/www.aclanester56.com\\\/velo\\\/#organization\"},\"image\":{\"@id\":\"https:\\\/\\\/www.aclanester56.com\\\/velo\\\/rencontre-avec-thomas-le-boucher\\\/#primaryimage\"},\"thumbnailUrl\":\"https:\\\/\\\/www.aclanester56.com\\\/velo\\\/wp-content\\\/uploads\\\/2011\\\/03\\\/Thomas-LE-BOUCHER-sur-La-Route-Bretonne.jpg\",\"articleSection\":[\"AC LANESTER 56\",\"Actualit\u00e9s DN\"],\"inLanguage\":\"fr-FR\",\"potentialAction\":[{\"@type\":\"CommentAction\",\"name\":\"Comment\",\"target\":[\"https:\\\/\\\/www.aclanester56.com\\\/velo\\\/rencontre-avec-thomas-le-boucher\\\/#respond\"]}]},{\"@type\":\"WebPage\",\"@id\":\"https:\\\/\\\/www.aclanester56.com\\\/velo\\\/rencontre-avec-thomas-le-boucher\\\/\",\"url\":\"https:\\\/\\\/www.aclanester56.com\\\/velo\\\/rencontre-avec-thomas-le-boucher\\\/\",\"name\":\"Rencontre avec Thomas LE BOUCHER - Avenir Cycliste Lanester 56\",\"isPartOf\":{\"@id\":\"https:\\\/\\\/www.aclanester56.com\\\/velo\\\/#website\"},\"primaryImageOfPage\":{\"@id\":\"https:\\\/\\\/www.aclanester56.com\\\/velo\\\/rencontre-avec-thomas-le-boucher\\\/#primaryimage\"},\"image\":{\"@id\":\"https:\\\/\\\/www.aclanester56.com\\\/velo\\\/rencontre-avec-thomas-le-boucher\\\/#primaryimage\"},\"thumbnailUrl\":\"https:\\\/\\\/www.aclanester56.com\\\/velo\\\/wp-content\\\/uploads\\\/2011\\\/03\\\/Thomas-LE-BOUCHER-sur-La-Route-Bretonne.jpg\",\"datePublished\":\"2011-03-10T11:23:06+00:00\",\"dateModified\":\"2011-03-13T20:03:23+00:00\",\"inLanguage\":\"fr-FR\",\"potentialAction\":[{\"@type\":\"ReadAction\",\"target\":[\"https:\\\/\\\/www.aclanester56.com\\\/velo\\\/rencontre-avec-thomas-le-boucher\\\/\"]}]},{\"@type\":\"ImageObject\",\"inLanguage\":\"fr-FR\",\"@id\":\"https:\\\/\\\/www.aclanester56.com\\\/velo\\\/rencontre-avec-thomas-le-boucher\\\/#primaryimage\",\"url\":\"https:\\\/\\\/www.aclanester56.com\\\/velo\\\/wp-content\\\/uploads\\\/2011\\\/03\\\/Thomas-LE-BOUCHER-sur-La-Route-Bretonne.jpg\",\"contentUrl\":\"https:\\\/\\\/www.aclanester56.com\\\/velo\\\/wp-content\\\/uploads\\\/2011\\\/03\\\/Thomas-LE-BOUCHER-sur-La-Route-Bretonne.jpg\",\"width\":755,\"height\":1292,\"caption\":\"Thomas LE BOUCHER sur la Route Bretonne\"},{\"@type\":\"WebSite\",\"@id\":\"https:\\\/\\\/www.aclanester56.com\\\/velo\\\/#website\",\"url\":\"https:\\\/\\\/www.aclanester56.com\\\/velo\\\/\",\"name\":\"Avenir Cycliste Lanester 56\",\"description\":\"Club cycliste de l&#039;AC LANESTER 56\",\"publisher\":{\"@id\":\"https:\\\/\\\/www.aclanester56.com\\\/velo\\\/#organization\"},\"potentialAction\":[{\"@type\":\"SearchAction\",\"target\":{\"@type\":\"EntryPoint\",\"urlTemplate\":\"https:\\\/\\\/www.aclanester56.com\\\/velo\\\/?s={search_term_string}\"},\"query-input\":{\"@type\":\"PropertyValueSpecification\",\"valueRequired\":true,\"valueName\":\"search_term_string\"}}],\"inLanguage\":\"fr-FR\"},{\"@type\":\"Organization\",\"@id\":\"https:\\\/\\\/www.aclanester56.com\\\/velo\\\/#organization\",\"name\":\"Avenir Cycliste Lanester 56\",\"url\":\"https:\\\/\\\/www.aclanester56.com\\\/velo\\\/\",\"logo\":{\"@type\":\"ImageObject\",\"inLanguage\":\"fr-FR\",\"@id\":\"https:\\\/\\\/www.aclanester56.com\\\/velo\\\/#\\\/schema\\\/logo\\\/image\\\/\",\"url\":\"https:\\\/\\\/www.aclanester56.com\\\/velo\\\/wp-content\\\/uploads\\\/2013\\\/04\\\/logo-ACL.jpg\",\"contentUrl\":\"https:\\\/\\\/www.aclanester56.com\\\/velo\\\/wp-content\\\/uploads\\\/2013\\\/04\\\/logo-ACL.jpg\",\"width\":400,\"height\":334,\"caption\":\"Avenir Cycliste Lanester 56\"},\"image\":{\"@id\":\"https:\\\/\\\/www.aclanester56.com\\\/velo\\\/#\\\/schema\\\/logo\\\/image\\\/\"},\"sameAs\":[\"https:\\\/\\\/www.facebook.com\\\/pages\\\/AC-Lanester-56\\\/190286300991242?fref=ts\"]},{\"@type\":\"Person\",\"@id\":\"https:\\\/\\\/www.aclanester56.com\\\/velo\\\/#\\\/schema\\\/person\\\/ca2a44a5fd969e9dd846c72d3b33bc01\",\"name\":\"Jean-Christophe\",\"url\":\"https:\\\/\\\/www.aclanester56.com\\\/velo\\\/author\\\/jeanchristophe\\\/\"}]}<\/script>\n<!-- \/ Yoast SEO plugin. -->","yoast_head_json":{"title":"Rencontre avec Thomas LE BOUCHER - Avenir Cycliste Lanester 56","robots":{"index":"index","follow":"follow","max-snippet":"max-snippet:-1","max-image-preview":"max-image-preview:large","max-video-preview":"max-video-preview:-1"},"canonical":"https:\/\/www.aclanester56.com\/velo\/rencontre-avec-thomas-le-boucher\/","og_locale":"fr_FR","og_type":"article","og_title":"Rencontre avec Thomas LE BOUCHER - Avenir Cycliste Lanester 56","og_description":"Thomas LE BOUCHER a suivi tout le cycle de formation de l&rsquo;AC LANESTER 56 depuis qu&rsquo;il est minime. Sortant tout [&hellip;]","og_url":"https:\/\/www.aclanester56.com\/velo\/rencontre-avec-thomas-le-boucher\/","og_site_name":"Avenir Cycliste Lanester 56","article_publisher":"https:\/\/www.facebook.com\/pages\/AC-Lanester-56\/190286300991242?fref=ts","article_published_time":"2011-03-10T11:23:06+00:00","article_modified_time":"2011-03-13T20:03:23+00:00","og_image":[{"width":755,"height":1292,"url":"https:\/\/www.aclanester56.com\/velo\/wp-content\/uploads\/2011\/03\/Thomas-LE-BOUCHER-sur-La-Route-Bretonne.jpg","type":"image\/jpeg"}],"author":"Jean-Christophe","twitter_misc":{"\u00c9crit par":"Jean-Christophe","Dur\u00e9e de lecture estim\u00e9e":"3 minutes"},"schema":{"@context":"https:\/\/schema.org","@graph":[{"@type":"Article","@id":"https:\/\/www.aclanester56.com\/velo\/rencontre-avec-thomas-le-boucher\/#article","isPartOf":{"@id":"https:\/\/www.aclanester56.com\/velo\/rencontre-avec-thomas-le-boucher\/"},"author":{"name":"Jean-Christophe","@id":"https:\/\/www.aclanester56.com\/velo\/#\/schema\/person\/ca2a44a5fd969e9dd846c72d3b33bc01"},"headline":"Rencontre avec Thomas LE BOUCHER","datePublished":"2011-03-10T11:23:06+00:00","dateModified":"2011-03-13T20:03:23+00:00","mainEntityOfPage":{"@id":"https:\/\/www.aclanester56.com\/velo\/rencontre-avec-thomas-le-boucher\/"},"wordCount":679,"commentCount":0,"publisher":{"@id":"https:\/\/www.aclanester56.com\/velo\/#organization"},"image":{"@id":"https:\/\/www.aclanester56.com\/velo\/rencontre-avec-thomas-le-boucher\/#primaryimage"},"thumbnailUrl":"https:\/\/www.aclanester56.com\/velo\/wp-content\/uploads\/2011\/03\/Thomas-LE-BOUCHER-sur-La-Route-Bretonne.jpg","articleSection":["AC LANESTER 56","Actualit\u00e9s DN"],"inLanguage":"fr-FR","potentialAction":[{"@type":"CommentAction","name":"Comment","target":["https:\/\/www.aclanester56.com\/velo\/rencontre-avec-thomas-le-boucher\/#respond"]}]},{"@type":"WebPage","@id":"https:\/\/www.aclanester56.com\/velo\/rencontre-avec-thomas-le-boucher\/","url":"https:\/\/www.aclanester56.com\/velo\/rencontre-avec-thomas-le-boucher\/","name":"Rencontre avec Thomas LE BOUCHER - Avenir Cycliste Lanester 56","isPartOf":{"@id":"https:\/\/www.aclanester56.com\/velo\/#website"},"primaryImageOfPage":{"@id":"https:\/\/www.aclanester56.com\/velo\/rencontre-avec-thomas-le-boucher\/#primaryimage"},"image":{"@id":"https:\/\/www.aclanester56.com\/velo\/rencontre-avec-thomas-le-boucher\/#primaryimage"},"thumbnailUrl":"https:\/\/www.aclanester56.com\/velo\/wp-content\/uploads\/2011\/03\/Thomas-LE-BOUCHER-sur-La-Route-Bretonne.jpg","datePublished":"2011-03-10T11:23:06+00:00","dateModified":"2011-03-13T20:03:23+00:00","inLanguage":"fr-FR","potentialAction":[{"@type":"ReadAction","target":["https:\/\/www.aclanester56.com\/velo\/rencontre-avec-thomas-le-boucher\/"]}]},{"@type":"ImageObject","inLanguage":"fr-FR","@id":"https:\/\/www.aclanester56.com\/velo\/rencontre-avec-thomas-le-boucher\/#primaryimage","url":"https:\/\/www.aclanester56.com\/velo\/wp-content\/uploads\/2011\/03\/Thomas-LE-BOUCHER-sur-La-Route-Bretonne.jpg","contentUrl":"https:\/\/www.aclanester56.com\/velo\/wp-content\/uploads\/2011\/03\/Thomas-LE-BOUCHER-sur-La-Route-Bretonne.jpg","width":755,"height":1292,"caption":"Thomas LE BOUCHER sur la Route Bretonne"},{"@type":"WebSite","@id":"https:\/\/www.aclanester56.com\/velo\/#website","url":"https:\/\/www.aclanester56.com\/velo\/","name":"Avenir Cycliste Lanester 56","description":"Club cycliste de l&#039;AC LANESTER 56","publisher":{"@id":"https:\/\/www.aclanester56.com\/velo\/#organization"},"potentialAction":[{"@type":"SearchAction","target":{"@type":"EntryPoint","urlTemplate":"https:\/\/www.aclanester56.com\/velo\/?s={search_term_string}"},"query-input":{"@type":"PropertyValueSpecification","valueRequired":true,"valueName":"search_term_string"}}],"inLanguage":"fr-FR"},{"@type":"Organization","@id":"https:\/\/www.aclanester56.com\/velo\/#organization","name":"Avenir Cycliste Lanester 56","url":"https:\/\/www.aclanester56.com\/velo\/","logo":{"@type":"ImageObject","inLanguage":"fr-FR","@id":"https:\/\/www.aclanester56.com\/velo\/#\/schema\/logo\/image\/","url":"https:\/\/www.aclanester56.com\/velo\/wp-content\/uploads\/2013\/04\/logo-ACL.jpg","contentUrl":"https:\/\/www.aclanester56.com\/velo\/wp-content\/uploads\/2013\/04\/logo-ACL.jpg","width":400,"height":334,"caption":"Avenir Cycliste Lanester 56"},"image":{"@id":"https:\/\/www.aclanester56.com\/velo\/#\/schema\/logo\/image\/"},"sameAs":["https:\/\/www.facebook.com\/pages\/AC-Lanester-56\/190286300991242?fref=ts"]},{"@type":"Person","@id":"https:\/\/www.aclanester56.com\/velo\/#\/schema\/person\/ca2a44a5fd969e9dd846c72d3b33bc01","name":"Jean-Christophe","url":"https:\/\/www.aclanester56.com\/velo\/author\/jeanchristophe\/"}]}},"_links":{"self":[{"href":"https:\/\/www.aclanester56.com\/velo\/wp-json\/wp\/v2\/posts\/7452","targetHints":{"allow":["GET"]}}],"collection":[{"href":"https:\/\/www.aclanester56.com\/velo\/wp-json\/wp\/v2\/posts"}],"about":[{"href":"https:\/\/www.aclanester56.com\/velo\/wp-json\/wp\/v2\/types\/post"}],"author":[{"embeddable":true,"href":"https:\/\/www.aclanester56.com\/velo\/wp-json\/wp\/v2\/users\/14"}],"replies":[{"embeddable":true,"href":"https:\/\/www.aclanester56.com\/velo\/wp-json\/wp\/v2\/comments?post=7452"}],"version-history":[{"count":0,"href":"https:\/\/www.aclanester56.com\/velo\/wp-json\/wp\/v2\/posts\/7452\/revisions"}],"wp:featuredmedia":[{"embeddable":true,"href":"https:\/\/www.aclanester56.com\/velo\/wp-json\/wp\/v2\/media\/7397"}],"wp:attachment":[{"href":"https:\/\/www.aclanester56.com\/velo\/wp-json\/wp\/v2\/media?parent=7452"}],"wp:term":[{"taxonomy":"category","embeddable":true,"href":"https:\/\/www.aclanester56.com\/velo\/wp-json\/wp\/v2\/categories?post=7452"},{"taxonomy":"post_tag","embeddable":true,"href":"https:\/\/www.aclanester56.com\/velo\/wp-json\/wp\/v2\/tags?post=7452"}],"curies":[{"name":"wp","href":"https:\/\/api.w.org\/{rel}","templated":true}]}}