{"id":7570,"date":"2011-03-25T21:54:26","date_gmt":"2011-03-25T20:54:26","guid":{"rendered":"http:\/\/www.aclanester56.com\/velo\/?p=7570"},"modified":"2011-03-27T20:46:22","modified_gmt":"2011-03-27T19:46:22","slug":"la-boutique-de-nouveaux-equipements-disponibles","status":"publish","type":"post","link":"https:\/\/www.aclanester56.com\/velo\/la-boutique-de-nouveaux-equipements-disponibles\/","title":{"rendered":"La Boutique : de nouveaux \u00e9quipements disponibles !"},"content":{"rendered":"<div id=\"attachment_6993\" style=\"width: 366px\" class=\"wp-caption alignleft\"><a href=\"http:\/\/www.aclanester56.com\/velo\/wp-content\/uploads\/2011\/02\/AC-LANESTER-BOUT-COUL-2011-rose-713x600.jpg\"><img loading=\"lazy\" decoding=\"async\" aria-describedby=\"caption-attachment-6993\" class=\"size-large wp-image-6993\" title=\"Visitez la Boutique de l'AC LANESTER 56 !\" src=\"http:\/\/www.aclanester56.com\/velo\/wp-content\/uploads\/2011\/02\/AC-LANESTER-BOUT-COUL-2011-rose-713x600.jpg\" alt=\"\" width=\"356\" height=\"300\" srcset=\"https:\/\/www.aclanester56.com\/velo\/wp-content\/uploads\/2011\/02\/AC-LANESTER-BOUT-COUL-2011-rose-713x600.jpg 713w, https:\/\/www.aclanester56.com\/velo\/wp-content\/uploads\/2011\/02\/AC-LANESTER-BOUT-COUL-2011-rose-300x252.jpg 300w, https:\/\/www.aclanester56.com\/velo\/wp-content\/uploads\/2011\/02\/AC-LANESTER-BOUT-COUL-2011-rose.jpg 1161w\" sizes=\"auto, (max-width: 356px) 100vw, 356px\" \/><\/a><p id=\"caption-attachment-6993\" class=\"wp-caption-text\">Visitez la Boutique de l&#39;AC LANESTER 56 !<\/p><\/div>\n<p style=\"text-align: justify;\">Depuis un mois, l&rsquo;AC LANESTER 56 a ouvert une boutique sur son site internet. Chacun, licenci\u00e9 ou non, peut se procurer les \u00e9quipements identiques \u00e0 ceux utilis\u00e9s par les coureurs du club. Ces \u00e9quipements de grande qualit\u00e9 sont disponibles \u00e0 un prix tr\u00e8s attractif. Consultez sans tarder notre catalogue !<\/p>\n<p style=\"text-align: justify;\">De nouveaux \u00e9quipements viennent s&rsquo;ajouter \u00e0 ceux d\u00e9j\u00e0 disponibles. Vous pouvez d\u00e9sormais vous fournir notamment en casques ou en jambi\u00e8res aux couleurs de l&rsquo;AC LANESTER 56. N&rsquo;h\u00e9sitez pas \u00e0 prendre contact avec nous pour conna\u00eetre les disponibilit\u00e9s !<\/p>\n<p style=\"text-align: justify;\"><span style=\"text-decoration: underline;\">Pour visiter notre page \u00ab\u00a0Boutique\u00a0\u00bb, deux possibilit\u00e9s :<\/span><\/p>\n<p style=\"text-align: justify;\">&#8211; acc\u00e9der \u00e0 la page \u00ab\u00a0Les \u00e9quipements\u00a0\u00bb en cliquant sur l&rsquo;onglet \u00ab\u00a0La Boutique\u00a0\u00bb ci-dessus<\/p>\n<p style=\"text-align: justify;\">&#8211; ou bien <a href=\"http:\/\/www.aclanester56.com\/velo\/la-boutique\/les-equipements\/\" target=\"_blank\">cliquez directement ici<\/a>.<\/p>\n","protected":false},"excerpt":{"rendered":"<p>Depuis un mois, l&rsquo;AC LANESTER 56 a ouvert une boutique sur son site internet. Chacun, licenci\u00e9 ou non, peut se [&hellip;]<\/p>\n","protected":false},"author":14,"featured_media":6993,"comment_status":"open","ping_status":"closed","sticky":false,"template":"","format":"standard","meta":{"ngg_post_thumbnail":0,"footnotes":""},"categories":[5,11,13],"tags":[],"class_list":["post-7570","post","type-post","status-publish","format-standard","has-post-thumbnail","hentry","category-ac-lanester-56","category-la-boutique","category-les-equipements"],"yoast_head":"<!-- This site is optimized with the Yoast SEO plugin v27.5 - https:\/\/yoast.com\/product\/yoast-seo-wordpress\/ -->\n<title>La Boutique : de nouveaux \u00e9quipements disponibles ! - Avenir Cycliste Lanester 56<\/title>\n<meta name=\"robots\" content=\"index, follow, max-snippet:-1, max-image-preview:large, max-video-preview:-1\" \/>\n<link rel=\"canonical\" href=\"https:\/\/www.aclanester56.com\/velo\/la-boutique-de-nouveaux-equipements-disponibles\/\" \/>\n<meta property=\"og:locale\" content=\"fr_FR\" \/>\n<meta property=\"og:type\" content=\"article\" \/>\n<meta property=\"og:title\" content=\"La Boutique : de nouveaux \u00e9quipements disponibles ! - Avenir Cycliste Lanester 56\" \/>\n<meta property=\"og:description\" content=\"Depuis un mois, l&rsquo;AC LANESTER 56 a ouvert une boutique sur son site internet. Chacun, licenci\u00e9 ou non, peut se [&hellip;]\" \/>\n<meta property=\"og:url\" content=\"https:\/\/www.aclanester56.com\/velo\/la-boutique-de-nouveaux-equipements-disponibles\/\" \/>\n<meta property=\"og:site_name\" content=\"Avenir Cycliste Lanester 56\" \/>\n<meta property=\"article:publisher\" content=\"https:\/\/www.facebook.com\/pages\/AC-Lanester-56\/190286300991242?fref=ts\" \/>\n<meta property=\"article:published_time\" content=\"2011-03-25T20:54:26+00:00\" \/>\n<meta property=\"article:modified_time\" content=\"2011-03-27T19:46:22+00:00\" \/>\n<meta property=\"og:image\" content=\"https:\/\/www.aclanester56.com\/velo\/wp-content\/uploads\/2011\/02\/AC-LANESTER-BOUT-COUL-2011-rose.jpg\" \/>\n\t<meta property=\"og:image:width\" content=\"1161\" \/>\n\t<meta property=\"og:image:height\" content=\"976\" \/>\n\t<meta property=\"og:image:type\" content=\"image\/jpeg\" \/>\n<meta name=\"author\" content=\"Jean-Christophe\" \/>\n<meta name=\"twitter:label1\" content=\"\u00c9crit par\" \/>\n\t<meta name=\"twitter:data1\" content=\"Jean-Christophe\" \/>\n\t<meta name=\"twitter:label2\" content=\"Dur\u00e9e de lecture estim\u00e9e\" \/>\n\t<meta name=\"twitter:data2\" content=\"1 minute\" \/>\n<script type=\"application\/ld+json\" class=\"yoast-schema-graph\">{\"@context\":\"https:\\\/\\\/schema.org\",\"@graph\":[{\"@type\":\"Article\",\"@id\":\"https:\\\/\\\/www.aclanester56.com\\\/velo\\\/la-boutique-de-nouveaux-equipements-disponibles\\\/#article\",\"isPartOf\":{\"@id\":\"https:\\\/\\\/www.aclanester56.com\\\/velo\\\/la-boutique-de-nouveaux-equipements-disponibles\\\/\"},\"author\":{\"name\":\"Jean-Christophe\",\"@id\":\"https:\\\/\\\/www.aclanester56.com\\\/velo\\\/#\\\/schema\\\/person\\\/ca2a44a5fd969e9dd846c72d3b33bc01\"},\"headline\":\"La Boutique : de nouveaux \u00e9quipements disponibles !\",\"datePublished\":\"2011-03-25T20:54:26+00:00\",\"dateModified\":\"2011-03-27T19:46:22+00:00\",\"mainEntityOfPage\":{\"@id\":\"https:\\\/\\\/www.aclanester56.com\\\/velo\\\/la-boutique-de-nouveaux-equipements-disponibles\\\/\"},\"wordCount\":137,\"commentCount\":0,\"publisher\":{\"@id\":\"https:\\\/\\\/www.aclanester56.com\\\/velo\\\/#organization\"},\"image\":{\"@id\":\"https:\\\/\\\/www.aclanester56.com\\\/velo\\\/la-boutique-de-nouveaux-equipements-disponibles\\\/#primaryimage\"},\"thumbnailUrl\":\"https:\\\/\\\/www.aclanester56.com\\\/velo\\\/wp-content\\\/uploads\\\/2011\\\/02\\\/AC-LANESTER-BOUT-COUL-2011-rose.jpg\",\"articleSection\":[\"AC LANESTER 56\",\"la boutique\",\"les \u00e9quipements\"],\"inLanguage\":\"fr-FR\",\"potentialAction\":[{\"@type\":\"CommentAction\",\"name\":\"Comment\",\"target\":[\"https:\\\/\\\/www.aclanester56.com\\\/velo\\\/la-boutique-de-nouveaux-equipements-disponibles\\\/#respond\"]}]},{\"@type\":\"WebPage\",\"@id\":\"https:\\\/\\\/www.aclanester56.com\\\/velo\\\/la-boutique-de-nouveaux-equipements-disponibles\\\/\",\"url\":\"https:\\\/\\\/www.aclanester56.com\\\/velo\\\/la-boutique-de-nouveaux-equipements-disponibles\\\/\",\"name\":\"La Boutique : de nouveaux \u00e9quipements disponibles ! - Avenir Cycliste Lanester 56\",\"isPartOf\":{\"@id\":\"https:\\\/\\\/www.aclanester56.com\\\/velo\\\/#website\"},\"primaryImageOfPage\":{\"@id\":\"https:\\\/\\\/www.aclanester56.com\\\/velo\\\/la-boutique-de-nouveaux-equipements-disponibles\\\/#primaryimage\"},\"image\":{\"@id\":\"https:\\\/\\\/www.aclanester56.com\\\/velo\\\/la-boutique-de-nouveaux-equipements-disponibles\\\/#primaryimage\"},\"thumbnailUrl\":\"https:\\\/\\\/www.aclanester56.com\\\/velo\\\/wp-content\\\/uploads\\\/2011\\\/02\\\/AC-LANESTER-BOUT-COUL-2011-rose.jpg\",\"datePublished\":\"2011-03-25T20:54:26+00:00\",\"dateModified\":\"2011-03-27T19:46:22+00:00\",\"inLanguage\":\"fr-FR\",\"potentialAction\":[{\"@type\":\"ReadAction\",\"target\":[\"https:\\\/\\\/www.aclanester56.com\\\/velo\\\/la-boutique-de-nouveaux-equipements-disponibles\\\/\"]}]},{\"@type\":\"ImageObject\",\"inLanguage\":\"fr-FR\",\"@id\":\"https:\\\/\\\/www.aclanester56.com\\\/velo\\\/la-boutique-de-nouveaux-equipements-disponibles\\\/#primaryimage\",\"url\":\"https:\\\/\\\/www.aclanester56.com\\\/velo\\\/wp-content\\\/uploads\\\/2011\\\/02\\\/AC-LANESTER-BOUT-COUL-2011-rose.jpg\",\"contentUrl\":\"https:\\\/\\\/www.aclanester56.com\\\/velo\\\/wp-content\\\/uploads\\\/2011\\\/02\\\/AC-LANESTER-BOUT-COUL-2011-rose.jpg\",\"width\":1161,\"height\":976,\"caption\":\"Visitez la Boutique de l'AC LANESTER 56 !\"},{\"@type\":\"WebSite\",\"@id\":\"https:\\\/\\\/www.aclanester56.com\\\/velo\\\/#website\",\"url\":\"https:\\\/\\\/www.aclanester56.com\\\/velo\\\/\",\"name\":\"Avenir Cycliste Lanester 56\",\"description\":\"Club cycliste de l&#039;AC LANESTER 56\",\"publisher\":{\"@id\":\"https:\\\/\\\/www.aclanester56.com\\\/velo\\\/#organization\"},\"potentialAction\":[{\"@type\":\"SearchAction\",\"target\":{\"@type\":\"EntryPoint\",\"urlTemplate\":\"https:\\\/\\\/www.aclanester56.com\\\/velo\\\/?s={search_term_string}\"},\"query-input\":{\"@type\":\"PropertyValueSpecification\",\"valueRequired\":true,\"valueName\":\"search_term_string\"}}],\"inLanguage\":\"fr-FR\"},{\"@type\":\"Organization\",\"@id\":\"https:\\\/\\\/www.aclanester56.com\\\/velo\\\/#organization\",\"name\":\"Avenir Cycliste Lanester 56\",\"url\":\"https:\\\/\\\/www.aclanester56.com\\\/velo\\\/\",\"logo\":{\"@type\":\"ImageObject\",\"inLanguage\":\"fr-FR\",\"@id\":\"https:\\\/\\\/www.aclanester56.com\\\/velo\\\/#\\\/schema\\\/logo\\\/image\\\/\",\"url\":\"https:\\\/\\\/www.aclanester56.com\\\/velo\\\/wp-content\\\/uploads\\\/2013\\\/04\\\/logo-ACL.jpg\",\"contentUrl\":\"https:\\\/\\\/www.aclanester56.com\\\/velo\\\/wp-content\\\/uploads\\\/2013\\\/04\\\/logo-ACL.jpg\",\"width\":400,\"height\":334,\"caption\":\"Avenir Cycliste Lanester 56\"},\"image\":{\"@id\":\"https:\\\/\\\/www.aclanester56.com\\\/velo\\\/#\\\/schema\\\/logo\\\/image\\\/\"},\"sameAs\":[\"https:\\\/\\\/www.facebook.com\\\/pages\\\/AC-Lanester-56\\\/190286300991242?fref=ts\"]},{\"@type\":\"Person\",\"@id\":\"https:\\\/\\\/www.aclanester56.com\\\/velo\\\/#\\\/schema\\\/person\\\/ca2a44a5fd969e9dd846c72d3b33bc01\",\"name\":\"Jean-Christophe\",\"url\":\"https:\\\/\\\/www.aclanester56.com\\\/velo\\\/author\\\/jeanchristophe\\\/\"}]}<\/script>\n<!-- \/ Yoast SEO plugin. -->","yoast_head_json":{"title":"La Boutique : de nouveaux \u00e9quipements disponibles ! - Avenir Cycliste Lanester 56","robots":{"index":"index","follow":"follow","max-snippet":"max-snippet:-1","max-image-preview":"max-image-preview:large","max-video-preview":"max-video-preview:-1"},"canonical":"https:\/\/www.aclanester56.com\/velo\/la-boutique-de-nouveaux-equipements-disponibles\/","og_locale":"fr_FR","og_type":"article","og_title":"La Boutique : de nouveaux \u00e9quipements disponibles ! - Avenir Cycliste Lanester 56","og_description":"Depuis un mois, l&rsquo;AC LANESTER 56 a ouvert une boutique sur son site internet. Chacun, licenci\u00e9 ou non, peut se [&hellip;]","og_url":"https:\/\/www.aclanester56.com\/velo\/la-boutique-de-nouveaux-equipements-disponibles\/","og_site_name":"Avenir Cycliste Lanester 56","article_publisher":"https:\/\/www.facebook.com\/pages\/AC-Lanester-56\/190286300991242?fref=ts","article_published_time":"2011-03-25T20:54:26+00:00","article_modified_time":"2011-03-27T19:46:22+00:00","og_image":[{"width":1161,"height":976,"url":"https:\/\/www.aclanester56.com\/velo\/wp-content\/uploads\/2011\/02\/AC-LANESTER-BOUT-COUL-2011-rose.jpg","type":"image\/jpeg"}],"author":"Jean-Christophe","twitter_misc":{"\u00c9crit par":"Jean-Christophe","Dur\u00e9e de lecture estim\u00e9e":"1 minute"},"schema":{"@context":"https:\/\/schema.org","@graph":[{"@type":"Article","@id":"https:\/\/www.aclanester56.com\/velo\/la-boutique-de-nouveaux-equipements-disponibles\/#article","isPartOf":{"@id":"https:\/\/www.aclanester56.com\/velo\/la-boutique-de-nouveaux-equipements-disponibles\/"},"author":{"name":"Jean-Christophe","@id":"https:\/\/www.aclanester56.com\/velo\/#\/schema\/person\/ca2a44a5fd969e9dd846c72d3b33bc01"},"headline":"La Boutique : de nouveaux \u00e9quipements disponibles !","datePublished":"2011-03-25T20:54:26+00:00","dateModified":"2011-03-27T19:46:22+00:00","mainEntityOfPage":{"@id":"https:\/\/www.aclanester56.com\/velo\/la-boutique-de-nouveaux-equipements-disponibles\/"},"wordCount":137,"commentCount":0,"publisher":{"@id":"https:\/\/www.aclanester56.com\/velo\/#organization"},"image":{"@id":"https:\/\/www.aclanester56.com\/velo\/la-boutique-de-nouveaux-equipements-disponibles\/#primaryimage"},"thumbnailUrl":"https:\/\/www.aclanester56.com\/velo\/wp-content\/uploads\/2011\/02\/AC-LANESTER-BOUT-COUL-2011-rose.jpg","articleSection":["AC LANESTER 56","la boutique","les \u00e9quipements"],"inLanguage":"fr-FR","potentialAction":[{"@type":"CommentAction","name":"Comment","target":["https:\/\/www.aclanester56.com\/velo\/la-boutique-de-nouveaux-equipements-disponibles\/#respond"]}]},{"@type":"WebPage","@id":"https:\/\/www.aclanester56.com\/velo\/la-boutique-de-nouveaux-equipements-disponibles\/","url":"https:\/\/www.aclanester56.com\/velo\/la-boutique-de-nouveaux-equipements-disponibles\/","name":"La Boutique : de nouveaux \u00e9quipements disponibles ! - Avenir Cycliste Lanester 56","isPartOf":{"@id":"https:\/\/www.aclanester56.com\/velo\/#website"},"primaryImageOfPage":{"@id":"https:\/\/www.aclanester56.com\/velo\/la-boutique-de-nouveaux-equipements-disponibles\/#primaryimage"},"image":{"@id":"https:\/\/www.aclanester56.com\/velo\/la-boutique-de-nouveaux-equipements-disponibles\/#primaryimage"},"thumbnailUrl":"https:\/\/www.aclanester56.com\/velo\/wp-content\/uploads\/2011\/02\/AC-LANESTER-BOUT-COUL-2011-rose.jpg","datePublished":"2011-03-25T20:54:26+00:00","dateModified":"2011-03-27T19:46:22+00:00","inLanguage":"fr-FR","potentialAction":[{"@type":"ReadAction","target":["https:\/\/www.aclanester56.com\/velo\/la-boutique-de-nouveaux-equipements-disponibles\/"]}]},{"@type":"ImageObject","inLanguage":"fr-FR","@id":"https:\/\/www.aclanester56.com\/velo\/la-boutique-de-nouveaux-equipements-disponibles\/#primaryimage","url":"https:\/\/www.aclanester56.com\/velo\/wp-content\/uploads\/2011\/02\/AC-LANESTER-BOUT-COUL-2011-rose.jpg","contentUrl":"https:\/\/www.aclanester56.com\/velo\/wp-content\/uploads\/2011\/02\/AC-LANESTER-BOUT-COUL-2011-rose.jpg","width":1161,"height":976,"caption":"Visitez la Boutique de l'AC LANESTER 56 !"},{"@type":"WebSite","@id":"https:\/\/www.aclanester56.com\/velo\/#website","url":"https:\/\/www.aclanester56.com\/velo\/","name":"Avenir Cycliste Lanester 56","description":"Club cycliste de l&#039;AC LANESTER 56","publisher":{"@id":"https:\/\/www.aclanester56.com\/velo\/#organization"},"potentialAction":[{"@type":"SearchAction","target":{"@type":"EntryPoint","urlTemplate":"https:\/\/www.aclanester56.com\/velo\/?s={search_term_string}"},"query-input":{"@type":"PropertyValueSpecification","valueRequired":true,"valueName":"search_term_string"}}],"inLanguage":"fr-FR"},{"@type":"Organization","@id":"https:\/\/www.aclanester56.com\/velo\/#organization","name":"Avenir Cycliste Lanester 56","url":"https:\/\/www.aclanester56.com\/velo\/","logo":{"@type":"ImageObject","inLanguage":"fr-FR","@id":"https:\/\/www.aclanester56.com\/velo\/#\/schema\/logo\/image\/","url":"https:\/\/www.aclanester56.com\/velo\/wp-content\/uploads\/2013\/04\/logo-ACL.jpg","contentUrl":"https:\/\/www.aclanester56.com\/velo\/wp-content\/uploads\/2013\/04\/logo-ACL.jpg","width":400,"height":334,"caption":"Avenir Cycliste Lanester 56"},"image":{"@id":"https:\/\/www.aclanester56.com\/velo\/#\/schema\/logo\/image\/"},"sameAs":["https:\/\/www.facebook.com\/pages\/AC-Lanester-56\/190286300991242?fref=ts"]},{"@type":"Person","@id":"https:\/\/www.aclanester56.com\/velo\/#\/schema\/person\/ca2a44a5fd969e9dd846c72d3b33bc01","name":"Jean-Christophe","url":"https:\/\/www.aclanester56.com\/velo\/author\/jeanchristophe\/"}]}},"_links":{"self":[{"href":"https:\/\/www.aclanester56.com\/velo\/wp-json\/wp\/v2\/posts\/7570","targetHints":{"allow":["GET"]}}],"collection":[{"href":"https:\/\/www.aclanester56.com\/velo\/wp-json\/wp\/v2\/posts"}],"about":[{"href":"https:\/\/www.aclanester56.com\/velo\/wp-json\/wp\/v2\/types\/post"}],"author":[{"embeddable":true,"href":"https:\/\/www.aclanester56.com\/velo\/wp-json\/wp\/v2\/users\/14"}],"replies":[{"embeddable":true,"href":"https:\/\/www.aclanester56.com\/velo\/wp-json\/wp\/v2\/comments?post=7570"}],"version-history":[{"count":0,"href":"https:\/\/www.aclanester56.com\/velo\/wp-json\/wp\/v2\/posts\/7570\/revisions"}],"wp:featuredmedia":[{"embeddable":true,"href":"https:\/\/www.aclanester56.com\/velo\/wp-json\/wp\/v2\/media\/6993"}],"wp:attachment":[{"href":"https:\/\/www.aclanester56.com\/velo\/wp-json\/wp\/v2\/media?parent=7570"}],"wp:term":[{"taxonomy":"category","embeddable":true,"href":"https:\/\/www.aclanester56.com\/velo\/wp-json\/wp\/v2\/categories?post=7570"},{"taxonomy":"post_tag","embeddable":true,"href":"https:\/\/www.aclanester56.com\/velo\/wp-json\/wp\/v2\/tags?post=7570"}],"curies":[{"name":"wp","href":"https:\/\/api.w.org\/{rel}","templated":true}]}}