{"id":7724,"date":"2011-03-23T19:52:56","date_gmt":"2011-03-23T18:52:56","guid":{"rendered":"http:\/\/www.aclanester56.com\/velo\/?p=7724"},"modified":"2011-03-26T18:39:23","modified_gmt":"2011-03-26T17:39:23","slug":"une-lanesterienne-en-selection-du-morbihan","status":"publish","type":"post","link":"https:\/\/www.aclanester56.com\/velo\/une-lanesterienne-en-selection-du-morbihan\/","title":{"rendered":"Une Lanest\u00e9rienne en s\u00e9lection du Morbihan !"},"content":{"rendered":"<div id=\"attachment_7730\" style=\"width: 210px\" class=\"wp-caption alignleft\"><a href=\"http:\/\/www.aclanester56.com\/velo\/wp-content\/uploads\/2011\/03\/DSC03781-401x600.jpg\" ><img loading=\"lazy\" decoding=\"async\" aria-describedby=\"caption-attachment-7730\" src=\"http:\/\/www.aclanester56.com\/velo\/wp-content\/uploads\/2011\/03\/DSC03781-401x600.jpg\" alt=\"\" title=\"Julie LE PRIELLEC, s\u00e9lectionn\u00e9e en \u00e9quipe d\u00e9partementale (photo Gabrielle TEIRLYNCK)\" width=\"200\" height=\"300\" class=\"size-large wp-image-7730\" srcset=\"https:\/\/www.aclanester56.com\/velo\/wp-content\/uploads\/2011\/03\/DSC03781-401x600.jpg 401w, https:\/\/www.aclanester56.com\/velo\/wp-content\/uploads\/2011\/03\/DSC03781-200x300.jpg 200w, https:\/\/www.aclanester56.com\/velo\/wp-content\/uploads\/2011\/03\/DSC03781.jpg 1936w\" sizes=\"auto, (max-width: 200px) 100vw, 200px\" \/><\/a><p id=\"caption-attachment-7730\" class=\"wp-caption-text\">Julie LE PRIELLEC, s\u00e9lectionn\u00e9e en \u00e9quipe d\u00e9partementale (photo Gabrielle TEIRLYNCK)<\/p><\/div>\n<p style=\"text-align: justify;\">La jeune cadette de l&rsquo;AC LANESTER 56 Julie LE PRIELLEC a \u00e9t\u00e9 retenue par le Comit\u00e9 du Morbihan pour participer avec la s\u00e9lection d\u00e9partementale \u00e0 l&rsquo;\u00e9preuve du Prix Femina de Chatillon sur Cher, qui se disputera le dimanche 27 mars prochain.<\/p>\n<p style=\"text-align: justify;\"><!--more--><\/p>\n<p>&nbsp;<\/p>\n<p style=\"text-align: justify;\">Quatorze tours de 2.6 Km, soit 36.4 Km, sont pr\u00e9vus pour cette \u00e9preuve f\u00e9minine minimes-cadettes. Dans le Loir-et-Cher, la s\u00e9lection sera dirig\u00e9e par Olivier BOUNIOU, Conseiller Technique D\u00e9partemental.<\/p>\n","protected":false},"excerpt":{"rendered":"<p>La jeune cadette de l&rsquo;AC LANESTER 56 Julie LE PRIELLEC a \u00e9t\u00e9 retenue par le Comit\u00e9 du Morbihan pour participer [&hellip;]<\/p>\n","protected":false},"author":14,"featured_media":7725,"comment_status":"open","ping_status":"closed","sticky":false,"template":"","format":"standard","meta":{"ngg_post_thumbnail":0,"footnotes":""},"categories":[5,22],"tags":[],"class_list":["post-7724","post","type-post","status-publish","format-standard","has-post-thumbnail","hentry","category-ac-lanester-56","category-resultats-cadets"],"yoast_head":"<!-- This site is optimized with the Yoast SEO plugin v27.5 - https:\/\/yoast.com\/product\/yoast-seo-wordpress\/ -->\n<title>Une Lanest\u00e9rienne en s\u00e9lection du Morbihan ! - Avenir Cycliste Lanester 56<\/title>\n<meta name=\"robots\" content=\"index, follow, max-snippet:-1, max-image-preview:large, max-video-preview:-1\" \/>\n<link rel=\"canonical\" href=\"https:\/\/www.aclanester56.com\/velo\/une-lanesterienne-en-selection-du-morbihan\/\" \/>\n<meta property=\"og:locale\" content=\"fr_FR\" \/>\n<meta property=\"og:type\" content=\"article\" \/>\n<meta property=\"og:title\" content=\"Une Lanest\u00e9rienne en s\u00e9lection du Morbihan ! - Avenir Cycliste Lanester 56\" \/>\n<meta property=\"og:description\" content=\"La jeune cadette de l&rsquo;AC LANESTER 56 Julie LE PRIELLEC a \u00e9t\u00e9 retenue par le Comit\u00e9 du Morbihan pour participer [&hellip;]\" \/>\n<meta property=\"og:url\" content=\"https:\/\/www.aclanester56.com\/velo\/une-lanesterienne-en-selection-du-morbihan\/\" \/>\n<meta property=\"og:site_name\" content=\"Avenir Cycliste Lanester 56\" \/>\n<meta property=\"article:publisher\" content=\"https:\/\/www.facebook.com\/pages\/AC-Lanester-56\/190286300991242?fref=ts\" \/>\n<meta property=\"article:published_time\" content=\"2011-03-23T18:52:56+00:00\" \/>\n<meta property=\"article:modified_time\" content=\"2011-03-26T17:39:23+00:00\" \/>\n<meta property=\"og:image\" content=\"https:\/\/www.aclanester56.com\/velo\/wp-content\/uploads\/2011\/03\/DSC_8363.jpg\" \/>\n\t<meta property=\"og:image:width\" content=\"2136\" \/>\n\t<meta property=\"og:image:height\" content=\"3216\" \/>\n\t<meta property=\"og:image:type\" content=\"image\/jpeg\" \/>\n<meta name=\"author\" content=\"Jean-Christophe\" \/>\n<meta name=\"twitter:label1\" content=\"\u00c9crit par\" \/>\n\t<meta name=\"twitter:data1\" content=\"Jean-Christophe\" \/>\n<script type=\"application\/ld+json\" class=\"yoast-schema-graph\">{\"@context\":\"https:\\\/\\\/schema.org\",\"@graph\":[{\"@type\":\"Article\",\"@id\":\"https:\\\/\\\/www.aclanester56.com\\\/velo\\\/une-lanesterienne-en-selection-du-morbihan\\\/#article\",\"isPartOf\":{\"@id\":\"https:\\\/\\\/www.aclanester56.com\\\/velo\\\/une-lanesterienne-en-selection-du-morbihan\\\/\"},\"author\":{\"name\":\"Jean-Christophe\",\"@id\":\"https:\\\/\\\/www.aclanester56.com\\\/velo\\\/#\\\/schema\\\/person\\\/ca2a44a5fd969e9dd846c72d3b33bc01\"},\"headline\":\"Une Lanest\u00e9rienne en s\u00e9lection du Morbihan !\",\"datePublished\":\"2011-03-23T18:52:56+00:00\",\"dateModified\":\"2011-03-26T17:39:23+00:00\",\"mainEntityOfPage\":{\"@id\":\"https:\\\/\\\/www.aclanester56.com\\\/velo\\\/une-lanesterienne-en-selection-du-morbihan\\\/\"},\"wordCount\":102,\"commentCount\":0,\"publisher\":{\"@id\":\"https:\\\/\\\/www.aclanester56.com\\\/velo\\\/#organization\"},\"image\":{\"@id\":\"https:\\\/\\\/www.aclanester56.com\\\/velo\\\/une-lanesterienne-en-selection-du-morbihan\\\/#primaryimage\"},\"thumbnailUrl\":\"https:\\\/\\\/www.aclanester56.com\\\/velo\\\/wp-content\\\/uploads\\\/2011\\\/03\\\/DSC_8363.jpg\",\"articleSection\":[\"AC LANESTER 56\",\"R\u00e9sultats Cadets\"],\"inLanguage\":\"fr-FR\",\"potentialAction\":[{\"@type\":\"CommentAction\",\"name\":\"Comment\",\"target\":[\"https:\\\/\\\/www.aclanester56.com\\\/velo\\\/une-lanesterienne-en-selection-du-morbihan\\\/#respond\"]}]},{\"@type\":\"WebPage\",\"@id\":\"https:\\\/\\\/www.aclanester56.com\\\/velo\\\/une-lanesterienne-en-selection-du-morbihan\\\/\",\"url\":\"https:\\\/\\\/www.aclanester56.com\\\/velo\\\/une-lanesterienne-en-selection-du-morbihan\\\/\",\"name\":\"Une Lanest\u00e9rienne en s\u00e9lection du Morbihan ! - Avenir Cycliste Lanester 56\",\"isPartOf\":{\"@id\":\"https:\\\/\\\/www.aclanester56.com\\\/velo\\\/#website\"},\"primaryImageOfPage\":{\"@id\":\"https:\\\/\\\/www.aclanester56.com\\\/velo\\\/une-lanesterienne-en-selection-du-morbihan\\\/#primaryimage\"},\"image\":{\"@id\":\"https:\\\/\\\/www.aclanester56.com\\\/velo\\\/une-lanesterienne-en-selection-du-morbihan\\\/#primaryimage\"},\"thumbnailUrl\":\"https:\\\/\\\/www.aclanester56.com\\\/velo\\\/wp-content\\\/uploads\\\/2011\\\/03\\\/DSC_8363.jpg\",\"datePublished\":\"2011-03-23T18:52:56+00:00\",\"dateModified\":\"2011-03-26T17:39:23+00:00\",\"inLanguage\":\"fr-FR\",\"potentialAction\":[{\"@type\":\"ReadAction\",\"target\":[\"https:\\\/\\\/www.aclanester56.com\\\/velo\\\/une-lanesterienne-en-selection-du-morbihan\\\/\"]}]},{\"@type\":\"ImageObject\",\"inLanguage\":\"fr-FR\",\"@id\":\"https:\\\/\\\/www.aclanester56.com\\\/velo\\\/une-lanesterienne-en-selection-du-morbihan\\\/#primaryimage\",\"url\":\"https:\\\/\\\/www.aclanester56.com\\\/velo\\\/wp-content\\\/uploads\\\/2011\\\/03\\\/DSC_8363.jpg\",\"contentUrl\":\"https:\\\/\\\/www.aclanester56.com\\\/velo\\\/wp-content\\\/uploads\\\/2011\\\/03\\\/DSC_8363.jpg\",\"width\":2136,\"height\":3216,\"caption\":\"Julie LE PRIELLEC s\u00e9lectionn\u00e9e en \u00e9quipe d\u00e9partementale (photo Philippe LE COCQ)\"},{\"@type\":\"WebSite\",\"@id\":\"https:\\\/\\\/www.aclanester56.com\\\/velo\\\/#website\",\"url\":\"https:\\\/\\\/www.aclanester56.com\\\/velo\\\/\",\"name\":\"Avenir Cycliste Lanester 56\",\"description\":\"Club cycliste de l&#039;AC LANESTER 56\",\"publisher\":{\"@id\":\"https:\\\/\\\/www.aclanester56.com\\\/velo\\\/#organization\"},\"potentialAction\":[{\"@type\":\"SearchAction\",\"target\":{\"@type\":\"EntryPoint\",\"urlTemplate\":\"https:\\\/\\\/www.aclanester56.com\\\/velo\\\/?s={search_term_string}\"},\"query-input\":{\"@type\":\"PropertyValueSpecification\",\"valueRequired\":true,\"valueName\":\"search_term_string\"}}],\"inLanguage\":\"fr-FR\"},{\"@type\":\"Organization\",\"@id\":\"https:\\\/\\\/www.aclanester56.com\\\/velo\\\/#organization\",\"name\":\"Avenir Cycliste Lanester 56\",\"url\":\"https:\\\/\\\/www.aclanester56.com\\\/velo\\\/\",\"logo\":{\"@type\":\"ImageObject\",\"inLanguage\":\"fr-FR\",\"@id\":\"https:\\\/\\\/www.aclanester56.com\\\/velo\\\/#\\\/schema\\\/logo\\\/image\\\/\",\"url\":\"https:\\\/\\\/www.aclanester56.com\\\/velo\\\/wp-content\\\/uploads\\\/2013\\\/04\\\/logo-ACL.jpg\",\"contentUrl\":\"https:\\\/\\\/www.aclanester56.com\\\/velo\\\/wp-content\\\/uploads\\\/2013\\\/04\\\/logo-ACL.jpg\",\"width\":400,\"height\":334,\"caption\":\"Avenir Cycliste Lanester 56\"},\"image\":{\"@id\":\"https:\\\/\\\/www.aclanester56.com\\\/velo\\\/#\\\/schema\\\/logo\\\/image\\\/\"},\"sameAs\":[\"https:\\\/\\\/www.facebook.com\\\/pages\\\/AC-Lanester-56\\\/190286300991242?fref=ts\"]},{\"@type\":\"Person\",\"@id\":\"https:\\\/\\\/www.aclanester56.com\\\/velo\\\/#\\\/schema\\\/person\\\/ca2a44a5fd969e9dd846c72d3b33bc01\",\"name\":\"Jean-Christophe\",\"url\":\"https:\\\/\\\/www.aclanester56.com\\\/velo\\\/author\\\/jeanchristophe\\\/\"}]}<\/script>\n<!-- \/ Yoast SEO plugin. -->","yoast_head_json":{"title":"Une Lanest\u00e9rienne en s\u00e9lection du Morbihan ! - Avenir Cycliste Lanester 56","robots":{"index":"index","follow":"follow","max-snippet":"max-snippet:-1","max-image-preview":"max-image-preview:large","max-video-preview":"max-video-preview:-1"},"canonical":"https:\/\/www.aclanester56.com\/velo\/une-lanesterienne-en-selection-du-morbihan\/","og_locale":"fr_FR","og_type":"article","og_title":"Une Lanest\u00e9rienne en s\u00e9lection du Morbihan ! - Avenir Cycliste Lanester 56","og_description":"La jeune cadette de l&rsquo;AC LANESTER 56 Julie LE PRIELLEC a \u00e9t\u00e9 retenue par le Comit\u00e9 du Morbihan pour participer [&hellip;]","og_url":"https:\/\/www.aclanester56.com\/velo\/une-lanesterienne-en-selection-du-morbihan\/","og_site_name":"Avenir Cycliste Lanester 56","article_publisher":"https:\/\/www.facebook.com\/pages\/AC-Lanester-56\/190286300991242?fref=ts","article_published_time":"2011-03-23T18:52:56+00:00","article_modified_time":"2011-03-26T17:39:23+00:00","og_image":[{"width":2136,"height":3216,"url":"https:\/\/www.aclanester56.com\/velo\/wp-content\/uploads\/2011\/03\/DSC_8363.jpg","type":"image\/jpeg"}],"author":"Jean-Christophe","twitter_misc":{"\u00c9crit par":"Jean-Christophe"},"schema":{"@context":"https:\/\/schema.org","@graph":[{"@type":"Article","@id":"https:\/\/www.aclanester56.com\/velo\/une-lanesterienne-en-selection-du-morbihan\/#article","isPartOf":{"@id":"https:\/\/www.aclanester56.com\/velo\/une-lanesterienne-en-selection-du-morbihan\/"},"author":{"name":"Jean-Christophe","@id":"https:\/\/www.aclanester56.com\/velo\/#\/schema\/person\/ca2a44a5fd969e9dd846c72d3b33bc01"},"headline":"Une Lanest\u00e9rienne en s\u00e9lection du Morbihan !","datePublished":"2011-03-23T18:52:56+00:00","dateModified":"2011-03-26T17:39:23+00:00","mainEntityOfPage":{"@id":"https:\/\/www.aclanester56.com\/velo\/une-lanesterienne-en-selection-du-morbihan\/"},"wordCount":102,"commentCount":0,"publisher":{"@id":"https:\/\/www.aclanester56.com\/velo\/#organization"},"image":{"@id":"https:\/\/www.aclanester56.com\/velo\/une-lanesterienne-en-selection-du-morbihan\/#primaryimage"},"thumbnailUrl":"https:\/\/www.aclanester56.com\/velo\/wp-content\/uploads\/2011\/03\/DSC_8363.jpg","articleSection":["AC LANESTER 56","R\u00e9sultats Cadets"],"inLanguage":"fr-FR","potentialAction":[{"@type":"CommentAction","name":"Comment","target":["https:\/\/www.aclanester56.com\/velo\/une-lanesterienne-en-selection-du-morbihan\/#respond"]}]},{"@type":"WebPage","@id":"https:\/\/www.aclanester56.com\/velo\/une-lanesterienne-en-selection-du-morbihan\/","url":"https:\/\/www.aclanester56.com\/velo\/une-lanesterienne-en-selection-du-morbihan\/","name":"Une Lanest\u00e9rienne en s\u00e9lection du Morbihan ! - Avenir Cycliste Lanester 56","isPartOf":{"@id":"https:\/\/www.aclanester56.com\/velo\/#website"},"primaryImageOfPage":{"@id":"https:\/\/www.aclanester56.com\/velo\/une-lanesterienne-en-selection-du-morbihan\/#primaryimage"},"image":{"@id":"https:\/\/www.aclanester56.com\/velo\/une-lanesterienne-en-selection-du-morbihan\/#primaryimage"},"thumbnailUrl":"https:\/\/www.aclanester56.com\/velo\/wp-content\/uploads\/2011\/03\/DSC_8363.jpg","datePublished":"2011-03-23T18:52:56+00:00","dateModified":"2011-03-26T17:39:23+00:00","inLanguage":"fr-FR","potentialAction":[{"@type":"ReadAction","target":["https:\/\/www.aclanester56.com\/velo\/une-lanesterienne-en-selection-du-morbihan\/"]}]},{"@type":"ImageObject","inLanguage":"fr-FR","@id":"https:\/\/www.aclanester56.com\/velo\/une-lanesterienne-en-selection-du-morbihan\/#primaryimage","url":"https:\/\/www.aclanester56.com\/velo\/wp-content\/uploads\/2011\/03\/DSC_8363.jpg","contentUrl":"https:\/\/www.aclanester56.com\/velo\/wp-content\/uploads\/2011\/03\/DSC_8363.jpg","width":2136,"height":3216,"caption":"Julie LE PRIELLEC s\u00e9lectionn\u00e9e en \u00e9quipe d\u00e9partementale (photo Philippe LE COCQ)"},{"@type":"WebSite","@id":"https:\/\/www.aclanester56.com\/velo\/#website","url":"https:\/\/www.aclanester56.com\/velo\/","name":"Avenir Cycliste Lanester 56","description":"Club cycliste de l&#039;AC LANESTER 56","publisher":{"@id":"https:\/\/www.aclanester56.com\/velo\/#organization"},"potentialAction":[{"@type":"SearchAction","target":{"@type":"EntryPoint","urlTemplate":"https:\/\/www.aclanester56.com\/velo\/?s={search_term_string}"},"query-input":{"@type":"PropertyValueSpecification","valueRequired":true,"valueName":"search_term_string"}}],"inLanguage":"fr-FR"},{"@type":"Organization","@id":"https:\/\/www.aclanester56.com\/velo\/#organization","name":"Avenir Cycliste Lanester 56","url":"https:\/\/www.aclanester56.com\/velo\/","logo":{"@type":"ImageObject","inLanguage":"fr-FR","@id":"https:\/\/www.aclanester56.com\/velo\/#\/schema\/logo\/image\/","url":"https:\/\/www.aclanester56.com\/velo\/wp-content\/uploads\/2013\/04\/logo-ACL.jpg","contentUrl":"https:\/\/www.aclanester56.com\/velo\/wp-content\/uploads\/2013\/04\/logo-ACL.jpg","width":400,"height":334,"caption":"Avenir Cycliste Lanester 56"},"image":{"@id":"https:\/\/www.aclanester56.com\/velo\/#\/schema\/logo\/image\/"},"sameAs":["https:\/\/www.facebook.com\/pages\/AC-Lanester-56\/190286300991242?fref=ts"]},{"@type":"Person","@id":"https:\/\/www.aclanester56.com\/velo\/#\/schema\/person\/ca2a44a5fd969e9dd846c72d3b33bc01","name":"Jean-Christophe","url":"https:\/\/www.aclanester56.com\/velo\/author\/jeanchristophe\/"}]}},"_links":{"self":[{"href":"https:\/\/www.aclanester56.com\/velo\/wp-json\/wp\/v2\/posts\/7724","targetHints":{"allow":["GET"]}}],"collection":[{"href":"https:\/\/www.aclanester56.com\/velo\/wp-json\/wp\/v2\/posts"}],"about":[{"href":"https:\/\/www.aclanester56.com\/velo\/wp-json\/wp\/v2\/types\/post"}],"author":[{"embeddable":true,"href":"https:\/\/www.aclanester56.com\/velo\/wp-json\/wp\/v2\/users\/14"}],"replies":[{"embeddable":true,"href":"https:\/\/www.aclanester56.com\/velo\/wp-json\/wp\/v2\/comments?post=7724"}],"version-history":[{"count":0,"href":"https:\/\/www.aclanester56.com\/velo\/wp-json\/wp\/v2\/posts\/7724\/revisions"}],"wp:featuredmedia":[{"embeddable":true,"href":"https:\/\/www.aclanester56.com\/velo\/wp-json\/wp\/v2\/media\/7725"}],"wp:attachment":[{"href":"https:\/\/www.aclanester56.com\/velo\/wp-json\/wp\/v2\/media?parent=7724"}],"wp:term":[{"taxonomy":"category","embeddable":true,"href":"https:\/\/www.aclanester56.com\/velo\/wp-json\/wp\/v2\/categories?post=7724"},{"taxonomy":"post_tag","embeddable":true,"href":"https:\/\/www.aclanester56.com\/velo\/wp-json\/wp\/v2\/tags?post=7724"}],"curies":[{"name":"wp","href":"https:\/\/api.w.org\/{rel}","templated":true}]}}