{"id":7764,"date":"2011-03-26T19:05:41","date_gmt":"2011-03-26T18:05:41","guid":{"rendered":"http:\/\/www.aclanester56.com\/velo\/?p=7764"},"modified":"2011-03-27T20:46:31","modified_gmt":"2011-03-27T19:46:31","slug":"warren-barguil-2eme-du-grand-prix-gilbert-bousquet","status":"publish","type":"post","link":"https:\/\/www.aclanester56.com\/velo\/warren-barguil-2eme-du-grand-prix-gilbert-bousquet\/","title":{"rendered":"Warren BARGUIL 2\u00e8me du Grand Prix Gilbert BOUSQUET !"},"content":{"rendered":"<div id=\"attachment_7765\" style=\"width: 310px\" class=\"wp-caption alignleft\"><a href=\"http:\/\/www.aclanester56.com\/velo\/wp-content\/uploads\/2011\/03\/Bousquet.jpg\" ><img loading=\"lazy\" decoding=\"async\" aria-describedby=\"caption-attachment-7765\" src=\"http:\/\/www.aclanester56.com\/velo\/wp-content\/uploads\/2011\/03\/Bousquet.jpg\" alt=\"\" title=\"Le Lanest\u00e9rien Warren BARGUIL prend une superbe 2\u00e8me place du tr\u00e8s difficile Grand Prix Gilbert Bousquet \u00e0 Landivisiau (photo www.bretagne-cyclisme.com)\" width=\"300\" height=\"245\" class=\"size-full wp-image-7765\" srcset=\"https:\/\/www.aclanester56.com\/velo\/wp-content\/uploads\/2011\/03\/Bousquet.jpg 600w, https:\/\/www.aclanester56.com\/velo\/wp-content\/uploads\/2011\/03\/Bousquet-300x245.jpg 300w\" sizes=\"auto, (max-width: 300px) 100vw, 300px\" \/><\/a><p id=\"caption-attachment-7765\" class=\"wp-caption-text\">Le Lanest\u00e9rien Warren BARGUIL prend une superbe 2\u00e8me place du tr\u00e8s difficile Grand Prix Gilbert Bousquet \u00e0 Landivisiau (photo www.bretagne-cyclisme.com)<\/p><\/div>\n<p style=\"text-align: justify;\">Cinq coureurs de l&rsquo;\u00e9quipe DN2 de l&rsquo;AC LANESTER 56 participaient aujourd&rsquo;hui au 36\u00e8me Grand Prix Gilbert BOUSQUET\u00a0(F\u00e9d\u00e9rale Elite Nationale 1\u00e8re et 2\u00e8me cat\u00e9gories) \u00e0 Landivisiau, dans le Finist\u00e8re. La grosse performance lanest\u00e9rienne du jour est r\u00e9alis\u00e9e par Warren BARGUIL,\u00a0excellent 2\u00e8me dans un contexte tr\u00e8s relev\u00e9. Mais la prestation des coureurs de l&rsquo;AC LANESTER 56 ne se r\u00e9sume pas qu&rsquo;\u00e0 ce podium, puisque quatre coureurs lanest\u00e9riens pointent dans les 17 premiers !<\/p>\n<p><!--more--><\/p>\n<p style=\"text-align: justify;\">&nbsp;<\/p>\n<p style=\"text-align: justify;\"><span style=\"color: #ff6600;\"><strong>L&rsquo;une des classiques bretonnes les plus dures<\/strong><\/span><\/p>\n<p style=\"text-align: justify;\">Cette \u00e9preuve s&rsquo;est d\u00e9roul\u00e9e sur 155.4 Km d&rsquo;un circuit redoutable dans les Monts d&rsquo;Arr\u00e9e, consistant en une succession de pentes tr\u00e8s rudes. De belles \u00e9quipes belges et DN1 figurent au d\u00e9part \u00e0 Landivisiau, formant un beau peloton de 125 coureurs.<\/p>\n<p style=\"text-align: justify;\"><span style=\"color: #ff6600;\"><strong>Poilvet et Barguil dans le bon coup<\/strong><\/span><\/p>\n<p style=\"text-align: justify;\">Une quinzaine de coureurs trouvent l&rsquo;ouverture au 60\u00e8me kilom\u00e8tre, dans l&rsquo;une des nombreuses difficult\u00e9s du jour. Parmi eux, deux Lanest\u00e9riens ont pris place dans l&rsquo;\u00e9chapp\u00e9e : Warren BARGUIL et Ludovic POILVET.<\/p>\n<div id=\"attachment_7782\" style=\"width: 310px\" class=\"wp-caption alignright\"><a href=\"http:\/\/www.aclanester56.com\/velo\/wp-content\/uploads\/2011\/03\/Bousquet-2.jpg\" ><img loading=\"lazy\" decoding=\"async\" aria-describedby=\"caption-attachment-7782\" src=\"http:\/\/www.aclanester56.com\/velo\/wp-content\/uploads\/2011\/03\/Bousquet-2.jpg\" alt=\"\" title=\"Les Lanest\u00e9riens \u00e9taient bien repr\u00e9sent\u00e9s dans le final avec Ludovic POILVET et Warren BARGUIL (photo www.bretagne-cyclisme.com)\" width=\"300\" height=\"220\" class=\"size-full wp-image-7782\" srcset=\"https:\/\/www.aclanester56.com\/velo\/wp-content\/uploads\/2011\/03\/Bousquet-2.jpg 600w, https:\/\/www.aclanester56.com\/velo\/wp-content\/uploads\/2011\/03\/Bousquet-2-300x220.jpg 300w\" sizes=\"auto, (max-width: 300px) 100vw, 300px\" \/><\/a><p id=\"caption-attachment-7782\" class=\"wp-caption-text\">Les Lanest\u00e9riens \u00e9taient bien repr\u00e9sent\u00e9s dans le final avec Ludovic POILVET et Warren BARGUIL (photo www.bretagne-cyclisme.com)<\/p><\/div>\n<p style=\"text-align: justify;\"><span style=\"color: #ff6600;\"><strong>Sept coureurs prennent l&rsquo;avantage dans le final<\/strong><\/span><\/p>\n<p style=\"text-align: justify;\">Sur le circuit final, trois coureurs dont Vincent RAGOT r\u00e9ussissent, au prix d&rsquo;un bel effort, \u00e0 faire la jonction. A quatre tours de l&rsquo;arriv\u00e9e, le groupe de t\u00eate se scinde en deux parties. Parmi les sept hommes forts, on retrouve \u00e0 nouveau les Lanest\u00e9riens Ludovic POILVET et Warren BARGUIL. Ils coitoient des gar\u00e7ons comme DESNIOU (CC NOGENT SUR OISE), PLOUHINEC (VERANDA RIDEAU) ou TORTELIER, RENAULT, KEO (SOJASUN ESPOIR). TORTELIER va r\u00e9aliser un \u00e9norme travail de sape, annihilant toutes les tentatives d&rsquo;\u00e9chapp\u00e9es.<\/p>\n<p style=\"text-align: justify;\"><span style=\"color: #ff6600;\"><strong>Barguil s&rsquo;incline au sprint<\/strong><\/span><\/p>\n<p style=\"text-align: justify;\">Dans la derni\u00e8re ascension de la c\u00f4te en haut de laquelle figure la ligne d&rsquo;arriv\u00e9e, le Lanest\u00e9rien Warren BARGUIL lance le sprint, \u00a0mais il se fait d\u00e9border \u00e0 100m de la ligne par le Castelnaudais Maxime RENAULT. Warren doit se \u00ab\u00a0contenter\u00a0\u00bb d&rsquo;une tr\u00e8s prometteuse deuxi\u00e8me place sur l&rsquo;une des plus difficiles classiques bretonnes. <\/p>\n<div id=\"attachment_7784\" style=\"width: 250px\" class=\"wp-caption alignright\"><a href=\"http:\/\/www.aclanester56.com\/velo\/wp-content\/uploads\/2011\/03\/Bousquet-3.jpg\" ><img loading=\"lazy\" decoding=\"async\" aria-describedby=\"caption-attachment-7784\" src=\"http:\/\/www.aclanester56.com\/velo\/wp-content\/uploads\/2011\/03\/Bousquet-3.jpg\" alt=\"\" title=\"Troisi\u00e8me du dernier championnat de France junior, Anthony MIRA d\u00e9couvre le niveau \u00e9lite et termine 17\u00e8me d&#039;un des monuments du cyclisme breton (photo www.bretagne-cyclisme.com)\" width=\"240\" height=\"300\" class=\"size-full wp-image-7784\" srcset=\"https:\/\/www.aclanester56.com\/velo\/wp-content\/uploads\/2011\/03\/Bousquet-3.jpg 480w, https:\/\/www.aclanester56.com\/velo\/wp-content\/uploads\/2011\/03\/Bousquet-3-240x300.jpg 240w\" sizes=\"auto, (max-width: 240px) 100vw, 240px\" \/><\/a><p id=\"caption-attachment-7784\" class=\"wp-caption-text\">Troisi\u00e8me du dernier championnat de France junior, Anthony MIRA d\u00e9couvre le niveau \u00e9lite et termine 17\u00e8me d&#039;un des monuments du cyclisme breton (photo www.bretagne-cyclisme.com)<\/p><\/div>\n<p style=\"text-align: justify;\"><span style=\"color: #ff6600;\"><strong>Un tr\u00e8s beau tir group\u00e9 des Lanest\u00e9riens !<\/strong><\/span><\/p>\n<p style=\"text-align: justify;\">Du c\u00f4t\u00e9 des autres coureurs de l&rsquo;AC LANESTER 56, Ludovic POILVET termine 6\u00e8me, tandis que Vincent RAGOT finit 14\u00e8me, juste devant un bon Anthony MIRA 17\u00e8me, qui remporte par ailleurs le classement 2\u00e8me cat\u00e9gorie. Le jeune Yann LE BUREL termine aux alentours de la cinquanti\u00e8me place.<\/p>\n<p>\n <span style=\"text-decoration: underline;\"><strong>Classement :<\/strong><\/span><br \/>\n 1- Maxime Renault (Sojasun Espoir)<br \/>\n <span style=\"background-color: #ff6600;\">2- Warren Barguil (AC Lanester 56)<\/span><br \/>\n 3- S\u00e9bastien Foucher (G. Chalettois)<br \/>\n 4- Samuel Plouhinec (V\u00e9randa-Rideau)<br \/>\n 5- Mathieu Desniou (CC Nogent)<br \/>\n <span style=\"background-color: #ff6600;\">6- Ludovic Poilvet (AC Lanester 56)<\/span><br \/>\n 7- Emmanuel K\u00e9o (Sojasun Espoir)<br \/>\n 8- Fabien Sidaner (Bic 2000)<br \/>\n 9- Yoann David (C\u00f4tes d&rsquo;Armor-Marie Morin)<br \/>\n 10- Christ Jory (Bel. VL technics)<br \/>\n <span style=\"background-color: #ff6600;\">14- Vincent Ragot (AC Lanester 56)<\/span><br \/>\n<span style=\"background-color: #ff6600;\"> 17- Anthony Mira (AC Lanester 56)<\/span><\/p>\n<p>&nbsp;<\/p>\n","protected":false},"excerpt":{"rendered":"<p>Cinq coureurs de l&rsquo;\u00e9quipe DN2 de l&rsquo;AC LANESTER 56 participaient aujourd&rsquo;hui au 36\u00e8me Grand Prix Gilbert BOUSQUET\u00a0(F\u00e9d\u00e9rale Elite Nationale 1\u00e8re [&hellip;]<\/p>\n","protected":false},"author":14,"featured_media":7765,"comment_status":"open","ping_status":"closed","sticky":false,"template":"","format":"standard","meta":{"ngg_post_thumbnail":0,"footnotes":""},"categories":[5,14,17],"tags":[],"class_list":["post-7764","post","type-post","status-publish","format-standard","has-post-thumbnail","hentry","category-ac-lanester-56","category-actualites-dn","category-resultats-dn"],"yoast_head":"<!-- This site is optimized with the Yoast SEO plugin v27.5 - https:\/\/yoast.com\/product\/yoast-seo-wordpress\/ -->\n<title>Warren BARGUIL 2\u00e8me du Grand Prix Gilbert BOUSQUET ! - Avenir Cycliste Lanester 56<\/title>\n<meta name=\"robots\" content=\"index, follow, max-snippet:-1, max-image-preview:large, max-video-preview:-1\" \/>\n<link rel=\"canonical\" href=\"https:\/\/www.aclanester56.com\/velo\/warren-barguil-2eme-du-grand-prix-gilbert-bousquet\/\" \/>\n<meta property=\"og:locale\" content=\"fr_FR\" \/>\n<meta property=\"og:type\" content=\"article\" \/>\n<meta property=\"og:title\" content=\"Warren BARGUIL 2\u00e8me du Grand Prix Gilbert BOUSQUET ! - Avenir Cycliste Lanester 56\" \/>\n<meta property=\"og:description\" content=\"Cinq coureurs de l&rsquo;\u00e9quipe DN2 de l&rsquo;AC LANESTER 56 participaient aujourd&rsquo;hui au 36\u00e8me Grand Prix Gilbert BOUSQUET\u00a0(F\u00e9d\u00e9rale Elite Nationale 1\u00e8re [&hellip;]\" \/>\n<meta property=\"og:url\" content=\"https:\/\/www.aclanester56.com\/velo\/warren-barguil-2eme-du-grand-prix-gilbert-bousquet\/\" \/>\n<meta property=\"og:site_name\" content=\"Avenir Cycliste Lanester 56\" \/>\n<meta property=\"article:publisher\" content=\"https:\/\/www.facebook.com\/pages\/AC-Lanester-56\/190286300991242?fref=ts\" \/>\n<meta property=\"article:published_time\" content=\"2011-03-26T18:05:41+00:00\" \/>\n<meta property=\"article:modified_time\" content=\"2011-03-27T19:46:31+00:00\" \/>\n<meta property=\"og:image\" content=\"https:\/\/www.aclanester56.com\/velo\/wp-content\/uploads\/2011\/03\/Bousquet.jpg\" \/>\n\t<meta property=\"og:image:width\" content=\"600\" \/>\n\t<meta property=\"og:image:height\" content=\"490\" \/>\n\t<meta property=\"og:image:type\" content=\"image\/jpeg\" \/>\n<meta name=\"author\" content=\"Jean-Christophe\" \/>\n<meta name=\"twitter:label1\" content=\"\u00c9crit par\" \/>\n\t<meta name=\"twitter:data1\" content=\"Jean-Christophe\" \/>\n\t<meta name=\"twitter:label2\" content=\"Dur\u00e9e de lecture estim\u00e9e\" \/>\n\t<meta name=\"twitter:data2\" content=\"3 minutes\" \/>\n<script type=\"application\/ld+json\" class=\"yoast-schema-graph\">{\"@context\":\"https:\\\/\\\/schema.org\",\"@graph\":[{\"@type\":\"Article\",\"@id\":\"https:\\\/\\\/www.aclanester56.com\\\/velo\\\/warren-barguil-2eme-du-grand-prix-gilbert-bousquet\\\/#article\",\"isPartOf\":{\"@id\":\"https:\\\/\\\/www.aclanester56.com\\\/velo\\\/warren-barguil-2eme-du-grand-prix-gilbert-bousquet\\\/\"},\"author\":{\"name\":\"Jean-Christophe\",\"@id\":\"https:\\\/\\\/www.aclanester56.com\\\/velo\\\/#\\\/schema\\\/person\\\/ca2a44a5fd969e9dd846c72d3b33bc01\"},\"headline\":\"Warren BARGUIL 2\u00e8me du Grand Prix Gilbert BOUSQUET !\",\"datePublished\":\"2011-03-26T18:05:41+00:00\",\"dateModified\":\"2011-03-27T19:46:31+00:00\",\"mainEntityOfPage\":{\"@id\":\"https:\\\/\\\/www.aclanester56.com\\\/velo\\\/warren-barguil-2eme-du-grand-prix-gilbert-bousquet\\\/\"},\"wordCount\":556,\"commentCount\":0,\"publisher\":{\"@id\":\"https:\\\/\\\/www.aclanester56.com\\\/velo\\\/#organization\"},\"image\":{\"@id\":\"https:\\\/\\\/www.aclanester56.com\\\/velo\\\/warren-barguil-2eme-du-grand-prix-gilbert-bousquet\\\/#primaryimage\"},\"thumbnailUrl\":\"https:\\\/\\\/www.aclanester56.com\\\/velo\\\/wp-content\\\/uploads\\\/2011\\\/03\\\/Bousquet.jpg\",\"articleSection\":[\"AC LANESTER 56\",\"Actualit\u00e9s DN\",\"R\u00e9sultats DN\"],\"inLanguage\":\"fr-FR\",\"potentialAction\":[{\"@type\":\"CommentAction\",\"name\":\"Comment\",\"target\":[\"https:\\\/\\\/www.aclanester56.com\\\/velo\\\/warren-barguil-2eme-du-grand-prix-gilbert-bousquet\\\/#respond\"]}]},{\"@type\":\"WebPage\",\"@id\":\"https:\\\/\\\/www.aclanester56.com\\\/velo\\\/warren-barguil-2eme-du-grand-prix-gilbert-bousquet\\\/\",\"url\":\"https:\\\/\\\/www.aclanester56.com\\\/velo\\\/warren-barguil-2eme-du-grand-prix-gilbert-bousquet\\\/\",\"name\":\"Warren BARGUIL 2\u00e8me du Grand Prix Gilbert BOUSQUET ! - Avenir Cycliste Lanester 56\",\"isPartOf\":{\"@id\":\"https:\\\/\\\/www.aclanester56.com\\\/velo\\\/#website\"},\"primaryImageOfPage\":{\"@id\":\"https:\\\/\\\/www.aclanester56.com\\\/velo\\\/warren-barguil-2eme-du-grand-prix-gilbert-bousquet\\\/#primaryimage\"},\"image\":{\"@id\":\"https:\\\/\\\/www.aclanester56.com\\\/velo\\\/warren-barguil-2eme-du-grand-prix-gilbert-bousquet\\\/#primaryimage\"},\"thumbnailUrl\":\"https:\\\/\\\/www.aclanester56.com\\\/velo\\\/wp-content\\\/uploads\\\/2011\\\/03\\\/Bousquet.jpg\",\"datePublished\":\"2011-03-26T18:05:41+00:00\",\"dateModified\":\"2011-03-27T19:46:31+00:00\",\"inLanguage\":\"fr-FR\",\"potentialAction\":[{\"@type\":\"ReadAction\",\"target\":[\"https:\\\/\\\/www.aclanester56.com\\\/velo\\\/warren-barguil-2eme-du-grand-prix-gilbert-bousquet\\\/\"]}]},{\"@type\":\"ImageObject\",\"inLanguage\":\"fr-FR\",\"@id\":\"https:\\\/\\\/www.aclanester56.com\\\/velo\\\/warren-barguil-2eme-du-grand-prix-gilbert-bousquet\\\/#primaryimage\",\"url\":\"https:\\\/\\\/www.aclanester56.com\\\/velo\\\/wp-content\\\/uploads\\\/2011\\\/03\\\/Bousquet.jpg\",\"contentUrl\":\"https:\\\/\\\/www.aclanester56.com\\\/velo\\\/wp-content\\\/uploads\\\/2011\\\/03\\\/Bousquet.jpg\",\"width\":600,\"height\":490,\"caption\":\"Le Lanest\u00e9rien Warren BARGUIL prend une superbe 2\u00e8me place du tr\u00e8s difficile Grand Prix Gilbert Bousquet \u00e0 Landivisiau (photo www.bretagne-cyclisme.com)\"},{\"@type\":\"WebSite\",\"@id\":\"https:\\\/\\\/www.aclanester56.com\\\/velo\\\/#website\",\"url\":\"https:\\\/\\\/www.aclanester56.com\\\/velo\\\/\",\"name\":\"Avenir Cycliste Lanester 56\",\"description\":\"Club cycliste de l&#039;AC LANESTER 56\",\"publisher\":{\"@id\":\"https:\\\/\\\/www.aclanester56.com\\\/velo\\\/#organization\"},\"potentialAction\":[{\"@type\":\"SearchAction\",\"target\":{\"@type\":\"EntryPoint\",\"urlTemplate\":\"https:\\\/\\\/www.aclanester56.com\\\/velo\\\/?s={search_term_string}\"},\"query-input\":{\"@type\":\"PropertyValueSpecification\",\"valueRequired\":true,\"valueName\":\"search_term_string\"}}],\"inLanguage\":\"fr-FR\"},{\"@type\":\"Organization\",\"@id\":\"https:\\\/\\\/www.aclanester56.com\\\/velo\\\/#organization\",\"name\":\"Avenir Cycliste Lanester 56\",\"url\":\"https:\\\/\\\/www.aclanester56.com\\\/velo\\\/\",\"logo\":{\"@type\":\"ImageObject\",\"inLanguage\":\"fr-FR\",\"@id\":\"https:\\\/\\\/www.aclanester56.com\\\/velo\\\/#\\\/schema\\\/logo\\\/image\\\/\",\"url\":\"https:\\\/\\\/www.aclanester56.com\\\/velo\\\/wp-content\\\/uploads\\\/2013\\\/04\\\/logo-ACL.jpg\",\"contentUrl\":\"https:\\\/\\\/www.aclanester56.com\\\/velo\\\/wp-content\\\/uploads\\\/2013\\\/04\\\/logo-ACL.jpg\",\"width\":400,\"height\":334,\"caption\":\"Avenir Cycliste Lanester 56\"},\"image\":{\"@id\":\"https:\\\/\\\/www.aclanester56.com\\\/velo\\\/#\\\/schema\\\/logo\\\/image\\\/\"},\"sameAs\":[\"https:\\\/\\\/www.facebook.com\\\/pages\\\/AC-Lanester-56\\\/190286300991242?fref=ts\"]},{\"@type\":\"Person\",\"@id\":\"https:\\\/\\\/www.aclanester56.com\\\/velo\\\/#\\\/schema\\\/person\\\/ca2a44a5fd969e9dd846c72d3b33bc01\",\"name\":\"Jean-Christophe\",\"url\":\"https:\\\/\\\/www.aclanester56.com\\\/velo\\\/author\\\/jeanchristophe\\\/\"}]}<\/script>\n<!-- \/ Yoast SEO plugin. -->","yoast_head_json":{"title":"Warren BARGUIL 2\u00e8me du Grand Prix Gilbert BOUSQUET ! - Avenir Cycliste Lanester 56","robots":{"index":"index","follow":"follow","max-snippet":"max-snippet:-1","max-image-preview":"max-image-preview:large","max-video-preview":"max-video-preview:-1"},"canonical":"https:\/\/www.aclanester56.com\/velo\/warren-barguil-2eme-du-grand-prix-gilbert-bousquet\/","og_locale":"fr_FR","og_type":"article","og_title":"Warren BARGUIL 2\u00e8me du Grand Prix Gilbert BOUSQUET ! - Avenir Cycliste Lanester 56","og_description":"Cinq coureurs de l&rsquo;\u00e9quipe DN2 de l&rsquo;AC LANESTER 56 participaient aujourd&rsquo;hui au 36\u00e8me Grand Prix Gilbert BOUSQUET\u00a0(F\u00e9d\u00e9rale Elite Nationale 1\u00e8re [&hellip;]","og_url":"https:\/\/www.aclanester56.com\/velo\/warren-barguil-2eme-du-grand-prix-gilbert-bousquet\/","og_site_name":"Avenir Cycliste Lanester 56","article_publisher":"https:\/\/www.facebook.com\/pages\/AC-Lanester-56\/190286300991242?fref=ts","article_published_time":"2011-03-26T18:05:41+00:00","article_modified_time":"2011-03-27T19:46:31+00:00","og_image":[{"width":600,"height":490,"url":"https:\/\/www.aclanester56.com\/velo\/wp-content\/uploads\/2011\/03\/Bousquet.jpg","type":"image\/jpeg"}],"author":"Jean-Christophe","twitter_misc":{"\u00c9crit par":"Jean-Christophe","Dur\u00e9e de lecture estim\u00e9e":"3 minutes"},"schema":{"@context":"https:\/\/schema.org","@graph":[{"@type":"Article","@id":"https:\/\/www.aclanester56.com\/velo\/warren-barguil-2eme-du-grand-prix-gilbert-bousquet\/#article","isPartOf":{"@id":"https:\/\/www.aclanester56.com\/velo\/warren-barguil-2eme-du-grand-prix-gilbert-bousquet\/"},"author":{"name":"Jean-Christophe","@id":"https:\/\/www.aclanester56.com\/velo\/#\/schema\/person\/ca2a44a5fd969e9dd846c72d3b33bc01"},"headline":"Warren BARGUIL 2\u00e8me du Grand Prix Gilbert BOUSQUET !","datePublished":"2011-03-26T18:05:41+00:00","dateModified":"2011-03-27T19:46:31+00:00","mainEntityOfPage":{"@id":"https:\/\/www.aclanester56.com\/velo\/warren-barguil-2eme-du-grand-prix-gilbert-bousquet\/"},"wordCount":556,"commentCount":0,"publisher":{"@id":"https:\/\/www.aclanester56.com\/velo\/#organization"},"image":{"@id":"https:\/\/www.aclanester56.com\/velo\/warren-barguil-2eme-du-grand-prix-gilbert-bousquet\/#primaryimage"},"thumbnailUrl":"https:\/\/www.aclanester56.com\/velo\/wp-content\/uploads\/2011\/03\/Bousquet.jpg","articleSection":["AC LANESTER 56","Actualit\u00e9s DN","R\u00e9sultats DN"],"inLanguage":"fr-FR","potentialAction":[{"@type":"CommentAction","name":"Comment","target":["https:\/\/www.aclanester56.com\/velo\/warren-barguil-2eme-du-grand-prix-gilbert-bousquet\/#respond"]}]},{"@type":"WebPage","@id":"https:\/\/www.aclanester56.com\/velo\/warren-barguil-2eme-du-grand-prix-gilbert-bousquet\/","url":"https:\/\/www.aclanester56.com\/velo\/warren-barguil-2eme-du-grand-prix-gilbert-bousquet\/","name":"Warren BARGUIL 2\u00e8me du Grand Prix Gilbert BOUSQUET ! - Avenir Cycliste Lanester 56","isPartOf":{"@id":"https:\/\/www.aclanester56.com\/velo\/#website"},"primaryImageOfPage":{"@id":"https:\/\/www.aclanester56.com\/velo\/warren-barguil-2eme-du-grand-prix-gilbert-bousquet\/#primaryimage"},"image":{"@id":"https:\/\/www.aclanester56.com\/velo\/warren-barguil-2eme-du-grand-prix-gilbert-bousquet\/#primaryimage"},"thumbnailUrl":"https:\/\/www.aclanester56.com\/velo\/wp-content\/uploads\/2011\/03\/Bousquet.jpg","datePublished":"2011-03-26T18:05:41+00:00","dateModified":"2011-03-27T19:46:31+00:00","inLanguage":"fr-FR","potentialAction":[{"@type":"ReadAction","target":["https:\/\/www.aclanester56.com\/velo\/warren-barguil-2eme-du-grand-prix-gilbert-bousquet\/"]}]},{"@type":"ImageObject","inLanguage":"fr-FR","@id":"https:\/\/www.aclanester56.com\/velo\/warren-barguil-2eme-du-grand-prix-gilbert-bousquet\/#primaryimage","url":"https:\/\/www.aclanester56.com\/velo\/wp-content\/uploads\/2011\/03\/Bousquet.jpg","contentUrl":"https:\/\/www.aclanester56.com\/velo\/wp-content\/uploads\/2011\/03\/Bousquet.jpg","width":600,"height":490,"caption":"Le Lanest\u00e9rien Warren BARGUIL prend une superbe 2\u00e8me place du tr\u00e8s difficile Grand Prix Gilbert Bousquet \u00e0 Landivisiau (photo www.bretagne-cyclisme.com)"},{"@type":"WebSite","@id":"https:\/\/www.aclanester56.com\/velo\/#website","url":"https:\/\/www.aclanester56.com\/velo\/","name":"Avenir Cycliste Lanester 56","description":"Club cycliste de l&#039;AC LANESTER 56","publisher":{"@id":"https:\/\/www.aclanester56.com\/velo\/#organization"},"potentialAction":[{"@type":"SearchAction","target":{"@type":"EntryPoint","urlTemplate":"https:\/\/www.aclanester56.com\/velo\/?s={search_term_string}"},"query-input":{"@type":"PropertyValueSpecification","valueRequired":true,"valueName":"search_term_string"}}],"inLanguage":"fr-FR"},{"@type":"Organization","@id":"https:\/\/www.aclanester56.com\/velo\/#organization","name":"Avenir Cycliste Lanester 56","url":"https:\/\/www.aclanester56.com\/velo\/","logo":{"@type":"ImageObject","inLanguage":"fr-FR","@id":"https:\/\/www.aclanester56.com\/velo\/#\/schema\/logo\/image\/","url":"https:\/\/www.aclanester56.com\/velo\/wp-content\/uploads\/2013\/04\/logo-ACL.jpg","contentUrl":"https:\/\/www.aclanester56.com\/velo\/wp-content\/uploads\/2013\/04\/logo-ACL.jpg","width":400,"height":334,"caption":"Avenir Cycliste Lanester 56"},"image":{"@id":"https:\/\/www.aclanester56.com\/velo\/#\/schema\/logo\/image\/"},"sameAs":["https:\/\/www.facebook.com\/pages\/AC-Lanester-56\/190286300991242?fref=ts"]},{"@type":"Person","@id":"https:\/\/www.aclanester56.com\/velo\/#\/schema\/person\/ca2a44a5fd969e9dd846c72d3b33bc01","name":"Jean-Christophe","url":"https:\/\/www.aclanester56.com\/velo\/author\/jeanchristophe\/"}]}},"_links":{"self":[{"href":"https:\/\/www.aclanester56.com\/velo\/wp-json\/wp\/v2\/posts\/7764","targetHints":{"allow":["GET"]}}],"collection":[{"href":"https:\/\/www.aclanester56.com\/velo\/wp-json\/wp\/v2\/posts"}],"about":[{"href":"https:\/\/www.aclanester56.com\/velo\/wp-json\/wp\/v2\/types\/post"}],"author":[{"embeddable":true,"href":"https:\/\/www.aclanester56.com\/velo\/wp-json\/wp\/v2\/users\/14"}],"replies":[{"embeddable":true,"href":"https:\/\/www.aclanester56.com\/velo\/wp-json\/wp\/v2\/comments?post=7764"}],"version-history":[{"count":0,"href":"https:\/\/www.aclanester56.com\/velo\/wp-json\/wp\/v2\/posts\/7764\/revisions"}],"wp:featuredmedia":[{"embeddable":true,"href":"https:\/\/www.aclanester56.com\/velo\/wp-json\/wp\/v2\/media\/7765"}],"wp:attachment":[{"href":"https:\/\/www.aclanester56.com\/velo\/wp-json\/wp\/v2\/media?parent=7764"}],"wp:term":[{"taxonomy":"category","embeddable":true,"href":"https:\/\/www.aclanester56.com\/velo\/wp-json\/wp\/v2\/categories?post=7764"},{"taxonomy":"post_tag","embeddable":true,"href":"https:\/\/www.aclanester56.com\/velo\/wp-json\/wp\/v2\/tags?post=7764"}],"curies":[{"name":"wp","href":"https:\/\/api.w.org\/{rel}","templated":true}]}}