{"id":7872,"date":"2011-03-30T20:45:49","date_gmt":"2011-03-30T19:45:49","guid":{"rendered":"http:\/\/www.aclanester56.com\/velo\/?p=7872"},"modified":"2011-04-03T09:34:52","modified_gmt":"2011-04-03T08:34:52","slug":"grand-prix-super-u-warren-barguil-lemporte","status":"publish","type":"post","link":"https:\/\/www.aclanester56.com\/velo\/grand-prix-super-u-warren-barguil-lemporte\/","title":{"rendered":"Grand Prix Super U : Warren BARGUIL l&#8217;emporte !"},"content":{"rendered":"<div id=\"attachment_7873\" style=\"width: 310px\" class=\"wp-caption alignleft\"><a href=\"http:\/\/www.aclanester56.com\/velo\/2011\/03\/30\/grand-prix-super-u-warren-barguil-lemporte\/grand-prix-super-u-2\/\" rel=\"attachment wp-att-7873\"><img loading=\"lazy\" decoding=\"async\" aria-describedby=\"caption-attachment-7873\" src=\"http:\/\/www.aclanester56.com\/velo\/wp-content\/uploads\/2011\/03\/Grand-Prix-Super-U-2-300x199.jpg\" alt=\"\" title=\"Toujours pr\u00e9sent depuis l&#039;ouverture de la saison, le Lanest\u00e9rien Warren BARGUIL a remport\u00e9 aujourd&#039;hui un succ\u00e8s d&#039;envergure sur le Grand Prix Super U (photo Philippe LE COCQ)\" width=\"300\" height=\"199\" class=\"size-medium wp-image-7873\" srcset=\"https:\/\/www.aclanester56.com\/velo\/wp-content\/uploads\/2011\/03\/Grand-Prix-Super-U-2-300x199.jpg 300w, https:\/\/www.aclanester56.com\/velo\/wp-content\/uploads\/2011\/03\/Grand-Prix-Super-U-2-450x300.jpg 450w, https:\/\/www.aclanester56.com\/velo\/wp-content\/uploads\/2011\/03\/Grand-Prix-Super-U-2.jpg 640w\" sizes=\"auto, (max-width: 300px) 100vw, 300px\" \/><\/a><p id=\"caption-attachment-7873\" class=\"wp-caption-text\">Toujours pr\u00e9sent depuis l&#039;ouverture de la saison, le Lanest\u00e9rien Warren BARGUIL a remport\u00e9 aujourd&#039;hui un succ\u00e8s d&#039;envergure sur le Grand Prix Super U (photo Philippe LE COCQ)<\/p><\/div>\n<p style=\"text-align: justify;\">Il est incontestablement le coureur du d\u00e9but de cette saison 2011 en Bretagne. Pr\u00e9sent dans les \u00e9chapp\u00e9es sur toutes les courses \u00e9lites auxquelles il a particip\u00e9 et class\u00e9 \u00e0 chaque fois, le talentueux coureur de l&rsquo;AC LANESTER 56 Warren BARGUIL tournait autour de la victoire, sans r\u00e9ussir toutefois \u00e0 mettre la balle au fond. Aujourd&rsquo;hui sur le Grand Prix Super U, dont le final s&rsquo;est d\u00e9roul\u00e9 sous une pluie battante, il remporte un succ\u00e8s de prestige, qui devrait certainement en appeler d&rsquo;autres.<\/p>\n<p><!--more--><\/p>\n<p style=\"text-align: justify;\">&nbsp;<\/p>\n<p style=\"text-align: justify;\">A l&rsquo;issue des 144.6 Km de course disput\u00e9e entre Plancoet et Tr\u00e9gastel dans des conditions difficiles, le Lanest\u00e9rien Warren BARGUIL s&rsquo;est montr\u00e9 plus rapide que ses trois derniers compagnons d&rsquo;une \u00e9chapp\u00e9e form\u00e9e \u00e0 une trentaine de kilom\u00e8tres de l&rsquo;arriv\u00e9e. Il s&rsquo;impose devant le Nantais CLOAREC et le N\u00e9o-Z\u00e9landais COOPER. Warren termine \u00e9galement meilleur grimpeur de l&rsquo;\u00e9preuve, en ayant pass\u00e9 en t\u00eate de toutes les c\u00f4tes r\u00e9pertori\u00e9es pour le classement de meilleur grimpeur.<\/p>\n<div id=\"attachment_7876\" style=\"width: 330px\" class=\"wp-caption alignright\"><a href=\"http:\/\/www.aclanester56.com\/velo\/wp-content\/uploads\/2011\/03\/Grand-Prix-Super-U-Podium.jpg\" ><img loading=\"lazy\" decoding=\"async\" aria-describedby=\"caption-attachment-7876\" src=\"http:\/\/www.aclanester56.com\/velo\/wp-content\/uploads\/2011\/03\/Grand-Prix-Super-U-Podium.jpg\" alt=\"\" title=\"Heureux ! Warren ne boudait pas son plaisir sur le podium \u00e0 Tr\u00e9gastel ! (photo Philippe LE COCQ)\" width=\"320\" height=\"212\" class=\"size-full wp-image-7876\" srcset=\"https:\/\/www.aclanester56.com\/velo\/wp-content\/uploads\/2011\/03\/Grand-Prix-Super-U-Podium.jpg 640w, https:\/\/www.aclanester56.com\/velo\/wp-content\/uploads\/2011\/03\/Grand-Prix-Super-U-Podium-300x199.jpg 300w, https:\/\/www.aclanester56.com\/velo\/wp-content\/uploads\/2011\/03\/Grand-Prix-Super-U-Podium-451x300.jpg 451w\" sizes=\"auto, (max-width: 320px) 100vw, 320px\" \/><\/a><p id=\"caption-attachment-7876\" class=\"wp-caption-text\">Heureux ! Warren ne boudait pas son plaisir sur le podium \u00e0 Tr\u00e9gastel ! (photo Philippe LE COCQ)<\/p><\/div>\n<p style=\"text-align: justify;\">Le capitaine de route Yann RAULT, vainqueur dimanche de la derni\u00e8re \u00e9tape de la Fl\u00e8che d&rsquo;Armor, termine \u00e0 une belle 11\u00e8me place, Ludovic POILVET pointant en 28\u00e8me position.<\/p>\n<p><span style=\"text-decoration: underline;\"><strong>Classement :<\/strong><\/span><\/p>\n<p><span style=\"background-color: #ff6600;\">1 BARGUIL Warren AC LANESTER 56 <\/span><br \/>\n 2 CLOAREC MATHIEU UC NANTES ATLANTIQUE\u00a0<br \/>\n 3 COOPER Joseph COTES D`ARMOR CYCL.\u00a0<br \/>\n 4 PECHEUL Baptiste SOJASUN ESPOIR ACNC\u00a0<br \/>\n 5 LE MONTAGNER MAXIME POLE ESPOIRS ST BRIEUC\u00a0<br \/>\n 6 BIHEL C\u00e9sar COTES D`ARMOR CYCL.\u00a0<br \/>\n 7 LOUYEST Guillaume SOJASUN ESPOIR ACNC\u00a0<br \/>\n 8 CHOPIN DAVID HENNEBONT CYCLISME<br \/>\n 9 LEBRETON M\u00e9ven GUIDON CHALETTOIS\u00a0<br \/>\n 10 GOUEDARD Simon VC PAYS DE LORIENT\u00a0<br \/>\n <span style=\"background-color: #ff6600;\">11 RAULT Yann AC LANESTER 56 <\/span><br \/>\n <span style=\"background-color: #ff6600;\">28 POILVET Ludovic AC LANESTER 56<\/span><\/p>\n<p>&nbsp;<\/p>\n","protected":false},"excerpt":{"rendered":"<p>Il est incontestablement le coureur du d\u00e9but de cette saison 2011 en Bretagne. Pr\u00e9sent dans les \u00e9chapp\u00e9es sur toutes les [&hellip;]<\/p>\n","protected":false},"author":14,"featured_media":7888,"comment_status":"open","ping_status":"closed","sticky":false,"template":"","format":"standard","meta":{"ngg_post_thumbnail":0,"footnotes":""},"categories":[5,14,17],"tags":[],"class_list":["post-7872","post","type-post","status-publish","format-standard","has-post-thumbnail","hentry","category-ac-lanester-56","category-actualites-dn","category-resultats-dn"],"yoast_head":"<!-- This site is optimized with the Yoast SEO plugin v27.5 - https:\/\/yoast.com\/product\/yoast-seo-wordpress\/ -->\n<title>Grand Prix Super U : Warren BARGUIL l&#039;emporte ! - Avenir Cycliste Lanester 56<\/title>\n<meta name=\"robots\" content=\"index, follow, max-snippet:-1, max-image-preview:large, max-video-preview:-1\" \/>\n<link rel=\"canonical\" href=\"https:\/\/www.aclanester56.com\/velo\/grand-prix-super-u-warren-barguil-lemporte\/\" \/>\n<meta property=\"og:locale\" content=\"fr_FR\" \/>\n<meta property=\"og:type\" content=\"article\" \/>\n<meta property=\"og:title\" content=\"Grand Prix Super U : Warren BARGUIL l&#039;emporte ! - Avenir Cycliste Lanester 56\" \/>\n<meta property=\"og:description\" content=\"Il est incontestablement le coureur du d\u00e9but de cette saison 2011 en Bretagne. Pr\u00e9sent dans les \u00e9chapp\u00e9es sur toutes les [&hellip;]\" \/>\n<meta property=\"og:url\" content=\"https:\/\/www.aclanester56.com\/velo\/grand-prix-super-u-warren-barguil-lemporte\/\" \/>\n<meta property=\"og:site_name\" content=\"Avenir Cycliste Lanester 56\" \/>\n<meta property=\"article:publisher\" content=\"https:\/\/www.facebook.com\/pages\/AC-Lanester-56\/190286300991242?fref=ts\" \/>\n<meta property=\"article:published_time\" content=\"2011-03-30T19:45:49+00:00\" \/>\n<meta property=\"article:modified_time\" content=\"2011-04-03T08:34:52+00:00\" \/>\n<meta property=\"og:image\" content=\"https:\/\/www.aclanester56.com\/velo\/wp-content\/uploads\/2011\/03\/Grand-Prix-Super-U-2-Copie.jpg\" \/>\n\t<meta property=\"og:image:width\" content=\"651\" \/>\n\t<meta property=\"og:image:height\" content=\"303\" \/>\n\t<meta property=\"og:image:type\" content=\"image\/jpeg\" \/>\n<meta name=\"author\" content=\"Jean-Christophe\" \/>\n<meta name=\"twitter:label1\" content=\"\u00c9crit par\" \/>\n\t<meta name=\"twitter:data1\" content=\"Jean-Christophe\" \/>\n\t<meta name=\"twitter:label2\" content=\"Dur\u00e9e de lecture estim\u00e9e\" \/>\n\t<meta name=\"twitter:data2\" content=\"2 minutes\" \/>\n<script type=\"application\/ld+json\" class=\"yoast-schema-graph\">{\"@context\":\"https:\\\/\\\/schema.org\",\"@graph\":[{\"@type\":\"Article\",\"@id\":\"https:\\\/\\\/www.aclanester56.com\\\/velo\\\/grand-prix-super-u-warren-barguil-lemporte\\\/#article\",\"isPartOf\":{\"@id\":\"https:\\\/\\\/www.aclanester56.com\\\/velo\\\/grand-prix-super-u-warren-barguil-lemporte\\\/\"},\"author\":{\"name\":\"Jean-Christophe\",\"@id\":\"https:\\\/\\\/www.aclanester56.com\\\/velo\\\/#\\\/schema\\\/person\\\/ca2a44a5fd969e9dd846c72d3b33bc01\"},\"headline\":\"Grand Prix Super U : Warren BARGUIL l&#8217;emporte !\",\"datePublished\":\"2011-03-30T19:45:49+00:00\",\"dateModified\":\"2011-04-03T08:34:52+00:00\",\"mainEntityOfPage\":{\"@id\":\"https:\\\/\\\/www.aclanester56.com\\\/velo\\\/grand-prix-super-u-warren-barguil-lemporte\\\/\"},\"wordCount\":334,\"commentCount\":2,\"publisher\":{\"@id\":\"https:\\\/\\\/www.aclanester56.com\\\/velo\\\/#organization\"},\"image\":{\"@id\":\"https:\\\/\\\/www.aclanester56.com\\\/velo\\\/grand-prix-super-u-warren-barguil-lemporte\\\/#primaryimage\"},\"thumbnailUrl\":\"https:\\\/\\\/www.aclanester56.com\\\/velo\\\/wp-content\\\/uploads\\\/2011\\\/03\\\/Grand-Prix-Super-U-2-Copie.jpg\",\"articleSection\":[\"AC LANESTER 56\",\"Actualit\u00e9s DN\",\"R\u00e9sultats DN\"],\"inLanguage\":\"fr-FR\",\"potentialAction\":[{\"@type\":\"CommentAction\",\"name\":\"Comment\",\"target\":[\"https:\\\/\\\/www.aclanester56.com\\\/velo\\\/grand-prix-super-u-warren-barguil-lemporte\\\/#respond\"]}]},{\"@type\":\"WebPage\",\"@id\":\"https:\\\/\\\/www.aclanester56.com\\\/velo\\\/grand-prix-super-u-warren-barguil-lemporte\\\/\",\"url\":\"https:\\\/\\\/www.aclanester56.com\\\/velo\\\/grand-prix-super-u-warren-barguil-lemporte\\\/\",\"name\":\"Grand Prix Super U : Warren BARGUIL l'emporte ! - Avenir Cycliste Lanester 56\",\"isPartOf\":{\"@id\":\"https:\\\/\\\/www.aclanester56.com\\\/velo\\\/#website\"},\"primaryImageOfPage\":{\"@id\":\"https:\\\/\\\/www.aclanester56.com\\\/velo\\\/grand-prix-super-u-warren-barguil-lemporte\\\/#primaryimage\"},\"image\":{\"@id\":\"https:\\\/\\\/www.aclanester56.com\\\/velo\\\/grand-prix-super-u-warren-barguil-lemporte\\\/#primaryimage\"},\"thumbnailUrl\":\"https:\\\/\\\/www.aclanester56.com\\\/velo\\\/wp-content\\\/uploads\\\/2011\\\/03\\\/Grand-Prix-Super-U-2-Copie.jpg\",\"datePublished\":\"2011-03-30T19:45:49+00:00\",\"dateModified\":\"2011-04-03T08:34:52+00:00\",\"inLanguage\":\"fr-FR\",\"potentialAction\":[{\"@type\":\"ReadAction\",\"target\":[\"https:\\\/\\\/www.aclanester56.com\\\/velo\\\/grand-prix-super-u-warren-barguil-lemporte\\\/\"]}]},{\"@type\":\"ImageObject\",\"inLanguage\":\"fr-FR\",\"@id\":\"https:\\\/\\\/www.aclanester56.com\\\/velo\\\/grand-prix-super-u-warren-barguil-lemporte\\\/#primaryimage\",\"url\":\"https:\\\/\\\/www.aclanester56.com\\\/velo\\\/wp-content\\\/uploads\\\/2011\\\/03\\\/Grand-Prix-Super-U-2-Copie.jpg\",\"contentUrl\":\"https:\\\/\\\/www.aclanester56.com\\\/velo\\\/wp-content\\\/uploads\\\/2011\\\/03\\\/Grand-Prix-Super-U-2-Copie.jpg\",\"width\":651,\"height\":303,\"caption\":\"Toujours pr\u00e9sent depuis l'ouverture de la saison, le Lanest\u00e9rien Warren BARGUIL a remport\u00e9 aujourd'hui un succ\u00e8s d'envergure sur le Grand Prix Super U (photo Philippe LE COCQ)\"},{\"@type\":\"WebSite\",\"@id\":\"https:\\\/\\\/www.aclanester56.com\\\/velo\\\/#website\",\"url\":\"https:\\\/\\\/www.aclanester56.com\\\/velo\\\/\",\"name\":\"Avenir Cycliste Lanester 56\",\"description\":\"Club cycliste de l&#039;AC LANESTER 56\",\"publisher\":{\"@id\":\"https:\\\/\\\/www.aclanester56.com\\\/velo\\\/#organization\"},\"potentialAction\":[{\"@type\":\"SearchAction\",\"target\":{\"@type\":\"EntryPoint\",\"urlTemplate\":\"https:\\\/\\\/www.aclanester56.com\\\/velo\\\/?s={search_term_string}\"},\"query-input\":{\"@type\":\"PropertyValueSpecification\",\"valueRequired\":true,\"valueName\":\"search_term_string\"}}],\"inLanguage\":\"fr-FR\"},{\"@type\":\"Organization\",\"@id\":\"https:\\\/\\\/www.aclanester56.com\\\/velo\\\/#organization\",\"name\":\"Avenir Cycliste Lanester 56\",\"url\":\"https:\\\/\\\/www.aclanester56.com\\\/velo\\\/\",\"logo\":{\"@type\":\"ImageObject\",\"inLanguage\":\"fr-FR\",\"@id\":\"https:\\\/\\\/www.aclanester56.com\\\/velo\\\/#\\\/schema\\\/logo\\\/image\\\/\",\"url\":\"https:\\\/\\\/www.aclanester56.com\\\/velo\\\/wp-content\\\/uploads\\\/2013\\\/04\\\/logo-ACL.jpg\",\"contentUrl\":\"https:\\\/\\\/www.aclanester56.com\\\/velo\\\/wp-content\\\/uploads\\\/2013\\\/04\\\/logo-ACL.jpg\",\"width\":400,\"height\":334,\"caption\":\"Avenir Cycliste Lanester 56\"},\"image\":{\"@id\":\"https:\\\/\\\/www.aclanester56.com\\\/velo\\\/#\\\/schema\\\/logo\\\/image\\\/\"},\"sameAs\":[\"https:\\\/\\\/www.facebook.com\\\/pages\\\/AC-Lanester-56\\\/190286300991242?fref=ts\"]},{\"@type\":\"Person\",\"@id\":\"https:\\\/\\\/www.aclanester56.com\\\/velo\\\/#\\\/schema\\\/person\\\/ca2a44a5fd969e9dd846c72d3b33bc01\",\"name\":\"Jean-Christophe\",\"url\":\"https:\\\/\\\/www.aclanester56.com\\\/velo\\\/author\\\/jeanchristophe\\\/\"}]}<\/script>\n<!-- \/ Yoast SEO plugin. -->","yoast_head_json":{"title":"Grand Prix Super U : Warren BARGUIL l'emporte ! - Avenir Cycliste Lanester 56","robots":{"index":"index","follow":"follow","max-snippet":"max-snippet:-1","max-image-preview":"max-image-preview:large","max-video-preview":"max-video-preview:-1"},"canonical":"https:\/\/www.aclanester56.com\/velo\/grand-prix-super-u-warren-barguil-lemporte\/","og_locale":"fr_FR","og_type":"article","og_title":"Grand Prix Super U : Warren BARGUIL l'emporte ! - Avenir Cycliste Lanester 56","og_description":"Il est incontestablement le coureur du d\u00e9but de cette saison 2011 en Bretagne. Pr\u00e9sent dans les \u00e9chapp\u00e9es sur toutes les [&hellip;]","og_url":"https:\/\/www.aclanester56.com\/velo\/grand-prix-super-u-warren-barguil-lemporte\/","og_site_name":"Avenir Cycliste Lanester 56","article_publisher":"https:\/\/www.facebook.com\/pages\/AC-Lanester-56\/190286300991242?fref=ts","article_published_time":"2011-03-30T19:45:49+00:00","article_modified_time":"2011-04-03T08:34:52+00:00","og_image":[{"width":651,"height":303,"url":"https:\/\/www.aclanester56.com\/velo\/wp-content\/uploads\/2011\/03\/Grand-Prix-Super-U-2-Copie.jpg","type":"image\/jpeg"}],"author":"Jean-Christophe","twitter_misc":{"\u00c9crit par":"Jean-Christophe","Dur\u00e9e de lecture estim\u00e9e":"2 minutes"},"schema":{"@context":"https:\/\/schema.org","@graph":[{"@type":"Article","@id":"https:\/\/www.aclanester56.com\/velo\/grand-prix-super-u-warren-barguil-lemporte\/#article","isPartOf":{"@id":"https:\/\/www.aclanester56.com\/velo\/grand-prix-super-u-warren-barguil-lemporte\/"},"author":{"name":"Jean-Christophe","@id":"https:\/\/www.aclanester56.com\/velo\/#\/schema\/person\/ca2a44a5fd969e9dd846c72d3b33bc01"},"headline":"Grand Prix Super U : Warren BARGUIL l&#8217;emporte !","datePublished":"2011-03-30T19:45:49+00:00","dateModified":"2011-04-03T08:34:52+00:00","mainEntityOfPage":{"@id":"https:\/\/www.aclanester56.com\/velo\/grand-prix-super-u-warren-barguil-lemporte\/"},"wordCount":334,"commentCount":2,"publisher":{"@id":"https:\/\/www.aclanester56.com\/velo\/#organization"},"image":{"@id":"https:\/\/www.aclanester56.com\/velo\/grand-prix-super-u-warren-barguil-lemporte\/#primaryimage"},"thumbnailUrl":"https:\/\/www.aclanester56.com\/velo\/wp-content\/uploads\/2011\/03\/Grand-Prix-Super-U-2-Copie.jpg","articleSection":["AC LANESTER 56","Actualit\u00e9s DN","R\u00e9sultats DN"],"inLanguage":"fr-FR","potentialAction":[{"@type":"CommentAction","name":"Comment","target":["https:\/\/www.aclanester56.com\/velo\/grand-prix-super-u-warren-barguil-lemporte\/#respond"]}]},{"@type":"WebPage","@id":"https:\/\/www.aclanester56.com\/velo\/grand-prix-super-u-warren-barguil-lemporte\/","url":"https:\/\/www.aclanester56.com\/velo\/grand-prix-super-u-warren-barguil-lemporte\/","name":"Grand Prix Super U : Warren BARGUIL l'emporte ! - Avenir Cycliste Lanester 56","isPartOf":{"@id":"https:\/\/www.aclanester56.com\/velo\/#website"},"primaryImageOfPage":{"@id":"https:\/\/www.aclanester56.com\/velo\/grand-prix-super-u-warren-barguil-lemporte\/#primaryimage"},"image":{"@id":"https:\/\/www.aclanester56.com\/velo\/grand-prix-super-u-warren-barguil-lemporte\/#primaryimage"},"thumbnailUrl":"https:\/\/www.aclanester56.com\/velo\/wp-content\/uploads\/2011\/03\/Grand-Prix-Super-U-2-Copie.jpg","datePublished":"2011-03-30T19:45:49+00:00","dateModified":"2011-04-03T08:34:52+00:00","inLanguage":"fr-FR","potentialAction":[{"@type":"ReadAction","target":["https:\/\/www.aclanester56.com\/velo\/grand-prix-super-u-warren-barguil-lemporte\/"]}]},{"@type":"ImageObject","inLanguage":"fr-FR","@id":"https:\/\/www.aclanester56.com\/velo\/grand-prix-super-u-warren-barguil-lemporte\/#primaryimage","url":"https:\/\/www.aclanester56.com\/velo\/wp-content\/uploads\/2011\/03\/Grand-Prix-Super-U-2-Copie.jpg","contentUrl":"https:\/\/www.aclanester56.com\/velo\/wp-content\/uploads\/2011\/03\/Grand-Prix-Super-U-2-Copie.jpg","width":651,"height":303,"caption":"Toujours pr\u00e9sent depuis l'ouverture de la saison, le Lanest\u00e9rien Warren BARGUIL a remport\u00e9 aujourd'hui un succ\u00e8s d'envergure sur le Grand Prix Super U (photo Philippe LE COCQ)"},{"@type":"WebSite","@id":"https:\/\/www.aclanester56.com\/velo\/#website","url":"https:\/\/www.aclanester56.com\/velo\/","name":"Avenir Cycliste Lanester 56","description":"Club cycliste de l&#039;AC LANESTER 56","publisher":{"@id":"https:\/\/www.aclanester56.com\/velo\/#organization"},"potentialAction":[{"@type":"SearchAction","target":{"@type":"EntryPoint","urlTemplate":"https:\/\/www.aclanester56.com\/velo\/?s={search_term_string}"},"query-input":{"@type":"PropertyValueSpecification","valueRequired":true,"valueName":"search_term_string"}}],"inLanguage":"fr-FR"},{"@type":"Organization","@id":"https:\/\/www.aclanester56.com\/velo\/#organization","name":"Avenir Cycliste Lanester 56","url":"https:\/\/www.aclanester56.com\/velo\/","logo":{"@type":"ImageObject","inLanguage":"fr-FR","@id":"https:\/\/www.aclanester56.com\/velo\/#\/schema\/logo\/image\/","url":"https:\/\/www.aclanester56.com\/velo\/wp-content\/uploads\/2013\/04\/logo-ACL.jpg","contentUrl":"https:\/\/www.aclanester56.com\/velo\/wp-content\/uploads\/2013\/04\/logo-ACL.jpg","width":400,"height":334,"caption":"Avenir Cycliste Lanester 56"},"image":{"@id":"https:\/\/www.aclanester56.com\/velo\/#\/schema\/logo\/image\/"},"sameAs":["https:\/\/www.facebook.com\/pages\/AC-Lanester-56\/190286300991242?fref=ts"]},{"@type":"Person","@id":"https:\/\/www.aclanester56.com\/velo\/#\/schema\/person\/ca2a44a5fd969e9dd846c72d3b33bc01","name":"Jean-Christophe","url":"https:\/\/www.aclanester56.com\/velo\/author\/jeanchristophe\/"}]}},"_links":{"self":[{"href":"https:\/\/www.aclanester56.com\/velo\/wp-json\/wp\/v2\/posts\/7872","targetHints":{"allow":["GET"]}}],"collection":[{"href":"https:\/\/www.aclanester56.com\/velo\/wp-json\/wp\/v2\/posts"}],"about":[{"href":"https:\/\/www.aclanester56.com\/velo\/wp-json\/wp\/v2\/types\/post"}],"author":[{"embeddable":true,"href":"https:\/\/www.aclanester56.com\/velo\/wp-json\/wp\/v2\/users\/14"}],"replies":[{"embeddable":true,"href":"https:\/\/www.aclanester56.com\/velo\/wp-json\/wp\/v2\/comments?post=7872"}],"version-history":[{"count":0,"href":"https:\/\/www.aclanester56.com\/velo\/wp-json\/wp\/v2\/posts\/7872\/revisions"}],"wp:featuredmedia":[{"embeddable":true,"href":"https:\/\/www.aclanester56.com\/velo\/wp-json\/wp\/v2\/media\/7888"}],"wp:attachment":[{"href":"https:\/\/www.aclanester56.com\/velo\/wp-json\/wp\/v2\/media?parent=7872"}],"wp:term":[{"taxonomy":"category","embeddable":true,"href":"https:\/\/www.aclanester56.com\/velo\/wp-json\/wp\/v2\/categories?post=7872"},{"taxonomy":"post_tag","embeddable":true,"href":"https:\/\/www.aclanester56.com\/velo\/wp-json\/wp\/v2\/tags?post=7872"}],"curies":[{"name":"wp","href":"https:\/\/api.w.org\/{rel}","templated":true}]}}