{"id":7965,"date":"2011-04-05T19:19:59","date_gmt":"2011-04-05T18:19:59","guid":{"rendered":"http:\/\/www.aclanester56.com\/velo\/?p=7965"},"modified":"2011-04-07T17:41:42","modified_gmt":"2011-04-07T16:41:42","slug":"resultats-du-week-end-de-nombreux-podiums-du-cote-des-lanesteriens","status":"publish","type":"post","link":"https:\/\/www.aclanester56.com\/velo\/resultats-du-week-end-de-nombreux-podiums-du-cote-des-lanesteriens\/","title":{"rendered":"R\u00e9sultats du week-end : de nombreux podiums du c\u00f4t\u00e9 des Lanest\u00e9riens !"},"content":{"rendered":"<div id=\"attachment_7967\" style=\"width: 370px\" class=\"wp-caption alignleft\"><a href=\"http:\/\/www.aclanester56.com\/velo\/wp-content\/uploads\/2011\/04\/peloton-2.jpg\"><img loading=\"lazy\" decoding=\"async\" aria-describedby=\"caption-attachment-7967\" class=\"size-full wp-image-7967\" title=\"Les Lanest\u00e9riens Jean-Victor PICARD, Thibaut SEVENO et Nicolas PRIMAS \u00e9taient au d\u00e9part de l'\u00e9preuve de Languidic dimanche dernier ! (photo Camille NICOL)\" src=\"http:\/\/www.aclanester56.com\/velo\/wp-content\/uploads\/2011\/04\/peloton-2.jpg\" alt=\"\" width=\"360\" height=\"231\" srcset=\"https:\/\/www.aclanester56.com\/velo\/wp-content\/uploads\/2011\/04\/peloton-2.jpg 720w, https:\/\/www.aclanester56.com\/velo\/wp-content\/uploads\/2011\/04\/peloton-2-300x192.jpg 300w, https:\/\/www.aclanester56.com\/velo\/wp-content\/uploads\/2011\/04\/peloton-2-466x300.jpg 466w\" sizes=\"auto, (max-width: 360px) 100vw, 360px\" \/><\/a><p id=\"caption-attachment-7967\" class=\"wp-caption-text\">Les Lanest\u00e9riens Jean-Victor PICARD, Thibaut SEVENO et Nicolas PRIMAS \u00e9taient au d\u00e9part de l&#39;\u00e9preuve de Languidic dimanche dernier ! (photo Camille NICOL)<\/p><\/div>\n<p style=\"text-align: justify;\">En plus des excellents r\u00e9sultats r\u00e9alis\u00e9s sur le Tour du Pays de Lesneven, les coureurs de l&rsquo;AC LANESTER 56 ont enregistr\u00e9 de bons r\u00e9sultats le week-end dernier ! Ludovic POILVET et Matthieu GAULTIER terminent 3\u00e8me respectivement \u00e0 Pontivy et \u00e0 Quintin. Les cadets Pierre HOLE et Nicolas PRIMAS sont \u00e9galement tous les deux mont\u00e9s sur le podium \u00e0 Languidic, au m\u00eame titre que Yann SOKOL et Brendan LE CAM \u00e0 Colpo ! Sous les couleurs du Comit\u00e9 du Morbihan, Melvyn LE HEN participait \u00e0 l&rsquo;interr\u00e9gions cadets \u00e0 Pontivy.<\/p>\n<p><!--more--><\/p>\n<p>&nbsp;<\/p>\n<p>&nbsp;<\/p>\n<p>&nbsp;<\/p>\n<p>&nbsp;<\/p>\n<p><span style=\"color: #ff6600;\"><strong>***********\u00a0\u00a0 \u00a0 Pontivy \u00a0 \u00a0 ***********<\/strong><\/span><\/p>\n<p><span style=\"text-decoration: underline;\"><strong>Classement de Pontivy (1\u00e8re, 2\u00e8me,3\u00e8me Cat\/ PC Open\/Jun)<\/strong><\/span> :<br \/>\n 1 Luc Tellier (US Saint-Herblain)<br \/>\n 2 Piotr Zielinski (VCP Lorient)<br \/>\n <span style=\"background-color: #ff6600;\">3 Ludovic Poilvet (AC Lanester 56)<\/span><br \/>\n 4 Antoine Loreau (VCP Lorient)<br \/>\n 5 Stephan Ravaleu (UC Briochine)<br \/>\n 6 J\u00e9r\u00e9my Loric (Hennebont Cyclisme)<br \/>\n 7 Florian Hervo (UC Cholet 49)<br \/>\n 8 Lo\u00efc Tallot (VCP Lorient)<br \/>\n 9 Glenn Le Qu\u00e9au (Leuc\u00e9mie Espoir Quimper)<br \/>\n 10 David Leclaire (VCP Lorient)<\/p>\n<p><span style=\"text-decoration: underline;\"><strong>Classement de l&rsquo;Interr\u00e9gions cadets \u00e0 Pontivy (Cadets) :<\/strong><\/span><br \/>\n 1\tTERRASSON \tPierre\tComit\u00e9 d&rsquo;Indre-et-Loire\tcadet 2<br \/>\n 2\tLEPLINGARD \tAntoine\tComit\u00e9 de Vend\u00e9e\tcadet 2<br \/>\n 3\tGAUCHOT \tBastien\tComit\u00e9 Loire Atlantique\tcadet 2<br \/>\n 4\tPERONET\t Maximilien\tComit\u00e9 de L&rsquo;Eure-et-Loir\tcadet 2<br \/>\n 5\tLE CAROFF \tNicolas\tComit\u00e9 du Finist\u00e8re\tcadet 2<br \/>\n 6\tLAGREVE\tPierre\tComit\u00e9 d&rsquo;Ile et Vilaine\tcadet 1<br \/>\n 7\tTESSIER \tFlorian\tComit\u00e9 Loire Atlantique\tcadet 2<br \/>\n 8\tPAILLUSON \tJ\u00e9remy\tComit\u00e9 Loire Atlantique\tcadet 2<br \/>\n 9\tLAFFICHE\tQuentin\tComit\u00e9 d&rsquo;Ile et Vilaine\tcadet 2<br \/>\n 10\tABIVIEN \tJ\u00e9remy\tComit\u00e9 du Finist\u00e8re\tcadet 2<br \/>\n <span style=\"background-color: #ff6600;\">44\tLE HEN \tMelvyn\tComit\u00e9 du Morbihan\tcadet 2<\/span><\/p>\n<p><span style=\"color: #ff6600;\"><strong>***********\u00a0\u00a0 \u00a0 Quintin \u00a0 \u00a0 ***********<\/strong><\/span><\/p>\n<p><span style=\"text-decoration: underline;\"><strong>Classement de Quintin (2\u00e8me,3\u00e8me Cat\/ PC Open\/Jun) <\/strong><\/span>:<br \/>\n 1 OLLIVIER Enric (EC PLESTIN PAYS TREGOR)<br \/>\n 2 CONAN Julien (MAGIC ATTITUDE)<br \/>\n <span style=\"background-color: #ff6600;\">3 GAULTIER Mathieu (AC LANESTER 56)<\/span><br \/>\n 4 GESTIN Axel (COTES D\u2019ARMOR CYCLISME) <br \/>\n 5 FLOCH Benjamin (LANNION CYCLISME)<br \/>\n 6 LE BOURG Ronan (EC PLOUHA LANVOLLON)<br \/>\n 7 LE MARREC Frederic (UC BRIOCHINE)<br \/>\n 8 LE FOURN Tanguy (VC PLOUZANE) <br \/>\n 9\u00a0 GATE\u00a0 Jordane (HENNEBONT CYCLISME) <br \/>\n 10 ROUX Mathieu (VC PAYS DE GUINGAMP)<\/p>\n<div id=\"attachment_7972\" style=\"width: 370px\" class=\"wp-caption alignright\"><a href=\"http:\/\/www.aclanester56.com\/velo\/wp-content\/uploads\/2011\/04\/Mathieu-GUILLOUX-et-Thomas-LE-BOUCHER.jpg\"><img loading=\"lazy\" decoding=\"async\" aria-describedby=\"caption-attachment-7972\" class=\"size-full wp-image-7972\" title=\"Mathieu GUILLOUX et Thomas LE BOUCHER terminent roue dans roue sur la premi\u00e8re manche du Troph\u00e9e Job MORVAN \u00e0 Colpo (photo Bruno PERREL)\" src=\"http:\/\/www.aclanester56.com\/velo\/wp-content\/uploads\/2011\/04\/Mathieu-GUILLOUX-et-Thomas-LE-BOUCHER.jpg\" alt=\"\" width=\"360\" height=\"240\" srcset=\"https:\/\/www.aclanester56.com\/velo\/wp-content\/uploads\/2011\/04\/Mathieu-GUILLOUX-et-Thomas-LE-BOUCHER.jpg 720w, https:\/\/www.aclanester56.com\/velo\/wp-content\/uploads\/2011\/04\/Mathieu-GUILLOUX-et-Thomas-LE-BOUCHER-300x199.jpg 300w, https:\/\/www.aclanester56.com\/velo\/wp-content\/uploads\/2011\/04\/Mathieu-GUILLOUX-et-Thomas-LE-BOUCHER-450x300.jpg 450w\" sizes=\"auto, (max-width: 360px) 100vw, 360px\" \/><\/a><p id=\"caption-attachment-7972\" class=\"wp-caption-text\">Mathieu GUILLOUX et Thomas LE BOUCHER terminent roue dans roue sur la premi\u00e8re manche du Troph\u00e9e Job MORVAN \u00e0 Colpo (photo Bruno PERREL)<\/p><\/div>\n<p><span style=\"color: #ff6600;\"><strong>***********\u00a0\u00a0 \u00a0Colpo \u00a0 \u00a0***********<\/strong><\/span><\/p>\n<p><strong><span style=\"text-decoration: underline;\">Classement de Colpo (2\u00e8me,3\u00e8me Cat\/ PC Open\/Jun)<\/span><\/strong><span style=\"text-decoration: underline;\"> <\/span><span style=\"text-decoration: underline;\"><strong>&#8211; 52 coureurs class\u00e9s <\/strong>:<\/span><br \/>\n 1\u00a0HAYE\u00a0Baptiste\u00a0UCK DE VANNES <br \/>\n 2\u00a0\u00a0MADEC\u00a0Arnaud\u00a0UC  ALREENNE<br \/>\n 3\u00a0\u00a0VETEL\u00a0Jean Beno\u00eft\u00a0VC PAYS DE LOUDEAC<br \/>\n 4\u00a0\u00a0DAYON\u00a0Fr\u00e9d\u00e9ric\u00a0VS  QUIMPEROIS<br \/>\n 5\u00a0\u00a0LEMEE\u00a0Romain\u00a0UC GUINEFORT PAYS DE  DINAN<br \/>\n 6\u00a0\u00a0GUIBOUIN\u00a0David\u00a0UNION CYCLISTE CHOLET  49<br \/>\n 7\u00a0\u00a0VAUGRENARD\u00a0Ludovic\u00a0VELOCE VANNETAIS CYCL.<br \/>\n 8\u00a0\u00a0DUAULT\u00a0Adrien\u00a0UCK DE  VANNES<br \/>\n 9\u00a0\u00a0JAGU\u00a0Romain\u00a0US ST HERBLAIN<br \/>\n 10\u00a0\u00a0HARNOIS\u00a0Pascal\u00a0VC PAYS DE  LOUDEAC<br \/>\n <span style=\"background-color: #ff6600;\">24\u00a0\u00a0LE BOUCHER\u00a0Thomas\u00a0AC LANESTER 56<\/span><br \/>\n <span style=\"background-color: #ff6600;\"> 25\u00a0\u00a0GUILLOUX\u00a0Mathieu\u00a0AC  LANESTER 56<\/span><\/p>\n<p><span style=\"text-decoration: underline;\"><strong>Classement de Colpo (Poussins) &#8211; 32 coureurs class\u00e9s :<\/strong><\/span><br \/>\n 1\u00a0HINAULT\u00a0 Thomas VV VANNES<br \/>\n 2\u00a0LE HUITOUZE\u00a0Eddy\u00a0EC  PLUVIGNIER<br \/>\n 3 HARDY Melvin\u00a0REDON OC<br \/>\n <span style=\"background-color: #ff6600;\">11\u00a0LE BIDEAU Louis AC  LANESTER 56<\/span><\/p>\n<div id=\"attachment_7974\" style=\"width: 330px\" class=\"wp-caption alignright\"><a href=\"http:\/\/www.aclanester56.com\/velo\/wp-content\/uploads\/2011\/04\/colpo-ecole-de-cyclisme.jpg\"><img loading=\"lazy\" decoding=\"async\" aria-describedby=\"caption-attachment-7974\" class=\"size-full wp-image-7974\" title=\"Brendan LE CAM, 2\u00e8me en benjamins, et Yann SOKOL, 3\u00e8me en pupilles, sur le podium \u00e0 Colpo (photo sportbreizh.com)\" src=\"http:\/\/www.aclanester56.com\/velo\/wp-content\/uploads\/2011\/04\/colpo-ecole-de-cyclisme.jpg\" alt=\"\" width=\"320\" height=\"180\" srcset=\"https:\/\/www.aclanester56.com\/velo\/wp-content\/uploads\/2011\/04\/colpo-ecole-de-cyclisme.jpg 640w, https:\/\/www.aclanester56.com\/velo\/wp-content\/uploads\/2011\/04\/colpo-ecole-de-cyclisme-300x168.jpg 300w, https:\/\/www.aclanester56.com\/velo\/wp-content\/uploads\/2011\/04\/colpo-ecole-de-cyclisme-533x300.jpg 533w\" sizes=\"auto, (max-width: 320px) 100vw, 320px\" \/><\/a><p id=\"caption-attachment-7974\" class=\"wp-caption-text\">Brendan LE CAM, 2\u00e8me en benjamins, et Yann SOKOL, 3\u00e8me en pupilles, sur le podium \u00e0 Colpo (photo sportbreizh.com)<\/p><\/div>\n<p><span style=\"text-decoration: underline;\"><strong>Classement de Colpo (Pupilles) &#8211; 32 coureurs class\u00e9s:<\/strong><\/span><br \/>\n 1\u00a0\u00a0TOMASSACCI\u00a0Romain\u00a0UC AURAY\u00a0<br \/>\n 2\u00a0\u00a0CUSHWAY Charlie UCP  JOSSELIN<br \/>\n <span style=\"background-color: #ff6600;\">3\u00a0\u00a0SOKOLL Yann AC LANESTER 56<\/span><br \/>\n <span style=\"background-color: #ff6600;\"> 22\u00a0\u00a0BACHIR Mehdi AC  LANESTER 56<\/span><br \/>\n <span style=\"background-color: #ff6600;\"> 26\u00a0\u00a0LE PALLEC Enzo AC  LANESTER 56<\/span><\/p>\n<p><span style=\"text-decoration: underline;\"><strong>Classement de Colpo (Benjamins) &#8211; 61 coureurs class\u00e9s:<\/strong><\/span><br \/>\n 1\u00a0\u00a0JEGAT\u00a0Jordan\u00a0ACP BAUD\u00a0Benjamin<br \/>\n <span style=\"background-color: #ff6600;\">2\u00a0\u00a0LE CAM\u00a0 Brendan AC  LANESTER 56<\/span><br \/>\n 3\u00a0\u00a0BENOIST\u00a0Antoine\u00a0CC PLANCOET<br \/>\n <span style=\"background-color: #ff6600;\">20\u00a0\u00a0AFFREINGUES Nicolas AC LANESTER 56<\/span><br \/>\n <span style=\"background-color: #ff6600;\"> 37\u00a0\u00a0LE CROM Charles AC  LANESTER 56<\/span><\/p>\n<p><span style=\"text-decoration: underline;\"><strong>Classement de Colpo (Minimes) :<\/strong><\/span><br \/>\n 1\u00a0\u00a0CRAVIC\u00a0Maxime\u00a0ACP BAUD\u00a0Minime<br \/>\n 2\u00a0\u00a0TINTINGER Maxime VV  VANNES<br \/>\n 3\u00a0\u00a0FERNAL\u00a0Maxime\u00a0UC AURAY<br \/>\n 4\u00a0\u00a0BERET ValentinVV VANNES<br \/>\n 5\u00a0\u00a0LUCAS\u00a0  Emilien REDON OC <br \/>\n 6\u00a0\u00a0GUIDEC\u00a0Benjamin\u00a0OC LOCMINE<br \/>\n 7\u00a0\u00a0BIHOUEE\u00a0K\u00e9vin\u00a0VC  PONTIVY<br \/>\n 8\u00a0\u00a0SEBILLE QuentinVV VANNES<br \/>\n 9\u00a0\u00a0CHARPENTIER\u00a0Josselin\u00a0OC  LOCMINE<br \/>\n 10\u00a0\u00a0GRANLIN\u00a0Arthur\u00a0OC LOCMINE<br \/>\n <span style=\"background-color: #ff6600;\">19\u00a0\u00a0OLLIVIER Thibault AC LANESTER 56<\/span><\/p>\n<div id=\"attachment_7976\" style=\"width: 370px\" class=\"wp-caption alignright\"><a href=\"http:\/\/www.aclanester56.com\/velo\/wp-content\/uploads\/2011\/04\/Pierre-HOLE-et-Nicolas-PRIMAS.jpg\"><img loading=\"lazy\" decoding=\"async\" aria-describedby=\"caption-attachment-7976\" class=\"size-full wp-image-7976\" title=\"Pierre HOLE et Nicolas PRIMAS respectivement 2\u00e8me et 3\u00e8me au sprint \u00e0 Languidic chez les cadets (photo Camille NICOL)\" src=\"http:\/\/www.aclanester56.com\/velo\/wp-content\/uploads\/2011\/04\/Pierre-HOLE-et-Nicolas-PRIMAS.jpg\" alt=\"\" width=\"360\" height=\"295\" srcset=\"https:\/\/www.aclanester56.com\/velo\/wp-content\/uploads\/2011\/04\/Pierre-HOLE-et-Nicolas-PRIMAS.jpg 720w, https:\/\/www.aclanester56.com\/velo\/wp-content\/uploads\/2011\/04\/Pierre-HOLE-et-Nicolas-PRIMAS-300x245.jpg 300w, https:\/\/www.aclanester56.com\/velo\/wp-content\/uploads\/2011\/04\/Pierre-HOLE-et-Nicolas-PRIMAS-366x300.jpg 366w\" sizes=\"auto, (max-width: 360px) 100vw, 360px\" \/><\/a><p id=\"caption-attachment-7976\" class=\"wp-caption-text\">Pierre HOLE et Nicolas PRIMAS respectivement 2\u00e8me et 3\u00e8me au sprint \u00e0 Languidic chez les cadets (photo Camille NICOL)<\/p><\/div>\n<div id=\"attachment_7978\" style=\"width: 370px\" class=\"wp-caption alignright\"><a href=\"http:\/\/www.aclanester56.com\/velo\/wp-content\/uploads\/2011\/04\/peloton.jpg\"><img loading=\"lazy\" decoding=\"async\" aria-describedby=\"caption-attachment-7978\" class=\"size-full wp-image-7978\" title=\"Pierre HOLE, Kevin BARGUIL et Thibault MORVAN se sont montr\u00e9s \u00e0 l'avant de la course \u00e0 Languidic (photo Camille NICOL)\" src=\"http:\/\/www.aclanester56.com\/velo\/wp-content\/uploads\/2011\/04\/peloton.jpg\" alt=\"\" width=\"360\" height=\"245\" srcset=\"https:\/\/www.aclanester56.com\/velo\/wp-content\/uploads\/2011\/04\/peloton.jpg 720w, https:\/\/www.aclanester56.com\/velo\/wp-content\/uploads\/2011\/04\/peloton-300x204.jpg 300w, https:\/\/www.aclanester56.com\/velo\/wp-content\/uploads\/2011\/04\/peloton-440x300.jpg 440w\" sizes=\"auto, (max-width: 360px) 100vw, 360px\" \/><\/a><p id=\"caption-attachment-7978\" class=\"wp-caption-text\">Pierre HOLE, Kevin BARGUIL et Thibault MORVAN se sont montr\u00e9s \u00e0 l&#39;avant de la course \u00e0 Languidic (photo Camille NICOL)<\/p><\/div>\n<p><span style=\"color: #ff6600;\"><strong>***********\u00a0\u00a0 \u00a0 Languidic \u00a0 \u00a0***********<\/strong><\/span><\/p>\n<p><span style=\"text-decoration: underline;\"><strong>Classement de Languidic (3\u00e8me Cat\u00e9gorie\/PC Open\/Jun) :<\/strong><\/span><br \/>\n 1 Nicolas Janvier (MCC Pays des Avens)<br \/>\n 2 Lo\u00efc Le Chenadec (UCL Hennebont)<br \/>\n 3 Philippe Riou (UCL Hennebont)<br \/>\n 4 Beno\u00eet Guillouzic (UCL Hennebont)<br \/>\n 5 Jean-Philippe Le Ruyet (EC Qu\u00e9ven)<br \/>\n 6 Xavier Tr\u00e9hin (EC Pluvignoise)<br \/>\n 7 Maxime Thebaud (V\u00e9loce Vannetais Cyclisme)<br \/>\n 8 Laurent Le Panse (UCL Hennebont)<br \/>\n 9 S\u00e9bastien Cadoret (OC Locmin\u00e9)<br \/>\n 10 Jean-Marc Gauducheau (EC Qu\u00e9ven)<br \/>\n <span style=\"background-color: #ff6600;\">15 Rodolphe Henry (AC Lanester 56)<\/span><\/p>\n<p><span style=\"text-decoration: underline;\"><strong>Classement de Languidic (Cadets) :<\/strong><\/span><br \/>\n 1 Th\u00e9ophile Leblanc (V\u00e9loce Vannetais Cyclisme)<br \/>\n <span style=\"background-color: #ff6600;\">2 Pierre Hole (AC Lanester 56)<\/span><br \/>\n <span style=\"background-color: #ff6600;\"> 3 Nicolas Primas (AC Lanester 56)<\/span><br \/>\n 4 Jean-Vincent Loric (OC locmin\u00e9)<br \/>\n 5 Mathieu Nestour (UCP Plouay)<br \/>\n 6 Maxime Harvis (UC Alr\u00e9enne)<br \/>\n <span style=\"background-color: #ff6600;\">7 K\u00e9vin Le Gal (AC Lanester 56)<\/span><br \/>\n 8 Florian Le Bris (UCP Plouay)<br \/>\n 9 Dylan Banthamy (VC Pontivyen)<br \/>\n 10 Kylian Foulgoc (AC Mo\u00eblanais)<br \/>\n <span style=\"background-color: #ff6600;\">15 Thibault Morvan (AC Lanester 56)<\/span><\/p>\n<p>&nbsp;<\/p>\n<p><span style=\"color: #ff6600;\"><strong>***********\u00a0\u00a0 \u00a0 Goueno  \u00a0 \u00a0***********<\/strong><\/span><\/p>\n<p><span style=\"text-decoration: underline;\"><strong>Classement de Goueno (Coupe de Bretagne de descente VTT) :<\/strong><\/span><br \/>\n1 LECHEVALLIER Robin (VCS betton)<br \/>\n2 BERVILLE Thomas (VC Evron)<br \/>\n3 SINQUIN Raphael (Kemperl\u00e9 yaounkiz)<br \/>\n4 THEPAUT Antoine (Descendeurs de la Mine) 1er junior<br \/>\n<span style=\"background-color: #ff6600;\">29 COQUEN Guillaume (AC Lanester 56) 5\u00e8me junior<\/span><\/p>\n","protected":false},"excerpt":{"rendered":"<p>En plus des excellents r\u00e9sultats r\u00e9alis\u00e9s sur le Tour du Pays de Lesneven, les coureurs de l&rsquo;AC LANESTER 56 ont [&hellip;]<\/p>\n","protected":false},"author":14,"featured_media":7983,"comment_status":"open","ping_status":"closed","sticky":false,"template":"","format":"standard","meta":{"ngg_post_thumbnail":0,"footnotes":""},"categories":[5],"tags":[],"class_list":["post-7965","post","type-post","status-publish","format-standard","has-post-thumbnail","hentry","category-ac-lanester-56"],"yoast_head":"<!-- This site is optimized with the Yoast SEO plugin v27.5 - https:\/\/yoast.com\/product\/yoast-seo-wordpress\/ -->\n<title>R\u00e9sultats du week-end : de nombreux podiums du c\u00f4t\u00e9 des Lanest\u00e9riens ! - Avenir Cycliste Lanester 56<\/title>\n<meta name=\"robots\" content=\"index, follow, max-snippet:-1, max-image-preview:large, max-video-preview:-1\" \/>\n<link rel=\"canonical\" href=\"https:\/\/www.aclanester56.com\/velo\/resultats-du-week-end-de-nombreux-podiums-du-cote-des-lanesteriens\/\" \/>\n<meta property=\"og:locale\" content=\"fr_FR\" \/>\n<meta property=\"og:type\" content=\"article\" \/>\n<meta property=\"og:title\" content=\"R\u00e9sultats du week-end : de nombreux podiums du c\u00f4t\u00e9 des Lanest\u00e9riens ! - Avenir Cycliste Lanester 56\" \/>\n<meta property=\"og:description\" content=\"En plus des excellents r\u00e9sultats r\u00e9alis\u00e9s sur le Tour du Pays de Lesneven, les coureurs de l&rsquo;AC LANESTER 56 ont [&hellip;]\" \/>\n<meta property=\"og:url\" content=\"https:\/\/www.aclanester56.com\/velo\/resultats-du-week-end-de-nombreux-podiums-du-cote-des-lanesteriens\/\" \/>\n<meta property=\"og:site_name\" content=\"Avenir Cycliste Lanester 56\" \/>\n<meta property=\"article:publisher\" content=\"https:\/\/www.facebook.com\/pages\/AC-Lanester-56\/190286300991242?fref=ts\" \/>\n<meta property=\"article:published_time\" content=\"2011-04-05T18:19:59+00:00\" \/>\n<meta property=\"article:modified_time\" content=\"2011-04-07T16:41:42+00:00\" \/>\n<meta property=\"og:image\" content=\"https:\/\/www.aclanester56.com\/velo\/wp-content\/uploads\/2011\/04\/peloton-2-Copie.jpg\" \/>\n\t<meta property=\"og:image:width\" content=\"650\" \/>\n\t<meta property=\"og:image:height\" content=\"300\" \/>\n\t<meta property=\"og:image:type\" content=\"image\/jpeg\" \/>\n<meta name=\"author\" content=\"Jean-Christophe\" \/>\n<meta name=\"twitter:label1\" content=\"\u00c9crit par\" \/>\n\t<meta name=\"twitter:data1\" content=\"Jean-Christophe\" \/>\n\t<meta name=\"twitter:label2\" content=\"Dur\u00e9e de lecture estim\u00e9e\" \/>\n\t<meta name=\"twitter:data2\" content=\"4 minutes\" \/>\n<script type=\"application\/ld+json\" class=\"yoast-schema-graph\">{\"@context\":\"https:\\\/\\\/schema.org\",\"@graph\":[{\"@type\":\"Article\",\"@id\":\"https:\\\/\\\/www.aclanester56.com\\\/velo\\\/resultats-du-week-end-de-nombreux-podiums-du-cote-des-lanesteriens\\\/#article\",\"isPartOf\":{\"@id\":\"https:\\\/\\\/www.aclanester56.com\\\/velo\\\/resultats-du-week-end-de-nombreux-podiums-du-cote-des-lanesteriens\\\/\"},\"author\":{\"name\":\"Jean-Christophe\",\"@id\":\"https:\\\/\\\/www.aclanester56.com\\\/velo\\\/#\\\/schema\\\/person\\\/ca2a44a5fd969e9dd846c72d3b33bc01\"},\"headline\":\"R\u00e9sultats du week-end : de nombreux podiums du c\u00f4t\u00e9 des Lanest\u00e9riens !\",\"datePublished\":\"2011-04-05T18:19:59+00:00\",\"dateModified\":\"2011-04-07T16:41:42+00:00\",\"mainEntityOfPage\":{\"@id\":\"https:\\\/\\\/www.aclanester56.com\\\/velo\\\/resultats-du-week-end-de-nombreux-podiums-du-cote-des-lanesteriens\\\/\"},\"wordCount\":820,\"commentCount\":0,\"publisher\":{\"@id\":\"https:\\\/\\\/www.aclanester56.com\\\/velo\\\/#organization\"},\"image\":{\"@id\":\"https:\\\/\\\/www.aclanester56.com\\\/velo\\\/resultats-du-week-end-de-nombreux-podiums-du-cote-des-lanesteriens\\\/#primaryimage\"},\"thumbnailUrl\":\"https:\\\/\\\/www.aclanester56.com\\\/velo\\\/wp-content\\\/uploads\\\/2011\\\/04\\\/peloton-2-Copie.jpg\",\"articleSection\":[\"AC LANESTER 56\"],\"inLanguage\":\"fr-FR\",\"potentialAction\":[{\"@type\":\"CommentAction\",\"name\":\"Comment\",\"target\":[\"https:\\\/\\\/www.aclanester56.com\\\/velo\\\/resultats-du-week-end-de-nombreux-podiums-du-cote-des-lanesteriens\\\/#respond\"]}]},{\"@type\":\"WebPage\",\"@id\":\"https:\\\/\\\/www.aclanester56.com\\\/velo\\\/resultats-du-week-end-de-nombreux-podiums-du-cote-des-lanesteriens\\\/\",\"url\":\"https:\\\/\\\/www.aclanester56.com\\\/velo\\\/resultats-du-week-end-de-nombreux-podiums-du-cote-des-lanesteriens\\\/\",\"name\":\"R\u00e9sultats du week-end : de nombreux podiums du c\u00f4t\u00e9 des Lanest\u00e9riens ! - Avenir Cycliste Lanester 56\",\"isPartOf\":{\"@id\":\"https:\\\/\\\/www.aclanester56.com\\\/velo\\\/#website\"},\"primaryImageOfPage\":{\"@id\":\"https:\\\/\\\/www.aclanester56.com\\\/velo\\\/resultats-du-week-end-de-nombreux-podiums-du-cote-des-lanesteriens\\\/#primaryimage\"},\"image\":{\"@id\":\"https:\\\/\\\/www.aclanester56.com\\\/velo\\\/resultats-du-week-end-de-nombreux-podiums-du-cote-des-lanesteriens\\\/#primaryimage\"},\"thumbnailUrl\":\"https:\\\/\\\/www.aclanester56.com\\\/velo\\\/wp-content\\\/uploads\\\/2011\\\/04\\\/peloton-2-Copie.jpg\",\"datePublished\":\"2011-04-05T18:19:59+00:00\",\"dateModified\":\"2011-04-07T16:41:42+00:00\",\"inLanguage\":\"fr-FR\",\"potentialAction\":[{\"@type\":\"ReadAction\",\"target\":[\"https:\\\/\\\/www.aclanester56.com\\\/velo\\\/resultats-du-week-end-de-nombreux-podiums-du-cote-des-lanesteriens\\\/\"]}]},{\"@type\":\"ImageObject\",\"inLanguage\":\"fr-FR\",\"@id\":\"https:\\\/\\\/www.aclanester56.com\\\/velo\\\/resultats-du-week-end-de-nombreux-podiums-du-cote-des-lanesteriens\\\/#primaryimage\",\"url\":\"https:\\\/\\\/www.aclanester56.com\\\/velo\\\/wp-content\\\/uploads\\\/2011\\\/04\\\/peloton-2-Copie.jpg\",\"contentUrl\":\"https:\\\/\\\/www.aclanester56.com\\\/velo\\\/wp-content\\\/uploads\\\/2011\\\/04\\\/peloton-2-Copie.jpg\",\"width\":650,\"height\":300},{\"@type\":\"WebSite\",\"@id\":\"https:\\\/\\\/www.aclanester56.com\\\/velo\\\/#website\",\"url\":\"https:\\\/\\\/www.aclanester56.com\\\/velo\\\/\",\"name\":\"Avenir Cycliste Lanester 56\",\"description\":\"Club cycliste de l&#039;AC LANESTER 56\",\"publisher\":{\"@id\":\"https:\\\/\\\/www.aclanester56.com\\\/velo\\\/#organization\"},\"potentialAction\":[{\"@type\":\"SearchAction\",\"target\":{\"@type\":\"EntryPoint\",\"urlTemplate\":\"https:\\\/\\\/www.aclanester56.com\\\/velo\\\/?s={search_term_string}\"},\"query-input\":{\"@type\":\"PropertyValueSpecification\",\"valueRequired\":true,\"valueName\":\"search_term_string\"}}],\"inLanguage\":\"fr-FR\"},{\"@type\":\"Organization\",\"@id\":\"https:\\\/\\\/www.aclanester56.com\\\/velo\\\/#organization\",\"name\":\"Avenir Cycliste Lanester 56\",\"url\":\"https:\\\/\\\/www.aclanester56.com\\\/velo\\\/\",\"logo\":{\"@type\":\"ImageObject\",\"inLanguage\":\"fr-FR\",\"@id\":\"https:\\\/\\\/www.aclanester56.com\\\/velo\\\/#\\\/schema\\\/logo\\\/image\\\/\",\"url\":\"https:\\\/\\\/www.aclanester56.com\\\/velo\\\/wp-content\\\/uploads\\\/2013\\\/04\\\/logo-ACL.jpg\",\"contentUrl\":\"https:\\\/\\\/www.aclanester56.com\\\/velo\\\/wp-content\\\/uploads\\\/2013\\\/04\\\/logo-ACL.jpg\",\"width\":400,\"height\":334,\"caption\":\"Avenir Cycliste Lanester 56\"},\"image\":{\"@id\":\"https:\\\/\\\/www.aclanester56.com\\\/velo\\\/#\\\/schema\\\/logo\\\/image\\\/\"},\"sameAs\":[\"https:\\\/\\\/www.facebook.com\\\/pages\\\/AC-Lanester-56\\\/190286300991242?fref=ts\"]},{\"@type\":\"Person\",\"@id\":\"https:\\\/\\\/www.aclanester56.com\\\/velo\\\/#\\\/schema\\\/person\\\/ca2a44a5fd969e9dd846c72d3b33bc01\",\"name\":\"Jean-Christophe\",\"url\":\"https:\\\/\\\/www.aclanester56.com\\\/velo\\\/author\\\/jeanchristophe\\\/\"}]}<\/script>\n<!-- \/ Yoast SEO plugin. -->","yoast_head_json":{"title":"R\u00e9sultats du week-end : de nombreux podiums du c\u00f4t\u00e9 des Lanest\u00e9riens ! - Avenir Cycliste Lanester 56","robots":{"index":"index","follow":"follow","max-snippet":"max-snippet:-1","max-image-preview":"max-image-preview:large","max-video-preview":"max-video-preview:-1"},"canonical":"https:\/\/www.aclanester56.com\/velo\/resultats-du-week-end-de-nombreux-podiums-du-cote-des-lanesteriens\/","og_locale":"fr_FR","og_type":"article","og_title":"R\u00e9sultats du week-end : de nombreux podiums du c\u00f4t\u00e9 des Lanest\u00e9riens ! - Avenir Cycliste Lanester 56","og_description":"En plus des excellents r\u00e9sultats r\u00e9alis\u00e9s sur le Tour du Pays de Lesneven, les coureurs de l&rsquo;AC LANESTER 56 ont [&hellip;]","og_url":"https:\/\/www.aclanester56.com\/velo\/resultats-du-week-end-de-nombreux-podiums-du-cote-des-lanesteriens\/","og_site_name":"Avenir Cycliste Lanester 56","article_publisher":"https:\/\/www.facebook.com\/pages\/AC-Lanester-56\/190286300991242?fref=ts","article_published_time":"2011-04-05T18:19:59+00:00","article_modified_time":"2011-04-07T16:41:42+00:00","og_image":[{"width":650,"height":300,"url":"https:\/\/www.aclanester56.com\/velo\/wp-content\/uploads\/2011\/04\/peloton-2-Copie.jpg","type":"image\/jpeg"}],"author":"Jean-Christophe","twitter_misc":{"\u00c9crit par":"Jean-Christophe","Dur\u00e9e de lecture estim\u00e9e":"4 minutes"},"schema":{"@context":"https:\/\/schema.org","@graph":[{"@type":"Article","@id":"https:\/\/www.aclanester56.com\/velo\/resultats-du-week-end-de-nombreux-podiums-du-cote-des-lanesteriens\/#article","isPartOf":{"@id":"https:\/\/www.aclanester56.com\/velo\/resultats-du-week-end-de-nombreux-podiums-du-cote-des-lanesteriens\/"},"author":{"name":"Jean-Christophe","@id":"https:\/\/www.aclanester56.com\/velo\/#\/schema\/person\/ca2a44a5fd969e9dd846c72d3b33bc01"},"headline":"R\u00e9sultats du week-end : de nombreux podiums du c\u00f4t\u00e9 des Lanest\u00e9riens !","datePublished":"2011-04-05T18:19:59+00:00","dateModified":"2011-04-07T16:41:42+00:00","mainEntityOfPage":{"@id":"https:\/\/www.aclanester56.com\/velo\/resultats-du-week-end-de-nombreux-podiums-du-cote-des-lanesteriens\/"},"wordCount":820,"commentCount":0,"publisher":{"@id":"https:\/\/www.aclanester56.com\/velo\/#organization"},"image":{"@id":"https:\/\/www.aclanester56.com\/velo\/resultats-du-week-end-de-nombreux-podiums-du-cote-des-lanesteriens\/#primaryimage"},"thumbnailUrl":"https:\/\/www.aclanester56.com\/velo\/wp-content\/uploads\/2011\/04\/peloton-2-Copie.jpg","articleSection":["AC LANESTER 56"],"inLanguage":"fr-FR","potentialAction":[{"@type":"CommentAction","name":"Comment","target":["https:\/\/www.aclanester56.com\/velo\/resultats-du-week-end-de-nombreux-podiums-du-cote-des-lanesteriens\/#respond"]}]},{"@type":"WebPage","@id":"https:\/\/www.aclanester56.com\/velo\/resultats-du-week-end-de-nombreux-podiums-du-cote-des-lanesteriens\/","url":"https:\/\/www.aclanester56.com\/velo\/resultats-du-week-end-de-nombreux-podiums-du-cote-des-lanesteriens\/","name":"R\u00e9sultats du week-end : de nombreux podiums du c\u00f4t\u00e9 des Lanest\u00e9riens ! - Avenir Cycliste Lanester 56","isPartOf":{"@id":"https:\/\/www.aclanester56.com\/velo\/#website"},"primaryImageOfPage":{"@id":"https:\/\/www.aclanester56.com\/velo\/resultats-du-week-end-de-nombreux-podiums-du-cote-des-lanesteriens\/#primaryimage"},"image":{"@id":"https:\/\/www.aclanester56.com\/velo\/resultats-du-week-end-de-nombreux-podiums-du-cote-des-lanesteriens\/#primaryimage"},"thumbnailUrl":"https:\/\/www.aclanester56.com\/velo\/wp-content\/uploads\/2011\/04\/peloton-2-Copie.jpg","datePublished":"2011-04-05T18:19:59+00:00","dateModified":"2011-04-07T16:41:42+00:00","inLanguage":"fr-FR","potentialAction":[{"@type":"ReadAction","target":["https:\/\/www.aclanester56.com\/velo\/resultats-du-week-end-de-nombreux-podiums-du-cote-des-lanesteriens\/"]}]},{"@type":"ImageObject","inLanguage":"fr-FR","@id":"https:\/\/www.aclanester56.com\/velo\/resultats-du-week-end-de-nombreux-podiums-du-cote-des-lanesteriens\/#primaryimage","url":"https:\/\/www.aclanester56.com\/velo\/wp-content\/uploads\/2011\/04\/peloton-2-Copie.jpg","contentUrl":"https:\/\/www.aclanester56.com\/velo\/wp-content\/uploads\/2011\/04\/peloton-2-Copie.jpg","width":650,"height":300},{"@type":"WebSite","@id":"https:\/\/www.aclanester56.com\/velo\/#website","url":"https:\/\/www.aclanester56.com\/velo\/","name":"Avenir Cycliste Lanester 56","description":"Club cycliste de l&#039;AC LANESTER 56","publisher":{"@id":"https:\/\/www.aclanester56.com\/velo\/#organization"},"potentialAction":[{"@type":"SearchAction","target":{"@type":"EntryPoint","urlTemplate":"https:\/\/www.aclanester56.com\/velo\/?s={search_term_string}"},"query-input":{"@type":"PropertyValueSpecification","valueRequired":true,"valueName":"search_term_string"}}],"inLanguage":"fr-FR"},{"@type":"Organization","@id":"https:\/\/www.aclanester56.com\/velo\/#organization","name":"Avenir Cycliste Lanester 56","url":"https:\/\/www.aclanester56.com\/velo\/","logo":{"@type":"ImageObject","inLanguage":"fr-FR","@id":"https:\/\/www.aclanester56.com\/velo\/#\/schema\/logo\/image\/","url":"https:\/\/www.aclanester56.com\/velo\/wp-content\/uploads\/2013\/04\/logo-ACL.jpg","contentUrl":"https:\/\/www.aclanester56.com\/velo\/wp-content\/uploads\/2013\/04\/logo-ACL.jpg","width":400,"height":334,"caption":"Avenir Cycliste Lanester 56"},"image":{"@id":"https:\/\/www.aclanester56.com\/velo\/#\/schema\/logo\/image\/"},"sameAs":["https:\/\/www.facebook.com\/pages\/AC-Lanester-56\/190286300991242?fref=ts"]},{"@type":"Person","@id":"https:\/\/www.aclanester56.com\/velo\/#\/schema\/person\/ca2a44a5fd969e9dd846c72d3b33bc01","name":"Jean-Christophe","url":"https:\/\/www.aclanester56.com\/velo\/author\/jeanchristophe\/"}]}},"_links":{"self":[{"href":"https:\/\/www.aclanester56.com\/velo\/wp-json\/wp\/v2\/posts\/7965","targetHints":{"allow":["GET"]}}],"collection":[{"href":"https:\/\/www.aclanester56.com\/velo\/wp-json\/wp\/v2\/posts"}],"about":[{"href":"https:\/\/www.aclanester56.com\/velo\/wp-json\/wp\/v2\/types\/post"}],"author":[{"embeddable":true,"href":"https:\/\/www.aclanester56.com\/velo\/wp-json\/wp\/v2\/users\/14"}],"replies":[{"embeddable":true,"href":"https:\/\/www.aclanester56.com\/velo\/wp-json\/wp\/v2\/comments?post=7965"}],"version-history":[{"count":0,"href":"https:\/\/www.aclanester56.com\/velo\/wp-json\/wp\/v2\/posts\/7965\/revisions"}],"wp:featuredmedia":[{"embeddable":true,"href":"https:\/\/www.aclanester56.com\/velo\/wp-json\/wp\/v2\/media\/7983"}],"wp:attachment":[{"href":"https:\/\/www.aclanester56.com\/velo\/wp-json\/wp\/v2\/media?parent=7965"}],"wp:term":[{"taxonomy":"category","embeddable":true,"href":"https:\/\/www.aclanester56.com\/velo\/wp-json\/wp\/v2\/categories?post=7965"},{"taxonomy":"post_tag","embeddable":true,"href":"https:\/\/www.aclanester56.com\/velo\/wp-json\/wp\/v2\/tags?post=7965"}],"curies":[{"name":"wp","href":"https:\/\/api.w.org\/{rel}","templated":true}]}}