{"id":8003,"date":"2011-04-06T11:55:06","date_gmt":"2011-04-06T10:55:06","guid":{"rendered":"http:\/\/www.aclanester56.com\/velo\/?p=8003"},"modified":"2011-04-08T11:53:20","modified_gmt":"2011-04-08T10:53:20","slug":"les-minimes-lanesteriens-sur-la-coupe-du-conseil-general-piste","status":"publish","type":"post","link":"https:\/\/www.aclanester56.com\/velo\/les-minimes-lanesteriens-sur-la-coupe-du-conseil-general-piste\/","title":{"rendered":"Les minimes lanest\u00e9riens sur la Coupe du Conseil G\u00e9n\u00e9ral piste"},"content":{"rendered":"<div id=\"attachment_8004\" style=\"width: 310px\" class=\"wp-caption alignleft\"><a href=\"http:\/\/www.aclanester56.com\/velo\/wp-content\/uploads\/2011\/04\/Benjamin.jpg\" ><img loading=\"lazy\" decoding=\"async\" aria-describedby=\"caption-attachment-8004\" src=\"http:\/\/www.aclanester56.com\/velo\/wp-content\/uploads\/2011\/04\/Benjamin.jpg\" alt=\"\" title=\"Benjamin DUVAL, ici au centre, s&#039;est mesur\u00e9 aux meilleurs pistards morbihannais (photo Sonia OLLIVIER)\" width=\"300\" height=\"225\" class=\"size-full wp-image-8004\" srcset=\"https:\/\/www.aclanester56.com\/velo\/wp-content\/uploads\/2011\/04\/Benjamin.jpg 720w, https:\/\/www.aclanester56.com\/velo\/wp-content\/uploads\/2011\/04\/Benjamin-300x225.jpg 300w, https:\/\/www.aclanester56.com\/velo\/wp-content\/uploads\/2011\/04\/Benjamin-400x300.jpg 400w\" sizes=\"auto, (max-width: 300px) 100vw, 300px\" \/><\/a><p id=\"caption-attachment-8004\" class=\"wp-caption-text\">Benjamin DUVAL, ici au centre, s&#039;est mesur\u00e9 aux meilleurs pistards morbihannais (photo Sonia OLLIVIER)<\/p><\/div>\n<p style=\"text-align: justify;\">Les minimes lanest\u00e9riens ont particip\u00e9 \u00e0 la premi\u00e8re manche de la Coupe du Conseil G\u00e9n\u00e9ral du Morbihan \u00ab\u00a0Souvenir Jo\u00ebl BOURVELLEC\u00a0\u00bb s&rsquo;est disput\u00e9e samedi dernier sur le v\u00e9lodrome de Plouay.<\/p>\n<p>&nbsp;<\/p>\n<p><!--more--><\/p>\n<p>&nbsp;<\/p>\n<p>&nbsp;<\/p>\n<p style=\"text-align: justify;\">Seules quelques \u00e9preuves de sprint ont pu se d\u00e9rouler, la pluie faisant son apparition dans le courant de l&rsquo;apr\u00e8s-midi. La prochaine manche de ce challenge aura lieu vendredi soir sur le v\u00e9lodrome de Kermesquel \u00e0 Vannes.<\/p>\n<p>&nbsp;<\/p>\n<p>&nbsp;<\/p>\n<div id=\"attachment_8008\" style=\"width: 310px\" class=\"wp-caption alignright\"><a href=\"http:\/\/www.aclanester56.com\/velo\/wp-content\/uploads\/2011\/04\/Thibault.jpg\" ><img loading=\"lazy\" decoding=\"async\" aria-describedby=\"caption-attachment-8008\" src=\"http:\/\/www.aclanester56.com\/velo\/wp-content\/uploads\/2011\/04\/Thibault.jpg\" alt=\"\" title=\"Thibault OLLIVIER, ici au d\u00e9part d&#039;une p\u00e9reuve de sprint (photo Sonia OLLIVIER)\" width=\"300\" height=\"225\" class=\"size-full wp-image-8008\" srcset=\"https:\/\/www.aclanester56.com\/velo\/wp-content\/uploads\/2011\/04\/Thibault.jpg 720w, https:\/\/www.aclanester56.com\/velo\/wp-content\/uploads\/2011\/04\/Thibault-300x225.jpg 300w, https:\/\/www.aclanester56.com\/velo\/wp-content\/uploads\/2011\/04\/Thibault-400x300.jpg 400w\" sizes=\"auto, (max-width: 300px) 100vw, 300px\" \/><\/a><p id=\"caption-attachment-8008\" class=\"wp-caption-text\">Thibault OLLIVIER, ici au d\u00e9part d&#039;une p\u00e9reuve de sprint (photo Sonia OLLIVIER)<\/p><\/div>\n<p><span style=\"text-decoration: underline;\"><strong>Classement minimes :<\/strong><\/span><\/p>\n<p>1 ZANIN Alexandre\u00a0(ACP BAUD)<br \/>\n 1 BAUCHERON Damien\u00a0(UCK  VANNES)<br \/>\n 3 LE HUITOUZE Julien\u00a0(VC LANGUIDIC)<br \/>\n 3 BERNARD Nicolas\u00a0(ACP  BAUD)<br \/>\n 5 BALTENWEK\u00a0 Mewen\u00a0(ACP BAUD)<br \/>\n <span style=\"background-color: #ff6600;\">11 OLLIVIER Thibault\u00a0(AC LANESTER 56)<\/span><br \/>\n<span style=\"background-color: #ff6600;\"> 12 DUVAL Benjamin\u00a0(AC  LANESTER 56)<\/span><br \/>\n<span style=\"background-color: #ff6600;\"> 15 MORIZUR Luca\u00a0(AC LANESTER 56)<\/span><\/p>\n<div id=\"attachment_8011\" style=\"width: 310px\" class=\"wp-caption alignleft\"><a href=\"http:\/\/www.aclanester56.com\/velo\/wp-content\/uploads\/2011\/04\/Luca.jpg\" ><img loading=\"lazy\" decoding=\"async\" aria-describedby=\"caption-attachment-8011\" src=\"http:\/\/www.aclanester56.com\/velo\/wp-content\/uploads\/2011\/04\/Luca.jpg\" alt=\"\" title=\"Luca MORIZUR, ici au centre en plein effort, continue son apprentissage sur la piste ! (photo Sonia OLLIVIER)\" width=\"300\" height=\"225\" class=\"size-full wp-image-8011\" srcset=\"https:\/\/www.aclanester56.com\/velo\/wp-content\/uploads\/2011\/04\/Luca.jpg 720w, https:\/\/www.aclanester56.com\/velo\/wp-content\/uploads\/2011\/04\/Luca-300x225.jpg 300w, https:\/\/www.aclanester56.com\/velo\/wp-content\/uploads\/2011\/04\/Luca-400x300.jpg 400w\" sizes=\"auto, (max-width: 300px) 100vw, 300px\" \/><\/a><p id=\"caption-attachment-8011\" class=\"wp-caption-text\">Luca MORIZUR, ici au centre en plein effort, continue son apprentissage sur la piste ! (photo Sonia OLLIVIER)<\/p><\/div>\n<p>&nbsp;<\/p>\n<p>&nbsp;<\/p>\n","protected":false},"excerpt":{"rendered":"<p>Les minimes lanest\u00e9riens ont particip\u00e9 \u00e0 la premi\u00e8re manche de la Coupe du Conseil G\u00e9n\u00e9ral du Morbihan \u00ab\u00a0Souvenir Jo\u00ebl BOURVELLEC\u00a0\u00bb [&hellip;]<\/p>\n","protected":false},"author":14,"featured_media":8013,"comment_status":"open","ping_status":"closed","sticky":false,"template":"","format":"standard","meta":{"ngg_post_thumbnail":0,"footnotes":""},"categories":[5,23],"tags":[],"class_list":["post-8003","post","type-post","status-publish","format-standard","has-post-thumbnail","hentry","category-ac-lanester-56","category-resultats-minimes"],"yoast_head":"<!-- This site is optimized with the Yoast SEO plugin v27.4 - https:\/\/yoast.com\/product\/yoast-seo-wordpress\/ -->\n<title>Les minimes lanest\u00e9riens sur la Coupe du Conseil G\u00e9n\u00e9ral piste - Avenir Cycliste Lanester 56<\/title>\n<meta name=\"robots\" content=\"index, follow, max-snippet:-1, max-image-preview:large, max-video-preview:-1\" \/>\n<link rel=\"canonical\" href=\"https:\/\/www.aclanester56.com\/velo\/les-minimes-lanesteriens-sur-la-coupe-du-conseil-general-piste\/\" \/>\n<meta property=\"og:locale\" content=\"fr_FR\" \/>\n<meta property=\"og:type\" content=\"article\" \/>\n<meta property=\"og:title\" content=\"Les minimes lanest\u00e9riens sur la Coupe du Conseil G\u00e9n\u00e9ral piste - Avenir Cycliste Lanester 56\" \/>\n<meta property=\"og:description\" content=\"Les minimes lanest\u00e9riens ont particip\u00e9 \u00e0 la premi\u00e8re manche de la Coupe du Conseil G\u00e9n\u00e9ral du Morbihan \u00ab\u00a0Souvenir Jo\u00ebl BOURVELLEC\u00a0\u00bb [&hellip;]\" \/>\n<meta property=\"og:url\" content=\"https:\/\/www.aclanester56.com\/velo\/les-minimes-lanesteriens-sur-la-coupe-du-conseil-general-piste\/\" \/>\n<meta property=\"og:site_name\" content=\"Avenir Cycliste Lanester 56\" \/>\n<meta property=\"article:publisher\" content=\"https:\/\/www.facebook.com\/pages\/AC-Lanester-56\/190286300991242?fref=ts\" \/>\n<meta property=\"article:published_time\" content=\"2011-04-06T10:55:06+00:00\" \/>\n<meta property=\"article:modified_time\" content=\"2011-04-08T10:53:20+00:00\" \/>\n<meta property=\"og:image\" content=\"https:\/\/www.aclanester56.com\/velo\/wp-content\/uploads\/2011\/04\/Benjamin1.jpg\" \/>\n\t<meta property=\"og:image:width\" content=\"650\" \/>\n\t<meta property=\"og:image:height\" content=\"300\" \/>\n\t<meta property=\"og:image:type\" content=\"image\/jpeg\" \/>\n<meta name=\"author\" content=\"Jean-Christophe\" \/>\n<meta name=\"twitter:label1\" content=\"\u00c9crit par\" \/>\n\t<meta name=\"twitter:data1\" content=\"Jean-Christophe\" \/>\n\t<meta name=\"twitter:label2\" content=\"Dur\u00e9e de lecture estim\u00e9e\" \/>\n\t<meta name=\"twitter:data2\" content=\"1 minute\" \/>\n<script type=\"application\/ld+json\" class=\"yoast-schema-graph\">{\"@context\":\"https:\\\/\\\/schema.org\",\"@graph\":[{\"@type\":\"Article\",\"@id\":\"https:\\\/\\\/www.aclanester56.com\\\/velo\\\/les-minimes-lanesteriens-sur-la-coupe-du-conseil-general-piste\\\/#article\",\"isPartOf\":{\"@id\":\"https:\\\/\\\/www.aclanester56.com\\\/velo\\\/les-minimes-lanesteriens-sur-la-coupe-du-conseil-general-piste\\\/\"},\"author\":{\"name\":\"Jean-Christophe\",\"@id\":\"https:\\\/\\\/www.aclanester56.com\\\/velo\\\/#\\\/schema\\\/person\\\/ca2a44a5fd969e9dd846c72d3b33bc01\"},\"headline\":\"Les minimes lanest\u00e9riens sur la Coupe du Conseil G\u00e9n\u00e9ral piste\",\"datePublished\":\"2011-04-06T10:55:06+00:00\",\"dateModified\":\"2011-04-08T10:53:20+00:00\",\"mainEntityOfPage\":{\"@id\":\"https:\\\/\\\/www.aclanester56.com\\\/velo\\\/les-minimes-lanesteriens-sur-la-coupe-du-conseil-general-piste\\\/\"},\"wordCount\":199,\"commentCount\":0,\"publisher\":{\"@id\":\"https:\\\/\\\/www.aclanester56.com\\\/velo\\\/#organization\"},\"image\":{\"@id\":\"https:\\\/\\\/www.aclanester56.com\\\/velo\\\/les-minimes-lanesteriens-sur-la-coupe-du-conseil-general-piste\\\/#primaryimage\"},\"thumbnailUrl\":\"https:\\\/\\\/www.aclanester56.com\\\/velo\\\/wp-content\\\/uploads\\\/2011\\\/04\\\/Benjamin1.jpg\",\"articleSection\":[\"AC LANESTER 56\",\"R\u00e9sultats Minimes\"],\"inLanguage\":\"fr-FR\",\"potentialAction\":[{\"@type\":\"CommentAction\",\"name\":\"Comment\",\"target\":[\"https:\\\/\\\/www.aclanester56.com\\\/velo\\\/les-minimes-lanesteriens-sur-la-coupe-du-conseil-general-piste\\\/#respond\"]}]},{\"@type\":\"WebPage\",\"@id\":\"https:\\\/\\\/www.aclanester56.com\\\/velo\\\/les-minimes-lanesteriens-sur-la-coupe-du-conseil-general-piste\\\/\",\"url\":\"https:\\\/\\\/www.aclanester56.com\\\/velo\\\/les-minimes-lanesteriens-sur-la-coupe-du-conseil-general-piste\\\/\",\"name\":\"Les minimes lanest\u00e9riens sur la Coupe du Conseil G\u00e9n\u00e9ral piste - Avenir Cycliste Lanester 56\",\"isPartOf\":{\"@id\":\"https:\\\/\\\/www.aclanester56.com\\\/velo\\\/#website\"},\"primaryImageOfPage\":{\"@id\":\"https:\\\/\\\/www.aclanester56.com\\\/velo\\\/les-minimes-lanesteriens-sur-la-coupe-du-conseil-general-piste\\\/#primaryimage\"},\"image\":{\"@id\":\"https:\\\/\\\/www.aclanester56.com\\\/velo\\\/les-minimes-lanesteriens-sur-la-coupe-du-conseil-general-piste\\\/#primaryimage\"},\"thumbnailUrl\":\"https:\\\/\\\/www.aclanester56.com\\\/velo\\\/wp-content\\\/uploads\\\/2011\\\/04\\\/Benjamin1.jpg\",\"datePublished\":\"2011-04-06T10:55:06+00:00\",\"dateModified\":\"2011-04-08T10:53:20+00:00\",\"inLanguage\":\"fr-FR\",\"potentialAction\":[{\"@type\":\"ReadAction\",\"target\":[\"https:\\\/\\\/www.aclanester56.com\\\/velo\\\/les-minimes-lanesteriens-sur-la-coupe-du-conseil-general-piste\\\/\"]}]},{\"@type\":\"ImageObject\",\"inLanguage\":\"fr-FR\",\"@id\":\"https:\\\/\\\/www.aclanester56.com\\\/velo\\\/les-minimes-lanesteriens-sur-la-coupe-du-conseil-general-piste\\\/#primaryimage\",\"url\":\"https:\\\/\\\/www.aclanester56.com\\\/velo\\\/wp-content\\\/uploads\\\/2011\\\/04\\\/Benjamin1.jpg\",\"contentUrl\":\"https:\\\/\\\/www.aclanester56.com\\\/velo\\\/wp-content\\\/uploads\\\/2011\\\/04\\\/Benjamin1.jpg\",\"width\":650,\"height\":300},{\"@type\":\"WebSite\",\"@id\":\"https:\\\/\\\/www.aclanester56.com\\\/velo\\\/#website\",\"url\":\"https:\\\/\\\/www.aclanester56.com\\\/velo\\\/\",\"name\":\"Avenir Cycliste Lanester 56\",\"description\":\"Club cycliste de l&#039;AC LANESTER 56\",\"publisher\":{\"@id\":\"https:\\\/\\\/www.aclanester56.com\\\/velo\\\/#organization\"},\"potentialAction\":[{\"@type\":\"SearchAction\",\"target\":{\"@type\":\"EntryPoint\",\"urlTemplate\":\"https:\\\/\\\/www.aclanester56.com\\\/velo\\\/?s={search_term_string}\"},\"query-input\":{\"@type\":\"PropertyValueSpecification\",\"valueRequired\":true,\"valueName\":\"search_term_string\"}}],\"inLanguage\":\"fr-FR\"},{\"@type\":\"Organization\",\"@id\":\"https:\\\/\\\/www.aclanester56.com\\\/velo\\\/#organization\",\"name\":\"Avenir Cycliste Lanester 56\",\"url\":\"https:\\\/\\\/www.aclanester56.com\\\/velo\\\/\",\"logo\":{\"@type\":\"ImageObject\",\"inLanguage\":\"fr-FR\",\"@id\":\"https:\\\/\\\/www.aclanester56.com\\\/velo\\\/#\\\/schema\\\/logo\\\/image\\\/\",\"url\":\"https:\\\/\\\/www.aclanester56.com\\\/velo\\\/wp-content\\\/uploads\\\/2013\\\/04\\\/logo-ACL.jpg\",\"contentUrl\":\"https:\\\/\\\/www.aclanester56.com\\\/velo\\\/wp-content\\\/uploads\\\/2013\\\/04\\\/logo-ACL.jpg\",\"width\":400,\"height\":334,\"caption\":\"Avenir Cycliste Lanester 56\"},\"image\":{\"@id\":\"https:\\\/\\\/www.aclanester56.com\\\/velo\\\/#\\\/schema\\\/logo\\\/image\\\/\"},\"sameAs\":[\"https:\\\/\\\/www.facebook.com\\\/pages\\\/AC-Lanester-56\\\/190286300991242?fref=ts\"]},{\"@type\":\"Person\",\"@id\":\"https:\\\/\\\/www.aclanester56.com\\\/velo\\\/#\\\/schema\\\/person\\\/ca2a44a5fd969e9dd846c72d3b33bc01\",\"name\":\"Jean-Christophe\",\"url\":\"https:\\\/\\\/www.aclanester56.com\\\/velo\\\/author\\\/jeanchristophe\\\/\"}]}<\/script>\n<!-- \/ Yoast SEO plugin. -->","yoast_head_json":{"title":"Les minimes lanest\u00e9riens sur la Coupe du Conseil G\u00e9n\u00e9ral piste - Avenir Cycliste Lanester 56","robots":{"index":"index","follow":"follow","max-snippet":"max-snippet:-1","max-image-preview":"max-image-preview:large","max-video-preview":"max-video-preview:-1"},"canonical":"https:\/\/www.aclanester56.com\/velo\/les-minimes-lanesteriens-sur-la-coupe-du-conseil-general-piste\/","og_locale":"fr_FR","og_type":"article","og_title":"Les minimes lanest\u00e9riens sur la Coupe du Conseil G\u00e9n\u00e9ral piste - Avenir Cycliste Lanester 56","og_description":"Les minimes lanest\u00e9riens ont particip\u00e9 \u00e0 la premi\u00e8re manche de la Coupe du Conseil G\u00e9n\u00e9ral du Morbihan \u00ab\u00a0Souvenir Jo\u00ebl BOURVELLEC\u00a0\u00bb [&hellip;]","og_url":"https:\/\/www.aclanester56.com\/velo\/les-minimes-lanesteriens-sur-la-coupe-du-conseil-general-piste\/","og_site_name":"Avenir Cycliste Lanester 56","article_publisher":"https:\/\/www.facebook.com\/pages\/AC-Lanester-56\/190286300991242?fref=ts","article_published_time":"2011-04-06T10:55:06+00:00","article_modified_time":"2011-04-08T10:53:20+00:00","og_image":[{"width":650,"height":300,"url":"https:\/\/www.aclanester56.com\/velo\/wp-content\/uploads\/2011\/04\/Benjamin1.jpg","type":"image\/jpeg"}],"author":"Jean-Christophe","twitter_misc":{"\u00c9crit par":"Jean-Christophe","Dur\u00e9e de lecture estim\u00e9e":"1 minute"},"schema":{"@context":"https:\/\/schema.org","@graph":[{"@type":"Article","@id":"https:\/\/www.aclanester56.com\/velo\/les-minimes-lanesteriens-sur-la-coupe-du-conseil-general-piste\/#article","isPartOf":{"@id":"https:\/\/www.aclanester56.com\/velo\/les-minimes-lanesteriens-sur-la-coupe-du-conseil-general-piste\/"},"author":{"name":"Jean-Christophe","@id":"https:\/\/www.aclanester56.com\/velo\/#\/schema\/person\/ca2a44a5fd969e9dd846c72d3b33bc01"},"headline":"Les minimes lanest\u00e9riens sur la Coupe du Conseil G\u00e9n\u00e9ral piste","datePublished":"2011-04-06T10:55:06+00:00","dateModified":"2011-04-08T10:53:20+00:00","mainEntityOfPage":{"@id":"https:\/\/www.aclanester56.com\/velo\/les-minimes-lanesteriens-sur-la-coupe-du-conseil-general-piste\/"},"wordCount":199,"commentCount":0,"publisher":{"@id":"https:\/\/www.aclanester56.com\/velo\/#organization"},"image":{"@id":"https:\/\/www.aclanester56.com\/velo\/les-minimes-lanesteriens-sur-la-coupe-du-conseil-general-piste\/#primaryimage"},"thumbnailUrl":"https:\/\/www.aclanester56.com\/velo\/wp-content\/uploads\/2011\/04\/Benjamin1.jpg","articleSection":["AC LANESTER 56","R\u00e9sultats Minimes"],"inLanguage":"fr-FR","potentialAction":[{"@type":"CommentAction","name":"Comment","target":["https:\/\/www.aclanester56.com\/velo\/les-minimes-lanesteriens-sur-la-coupe-du-conseil-general-piste\/#respond"]}]},{"@type":"WebPage","@id":"https:\/\/www.aclanester56.com\/velo\/les-minimes-lanesteriens-sur-la-coupe-du-conseil-general-piste\/","url":"https:\/\/www.aclanester56.com\/velo\/les-minimes-lanesteriens-sur-la-coupe-du-conseil-general-piste\/","name":"Les minimes lanest\u00e9riens sur la Coupe du Conseil G\u00e9n\u00e9ral piste - Avenir Cycliste Lanester 56","isPartOf":{"@id":"https:\/\/www.aclanester56.com\/velo\/#website"},"primaryImageOfPage":{"@id":"https:\/\/www.aclanester56.com\/velo\/les-minimes-lanesteriens-sur-la-coupe-du-conseil-general-piste\/#primaryimage"},"image":{"@id":"https:\/\/www.aclanester56.com\/velo\/les-minimes-lanesteriens-sur-la-coupe-du-conseil-general-piste\/#primaryimage"},"thumbnailUrl":"https:\/\/www.aclanester56.com\/velo\/wp-content\/uploads\/2011\/04\/Benjamin1.jpg","datePublished":"2011-04-06T10:55:06+00:00","dateModified":"2011-04-08T10:53:20+00:00","inLanguage":"fr-FR","potentialAction":[{"@type":"ReadAction","target":["https:\/\/www.aclanester56.com\/velo\/les-minimes-lanesteriens-sur-la-coupe-du-conseil-general-piste\/"]}]},{"@type":"ImageObject","inLanguage":"fr-FR","@id":"https:\/\/www.aclanester56.com\/velo\/les-minimes-lanesteriens-sur-la-coupe-du-conseil-general-piste\/#primaryimage","url":"https:\/\/www.aclanester56.com\/velo\/wp-content\/uploads\/2011\/04\/Benjamin1.jpg","contentUrl":"https:\/\/www.aclanester56.com\/velo\/wp-content\/uploads\/2011\/04\/Benjamin1.jpg","width":650,"height":300},{"@type":"WebSite","@id":"https:\/\/www.aclanester56.com\/velo\/#website","url":"https:\/\/www.aclanester56.com\/velo\/","name":"Avenir Cycliste Lanester 56","description":"Club cycliste de l&#039;AC LANESTER 56","publisher":{"@id":"https:\/\/www.aclanester56.com\/velo\/#organization"},"potentialAction":[{"@type":"SearchAction","target":{"@type":"EntryPoint","urlTemplate":"https:\/\/www.aclanester56.com\/velo\/?s={search_term_string}"},"query-input":{"@type":"PropertyValueSpecification","valueRequired":true,"valueName":"search_term_string"}}],"inLanguage":"fr-FR"},{"@type":"Organization","@id":"https:\/\/www.aclanester56.com\/velo\/#organization","name":"Avenir Cycliste Lanester 56","url":"https:\/\/www.aclanester56.com\/velo\/","logo":{"@type":"ImageObject","inLanguage":"fr-FR","@id":"https:\/\/www.aclanester56.com\/velo\/#\/schema\/logo\/image\/","url":"https:\/\/www.aclanester56.com\/velo\/wp-content\/uploads\/2013\/04\/logo-ACL.jpg","contentUrl":"https:\/\/www.aclanester56.com\/velo\/wp-content\/uploads\/2013\/04\/logo-ACL.jpg","width":400,"height":334,"caption":"Avenir Cycliste Lanester 56"},"image":{"@id":"https:\/\/www.aclanester56.com\/velo\/#\/schema\/logo\/image\/"},"sameAs":["https:\/\/www.facebook.com\/pages\/AC-Lanester-56\/190286300991242?fref=ts"]},{"@type":"Person","@id":"https:\/\/www.aclanester56.com\/velo\/#\/schema\/person\/ca2a44a5fd969e9dd846c72d3b33bc01","name":"Jean-Christophe","url":"https:\/\/www.aclanester56.com\/velo\/author\/jeanchristophe\/"}]}},"_links":{"self":[{"href":"https:\/\/www.aclanester56.com\/velo\/wp-json\/wp\/v2\/posts\/8003","targetHints":{"allow":["GET"]}}],"collection":[{"href":"https:\/\/www.aclanester56.com\/velo\/wp-json\/wp\/v2\/posts"}],"about":[{"href":"https:\/\/www.aclanester56.com\/velo\/wp-json\/wp\/v2\/types\/post"}],"author":[{"embeddable":true,"href":"https:\/\/www.aclanester56.com\/velo\/wp-json\/wp\/v2\/users\/14"}],"replies":[{"embeddable":true,"href":"https:\/\/www.aclanester56.com\/velo\/wp-json\/wp\/v2\/comments?post=8003"}],"version-history":[{"count":0,"href":"https:\/\/www.aclanester56.com\/velo\/wp-json\/wp\/v2\/posts\/8003\/revisions"}],"wp:featuredmedia":[{"embeddable":true,"href":"https:\/\/www.aclanester56.com\/velo\/wp-json\/wp\/v2\/media\/8013"}],"wp:attachment":[{"href":"https:\/\/www.aclanester56.com\/velo\/wp-json\/wp\/v2\/media?parent=8003"}],"wp:term":[{"taxonomy":"category","embeddable":true,"href":"https:\/\/www.aclanester56.com\/velo\/wp-json\/wp\/v2\/categories?post=8003"},{"taxonomy":"post_tag","embeddable":true,"href":"https:\/\/www.aclanester56.com\/velo\/wp-json\/wp\/v2\/tags?post=8003"}],"curies":[{"name":"wp","href":"https:\/\/api.w.org\/{rel}","templated":true}]}}