{"id":8040,"date":"2011-04-08T11:52:17","date_gmt":"2011-04-08T10:52:17","guid":{"rendered":"http:\/\/www.aclanester56.com\/velo\/?p=8040"},"modified":"2011-04-10T17:45:37","modified_gmt":"2011-04-10T16:45:37","slug":"operation-promotion-du-cyclisme-morbihannais-au-moustoir-ce-week-end","status":"publish","type":"post","link":"https:\/\/www.aclanester56.com\/velo\/operation-promotion-du-cyclisme-morbihannais-au-moustoir-ce-week-end\/","title":{"rendered":"Op\u00e9ration Promotion du Cyclisme Morbihannais au Moustoir ce week-end"},"content":{"rendered":"<div id=\"attachment_7712\" style=\"width: 370px\" class=\"wp-caption alignleft\"><a href=\"http:\/\/www.aclanester56.com\/velo\/wp-content\/uploads\/2011\/03\/Warren-BARGUIL-au-circuit-du-Morbihan.jpg\" ><img loading=\"lazy\" decoding=\"async\" aria-describedby=\"caption-attachment-7712\" src=\"http:\/\/www.aclanester56.com\/velo\/wp-content\/uploads\/2011\/03\/Warren-BARGUIL-au-circuit-du-Morbihan.jpg\" alt=\"\" title=\"Le Lanest\u00e9rien Warren BARGUIL donnera le coup d&#039;envoi du match de ligue 1 opposant le FC LORIENT au FC SOCHAUX demain au stade du Moustoir (phot Bruno PERREL)\" width=\"360\" height=\"240\" class=\"size-full wp-image-7712\" srcset=\"https:\/\/www.aclanester56.com\/velo\/wp-content\/uploads\/2011\/03\/Warren-BARGUIL-au-circuit-du-Morbihan.jpg 720w, https:\/\/www.aclanester56.com\/velo\/wp-content\/uploads\/2011\/03\/Warren-BARGUIL-au-circuit-du-Morbihan-300x200.jpg 300w\" sizes=\"auto, (max-width: 360px) 100vw, 360px\" \/><\/a><p id=\"caption-attachment-7712\" class=\"wp-caption-text\">Le Lanest\u00e9rien Warren BARGUIL donnera le coup d&#039;envoi du match de ligue 1 opposant le FC LORIENT au FC SOCHAUX demain au stade du Moustoir (phot Bruno PERREL)<\/p><\/div>\n<p style=\"text-align: justify;\">Dans le cadre du match de football de ligue 1 opposant le FC LORIENT au FC SOCHAUX \u00e0 19H00 le samedi 09 avril, une animation r\u00e9unissant les \u00e9coles de cyclisme des clubs locaux aura lieu \u00e0 partir de 15H aux abords du stade Yves Allainmat au Moustoir \u00e0 Lorient.<\/p>\n<p style=\"text-align: justify;\">A 19H, c&rsquo;est le coureur de l&rsquo;AC LANESTER 56 Warren BARGUIL, accompagn\u00e9 du champion de France junior en titre Mathieu LE LAVANDIER, qui donnera le coup d&rsquo;envoi du match !<\/p>\n<p style=\"text-align: justify;\">Ce rapprochement entre le monde du football et du cyclisme est une superbe initiative, permettant de promouvoir notre discipline \u00e0 travers les d\u00e9monstrations des \u00e9coles de v\u00e9lo.<\/p>\n","protected":false},"excerpt":{"rendered":"<p>Dans le cadre du match de football de ligue 1 opposant le FC LORIENT au FC SOCHAUX \u00e0 19H00 le [&hellip;]<\/p>\n","protected":false},"author":14,"featured_media":8043,"comment_status":"open","ping_status":"closed","sticky":false,"template":"","format":"standard","meta":{"ngg_post_thumbnail":0,"footnotes":""},"categories":[5],"tags":[],"class_list":["post-8040","post","type-post","status-publish","format-standard","has-post-thumbnail","hentry","category-ac-lanester-56"],"yoast_head":"<!-- This site is optimized with the Yoast SEO plugin v27.5 - https:\/\/yoast.com\/product\/yoast-seo-wordpress\/ -->\n<title>Op\u00e9ration Promotion du Cyclisme Morbihannais au Moustoir ce week-end - Avenir Cycliste Lanester 56<\/title>\n<meta name=\"robots\" content=\"index, follow, max-snippet:-1, max-image-preview:large, max-video-preview:-1\" \/>\n<link rel=\"canonical\" href=\"https:\/\/www.aclanester56.com\/velo\/operation-promotion-du-cyclisme-morbihannais-au-moustoir-ce-week-end\/\" \/>\n<meta property=\"og:locale\" content=\"fr_FR\" \/>\n<meta property=\"og:type\" content=\"article\" \/>\n<meta property=\"og:title\" content=\"Op\u00e9ration Promotion du Cyclisme Morbihannais au Moustoir ce week-end - Avenir Cycliste Lanester 56\" \/>\n<meta property=\"og:description\" content=\"Dans le cadre du match de football de ligue 1 opposant le FC LORIENT au FC SOCHAUX \u00e0 19H00 le [&hellip;]\" \/>\n<meta property=\"og:url\" content=\"https:\/\/www.aclanester56.com\/velo\/operation-promotion-du-cyclisme-morbihannais-au-moustoir-ce-week-end\/\" \/>\n<meta property=\"og:site_name\" content=\"Avenir Cycliste Lanester 56\" \/>\n<meta property=\"article:publisher\" content=\"https:\/\/www.facebook.com\/pages\/AC-Lanester-56\/190286300991242?fref=ts\" \/>\n<meta property=\"article:published_time\" content=\"2011-04-08T10:52:17+00:00\" \/>\n<meta property=\"article:modified_time\" content=\"2011-04-10T16:45:37+00:00\" \/>\n<meta property=\"og:image\" content=\"https:\/\/www.aclanester56.com\/velo\/wp-content\/uploads\/2011\/04\/Warren-BARGUIL-au-circuit-du-Morbihan.jpg\" \/>\n\t<meta property=\"og:image:width\" content=\"650\" \/>\n\t<meta property=\"og:image:height\" content=\"300\" \/>\n\t<meta property=\"og:image:type\" content=\"image\/jpeg\" \/>\n<meta name=\"author\" content=\"Jean-Christophe\" \/>\n<meta name=\"twitter:label1\" content=\"\u00c9crit par\" \/>\n\t<meta name=\"twitter:data1\" content=\"Jean-Christophe\" \/>\n\t<meta name=\"twitter:label2\" content=\"Dur\u00e9e de lecture estim\u00e9e\" \/>\n\t<meta name=\"twitter:data2\" content=\"1 minute\" \/>\n<script type=\"application\/ld+json\" class=\"yoast-schema-graph\">{\"@context\":\"https:\\\/\\\/schema.org\",\"@graph\":[{\"@type\":\"Article\",\"@id\":\"https:\\\/\\\/www.aclanester56.com\\\/velo\\\/operation-promotion-du-cyclisme-morbihannais-au-moustoir-ce-week-end\\\/#article\",\"isPartOf\":{\"@id\":\"https:\\\/\\\/www.aclanester56.com\\\/velo\\\/operation-promotion-du-cyclisme-morbihannais-au-moustoir-ce-week-end\\\/\"},\"author\":{\"name\":\"Jean-Christophe\",\"@id\":\"https:\\\/\\\/www.aclanester56.com\\\/velo\\\/#\\\/schema\\\/person\\\/ca2a44a5fd969e9dd846c72d3b33bc01\"},\"headline\":\"Op\u00e9ration Promotion du Cyclisme Morbihannais au Moustoir ce week-end\",\"datePublished\":\"2011-04-08T10:52:17+00:00\",\"dateModified\":\"2011-04-10T16:45:37+00:00\",\"mainEntityOfPage\":{\"@id\":\"https:\\\/\\\/www.aclanester56.com\\\/velo\\\/operation-promotion-du-cyclisme-morbihannais-au-moustoir-ce-week-end\\\/\"},\"wordCount\":148,\"commentCount\":0,\"publisher\":{\"@id\":\"https:\\\/\\\/www.aclanester56.com\\\/velo\\\/#organization\"},\"image\":{\"@id\":\"https:\\\/\\\/www.aclanester56.com\\\/velo\\\/operation-promotion-du-cyclisme-morbihannais-au-moustoir-ce-week-end\\\/#primaryimage\"},\"thumbnailUrl\":\"https:\\\/\\\/www.aclanester56.com\\\/velo\\\/wp-content\\\/uploads\\\/2011\\\/04\\\/Warren-BARGUIL-au-circuit-du-Morbihan.jpg\",\"articleSection\":[\"AC LANESTER 56\"],\"inLanguage\":\"fr-FR\",\"potentialAction\":[{\"@type\":\"CommentAction\",\"name\":\"Comment\",\"target\":[\"https:\\\/\\\/www.aclanester56.com\\\/velo\\\/operation-promotion-du-cyclisme-morbihannais-au-moustoir-ce-week-end\\\/#respond\"]}]},{\"@type\":\"WebPage\",\"@id\":\"https:\\\/\\\/www.aclanester56.com\\\/velo\\\/operation-promotion-du-cyclisme-morbihannais-au-moustoir-ce-week-end\\\/\",\"url\":\"https:\\\/\\\/www.aclanester56.com\\\/velo\\\/operation-promotion-du-cyclisme-morbihannais-au-moustoir-ce-week-end\\\/\",\"name\":\"Op\u00e9ration Promotion du Cyclisme Morbihannais au Moustoir ce week-end - Avenir Cycliste Lanester 56\",\"isPartOf\":{\"@id\":\"https:\\\/\\\/www.aclanester56.com\\\/velo\\\/#website\"},\"primaryImageOfPage\":{\"@id\":\"https:\\\/\\\/www.aclanester56.com\\\/velo\\\/operation-promotion-du-cyclisme-morbihannais-au-moustoir-ce-week-end\\\/#primaryimage\"},\"image\":{\"@id\":\"https:\\\/\\\/www.aclanester56.com\\\/velo\\\/operation-promotion-du-cyclisme-morbihannais-au-moustoir-ce-week-end\\\/#primaryimage\"},\"thumbnailUrl\":\"https:\\\/\\\/www.aclanester56.com\\\/velo\\\/wp-content\\\/uploads\\\/2011\\\/04\\\/Warren-BARGUIL-au-circuit-du-Morbihan.jpg\",\"datePublished\":\"2011-04-08T10:52:17+00:00\",\"dateModified\":\"2011-04-10T16:45:37+00:00\",\"inLanguage\":\"fr-FR\",\"potentialAction\":[{\"@type\":\"ReadAction\",\"target\":[\"https:\\\/\\\/www.aclanester56.com\\\/velo\\\/operation-promotion-du-cyclisme-morbihannais-au-moustoir-ce-week-end\\\/\"]}]},{\"@type\":\"ImageObject\",\"inLanguage\":\"fr-FR\",\"@id\":\"https:\\\/\\\/www.aclanester56.com\\\/velo\\\/operation-promotion-du-cyclisme-morbihannais-au-moustoir-ce-week-end\\\/#primaryimage\",\"url\":\"https:\\\/\\\/www.aclanester56.com\\\/velo\\\/wp-content\\\/uploads\\\/2011\\\/04\\\/Warren-BARGUIL-au-circuit-du-Morbihan.jpg\",\"contentUrl\":\"https:\\\/\\\/www.aclanester56.com\\\/velo\\\/wp-content\\\/uploads\\\/2011\\\/04\\\/Warren-BARGUIL-au-circuit-du-Morbihan.jpg\",\"width\":650,\"height\":300},{\"@type\":\"WebSite\",\"@id\":\"https:\\\/\\\/www.aclanester56.com\\\/velo\\\/#website\",\"url\":\"https:\\\/\\\/www.aclanester56.com\\\/velo\\\/\",\"name\":\"Avenir Cycliste Lanester 56\",\"description\":\"Club cycliste de l&#039;AC LANESTER 56\",\"publisher\":{\"@id\":\"https:\\\/\\\/www.aclanester56.com\\\/velo\\\/#organization\"},\"potentialAction\":[{\"@type\":\"SearchAction\",\"target\":{\"@type\":\"EntryPoint\",\"urlTemplate\":\"https:\\\/\\\/www.aclanester56.com\\\/velo\\\/?s={search_term_string}\"},\"query-input\":{\"@type\":\"PropertyValueSpecification\",\"valueRequired\":true,\"valueName\":\"search_term_string\"}}],\"inLanguage\":\"fr-FR\"},{\"@type\":\"Organization\",\"@id\":\"https:\\\/\\\/www.aclanester56.com\\\/velo\\\/#organization\",\"name\":\"Avenir Cycliste Lanester 56\",\"url\":\"https:\\\/\\\/www.aclanester56.com\\\/velo\\\/\",\"logo\":{\"@type\":\"ImageObject\",\"inLanguage\":\"fr-FR\",\"@id\":\"https:\\\/\\\/www.aclanester56.com\\\/velo\\\/#\\\/schema\\\/logo\\\/image\\\/\",\"url\":\"https:\\\/\\\/www.aclanester56.com\\\/velo\\\/wp-content\\\/uploads\\\/2013\\\/04\\\/logo-ACL.jpg\",\"contentUrl\":\"https:\\\/\\\/www.aclanester56.com\\\/velo\\\/wp-content\\\/uploads\\\/2013\\\/04\\\/logo-ACL.jpg\",\"width\":400,\"height\":334,\"caption\":\"Avenir Cycliste Lanester 56\"},\"image\":{\"@id\":\"https:\\\/\\\/www.aclanester56.com\\\/velo\\\/#\\\/schema\\\/logo\\\/image\\\/\"},\"sameAs\":[\"https:\\\/\\\/www.facebook.com\\\/pages\\\/AC-Lanester-56\\\/190286300991242?fref=ts\"]},{\"@type\":\"Person\",\"@id\":\"https:\\\/\\\/www.aclanester56.com\\\/velo\\\/#\\\/schema\\\/person\\\/ca2a44a5fd969e9dd846c72d3b33bc01\",\"name\":\"Jean-Christophe\",\"url\":\"https:\\\/\\\/www.aclanester56.com\\\/velo\\\/author\\\/jeanchristophe\\\/\"}]}<\/script>\n<!-- \/ Yoast SEO plugin. -->","yoast_head_json":{"title":"Op\u00e9ration Promotion du Cyclisme Morbihannais au Moustoir ce week-end - Avenir Cycliste Lanester 56","robots":{"index":"index","follow":"follow","max-snippet":"max-snippet:-1","max-image-preview":"max-image-preview:large","max-video-preview":"max-video-preview:-1"},"canonical":"https:\/\/www.aclanester56.com\/velo\/operation-promotion-du-cyclisme-morbihannais-au-moustoir-ce-week-end\/","og_locale":"fr_FR","og_type":"article","og_title":"Op\u00e9ration Promotion du Cyclisme Morbihannais au Moustoir ce week-end - Avenir Cycliste Lanester 56","og_description":"Dans le cadre du match de football de ligue 1 opposant le FC LORIENT au FC SOCHAUX \u00e0 19H00 le [&hellip;]","og_url":"https:\/\/www.aclanester56.com\/velo\/operation-promotion-du-cyclisme-morbihannais-au-moustoir-ce-week-end\/","og_site_name":"Avenir Cycliste Lanester 56","article_publisher":"https:\/\/www.facebook.com\/pages\/AC-Lanester-56\/190286300991242?fref=ts","article_published_time":"2011-04-08T10:52:17+00:00","article_modified_time":"2011-04-10T16:45:37+00:00","og_image":[{"width":650,"height":300,"url":"https:\/\/www.aclanester56.com\/velo\/wp-content\/uploads\/2011\/04\/Warren-BARGUIL-au-circuit-du-Morbihan.jpg","type":"image\/jpeg"}],"author":"Jean-Christophe","twitter_misc":{"\u00c9crit par":"Jean-Christophe","Dur\u00e9e de lecture estim\u00e9e":"1 minute"},"schema":{"@context":"https:\/\/schema.org","@graph":[{"@type":"Article","@id":"https:\/\/www.aclanester56.com\/velo\/operation-promotion-du-cyclisme-morbihannais-au-moustoir-ce-week-end\/#article","isPartOf":{"@id":"https:\/\/www.aclanester56.com\/velo\/operation-promotion-du-cyclisme-morbihannais-au-moustoir-ce-week-end\/"},"author":{"name":"Jean-Christophe","@id":"https:\/\/www.aclanester56.com\/velo\/#\/schema\/person\/ca2a44a5fd969e9dd846c72d3b33bc01"},"headline":"Op\u00e9ration Promotion du Cyclisme Morbihannais au Moustoir ce week-end","datePublished":"2011-04-08T10:52:17+00:00","dateModified":"2011-04-10T16:45:37+00:00","mainEntityOfPage":{"@id":"https:\/\/www.aclanester56.com\/velo\/operation-promotion-du-cyclisme-morbihannais-au-moustoir-ce-week-end\/"},"wordCount":148,"commentCount":0,"publisher":{"@id":"https:\/\/www.aclanester56.com\/velo\/#organization"},"image":{"@id":"https:\/\/www.aclanester56.com\/velo\/operation-promotion-du-cyclisme-morbihannais-au-moustoir-ce-week-end\/#primaryimage"},"thumbnailUrl":"https:\/\/www.aclanester56.com\/velo\/wp-content\/uploads\/2011\/04\/Warren-BARGUIL-au-circuit-du-Morbihan.jpg","articleSection":["AC LANESTER 56"],"inLanguage":"fr-FR","potentialAction":[{"@type":"CommentAction","name":"Comment","target":["https:\/\/www.aclanester56.com\/velo\/operation-promotion-du-cyclisme-morbihannais-au-moustoir-ce-week-end\/#respond"]}]},{"@type":"WebPage","@id":"https:\/\/www.aclanester56.com\/velo\/operation-promotion-du-cyclisme-morbihannais-au-moustoir-ce-week-end\/","url":"https:\/\/www.aclanester56.com\/velo\/operation-promotion-du-cyclisme-morbihannais-au-moustoir-ce-week-end\/","name":"Op\u00e9ration Promotion du Cyclisme Morbihannais au Moustoir ce week-end - Avenir Cycliste Lanester 56","isPartOf":{"@id":"https:\/\/www.aclanester56.com\/velo\/#website"},"primaryImageOfPage":{"@id":"https:\/\/www.aclanester56.com\/velo\/operation-promotion-du-cyclisme-morbihannais-au-moustoir-ce-week-end\/#primaryimage"},"image":{"@id":"https:\/\/www.aclanester56.com\/velo\/operation-promotion-du-cyclisme-morbihannais-au-moustoir-ce-week-end\/#primaryimage"},"thumbnailUrl":"https:\/\/www.aclanester56.com\/velo\/wp-content\/uploads\/2011\/04\/Warren-BARGUIL-au-circuit-du-Morbihan.jpg","datePublished":"2011-04-08T10:52:17+00:00","dateModified":"2011-04-10T16:45:37+00:00","inLanguage":"fr-FR","potentialAction":[{"@type":"ReadAction","target":["https:\/\/www.aclanester56.com\/velo\/operation-promotion-du-cyclisme-morbihannais-au-moustoir-ce-week-end\/"]}]},{"@type":"ImageObject","inLanguage":"fr-FR","@id":"https:\/\/www.aclanester56.com\/velo\/operation-promotion-du-cyclisme-morbihannais-au-moustoir-ce-week-end\/#primaryimage","url":"https:\/\/www.aclanester56.com\/velo\/wp-content\/uploads\/2011\/04\/Warren-BARGUIL-au-circuit-du-Morbihan.jpg","contentUrl":"https:\/\/www.aclanester56.com\/velo\/wp-content\/uploads\/2011\/04\/Warren-BARGUIL-au-circuit-du-Morbihan.jpg","width":650,"height":300},{"@type":"WebSite","@id":"https:\/\/www.aclanester56.com\/velo\/#website","url":"https:\/\/www.aclanester56.com\/velo\/","name":"Avenir Cycliste Lanester 56","description":"Club cycliste de l&#039;AC LANESTER 56","publisher":{"@id":"https:\/\/www.aclanester56.com\/velo\/#organization"},"potentialAction":[{"@type":"SearchAction","target":{"@type":"EntryPoint","urlTemplate":"https:\/\/www.aclanester56.com\/velo\/?s={search_term_string}"},"query-input":{"@type":"PropertyValueSpecification","valueRequired":true,"valueName":"search_term_string"}}],"inLanguage":"fr-FR"},{"@type":"Organization","@id":"https:\/\/www.aclanester56.com\/velo\/#organization","name":"Avenir Cycliste Lanester 56","url":"https:\/\/www.aclanester56.com\/velo\/","logo":{"@type":"ImageObject","inLanguage":"fr-FR","@id":"https:\/\/www.aclanester56.com\/velo\/#\/schema\/logo\/image\/","url":"https:\/\/www.aclanester56.com\/velo\/wp-content\/uploads\/2013\/04\/logo-ACL.jpg","contentUrl":"https:\/\/www.aclanester56.com\/velo\/wp-content\/uploads\/2013\/04\/logo-ACL.jpg","width":400,"height":334,"caption":"Avenir Cycliste Lanester 56"},"image":{"@id":"https:\/\/www.aclanester56.com\/velo\/#\/schema\/logo\/image\/"},"sameAs":["https:\/\/www.facebook.com\/pages\/AC-Lanester-56\/190286300991242?fref=ts"]},{"@type":"Person","@id":"https:\/\/www.aclanester56.com\/velo\/#\/schema\/person\/ca2a44a5fd969e9dd846c72d3b33bc01","name":"Jean-Christophe","url":"https:\/\/www.aclanester56.com\/velo\/author\/jeanchristophe\/"}]}},"_links":{"self":[{"href":"https:\/\/www.aclanester56.com\/velo\/wp-json\/wp\/v2\/posts\/8040","targetHints":{"allow":["GET"]}}],"collection":[{"href":"https:\/\/www.aclanester56.com\/velo\/wp-json\/wp\/v2\/posts"}],"about":[{"href":"https:\/\/www.aclanester56.com\/velo\/wp-json\/wp\/v2\/types\/post"}],"author":[{"embeddable":true,"href":"https:\/\/www.aclanester56.com\/velo\/wp-json\/wp\/v2\/users\/14"}],"replies":[{"embeddable":true,"href":"https:\/\/www.aclanester56.com\/velo\/wp-json\/wp\/v2\/comments?post=8040"}],"version-history":[{"count":0,"href":"https:\/\/www.aclanester56.com\/velo\/wp-json\/wp\/v2\/posts\/8040\/revisions"}],"wp:featuredmedia":[{"embeddable":true,"href":"https:\/\/www.aclanester56.com\/velo\/wp-json\/wp\/v2\/media\/8043"}],"wp:attachment":[{"href":"https:\/\/www.aclanester56.com\/velo\/wp-json\/wp\/v2\/media?parent=8040"}],"wp:term":[{"taxonomy":"category","embeddable":true,"href":"https:\/\/www.aclanester56.com\/velo\/wp-json\/wp\/v2\/categories?post=8040"},{"taxonomy":"post_tag","embeddable":true,"href":"https:\/\/www.aclanester56.com\/velo\/wp-json\/wp\/v2\/tags?post=8040"}],"curies":[{"name":"wp","href":"https:\/\/api.w.org\/{rel}","templated":true}]}}