{"id":8067,"date":"2011-04-10T18:23:52","date_gmt":"2011-04-10T17:23:52","guid":{"rendered":"http:\/\/www.aclanester56.com\/velo\/?p=8067"},"modified":"2011-04-12T20:32:35","modified_gmt":"2011-04-12T19:32:35","slug":"52eme-redon-redon-bichot-en-solitaire-barguil-6eme","status":"publish","type":"post","link":"https:\/\/www.aclanester56.com\/velo\/52eme-redon-redon-bichot-en-solitaire-barguil-6eme\/","title":{"rendered":"52\u00e8me Redon-Redon : Bichot en solitaire, Barguil 6\u00e8me"},"content":{"rendered":"<div id=\"attachment_8068\" style=\"width: 310px\" class=\"wp-caption alignleft\"><a href=\"http:\/\/www.aclanester56.com\/velo\/wp-content\/uploads\/2011\/04\/Redon-Redon-sprint-bretagne-cyclisme.jpg\" ><img loading=\"lazy\" decoding=\"async\" aria-describedby=\"caption-attachment-8068\" src=\"http:\/\/www.aclanester56.com\/velo\/wp-content\/uploads\/2011\/04\/Redon-Redon-sprint-bretagne-cyclisme.jpg\" alt=\"\" title=\"Warren BARGUIL (AC LANESTER 56), \u00e0 gauche, termine 7\u00e8me aujourd&#039;hui de Redon-Redon apr\u00e8s avoir anim\u00e9 le final ( www.bretagne-cyclisme.com)\" width=\"300\" height=\"216\" class=\"size-full wp-image-8068\" srcset=\"https:\/\/www.aclanester56.com\/velo\/wp-content\/uploads\/2011\/04\/Redon-Redon-sprint-bretagne-cyclisme.jpg 600w, https:\/\/www.aclanester56.com\/velo\/wp-content\/uploads\/2011\/04\/Redon-Redon-sprint-bretagne-cyclisme-300x216.jpg 300w, https:\/\/www.aclanester56.com\/velo\/wp-content\/uploads\/2011\/04\/Redon-Redon-sprint-bretagne-cyclisme-415x300.jpg 415w\" sizes=\"auto, (max-width: 300px) 100vw, 300px\" \/><\/a><p id=\"caption-attachment-8068\" class=\"wp-caption-text\">Warren BARGUIL (AC LANESTER 56), \u00e0 gauche, termine 7\u00e8me aujourd&#039;hui de Redon-Redon apr\u00e8s avoir anim\u00e9 le final ( www.bretagne-cyclisme.com)<\/p><\/div>\n<p style=\"text-align: justify;\">Pr\u00e8s de deux-cents participants sont pr\u00e9sents sur la ligne de d\u00e9part de la doyenne des classiques bretonnes, \u00e0 l&rsquo;occasion\u00a0de la 52\u00e8me \u00e9dition de Redon-Redon, disput\u00e9e sur 159.5 Km de course. Ce tr\u00e8s beau plateau promet une belle bagarre dans le spectaculaire final \u00e0 Redon, rythm\u00e9\u00a0par les ascensions de la s\u00e9v\u00e8re C\u00f4te de St Barth\u00e9l\u00e9my.<\/p>\n<p><!--more--><\/p>\n<p>&nbsp;<\/p>\n<p><span style=\"color: #ff6600;\"><strong>Le circuit en ligne ne fait pas la diff\u00e9rence<\/strong><\/span><\/p>\n<p style=\"text-align: justify;\">Sur le parcours en ligne relativement roulant, aucune \u00e9chapp\u00e9e ne parvient \u00e0 prendre le large. La premi\u00e8re escarmourche s\u00e9rieuse est \u00e0 mettre \u00e0 l&rsquo;actif de\u00a0onze hommes qui prennent la poudre d&rsquo;escampette aux alentours du 100\u00e8me Kilom\u00e8tre. Le Lanest\u00e9rien Vincent RAGOT figure dans ce groupe, o\u00f9 malheureusement\u00a0plusieurs \u00e9quipes ne sont pas repr\u00e9sent\u00e9es comme C\u00f4tes d&rsquo;Armor Marie Morin ou Vend\u00e9e U. L&rsquo;\u00e9cart ne d\u00e9passera jamais la minute et les fuyards sont remis \u00e0 la\u00a0raison au 1er tour du circuit final de Redon.<\/p>\n<p><span style=\"color: #ff6600;\"><strong>Warren Barguil lance \u00ab\u00a0la bonne\u00a0\u00bb<\/strong><\/span><\/p>\n<p style=\"text-align: justify;\">Juste avant le retour du peloton, un coureur russe de Katusha accompagn\u00e9 du Hennebontais AUBERGER se sont extraits\u00a0du groupe de t\u00eate et vont tenir un peu moins de deux tours en t\u00eate. A trois tours de l&rsquo;arriv\u00e9e, Warren BARGUIL (AC LANESTER 56) place un d\u00e9marrage foudroyant et\u00a0seulement six coureurs parviennent \u00e0 l&rsquo;accompagner. M\u00eame si l&rsquo;entente est bonne, trois coureurs r\u00e9ussissent \u00e0 faire la jonction avec notamment le Lanest\u00e9rien\u00a0Ludovic POILVET.<\/p>\n<p><span style=\"color: #ff6600;\"><strong>Poilvet distanc\u00e9 par Bich<\/strong><strong>o<\/strong><strong>t<\/strong><\/span><\/p>\n<p style=\"text-align: justify;\">Ce dernier va d&rsquo;ailleurs r\u00e9pondre, avec un autre coureur, \u00e0 l&rsquo;attaque dans le dernier tour de l&rsquo;ancien professionnel Freddy BICHOT (V\u00e9randa Rideau), mais ce dernier va\u00a0irr\u00e9m\u00e9diablement distancer ces adversaires.\u00a0BICHOT va r\u00e9sister jusqu&rsquo;au bout et remporter une \u00e9clatante victoire sur ce 52\u00e8me Redon-Redon.<\/p>\n<p><span style=\"color: #ff6600;\"><strong>Retour du peloton \u00e0 la flamme rouge<\/strong><\/span><\/p>\n<p style=\"text-align: justify;\">Derri\u00e8re, Warren BARGUIL qui pr\u00e9t\u00e9geait\u00a0son co\u00e9quipier Ludovic POILVET avant que ce dernier ne c\u00e8de, tente le tout pour le tout mais ne peut emp\u00eacher le retour du peloton dans le tout dernier kilom\u00e8tre, au pied\u00a0de la derni\u00e8re ascension. Au sprint, Julien GONNET (Arm\u00e9e de Terre) termine 2\u00e8me, juste devant l&rsquo;ancien professionnel M\u00e9d\u00e9ric CLAIN (ST CYR TOURS). Warren BARGUIL parvient\u00a0\u00e0 sauver une belle 7\u00e8me place, remportant \u00e9galement le classement r\u00e9serv\u00e9 aux espoirs.<\/p>\n<p><span style=\"text-decoration: underline;\"><strong>Classement :<\/strong><\/span><\/p>\n<p>1 Freddy Bichot (Team V\u00e9randa Rideau Sarthe)<br \/>\n2 Julien Gonnet (CSA Des Loges &#8211; Arm\u00e9e de Terre)<br \/>\n3 M\u00e9d\u00e9ric Clain (Tours Agglo 37)<br \/>\n4 David Chopin (Hennebont Cyclisme)<br \/>\n5 Neil Canevet (Leuc\u00e9mie Espoir Quimper)<br \/>\n6 Gr\u00e9goire Le Calv\u00e9 (Hennebont Cyclisme)<br \/>\n<span style=\"background-color: #ff6600;\">7 Warren Barguil (AC Lanester 56)<\/span><br \/>\n8 S\u00e9bastien Harbonnier (CSA Des Loges &#8211; Arm\u00e9e de Terre)<br \/>\n9 C\u00e9sar Bihel (C\u00f4tes d&rsquo;Armor Marie Morin)<br \/>\n10 Benjamin Le Montagner (C\u00f4tes d&rsquo;Armor Marie Morin)<br \/>\n<span style=\"background-color: #ff6600;\">28 GUILLOU Romain (AC Lanester 56)<\/span><br \/>\n<span style=\"background-color: #ff6600;\">75 CORNIC Maxime (AC Lanester 56)<\/span><br \/>\n<span style=\"background-color: #ff6600;\">94 RAULT Yann (AC Lanester 56)<\/span><br \/>\n<span style=\"background-color: #ff6600;\">95 POILVET Ludovic (AC Lanester 56)<\/span><br \/>\n<span style=\"background-color: #ff6600;\">130 SIBY Mickael (AC Lanester 56)<\/span><br \/>\n<span style=\"background-color: #ff6600;\">137 RAGOT Vincent (AC Lanester 56)<\/span><\/p>\n<p>&nbsp;<\/p>\n","protected":false},"excerpt":{"rendered":"<p>Pr\u00e8s de deux-cents participants sont pr\u00e9sents sur la ligne de d\u00e9part de la doyenne des classiques bretonnes, \u00e0 l&rsquo;occasion\u00a0de la [&hellip;]<\/p>\n","protected":false},"author":14,"featured_media":8070,"comment_status":"open","ping_status":"closed","sticky":false,"template":"","format":"standard","meta":{"ngg_post_thumbnail":0,"footnotes":""},"categories":[5,14,17],"tags":[],"class_list":["post-8067","post","type-post","status-publish","format-standard","has-post-thumbnail","hentry","category-ac-lanester-56","category-actualites-dn","category-resultats-dn"],"yoast_head":"<!-- This site is optimized with the Yoast SEO plugin v27.5 - https:\/\/yoast.com\/product\/yoast-seo-wordpress\/ -->\n<title>52\u00e8me Redon-Redon : Bichot en solitaire, Barguil 6\u00e8me - Avenir Cycliste Lanester 56<\/title>\n<meta name=\"robots\" content=\"index, follow, max-snippet:-1, max-image-preview:large, max-video-preview:-1\" \/>\n<link rel=\"canonical\" href=\"https:\/\/www.aclanester56.com\/velo\/52eme-redon-redon-bichot-en-solitaire-barguil-6eme\/\" \/>\n<meta property=\"og:locale\" content=\"fr_FR\" \/>\n<meta property=\"og:type\" content=\"article\" \/>\n<meta property=\"og:title\" content=\"52\u00e8me Redon-Redon : Bichot en solitaire, Barguil 6\u00e8me - Avenir Cycliste Lanester 56\" \/>\n<meta property=\"og:description\" content=\"Pr\u00e8s de deux-cents participants sont pr\u00e9sents sur la ligne de d\u00e9part de la doyenne des classiques bretonnes, \u00e0 l&rsquo;occasion\u00a0de la [&hellip;]\" \/>\n<meta property=\"og:url\" content=\"https:\/\/www.aclanester56.com\/velo\/52eme-redon-redon-bichot-en-solitaire-barguil-6eme\/\" \/>\n<meta property=\"og:site_name\" content=\"Avenir Cycliste Lanester 56\" \/>\n<meta property=\"article:publisher\" content=\"https:\/\/www.facebook.com\/pages\/AC-Lanester-56\/190286300991242?fref=ts\" \/>\n<meta property=\"article:published_time\" content=\"2011-04-10T17:23:52+00:00\" \/>\n<meta property=\"article:modified_time\" content=\"2011-04-12T19:32:35+00:00\" \/>\n<meta property=\"og:image\" content=\"https:\/\/www.aclanester56.com\/velo\/wp-content\/uploads\/2011\/04\/Redon-Redon-sprint-bretagne-cyclisme-Copie.jpg\" \/>\n\t<meta property=\"og:image:width\" content=\"650\" \/>\n\t<meta property=\"og:image:height\" content=\"300\" \/>\n\t<meta property=\"og:image:type\" content=\"image\/jpeg\" \/>\n<meta name=\"author\" content=\"Jean-Christophe\" \/>\n<meta name=\"twitter:label1\" content=\"\u00c9crit par\" \/>\n\t<meta name=\"twitter:data1\" content=\"Jean-Christophe\" \/>\n\t<meta name=\"twitter:label2\" content=\"Dur\u00e9e de lecture estim\u00e9e\" \/>\n\t<meta name=\"twitter:data2\" content=\"3 minutes\" \/>\n<script type=\"application\/ld+json\" class=\"yoast-schema-graph\">{\"@context\":\"https:\\\/\\\/schema.org\",\"@graph\":[{\"@type\":\"Article\",\"@id\":\"https:\\\/\\\/www.aclanester56.com\\\/velo\\\/52eme-redon-redon-bichot-en-solitaire-barguil-6eme\\\/#article\",\"isPartOf\":{\"@id\":\"https:\\\/\\\/www.aclanester56.com\\\/velo\\\/52eme-redon-redon-bichot-en-solitaire-barguil-6eme\\\/\"},\"author\":{\"name\":\"Jean-Christophe\",\"@id\":\"https:\\\/\\\/www.aclanester56.com\\\/velo\\\/#\\\/schema\\\/person\\\/ca2a44a5fd969e9dd846c72d3b33bc01\"},\"headline\":\"52\u00e8me Redon-Redon : Bichot en solitaire, Barguil 6\u00e8me\",\"datePublished\":\"2011-04-10T17:23:52+00:00\",\"dateModified\":\"2011-04-12T19:32:35+00:00\",\"mainEntityOfPage\":{\"@id\":\"https:\\\/\\\/www.aclanester56.com\\\/velo\\\/52eme-redon-redon-bichot-en-solitaire-barguil-6eme\\\/\"},\"wordCount\":521,\"commentCount\":0,\"publisher\":{\"@id\":\"https:\\\/\\\/www.aclanester56.com\\\/velo\\\/#organization\"},\"image\":{\"@id\":\"https:\\\/\\\/www.aclanester56.com\\\/velo\\\/52eme-redon-redon-bichot-en-solitaire-barguil-6eme\\\/#primaryimage\"},\"thumbnailUrl\":\"https:\\\/\\\/www.aclanester56.com\\\/velo\\\/wp-content\\\/uploads\\\/2011\\\/04\\\/Redon-Redon-sprint-bretagne-cyclisme-Copie.jpg\",\"articleSection\":[\"AC LANESTER 56\",\"Actualit\u00e9s DN\",\"R\u00e9sultats DN\"],\"inLanguage\":\"fr-FR\",\"potentialAction\":[{\"@type\":\"CommentAction\",\"name\":\"Comment\",\"target\":[\"https:\\\/\\\/www.aclanester56.com\\\/velo\\\/52eme-redon-redon-bichot-en-solitaire-barguil-6eme\\\/#respond\"]}]},{\"@type\":\"WebPage\",\"@id\":\"https:\\\/\\\/www.aclanester56.com\\\/velo\\\/52eme-redon-redon-bichot-en-solitaire-barguil-6eme\\\/\",\"url\":\"https:\\\/\\\/www.aclanester56.com\\\/velo\\\/52eme-redon-redon-bichot-en-solitaire-barguil-6eme\\\/\",\"name\":\"52\u00e8me Redon-Redon : Bichot en solitaire, Barguil 6\u00e8me - Avenir Cycliste Lanester 56\",\"isPartOf\":{\"@id\":\"https:\\\/\\\/www.aclanester56.com\\\/velo\\\/#website\"},\"primaryImageOfPage\":{\"@id\":\"https:\\\/\\\/www.aclanester56.com\\\/velo\\\/52eme-redon-redon-bichot-en-solitaire-barguil-6eme\\\/#primaryimage\"},\"image\":{\"@id\":\"https:\\\/\\\/www.aclanester56.com\\\/velo\\\/52eme-redon-redon-bichot-en-solitaire-barguil-6eme\\\/#primaryimage\"},\"thumbnailUrl\":\"https:\\\/\\\/www.aclanester56.com\\\/velo\\\/wp-content\\\/uploads\\\/2011\\\/04\\\/Redon-Redon-sprint-bretagne-cyclisme-Copie.jpg\",\"datePublished\":\"2011-04-10T17:23:52+00:00\",\"dateModified\":\"2011-04-12T19:32:35+00:00\",\"inLanguage\":\"fr-FR\",\"potentialAction\":[{\"@type\":\"ReadAction\",\"target\":[\"https:\\\/\\\/www.aclanester56.com\\\/velo\\\/52eme-redon-redon-bichot-en-solitaire-barguil-6eme\\\/\"]}]},{\"@type\":\"ImageObject\",\"inLanguage\":\"fr-FR\",\"@id\":\"https:\\\/\\\/www.aclanester56.com\\\/velo\\\/52eme-redon-redon-bichot-en-solitaire-barguil-6eme\\\/#primaryimage\",\"url\":\"https:\\\/\\\/www.aclanester56.com\\\/velo\\\/wp-content\\\/uploads\\\/2011\\\/04\\\/Redon-Redon-sprint-bretagne-cyclisme-Copie.jpg\",\"contentUrl\":\"https:\\\/\\\/www.aclanester56.com\\\/velo\\\/wp-content\\\/uploads\\\/2011\\\/04\\\/Redon-Redon-sprint-bretagne-cyclisme-Copie.jpg\",\"width\":650,\"height\":300},{\"@type\":\"WebSite\",\"@id\":\"https:\\\/\\\/www.aclanester56.com\\\/velo\\\/#website\",\"url\":\"https:\\\/\\\/www.aclanester56.com\\\/velo\\\/\",\"name\":\"Avenir Cycliste Lanester 56\",\"description\":\"Club cycliste de l&#039;AC LANESTER 56\",\"publisher\":{\"@id\":\"https:\\\/\\\/www.aclanester56.com\\\/velo\\\/#organization\"},\"potentialAction\":[{\"@type\":\"SearchAction\",\"target\":{\"@type\":\"EntryPoint\",\"urlTemplate\":\"https:\\\/\\\/www.aclanester56.com\\\/velo\\\/?s={search_term_string}\"},\"query-input\":{\"@type\":\"PropertyValueSpecification\",\"valueRequired\":true,\"valueName\":\"search_term_string\"}}],\"inLanguage\":\"fr-FR\"},{\"@type\":\"Organization\",\"@id\":\"https:\\\/\\\/www.aclanester56.com\\\/velo\\\/#organization\",\"name\":\"Avenir Cycliste Lanester 56\",\"url\":\"https:\\\/\\\/www.aclanester56.com\\\/velo\\\/\",\"logo\":{\"@type\":\"ImageObject\",\"inLanguage\":\"fr-FR\",\"@id\":\"https:\\\/\\\/www.aclanester56.com\\\/velo\\\/#\\\/schema\\\/logo\\\/image\\\/\",\"url\":\"https:\\\/\\\/www.aclanester56.com\\\/velo\\\/wp-content\\\/uploads\\\/2013\\\/04\\\/logo-ACL.jpg\",\"contentUrl\":\"https:\\\/\\\/www.aclanester56.com\\\/velo\\\/wp-content\\\/uploads\\\/2013\\\/04\\\/logo-ACL.jpg\",\"width\":400,\"height\":334,\"caption\":\"Avenir Cycliste Lanester 56\"},\"image\":{\"@id\":\"https:\\\/\\\/www.aclanester56.com\\\/velo\\\/#\\\/schema\\\/logo\\\/image\\\/\"},\"sameAs\":[\"https:\\\/\\\/www.facebook.com\\\/pages\\\/AC-Lanester-56\\\/190286300991242?fref=ts\"]},{\"@type\":\"Person\",\"@id\":\"https:\\\/\\\/www.aclanester56.com\\\/velo\\\/#\\\/schema\\\/person\\\/ca2a44a5fd969e9dd846c72d3b33bc01\",\"name\":\"Jean-Christophe\",\"url\":\"https:\\\/\\\/www.aclanester56.com\\\/velo\\\/author\\\/jeanchristophe\\\/\"}]}<\/script>\n<!-- \/ Yoast SEO plugin. -->","yoast_head_json":{"title":"52\u00e8me Redon-Redon : Bichot en solitaire, Barguil 6\u00e8me - Avenir Cycliste Lanester 56","robots":{"index":"index","follow":"follow","max-snippet":"max-snippet:-1","max-image-preview":"max-image-preview:large","max-video-preview":"max-video-preview:-1"},"canonical":"https:\/\/www.aclanester56.com\/velo\/52eme-redon-redon-bichot-en-solitaire-barguil-6eme\/","og_locale":"fr_FR","og_type":"article","og_title":"52\u00e8me Redon-Redon : Bichot en solitaire, Barguil 6\u00e8me - Avenir Cycliste Lanester 56","og_description":"Pr\u00e8s de deux-cents participants sont pr\u00e9sents sur la ligne de d\u00e9part de la doyenne des classiques bretonnes, \u00e0 l&rsquo;occasion\u00a0de la [&hellip;]","og_url":"https:\/\/www.aclanester56.com\/velo\/52eme-redon-redon-bichot-en-solitaire-barguil-6eme\/","og_site_name":"Avenir Cycliste Lanester 56","article_publisher":"https:\/\/www.facebook.com\/pages\/AC-Lanester-56\/190286300991242?fref=ts","article_published_time":"2011-04-10T17:23:52+00:00","article_modified_time":"2011-04-12T19:32:35+00:00","og_image":[{"width":650,"height":300,"url":"https:\/\/www.aclanester56.com\/velo\/wp-content\/uploads\/2011\/04\/Redon-Redon-sprint-bretagne-cyclisme-Copie.jpg","type":"image\/jpeg"}],"author":"Jean-Christophe","twitter_misc":{"\u00c9crit par":"Jean-Christophe","Dur\u00e9e de lecture estim\u00e9e":"3 minutes"},"schema":{"@context":"https:\/\/schema.org","@graph":[{"@type":"Article","@id":"https:\/\/www.aclanester56.com\/velo\/52eme-redon-redon-bichot-en-solitaire-barguil-6eme\/#article","isPartOf":{"@id":"https:\/\/www.aclanester56.com\/velo\/52eme-redon-redon-bichot-en-solitaire-barguil-6eme\/"},"author":{"name":"Jean-Christophe","@id":"https:\/\/www.aclanester56.com\/velo\/#\/schema\/person\/ca2a44a5fd969e9dd846c72d3b33bc01"},"headline":"52\u00e8me Redon-Redon : Bichot en solitaire, Barguil 6\u00e8me","datePublished":"2011-04-10T17:23:52+00:00","dateModified":"2011-04-12T19:32:35+00:00","mainEntityOfPage":{"@id":"https:\/\/www.aclanester56.com\/velo\/52eme-redon-redon-bichot-en-solitaire-barguil-6eme\/"},"wordCount":521,"commentCount":0,"publisher":{"@id":"https:\/\/www.aclanester56.com\/velo\/#organization"},"image":{"@id":"https:\/\/www.aclanester56.com\/velo\/52eme-redon-redon-bichot-en-solitaire-barguil-6eme\/#primaryimage"},"thumbnailUrl":"https:\/\/www.aclanester56.com\/velo\/wp-content\/uploads\/2011\/04\/Redon-Redon-sprint-bretagne-cyclisme-Copie.jpg","articleSection":["AC LANESTER 56","Actualit\u00e9s DN","R\u00e9sultats DN"],"inLanguage":"fr-FR","potentialAction":[{"@type":"CommentAction","name":"Comment","target":["https:\/\/www.aclanester56.com\/velo\/52eme-redon-redon-bichot-en-solitaire-barguil-6eme\/#respond"]}]},{"@type":"WebPage","@id":"https:\/\/www.aclanester56.com\/velo\/52eme-redon-redon-bichot-en-solitaire-barguil-6eme\/","url":"https:\/\/www.aclanester56.com\/velo\/52eme-redon-redon-bichot-en-solitaire-barguil-6eme\/","name":"52\u00e8me Redon-Redon : Bichot en solitaire, Barguil 6\u00e8me - Avenir Cycliste Lanester 56","isPartOf":{"@id":"https:\/\/www.aclanester56.com\/velo\/#website"},"primaryImageOfPage":{"@id":"https:\/\/www.aclanester56.com\/velo\/52eme-redon-redon-bichot-en-solitaire-barguil-6eme\/#primaryimage"},"image":{"@id":"https:\/\/www.aclanester56.com\/velo\/52eme-redon-redon-bichot-en-solitaire-barguil-6eme\/#primaryimage"},"thumbnailUrl":"https:\/\/www.aclanester56.com\/velo\/wp-content\/uploads\/2011\/04\/Redon-Redon-sprint-bretagne-cyclisme-Copie.jpg","datePublished":"2011-04-10T17:23:52+00:00","dateModified":"2011-04-12T19:32:35+00:00","inLanguage":"fr-FR","potentialAction":[{"@type":"ReadAction","target":["https:\/\/www.aclanester56.com\/velo\/52eme-redon-redon-bichot-en-solitaire-barguil-6eme\/"]}]},{"@type":"ImageObject","inLanguage":"fr-FR","@id":"https:\/\/www.aclanester56.com\/velo\/52eme-redon-redon-bichot-en-solitaire-barguil-6eme\/#primaryimage","url":"https:\/\/www.aclanester56.com\/velo\/wp-content\/uploads\/2011\/04\/Redon-Redon-sprint-bretagne-cyclisme-Copie.jpg","contentUrl":"https:\/\/www.aclanester56.com\/velo\/wp-content\/uploads\/2011\/04\/Redon-Redon-sprint-bretagne-cyclisme-Copie.jpg","width":650,"height":300},{"@type":"WebSite","@id":"https:\/\/www.aclanester56.com\/velo\/#website","url":"https:\/\/www.aclanester56.com\/velo\/","name":"Avenir Cycliste Lanester 56","description":"Club cycliste de l&#039;AC LANESTER 56","publisher":{"@id":"https:\/\/www.aclanester56.com\/velo\/#organization"},"potentialAction":[{"@type":"SearchAction","target":{"@type":"EntryPoint","urlTemplate":"https:\/\/www.aclanester56.com\/velo\/?s={search_term_string}"},"query-input":{"@type":"PropertyValueSpecification","valueRequired":true,"valueName":"search_term_string"}}],"inLanguage":"fr-FR"},{"@type":"Organization","@id":"https:\/\/www.aclanester56.com\/velo\/#organization","name":"Avenir Cycliste Lanester 56","url":"https:\/\/www.aclanester56.com\/velo\/","logo":{"@type":"ImageObject","inLanguage":"fr-FR","@id":"https:\/\/www.aclanester56.com\/velo\/#\/schema\/logo\/image\/","url":"https:\/\/www.aclanester56.com\/velo\/wp-content\/uploads\/2013\/04\/logo-ACL.jpg","contentUrl":"https:\/\/www.aclanester56.com\/velo\/wp-content\/uploads\/2013\/04\/logo-ACL.jpg","width":400,"height":334,"caption":"Avenir Cycliste Lanester 56"},"image":{"@id":"https:\/\/www.aclanester56.com\/velo\/#\/schema\/logo\/image\/"},"sameAs":["https:\/\/www.facebook.com\/pages\/AC-Lanester-56\/190286300991242?fref=ts"]},{"@type":"Person","@id":"https:\/\/www.aclanester56.com\/velo\/#\/schema\/person\/ca2a44a5fd969e9dd846c72d3b33bc01","name":"Jean-Christophe","url":"https:\/\/www.aclanester56.com\/velo\/author\/jeanchristophe\/"}]}},"_links":{"self":[{"href":"https:\/\/www.aclanester56.com\/velo\/wp-json\/wp\/v2\/posts\/8067","targetHints":{"allow":["GET"]}}],"collection":[{"href":"https:\/\/www.aclanester56.com\/velo\/wp-json\/wp\/v2\/posts"}],"about":[{"href":"https:\/\/www.aclanester56.com\/velo\/wp-json\/wp\/v2\/types\/post"}],"author":[{"embeddable":true,"href":"https:\/\/www.aclanester56.com\/velo\/wp-json\/wp\/v2\/users\/14"}],"replies":[{"embeddable":true,"href":"https:\/\/www.aclanester56.com\/velo\/wp-json\/wp\/v2\/comments?post=8067"}],"version-history":[{"count":0,"href":"https:\/\/www.aclanester56.com\/velo\/wp-json\/wp\/v2\/posts\/8067\/revisions"}],"wp:featuredmedia":[{"embeddable":true,"href":"https:\/\/www.aclanester56.com\/velo\/wp-json\/wp\/v2\/media\/8070"}],"wp:attachment":[{"href":"https:\/\/www.aclanester56.com\/velo\/wp-json\/wp\/v2\/media?parent=8067"}],"wp:term":[{"taxonomy":"category","embeddable":true,"href":"https:\/\/www.aclanester56.com\/velo\/wp-json\/wp\/v2\/categories?post=8067"},{"taxonomy":"post_tag","embeddable":true,"href":"https:\/\/www.aclanester56.com\/velo\/wp-json\/wp\/v2\/tags?post=8067"}],"curies":[{"name":"wp","href":"https:\/\/api.w.org\/{rel}","templated":true}]}}