{"id":8264,"date":"2011-04-23T09:58:02","date_gmt":"2011-04-23T08:58:02","guid":{"rendered":"http:\/\/www.aclanester56.com\/velo\/?p=8264"},"modified":"2011-04-25T20:41:18","modified_gmt":"2011-04-25T19:41:18","slug":"nicolas-primas-retenu-en-stage-avec-le-comite-de-bretagne","status":"publish","type":"post","link":"https:\/\/www.aclanester56.com\/velo\/nicolas-primas-retenu-en-stage-avec-le-comite-de-bretagne\/","title":{"rendered":"Nicolas Primas retenu en stage avec le Comit\u00e9 de Bretagne"},"content":{"rendered":"<div id=\"attachment_8265\" style=\"width: 410px\" class=\"wp-caption alignleft\"><a href=\"http:\/\/www.aclanester56.com\/velo\/wp-content\/uploads\/2011\/04\/DSC04601-800x534.jpg\"><img loading=\"lazy\" decoding=\"async\" aria-describedby=\"caption-attachment-8265\" class=\"size-large wp-image-8265\" title=\"Le Lanest\u00e9rien Nicolas PRIMAS participera \u00e0 un stage avec le comit\u00e9 r\u00e9gional d\u00e9but mai (photo Gabrielle TEIRLYNCK)\" src=\"http:\/\/www.aclanester56.com\/velo\/wp-content\/uploads\/2011\/04\/DSC04601-800x534.jpg\" alt=\"\" width=\"400\" height=\"267\" srcset=\"https:\/\/www.aclanester56.com\/velo\/wp-content\/uploads\/2011\/04\/DSC04601-800x534.jpg 800w, https:\/\/www.aclanester56.com\/velo\/wp-content\/uploads\/2011\/04\/DSC04601-300x200.jpg 300w, https:\/\/www.aclanester56.com\/velo\/wp-content\/uploads\/2011\/04\/DSC04601-448x300.jpg 448w\" sizes=\"auto, (max-width: 400px) 100vw, 400px\" \/><\/a><p id=\"caption-attachment-8265\" class=\"wp-caption-text\">Le Lanest\u00e9rien Nicolas PRIMAS participera \u00e0 un stage avec le comit\u00e9 r\u00e9gional d\u00e9but mai (photo Gabrielle TEIRLYNCK)<\/p><\/div>\n<p style=\"text-align: justify;\">Suite aux diff\u00e9rents tests de d\u00e9tection pour les coureurs cadets effectu\u00e9s \u00e0 Lanester d\u00e9but mars, le Lanest\u00e9rien Nicolas PRIMAS est s\u00e9lectionn\u00e9 pour participer \u00e0 un stage r\u00e9gional du 3 au 5 mai \u00e0 Pordic (22).<\/p>\n<p style=\"text-align: justify;\"><!--more--><\/p>\n<p style=\"text-align: justify;\">&nbsp;<\/p>\n<p style=\"text-align: justify;\">Ce stage s&rsquo;inscrit dans le plan national de d\u00e9tection mis en place par la F\u00e9d\u00e9ration Fran\u00e7aise de Cyclisme, les coureurs r\u00e9alisant les meilleurs tests pouvant \u00e9ventuellement se voir inviter \u00e0 un stage national, voire m\u00eame l&rsquo;int\u00e9gration \u00e0 un P\u00f4le France.<\/p>\n<p style=\"text-align: justify;\">La 1\u00e8re journ\u00e9e\u00a0consistera en de nouveaux tests de d\u00e9tection, plus pr\u00e9cis que ceux qui se sont d\u00e9j\u00e0 d\u00e9roul\u00e9s au niveau d\u00e9partemental. La pratique de la piste sur le v\u00e9lodrome de Pordic sera au coeur du d\u00e9roulement de la 2\u00e8me journ\u00e9e, tandis que les douze \u00ab\u00a0meilleurs\u00a0\u00bb stagiaires participeront \u00e0 une troisi\u00e8me journ\u00e9e centr\u00e9e sur la pratique de la route.<\/p>\n<p>&nbsp;<\/p>\n","protected":false},"excerpt":{"rendered":"<p>Suite aux diff\u00e9rents tests de d\u00e9tection pour les coureurs cadets effectu\u00e9s \u00e0 Lanester d\u00e9but mars, le Lanest\u00e9rien Nicolas PRIMAS est [&hellip;]<\/p>\n","protected":false},"author":14,"featured_media":8266,"comment_status":"open","ping_status":"closed","sticky":false,"template":"","format":"standard","meta":{"ngg_post_thumbnail":0,"footnotes":""},"categories":[5,22],"tags":[],"class_list":["post-8264","post","type-post","status-publish","format-standard","has-post-thumbnail","hentry","category-ac-lanester-56","category-resultats-cadets"],"yoast_head":"<!-- This site is optimized with the Yoast SEO plugin v27.5 - https:\/\/yoast.com\/product\/yoast-seo-wordpress\/ -->\n<title>Nicolas Primas retenu en stage avec le Comit\u00e9 de Bretagne - Avenir Cycliste Lanester 56<\/title>\n<meta name=\"robots\" content=\"index, follow, max-snippet:-1, max-image-preview:large, max-video-preview:-1\" \/>\n<link rel=\"canonical\" href=\"https:\/\/www.aclanester56.com\/velo\/nicolas-primas-retenu-en-stage-avec-le-comite-de-bretagne\/\" \/>\n<meta property=\"og:locale\" content=\"fr_FR\" \/>\n<meta property=\"og:type\" content=\"article\" \/>\n<meta property=\"og:title\" content=\"Nicolas Primas retenu en stage avec le Comit\u00e9 de Bretagne - Avenir Cycliste Lanester 56\" \/>\n<meta property=\"og:description\" content=\"Suite aux diff\u00e9rents tests de d\u00e9tection pour les coureurs cadets effectu\u00e9s \u00e0 Lanester d\u00e9but mars, le Lanest\u00e9rien Nicolas PRIMAS est [&hellip;]\" \/>\n<meta property=\"og:url\" content=\"https:\/\/www.aclanester56.com\/velo\/nicolas-primas-retenu-en-stage-avec-le-comite-de-bretagne\/\" \/>\n<meta property=\"og:site_name\" content=\"Avenir Cycliste Lanester 56\" \/>\n<meta property=\"article:publisher\" content=\"https:\/\/www.facebook.com\/pages\/AC-Lanester-56\/190286300991242?fref=ts\" \/>\n<meta property=\"article:published_time\" content=\"2011-04-23T08:58:02+00:00\" \/>\n<meta property=\"article:modified_time\" content=\"2011-04-25T19:41:18+00:00\" \/>\n<meta property=\"og:image\" content=\"https:\/\/www.aclanester56.com\/velo\/wp-content\/uploads\/2011\/04\/DSC04601-Copie.jpg\" \/>\n\t<meta property=\"og:image:width\" content=\"650\" \/>\n\t<meta property=\"og:image:height\" content=\"300\" \/>\n\t<meta property=\"og:image:type\" content=\"image\/jpeg\" \/>\n<meta name=\"author\" content=\"Jean-Christophe\" \/>\n<meta name=\"twitter:label1\" content=\"\u00c9crit par\" \/>\n\t<meta name=\"twitter:data1\" content=\"Jean-Christophe\" \/>\n\t<meta name=\"twitter:label2\" content=\"Dur\u00e9e de lecture estim\u00e9e\" \/>\n\t<meta name=\"twitter:data2\" content=\"1 minute\" \/>\n<script type=\"application\/ld+json\" class=\"yoast-schema-graph\">{\"@context\":\"https:\\\/\\\/schema.org\",\"@graph\":[{\"@type\":\"Article\",\"@id\":\"https:\\\/\\\/www.aclanester56.com\\\/velo\\\/nicolas-primas-retenu-en-stage-avec-le-comite-de-bretagne\\\/#article\",\"isPartOf\":{\"@id\":\"https:\\\/\\\/www.aclanester56.com\\\/velo\\\/nicolas-primas-retenu-en-stage-avec-le-comite-de-bretagne\\\/\"},\"author\":{\"name\":\"Jean-Christophe\",\"@id\":\"https:\\\/\\\/www.aclanester56.com\\\/velo\\\/#\\\/schema\\\/person\\\/ca2a44a5fd969e9dd846c72d3b33bc01\"},\"headline\":\"Nicolas Primas retenu en stage avec le Comit\u00e9 de Bretagne\",\"datePublished\":\"2011-04-23T08:58:02+00:00\",\"dateModified\":\"2011-04-25T19:41:18+00:00\",\"mainEntityOfPage\":{\"@id\":\"https:\\\/\\\/www.aclanester56.com\\\/velo\\\/nicolas-primas-retenu-en-stage-avec-le-comite-de-bretagne\\\/\"},\"wordCount\":192,\"commentCount\":0,\"publisher\":{\"@id\":\"https:\\\/\\\/www.aclanester56.com\\\/velo\\\/#organization\"},\"image\":{\"@id\":\"https:\\\/\\\/www.aclanester56.com\\\/velo\\\/nicolas-primas-retenu-en-stage-avec-le-comite-de-bretagne\\\/#primaryimage\"},\"thumbnailUrl\":\"https:\\\/\\\/www.aclanester56.com\\\/velo\\\/wp-content\\\/uploads\\\/2011\\\/04\\\/DSC04601-Copie.jpg\",\"articleSection\":[\"AC LANESTER 56\",\"R\u00e9sultats Cadets\"],\"inLanguage\":\"fr-FR\",\"potentialAction\":[{\"@type\":\"CommentAction\",\"name\":\"Comment\",\"target\":[\"https:\\\/\\\/www.aclanester56.com\\\/velo\\\/nicolas-primas-retenu-en-stage-avec-le-comite-de-bretagne\\\/#respond\"]}]},{\"@type\":\"WebPage\",\"@id\":\"https:\\\/\\\/www.aclanester56.com\\\/velo\\\/nicolas-primas-retenu-en-stage-avec-le-comite-de-bretagne\\\/\",\"url\":\"https:\\\/\\\/www.aclanester56.com\\\/velo\\\/nicolas-primas-retenu-en-stage-avec-le-comite-de-bretagne\\\/\",\"name\":\"Nicolas Primas retenu en stage avec le Comit\u00e9 de Bretagne - Avenir Cycliste Lanester 56\",\"isPartOf\":{\"@id\":\"https:\\\/\\\/www.aclanester56.com\\\/velo\\\/#website\"},\"primaryImageOfPage\":{\"@id\":\"https:\\\/\\\/www.aclanester56.com\\\/velo\\\/nicolas-primas-retenu-en-stage-avec-le-comite-de-bretagne\\\/#primaryimage\"},\"image\":{\"@id\":\"https:\\\/\\\/www.aclanester56.com\\\/velo\\\/nicolas-primas-retenu-en-stage-avec-le-comite-de-bretagne\\\/#primaryimage\"},\"thumbnailUrl\":\"https:\\\/\\\/www.aclanester56.com\\\/velo\\\/wp-content\\\/uploads\\\/2011\\\/04\\\/DSC04601-Copie.jpg\",\"datePublished\":\"2011-04-23T08:58:02+00:00\",\"dateModified\":\"2011-04-25T19:41:18+00:00\",\"inLanguage\":\"fr-FR\",\"potentialAction\":[{\"@type\":\"ReadAction\",\"target\":[\"https:\\\/\\\/www.aclanester56.com\\\/velo\\\/nicolas-primas-retenu-en-stage-avec-le-comite-de-bretagne\\\/\"]}]},{\"@type\":\"ImageObject\",\"inLanguage\":\"fr-FR\",\"@id\":\"https:\\\/\\\/www.aclanester56.com\\\/velo\\\/nicolas-primas-retenu-en-stage-avec-le-comite-de-bretagne\\\/#primaryimage\",\"url\":\"https:\\\/\\\/www.aclanester56.com\\\/velo\\\/wp-content\\\/uploads\\\/2011\\\/04\\\/DSC04601-Copie.jpg\",\"contentUrl\":\"https:\\\/\\\/www.aclanester56.com\\\/velo\\\/wp-content\\\/uploads\\\/2011\\\/04\\\/DSC04601-Copie.jpg\",\"width\":650,\"height\":300},{\"@type\":\"WebSite\",\"@id\":\"https:\\\/\\\/www.aclanester56.com\\\/velo\\\/#website\",\"url\":\"https:\\\/\\\/www.aclanester56.com\\\/velo\\\/\",\"name\":\"Avenir Cycliste Lanester 56\",\"description\":\"Club cycliste de l&#039;AC LANESTER 56\",\"publisher\":{\"@id\":\"https:\\\/\\\/www.aclanester56.com\\\/velo\\\/#organization\"},\"potentialAction\":[{\"@type\":\"SearchAction\",\"target\":{\"@type\":\"EntryPoint\",\"urlTemplate\":\"https:\\\/\\\/www.aclanester56.com\\\/velo\\\/?s={search_term_string}\"},\"query-input\":{\"@type\":\"PropertyValueSpecification\",\"valueRequired\":true,\"valueName\":\"search_term_string\"}}],\"inLanguage\":\"fr-FR\"},{\"@type\":\"Organization\",\"@id\":\"https:\\\/\\\/www.aclanester56.com\\\/velo\\\/#organization\",\"name\":\"Avenir Cycliste Lanester 56\",\"url\":\"https:\\\/\\\/www.aclanester56.com\\\/velo\\\/\",\"logo\":{\"@type\":\"ImageObject\",\"inLanguage\":\"fr-FR\",\"@id\":\"https:\\\/\\\/www.aclanester56.com\\\/velo\\\/#\\\/schema\\\/logo\\\/image\\\/\",\"url\":\"https:\\\/\\\/www.aclanester56.com\\\/velo\\\/wp-content\\\/uploads\\\/2013\\\/04\\\/logo-ACL.jpg\",\"contentUrl\":\"https:\\\/\\\/www.aclanester56.com\\\/velo\\\/wp-content\\\/uploads\\\/2013\\\/04\\\/logo-ACL.jpg\",\"width\":400,\"height\":334,\"caption\":\"Avenir Cycliste Lanester 56\"},\"image\":{\"@id\":\"https:\\\/\\\/www.aclanester56.com\\\/velo\\\/#\\\/schema\\\/logo\\\/image\\\/\"},\"sameAs\":[\"https:\\\/\\\/www.facebook.com\\\/pages\\\/AC-Lanester-56\\\/190286300991242?fref=ts\"]},{\"@type\":\"Person\",\"@id\":\"https:\\\/\\\/www.aclanester56.com\\\/velo\\\/#\\\/schema\\\/person\\\/ca2a44a5fd969e9dd846c72d3b33bc01\",\"name\":\"Jean-Christophe\",\"url\":\"https:\\\/\\\/www.aclanester56.com\\\/velo\\\/author\\\/jeanchristophe\\\/\"}]}<\/script>\n<!-- \/ Yoast SEO plugin. -->","yoast_head_json":{"title":"Nicolas Primas retenu en stage avec le Comit\u00e9 de Bretagne - Avenir Cycliste Lanester 56","robots":{"index":"index","follow":"follow","max-snippet":"max-snippet:-1","max-image-preview":"max-image-preview:large","max-video-preview":"max-video-preview:-1"},"canonical":"https:\/\/www.aclanester56.com\/velo\/nicolas-primas-retenu-en-stage-avec-le-comite-de-bretagne\/","og_locale":"fr_FR","og_type":"article","og_title":"Nicolas Primas retenu en stage avec le Comit\u00e9 de Bretagne - Avenir Cycliste Lanester 56","og_description":"Suite aux diff\u00e9rents tests de d\u00e9tection pour les coureurs cadets effectu\u00e9s \u00e0 Lanester d\u00e9but mars, le Lanest\u00e9rien Nicolas PRIMAS est [&hellip;]","og_url":"https:\/\/www.aclanester56.com\/velo\/nicolas-primas-retenu-en-stage-avec-le-comite-de-bretagne\/","og_site_name":"Avenir Cycliste Lanester 56","article_publisher":"https:\/\/www.facebook.com\/pages\/AC-Lanester-56\/190286300991242?fref=ts","article_published_time":"2011-04-23T08:58:02+00:00","article_modified_time":"2011-04-25T19:41:18+00:00","og_image":[{"width":650,"height":300,"url":"https:\/\/www.aclanester56.com\/velo\/wp-content\/uploads\/2011\/04\/DSC04601-Copie.jpg","type":"image\/jpeg"}],"author":"Jean-Christophe","twitter_misc":{"\u00c9crit par":"Jean-Christophe","Dur\u00e9e de lecture estim\u00e9e":"1 minute"},"schema":{"@context":"https:\/\/schema.org","@graph":[{"@type":"Article","@id":"https:\/\/www.aclanester56.com\/velo\/nicolas-primas-retenu-en-stage-avec-le-comite-de-bretagne\/#article","isPartOf":{"@id":"https:\/\/www.aclanester56.com\/velo\/nicolas-primas-retenu-en-stage-avec-le-comite-de-bretagne\/"},"author":{"name":"Jean-Christophe","@id":"https:\/\/www.aclanester56.com\/velo\/#\/schema\/person\/ca2a44a5fd969e9dd846c72d3b33bc01"},"headline":"Nicolas Primas retenu en stage avec le Comit\u00e9 de Bretagne","datePublished":"2011-04-23T08:58:02+00:00","dateModified":"2011-04-25T19:41:18+00:00","mainEntityOfPage":{"@id":"https:\/\/www.aclanester56.com\/velo\/nicolas-primas-retenu-en-stage-avec-le-comite-de-bretagne\/"},"wordCount":192,"commentCount":0,"publisher":{"@id":"https:\/\/www.aclanester56.com\/velo\/#organization"},"image":{"@id":"https:\/\/www.aclanester56.com\/velo\/nicolas-primas-retenu-en-stage-avec-le-comite-de-bretagne\/#primaryimage"},"thumbnailUrl":"https:\/\/www.aclanester56.com\/velo\/wp-content\/uploads\/2011\/04\/DSC04601-Copie.jpg","articleSection":["AC LANESTER 56","R\u00e9sultats Cadets"],"inLanguage":"fr-FR","potentialAction":[{"@type":"CommentAction","name":"Comment","target":["https:\/\/www.aclanester56.com\/velo\/nicolas-primas-retenu-en-stage-avec-le-comite-de-bretagne\/#respond"]}]},{"@type":"WebPage","@id":"https:\/\/www.aclanester56.com\/velo\/nicolas-primas-retenu-en-stage-avec-le-comite-de-bretagne\/","url":"https:\/\/www.aclanester56.com\/velo\/nicolas-primas-retenu-en-stage-avec-le-comite-de-bretagne\/","name":"Nicolas Primas retenu en stage avec le Comit\u00e9 de Bretagne - Avenir Cycliste Lanester 56","isPartOf":{"@id":"https:\/\/www.aclanester56.com\/velo\/#website"},"primaryImageOfPage":{"@id":"https:\/\/www.aclanester56.com\/velo\/nicolas-primas-retenu-en-stage-avec-le-comite-de-bretagne\/#primaryimage"},"image":{"@id":"https:\/\/www.aclanester56.com\/velo\/nicolas-primas-retenu-en-stage-avec-le-comite-de-bretagne\/#primaryimage"},"thumbnailUrl":"https:\/\/www.aclanester56.com\/velo\/wp-content\/uploads\/2011\/04\/DSC04601-Copie.jpg","datePublished":"2011-04-23T08:58:02+00:00","dateModified":"2011-04-25T19:41:18+00:00","inLanguage":"fr-FR","potentialAction":[{"@type":"ReadAction","target":["https:\/\/www.aclanester56.com\/velo\/nicolas-primas-retenu-en-stage-avec-le-comite-de-bretagne\/"]}]},{"@type":"ImageObject","inLanguage":"fr-FR","@id":"https:\/\/www.aclanester56.com\/velo\/nicolas-primas-retenu-en-stage-avec-le-comite-de-bretagne\/#primaryimage","url":"https:\/\/www.aclanester56.com\/velo\/wp-content\/uploads\/2011\/04\/DSC04601-Copie.jpg","contentUrl":"https:\/\/www.aclanester56.com\/velo\/wp-content\/uploads\/2011\/04\/DSC04601-Copie.jpg","width":650,"height":300},{"@type":"WebSite","@id":"https:\/\/www.aclanester56.com\/velo\/#website","url":"https:\/\/www.aclanester56.com\/velo\/","name":"Avenir Cycliste Lanester 56","description":"Club cycliste de l&#039;AC LANESTER 56","publisher":{"@id":"https:\/\/www.aclanester56.com\/velo\/#organization"},"potentialAction":[{"@type":"SearchAction","target":{"@type":"EntryPoint","urlTemplate":"https:\/\/www.aclanester56.com\/velo\/?s={search_term_string}"},"query-input":{"@type":"PropertyValueSpecification","valueRequired":true,"valueName":"search_term_string"}}],"inLanguage":"fr-FR"},{"@type":"Organization","@id":"https:\/\/www.aclanester56.com\/velo\/#organization","name":"Avenir Cycliste Lanester 56","url":"https:\/\/www.aclanester56.com\/velo\/","logo":{"@type":"ImageObject","inLanguage":"fr-FR","@id":"https:\/\/www.aclanester56.com\/velo\/#\/schema\/logo\/image\/","url":"https:\/\/www.aclanester56.com\/velo\/wp-content\/uploads\/2013\/04\/logo-ACL.jpg","contentUrl":"https:\/\/www.aclanester56.com\/velo\/wp-content\/uploads\/2013\/04\/logo-ACL.jpg","width":400,"height":334,"caption":"Avenir Cycliste Lanester 56"},"image":{"@id":"https:\/\/www.aclanester56.com\/velo\/#\/schema\/logo\/image\/"},"sameAs":["https:\/\/www.facebook.com\/pages\/AC-Lanester-56\/190286300991242?fref=ts"]},{"@type":"Person","@id":"https:\/\/www.aclanester56.com\/velo\/#\/schema\/person\/ca2a44a5fd969e9dd846c72d3b33bc01","name":"Jean-Christophe","url":"https:\/\/www.aclanester56.com\/velo\/author\/jeanchristophe\/"}]}},"_links":{"self":[{"href":"https:\/\/www.aclanester56.com\/velo\/wp-json\/wp\/v2\/posts\/8264","targetHints":{"allow":["GET"]}}],"collection":[{"href":"https:\/\/www.aclanester56.com\/velo\/wp-json\/wp\/v2\/posts"}],"about":[{"href":"https:\/\/www.aclanester56.com\/velo\/wp-json\/wp\/v2\/types\/post"}],"author":[{"embeddable":true,"href":"https:\/\/www.aclanester56.com\/velo\/wp-json\/wp\/v2\/users\/14"}],"replies":[{"embeddable":true,"href":"https:\/\/www.aclanester56.com\/velo\/wp-json\/wp\/v2\/comments?post=8264"}],"version-history":[{"count":0,"href":"https:\/\/www.aclanester56.com\/velo\/wp-json\/wp\/v2\/posts\/8264\/revisions"}],"wp:featuredmedia":[{"embeddable":true,"href":"https:\/\/www.aclanester56.com\/velo\/wp-json\/wp\/v2\/media\/8266"}],"wp:attachment":[{"href":"https:\/\/www.aclanester56.com\/velo\/wp-json\/wp\/v2\/media?parent=8264"}],"wp:term":[{"taxonomy":"category","embeddable":true,"href":"https:\/\/www.aclanester56.com\/velo\/wp-json\/wp\/v2\/categories?post=8264"},{"taxonomy":"post_tag","embeddable":true,"href":"https:\/\/www.aclanester56.com\/velo\/wp-json\/wp\/v2\/tags?post=8264"}],"curies":[{"name":"wp","href":"https:\/\/api.w.org\/{rel}","templated":true}]}}