{"id":8309,"date":"2011-04-25T10:31:36","date_gmt":"2011-04-25T09:31:36","guid":{"rendered":"http:\/\/www.aclanester56.com\/velo\/?p=8309"},"modified":"2011-05-01T17:15:18","modified_gmt":"2011-05-01T16:15:18","slug":"vincent-guego-4eme-a-lanvaudan","status":"publish","type":"post","link":"https:\/\/www.aclanester56.com\/velo\/vincent-guego-4eme-a-lanvaudan\/","title":{"rendered":"Vincent Gu\u00e9go 4\u00e8me \u00e0 Lanvaudan"},"content":{"rendered":"<div id=\"attachment_8310\" style=\"width: 410px\" class=\"wp-caption alignleft\"><a href=\"http:\/\/www.aclanester56.com\/velo\/wp-content\/uploads\/2011\/04\/lanvaudan-2011-020-800x600.jpg\"><img loading=\"lazy\" decoding=\"async\" aria-describedby=\"caption-attachment-8310\" class=\"size-large wp-image-8310\" title=\"Vincent GUEGO, ici derri\u00e8re HERVO et LE GUEVEL, termine 4\u00e8me \u00e0 Lanvaudan !\" src=\"http:\/\/www.aclanester56.com\/velo\/wp-content\/uploads\/2011\/04\/lanvaudan-2011-020-800x600.jpg\" alt=\"\" width=\"400\" height=\"300\" srcset=\"https:\/\/www.aclanester56.com\/velo\/wp-content\/uploads\/2011\/04\/lanvaudan-2011-020-800x600.jpg 800w, https:\/\/www.aclanester56.com\/velo\/wp-content\/uploads\/2011\/04\/lanvaudan-2011-020-300x225.jpg 300w, https:\/\/www.aclanester56.com\/velo\/wp-content\/uploads\/2011\/04\/lanvaudan-2011-020-400x300.jpg 400w, https:\/\/www.aclanester56.com\/velo\/wp-content\/uploads\/2011\/04\/lanvaudan-2011-020.jpg 1024w\" sizes=\"auto, (max-width: 400px) 100vw, 400px\" \/><\/a><p id=\"caption-attachment-8310\" class=\"wp-caption-text\">Vincent GUEGO, ici derri\u00e8re HERVO et LE GUEVEL, termine 4\u00e8me \u00e0 Lanvaudan !<\/p><\/div>\n<p style=\"text-align: justify;\">Une quarantaine de coureurs \u00e9taient au d\u00e9part de l&rsquo;\u00e9preuve toutes cat\u00e9gories organis\u00e9e par le dynamique comit\u00e9 des f\u00eates de Lanvaudan.<\/p>\n<p style=\"text-align: justify;\"><!--more--><\/p>\n<p style=\"text-align: justify;\">&nbsp;<\/p>\n<p style=\"text-align: justify;\">&nbsp;<\/p>\n<p style=\"text-align: justify;\"><span style=\"color: #ff6600;\"><strong>S\u00e9lection par l&rsquo;arri\u00e8re<\/strong><\/span><\/p>\n<p style=\"text-align: justify;\">D\u00e8s le 2\u00e8me tour de circuit, une \u00e9chapp\u00e9e regroupant les principaux favoris dont les Lanest\u00e9riens Vincent GUEGO et\u00a0Yann RAULT se d\u00e9tache. Derri\u00e8re une contre-attaque de trois coureurs se forme avec notamment Mickael SIBY. Ces trois coureurs\u00a0vont faire la grande majorit\u00e9 de la course dans cette position, alors que le peloton perd r\u00e9guli\u00e8rement des \u00e9l\u00e9ments au fil des\u00a0ascensions du difficile circuit lanvaudanais pour n&rsquo;\u00eatre r\u00e9duit qu&rsquo;\u00e0 une dizaine d&rsquo;unit\u00e9s dans le final.<\/p>\n<div id=\"attachment_8314\" style=\"width: 410px\" class=\"wp-caption alignright\"><a href=\"http:\/\/www.aclanester56.com\/velo\/wp-content\/uploads\/2011\/04\/lanvaudan-2011-021-800x600.jpg\" ><img loading=\"lazy\" decoding=\"async\" aria-describedby=\"caption-attachment-8314\" src=\"http:\/\/www.aclanester56.com\/velo\/wp-content\/uploads\/2011\/04\/lanvaudan-2011-021-800x600.jpg\" alt=\"\" title=\"Yann RAULT a \u00e9t\u00e9 tr\u00e8s actif \u00e9galement sur le beau circuit lanvaudanais\" width=\"400\" height=\"300\" class=\"size-large wp-image-8314\" srcset=\"https:\/\/www.aclanester56.com\/velo\/wp-content\/uploads\/2011\/04\/lanvaudan-2011-021-800x600.jpg 800w, https:\/\/www.aclanester56.com\/velo\/wp-content\/uploads\/2011\/04\/lanvaudan-2011-021-300x225.jpg 300w, https:\/\/www.aclanester56.com\/velo\/wp-content\/uploads\/2011\/04\/lanvaudan-2011-021-400x300.jpg 400w, https:\/\/www.aclanester56.com\/velo\/wp-content\/uploads\/2011\/04\/lanvaudan-2011-021.jpg 1024w\" sizes=\"auto, (max-width: 400px) 100vw, 400px\" \/><\/a><p id=\"caption-attachment-8314\" class=\"wp-caption-text\">Yann RAULT a \u00e9t\u00e9 tr\u00e8s actif \u00e9galement sur le beau circuit lanvaudanais<\/p><\/div>\n<p style=\"text-align: justify;\"><span style=\"color: #ff6600;\"><strong>Cinq hommes se d\u00e9tachent \u00e0 2 tours du but<\/strong><\/span><\/p>\n<p style=\"text-align: justify;\">A l&rsquo;avant, le groupe de t\u00eate se casse en trois parties \u00e0 2 tours de l&rsquo;arriv\u00e9e : 5 coureurs dont Vincent GUEGO, HERVO, MARCHAND, LE GUEVEL\u00a0et ZIELINSKI caracolent en t\u00eate. On retrouve ensuite sept coureurs dont Yann RAULT, puis quatre coureurs distanc\u00e9s.<\/p>\n<p style=\"text-align: justify;\"><span style=\"color: #ff6600;\"><strong>Gu\u00e9go 4\u00e8me<\/strong><\/span><\/p>\n<p style=\"text-align: justify;\">Au sprint \u00e0 cinq, c&rsquo;est le Polonais Piotr ZIELINSKI qui se montre le plus rapide, devant le Hennebontais Simon LE GUEVEL et le Choletais Florian HERVO.\u00a0Le Lanest\u00e9rien Vincent GUEGO termine au pied du podium et son co\u00e9quipier Yann RAULT finit 8\u00e8me. A domicile, le junior lanest\u00e9rien Rodolphe HENRY r\u00e8gle le sprint du\u00a0peloton.<\/p>\n<div id=\"attachment_8316\" style=\"width: 410px\" class=\"wp-caption alignright\"><a href=\"http:\/\/www.aclanester56.com\/velo\/wp-content\/uploads\/2011\/04\/lanvaudan-2011-032-800x600.jpg\" ><img loading=\"lazy\" decoding=\"async\" aria-describedby=\"caption-attachment-8316\" src=\"http:\/\/www.aclanester56.com\/velo\/wp-content\/uploads\/2011\/04\/lanvaudan-2011-032-800x600.jpg\" alt=\"\" title=\"Chez lui, le junior Rodolphe HENRY enregistre un r\u00e9sultat significatif face \u00e0 une belle concurrence de coureurs 1\u00e8re cat\u00e9gorie !\" width=\"400\" height=\"300\" class=\"size-large wp-image-8316\" srcset=\"https:\/\/www.aclanester56.com\/velo\/wp-content\/uploads\/2011\/04\/lanvaudan-2011-032-800x600.jpg 800w, https:\/\/www.aclanester56.com\/velo\/wp-content\/uploads\/2011\/04\/lanvaudan-2011-032-300x225.jpg 300w, https:\/\/www.aclanester56.com\/velo\/wp-content\/uploads\/2011\/04\/lanvaudan-2011-032-400x300.jpg 400w, https:\/\/www.aclanester56.com\/velo\/wp-content\/uploads\/2011\/04\/lanvaudan-2011-032.jpg 1024w\" sizes=\"auto, (max-width: 400px) 100vw, 400px\" \/><\/a><p id=\"caption-attachment-8316\" class=\"wp-caption-text\">Chez lui, le junior Rodolphe HENRY enregistre un r\u00e9sultat significatif face \u00e0 une belle concurrence de coureurs 1\u00e8re cat\u00e9gorie !<\/p><\/div>\n<p style=\"text-align: justify;\"><span style=\"color: #ff6600;\"><strong>Les photos !<\/strong><\/span><\/p>\n<p style=\"text-align: justify;\">Retrouvez quelques photos dans notre galerie accessible ici <a href=\"http:\/\/www.aclanester56.com\/velo\/medias\/photos\/?album=7&amp;gallery=76\" target=\"_blank\">en cliquant ici<\/a> !<\/p>\n<p style=\"text-align: justify;\">&nbsp;<\/p>\n<div>\n<p><span style=\"text-decoration: underline;\"><strong>Classement :<\/strong><\/span><\/p>\n<\/div>\n<div>1 Piotr Zielinski (VCP Lorient)<\/div>\n<div>2 Simon \u00a0Le Gu\u00e9vel (Hennebont Cyclisme)<\/div>\n<div>3 Florian Hervo (UC Cholet 49)<\/div>\n<div><span style=\"background-color: #ff6600;\">4 Vincent Gu\u00e9go (AC Lanester 56)<\/span><\/div>\n<div>5 Romain Marchand (EC Pays de Dinan)<\/div>\n<div>6 Vincent H\u00e9naff (UC Nantes-Atlantique)<\/div>\n<div>7 Alastair Carr (EC Pays de Dinan)<\/div>\n<div><span style=\"background-color: #ff6600;\">8 Yann Rault (AC Lanester 56)<\/span><\/div>\n<div>9 Stefan Ravaleu (UC briochine) ;<\/div>\n<div>10 J\u00e9r\u00e9my Loric (Hennebont Cyclisme)<\/div>\n<div><span style=\"background-color: #ff6600;\">17 Rodolphe Henry (AC Lanester 56)<\/span><\/div>\n","protected":false},"excerpt":{"rendered":"<p>Une quarantaine de coureurs \u00e9taient au d\u00e9part de l&rsquo;\u00e9preuve toutes cat\u00e9gories organis\u00e9e par le dynamique comit\u00e9 des f\u00eates de Lanvaudan.<\/p>\n","protected":false},"author":14,"featured_media":8318,"comment_status":"open","ping_status":"closed","sticky":false,"template":"","format":"standard","meta":{"ngg_post_thumbnail":0,"footnotes":""},"categories":[5,14,17,21],"tags":[],"class_list":["post-8309","post","type-post","status-publish","format-standard","has-post-thumbnail","hentry","category-ac-lanester-56","category-actualites-dn","category-resultats-dn","category-resultats-juniors"],"yoast_head":"<!-- This site is optimized with the Yoast SEO plugin v27.5 - https:\/\/yoast.com\/product\/yoast-seo-wordpress\/ -->\n<title>Vincent Gu\u00e9go 4\u00e8me \u00e0 Lanvaudan - Avenir Cycliste Lanester 56<\/title>\n<meta name=\"robots\" content=\"index, follow, max-snippet:-1, max-image-preview:large, max-video-preview:-1\" \/>\n<link rel=\"canonical\" href=\"https:\/\/www.aclanester56.com\/velo\/vincent-guego-4eme-a-lanvaudan\/\" \/>\n<meta property=\"og:locale\" content=\"fr_FR\" \/>\n<meta property=\"og:type\" content=\"article\" \/>\n<meta property=\"og:title\" content=\"Vincent Gu\u00e9go 4\u00e8me \u00e0 Lanvaudan - Avenir Cycliste Lanester 56\" \/>\n<meta property=\"og:description\" content=\"Une quarantaine de coureurs \u00e9taient au d\u00e9part de l&rsquo;\u00e9preuve toutes cat\u00e9gories organis\u00e9e par le dynamique comit\u00e9 des f\u00eates de Lanvaudan.\" \/>\n<meta property=\"og:url\" content=\"https:\/\/www.aclanester56.com\/velo\/vincent-guego-4eme-a-lanvaudan\/\" \/>\n<meta property=\"og:site_name\" content=\"Avenir Cycliste Lanester 56\" \/>\n<meta property=\"article:publisher\" content=\"https:\/\/www.facebook.com\/pages\/AC-Lanester-56\/190286300991242?fref=ts\" \/>\n<meta property=\"article:published_time\" content=\"2011-04-25T09:31:36+00:00\" \/>\n<meta property=\"article:modified_time\" content=\"2011-05-01T16:15:18+00:00\" \/>\n<meta property=\"og:image\" content=\"https:\/\/www.aclanester56.com\/velo\/wp-content\/uploads\/2011\/04\/lanvaudan-2011-021-Copie.jpg\" \/>\n\t<meta property=\"og:image:width\" content=\"650\" \/>\n\t<meta property=\"og:image:height\" content=\"300\" \/>\n\t<meta property=\"og:image:type\" content=\"image\/jpeg\" \/>\n<meta name=\"author\" content=\"Jean-Christophe\" \/>\n<meta name=\"twitter:label1\" content=\"\u00c9crit par\" \/>\n\t<meta name=\"twitter:data1\" content=\"Jean-Christophe\" \/>\n\t<meta name=\"twitter:label2\" content=\"Dur\u00e9e de lecture estim\u00e9e\" \/>\n\t<meta name=\"twitter:data2\" content=\"2 minutes\" \/>\n<script type=\"application\/ld+json\" class=\"yoast-schema-graph\">{\"@context\":\"https:\\\/\\\/schema.org\",\"@graph\":[{\"@type\":\"Article\",\"@id\":\"https:\\\/\\\/www.aclanester56.com\\\/velo\\\/vincent-guego-4eme-a-lanvaudan\\\/#article\",\"isPartOf\":{\"@id\":\"https:\\\/\\\/www.aclanester56.com\\\/velo\\\/vincent-guego-4eme-a-lanvaudan\\\/\"},\"author\":{\"name\":\"Jean-Christophe\",\"@id\":\"https:\\\/\\\/www.aclanester56.com\\\/velo\\\/#\\\/schema\\\/person\\\/ca2a44a5fd969e9dd846c72d3b33bc01\"},\"headline\":\"Vincent Gu\u00e9go 4\u00e8me \u00e0 Lanvaudan\",\"datePublished\":\"2011-04-25T09:31:36+00:00\",\"dateModified\":\"2011-05-01T16:15:18+00:00\",\"mainEntityOfPage\":{\"@id\":\"https:\\\/\\\/www.aclanester56.com\\\/velo\\\/vincent-guego-4eme-a-lanvaudan\\\/\"},\"wordCount\":371,\"commentCount\":1,\"publisher\":{\"@id\":\"https:\\\/\\\/www.aclanester56.com\\\/velo\\\/#organization\"},\"image\":{\"@id\":\"https:\\\/\\\/www.aclanester56.com\\\/velo\\\/vincent-guego-4eme-a-lanvaudan\\\/#primaryimage\"},\"thumbnailUrl\":\"https:\\\/\\\/www.aclanester56.com\\\/velo\\\/wp-content\\\/uploads\\\/2011\\\/04\\\/lanvaudan-2011-021-Copie.jpg\",\"articleSection\":[\"AC LANESTER 56\",\"Actualit\u00e9s DN\",\"R\u00e9sultats DN\",\"R\u00e9sultats Juniors\"],\"inLanguage\":\"fr-FR\",\"potentialAction\":[{\"@type\":\"CommentAction\",\"name\":\"Comment\",\"target\":[\"https:\\\/\\\/www.aclanester56.com\\\/velo\\\/vincent-guego-4eme-a-lanvaudan\\\/#respond\"]}]},{\"@type\":\"WebPage\",\"@id\":\"https:\\\/\\\/www.aclanester56.com\\\/velo\\\/vincent-guego-4eme-a-lanvaudan\\\/\",\"url\":\"https:\\\/\\\/www.aclanester56.com\\\/velo\\\/vincent-guego-4eme-a-lanvaudan\\\/\",\"name\":\"Vincent Gu\u00e9go 4\u00e8me \u00e0 Lanvaudan - Avenir Cycliste Lanester 56\",\"isPartOf\":{\"@id\":\"https:\\\/\\\/www.aclanester56.com\\\/velo\\\/#website\"},\"primaryImageOfPage\":{\"@id\":\"https:\\\/\\\/www.aclanester56.com\\\/velo\\\/vincent-guego-4eme-a-lanvaudan\\\/#primaryimage\"},\"image\":{\"@id\":\"https:\\\/\\\/www.aclanester56.com\\\/velo\\\/vincent-guego-4eme-a-lanvaudan\\\/#primaryimage\"},\"thumbnailUrl\":\"https:\\\/\\\/www.aclanester56.com\\\/velo\\\/wp-content\\\/uploads\\\/2011\\\/04\\\/lanvaudan-2011-021-Copie.jpg\",\"datePublished\":\"2011-04-25T09:31:36+00:00\",\"dateModified\":\"2011-05-01T16:15:18+00:00\",\"inLanguage\":\"fr-FR\",\"potentialAction\":[{\"@type\":\"ReadAction\",\"target\":[\"https:\\\/\\\/www.aclanester56.com\\\/velo\\\/vincent-guego-4eme-a-lanvaudan\\\/\"]}]},{\"@type\":\"ImageObject\",\"inLanguage\":\"fr-FR\",\"@id\":\"https:\\\/\\\/www.aclanester56.com\\\/velo\\\/vincent-guego-4eme-a-lanvaudan\\\/#primaryimage\",\"url\":\"https:\\\/\\\/www.aclanester56.com\\\/velo\\\/wp-content\\\/uploads\\\/2011\\\/04\\\/lanvaudan-2011-021-Copie.jpg\",\"contentUrl\":\"https:\\\/\\\/www.aclanester56.com\\\/velo\\\/wp-content\\\/uploads\\\/2011\\\/04\\\/lanvaudan-2011-021-Copie.jpg\",\"width\":650,\"height\":300},{\"@type\":\"WebSite\",\"@id\":\"https:\\\/\\\/www.aclanester56.com\\\/velo\\\/#website\",\"url\":\"https:\\\/\\\/www.aclanester56.com\\\/velo\\\/\",\"name\":\"Avenir Cycliste Lanester 56\",\"description\":\"Club cycliste de l&#039;AC LANESTER 56\",\"publisher\":{\"@id\":\"https:\\\/\\\/www.aclanester56.com\\\/velo\\\/#organization\"},\"potentialAction\":[{\"@type\":\"SearchAction\",\"target\":{\"@type\":\"EntryPoint\",\"urlTemplate\":\"https:\\\/\\\/www.aclanester56.com\\\/velo\\\/?s={search_term_string}\"},\"query-input\":{\"@type\":\"PropertyValueSpecification\",\"valueRequired\":true,\"valueName\":\"search_term_string\"}}],\"inLanguage\":\"fr-FR\"},{\"@type\":\"Organization\",\"@id\":\"https:\\\/\\\/www.aclanester56.com\\\/velo\\\/#organization\",\"name\":\"Avenir Cycliste Lanester 56\",\"url\":\"https:\\\/\\\/www.aclanester56.com\\\/velo\\\/\",\"logo\":{\"@type\":\"ImageObject\",\"inLanguage\":\"fr-FR\",\"@id\":\"https:\\\/\\\/www.aclanester56.com\\\/velo\\\/#\\\/schema\\\/logo\\\/image\\\/\",\"url\":\"https:\\\/\\\/www.aclanester56.com\\\/velo\\\/wp-content\\\/uploads\\\/2013\\\/04\\\/logo-ACL.jpg\",\"contentUrl\":\"https:\\\/\\\/www.aclanester56.com\\\/velo\\\/wp-content\\\/uploads\\\/2013\\\/04\\\/logo-ACL.jpg\",\"width\":400,\"height\":334,\"caption\":\"Avenir Cycliste Lanester 56\"},\"image\":{\"@id\":\"https:\\\/\\\/www.aclanester56.com\\\/velo\\\/#\\\/schema\\\/logo\\\/image\\\/\"},\"sameAs\":[\"https:\\\/\\\/www.facebook.com\\\/pages\\\/AC-Lanester-56\\\/190286300991242?fref=ts\"]},{\"@type\":\"Person\",\"@id\":\"https:\\\/\\\/www.aclanester56.com\\\/velo\\\/#\\\/schema\\\/person\\\/ca2a44a5fd969e9dd846c72d3b33bc01\",\"name\":\"Jean-Christophe\",\"url\":\"https:\\\/\\\/www.aclanester56.com\\\/velo\\\/author\\\/jeanchristophe\\\/\"}]}<\/script>\n<!-- \/ Yoast SEO plugin. -->","yoast_head_json":{"title":"Vincent Gu\u00e9go 4\u00e8me \u00e0 Lanvaudan - Avenir Cycliste Lanester 56","robots":{"index":"index","follow":"follow","max-snippet":"max-snippet:-1","max-image-preview":"max-image-preview:large","max-video-preview":"max-video-preview:-1"},"canonical":"https:\/\/www.aclanester56.com\/velo\/vincent-guego-4eme-a-lanvaudan\/","og_locale":"fr_FR","og_type":"article","og_title":"Vincent Gu\u00e9go 4\u00e8me \u00e0 Lanvaudan - Avenir Cycliste Lanester 56","og_description":"Une quarantaine de coureurs \u00e9taient au d\u00e9part de l&rsquo;\u00e9preuve toutes cat\u00e9gories organis\u00e9e par le dynamique comit\u00e9 des f\u00eates de Lanvaudan.","og_url":"https:\/\/www.aclanester56.com\/velo\/vincent-guego-4eme-a-lanvaudan\/","og_site_name":"Avenir Cycliste Lanester 56","article_publisher":"https:\/\/www.facebook.com\/pages\/AC-Lanester-56\/190286300991242?fref=ts","article_published_time":"2011-04-25T09:31:36+00:00","article_modified_time":"2011-05-01T16:15:18+00:00","og_image":[{"width":650,"height":300,"url":"https:\/\/www.aclanester56.com\/velo\/wp-content\/uploads\/2011\/04\/lanvaudan-2011-021-Copie.jpg","type":"image\/jpeg"}],"author":"Jean-Christophe","twitter_misc":{"\u00c9crit par":"Jean-Christophe","Dur\u00e9e de lecture estim\u00e9e":"2 minutes"},"schema":{"@context":"https:\/\/schema.org","@graph":[{"@type":"Article","@id":"https:\/\/www.aclanester56.com\/velo\/vincent-guego-4eme-a-lanvaudan\/#article","isPartOf":{"@id":"https:\/\/www.aclanester56.com\/velo\/vincent-guego-4eme-a-lanvaudan\/"},"author":{"name":"Jean-Christophe","@id":"https:\/\/www.aclanester56.com\/velo\/#\/schema\/person\/ca2a44a5fd969e9dd846c72d3b33bc01"},"headline":"Vincent Gu\u00e9go 4\u00e8me \u00e0 Lanvaudan","datePublished":"2011-04-25T09:31:36+00:00","dateModified":"2011-05-01T16:15:18+00:00","mainEntityOfPage":{"@id":"https:\/\/www.aclanester56.com\/velo\/vincent-guego-4eme-a-lanvaudan\/"},"wordCount":371,"commentCount":1,"publisher":{"@id":"https:\/\/www.aclanester56.com\/velo\/#organization"},"image":{"@id":"https:\/\/www.aclanester56.com\/velo\/vincent-guego-4eme-a-lanvaudan\/#primaryimage"},"thumbnailUrl":"https:\/\/www.aclanester56.com\/velo\/wp-content\/uploads\/2011\/04\/lanvaudan-2011-021-Copie.jpg","articleSection":["AC LANESTER 56","Actualit\u00e9s DN","R\u00e9sultats DN","R\u00e9sultats Juniors"],"inLanguage":"fr-FR","potentialAction":[{"@type":"CommentAction","name":"Comment","target":["https:\/\/www.aclanester56.com\/velo\/vincent-guego-4eme-a-lanvaudan\/#respond"]}]},{"@type":"WebPage","@id":"https:\/\/www.aclanester56.com\/velo\/vincent-guego-4eme-a-lanvaudan\/","url":"https:\/\/www.aclanester56.com\/velo\/vincent-guego-4eme-a-lanvaudan\/","name":"Vincent Gu\u00e9go 4\u00e8me \u00e0 Lanvaudan - Avenir Cycliste Lanester 56","isPartOf":{"@id":"https:\/\/www.aclanester56.com\/velo\/#website"},"primaryImageOfPage":{"@id":"https:\/\/www.aclanester56.com\/velo\/vincent-guego-4eme-a-lanvaudan\/#primaryimage"},"image":{"@id":"https:\/\/www.aclanester56.com\/velo\/vincent-guego-4eme-a-lanvaudan\/#primaryimage"},"thumbnailUrl":"https:\/\/www.aclanester56.com\/velo\/wp-content\/uploads\/2011\/04\/lanvaudan-2011-021-Copie.jpg","datePublished":"2011-04-25T09:31:36+00:00","dateModified":"2011-05-01T16:15:18+00:00","inLanguage":"fr-FR","potentialAction":[{"@type":"ReadAction","target":["https:\/\/www.aclanester56.com\/velo\/vincent-guego-4eme-a-lanvaudan\/"]}]},{"@type":"ImageObject","inLanguage":"fr-FR","@id":"https:\/\/www.aclanester56.com\/velo\/vincent-guego-4eme-a-lanvaudan\/#primaryimage","url":"https:\/\/www.aclanester56.com\/velo\/wp-content\/uploads\/2011\/04\/lanvaudan-2011-021-Copie.jpg","contentUrl":"https:\/\/www.aclanester56.com\/velo\/wp-content\/uploads\/2011\/04\/lanvaudan-2011-021-Copie.jpg","width":650,"height":300},{"@type":"WebSite","@id":"https:\/\/www.aclanester56.com\/velo\/#website","url":"https:\/\/www.aclanester56.com\/velo\/","name":"Avenir Cycliste Lanester 56","description":"Club cycliste de l&#039;AC LANESTER 56","publisher":{"@id":"https:\/\/www.aclanester56.com\/velo\/#organization"},"potentialAction":[{"@type":"SearchAction","target":{"@type":"EntryPoint","urlTemplate":"https:\/\/www.aclanester56.com\/velo\/?s={search_term_string}"},"query-input":{"@type":"PropertyValueSpecification","valueRequired":true,"valueName":"search_term_string"}}],"inLanguage":"fr-FR"},{"@type":"Organization","@id":"https:\/\/www.aclanester56.com\/velo\/#organization","name":"Avenir Cycliste Lanester 56","url":"https:\/\/www.aclanester56.com\/velo\/","logo":{"@type":"ImageObject","inLanguage":"fr-FR","@id":"https:\/\/www.aclanester56.com\/velo\/#\/schema\/logo\/image\/","url":"https:\/\/www.aclanester56.com\/velo\/wp-content\/uploads\/2013\/04\/logo-ACL.jpg","contentUrl":"https:\/\/www.aclanester56.com\/velo\/wp-content\/uploads\/2013\/04\/logo-ACL.jpg","width":400,"height":334,"caption":"Avenir Cycliste Lanester 56"},"image":{"@id":"https:\/\/www.aclanester56.com\/velo\/#\/schema\/logo\/image\/"},"sameAs":["https:\/\/www.facebook.com\/pages\/AC-Lanester-56\/190286300991242?fref=ts"]},{"@type":"Person","@id":"https:\/\/www.aclanester56.com\/velo\/#\/schema\/person\/ca2a44a5fd969e9dd846c72d3b33bc01","name":"Jean-Christophe","url":"https:\/\/www.aclanester56.com\/velo\/author\/jeanchristophe\/"}]}},"_links":{"self":[{"href":"https:\/\/www.aclanester56.com\/velo\/wp-json\/wp\/v2\/posts\/8309","targetHints":{"allow":["GET"]}}],"collection":[{"href":"https:\/\/www.aclanester56.com\/velo\/wp-json\/wp\/v2\/posts"}],"about":[{"href":"https:\/\/www.aclanester56.com\/velo\/wp-json\/wp\/v2\/types\/post"}],"author":[{"embeddable":true,"href":"https:\/\/www.aclanester56.com\/velo\/wp-json\/wp\/v2\/users\/14"}],"replies":[{"embeddable":true,"href":"https:\/\/www.aclanester56.com\/velo\/wp-json\/wp\/v2\/comments?post=8309"}],"version-history":[{"count":0,"href":"https:\/\/www.aclanester56.com\/velo\/wp-json\/wp\/v2\/posts\/8309\/revisions"}],"wp:featuredmedia":[{"embeddable":true,"href":"https:\/\/www.aclanester56.com\/velo\/wp-json\/wp\/v2\/media\/8318"}],"wp:attachment":[{"href":"https:\/\/www.aclanester56.com\/velo\/wp-json\/wp\/v2\/media?parent=8309"}],"wp:term":[{"taxonomy":"category","embeddable":true,"href":"https:\/\/www.aclanester56.com\/velo\/wp-json\/wp\/v2\/categories?post=8309"},{"taxonomy":"post_tag","embeddable":true,"href":"https:\/\/www.aclanester56.com\/velo\/wp-json\/wp\/v2\/tags?post=8309"}],"curies":[{"name":"wp","href":"https:\/\/api.w.org\/{rel}","templated":true}]}}