{"id":8364,"date":"2011-05-03T00:07:53","date_gmt":"2011-05-02T23:07:53","guid":{"rendered":"http:\/\/www.aclanester56.com\/velo\/?p=8364"},"modified":"2011-05-05T17:44:19","modified_gmt":"2011-05-05T16:44:19","slug":"les-cadets-lanesteriens-sur-les-boucles-sournaises","status":"publish","type":"post","link":"https:\/\/www.aclanester56.com\/velo\/les-cadets-lanesteriens-sur-les-boucles-sournaises\/","title":{"rendered":"Les cadets lanest\u00e9riens sur les Boucles Sournaises"},"content":{"rendered":"<div id=\"attachment_8365\" style=\"width: 285px\" class=\"wp-caption alignleft\"><a href=\"http:\/\/www.aclanester56.com\/velo\/wp-content\/uploads\/2011\/05\/Thibault-MORVAN-551x600.jpg\"><img loading=\"lazy\" decoding=\"async\" aria-describedby=\"caption-attachment-8365\" class=\"size-large wp-image-8365\" title=\"Le Lanest\u00e9rien Thibault MORVAN r\u00e9alise un tr\u00e8s bon contre-la-montre, confirmant ses progr\u00e8s r\u00e9guliers depuis le d\u00e9but de la saison (photo Camille NICOL)\" src=\"http:\/\/www.aclanester56.com\/velo\/wp-content\/uploads\/2011\/05\/Thibault-MORVAN-551x600.jpg\" alt=\"\" width=\"275\" height=\"300\" srcset=\"https:\/\/www.aclanester56.com\/velo\/wp-content\/uploads\/2011\/05\/Thibault-MORVAN-551x600.jpg 551w, https:\/\/www.aclanester56.com\/velo\/wp-content\/uploads\/2011\/05\/Thibault-MORVAN-275x300.jpg 275w, https:\/\/www.aclanester56.com\/velo\/wp-content\/uploads\/2011\/05\/Thibault-MORVAN.jpg 662w\" sizes=\"auto, (max-width: 275px) 100vw, 275px\" \/><\/a><p id=\"caption-attachment-8365\" class=\"wp-caption-text\">Le Lanest\u00e9rien Thibault MORVAN r\u00e9alise un tr\u00e8s bon contre-la-montre, confirmant ses progr\u00e8s r\u00e9guliers depuis le d\u00e9but de la saison (photo Camille NICOL)<\/p><\/div>\n<p style=\"text-align: justify;\">Onze jeunes cadets de l&rsquo;AC LANESTER 56 participaient ce dimanche aux Boucles Sournaises, qui a pour particularit\u00e9 d&rsquo;offrir aux coureurs un contre-la-montre individuel le matin et une course en ligne l&rsquo;apr\u00e8s-midi. Les jeunes de l&rsquo;\u00e9cole de cyclisme participaient \u00e9galement \u00e0 la course d&rsquo;attente au Sourn.<\/p>\n<p style=\"text-align: justify;\">&nbsp;<\/p>\n<p style=\"text-align: justify;\"><!--more--><\/p>\n<p style=\"text-align: justify;\">&nbsp;<\/p>\n<p style=\"text-align: justify;\">&nbsp;<\/p>\n<p style=\"text-align: justify;\"><span style=\"color: #ff6600;\"><strong>Tir group\u00e9 des Lanest\u00e9riens sur le \u00ab\u00a0chrono\u00a0\u00bb !<\/strong><\/span><\/p>\n<p style=\"text-align: justify;\">Le matin, un contre-la-montre difficile de 6 Km \u00e9tait propos\u00e9 aux 120 coureurs cadets (!) et les jeunes Lanest\u00e9riens r\u00e9alisent un joli tir group\u00e9 : Nicolas PRIMAS, K\u00e9vin BARGUIL, Thibault MORVAN et Cl\u00e9ment HENRY terminent respectivement 21\u00e8me, 22\u00e8me, 23\u00e8me et 25\u00e8me et se tiennent en une seconde ! Les autres jeunes de l&rsquo;AC LANESTER 56 terminent un peu plus loin. L&rsquo;Andelais Elie GESBERT r\u00e9alise un temps canon en parcourant les 6 Km en 8&rsquo;30\u00a0\u00bb, soit plus de 42 Km\/H.<\/p>\n<div id=\"attachment_8370\" style=\"width: 410px\" class=\"wp-caption alignright\"><a href=\"http:\/\/www.aclanester56.com\/velo\/wp-content\/uploads\/2011\/05\/le-sourn-2-800x600.jpg\" ><img loading=\"lazy\" decoding=\"async\" aria-describedby=\"caption-attachment-8370\" src=\"http:\/\/www.aclanester56.com\/velo\/wp-content\/uploads\/2011\/05\/le-sourn-2-800x600.jpg\" alt=\"\" title=\"Entre les deux \u00e9preuves, les cadets ont pu d\u00e9jeuner \u00e0 l&#039;abris sous le store du camion du club, \u00e0 l&#039;abris des nombreuses averses qui sont tomb\u00e9es (photo JM MORVAN)\" width=\"400\" height=\"300\" class=\"size-large wp-image-8370\" srcset=\"https:\/\/www.aclanester56.com\/velo\/wp-content\/uploads\/2011\/05\/le-sourn-2-800x600.jpg 800w, https:\/\/www.aclanester56.com\/velo\/wp-content\/uploads\/2011\/05\/le-sourn-2-300x225.jpg 300w, https:\/\/www.aclanester56.com\/velo\/wp-content\/uploads\/2011\/05\/le-sourn-2-400x300.jpg 400w, https:\/\/www.aclanester56.com\/velo\/wp-content\/uploads\/2011\/05\/le-sourn-2.jpg 1024w\" sizes=\"auto, (max-width: 400px) 100vw, 400px\" \/><\/a><p id=\"caption-attachment-8370\" class=\"wp-caption-text\">Entre les deux \u00e9preuves, les cadets ont pu d\u00e9jeuner \u00e0 l&#039;abris sous le store du camion du club, \u00e0 l&#039;abris des nombreuses averses qui sont tomb\u00e9es (photo JM MORVAN)<\/p><\/div>\n<p style=\"text-align: justify;\">&nbsp;<\/p>\n<p style=\"text-align: justify;\"><span style=\"color: #ff6600;\"><strong>Un duo de costaud domine<\/strong><\/span><\/p>\n<p style=\"text-align: justify;\">L&rsquo;apr\u00e8s-midi, le champion de Bretagne THEBAULT et le vainqueur du contre-la-montre GESBERT montrent qu&rsquo;ils sont au-dessus du lot en r\u00e9alisant toute la course en t\u00eate en duo. Ils ne seront pas rejoints et terminent dans cet ordre. Un peloton r\u00e9duit \u00e0 une cinquantaine d&rsquo;unit\u00e9s se pr\u00e9sente au sprint pour la 3\u00e8me place et Nicolas PRIMAS, Kevin BARGUIL et Pierre HOLE rentrent dans le top 20.<\/p>\n<p style=\"text-align: justify;\">&nbsp;<\/p>\n<p style=\"text-align: justify;\"><span style=\"color: #ff6600;\"><strong>Barguil 20\u00e8me du g\u00e9n\u00e9ral<\/strong><\/span><\/p>\n<p style=\"text-align: justify;\">Au classement g\u00e9n\u00e9ral remport\u00e9 par GESBERT, les Lanest\u00e9riens Kevin BARGUIL, Thibaut MORVAN et Nicolas PRIMAS terminent roue dans roue, aux 20\u00e8me, 21\u00e8me et 22\u00e8me places.<\/p>\n<div id=\"attachment_8374\" style=\"width: 284px\" class=\"wp-caption alignright\"><a href=\"http:\/\/www.aclanester56.com\/velo\/wp-content\/uploads\/2011\/05\/Kevin-BARGUIL-2-548x600.jpg\" ><img loading=\"lazy\" decoding=\"async\" aria-describedby=\"caption-attachment-8374\" src=\"http:\/\/www.aclanester56.com\/velo\/wp-content\/uploads\/2011\/05\/Kevin-BARGUIL-2-548x600.jpg\" alt=\"\" title=\"Tr\u00e8s r\u00e9gulier, K\u00e9vin BARGUIL termine 20\u00e8me du classement g\u00e9n\u00e9ral ! (photo Camille NICOL)\" width=\"274\" height=\"300\" class=\"size-large wp-image-8374\" srcset=\"https:\/\/www.aclanester56.com\/velo\/wp-content\/uploads\/2011\/05\/Kevin-BARGUIL-2-548x600.jpg 548w, https:\/\/www.aclanester56.com\/velo\/wp-content\/uploads\/2011\/05\/Kevin-BARGUIL-2-274x300.jpg 274w, https:\/\/www.aclanester56.com\/velo\/wp-content\/uploads\/2011\/05\/Kevin-BARGUIL-2.jpg 585w\" sizes=\"auto, (max-width: 274px) 100vw, 274px\" \/><\/a><p id=\"caption-attachment-8374\" class=\"wp-caption-text\">Tr\u00e8s r\u00e9gulier, K\u00e9vin BARGUIL termine 20\u00e8me du classement g\u00e9n\u00e9ral ! (photo Camille NICOL)<\/p><\/div>\n<p style=\"text-align: justify;\">&nbsp;<\/p>\n<p style=\"text-align: justify;\"><span style=\"color: #ff6600;\"><strong>Derni\u00e8re r\u00e9p\u00e9tition avant le 1er championnat de Bretagne cadets par \u00e9quipes \u00a0!<\/strong><\/span><\/p>\n<p style=\"text-align: justify;\">Jean-Marc MORVAN et Denis BARGUIL encadraient cet imposant groupe, pour lequel il s&rsquo;agissait de la derni\u00e8re \u00e9preuve avant le championnat de Bretagne du contre-la-montre par \u00e9quipe cadets qui aura lieu pour la 1\u00e8re fois dimanche prochain \u00e0 Landerneau. L&rsquo;\u00e9quipe sera compos\u00e9e de Pierre HOLE, K\u00e9vin BARGUIL, Melvyn LE HEN et Cl\u00e9ment HENRY ! Nous suivrons avec beaucoup d&rsquo;attention leur comportement sur ce premier championnat cadets !<\/p>\n<p style=\"text-align: justify;\"><span style=\"color: #ff6600;\"><strong>L&rsquo;Ecole de Cyclisme en ouverture !<\/strong><\/span><\/p>\n<p style=\"text-align: justify;\">Des pr\u00e9licenci\u00e9s aux minimes, nos futurs champions lanest\u00e9riens ont \u00e9galement d\u00e9couvert l&rsquo;exigent circuit du Sourn !<\/p>\n<p><span style=\"text-decoration: underline;\"><strong>Classement du CLM individuel (6 Km) <\/strong><\/span>:<\/p>\n<p>1 GESBERT Elie ANDEL VELO SPORT en 8&prime; 30&Prime; 98<br \/>\n2 THEBAULT Arnaud SOJASUN ESPOIR ACNC en 8&prime; 42&Prime; 34<br \/>\n3 CAM Florian LANDIVISIENNE CYCL. en 8&prime; 42&Prime; 56<br \/>\n<div id=\"attachment_8376\" style=\"width: 276px\" class=\"wp-caption alignright\"><a href=\"http:\/\/www.aclanester56.com\/velo\/wp-content\/uploads\/2011\/05\/le-sourn3-800x600.jpg\" ><img loading=\"lazy\" decoding=\"async\" aria-describedby=\"caption-attachment-8376\" src=\"http:\/\/www.aclanester56.com\/velo\/wp-content\/uploads\/2011\/05\/le-sourn3-800x600.jpg\" alt=\"\" title=\"Petit moment convivial \u00e0 l&#039;abris des averses pour les onze cadets lanest\u00e9riens ! (photo JM MORVAN)\" width=\"266\" height=\"200\" class=\"size-large wp-image-8376\" srcset=\"https:\/\/www.aclanester56.com\/velo\/wp-content\/uploads\/2011\/05\/le-sourn3-800x600.jpg 800w, https:\/\/www.aclanester56.com\/velo\/wp-content\/uploads\/2011\/05\/le-sourn3-300x225.jpg 300w, https:\/\/www.aclanester56.com\/velo\/wp-content\/uploads\/2011\/05\/le-sourn3-400x300.jpg 400w, https:\/\/www.aclanester56.com\/velo\/wp-content\/uploads\/2011\/05\/le-sourn3.jpg 1024w\" sizes=\"auto, (max-width: 266px) 100vw, 266px\" \/><\/a><p id=\"caption-attachment-8376\" class=\"wp-caption-text\">Petit moment convivial \u00e0 l&#039;abris des averses pour les onze cadets lanest\u00e9riens ! (photo JM MORVAN)<\/p><\/div><br \/>\n4 KERVILY Samuel UC PAYS PLOUAY en 8&prime; 49&Prime; 79<br \/>\n5 LINO Julian VS DE RHUYS en 8&prime; 51&Prime; 66<br \/>\n6 ABADIE Gautier VELOCE VANNETAIS CYCL. en 8&prime; 53&Prime; 8<br \/>\n7 MORICE Alex VELOCE VANNETAIS CYCL. en 8&prime; 53&Prime; 26<br \/>\n8 LE CORRE Antoine SC MALESTROIT en 8&prime; 54&Prime; 47<br \/>\n9 RIO Beno\u00eet VC PAYS DE LOUDEAC en 8&prime; 55&Prime; 38<br \/>\n10 CORNILLET Erwan VS PAYS DE LAMBALLE en 8&prime; 55&Prime; 70<br \/>\n<span style=\"background-color: #ff6600;\">21 PRIMAS Nicolas AC LANESTER 56 en 9&prime; 9&Prime; 39<\/span><br \/>\n<span style=\"background-color: #ff6600;\">22 BARGUIL k\u00e9vin AC LANESTER 56 en 9&prime; 9&Prime; 52<\/span><br \/>\n<span style=\"background-color: #ff6600;\">23 MORVAN Thibault AC LANESTER 56 en 9&prime; 9&Prime; 54<\/span><br \/>\n<span style=\"background-color: #ff6600;\">25 HENRY Cl\u00e9ment AC LANESTER 56 en 9&prime; 10&Prime; 9<\/span><br \/>\n<span style=\"background-color: #ff6600;\">42 HOLE Pierre AC LANESTER 56 en 9&prime; 26&Prime; 88<\/span><br \/>\n<span style=\"background-color: #ff6600;\">45 SELO Yoann AC LANESTER 56 en 9&prime; 28&Prime; 30<\/span><br \/>\n<span style=\"background-color: #ff6600;\">46 SEVENO Thibaut AC LANESTER 56 en 9&prime; 28&Prime; 66<\/span><br \/>\n<span style=\"background-color: #ff6600;\">52 LE GAL K\u00e9vin AC LANESTER 56 en 9&prime; 30&Prime; 83<\/span><br \/>\n<span style=\"background-color: #ff6600;\">64 LE HEN Melvyn AC LANESTER 56 en 9&prime; 39&Prime; 9<\/span><br \/>\n<span style=\"background-color: #ff6600;\">77 PICARD Jean Victor AC LANESTER 56 en 9&prime; 47&Prime; 27<\/span><br \/>\n<span style=\"background-color: #ff6600;\">83 LE BARBIER Lo\u00efc AC LANESTER 56 en 9&prime; 53&Prime; 81<\/span><\/p>\n<div id=\"attachment_8382\" style=\"width: 283px\" class=\"wp-caption alignright\"><a href=\"http:\/\/www.aclanester56.com\/velo\/wp-content\/uploads\/2011\/05\/JV-Picard-et-M-Le-Hen-547x600.jpg\" ><img loading=\"lazy\" decoding=\"async\" aria-describedby=\"caption-attachment-8382\" src=\"http:\/\/www.aclanester56.com\/velo\/wp-content\/uploads\/2011\/05\/JV-Picard-et-M-Le-Hen-547x600.jpg\" alt=\"\" title=\"Jean-Victor PICARD et Melvyn LE HEN ont termin\u00e9 courageusement l&#039;apr\u00e8s-midi (photo Camille NICOL)\" width=\"273\" height=\"300\" class=\"size-large wp-image-8382\" srcset=\"https:\/\/www.aclanester56.com\/velo\/wp-content\/uploads\/2011\/05\/JV-Picard-et-M-Le-Hen-547x600.jpg 547w, https:\/\/www.aclanester56.com\/velo\/wp-content\/uploads\/2011\/05\/JV-Picard-et-M-Le-Hen-273x300.jpg 273w, https:\/\/www.aclanester56.com\/velo\/wp-content\/uploads\/2011\/05\/JV-Picard-et-M-Le-Hen.jpg 584w\" sizes=\"auto, (max-width: 273px) 100vw, 273px\" \/><\/a><p id=\"caption-attachment-8382\" class=\"wp-caption-text\">Jean-Victor PICARD et Melvyn LE HEN ont termin\u00e9 courageusement l&#039;apr\u00e8s-midi (photo Camille NICOL)<\/p><\/div>\n<p><span style=\"text-decoration: underline;\"><strong>Classement 2\u00e8me \u00e9tape en ligne (72 Km) :<\/strong><\/span><\/p>\n<p>1 THEBAULT Arnaud SOJASUN ESPOIR ACNC 1:54:34<br \/>\n2 GESBERT Elie ANDEL VELO SPORT 1:54:35<br \/>\n3 CORNILLET Erwan VS PAYS DE LAMBALLE 1:57:35<br \/>\n4 RIO Beno\u00eet VC PAYS DE LOUDEAC 1:57:35<br \/>\n5 BRIAND Titouan LANNION CYCLISME 1:57:41<br \/>\n6 MASSON Benjamin VS PLABENNEC 1:57:41<br \/>\n7 GUINARD Dylan VS TREGUEUX 1:57:41<br \/>\n8 LECLAIRE Nicolas REDON OC 1:57:41<br \/>\n<span style=\"background-color: #ff6600;\">9 PRIMAS Nicolas AC LANESTER 56 1:57:41<\/span><br \/>\n10 CARO Mathieu VS TREGUEUX 1:57:41<br \/>\n<span style=\"background-color: #ff6600;\">14 BARGUIL k\u00e9vin AC LANESTER 56 1:57:41<\/span><br \/>\n<span style=\"background-color: #ff6600;\">19 HOLE Pierre AC LANESTER 56 1:57:41<\/span><br \/>\n<span style=\"background-color: #ff6600;\">34 LE GAL K\u00e9vin AC LANESTER 56 1:57:41<\/span><br \/>\n<span style=\"background-color: #ff6600;\">40 MORVAN Thibault AC LANESTER 56 1:57:41<\/span><br \/>\n<span style=\"background-color: #ff6600;\">57 PICARD Jean Victor AC LANESTER 56 2:04:09<\/span><br \/>\n<span style=\"background-color: #ff6600;\">58 SEVENO Thibaut AC LANESTER 56 2:04:09<\/span><br \/>\n<span style=\"background-color: #ff6600;\">59 LE HEN Melvyn AC LANESTER 56 2:04:19<\/span><\/p>\n<p><span style=\"text-decoration: underline;\"><strong>Classement g\u00e9n\u00e9ral final :<\/strong><\/span><\/p>\n<p>1 GESBERT Elie ANDEL VELO SPORT 02:03:05<br \/>\n2 THEBAULT Arnaud SOJASUN ESPOIR ACNC 02:03:16<br \/>\n3 CAM Florian LANDIVISIENNE CYCL. 02:06:23<br \/>\n4 RIO Beno\u00eet VC PAYS DE LOUDEAC 02:06:30<br \/>\n5 CORNILLET Erwan VS PAYS DE LAMBALLE 02:06:30<br \/>\n6 LINO Julian VS DE RHUYS 02:06:32<br \/>\n7 ABADIE Gautier VELOCE VANNETAIS CYCL. 02:06:34<br \/>\n8 MORICE Alex VELOCE VANNETAIS CYCL. 02:06:34<br \/>\n9 LE CORRE Antoine SC MALESTROIT 02:06:35<br \/>\n10 JOURNIAUX Axel EC RANCE FREMUR 02:06:36<br \/>\n<span style=\"background-color: #ff6600;\">20 BARGUIL k\u00e9vin AC LANESTER 56 02:06:50<\/span><br \/>\n<span style=\"background-color: #ff6600;\">21 MORVAN Thibault AC LANESTER 56 02:06:50<\/span><br \/>\n<span style=\"background-color: #ff6600;\">22 PRIMAS Nicolas AC LANESTER 56 02:06:50<\/span><br \/>\n<span style=\"background-color: #ff6600;\">30 HOLE Pierre AC LANESTER 56 02:07:07<\/span><br \/>\n<span style=\"background-color: #ff6600;\">35 LE GAL K\u00e9vin AC LANESTER 56 02:07:11<\/span><br \/>\n<span style=\"background-color: #ff6600;\">57 SEVENO Thibaut AC LANESTER 56 02:13:37<\/span><br \/>\n<span style=\"background-color: #ff6600;\">58 PICARD Jean Victor AC LANESTER 56 02:13:56<\/span><br \/>\n<span style=\"background-color: #ff6600;\">59 LE HEN Melvyn AC LANESTER 56 02:13:58<\/span><\/p>\n<div id=\"attachment_8384\" style=\"width: 285px\" class=\"wp-caption alignright\"><a href=\"http:\/\/www.aclanester56.com\/velo\/wp-content\/uploads\/2011\/05\/Yoann-SELO-4-549x600.jpg\" ><img loading=\"lazy\" decoding=\"async\" aria-describedby=\"caption-attachment-8384\" src=\"http:\/\/www.aclanester56.com\/velo\/wp-content\/uploads\/2011\/05\/Yoann-SELO-4-549x600.jpg\" alt=\"\" title=\"Apr\u00e8s un bon contre-la-montre, Yoann SELO a dig\u00e9r\u00e9 moyennement la course en ligne (photo Camille NICOL)\" width=\"275\" height=\"300\" class=\"size-large wp-image-8384\" srcset=\"https:\/\/www.aclanester56.com\/velo\/wp-content\/uploads\/2011\/05\/Yoann-SELO-4-549x600.jpg 549w, https:\/\/www.aclanester56.com\/velo\/wp-content\/uploads\/2011\/05\/Yoann-SELO-4-274x300.jpg 274w, https:\/\/www.aclanester56.com\/velo\/wp-content\/uploads\/2011\/05\/Yoann-SELO-4.jpg 586w\" sizes=\"auto, (max-width: 275px) 100vw, 275px\" \/><\/a><p id=\"caption-attachment-8384\" class=\"wp-caption-text\">Apr\u00e8s un bon contre-la-montre, Yoann SELO a dig\u00e9r\u00e9 moyennement la course en ligne (photo Camille NICOL)<\/p><\/div>\n<p><span style=\"text-decoration: underline;\"><strong>Classement pupilles :<\/strong><\/span><\/p>\n<p>1\u00a0\u00a0LE GUEVEL\u00a0\u00a0\u00a0Alexis\u00a0ACP BAUD<br \/>\n2\u00a0\u00a0LE LESLE\u00a0\u00a0\u00a0Nicolas\u00a0VC LANGUIDIC<br \/>\n3\u00a0\u00a0CUSHWAY\u00a0\u00a0\u00a0Charlie\u00a0UCP JOSSELIN<br \/>\n4\u00a0\u00a0BISQUAY\u00a0\u00a0\u00a0Yoen\u00a0UC AURAY<br \/>\n5\u00a0\u00a0SOKOL\u00a0\u00a0\u00a0Yann\u00a0AC LANESTER 56<br \/>\n28\u00a0\u00a0BACHIR\u00a0\u00a0\u00a0Mehdi\u00a0AC LANESTER 56<\/p>\n<p><span style=\"text-decoration: underline;\"><strong>Classement benjamins :<\/strong><\/span><\/p>\n<p>1\u00a0\u00a0LE VIGOUROUX\u00a0\u00a0\u00a0Baptiste\u00a0V. VANNETAIS<br \/>\n2\u00a0\u00a0JEGAT\u00a0\u00a0\u00a0Jordan\u00a0ACP BAUD<br \/>\n3\u00a0\u00a0GUENNEUGUES\u00a0\u00a0\u00a0Erwann\u00a0UC AURAY<br \/>\n4\u00a0\u00a0DAUPHIN\u00a0\u00a0\u00a0Florian\u00a0UC QUIMPERLE<br \/>\n5\u00a0\u00a0LE FRESNE\u00a0\u00a0\u00a0Julien\u00a0CC CONCARNOIS<br \/>\n<span style=\"background-color: #ff6600;\">7\u00a0\u00a0MOREL\u00a0\u00a0\u00a0Benjamin\u00a0AC LANESTER<\/span><br \/>\n<span style=\"background-color: #ff6600;\">18\u00a0\u00a0QUERO\u00a0\u00a0\u00a0K\u00e9vin \u00a0AC LANESTER 56<\/span><br \/>\n<span style=\"background-color: #ff6600;\">35\u00a0\u00a0LE CROM\u00a0\u00a0\u00a0Charles\u00a0AC LANESTER 56<\/span><\/p>\n<p><span style=\"text-decoration: underline;\"><strong>Classement minimes (30 Km) :<\/strong><\/span><\/p>\n<p>1 ETIEMBLE Fran\u00e7ois PLAINTEL VS 0:47:00<br \/>\n2 ANDRE Nathan UC PAYS PLOUAY 0:48:58<br \/>\n3 ROUZAU Thibault UC PAYS PLOUAY 0:48:58<br \/>\n4 BERNARD Nicolas AC PAYS DE BAUD 0:48:58<br \/>\n5 PERRET KEVIN CC CASTELBRIANTAIS 0:48:58<br \/>\n6 LE BRIS C\u00e9cilia VC PONTIVYEN 0:48:58<br \/>\n7 BAUCHERON Damien UCK VANNES 0:48:58<br \/>\n8 CRAVIC Maxime AC PAYS DE BAUD 0:48:58<br \/>\n9 BALTENWECK Mewen AC PAYS DE BAUD 0:48:58<br \/>\n10 LE BOULAIRE Guillaume CC UZELAIS 0:48:58<br \/>\n<span style=\"background-color: #ff6600;\">12 DUVAL Benjamin AC LANESTER 56 0:48:58<\/span><\/p>\n<p>&nbsp;<\/p>\n","protected":false},"excerpt":{"rendered":"<p>Onze jeunes cadets de l&rsquo;AC LANESTER 56 participaient ce dimanche aux Boucles Sournaises, qui a pour particularit\u00e9 d&rsquo;offrir aux coureurs [&hellip;]<\/p>\n","protected":false},"author":14,"featured_media":8386,"comment_status":"open","ping_status":"closed","sticky":false,"template":"","format":"standard","meta":{"ngg_post_thumbnail":0,"footnotes":""},"categories":[5,22],"tags":[],"class_list":["post-8364","post","type-post","status-publish","format-standard","has-post-thumbnail","hentry","category-ac-lanester-56","category-resultats-cadets"],"yoast_head":"<!-- This site is optimized with the Yoast SEO plugin v27.5 - https:\/\/yoast.com\/product\/yoast-seo-wordpress\/ -->\n<title>Les cadets lanest\u00e9riens sur les Boucles Sournaises - Avenir Cycliste Lanester 56<\/title>\n<meta name=\"robots\" content=\"index, follow, max-snippet:-1, max-image-preview:large, max-video-preview:-1\" \/>\n<link rel=\"canonical\" href=\"https:\/\/www.aclanester56.com\/velo\/les-cadets-lanesteriens-sur-les-boucles-sournaises\/\" \/>\n<meta property=\"og:locale\" content=\"fr_FR\" \/>\n<meta property=\"og:type\" content=\"article\" \/>\n<meta property=\"og:title\" content=\"Les cadets lanest\u00e9riens sur les Boucles Sournaises - Avenir Cycliste Lanester 56\" \/>\n<meta property=\"og:description\" content=\"Onze jeunes cadets de l&rsquo;AC LANESTER 56 participaient ce dimanche aux Boucles Sournaises, qui a pour particularit\u00e9 d&rsquo;offrir aux coureurs [&hellip;]\" \/>\n<meta property=\"og:url\" content=\"https:\/\/www.aclanester56.com\/velo\/les-cadets-lanesteriens-sur-les-boucles-sournaises\/\" \/>\n<meta property=\"og:site_name\" content=\"Avenir Cycliste Lanester 56\" \/>\n<meta property=\"article:publisher\" content=\"https:\/\/www.facebook.com\/pages\/AC-Lanester-56\/190286300991242?fref=ts\" \/>\n<meta property=\"article:published_time\" content=\"2011-05-02T23:07:53+00:00\" \/>\n<meta property=\"article:modified_time\" content=\"2011-05-05T16:44:19+00:00\" \/>\n<meta property=\"og:image\" content=\"https:\/\/www.aclanester56.com\/velo\/wp-content\/uploads\/2011\/05\/Thibault-MORVAN-Copie.jpg\" \/>\n\t<meta property=\"og:image:width\" content=\"650\" \/>\n\t<meta property=\"og:image:height\" content=\"300\" \/>\n\t<meta property=\"og:image:type\" content=\"image\/jpeg\" \/>\n<meta name=\"author\" content=\"Jean-Christophe\" \/>\n<meta name=\"twitter:label1\" content=\"\u00c9crit par\" \/>\n\t<meta name=\"twitter:data1\" content=\"Jean-Christophe\" \/>\n\t<meta name=\"twitter:label2\" content=\"Dur\u00e9e de lecture estim\u00e9e\" \/>\n\t<meta name=\"twitter:data2\" content=\"5 minutes\" \/>\n<script type=\"application\/ld+json\" class=\"yoast-schema-graph\">{\"@context\":\"https:\\\/\\\/schema.org\",\"@graph\":[{\"@type\":\"Article\",\"@id\":\"https:\\\/\\\/www.aclanester56.com\\\/velo\\\/les-cadets-lanesteriens-sur-les-boucles-sournaises\\\/#article\",\"isPartOf\":{\"@id\":\"https:\\\/\\\/www.aclanester56.com\\\/velo\\\/les-cadets-lanesteriens-sur-les-boucles-sournaises\\\/\"},\"author\":{\"name\":\"Jean-Christophe\",\"@id\":\"https:\\\/\\\/www.aclanester56.com\\\/velo\\\/#\\\/schema\\\/person\\\/ca2a44a5fd969e9dd846c72d3b33bc01\"},\"headline\":\"Les cadets lanest\u00e9riens sur les Boucles Sournaises\",\"datePublished\":\"2011-05-02T23:07:53+00:00\",\"dateModified\":\"2011-05-05T16:44:19+00:00\",\"mainEntityOfPage\":{\"@id\":\"https:\\\/\\\/www.aclanester56.com\\\/velo\\\/les-cadets-lanesteriens-sur-les-boucles-sournaises\\\/\"},\"wordCount\":988,\"commentCount\":0,\"publisher\":{\"@id\":\"https:\\\/\\\/www.aclanester56.com\\\/velo\\\/#organization\"},\"image\":{\"@id\":\"https:\\\/\\\/www.aclanester56.com\\\/velo\\\/les-cadets-lanesteriens-sur-les-boucles-sournaises\\\/#primaryimage\"},\"thumbnailUrl\":\"https:\\\/\\\/www.aclanester56.com\\\/velo\\\/wp-content\\\/uploads\\\/2011\\\/05\\\/Thibault-MORVAN-Copie.jpg\",\"articleSection\":[\"AC LANESTER 56\",\"R\u00e9sultats Cadets\"],\"inLanguage\":\"fr-FR\",\"potentialAction\":[{\"@type\":\"CommentAction\",\"name\":\"Comment\",\"target\":[\"https:\\\/\\\/www.aclanester56.com\\\/velo\\\/les-cadets-lanesteriens-sur-les-boucles-sournaises\\\/#respond\"]}]},{\"@type\":\"WebPage\",\"@id\":\"https:\\\/\\\/www.aclanester56.com\\\/velo\\\/les-cadets-lanesteriens-sur-les-boucles-sournaises\\\/\",\"url\":\"https:\\\/\\\/www.aclanester56.com\\\/velo\\\/les-cadets-lanesteriens-sur-les-boucles-sournaises\\\/\",\"name\":\"Les cadets lanest\u00e9riens sur les Boucles Sournaises - Avenir Cycliste Lanester 56\",\"isPartOf\":{\"@id\":\"https:\\\/\\\/www.aclanester56.com\\\/velo\\\/#website\"},\"primaryImageOfPage\":{\"@id\":\"https:\\\/\\\/www.aclanester56.com\\\/velo\\\/les-cadets-lanesteriens-sur-les-boucles-sournaises\\\/#primaryimage\"},\"image\":{\"@id\":\"https:\\\/\\\/www.aclanester56.com\\\/velo\\\/les-cadets-lanesteriens-sur-les-boucles-sournaises\\\/#primaryimage\"},\"thumbnailUrl\":\"https:\\\/\\\/www.aclanester56.com\\\/velo\\\/wp-content\\\/uploads\\\/2011\\\/05\\\/Thibault-MORVAN-Copie.jpg\",\"datePublished\":\"2011-05-02T23:07:53+00:00\",\"dateModified\":\"2011-05-05T16:44:19+00:00\",\"inLanguage\":\"fr-FR\",\"potentialAction\":[{\"@type\":\"ReadAction\",\"target\":[\"https:\\\/\\\/www.aclanester56.com\\\/velo\\\/les-cadets-lanesteriens-sur-les-boucles-sournaises\\\/\"]}]},{\"@type\":\"ImageObject\",\"inLanguage\":\"fr-FR\",\"@id\":\"https:\\\/\\\/www.aclanester56.com\\\/velo\\\/les-cadets-lanesteriens-sur-les-boucles-sournaises\\\/#primaryimage\",\"url\":\"https:\\\/\\\/www.aclanester56.com\\\/velo\\\/wp-content\\\/uploads\\\/2011\\\/05\\\/Thibault-MORVAN-Copie.jpg\",\"contentUrl\":\"https:\\\/\\\/www.aclanester56.com\\\/velo\\\/wp-content\\\/uploads\\\/2011\\\/05\\\/Thibault-MORVAN-Copie.jpg\",\"width\":650,\"height\":300},{\"@type\":\"WebSite\",\"@id\":\"https:\\\/\\\/www.aclanester56.com\\\/velo\\\/#website\",\"url\":\"https:\\\/\\\/www.aclanester56.com\\\/velo\\\/\",\"name\":\"Avenir Cycliste Lanester 56\",\"description\":\"Club cycliste de l&#039;AC LANESTER 56\",\"publisher\":{\"@id\":\"https:\\\/\\\/www.aclanester56.com\\\/velo\\\/#organization\"},\"potentialAction\":[{\"@type\":\"SearchAction\",\"target\":{\"@type\":\"EntryPoint\",\"urlTemplate\":\"https:\\\/\\\/www.aclanester56.com\\\/velo\\\/?s={search_term_string}\"},\"query-input\":{\"@type\":\"PropertyValueSpecification\",\"valueRequired\":true,\"valueName\":\"search_term_string\"}}],\"inLanguage\":\"fr-FR\"},{\"@type\":\"Organization\",\"@id\":\"https:\\\/\\\/www.aclanester56.com\\\/velo\\\/#organization\",\"name\":\"Avenir Cycliste Lanester 56\",\"url\":\"https:\\\/\\\/www.aclanester56.com\\\/velo\\\/\",\"logo\":{\"@type\":\"ImageObject\",\"inLanguage\":\"fr-FR\",\"@id\":\"https:\\\/\\\/www.aclanester56.com\\\/velo\\\/#\\\/schema\\\/logo\\\/image\\\/\",\"url\":\"https:\\\/\\\/www.aclanester56.com\\\/velo\\\/wp-content\\\/uploads\\\/2013\\\/04\\\/logo-ACL.jpg\",\"contentUrl\":\"https:\\\/\\\/www.aclanester56.com\\\/velo\\\/wp-content\\\/uploads\\\/2013\\\/04\\\/logo-ACL.jpg\",\"width\":400,\"height\":334,\"caption\":\"Avenir Cycliste Lanester 56\"},\"image\":{\"@id\":\"https:\\\/\\\/www.aclanester56.com\\\/velo\\\/#\\\/schema\\\/logo\\\/image\\\/\"},\"sameAs\":[\"https:\\\/\\\/www.facebook.com\\\/pages\\\/AC-Lanester-56\\\/190286300991242?fref=ts\"]},{\"@type\":\"Person\",\"@id\":\"https:\\\/\\\/www.aclanester56.com\\\/velo\\\/#\\\/schema\\\/person\\\/ca2a44a5fd969e9dd846c72d3b33bc01\",\"name\":\"Jean-Christophe\",\"url\":\"https:\\\/\\\/www.aclanester56.com\\\/velo\\\/author\\\/jeanchristophe\\\/\"}]}<\/script>\n<!-- \/ Yoast SEO plugin. -->","yoast_head_json":{"title":"Les cadets lanest\u00e9riens sur les Boucles Sournaises - Avenir Cycliste Lanester 56","robots":{"index":"index","follow":"follow","max-snippet":"max-snippet:-1","max-image-preview":"max-image-preview:large","max-video-preview":"max-video-preview:-1"},"canonical":"https:\/\/www.aclanester56.com\/velo\/les-cadets-lanesteriens-sur-les-boucles-sournaises\/","og_locale":"fr_FR","og_type":"article","og_title":"Les cadets lanest\u00e9riens sur les Boucles Sournaises - Avenir Cycliste Lanester 56","og_description":"Onze jeunes cadets de l&rsquo;AC LANESTER 56 participaient ce dimanche aux Boucles Sournaises, qui a pour particularit\u00e9 d&rsquo;offrir aux coureurs [&hellip;]","og_url":"https:\/\/www.aclanester56.com\/velo\/les-cadets-lanesteriens-sur-les-boucles-sournaises\/","og_site_name":"Avenir Cycliste Lanester 56","article_publisher":"https:\/\/www.facebook.com\/pages\/AC-Lanester-56\/190286300991242?fref=ts","article_published_time":"2011-05-02T23:07:53+00:00","article_modified_time":"2011-05-05T16:44:19+00:00","og_image":[{"width":650,"height":300,"url":"https:\/\/www.aclanester56.com\/velo\/wp-content\/uploads\/2011\/05\/Thibault-MORVAN-Copie.jpg","type":"image\/jpeg"}],"author":"Jean-Christophe","twitter_misc":{"\u00c9crit par":"Jean-Christophe","Dur\u00e9e de lecture estim\u00e9e":"5 minutes"},"schema":{"@context":"https:\/\/schema.org","@graph":[{"@type":"Article","@id":"https:\/\/www.aclanester56.com\/velo\/les-cadets-lanesteriens-sur-les-boucles-sournaises\/#article","isPartOf":{"@id":"https:\/\/www.aclanester56.com\/velo\/les-cadets-lanesteriens-sur-les-boucles-sournaises\/"},"author":{"name":"Jean-Christophe","@id":"https:\/\/www.aclanester56.com\/velo\/#\/schema\/person\/ca2a44a5fd969e9dd846c72d3b33bc01"},"headline":"Les cadets lanest\u00e9riens sur les Boucles Sournaises","datePublished":"2011-05-02T23:07:53+00:00","dateModified":"2011-05-05T16:44:19+00:00","mainEntityOfPage":{"@id":"https:\/\/www.aclanester56.com\/velo\/les-cadets-lanesteriens-sur-les-boucles-sournaises\/"},"wordCount":988,"commentCount":0,"publisher":{"@id":"https:\/\/www.aclanester56.com\/velo\/#organization"},"image":{"@id":"https:\/\/www.aclanester56.com\/velo\/les-cadets-lanesteriens-sur-les-boucles-sournaises\/#primaryimage"},"thumbnailUrl":"https:\/\/www.aclanester56.com\/velo\/wp-content\/uploads\/2011\/05\/Thibault-MORVAN-Copie.jpg","articleSection":["AC LANESTER 56","R\u00e9sultats Cadets"],"inLanguage":"fr-FR","potentialAction":[{"@type":"CommentAction","name":"Comment","target":["https:\/\/www.aclanester56.com\/velo\/les-cadets-lanesteriens-sur-les-boucles-sournaises\/#respond"]}]},{"@type":"WebPage","@id":"https:\/\/www.aclanester56.com\/velo\/les-cadets-lanesteriens-sur-les-boucles-sournaises\/","url":"https:\/\/www.aclanester56.com\/velo\/les-cadets-lanesteriens-sur-les-boucles-sournaises\/","name":"Les cadets lanest\u00e9riens sur les Boucles Sournaises - Avenir Cycliste Lanester 56","isPartOf":{"@id":"https:\/\/www.aclanester56.com\/velo\/#website"},"primaryImageOfPage":{"@id":"https:\/\/www.aclanester56.com\/velo\/les-cadets-lanesteriens-sur-les-boucles-sournaises\/#primaryimage"},"image":{"@id":"https:\/\/www.aclanester56.com\/velo\/les-cadets-lanesteriens-sur-les-boucles-sournaises\/#primaryimage"},"thumbnailUrl":"https:\/\/www.aclanester56.com\/velo\/wp-content\/uploads\/2011\/05\/Thibault-MORVAN-Copie.jpg","datePublished":"2011-05-02T23:07:53+00:00","dateModified":"2011-05-05T16:44:19+00:00","inLanguage":"fr-FR","potentialAction":[{"@type":"ReadAction","target":["https:\/\/www.aclanester56.com\/velo\/les-cadets-lanesteriens-sur-les-boucles-sournaises\/"]}]},{"@type":"ImageObject","inLanguage":"fr-FR","@id":"https:\/\/www.aclanester56.com\/velo\/les-cadets-lanesteriens-sur-les-boucles-sournaises\/#primaryimage","url":"https:\/\/www.aclanester56.com\/velo\/wp-content\/uploads\/2011\/05\/Thibault-MORVAN-Copie.jpg","contentUrl":"https:\/\/www.aclanester56.com\/velo\/wp-content\/uploads\/2011\/05\/Thibault-MORVAN-Copie.jpg","width":650,"height":300},{"@type":"WebSite","@id":"https:\/\/www.aclanester56.com\/velo\/#website","url":"https:\/\/www.aclanester56.com\/velo\/","name":"Avenir Cycliste Lanester 56","description":"Club cycliste de l&#039;AC LANESTER 56","publisher":{"@id":"https:\/\/www.aclanester56.com\/velo\/#organization"},"potentialAction":[{"@type":"SearchAction","target":{"@type":"EntryPoint","urlTemplate":"https:\/\/www.aclanester56.com\/velo\/?s={search_term_string}"},"query-input":{"@type":"PropertyValueSpecification","valueRequired":true,"valueName":"search_term_string"}}],"inLanguage":"fr-FR"},{"@type":"Organization","@id":"https:\/\/www.aclanester56.com\/velo\/#organization","name":"Avenir Cycliste Lanester 56","url":"https:\/\/www.aclanester56.com\/velo\/","logo":{"@type":"ImageObject","inLanguage":"fr-FR","@id":"https:\/\/www.aclanester56.com\/velo\/#\/schema\/logo\/image\/","url":"https:\/\/www.aclanester56.com\/velo\/wp-content\/uploads\/2013\/04\/logo-ACL.jpg","contentUrl":"https:\/\/www.aclanester56.com\/velo\/wp-content\/uploads\/2013\/04\/logo-ACL.jpg","width":400,"height":334,"caption":"Avenir Cycliste Lanester 56"},"image":{"@id":"https:\/\/www.aclanester56.com\/velo\/#\/schema\/logo\/image\/"},"sameAs":["https:\/\/www.facebook.com\/pages\/AC-Lanester-56\/190286300991242?fref=ts"]},{"@type":"Person","@id":"https:\/\/www.aclanester56.com\/velo\/#\/schema\/person\/ca2a44a5fd969e9dd846c72d3b33bc01","name":"Jean-Christophe","url":"https:\/\/www.aclanester56.com\/velo\/author\/jeanchristophe\/"}]}},"_links":{"self":[{"href":"https:\/\/www.aclanester56.com\/velo\/wp-json\/wp\/v2\/posts\/8364","targetHints":{"allow":["GET"]}}],"collection":[{"href":"https:\/\/www.aclanester56.com\/velo\/wp-json\/wp\/v2\/posts"}],"about":[{"href":"https:\/\/www.aclanester56.com\/velo\/wp-json\/wp\/v2\/types\/post"}],"author":[{"embeddable":true,"href":"https:\/\/www.aclanester56.com\/velo\/wp-json\/wp\/v2\/users\/14"}],"replies":[{"embeddable":true,"href":"https:\/\/www.aclanester56.com\/velo\/wp-json\/wp\/v2\/comments?post=8364"}],"version-history":[{"count":0,"href":"https:\/\/www.aclanester56.com\/velo\/wp-json\/wp\/v2\/posts\/8364\/revisions"}],"wp:featuredmedia":[{"embeddable":true,"href":"https:\/\/www.aclanester56.com\/velo\/wp-json\/wp\/v2\/media\/8386"}],"wp:attachment":[{"href":"https:\/\/www.aclanester56.com\/velo\/wp-json\/wp\/v2\/media?parent=8364"}],"wp:term":[{"taxonomy":"category","embeddable":true,"href":"https:\/\/www.aclanester56.com\/velo\/wp-json\/wp\/v2\/categories?post=8364"},{"taxonomy":"post_tag","embeddable":true,"href":"https:\/\/www.aclanester56.com\/velo\/wp-json\/wp\/v2\/tags?post=8364"}],"curies":[{"name":"wp","href":"https:\/\/api.w.org\/{rel}","templated":true}]}}