{"id":8536,"date":"2011-05-12T19:07:43","date_gmt":"2011-05-12T18:07:43","guid":{"rendered":"http:\/\/www.aclanester56.com\/velo\/?p=8536"},"modified":"2012-04-14T16:45:02","modified_gmt":"2012-04-14T15:45:02","slug":"tro-div-ster-2011-1ere-etape-guemene-scorff-languidic","status":"publish","type":"post","link":"https:\/\/www.aclanester56.com\/velo\/tro-div-ster-2011-1ere-etape-guemene-scorff-languidic\/","title":{"rendered":"Tro Div Ster 2011 : 1\u00e8re \u00e9tape Gu\u00e9men\u00e9\/Scorff &#8211; Languidic"},"content":{"rendered":"<p><img loading=\"lazy\" decoding=\"async\" class=\"alignnone size-medium wp-image-8577\" title=\"12-TDS\" src=\"http:\/\/www.aclanester56.com\/velo\/wp-content\/uploads\/2011\/05\/12-TDS1-300x200.jpg\" alt=\"\" width=\"300\" height=\"200\" srcset=\"https:\/\/www.aclanester56.com\/velo\/wp-content\/uploads\/2011\/05\/12-TDS1-300x200.jpg 300w, https:\/\/www.aclanester56.com\/velo\/wp-content\/uploads\/2011\/05\/12-TDS1-450x300.jpg 450w, https:\/\/www.aclanester56.com\/velo\/wp-content\/uploads\/2011\/05\/12-TDS1.jpg 600w\" sizes=\"auto, (max-width: 300px) 100vw, 300px\" \/><br \/>\nD\u00e9couvrez le parcours de la premi\u00e8re \u00e9tape du Tro Div Ster qui d\u00e9butera ce samedi 14 mai de Gu\u00e9men\u00e9-sur-Scorff pour s&rsquo;achever sur le circuit au final spectaculaire de Languidic.<br \/>\n<!--more--><br \/>\n<img loading=\"lazy\" decoding=\"async\" class=\"alignright size-medium wp-image-8539\" title=\"Bretagne - Morbihan\" src=\"http:\/\/www.aclanester56.com\/velo\/wp-content\/uploads\/2011\/05\/bretagne-300x203.gif\" alt=\"\" width=\"300\" height=\"203\" srcset=\"https:\/\/www.aclanester56.com\/velo\/wp-content\/uploads\/2011\/05\/bretagne-300x203.gif 300w, https:\/\/www.aclanester56.com\/velo\/wp-content\/uploads\/2011\/05\/bretagne-442x300.gif 442w, https:\/\/www.aclanester56.com\/velo\/wp-content\/uploads\/2011\/05\/bretagne.gif 600w\" sizes=\"auto, (max-width: 300px) 100vw, 300px\" \/><\/p>\n<div id=\"attachment_8542\" style=\"width: 310px\" class=\"wp-caption alignnone\"><a href=\"http:\/\/maps.google.fr\/maps\/ms?hl=fr&amp;doflg=ptk&amp;ie=UTF8&amp;msa=0&amp;msid=216579807986142197010.0004a316ff60b709b20fa&amp;ll=47.917958,-3.214493&amp;spn=0.335473,0.878906&amp;t=f&amp;z=11&amp;ecpose=47.39003612,-3.21604031,42795.38,0.113,53.818,0.048\" target=\"_blank\"><img loading=\"lazy\" decoding=\"async\" aria-describedby=\"caption-attachment-8542\" class=\"size-medium wp-image-8542 \" title=\"1ere-etape : Gu\u00e9men\u00e9 sur Scorff - Languidic\" src=\"http:\/\/www.aclanester56.com\/velo\/wp-content\/uploads\/2011\/05\/1ere-etape-300x258.jpg\" alt=\"\" width=\"300\" height=\"258\" srcset=\"https:\/\/www.aclanester56.com\/velo\/wp-content\/uploads\/2011\/05\/1ere-etape-300x258.jpg 300w, https:\/\/www.aclanester56.com\/velo\/wp-content\/uploads\/2011\/05\/1ere-etape-696x600.jpg 696w, https:\/\/www.aclanester56.com\/velo\/wp-content\/uploads\/2011\/05\/1ere-etape-348x300.jpg 348w, https:\/\/www.aclanester56.com\/velo\/wp-content\/uploads\/2011\/05\/1ere-etape.jpg 725w\" sizes=\"auto, (max-width: 300px) 100vw, 300px\" \/><\/a><p id=\"caption-attachment-8542\" class=\"wp-caption-text\">1ere-etape : Gu\u00e9men\u00e9 sur Scorff - Languidic<\/p><\/div>\n<p>Vous pouvez cliquer <a title=\"1ere \u00e9tape TDS 2011\" href=\"http:\/\/maps.google.fr\/maps\/ms?hl=fr&amp;doflg=ptk&amp;ie=UTF8&amp;msa=0&amp;msid=216579807986142197010.0004a316ff60b709b20fa&amp;ll=47.917958,-3.214493&amp;spn=0.335473,0.878906&amp;t=f&amp;z=11&amp;ecpose=47.39003612,-3.21604031,42795.38,0.113,53.818,0.048\" target=\"_blank\">ici<\/a> pour retrouver la carte dans Google Maps ou sur la carte<\/p>\n<p><em><span style=\"color: #ff0000;\"><strong>Attention <\/strong><\/span>! les cartes propos\u00e9es sont \u00e0 titre indicatif et ne refl\u00e8tent pas la r\u00e9alit\u00e9 du circuit, <\/em><\/p>\n<p><em>Pour les \u00e9quipes engag\u00e9es, veuillez vous r\u00e9f\u00e9rer au dossier de course officiel.<\/em><\/p>\n","protected":false},"excerpt":{"rendered":"<p>D\u00e9couvrez le parcours de la premi\u00e8re \u00e9tape du Tro Div Ster qui d\u00e9butera ce samedi 14 mai de Gu\u00e9men\u00e9-sur-Scorff pour [&hellip;]<\/p>\n","protected":false},"author":2,"featured_media":8600,"comment_status":"open","ping_status":"closed","sticky":false,"template":"","format":"standard","meta":{"ngg_post_thumbnail":0,"footnotes":""},"categories":[5,8,7],"tags":[],"class_list":["post-8536","post","type-post","status-publish","format-standard","has-post-thumbnail","hentry","category-ac-lanester-56","category-tro-div-ster","category-organisations"],"yoast_head":"<!-- This site is optimized with the Yoast SEO plugin v27.5 - https:\/\/yoast.com\/product\/yoast-seo-wordpress\/ -->\n<title>Tro Div Ster 2011 : 1\u00e8re \u00e9tape Gu\u00e9men\u00e9\/Scorff - Languidic - Avenir Cycliste Lanester 56<\/title>\n<meta name=\"robots\" content=\"index, follow, max-snippet:-1, max-image-preview:large, max-video-preview:-1\" \/>\n<link rel=\"canonical\" href=\"https:\/\/www.aclanester56.com\/velo\/tro-div-ster-2011-1ere-etape-guemene-scorff-languidic\/\" \/>\n<meta property=\"og:locale\" content=\"fr_FR\" \/>\n<meta property=\"og:type\" content=\"article\" \/>\n<meta property=\"og:title\" content=\"Tro Div Ster 2011 : 1\u00e8re \u00e9tape Gu\u00e9men\u00e9\/Scorff - Languidic - Avenir Cycliste Lanester 56\" \/>\n<meta property=\"og:description\" content=\"D\u00e9couvrez le parcours de la premi\u00e8re \u00e9tape du Tro Div Ster qui d\u00e9butera ce samedi 14 mai de Gu\u00e9men\u00e9-sur-Scorff pour [&hellip;]\" \/>\n<meta property=\"og:url\" content=\"https:\/\/www.aclanester56.com\/velo\/tro-div-ster-2011-1ere-etape-guemene-scorff-languidic\/\" \/>\n<meta property=\"og:site_name\" content=\"Avenir Cycliste Lanester 56\" \/>\n<meta property=\"article:publisher\" content=\"https:\/\/www.facebook.com\/pages\/AC-Lanester-56\/190286300991242?fref=ts\" \/>\n<meta property=\"article:published_time\" content=\"2011-05-12T18:07:43+00:00\" \/>\n<meta property=\"article:modified_time\" content=\"2012-04-14T15:45:02+00:00\" \/>\n<meta property=\"og:image\" content=\"https:\/\/www.aclanester56.com\/velo\/wp-content\/uploads\/2011\/05\/12-TDS-Copie2.jpg\" \/>\n\t<meta property=\"og:image:width\" content=\"650\" \/>\n\t<meta property=\"og:image:height\" content=\"300\" \/>\n\t<meta property=\"og:image:type\" content=\"image\/jpeg\" \/>\n<meta name=\"author\" content=\"stephane\" \/>\n<meta name=\"twitter:label1\" content=\"\u00c9crit par\" \/>\n\t<meta name=\"twitter:data1\" content=\"stephane\" \/>\n<script type=\"application\/ld+json\" class=\"yoast-schema-graph\">{\"@context\":\"https:\\\/\\\/schema.org\",\"@graph\":[{\"@type\":\"Article\",\"@id\":\"https:\\\/\\\/www.aclanester56.com\\\/velo\\\/tro-div-ster-2011-1ere-etape-guemene-scorff-languidic\\\/#article\",\"isPartOf\":{\"@id\":\"https:\\\/\\\/www.aclanester56.com\\\/velo\\\/tro-div-ster-2011-1ere-etape-guemene-scorff-languidic\\\/\"},\"author\":{\"name\":\"stephane\",\"@id\":\"https:\\\/\\\/www.aclanester56.com\\\/velo\\\/#\\\/schema\\\/person\\\/c844661e64a578ca46639cb0ae764de6\"},\"headline\":\"Tro Div Ster 2011 : 1\u00e8re \u00e9tape Gu\u00e9men\u00e9\\\/Scorff &#8211; Languidic\",\"datePublished\":\"2011-05-12T18:07:43+00:00\",\"dateModified\":\"2012-04-14T15:45:02+00:00\",\"mainEntityOfPage\":{\"@id\":\"https:\\\/\\\/www.aclanester56.com\\\/velo\\\/tro-div-ster-2011-1ere-etape-guemene-scorff-languidic\\\/\"},\"wordCount\":106,\"commentCount\":0,\"publisher\":{\"@id\":\"https:\\\/\\\/www.aclanester56.com\\\/velo\\\/#organization\"},\"image\":{\"@id\":\"https:\\\/\\\/www.aclanester56.com\\\/velo\\\/tro-div-ster-2011-1ere-etape-guemene-scorff-languidic\\\/#primaryimage\"},\"thumbnailUrl\":\"https:\\\/\\\/www.aclanester56.com\\\/velo\\\/wp-content\\\/uploads\\\/2011\\\/05\\\/12-TDS-Copie2.jpg\",\"articleSection\":[\"AC LANESTER 56\",\"Le Tro Div Ster\",\"Les organisations\"],\"inLanguage\":\"fr-FR\",\"potentialAction\":[{\"@type\":\"CommentAction\",\"name\":\"Comment\",\"target\":[\"https:\\\/\\\/www.aclanester56.com\\\/velo\\\/tro-div-ster-2011-1ere-etape-guemene-scorff-languidic\\\/#respond\"]}]},{\"@type\":\"WebPage\",\"@id\":\"https:\\\/\\\/www.aclanester56.com\\\/velo\\\/tro-div-ster-2011-1ere-etape-guemene-scorff-languidic\\\/\",\"url\":\"https:\\\/\\\/www.aclanester56.com\\\/velo\\\/tro-div-ster-2011-1ere-etape-guemene-scorff-languidic\\\/\",\"name\":\"Tro Div Ster 2011 : 1\u00e8re \u00e9tape Gu\u00e9men\u00e9\\\/Scorff - Languidic - Avenir Cycliste Lanester 56\",\"isPartOf\":{\"@id\":\"https:\\\/\\\/www.aclanester56.com\\\/velo\\\/#website\"},\"primaryImageOfPage\":{\"@id\":\"https:\\\/\\\/www.aclanester56.com\\\/velo\\\/tro-div-ster-2011-1ere-etape-guemene-scorff-languidic\\\/#primaryimage\"},\"image\":{\"@id\":\"https:\\\/\\\/www.aclanester56.com\\\/velo\\\/tro-div-ster-2011-1ere-etape-guemene-scorff-languidic\\\/#primaryimage\"},\"thumbnailUrl\":\"https:\\\/\\\/www.aclanester56.com\\\/velo\\\/wp-content\\\/uploads\\\/2011\\\/05\\\/12-TDS-Copie2.jpg\",\"datePublished\":\"2011-05-12T18:07:43+00:00\",\"dateModified\":\"2012-04-14T15:45:02+00:00\",\"inLanguage\":\"fr-FR\",\"potentialAction\":[{\"@type\":\"ReadAction\",\"target\":[\"https:\\\/\\\/www.aclanester56.com\\\/velo\\\/tro-div-ster-2011-1ere-etape-guemene-scorff-languidic\\\/\"]}]},{\"@type\":\"ImageObject\",\"inLanguage\":\"fr-FR\",\"@id\":\"https:\\\/\\\/www.aclanester56.com\\\/velo\\\/tro-div-ster-2011-1ere-etape-guemene-scorff-languidic\\\/#primaryimage\",\"url\":\"https:\\\/\\\/www.aclanester56.com\\\/velo\\\/wp-content\\\/uploads\\\/2011\\\/05\\\/12-TDS-Copie2.jpg\",\"contentUrl\":\"https:\\\/\\\/www.aclanester56.com\\\/velo\\\/wp-content\\\/uploads\\\/2011\\\/05\\\/12-TDS-Copie2.jpg\",\"width\":650,\"height\":300},{\"@type\":\"WebSite\",\"@id\":\"https:\\\/\\\/www.aclanester56.com\\\/velo\\\/#website\",\"url\":\"https:\\\/\\\/www.aclanester56.com\\\/velo\\\/\",\"name\":\"Avenir Cycliste Lanester 56\",\"description\":\"Club cycliste de l&#039;AC LANESTER 56\",\"publisher\":{\"@id\":\"https:\\\/\\\/www.aclanester56.com\\\/velo\\\/#organization\"},\"potentialAction\":[{\"@type\":\"SearchAction\",\"target\":{\"@type\":\"EntryPoint\",\"urlTemplate\":\"https:\\\/\\\/www.aclanester56.com\\\/velo\\\/?s={search_term_string}\"},\"query-input\":{\"@type\":\"PropertyValueSpecification\",\"valueRequired\":true,\"valueName\":\"search_term_string\"}}],\"inLanguage\":\"fr-FR\"},{\"@type\":\"Organization\",\"@id\":\"https:\\\/\\\/www.aclanester56.com\\\/velo\\\/#organization\",\"name\":\"Avenir Cycliste Lanester 56\",\"url\":\"https:\\\/\\\/www.aclanester56.com\\\/velo\\\/\",\"logo\":{\"@type\":\"ImageObject\",\"inLanguage\":\"fr-FR\",\"@id\":\"https:\\\/\\\/www.aclanester56.com\\\/velo\\\/#\\\/schema\\\/logo\\\/image\\\/\",\"url\":\"https:\\\/\\\/www.aclanester56.com\\\/velo\\\/wp-content\\\/uploads\\\/2013\\\/04\\\/logo-ACL.jpg\",\"contentUrl\":\"https:\\\/\\\/www.aclanester56.com\\\/velo\\\/wp-content\\\/uploads\\\/2013\\\/04\\\/logo-ACL.jpg\",\"width\":400,\"height\":334,\"caption\":\"Avenir Cycliste Lanester 56\"},\"image\":{\"@id\":\"https:\\\/\\\/www.aclanester56.com\\\/velo\\\/#\\\/schema\\\/logo\\\/image\\\/\"},\"sameAs\":[\"https:\\\/\\\/www.facebook.com\\\/pages\\\/AC-Lanester-56\\\/190286300991242?fref=ts\"]},{\"@type\":\"Person\",\"@id\":\"https:\\\/\\\/www.aclanester56.com\\\/velo\\\/#\\\/schema\\\/person\\\/c844661e64a578ca46639cb0ae764de6\",\"name\":\"stephane\",\"url\":\"https:\\\/\\\/www.aclanester56.com\\\/velo\\\/author\\\/stephane\\\/\"}]}<\/script>\n<!-- \/ Yoast SEO plugin. -->","yoast_head_json":{"title":"Tro Div Ster 2011 : 1\u00e8re \u00e9tape Gu\u00e9men\u00e9\/Scorff - Languidic - Avenir Cycliste Lanester 56","robots":{"index":"index","follow":"follow","max-snippet":"max-snippet:-1","max-image-preview":"max-image-preview:large","max-video-preview":"max-video-preview:-1"},"canonical":"https:\/\/www.aclanester56.com\/velo\/tro-div-ster-2011-1ere-etape-guemene-scorff-languidic\/","og_locale":"fr_FR","og_type":"article","og_title":"Tro Div Ster 2011 : 1\u00e8re \u00e9tape Gu\u00e9men\u00e9\/Scorff - Languidic - Avenir Cycliste Lanester 56","og_description":"D\u00e9couvrez le parcours de la premi\u00e8re \u00e9tape du Tro Div Ster qui d\u00e9butera ce samedi 14 mai de Gu\u00e9men\u00e9-sur-Scorff pour [&hellip;]","og_url":"https:\/\/www.aclanester56.com\/velo\/tro-div-ster-2011-1ere-etape-guemene-scorff-languidic\/","og_site_name":"Avenir Cycliste Lanester 56","article_publisher":"https:\/\/www.facebook.com\/pages\/AC-Lanester-56\/190286300991242?fref=ts","article_published_time":"2011-05-12T18:07:43+00:00","article_modified_time":"2012-04-14T15:45:02+00:00","og_image":[{"width":650,"height":300,"url":"https:\/\/www.aclanester56.com\/velo\/wp-content\/uploads\/2011\/05\/12-TDS-Copie2.jpg","type":"image\/jpeg"}],"author":"stephane","twitter_misc":{"\u00c9crit par":"stephane"},"schema":{"@context":"https:\/\/schema.org","@graph":[{"@type":"Article","@id":"https:\/\/www.aclanester56.com\/velo\/tro-div-ster-2011-1ere-etape-guemene-scorff-languidic\/#article","isPartOf":{"@id":"https:\/\/www.aclanester56.com\/velo\/tro-div-ster-2011-1ere-etape-guemene-scorff-languidic\/"},"author":{"name":"stephane","@id":"https:\/\/www.aclanester56.com\/velo\/#\/schema\/person\/c844661e64a578ca46639cb0ae764de6"},"headline":"Tro Div Ster 2011 : 1\u00e8re \u00e9tape Gu\u00e9men\u00e9\/Scorff &#8211; Languidic","datePublished":"2011-05-12T18:07:43+00:00","dateModified":"2012-04-14T15:45:02+00:00","mainEntityOfPage":{"@id":"https:\/\/www.aclanester56.com\/velo\/tro-div-ster-2011-1ere-etape-guemene-scorff-languidic\/"},"wordCount":106,"commentCount":0,"publisher":{"@id":"https:\/\/www.aclanester56.com\/velo\/#organization"},"image":{"@id":"https:\/\/www.aclanester56.com\/velo\/tro-div-ster-2011-1ere-etape-guemene-scorff-languidic\/#primaryimage"},"thumbnailUrl":"https:\/\/www.aclanester56.com\/velo\/wp-content\/uploads\/2011\/05\/12-TDS-Copie2.jpg","articleSection":["AC LANESTER 56","Le Tro Div Ster","Les organisations"],"inLanguage":"fr-FR","potentialAction":[{"@type":"CommentAction","name":"Comment","target":["https:\/\/www.aclanester56.com\/velo\/tro-div-ster-2011-1ere-etape-guemene-scorff-languidic\/#respond"]}]},{"@type":"WebPage","@id":"https:\/\/www.aclanester56.com\/velo\/tro-div-ster-2011-1ere-etape-guemene-scorff-languidic\/","url":"https:\/\/www.aclanester56.com\/velo\/tro-div-ster-2011-1ere-etape-guemene-scorff-languidic\/","name":"Tro Div Ster 2011 : 1\u00e8re \u00e9tape Gu\u00e9men\u00e9\/Scorff - Languidic - Avenir Cycliste Lanester 56","isPartOf":{"@id":"https:\/\/www.aclanester56.com\/velo\/#website"},"primaryImageOfPage":{"@id":"https:\/\/www.aclanester56.com\/velo\/tro-div-ster-2011-1ere-etape-guemene-scorff-languidic\/#primaryimage"},"image":{"@id":"https:\/\/www.aclanester56.com\/velo\/tro-div-ster-2011-1ere-etape-guemene-scorff-languidic\/#primaryimage"},"thumbnailUrl":"https:\/\/www.aclanester56.com\/velo\/wp-content\/uploads\/2011\/05\/12-TDS-Copie2.jpg","datePublished":"2011-05-12T18:07:43+00:00","dateModified":"2012-04-14T15:45:02+00:00","inLanguage":"fr-FR","potentialAction":[{"@type":"ReadAction","target":["https:\/\/www.aclanester56.com\/velo\/tro-div-ster-2011-1ere-etape-guemene-scorff-languidic\/"]}]},{"@type":"ImageObject","inLanguage":"fr-FR","@id":"https:\/\/www.aclanester56.com\/velo\/tro-div-ster-2011-1ere-etape-guemene-scorff-languidic\/#primaryimage","url":"https:\/\/www.aclanester56.com\/velo\/wp-content\/uploads\/2011\/05\/12-TDS-Copie2.jpg","contentUrl":"https:\/\/www.aclanester56.com\/velo\/wp-content\/uploads\/2011\/05\/12-TDS-Copie2.jpg","width":650,"height":300},{"@type":"WebSite","@id":"https:\/\/www.aclanester56.com\/velo\/#website","url":"https:\/\/www.aclanester56.com\/velo\/","name":"Avenir Cycliste Lanester 56","description":"Club cycliste de l&#039;AC LANESTER 56","publisher":{"@id":"https:\/\/www.aclanester56.com\/velo\/#organization"},"potentialAction":[{"@type":"SearchAction","target":{"@type":"EntryPoint","urlTemplate":"https:\/\/www.aclanester56.com\/velo\/?s={search_term_string}"},"query-input":{"@type":"PropertyValueSpecification","valueRequired":true,"valueName":"search_term_string"}}],"inLanguage":"fr-FR"},{"@type":"Organization","@id":"https:\/\/www.aclanester56.com\/velo\/#organization","name":"Avenir Cycliste Lanester 56","url":"https:\/\/www.aclanester56.com\/velo\/","logo":{"@type":"ImageObject","inLanguage":"fr-FR","@id":"https:\/\/www.aclanester56.com\/velo\/#\/schema\/logo\/image\/","url":"https:\/\/www.aclanester56.com\/velo\/wp-content\/uploads\/2013\/04\/logo-ACL.jpg","contentUrl":"https:\/\/www.aclanester56.com\/velo\/wp-content\/uploads\/2013\/04\/logo-ACL.jpg","width":400,"height":334,"caption":"Avenir Cycliste Lanester 56"},"image":{"@id":"https:\/\/www.aclanester56.com\/velo\/#\/schema\/logo\/image\/"},"sameAs":["https:\/\/www.facebook.com\/pages\/AC-Lanester-56\/190286300991242?fref=ts"]},{"@type":"Person","@id":"https:\/\/www.aclanester56.com\/velo\/#\/schema\/person\/c844661e64a578ca46639cb0ae764de6","name":"stephane","url":"https:\/\/www.aclanester56.com\/velo\/author\/stephane\/"}]}},"_links":{"self":[{"href":"https:\/\/www.aclanester56.com\/velo\/wp-json\/wp\/v2\/posts\/8536","targetHints":{"allow":["GET"]}}],"collection":[{"href":"https:\/\/www.aclanester56.com\/velo\/wp-json\/wp\/v2\/posts"}],"about":[{"href":"https:\/\/www.aclanester56.com\/velo\/wp-json\/wp\/v2\/types\/post"}],"author":[{"embeddable":true,"href":"https:\/\/www.aclanester56.com\/velo\/wp-json\/wp\/v2\/users\/2"}],"replies":[{"embeddable":true,"href":"https:\/\/www.aclanester56.com\/velo\/wp-json\/wp\/v2\/comments?post=8536"}],"version-history":[{"count":0,"href":"https:\/\/www.aclanester56.com\/velo\/wp-json\/wp\/v2\/posts\/8536\/revisions"}],"wp:featuredmedia":[{"embeddable":true,"href":"https:\/\/www.aclanester56.com\/velo\/wp-json\/wp\/v2\/media\/8600"}],"wp:attachment":[{"href":"https:\/\/www.aclanester56.com\/velo\/wp-json\/wp\/v2\/media?parent=8536"}],"wp:term":[{"taxonomy":"category","embeddable":true,"href":"https:\/\/www.aclanester56.com\/velo\/wp-json\/wp\/v2\/categories?post=8536"},{"taxonomy":"post_tag","embeddable":true,"href":"https:\/\/www.aclanester56.com\/velo\/wp-json\/wp\/v2\/tags?post=8536"}],"curies":[{"name":"wp","href":"https:\/\/api.w.org\/{rel}","templated":true}]}}