{"id":8548,"date":"2011-05-12T19:08:14","date_gmt":"2011-05-12T18:08:14","guid":{"rendered":"http:\/\/www.aclanester56.com\/velo\/?p=8548"},"modified":"2012-04-14T16:44:47","modified_gmt":"2012-04-14T15:44:47","slug":"tro-div-ster-2011-2eme-etape-kervignac-lanester","status":"publish","type":"post","link":"https:\/\/www.aclanester56.com\/velo\/tro-div-ster-2011-2eme-etape-kervignac-lanester\/","title":{"rendered":"Tro Div Ster 2011 : 2\u00e8me \u00e9tape : Kervignac &#8211; Lanester"},"content":{"rendered":"<p><img loading=\"lazy\" decoding=\"async\" class=\"alignnone size-medium wp-image-8577\" title=\"12-TDS\" src=\"http:\/\/www.aclanester56.com\/velo\/wp-content\/uploads\/2011\/05\/12-TDS1-300x200.jpg\" alt=\"\" width=\"300\" height=\"200\" srcset=\"https:\/\/www.aclanester56.com\/velo\/wp-content\/uploads\/2011\/05\/12-TDS1-300x200.jpg 300w, https:\/\/www.aclanester56.com\/velo\/wp-content\/uploads\/2011\/05\/12-TDS1-450x300.jpg 450w, https:\/\/www.aclanester56.com\/velo\/wp-content\/uploads\/2011\/05\/12-TDS1.jpg 600w\" sizes=\"auto, (max-width: 300px) 100vw, 300px\" \/><br \/>\nD\u00e9couvrez le parcours de la 2\u00e8me \u00e9tape du Tro Div Ster, qui aura lieu dimanche 15 mai au matin entre Kervignac et Lanester, avec une \u00e9preuve de contre-la-montre par \u00e9quipes.<br \/>\n<!--more--><\/p>\n<p><img loading=\"lazy\" decoding=\"async\" class=\"alignnone size-medium wp-image-8539\" title=\"Bretagne - Morbihan\" src=\"http:\/\/www.aclanester56.com\/velo\/wp-content\/uploads\/2011\/05\/bretagne-300x203.gif\" alt=\"\" width=\"300\" height=\"203\" srcset=\"https:\/\/www.aclanester56.com\/velo\/wp-content\/uploads\/2011\/05\/bretagne-300x203.gif 300w, https:\/\/www.aclanester56.com\/velo\/wp-content\/uploads\/2011\/05\/bretagne-442x300.gif 442w, https:\/\/www.aclanester56.com\/velo\/wp-content\/uploads\/2011\/05\/bretagne.gif 600w\" sizes=\"auto, (max-width: 300px) 100vw, 300px\" \/><\/p>\n<p><a href=\"http:\/\/maps.google.fr\/maps?f=d&amp;source=s_d&amp;saddr=kervignac&amp;daddr=47.76729,-3.22582+to:Rue+du+4%C3%A8me+Bataillon+des+F.F.I.%2FD158+to:Rue+du+Moteno%2FD158%2FD33+to:D33+to:D194+to:Avenue+Fran%C3%A7ois+Mitterrand,+Lanester&amp;hl=fr&amp;geocode=FSTP2AIdk5LO_ykrfAqEwVwQSDEwxOI2zaUMBA%3BFfre2AIdJMfO_ylF0blGJUMQSDFxryIkzaUMEw%3BFfyq2AIdPEXP_w%3BFYCa2AIdqFvP_w%3BFaBw2AId_MbO_w%3BFYTS2AId8KbN_w%3BFa3d2AId1g7N_ynZ6Sv0ml4QSDFOdu2k5gE9tQ&amp;mra=dvme&amp;mrsp=1&amp;sz=12&amp;via=1&amp;sll=47.715075,-3.238907&amp;sspn=0.168394,0.308647&amp;ie=UTF8&amp;ll=47.741068,-3.294241&amp;spn=0.16831,0.439453&amp;t=f&amp;z=12&amp;ecpose=47.46408603,-3.29503554,20201.25,0.111,56.672,0\" target=\"_blank\"><img loading=\"lazy\" decoding=\"async\" class=\"alignnone size-medium wp-image-8549\" title=\"2eme-etape : Kervignac - Lanester\" src=\"http:\/\/www.aclanester56.com\/velo\/wp-content\/uploads\/2011\/05\/2eme-etape-300x205.jpg\" alt=\"\" width=\"300\" height=\"205\" srcset=\"https:\/\/www.aclanester56.com\/velo\/wp-content\/uploads\/2011\/05\/2eme-etape-300x205.jpg 300w, https:\/\/www.aclanester56.com\/velo\/wp-content\/uploads\/2011\/05\/2eme-etape-438x300.jpg 438w, https:\/\/www.aclanester56.com\/velo\/wp-content\/uploads\/2011\/05\/2eme-etape.jpg 654w\" sizes=\"auto, (max-width: 300px) 100vw, 300px\" \/><\/a><\/p>\n<p>&nbsp;<\/p>\n<p>Vous pouvez retrouver la carte <a href=\"http:\/\/maps.google.fr\/maps?f=d&amp;source=s_d&amp;saddr=kervignac&amp;daddr=47.76729,-3.22582+to:Rue+du+4%C3%A8me+Bataillon+des+F.F.I.%2FD158+to:Rue+du+Moteno%2FD158%2FD33+to:D33+to:D194+to:Avenue+Fran%C3%A7ois+Mitterrand,+Lanester&amp;hl=fr&amp;geocode=FSTP2AIdk5LO_ykrfAqEwVwQSDEwxOI2zaUMBA%3BFfre2AIdJMfO_ylF0blGJUMQSDFxryIkzaUMEw%3BFfyq2AIdPEXP_w%3BFYCa2AIdqFvP_w%3BFaBw2AId_MbO_w%3BFYTS2AId8KbN_w%3BFa3d2AId1g7N_ynZ6Sv0ml4QSDFOdu2k5gE9tQ&amp;mra=dvme&amp;mrsp=1&amp;sz=12&amp;via=1&amp;sll=47.715075,-3.238907&amp;sspn=0.168394,0.308647&amp;ie=UTF8&amp;ll=47.741068,-3.294241&amp;spn=0.16831,0.439453&amp;t=f&amp;z=12&amp;ecpose=47.46408603,-3.29503554,20201.25,0.111,56.672,0\" target=\"_blank\">ici<\/a> ou en cliquant sur la carte<\/p>\n<p><em><strong><span style=\"color: #ff0000;\">Attention <\/span><\/strong>! Les cartes propos\u00e9es sont \u00e0 titre indicatif et ne refl\u00e8tent pas la r\u00e9alit\u00e9 du circuit ! <\/em><\/p>\n<p><em>Pour les \u00e9quipes engag\u00e9es, veuillez vous r\u00e9f\u00e9rer au dossier de course officiel.<\/em><\/p>\n","protected":false},"excerpt":{"rendered":"<p>D\u00e9couvrez le parcours de la 2\u00e8me \u00e9tape du Tro Div Ster, qui aura lieu dimanche 15 mai au matin entre [&hellip;]<\/p>\n","protected":false},"author":2,"featured_media":8598,"comment_status":"open","ping_status":"closed","sticky":false,"template":"","format":"standard","meta":{"ngg_post_thumbnail":0,"footnotes":""},"categories":[5,8,7],"tags":[],"class_list":["post-8548","post","type-post","status-publish","format-standard","has-post-thumbnail","hentry","category-ac-lanester-56","category-tro-div-ster","category-organisations"],"yoast_head":"<!-- This site is optimized with the Yoast SEO plugin v27.5 - https:\/\/yoast.com\/product\/yoast-seo-wordpress\/ -->\n<title>Tro Div Ster 2011 : 2\u00e8me \u00e9tape : Kervignac - Lanester - Avenir Cycliste Lanester 56<\/title>\n<meta name=\"robots\" content=\"index, follow, max-snippet:-1, max-image-preview:large, max-video-preview:-1\" \/>\n<link rel=\"canonical\" href=\"https:\/\/www.aclanester56.com\/velo\/tro-div-ster-2011-2eme-etape-kervignac-lanester\/\" \/>\n<meta property=\"og:locale\" content=\"fr_FR\" \/>\n<meta property=\"og:type\" content=\"article\" \/>\n<meta property=\"og:title\" content=\"Tro Div Ster 2011 : 2\u00e8me \u00e9tape : Kervignac - Lanester - Avenir Cycliste Lanester 56\" \/>\n<meta property=\"og:description\" content=\"D\u00e9couvrez le parcours de la 2\u00e8me \u00e9tape du Tro Div Ster, qui aura lieu dimanche 15 mai au matin entre [&hellip;]\" \/>\n<meta property=\"og:url\" content=\"https:\/\/www.aclanester56.com\/velo\/tro-div-ster-2011-2eme-etape-kervignac-lanester\/\" \/>\n<meta property=\"og:site_name\" content=\"Avenir Cycliste Lanester 56\" \/>\n<meta property=\"article:publisher\" content=\"https:\/\/www.facebook.com\/pages\/AC-Lanester-56\/190286300991242?fref=ts\" \/>\n<meta property=\"article:published_time\" content=\"2011-05-12T18:08:14+00:00\" \/>\n<meta property=\"article:modified_time\" content=\"2012-04-14T15:44:47+00:00\" \/>\n<meta property=\"og:image\" content=\"https:\/\/www.aclanester56.com\/velo\/wp-content\/uploads\/2011\/05\/12-TDS-Copie1.jpg\" \/>\n\t<meta property=\"og:image:width\" content=\"650\" \/>\n\t<meta property=\"og:image:height\" content=\"300\" \/>\n\t<meta property=\"og:image:type\" content=\"image\/jpeg\" \/>\n<meta name=\"author\" content=\"stephane\" \/>\n<meta name=\"twitter:label1\" content=\"\u00c9crit par\" \/>\n\t<meta name=\"twitter:data1\" content=\"stephane\" \/>\n<script type=\"application\/ld+json\" class=\"yoast-schema-graph\">{\"@context\":\"https:\\\/\\\/schema.org\",\"@graph\":[{\"@type\":\"Article\",\"@id\":\"https:\\\/\\\/www.aclanester56.com\\\/velo\\\/tro-div-ster-2011-2eme-etape-kervignac-lanester\\\/#article\",\"isPartOf\":{\"@id\":\"https:\\\/\\\/www.aclanester56.com\\\/velo\\\/tro-div-ster-2011-2eme-etape-kervignac-lanester\\\/\"},\"author\":{\"name\":\"stephane\",\"@id\":\"https:\\\/\\\/www.aclanester56.com\\\/velo\\\/#\\\/schema\\\/person\\\/c844661e64a578ca46639cb0ae764de6\"},\"headline\":\"Tro Div Ster 2011 : 2\u00e8me \u00e9tape : Kervignac &#8211; Lanester\",\"datePublished\":\"2011-05-12T18:08:14+00:00\",\"dateModified\":\"2012-04-14T15:44:47+00:00\",\"mainEntityOfPage\":{\"@id\":\"https:\\\/\\\/www.aclanester56.com\\\/velo\\\/tro-div-ster-2011-2eme-etape-kervignac-lanester\\\/\"},\"wordCount\":84,\"commentCount\":0,\"publisher\":{\"@id\":\"https:\\\/\\\/www.aclanester56.com\\\/velo\\\/#organization\"},\"image\":{\"@id\":\"https:\\\/\\\/www.aclanester56.com\\\/velo\\\/tro-div-ster-2011-2eme-etape-kervignac-lanester\\\/#primaryimage\"},\"thumbnailUrl\":\"https:\\\/\\\/www.aclanester56.com\\\/velo\\\/wp-content\\\/uploads\\\/2011\\\/05\\\/12-TDS-Copie1.jpg\",\"articleSection\":[\"AC LANESTER 56\",\"Le Tro Div Ster\",\"Les organisations\"],\"inLanguage\":\"fr-FR\",\"potentialAction\":[{\"@type\":\"CommentAction\",\"name\":\"Comment\",\"target\":[\"https:\\\/\\\/www.aclanester56.com\\\/velo\\\/tro-div-ster-2011-2eme-etape-kervignac-lanester\\\/#respond\"]}]},{\"@type\":\"WebPage\",\"@id\":\"https:\\\/\\\/www.aclanester56.com\\\/velo\\\/tro-div-ster-2011-2eme-etape-kervignac-lanester\\\/\",\"url\":\"https:\\\/\\\/www.aclanester56.com\\\/velo\\\/tro-div-ster-2011-2eme-etape-kervignac-lanester\\\/\",\"name\":\"Tro Div Ster 2011 : 2\u00e8me \u00e9tape : Kervignac - Lanester - Avenir Cycliste Lanester 56\",\"isPartOf\":{\"@id\":\"https:\\\/\\\/www.aclanester56.com\\\/velo\\\/#website\"},\"primaryImageOfPage\":{\"@id\":\"https:\\\/\\\/www.aclanester56.com\\\/velo\\\/tro-div-ster-2011-2eme-etape-kervignac-lanester\\\/#primaryimage\"},\"image\":{\"@id\":\"https:\\\/\\\/www.aclanester56.com\\\/velo\\\/tro-div-ster-2011-2eme-etape-kervignac-lanester\\\/#primaryimage\"},\"thumbnailUrl\":\"https:\\\/\\\/www.aclanester56.com\\\/velo\\\/wp-content\\\/uploads\\\/2011\\\/05\\\/12-TDS-Copie1.jpg\",\"datePublished\":\"2011-05-12T18:08:14+00:00\",\"dateModified\":\"2012-04-14T15:44:47+00:00\",\"inLanguage\":\"fr-FR\",\"potentialAction\":[{\"@type\":\"ReadAction\",\"target\":[\"https:\\\/\\\/www.aclanester56.com\\\/velo\\\/tro-div-ster-2011-2eme-etape-kervignac-lanester\\\/\"]}]},{\"@type\":\"ImageObject\",\"inLanguage\":\"fr-FR\",\"@id\":\"https:\\\/\\\/www.aclanester56.com\\\/velo\\\/tro-div-ster-2011-2eme-etape-kervignac-lanester\\\/#primaryimage\",\"url\":\"https:\\\/\\\/www.aclanester56.com\\\/velo\\\/wp-content\\\/uploads\\\/2011\\\/05\\\/12-TDS-Copie1.jpg\",\"contentUrl\":\"https:\\\/\\\/www.aclanester56.com\\\/velo\\\/wp-content\\\/uploads\\\/2011\\\/05\\\/12-TDS-Copie1.jpg\",\"width\":650,\"height\":300},{\"@type\":\"WebSite\",\"@id\":\"https:\\\/\\\/www.aclanester56.com\\\/velo\\\/#website\",\"url\":\"https:\\\/\\\/www.aclanester56.com\\\/velo\\\/\",\"name\":\"Avenir Cycliste Lanester 56\",\"description\":\"Club cycliste de l&#039;AC LANESTER 56\",\"publisher\":{\"@id\":\"https:\\\/\\\/www.aclanester56.com\\\/velo\\\/#organization\"},\"potentialAction\":[{\"@type\":\"SearchAction\",\"target\":{\"@type\":\"EntryPoint\",\"urlTemplate\":\"https:\\\/\\\/www.aclanester56.com\\\/velo\\\/?s={search_term_string}\"},\"query-input\":{\"@type\":\"PropertyValueSpecification\",\"valueRequired\":true,\"valueName\":\"search_term_string\"}}],\"inLanguage\":\"fr-FR\"},{\"@type\":\"Organization\",\"@id\":\"https:\\\/\\\/www.aclanester56.com\\\/velo\\\/#organization\",\"name\":\"Avenir Cycliste Lanester 56\",\"url\":\"https:\\\/\\\/www.aclanester56.com\\\/velo\\\/\",\"logo\":{\"@type\":\"ImageObject\",\"inLanguage\":\"fr-FR\",\"@id\":\"https:\\\/\\\/www.aclanester56.com\\\/velo\\\/#\\\/schema\\\/logo\\\/image\\\/\",\"url\":\"https:\\\/\\\/www.aclanester56.com\\\/velo\\\/wp-content\\\/uploads\\\/2013\\\/04\\\/logo-ACL.jpg\",\"contentUrl\":\"https:\\\/\\\/www.aclanester56.com\\\/velo\\\/wp-content\\\/uploads\\\/2013\\\/04\\\/logo-ACL.jpg\",\"width\":400,\"height\":334,\"caption\":\"Avenir Cycliste Lanester 56\"},\"image\":{\"@id\":\"https:\\\/\\\/www.aclanester56.com\\\/velo\\\/#\\\/schema\\\/logo\\\/image\\\/\"},\"sameAs\":[\"https:\\\/\\\/www.facebook.com\\\/pages\\\/AC-Lanester-56\\\/190286300991242?fref=ts\"]},{\"@type\":\"Person\",\"@id\":\"https:\\\/\\\/www.aclanester56.com\\\/velo\\\/#\\\/schema\\\/person\\\/c844661e64a578ca46639cb0ae764de6\",\"name\":\"stephane\",\"url\":\"https:\\\/\\\/www.aclanester56.com\\\/velo\\\/author\\\/stephane\\\/\"}]}<\/script>\n<!-- \/ Yoast SEO plugin. -->","yoast_head_json":{"title":"Tro Div Ster 2011 : 2\u00e8me \u00e9tape : Kervignac - Lanester - Avenir Cycliste Lanester 56","robots":{"index":"index","follow":"follow","max-snippet":"max-snippet:-1","max-image-preview":"max-image-preview:large","max-video-preview":"max-video-preview:-1"},"canonical":"https:\/\/www.aclanester56.com\/velo\/tro-div-ster-2011-2eme-etape-kervignac-lanester\/","og_locale":"fr_FR","og_type":"article","og_title":"Tro Div Ster 2011 : 2\u00e8me \u00e9tape : Kervignac - Lanester - Avenir Cycliste Lanester 56","og_description":"D\u00e9couvrez le parcours de la 2\u00e8me \u00e9tape du Tro Div Ster, qui aura lieu dimanche 15 mai au matin entre [&hellip;]","og_url":"https:\/\/www.aclanester56.com\/velo\/tro-div-ster-2011-2eme-etape-kervignac-lanester\/","og_site_name":"Avenir Cycliste Lanester 56","article_publisher":"https:\/\/www.facebook.com\/pages\/AC-Lanester-56\/190286300991242?fref=ts","article_published_time":"2011-05-12T18:08:14+00:00","article_modified_time":"2012-04-14T15:44:47+00:00","og_image":[{"width":650,"height":300,"url":"https:\/\/www.aclanester56.com\/velo\/wp-content\/uploads\/2011\/05\/12-TDS-Copie1.jpg","type":"image\/jpeg"}],"author":"stephane","twitter_misc":{"\u00c9crit par":"stephane"},"schema":{"@context":"https:\/\/schema.org","@graph":[{"@type":"Article","@id":"https:\/\/www.aclanester56.com\/velo\/tro-div-ster-2011-2eme-etape-kervignac-lanester\/#article","isPartOf":{"@id":"https:\/\/www.aclanester56.com\/velo\/tro-div-ster-2011-2eme-etape-kervignac-lanester\/"},"author":{"name":"stephane","@id":"https:\/\/www.aclanester56.com\/velo\/#\/schema\/person\/c844661e64a578ca46639cb0ae764de6"},"headline":"Tro Div Ster 2011 : 2\u00e8me \u00e9tape : Kervignac &#8211; Lanester","datePublished":"2011-05-12T18:08:14+00:00","dateModified":"2012-04-14T15:44:47+00:00","mainEntityOfPage":{"@id":"https:\/\/www.aclanester56.com\/velo\/tro-div-ster-2011-2eme-etape-kervignac-lanester\/"},"wordCount":84,"commentCount":0,"publisher":{"@id":"https:\/\/www.aclanester56.com\/velo\/#organization"},"image":{"@id":"https:\/\/www.aclanester56.com\/velo\/tro-div-ster-2011-2eme-etape-kervignac-lanester\/#primaryimage"},"thumbnailUrl":"https:\/\/www.aclanester56.com\/velo\/wp-content\/uploads\/2011\/05\/12-TDS-Copie1.jpg","articleSection":["AC LANESTER 56","Le Tro Div Ster","Les organisations"],"inLanguage":"fr-FR","potentialAction":[{"@type":"CommentAction","name":"Comment","target":["https:\/\/www.aclanester56.com\/velo\/tro-div-ster-2011-2eme-etape-kervignac-lanester\/#respond"]}]},{"@type":"WebPage","@id":"https:\/\/www.aclanester56.com\/velo\/tro-div-ster-2011-2eme-etape-kervignac-lanester\/","url":"https:\/\/www.aclanester56.com\/velo\/tro-div-ster-2011-2eme-etape-kervignac-lanester\/","name":"Tro Div Ster 2011 : 2\u00e8me \u00e9tape : Kervignac - Lanester - Avenir Cycliste Lanester 56","isPartOf":{"@id":"https:\/\/www.aclanester56.com\/velo\/#website"},"primaryImageOfPage":{"@id":"https:\/\/www.aclanester56.com\/velo\/tro-div-ster-2011-2eme-etape-kervignac-lanester\/#primaryimage"},"image":{"@id":"https:\/\/www.aclanester56.com\/velo\/tro-div-ster-2011-2eme-etape-kervignac-lanester\/#primaryimage"},"thumbnailUrl":"https:\/\/www.aclanester56.com\/velo\/wp-content\/uploads\/2011\/05\/12-TDS-Copie1.jpg","datePublished":"2011-05-12T18:08:14+00:00","dateModified":"2012-04-14T15:44:47+00:00","inLanguage":"fr-FR","potentialAction":[{"@type":"ReadAction","target":["https:\/\/www.aclanester56.com\/velo\/tro-div-ster-2011-2eme-etape-kervignac-lanester\/"]}]},{"@type":"ImageObject","inLanguage":"fr-FR","@id":"https:\/\/www.aclanester56.com\/velo\/tro-div-ster-2011-2eme-etape-kervignac-lanester\/#primaryimage","url":"https:\/\/www.aclanester56.com\/velo\/wp-content\/uploads\/2011\/05\/12-TDS-Copie1.jpg","contentUrl":"https:\/\/www.aclanester56.com\/velo\/wp-content\/uploads\/2011\/05\/12-TDS-Copie1.jpg","width":650,"height":300},{"@type":"WebSite","@id":"https:\/\/www.aclanester56.com\/velo\/#website","url":"https:\/\/www.aclanester56.com\/velo\/","name":"Avenir Cycliste Lanester 56","description":"Club cycliste de l&#039;AC LANESTER 56","publisher":{"@id":"https:\/\/www.aclanester56.com\/velo\/#organization"},"potentialAction":[{"@type":"SearchAction","target":{"@type":"EntryPoint","urlTemplate":"https:\/\/www.aclanester56.com\/velo\/?s={search_term_string}"},"query-input":{"@type":"PropertyValueSpecification","valueRequired":true,"valueName":"search_term_string"}}],"inLanguage":"fr-FR"},{"@type":"Organization","@id":"https:\/\/www.aclanester56.com\/velo\/#organization","name":"Avenir Cycliste Lanester 56","url":"https:\/\/www.aclanester56.com\/velo\/","logo":{"@type":"ImageObject","inLanguage":"fr-FR","@id":"https:\/\/www.aclanester56.com\/velo\/#\/schema\/logo\/image\/","url":"https:\/\/www.aclanester56.com\/velo\/wp-content\/uploads\/2013\/04\/logo-ACL.jpg","contentUrl":"https:\/\/www.aclanester56.com\/velo\/wp-content\/uploads\/2013\/04\/logo-ACL.jpg","width":400,"height":334,"caption":"Avenir Cycliste Lanester 56"},"image":{"@id":"https:\/\/www.aclanester56.com\/velo\/#\/schema\/logo\/image\/"},"sameAs":["https:\/\/www.facebook.com\/pages\/AC-Lanester-56\/190286300991242?fref=ts"]},{"@type":"Person","@id":"https:\/\/www.aclanester56.com\/velo\/#\/schema\/person\/c844661e64a578ca46639cb0ae764de6","name":"stephane","url":"https:\/\/www.aclanester56.com\/velo\/author\/stephane\/"}]}},"_links":{"self":[{"href":"https:\/\/www.aclanester56.com\/velo\/wp-json\/wp\/v2\/posts\/8548","targetHints":{"allow":["GET"]}}],"collection":[{"href":"https:\/\/www.aclanester56.com\/velo\/wp-json\/wp\/v2\/posts"}],"about":[{"href":"https:\/\/www.aclanester56.com\/velo\/wp-json\/wp\/v2\/types\/post"}],"author":[{"embeddable":true,"href":"https:\/\/www.aclanester56.com\/velo\/wp-json\/wp\/v2\/users\/2"}],"replies":[{"embeddable":true,"href":"https:\/\/www.aclanester56.com\/velo\/wp-json\/wp\/v2\/comments?post=8548"}],"version-history":[{"count":0,"href":"https:\/\/www.aclanester56.com\/velo\/wp-json\/wp\/v2\/posts\/8548\/revisions"}],"wp:featuredmedia":[{"embeddable":true,"href":"https:\/\/www.aclanester56.com\/velo\/wp-json\/wp\/v2\/media\/8598"}],"wp:attachment":[{"href":"https:\/\/www.aclanester56.com\/velo\/wp-json\/wp\/v2\/media?parent=8548"}],"wp:term":[{"taxonomy":"category","embeddable":true,"href":"https:\/\/www.aclanester56.com\/velo\/wp-json\/wp\/v2\/categories?post=8548"},{"taxonomy":"post_tag","embeddable":true,"href":"https:\/\/www.aclanester56.com\/velo\/wp-json\/wp\/v2\/tags?post=8548"}],"curies":[{"name":"wp","href":"https:\/\/api.w.org\/{rel}","templated":true}]}}