{"id":8639,"date":"2011-05-22T18:33:02","date_gmt":"2011-05-22T17:33:02","guid":{"rendered":"http:\/\/www.aclanester56.com\/velo\/?p=8639"},"modified":"2011-05-27T20:22:38","modified_gmt":"2011-05-27T19:22:38","slug":"randonnee-sur-la-cote-pour-lecole-de-cyclisme","status":"publish","type":"post","link":"https:\/\/www.aclanester56.com\/velo\/randonnee-sur-la-cote-pour-lecole-de-cyclisme\/","title":{"rendered":"Randonn\u00e9e sur la c\u00f4te pour l&rsquo;\u00e9cole de cyclisme !"},"content":{"rendered":"<div id=\"attachment_8640\" style=\"width: 370px\" class=\"wp-caption alignleft\"><a href=\"http:\/\/www.aclanester56.com\/velo\/wp-content\/uploads\/2011\/05\/photo-de-groupe.jpg\"><img loading=\"lazy\" decoding=\"async\" aria-describedby=\"caption-attachment-8640\" class=\"size-full wp-image-8640\" title=\"C'est un imposant groupe constitu\u00e9 des jeunes de l'\u00e9cole de cyclisme, mais \u00e9galement de parents et des encadrants qui s'est \u00e9lanc\u00e9 de Guidel-Plage !\" src=\"http:\/\/www.aclanester56.com\/velo\/wp-content\/uploads\/2011\/05\/photo-de-groupe.jpg\" alt=\"\" width=\"360\" height=\"270\" srcset=\"https:\/\/www.aclanester56.com\/velo\/wp-content\/uploads\/2011\/05\/photo-de-groupe.jpg 720w, https:\/\/www.aclanester56.com\/velo\/wp-content\/uploads\/2011\/05\/photo-de-groupe-300x225.jpg 300w, https:\/\/www.aclanester56.com\/velo\/wp-content\/uploads\/2011\/05\/photo-de-groupe-400x300.jpg 400w\" sizes=\"auto, (max-width: 360px) 100vw, 360px\" \/><\/a><p id=\"caption-attachment-8640\" class=\"wp-caption-text\">C&#39;est un imposant groupe constitu\u00e9 des jeunes de l&#39;\u00e9cole de cyclisme, mais \u00e9galement de parents et des encadrants qui s&#39;est \u00e9lanc\u00e9 de Guidel-Plage !<\/p><\/div>\n<p style=\"text-align: justify;\">Avec le magnifique temps pr\u00e9vu hier, les dynamiques dirigeants de l&rsquo;\u00e9cole de cyclisme de l&rsquo;AC LANESTER 56 ont programm\u00e9\u00a0une petite randonn\u00e9e sur la c\u00f4te avec tous les jeunes, parents et encadrants !<\/p>\n<p>&nbsp;<br \/>\n&nbsp;<\/p>\n<p style=\"text-align: justify;\"><!--more--><\/p>\n<p>&nbsp;<br \/>\n&nbsp;<\/p>\n<p style=\"text-align: justify;\"><span style=\"color: #ff6600;\"><strong>Toutes les conditions r\u00e9unies pour une belle randonn\u00e9e !<\/strong><\/span><\/p>\n<p style=\"text-align: justify;\">C&rsquo;est donc un imposant groupe qui s&rsquo;est \u00e9lanc\u00e9 de Guidel-Plage, dans la bonne humeur et sous un magnifique soleil. L&rsquo;objectif est d&rsquo;atteindre le port de Kerroch\u00a0\u00e0 Ploemeur, en longeant la c\u00f4te. La randonn\u00e9e est rythm\u00e9e par des petites pauses pour se rafra\u00eechir, mais \u00e9galement par quelques crevaisons !<\/p>\n<div id=\"attachment_8646\" style=\"width: 370px\" class=\"wp-caption alignright\"><a href=\"http:\/\/www.aclanester56.com\/velo\/wp-content\/uploads\/2011\/05\/pause-crevaison.jpg\" ><img loading=\"lazy\" decoding=\"async\" aria-describedby=\"caption-attachment-8646\" src=\"http:\/\/www.aclanester56.com\/velo\/wp-content\/uploads\/2011\/05\/pause-crevaison.jpg\" alt=\"\" title=\"Quelques centaines de m\u00e8tres effectu\u00e9s et d\u00e9j\u00e0 une crevaison dans le groupe !\" width=\"360\" height=\"270\" class=\"size-full wp-image-8646\" srcset=\"https:\/\/www.aclanester56.com\/velo\/wp-content\/uploads\/2011\/05\/pause-crevaison.jpg 720w, https:\/\/www.aclanester56.com\/velo\/wp-content\/uploads\/2011\/05\/pause-crevaison-300x225.jpg 300w, https:\/\/www.aclanester56.com\/velo\/wp-content\/uploads\/2011\/05\/pause-crevaison-400x300.jpg 400w\" sizes=\"auto, (max-width: 360px) 100vw, 360px\" \/><\/a><p id=\"caption-attachment-8646\" class=\"wp-caption-text\">Quelques centaines de m\u00e8tres effectu\u00e9s et d\u00e9j\u00e0 une crevaison dans le groupe !<\/p><\/div>\n<p style=\"text-align: justify;\"><span style=\"color: #ff6600;\"><strong>Pique-nique \u00e0 Kerroc&rsquo;h<\/strong><\/span><\/p>\n<p style=\"text-align: justify;\">Cela n&rsquo;entame cependant en rien le moral\u00a0de la troupe, qui s&rsquo;installe \u00e0 Kerroc&rsquo;h pour un pique-nique tr\u00e8s convivial. Les parents pr\u00e9sents ont \u00e9videmment pr\u00e9vu ce qu&rsquo;il fallait pour \u00e9viter la fringale &#8230;<\/p>\n<p style=\"text-align: justify;\"><span style=\"color: #ff6600;\"><strong>S\u00e9ance de BMX improvis\u00e9e<\/strong><\/span><\/p>\n<p style=\"text-align: justify;\">L&rsquo;apr\u00e8s-midi, nos randonneurs reprennent la route de Guidel-Plage, non sans improviser une petite s\u00e9ance de BMX sur quelques bosses dispos\u00e9es sur le bas-c\u00f4t\u00e9 !<\/p>\n<p style=\"text-align: justify;\"><span style=\"color: #ff6600;\"><strong>Pleins de sourires \u00e0 l&rsquo;arriv\u00e9e !<\/strong><\/span><\/p>\n<p style=\"text-align: justify;\">A l&rsquo;arriv\u00e9e, chacun reconnait avoir pass\u00e9 une excellente journ\u00e9e ensemble et tout le monde esp\u00e8re renouveler ce genre de journ\u00e9e !<\/p>\n<p><div id=\"attachment_8648\" style=\"width: 298px\" class=\"wp-caption alignleft\"><a href=\"http:\/\/www.aclanester56.com\/velo\/wp-content\/uploads\/2011\/05\/c\u00f4te7.jp\" ><img loading=\"lazy\" decoding=\"async\" aria-describedby=\"caption-attachment-8648\" src=\"http:\/\/www.aclanester56.com\/velo\/wp-content\/uploads\/2011\/05\/c\u00f4te7.jpg\" alt=\"\" title=\"Un magnifique cadre pour la randonn\u00e9e de nos jeunes !\" width=\"288\" height=\"216\" class=\"size-full wp-image-8648\" srcset=\"https:\/\/www.aclanester56.com\/velo\/wp-content\/uploads\/2011\/05\/c\u00f4te7.jpg 720w, https:\/\/www.aclanester56.com\/velo\/wp-content\/uploads\/2011\/05\/c\u00f4te7-300x225.jpg 300w, https:\/\/www.aclanester56.com\/velo\/wp-content\/uploads\/2011\/05\/c\u00f4te7-400x300.jpg 400w\" sizes=\"auto, (max-width: 288px) 100vw, 288px\" \/><\/a><p id=\"caption-attachment-8648\" class=\"wp-caption-text\">Un magnifique cadre pour la randonn\u00e9e de nos jeunes !<\/p><\/div><br \/>\n<div id=\"attachment_8650\" style=\"width: 298px\" class=\"wp-caption alignright\"><a href=\"http:\/\/www.aclanester56.com\/velo\/wp-content\/uploads\/2011\/05\/pause.jpg\" ><img loading=\"lazy\" decoding=\"async\" aria-describedby=\"caption-attachment-8650\" src=\"http:\/\/www.aclanester56.com\/velo\/wp-content\/uploads\/2011\/05\/pause.jpg\" alt=\"\" title=\"Plusieurs arr\u00eats de rafra\u00eechissements \u00e9taient pr\u00e9vus pour \u00e9viter la d\u00e9shydratation sous le gros soleil !\" width=\"288\" height=\"216\" class=\"size-full wp-image-8650\" srcset=\"https:\/\/www.aclanester56.com\/velo\/wp-content\/uploads\/2011\/05\/pause.jpg 720w, https:\/\/www.aclanester56.com\/velo\/wp-content\/uploads\/2011\/05\/pause-300x225.jpg 300w, https:\/\/www.aclanester56.com\/velo\/wp-content\/uploads\/2011\/05\/pause-400x300.jpg 400w\" sizes=\"auto, (max-width: 288px) 100vw, 288px\" \/><\/a><p id=\"caption-attachment-8650\" class=\"wp-caption-text\">Plusieurs arr\u00eats de rafra\u00eechissements \u00e9taient pr\u00e9vus pour \u00e9viter la d\u00e9shydratation sous le gros soleil !<\/p><\/div><\/p>\n<p style=\"text-align: justify;\">&nbsp;<\/p>\n","protected":false},"excerpt":{"rendered":"<p>Avec le magnifique temps pr\u00e9vu hier, les dynamiques dirigeants de l&rsquo;\u00e9cole de cyclisme de l&rsquo;AC LANESTER 56 ont programm\u00e9\u00a0une petite [&hellip;]<\/p>\n","protected":false},"author":14,"featured_media":8653,"comment_status":"open","ping_status":"closed","sticky":false,"template":"","format":"standard","meta":{"ngg_post_thumbnail":0,"footnotes":""},"categories":[5,24],"tags":[],"class_list":["post-8639","post","type-post","status-publish","format-standard","has-post-thumbnail","hentry","category-ac-lanester-56","category-resultats-ecole-de-cyclisme"],"yoast_head":"<!-- This site is optimized with the Yoast SEO plugin v27.5 - https:\/\/yoast.com\/product\/yoast-seo-wordpress\/ -->\n<title>Randonn\u00e9e sur la c\u00f4te pour l&#039;\u00e9cole de cyclisme ! - Avenir Cycliste Lanester 56<\/title>\n<meta name=\"robots\" content=\"index, follow, max-snippet:-1, max-image-preview:large, max-video-preview:-1\" \/>\n<link rel=\"canonical\" href=\"https:\/\/www.aclanester56.com\/velo\/randonnee-sur-la-cote-pour-lecole-de-cyclisme\/\" \/>\n<meta property=\"og:locale\" content=\"fr_FR\" \/>\n<meta property=\"og:type\" content=\"article\" \/>\n<meta property=\"og:title\" content=\"Randonn\u00e9e sur la c\u00f4te pour l&#039;\u00e9cole de cyclisme ! - Avenir Cycliste Lanester 56\" \/>\n<meta property=\"og:description\" content=\"Avec le magnifique temps pr\u00e9vu hier, les dynamiques dirigeants de l&rsquo;\u00e9cole de cyclisme de l&rsquo;AC LANESTER 56 ont programm\u00e9\u00a0une petite [&hellip;]\" \/>\n<meta property=\"og:url\" content=\"https:\/\/www.aclanester56.com\/velo\/randonnee-sur-la-cote-pour-lecole-de-cyclisme\/\" \/>\n<meta property=\"og:site_name\" content=\"Avenir Cycliste Lanester 56\" \/>\n<meta property=\"article:publisher\" content=\"https:\/\/www.facebook.com\/pages\/AC-Lanester-56\/190286300991242?fref=ts\" \/>\n<meta property=\"article:published_time\" content=\"2011-05-22T17:33:02+00:00\" \/>\n<meta property=\"article:modified_time\" content=\"2011-05-27T19:22:38+00:00\" \/>\n<meta property=\"og:image\" content=\"https:\/\/www.aclanester56.com\/velo\/wp-content\/uploads\/2011\/05\/photo-de-groupe-Copie.jpg\" \/>\n\t<meta property=\"og:image:width\" content=\"650\" \/>\n\t<meta property=\"og:image:height\" content=\"300\" \/>\n\t<meta property=\"og:image:type\" content=\"image\/jpeg\" \/>\n<meta name=\"author\" content=\"Jean-Christophe\" \/>\n<meta name=\"twitter:label1\" content=\"\u00c9crit par\" \/>\n\t<meta name=\"twitter:data1\" content=\"Jean-Christophe\" \/>\n\t<meta name=\"twitter:label2\" content=\"Dur\u00e9e de lecture estim\u00e9e\" \/>\n\t<meta name=\"twitter:data2\" content=\"2 minutes\" \/>\n<script type=\"application\/ld+json\" class=\"yoast-schema-graph\">{\"@context\":\"https:\\\/\\\/schema.org\",\"@graph\":[{\"@type\":\"Article\",\"@id\":\"https:\\\/\\\/www.aclanester56.com\\\/velo\\\/randonnee-sur-la-cote-pour-lecole-de-cyclisme\\\/#article\",\"isPartOf\":{\"@id\":\"https:\\\/\\\/www.aclanester56.com\\\/velo\\\/randonnee-sur-la-cote-pour-lecole-de-cyclisme\\\/\"},\"author\":{\"name\":\"Jean-Christophe\",\"@id\":\"https:\\\/\\\/www.aclanester56.com\\\/velo\\\/#\\\/schema\\\/person\\\/ca2a44a5fd969e9dd846c72d3b33bc01\"},\"headline\":\"Randonn\u00e9e sur la c\u00f4te pour l&rsquo;\u00e9cole de cyclisme !\",\"datePublished\":\"2011-05-22T17:33:02+00:00\",\"dateModified\":\"2011-05-27T19:22:38+00:00\",\"mainEntityOfPage\":{\"@id\":\"https:\\\/\\\/www.aclanester56.com\\\/velo\\\/randonnee-sur-la-cote-pour-lecole-de-cyclisme\\\/\"},\"wordCount\":311,\"commentCount\":1,\"publisher\":{\"@id\":\"https:\\\/\\\/www.aclanester56.com\\\/velo\\\/#organization\"},\"image\":{\"@id\":\"https:\\\/\\\/www.aclanester56.com\\\/velo\\\/randonnee-sur-la-cote-pour-lecole-de-cyclisme\\\/#primaryimage\"},\"thumbnailUrl\":\"https:\\\/\\\/www.aclanester56.com\\\/velo\\\/wp-content\\\/uploads\\\/2011\\\/05\\\/photo-de-groupe-Copie.jpg\",\"articleSection\":[\"AC LANESTER 56\",\"R\u00e9sultats Ecole de cyclisme\"],\"inLanguage\":\"fr-FR\",\"potentialAction\":[{\"@type\":\"CommentAction\",\"name\":\"Comment\",\"target\":[\"https:\\\/\\\/www.aclanester56.com\\\/velo\\\/randonnee-sur-la-cote-pour-lecole-de-cyclisme\\\/#respond\"]}]},{\"@type\":\"WebPage\",\"@id\":\"https:\\\/\\\/www.aclanester56.com\\\/velo\\\/randonnee-sur-la-cote-pour-lecole-de-cyclisme\\\/\",\"url\":\"https:\\\/\\\/www.aclanester56.com\\\/velo\\\/randonnee-sur-la-cote-pour-lecole-de-cyclisme\\\/\",\"name\":\"Randonn\u00e9e sur la c\u00f4te pour l'\u00e9cole de cyclisme ! - Avenir Cycliste Lanester 56\",\"isPartOf\":{\"@id\":\"https:\\\/\\\/www.aclanester56.com\\\/velo\\\/#website\"},\"primaryImageOfPage\":{\"@id\":\"https:\\\/\\\/www.aclanester56.com\\\/velo\\\/randonnee-sur-la-cote-pour-lecole-de-cyclisme\\\/#primaryimage\"},\"image\":{\"@id\":\"https:\\\/\\\/www.aclanester56.com\\\/velo\\\/randonnee-sur-la-cote-pour-lecole-de-cyclisme\\\/#primaryimage\"},\"thumbnailUrl\":\"https:\\\/\\\/www.aclanester56.com\\\/velo\\\/wp-content\\\/uploads\\\/2011\\\/05\\\/photo-de-groupe-Copie.jpg\",\"datePublished\":\"2011-05-22T17:33:02+00:00\",\"dateModified\":\"2011-05-27T19:22:38+00:00\",\"inLanguage\":\"fr-FR\",\"potentialAction\":[{\"@type\":\"ReadAction\",\"target\":[\"https:\\\/\\\/www.aclanester56.com\\\/velo\\\/randonnee-sur-la-cote-pour-lecole-de-cyclisme\\\/\"]}]},{\"@type\":\"ImageObject\",\"inLanguage\":\"fr-FR\",\"@id\":\"https:\\\/\\\/www.aclanester56.com\\\/velo\\\/randonnee-sur-la-cote-pour-lecole-de-cyclisme\\\/#primaryimage\",\"url\":\"https:\\\/\\\/www.aclanester56.com\\\/velo\\\/wp-content\\\/uploads\\\/2011\\\/05\\\/photo-de-groupe-Copie.jpg\",\"contentUrl\":\"https:\\\/\\\/www.aclanester56.com\\\/velo\\\/wp-content\\\/uploads\\\/2011\\\/05\\\/photo-de-groupe-Copie.jpg\",\"width\":650,\"height\":300},{\"@type\":\"WebSite\",\"@id\":\"https:\\\/\\\/www.aclanester56.com\\\/velo\\\/#website\",\"url\":\"https:\\\/\\\/www.aclanester56.com\\\/velo\\\/\",\"name\":\"Avenir Cycliste Lanester 56\",\"description\":\"Club cycliste de l&#039;AC LANESTER 56\",\"publisher\":{\"@id\":\"https:\\\/\\\/www.aclanester56.com\\\/velo\\\/#organization\"},\"potentialAction\":[{\"@type\":\"SearchAction\",\"target\":{\"@type\":\"EntryPoint\",\"urlTemplate\":\"https:\\\/\\\/www.aclanester56.com\\\/velo\\\/?s={search_term_string}\"},\"query-input\":{\"@type\":\"PropertyValueSpecification\",\"valueRequired\":true,\"valueName\":\"search_term_string\"}}],\"inLanguage\":\"fr-FR\"},{\"@type\":\"Organization\",\"@id\":\"https:\\\/\\\/www.aclanester56.com\\\/velo\\\/#organization\",\"name\":\"Avenir Cycliste Lanester 56\",\"url\":\"https:\\\/\\\/www.aclanester56.com\\\/velo\\\/\",\"logo\":{\"@type\":\"ImageObject\",\"inLanguage\":\"fr-FR\",\"@id\":\"https:\\\/\\\/www.aclanester56.com\\\/velo\\\/#\\\/schema\\\/logo\\\/image\\\/\",\"url\":\"https:\\\/\\\/www.aclanester56.com\\\/velo\\\/wp-content\\\/uploads\\\/2013\\\/04\\\/logo-ACL.jpg\",\"contentUrl\":\"https:\\\/\\\/www.aclanester56.com\\\/velo\\\/wp-content\\\/uploads\\\/2013\\\/04\\\/logo-ACL.jpg\",\"width\":400,\"height\":334,\"caption\":\"Avenir Cycliste Lanester 56\"},\"image\":{\"@id\":\"https:\\\/\\\/www.aclanester56.com\\\/velo\\\/#\\\/schema\\\/logo\\\/image\\\/\"},\"sameAs\":[\"https:\\\/\\\/www.facebook.com\\\/pages\\\/AC-Lanester-56\\\/190286300991242?fref=ts\"]},{\"@type\":\"Person\",\"@id\":\"https:\\\/\\\/www.aclanester56.com\\\/velo\\\/#\\\/schema\\\/person\\\/ca2a44a5fd969e9dd846c72d3b33bc01\",\"name\":\"Jean-Christophe\",\"url\":\"https:\\\/\\\/www.aclanester56.com\\\/velo\\\/author\\\/jeanchristophe\\\/\"}]}<\/script>\n<!-- \/ Yoast SEO plugin. -->","yoast_head_json":{"title":"Randonn\u00e9e sur la c\u00f4te pour l'\u00e9cole de cyclisme ! - Avenir Cycliste Lanester 56","robots":{"index":"index","follow":"follow","max-snippet":"max-snippet:-1","max-image-preview":"max-image-preview:large","max-video-preview":"max-video-preview:-1"},"canonical":"https:\/\/www.aclanester56.com\/velo\/randonnee-sur-la-cote-pour-lecole-de-cyclisme\/","og_locale":"fr_FR","og_type":"article","og_title":"Randonn\u00e9e sur la c\u00f4te pour l'\u00e9cole de cyclisme ! - Avenir Cycliste Lanester 56","og_description":"Avec le magnifique temps pr\u00e9vu hier, les dynamiques dirigeants de l&rsquo;\u00e9cole de cyclisme de l&rsquo;AC LANESTER 56 ont programm\u00e9\u00a0une petite [&hellip;]","og_url":"https:\/\/www.aclanester56.com\/velo\/randonnee-sur-la-cote-pour-lecole-de-cyclisme\/","og_site_name":"Avenir Cycliste Lanester 56","article_publisher":"https:\/\/www.facebook.com\/pages\/AC-Lanester-56\/190286300991242?fref=ts","article_published_time":"2011-05-22T17:33:02+00:00","article_modified_time":"2011-05-27T19:22:38+00:00","og_image":[{"width":650,"height":300,"url":"https:\/\/www.aclanester56.com\/velo\/wp-content\/uploads\/2011\/05\/photo-de-groupe-Copie.jpg","type":"image\/jpeg"}],"author":"Jean-Christophe","twitter_misc":{"\u00c9crit par":"Jean-Christophe","Dur\u00e9e de lecture estim\u00e9e":"2 minutes"},"schema":{"@context":"https:\/\/schema.org","@graph":[{"@type":"Article","@id":"https:\/\/www.aclanester56.com\/velo\/randonnee-sur-la-cote-pour-lecole-de-cyclisme\/#article","isPartOf":{"@id":"https:\/\/www.aclanester56.com\/velo\/randonnee-sur-la-cote-pour-lecole-de-cyclisme\/"},"author":{"name":"Jean-Christophe","@id":"https:\/\/www.aclanester56.com\/velo\/#\/schema\/person\/ca2a44a5fd969e9dd846c72d3b33bc01"},"headline":"Randonn\u00e9e sur la c\u00f4te pour l&rsquo;\u00e9cole de cyclisme !","datePublished":"2011-05-22T17:33:02+00:00","dateModified":"2011-05-27T19:22:38+00:00","mainEntityOfPage":{"@id":"https:\/\/www.aclanester56.com\/velo\/randonnee-sur-la-cote-pour-lecole-de-cyclisme\/"},"wordCount":311,"commentCount":1,"publisher":{"@id":"https:\/\/www.aclanester56.com\/velo\/#organization"},"image":{"@id":"https:\/\/www.aclanester56.com\/velo\/randonnee-sur-la-cote-pour-lecole-de-cyclisme\/#primaryimage"},"thumbnailUrl":"https:\/\/www.aclanester56.com\/velo\/wp-content\/uploads\/2011\/05\/photo-de-groupe-Copie.jpg","articleSection":["AC LANESTER 56","R\u00e9sultats Ecole de cyclisme"],"inLanguage":"fr-FR","potentialAction":[{"@type":"CommentAction","name":"Comment","target":["https:\/\/www.aclanester56.com\/velo\/randonnee-sur-la-cote-pour-lecole-de-cyclisme\/#respond"]}]},{"@type":"WebPage","@id":"https:\/\/www.aclanester56.com\/velo\/randonnee-sur-la-cote-pour-lecole-de-cyclisme\/","url":"https:\/\/www.aclanester56.com\/velo\/randonnee-sur-la-cote-pour-lecole-de-cyclisme\/","name":"Randonn\u00e9e sur la c\u00f4te pour l'\u00e9cole de cyclisme ! - Avenir Cycliste Lanester 56","isPartOf":{"@id":"https:\/\/www.aclanester56.com\/velo\/#website"},"primaryImageOfPage":{"@id":"https:\/\/www.aclanester56.com\/velo\/randonnee-sur-la-cote-pour-lecole-de-cyclisme\/#primaryimage"},"image":{"@id":"https:\/\/www.aclanester56.com\/velo\/randonnee-sur-la-cote-pour-lecole-de-cyclisme\/#primaryimage"},"thumbnailUrl":"https:\/\/www.aclanester56.com\/velo\/wp-content\/uploads\/2011\/05\/photo-de-groupe-Copie.jpg","datePublished":"2011-05-22T17:33:02+00:00","dateModified":"2011-05-27T19:22:38+00:00","inLanguage":"fr-FR","potentialAction":[{"@type":"ReadAction","target":["https:\/\/www.aclanester56.com\/velo\/randonnee-sur-la-cote-pour-lecole-de-cyclisme\/"]}]},{"@type":"ImageObject","inLanguage":"fr-FR","@id":"https:\/\/www.aclanester56.com\/velo\/randonnee-sur-la-cote-pour-lecole-de-cyclisme\/#primaryimage","url":"https:\/\/www.aclanester56.com\/velo\/wp-content\/uploads\/2011\/05\/photo-de-groupe-Copie.jpg","contentUrl":"https:\/\/www.aclanester56.com\/velo\/wp-content\/uploads\/2011\/05\/photo-de-groupe-Copie.jpg","width":650,"height":300},{"@type":"WebSite","@id":"https:\/\/www.aclanester56.com\/velo\/#website","url":"https:\/\/www.aclanester56.com\/velo\/","name":"Avenir Cycliste Lanester 56","description":"Club cycliste de l&#039;AC LANESTER 56","publisher":{"@id":"https:\/\/www.aclanester56.com\/velo\/#organization"},"potentialAction":[{"@type":"SearchAction","target":{"@type":"EntryPoint","urlTemplate":"https:\/\/www.aclanester56.com\/velo\/?s={search_term_string}"},"query-input":{"@type":"PropertyValueSpecification","valueRequired":true,"valueName":"search_term_string"}}],"inLanguage":"fr-FR"},{"@type":"Organization","@id":"https:\/\/www.aclanester56.com\/velo\/#organization","name":"Avenir Cycliste Lanester 56","url":"https:\/\/www.aclanester56.com\/velo\/","logo":{"@type":"ImageObject","inLanguage":"fr-FR","@id":"https:\/\/www.aclanester56.com\/velo\/#\/schema\/logo\/image\/","url":"https:\/\/www.aclanester56.com\/velo\/wp-content\/uploads\/2013\/04\/logo-ACL.jpg","contentUrl":"https:\/\/www.aclanester56.com\/velo\/wp-content\/uploads\/2013\/04\/logo-ACL.jpg","width":400,"height":334,"caption":"Avenir Cycliste Lanester 56"},"image":{"@id":"https:\/\/www.aclanester56.com\/velo\/#\/schema\/logo\/image\/"},"sameAs":["https:\/\/www.facebook.com\/pages\/AC-Lanester-56\/190286300991242?fref=ts"]},{"@type":"Person","@id":"https:\/\/www.aclanester56.com\/velo\/#\/schema\/person\/ca2a44a5fd969e9dd846c72d3b33bc01","name":"Jean-Christophe","url":"https:\/\/www.aclanester56.com\/velo\/author\/jeanchristophe\/"}]}},"_links":{"self":[{"href":"https:\/\/www.aclanester56.com\/velo\/wp-json\/wp\/v2\/posts\/8639","targetHints":{"allow":["GET"]}}],"collection":[{"href":"https:\/\/www.aclanester56.com\/velo\/wp-json\/wp\/v2\/posts"}],"about":[{"href":"https:\/\/www.aclanester56.com\/velo\/wp-json\/wp\/v2\/types\/post"}],"author":[{"embeddable":true,"href":"https:\/\/www.aclanester56.com\/velo\/wp-json\/wp\/v2\/users\/14"}],"replies":[{"embeddable":true,"href":"https:\/\/www.aclanester56.com\/velo\/wp-json\/wp\/v2\/comments?post=8639"}],"version-history":[{"count":0,"href":"https:\/\/www.aclanester56.com\/velo\/wp-json\/wp\/v2\/posts\/8639\/revisions"}],"wp:featuredmedia":[{"embeddable":true,"href":"https:\/\/www.aclanester56.com\/velo\/wp-json\/wp\/v2\/media\/8653"}],"wp:attachment":[{"href":"https:\/\/www.aclanester56.com\/velo\/wp-json\/wp\/v2\/media?parent=8639"}],"wp:term":[{"taxonomy":"category","embeddable":true,"href":"https:\/\/www.aclanester56.com\/velo\/wp-json\/wp\/v2\/categories?post=8639"},{"taxonomy":"post_tag","embeddable":true,"href":"https:\/\/www.aclanester56.com\/velo\/wp-json\/wp\/v2\/tags?post=8639"}],"curies":[{"name":"wp","href":"https:\/\/api.w.org\/{rel}","templated":true}]}}