{"id":8660,"date":"2011-05-23T12:44:30","date_gmt":"2011-05-23T11:44:30","guid":{"rendered":"http:\/\/www.aclanester56.com\/velo\/?p=8660"},"modified":"2011-05-27T20:22:31","modified_gmt":"2011-05-27T19:22:31","slug":"resultats-du-week-end-10","status":"publish","type":"post","link":"https:\/\/www.aclanester56.com\/velo\/resultats-du-week-end-10\/","title":{"rendered":"R\u00e9sultats du week-end"},"content":{"rendered":"<div id=\"attachment_8669\" style=\"width: 330px\" class=\"wp-caption alignleft\"><a href=\"http:\/\/www.aclanester56.com\/velo\/wp-content\/uploads\/2011\/05\/Boucles-val-dOust-Poilvet.jpg\" ><img loading=\"lazy\" decoding=\"async\" aria-describedby=\"caption-attachment-8669\" src=\"http:\/\/www.aclanester56.com\/velo\/wp-content\/uploads\/2011\/05\/Boucles-val-dOust-Poilvet.jpg\" alt=\"\" title=\"Ludovic Poilvet (AC LANESTER 56) s&#039;incline devant l&#039;ancien professionnel Christophe DIGUET sur les Boucles du Val d&#039;Oust (photo Philippe LE COCQ - sportbreizh.com)\" width=\"320\" height=\"213\" class=\"size-full wp-image-8669\" srcset=\"https:\/\/www.aclanester56.com\/velo\/wp-content\/uploads\/2011\/05\/Boucles-val-dOust-Poilvet.jpg 640w, https:\/\/www.aclanester56.com\/velo\/wp-content\/uploads\/2011\/05\/Boucles-val-dOust-Poilvet-300x200.jpg 300w, https:\/\/www.aclanester56.com\/velo\/wp-content\/uploads\/2011\/05\/Boucles-val-dOust-Poilvet-449x300.jpg 449w\" sizes=\"auto, (max-width: 320px) 100vw, 320px\" \/><\/a><p id=\"caption-attachment-8669\" class=\"wp-caption-text\">Ludovic Poilvet (AC LANESTER 56) s&#039;incline devant l&#039;ancien professionnel Christophe DIGUET sur les Boucles du Val d&#039;Oust (photo Philippe LE COCQ - sportbreizh.com)<\/p><\/div>\n<div style=\"text-align: justify;\">Le Lanest\u00e9rien Ludovic POILVET termine 2\u00e8me hier des Boucles du Val d&rsquo;Oust, disput\u00e9es \u00e0 Pleucadeuc, o\u00f9 le jeune Ma\u00ebl NIVINOU prend \u00e9galement une tr\u00e8s belle 4\u00e8me place. Les coureurs de l&rsquo;AC LANESTER 56 \u00e9taient \u00e9galement pr\u00e9sents notamment du c\u00f4t\u00e9 de Taupont et de Rostrenen !<\/div>\n<div style=\"text-align: justify;\"><!--more--><\/div>\n<p>&nbsp;<\/p>\n<div><span style=\"text-decoration: underline;\"><strong>Classement des Boucles du Val d&rsquo;Oust \u00e0 Pleucadeuc (1\u00e8re,2\u00e8me,3\u00e8me Cat\/PC\/Jun) :<\/strong><\/span><\/div>\n<div>1 DIGUET CHRISTOPHE LAVAL CYCLISME 53<\/div>\n<div><span style=\"background-color: #ff6600;\">2 POILVET Ludovic AC LANESTER 56<\/span><\/div>\n<div>3 GOUEDARD Simon VC PAYS DE LORIENT<\/div>\n<div><span style=\"background-color: #ff6600;\">4 NIVINOU Ma\u00ebl AC LANESTER 56<\/span><\/div>\n<div>5 LE CORRE William COTES D`ARMOR CYCL.<\/div>\n<div>6 HERVO FLORIAN UNION CYCLISTE CHOLET 49<\/div>\n<div>7 JUHEL C\u00e9dric ASPTT RENNES CYCLISME<\/div>\n<div><span style=\"background-color: #ff6600;\">8 BARGUIL Warren AC LANESTER 56<\/span><\/div>\n<div>9 DIGUET Micka\u00ebl VS CHARTRAIN<\/div>\n<div>10 COURTET Gu\u00e9rand EC QUEVENOISE<\/div>\n<div><span style=\"background-color: #ff6600;\">16 RAGOT Vincent AC LANESTER 56<\/span><\/div>\n<div><span style=\"background-color: #ff6600;\">20 RAULT Yann AC LANESTER 56<\/span><\/div>\n<div><span style=\"background-color: #ff6600;\">47 SIBY Micka\u00ebl AC LANESTER 56<\/span><\/div>\n<div><span style=\"background-color: #ff6600;\">60 LE PRIELLEC Gilles AC LANESTER 56<\/span><\/div>\n<p>&nbsp;<\/p>\n<div><span style=\"text-decoration: underline;\"><strong>Classement de Taupont (3\u00e8me Cat\/PC\/Jun) :<\/strong><\/span><\/div>\n<div>1 LE ROY Thomas CC ERGUE GABERIC<\/div>\n<div>2 GROOM Laurent UCK DE VANNES Junior<\/div>\n<div>3 DESHOUX Christopher US LA GACILLY CYCL.<\/div>\n<div>4 COLIN Jean Michel OC LOCMINE<\/div>\n<div>5 DUCLOUX Antoine VELOCE VANNETAIS CYCL.<\/div>\n<div>6 GUILLOUZIC Benoit UCL HENNEBONT<\/div>\n<div>7 MARGUERITE Thibaud MCC PAYS DES AVENS \u00a0Junior<\/div>\n<div>8 THEBAUD Maxime VELOCE VANNETAIS CYCL Junior<\/div>\n<div>9 JEGO Dominique UC ALREENNE<\/div>\n<div><span style=\"background-color: #ff6600;\">10 COQUEN Guillaume AC LANESTER 56 Junior<\/span><\/div>\n<div><span style=\"background-color: #ff6600;\">30 SIBY Heimrick AC LANESTER 56 Junior<\/span><\/div>\n<div><span style=\"background-color: #ff6600;\">33 LE GAL Mathieu AC LANESTER 56<\/span><\/div>\n<p>&nbsp;<\/p>\n<div><span style=\"text-decoration: underline;\"><strong>Classement de Taupont (Pass&rsquo;Cyclisme) :<\/strong><\/span><\/div>\n<div>1 DERIAN Anthony ASPTT RENNES<\/div>\n<div>2 COCAUD Anthony US LA GACILLY CYCL<\/div>\n<div>3 MARTIN \u00a0Jean Michel OC LOCMINE<\/div>\n<div>4 NEBESNYJ Wilfried VC DINANNAIS<\/div>\n<div>5 GOURDEN Aur\u00e9lien HENNEBONT CYCLISME<\/div>\n<div>6 GOHEREL J\u00e9r\u00f4me EC PLUVIGNOISE<\/div>\n<div>7 RIBLER Romuald UCL HENNEBONT<\/div>\n<div>8 LELIEVRE Christophe REDON OC<\/div>\n<div>9 LEPEIGNEUL Fabien EC PLUVIGNOISE<\/div>\n<div>10 PASCO Sylvain AC PYS DE BAUD<\/div>\n<div><span style=\"background-color: #ff6600;\">31 BELDENT JEROME AC LANESTER 56<\/span><\/div>\n<p>&nbsp;<\/p>\n<div id=\"attachment_8671\" style=\"width: 330px\" class=\"wp-caption alignright\"><a href=\"http:\/\/www.aclanester56.com\/velo\/wp-content\/uploads\/2011\/05\/KBA-Nicolas-Primas-23-05-2011.jpg\" ><img loading=\"lazy\" decoding=\"async\" aria-describedby=\"caption-attachment-8671\" src=\"http:\/\/www.aclanester56.com\/velo\/wp-content\/uploads\/2011\/05\/KBA-Nicolas-Primas-23-05-2011.jpg\" alt=\"\" title=\"Le Lanest\u00e9rien Nicolas Primas termine \u00e0 une belle 12\u00e8me place du Kreiz Breizh Avenir sur le difficile circuit de Rostrenen (photo Alexanne Bonnier - sportbreizh.com) \" width=\"320\" height=\"225\" class=\"size-full wp-image-8671\" srcset=\"https:\/\/www.aclanester56.com\/velo\/wp-content\/uploads\/2011\/05\/KBA-Nicolas-Primas-23-05-2011.jpg 640w, https:\/\/www.aclanester56.com\/velo\/wp-content\/uploads\/2011\/05\/KBA-Nicolas-Primas-23-05-2011-300x210.jpg 300w, https:\/\/www.aclanester56.com\/velo\/wp-content\/uploads\/2011\/05\/KBA-Nicolas-Primas-23-05-2011-426x300.jpg 426w\" sizes=\"auto, (max-width: 320px) 100vw, 320px\" \/><\/a><p id=\"caption-attachment-8671\" class=\"wp-caption-text\">Le Lanest\u00e9rien Nicolas Primas termine \u00e0 une belle 12\u00e8me place du Kreiz Breizh Avenir sur le difficile circuit de Rostrenen (photo Alexanne Bonnier - sportbreizh.com) <\/p><\/div>\n<div><span style=\"text-decoration: underline;\"><strong>Kreiz Breizh Avenir Cadets \u00e0 Rostrenen (Cadets) <\/strong><\/span>:<\/div>\n<div>1 Kilian Guillo (V\u00e9loce Vannetais Cyclisme)<\/div>\n<div>2 Mathieu Caro (VS Tr\u00e9gueux)<\/div>\n<div>3 Charly Simonessa (ASPTT Rennes)<\/div>\n<div>4 Axel Journiaux (EC Rance Fr\u00e9mur)<\/div>\n<div>5 Franck Bonnamour (Lannion cyclisme)<\/div>\n<div>6 Antoine Le Corre (SC Malestroit)<\/div>\n<div>7 Erwan Cornillet (VSP Lamballe)<\/div>\n<div>8 Ga\u00ebtan Lemoine (EC Alneloise Cycliste)<\/div>\n<div>9 Rapha\u00ebl Guillerm (Landivisienne cycliste)<\/div>\n<div>10 Benjamin Masson (VS Plabennec)<\/div>\n<div><span style=\"background-color: #ff6600;\">12 Nicolas Primas (AC Lanester 56)<\/span><\/div>\n<p>&nbsp;<\/p>\n<div><span style=\"text-decoration: underline;\"><strong>Kern\u00e9vel (2\u00e8me \u00e9tape TAM &#8211; 1\u00e8re,2\u00e8me et 3\u00e8me Cat) &#8211; 14-05-2011 :<\/strong><\/span><\/div>\n<div>1: Mc Laughlin James Team Colnago<\/div>\n<div><span style=\"background-color: #ff6600;\">2: Mira Anthony AC Lanester 56<\/span><\/div>\n<div><span style=\"background-color: #ff6600;\">3: Le Burel Yann AC Lanester 56<\/span><\/div>\n<div>4: Jegou Julien BIC 2000<\/div>\n<div>5: Canevet Neil Leuceme espoir Quimper<\/div>\n<div id=\"attachment_8673\" style=\"width: 310px\" class=\"wp-caption alignright\"><a href=\"http:\/\/www.aclanester56.com\/velo\/wp-content\/uploads\/2011\/05\/Kernevel-burel-mira.jpg\" ><img loading=\"lazy\" decoding=\"async\" aria-describedby=\"caption-attachment-8673\" src=\"http:\/\/www.aclanester56.com\/velo\/wp-content\/uploads\/2011\/05\/Kernevel-burel-mira.jpg\" alt=\"\" title=\"A Kernevel, Yann LE BUREL et Anthony MIRA ont d\u00fb s&#039;incliner devant l&#039;anglais McLaughin (photo www.bretagne-cyclisme.com)\" width=\"300\" height=\"200\" class=\"size-full wp-image-8673\" srcset=\"https:\/\/www.aclanester56.com\/velo\/wp-content\/uploads\/2011\/05\/Kernevel-burel-mira.jpg 600w, https:\/\/www.aclanester56.com\/velo\/wp-content\/uploads\/2011\/05\/Kernevel-burel-mira-300x199.jpg 300w, https:\/\/www.aclanester56.com\/velo\/wp-content\/uploads\/2011\/05\/Kernevel-burel-mira-451x300.jpg 451w\" sizes=\"auto, (max-width: 300px) 100vw, 300px\" \/><\/a><p id=\"caption-attachment-8673\" class=\"wp-caption-text\">A Kernevel, Yann LE BUREL et Anthony MIRA ont d\u00fb s&#039;incliner devant l&#039;anglais McLaughin (photo www.bretagne-cyclisme.com)<\/p><\/div>\n<div><span style=\"background-color: #ff6600;\">6: Nivinou Mael AC Lanester 56<\/span><\/div>\n<div>7: Le Naour S\u00e9bastien VS Quimper<\/div>\n<div>8: Jouanigot Benoit Leucemie Espoir Quimper<\/div>\n<div>9: Krasniak Thomas Amneville<\/div>\n<div><span style=\"background-color: #ff6600;\">10: Sadoudi Kevin AC Lanester 56<\/span><\/div>\n<div><span style=\"background-color: #ff6600;\">19: Guego Vincent AC Lanester 56<\/span><\/div>\n<p>&nbsp;<\/p>\n<div><span style=\"text-decoration: underline;\"><strong>Clohars Carnoet (3\u00e8me manche TAM &#8211; 1\u00e8re,2\u00e8me et 3\u00e8me Cat) &#8211; 15-05-2011 :<\/strong><\/span><\/div>\n<div>1 LE GAC Olivier VS Plabennec<\/div>\n<div>2 ZIELINSKI Piotr VCP Lorient<\/div>\n<div>3 TARDIVEL Florentin BIC 2000<\/div>\n<div>4 MALLEGOL Florent BIC 2000<\/div>\n<div>5 GOASGUEN Erwan EC Landerneau<\/div>\n<div>6 LE DONGE Fabrice VS Plabennec<\/div>\n<div>7 JOUANIGOT Benoit Leuc\u00e9mie espoir Quimper<\/div>\n<div>8 BERET Lionel Leuc\u00e9mie espoir Quimper<\/div>\n<div>9 SIMON Johnny C\u00f4tes d&rsquo;Armor Marie Morin<\/div>\n<div>10 VASSEUR Sylvain AC Br\u00e9vinois<\/div>\n<div><span style=\"background-color: #ff6600;\">13 NIVINOU Ma\u00ebl AC Lanester 56<\/span><\/div>\n<div><span style=\"background-color: #ff6600;\">26 LE BUREL Yann AC Lanester 56<\/span><\/div>\n<p>&nbsp;<\/p>\n","protected":false},"excerpt":{"rendered":"<p>Le Lanest\u00e9rien Ludovic POILVET termine 2\u00e8me hier des Boucles du Val d&rsquo;Oust, disput\u00e9es \u00e0 Pleucadeuc, o\u00f9 le jeune Ma\u00ebl NIVINOU [&hellip;]<\/p>\n","protected":false},"author":14,"featured_media":8677,"comment_status":"open","ping_status":"closed","sticky":false,"template":"","format":"standard","meta":{"ngg_post_thumbnail":0,"footnotes":""},"categories":[5,14,19,22],"tags":[],"class_list":["post-8660","post","type-post","status-publish","format-standard","has-post-thumbnail","hentry","category-ac-lanester-56","category-actualites-dn","category-resultats-2eme-categorie","category-resultats-cadets"],"yoast_head":"<!-- This site is optimized with the Yoast SEO plugin v27.4 - https:\/\/yoast.com\/product\/yoast-seo-wordpress\/ -->\n<title>R\u00e9sultats du week-end - Avenir Cycliste Lanester 56<\/title>\n<meta name=\"robots\" content=\"index, follow, max-snippet:-1, max-image-preview:large, max-video-preview:-1\" \/>\n<link rel=\"canonical\" href=\"https:\/\/www.aclanester56.com\/velo\/resultats-du-week-end-10\/\" \/>\n<meta property=\"og:locale\" content=\"fr_FR\" \/>\n<meta property=\"og:type\" content=\"article\" \/>\n<meta property=\"og:title\" content=\"R\u00e9sultats du week-end - Avenir Cycliste Lanester 56\" \/>\n<meta property=\"og:description\" content=\"Le Lanest\u00e9rien Ludovic POILVET termine 2\u00e8me hier des Boucles du Val d&rsquo;Oust, disput\u00e9es \u00e0 Pleucadeuc, o\u00f9 le jeune Ma\u00ebl NIVINOU [&hellip;]\" \/>\n<meta property=\"og:url\" content=\"https:\/\/www.aclanester56.com\/velo\/resultats-du-week-end-10\/\" \/>\n<meta property=\"og:site_name\" content=\"Avenir Cycliste Lanester 56\" \/>\n<meta property=\"article:publisher\" content=\"https:\/\/www.facebook.com\/pages\/AC-Lanester-56\/190286300991242?fref=ts\" \/>\n<meta property=\"article:published_time\" content=\"2011-05-23T11:44:30+00:00\" \/>\n<meta property=\"article:modified_time\" content=\"2011-05-27T19:22:31+00:00\" \/>\n<meta property=\"og:image\" content=\"https:\/\/www.aclanester56.com\/velo\/wp-content\/uploads\/2011\/05\/Boucles-val-dOust-Poilvet-Copie.jpg\" \/>\n\t<meta property=\"og:image:width\" content=\"650\" \/>\n\t<meta property=\"og:image:height\" content=\"300\" \/>\n\t<meta property=\"og:image:type\" content=\"image\/jpeg\" \/>\n<meta name=\"author\" content=\"Jean-Christophe\" \/>\n<meta name=\"twitter:label1\" content=\"\u00c9crit par\" \/>\n\t<meta name=\"twitter:data1\" content=\"Jean-Christophe\" \/>\n\t<meta name=\"twitter:label2\" content=\"Dur\u00e9e de lecture estim\u00e9e\" \/>\n\t<meta name=\"twitter:data2\" content=\"3 minutes\" \/>\n<script type=\"application\/ld+json\" class=\"yoast-schema-graph\">{\"@context\":\"https:\\\/\\\/schema.org\",\"@graph\":[{\"@type\":\"Article\",\"@id\":\"https:\\\/\\\/www.aclanester56.com\\\/velo\\\/resultats-du-week-end-10\\\/#article\",\"isPartOf\":{\"@id\":\"https:\\\/\\\/www.aclanester56.com\\\/velo\\\/resultats-du-week-end-10\\\/\"},\"author\":{\"name\":\"Jean-Christophe\",\"@id\":\"https:\\\/\\\/www.aclanester56.com\\\/velo\\\/#\\\/schema\\\/person\\\/ca2a44a5fd969e9dd846c72d3b33bc01\"},\"headline\":\"R\u00e9sultats du week-end\",\"datePublished\":\"2011-05-23T11:44:30+00:00\",\"dateModified\":\"2011-05-27T19:22:31+00:00\",\"mainEntityOfPage\":{\"@id\":\"https:\\\/\\\/www.aclanester56.com\\\/velo\\\/resultats-du-week-end-10\\\/\"},\"wordCount\":557,\"commentCount\":0,\"publisher\":{\"@id\":\"https:\\\/\\\/www.aclanester56.com\\\/velo\\\/#organization\"},\"image\":{\"@id\":\"https:\\\/\\\/www.aclanester56.com\\\/velo\\\/resultats-du-week-end-10\\\/#primaryimage\"},\"thumbnailUrl\":\"https:\\\/\\\/www.aclanester56.com\\\/velo\\\/wp-content\\\/uploads\\\/2011\\\/05\\\/Boucles-val-dOust-Poilvet-Copie.jpg\",\"articleSection\":[\"AC LANESTER 56\",\"Actualit\u00e9s DN\",\"R\u00e9sultats 2eme cat\u00e9gorie\",\"R\u00e9sultats Cadets\"],\"inLanguage\":\"fr-FR\",\"potentialAction\":[{\"@type\":\"CommentAction\",\"name\":\"Comment\",\"target\":[\"https:\\\/\\\/www.aclanester56.com\\\/velo\\\/resultats-du-week-end-10\\\/#respond\"]}]},{\"@type\":\"WebPage\",\"@id\":\"https:\\\/\\\/www.aclanester56.com\\\/velo\\\/resultats-du-week-end-10\\\/\",\"url\":\"https:\\\/\\\/www.aclanester56.com\\\/velo\\\/resultats-du-week-end-10\\\/\",\"name\":\"R\u00e9sultats du week-end - Avenir Cycliste Lanester 56\",\"isPartOf\":{\"@id\":\"https:\\\/\\\/www.aclanester56.com\\\/velo\\\/#website\"},\"primaryImageOfPage\":{\"@id\":\"https:\\\/\\\/www.aclanester56.com\\\/velo\\\/resultats-du-week-end-10\\\/#primaryimage\"},\"image\":{\"@id\":\"https:\\\/\\\/www.aclanester56.com\\\/velo\\\/resultats-du-week-end-10\\\/#primaryimage\"},\"thumbnailUrl\":\"https:\\\/\\\/www.aclanester56.com\\\/velo\\\/wp-content\\\/uploads\\\/2011\\\/05\\\/Boucles-val-dOust-Poilvet-Copie.jpg\",\"datePublished\":\"2011-05-23T11:44:30+00:00\",\"dateModified\":\"2011-05-27T19:22:31+00:00\",\"inLanguage\":\"fr-FR\",\"potentialAction\":[{\"@type\":\"ReadAction\",\"target\":[\"https:\\\/\\\/www.aclanester56.com\\\/velo\\\/resultats-du-week-end-10\\\/\"]}]},{\"@type\":\"ImageObject\",\"inLanguage\":\"fr-FR\",\"@id\":\"https:\\\/\\\/www.aclanester56.com\\\/velo\\\/resultats-du-week-end-10\\\/#primaryimage\",\"url\":\"https:\\\/\\\/www.aclanester56.com\\\/velo\\\/wp-content\\\/uploads\\\/2011\\\/05\\\/Boucles-val-dOust-Poilvet-Copie.jpg\",\"contentUrl\":\"https:\\\/\\\/www.aclanester56.com\\\/velo\\\/wp-content\\\/uploads\\\/2011\\\/05\\\/Boucles-val-dOust-Poilvet-Copie.jpg\",\"width\":650,\"height\":300},{\"@type\":\"WebSite\",\"@id\":\"https:\\\/\\\/www.aclanester56.com\\\/velo\\\/#website\",\"url\":\"https:\\\/\\\/www.aclanester56.com\\\/velo\\\/\",\"name\":\"Avenir Cycliste Lanester 56\",\"description\":\"Club cycliste de l&#039;AC LANESTER 56\",\"publisher\":{\"@id\":\"https:\\\/\\\/www.aclanester56.com\\\/velo\\\/#organization\"},\"potentialAction\":[{\"@type\":\"SearchAction\",\"target\":{\"@type\":\"EntryPoint\",\"urlTemplate\":\"https:\\\/\\\/www.aclanester56.com\\\/velo\\\/?s={search_term_string}\"},\"query-input\":{\"@type\":\"PropertyValueSpecification\",\"valueRequired\":true,\"valueName\":\"search_term_string\"}}],\"inLanguage\":\"fr-FR\"},{\"@type\":\"Organization\",\"@id\":\"https:\\\/\\\/www.aclanester56.com\\\/velo\\\/#organization\",\"name\":\"Avenir Cycliste Lanester 56\",\"url\":\"https:\\\/\\\/www.aclanester56.com\\\/velo\\\/\",\"logo\":{\"@type\":\"ImageObject\",\"inLanguage\":\"fr-FR\",\"@id\":\"https:\\\/\\\/www.aclanester56.com\\\/velo\\\/#\\\/schema\\\/logo\\\/image\\\/\",\"url\":\"https:\\\/\\\/www.aclanester56.com\\\/velo\\\/wp-content\\\/uploads\\\/2013\\\/04\\\/logo-ACL.jpg\",\"contentUrl\":\"https:\\\/\\\/www.aclanester56.com\\\/velo\\\/wp-content\\\/uploads\\\/2013\\\/04\\\/logo-ACL.jpg\",\"width\":400,\"height\":334,\"caption\":\"Avenir Cycliste Lanester 56\"},\"image\":{\"@id\":\"https:\\\/\\\/www.aclanester56.com\\\/velo\\\/#\\\/schema\\\/logo\\\/image\\\/\"},\"sameAs\":[\"https:\\\/\\\/www.facebook.com\\\/pages\\\/AC-Lanester-56\\\/190286300991242?fref=ts\"]},{\"@type\":\"Person\",\"@id\":\"https:\\\/\\\/www.aclanester56.com\\\/velo\\\/#\\\/schema\\\/person\\\/ca2a44a5fd969e9dd846c72d3b33bc01\",\"name\":\"Jean-Christophe\",\"url\":\"https:\\\/\\\/www.aclanester56.com\\\/velo\\\/author\\\/jeanchristophe\\\/\"}]}<\/script>\n<!-- \/ Yoast SEO plugin. -->","yoast_head_json":{"title":"R\u00e9sultats du week-end - Avenir Cycliste Lanester 56","robots":{"index":"index","follow":"follow","max-snippet":"max-snippet:-1","max-image-preview":"max-image-preview:large","max-video-preview":"max-video-preview:-1"},"canonical":"https:\/\/www.aclanester56.com\/velo\/resultats-du-week-end-10\/","og_locale":"fr_FR","og_type":"article","og_title":"R\u00e9sultats du week-end - Avenir Cycliste Lanester 56","og_description":"Le Lanest\u00e9rien Ludovic POILVET termine 2\u00e8me hier des Boucles du Val d&rsquo;Oust, disput\u00e9es \u00e0 Pleucadeuc, o\u00f9 le jeune Ma\u00ebl NIVINOU [&hellip;]","og_url":"https:\/\/www.aclanester56.com\/velo\/resultats-du-week-end-10\/","og_site_name":"Avenir Cycliste Lanester 56","article_publisher":"https:\/\/www.facebook.com\/pages\/AC-Lanester-56\/190286300991242?fref=ts","article_published_time":"2011-05-23T11:44:30+00:00","article_modified_time":"2011-05-27T19:22:31+00:00","og_image":[{"width":650,"height":300,"url":"https:\/\/www.aclanester56.com\/velo\/wp-content\/uploads\/2011\/05\/Boucles-val-dOust-Poilvet-Copie.jpg","type":"image\/jpeg"}],"author":"Jean-Christophe","twitter_misc":{"\u00c9crit par":"Jean-Christophe","Dur\u00e9e de lecture estim\u00e9e":"3 minutes"},"schema":{"@context":"https:\/\/schema.org","@graph":[{"@type":"Article","@id":"https:\/\/www.aclanester56.com\/velo\/resultats-du-week-end-10\/#article","isPartOf":{"@id":"https:\/\/www.aclanester56.com\/velo\/resultats-du-week-end-10\/"},"author":{"name":"Jean-Christophe","@id":"https:\/\/www.aclanester56.com\/velo\/#\/schema\/person\/ca2a44a5fd969e9dd846c72d3b33bc01"},"headline":"R\u00e9sultats du week-end","datePublished":"2011-05-23T11:44:30+00:00","dateModified":"2011-05-27T19:22:31+00:00","mainEntityOfPage":{"@id":"https:\/\/www.aclanester56.com\/velo\/resultats-du-week-end-10\/"},"wordCount":557,"commentCount":0,"publisher":{"@id":"https:\/\/www.aclanester56.com\/velo\/#organization"},"image":{"@id":"https:\/\/www.aclanester56.com\/velo\/resultats-du-week-end-10\/#primaryimage"},"thumbnailUrl":"https:\/\/www.aclanester56.com\/velo\/wp-content\/uploads\/2011\/05\/Boucles-val-dOust-Poilvet-Copie.jpg","articleSection":["AC LANESTER 56","Actualit\u00e9s DN","R\u00e9sultats 2eme cat\u00e9gorie","R\u00e9sultats Cadets"],"inLanguage":"fr-FR","potentialAction":[{"@type":"CommentAction","name":"Comment","target":["https:\/\/www.aclanester56.com\/velo\/resultats-du-week-end-10\/#respond"]}]},{"@type":"WebPage","@id":"https:\/\/www.aclanester56.com\/velo\/resultats-du-week-end-10\/","url":"https:\/\/www.aclanester56.com\/velo\/resultats-du-week-end-10\/","name":"R\u00e9sultats du week-end - Avenir Cycliste Lanester 56","isPartOf":{"@id":"https:\/\/www.aclanester56.com\/velo\/#website"},"primaryImageOfPage":{"@id":"https:\/\/www.aclanester56.com\/velo\/resultats-du-week-end-10\/#primaryimage"},"image":{"@id":"https:\/\/www.aclanester56.com\/velo\/resultats-du-week-end-10\/#primaryimage"},"thumbnailUrl":"https:\/\/www.aclanester56.com\/velo\/wp-content\/uploads\/2011\/05\/Boucles-val-dOust-Poilvet-Copie.jpg","datePublished":"2011-05-23T11:44:30+00:00","dateModified":"2011-05-27T19:22:31+00:00","inLanguage":"fr-FR","potentialAction":[{"@type":"ReadAction","target":["https:\/\/www.aclanester56.com\/velo\/resultats-du-week-end-10\/"]}]},{"@type":"ImageObject","inLanguage":"fr-FR","@id":"https:\/\/www.aclanester56.com\/velo\/resultats-du-week-end-10\/#primaryimage","url":"https:\/\/www.aclanester56.com\/velo\/wp-content\/uploads\/2011\/05\/Boucles-val-dOust-Poilvet-Copie.jpg","contentUrl":"https:\/\/www.aclanester56.com\/velo\/wp-content\/uploads\/2011\/05\/Boucles-val-dOust-Poilvet-Copie.jpg","width":650,"height":300},{"@type":"WebSite","@id":"https:\/\/www.aclanester56.com\/velo\/#website","url":"https:\/\/www.aclanester56.com\/velo\/","name":"Avenir Cycliste Lanester 56","description":"Club cycliste de l&#039;AC LANESTER 56","publisher":{"@id":"https:\/\/www.aclanester56.com\/velo\/#organization"},"potentialAction":[{"@type":"SearchAction","target":{"@type":"EntryPoint","urlTemplate":"https:\/\/www.aclanester56.com\/velo\/?s={search_term_string}"},"query-input":{"@type":"PropertyValueSpecification","valueRequired":true,"valueName":"search_term_string"}}],"inLanguage":"fr-FR"},{"@type":"Organization","@id":"https:\/\/www.aclanester56.com\/velo\/#organization","name":"Avenir Cycliste Lanester 56","url":"https:\/\/www.aclanester56.com\/velo\/","logo":{"@type":"ImageObject","inLanguage":"fr-FR","@id":"https:\/\/www.aclanester56.com\/velo\/#\/schema\/logo\/image\/","url":"https:\/\/www.aclanester56.com\/velo\/wp-content\/uploads\/2013\/04\/logo-ACL.jpg","contentUrl":"https:\/\/www.aclanester56.com\/velo\/wp-content\/uploads\/2013\/04\/logo-ACL.jpg","width":400,"height":334,"caption":"Avenir Cycliste Lanester 56"},"image":{"@id":"https:\/\/www.aclanester56.com\/velo\/#\/schema\/logo\/image\/"},"sameAs":["https:\/\/www.facebook.com\/pages\/AC-Lanester-56\/190286300991242?fref=ts"]},{"@type":"Person","@id":"https:\/\/www.aclanester56.com\/velo\/#\/schema\/person\/ca2a44a5fd969e9dd846c72d3b33bc01","name":"Jean-Christophe","url":"https:\/\/www.aclanester56.com\/velo\/author\/jeanchristophe\/"}]}},"_links":{"self":[{"href":"https:\/\/www.aclanester56.com\/velo\/wp-json\/wp\/v2\/posts\/8660","targetHints":{"allow":["GET"]}}],"collection":[{"href":"https:\/\/www.aclanester56.com\/velo\/wp-json\/wp\/v2\/posts"}],"about":[{"href":"https:\/\/www.aclanester56.com\/velo\/wp-json\/wp\/v2\/types\/post"}],"author":[{"embeddable":true,"href":"https:\/\/www.aclanester56.com\/velo\/wp-json\/wp\/v2\/users\/14"}],"replies":[{"embeddable":true,"href":"https:\/\/www.aclanester56.com\/velo\/wp-json\/wp\/v2\/comments?post=8660"}],"version-history":[{"count":0,"href":"https:\/\/www.aclanester56.com\/velo\/wp-json\/wp\/v2\/posts\/8660\/revisions"}],"wp:featuredmedia":[{"embeddable":true,"href":"https:\/\/www.aclanester56.com\/velo\/wp-json\/wp\/v2\/media\/8677"}],"wp:attachment":[{"href":"https:\/\/www.aclanester56.com\/velo\/wp-json\/wp\/v2\/media?parent=8660"}],"wp:term":[{"taxonomy":"category","embeddable":true,"href":"https:\/\/www.aclanester56.com\/velo\/wp-json\/wp\/v2\/categories?post=8660"},{"taxonomy":"post_tag","embeddable":true,"href":"https:\/\/www.aclanester56.com\/velo\/wp-json\/wp\/v2\/tags?post=8660"}],"curies":[{"name":"wp","href":"https:\/\/api.w.org\/{rel}","templated":true}]}}