{"id":8718,"date":"2011-05-29T17:44:31","date_gmt":"2011-05-29T16:44:31","guid":{"rendered":"http:\/\/www.aclanester56.com\/velo\/?p=8718"},"modified":"2011-06-03T12:40:11","modified_gmt":"2011-06-03T11:40:11","slug":"les-juniors-lanesteriens-3eme-sur-la-coupe-des-clubs-clm-par-equipe-a-thorigny","status":"publish","type":"post","link":"https:\/\/www.aclanester56.com\/velo\/les-juniors-lanesteriens-3eme-sur-la-coupe-des-clubs-clm-par-equipe-a-thorigny\/","title":{"rendered":"Les juniors lanest\u00e9riens 3\u00e8me sur la Coupe des Clubs CLM par \u00e9quipe \u00e0 Thorigny !"},"content":{"rendered":"<div id=\"attachment_8719\" style=\"width: 410px\" class=\"wp-caption alignleft\"><a href=\"http:\/\/www.aclanester56.com\/velo\/wp-content\/uploads\/2011\/05\/thorigny-2011-6-redim1024-800x600.jpg\" ><img loading=\"lazy\" decoding=\"async\" aria-describedby=\"caption-attachment-8719\" src=\"http:\/\/www.aclanester56.com\/velo\/wp-content\/uploads\/2011\/05\/thorigny-2011-6-redim1024-800x600.jpg\" alt=\"\" title=\"De gauche \u00e0 droite, Matthieu Guilloux, Rodolphe Henry, Guillaume Coquen et Heimrick Siby, r\u00e9alisent une grosse performance \u00e0 Thorigny en terminant 3\u00e8me de la Coupe de Clubs ! (photo JM Morvan)\" width=\"400\" height=\"300\" class=\"size-large wp-image-8719\" srcset=\"https:\/\/www.aclanester56.com\/velo\/wp-content\/uploads\/2011\/05\/thorigny-2011-6-redim1024-800x600.jpg 800w, https:\/\/www.aclanester56.com\/velo\/wp-content\/uploads\/2011\/05\/thorigny-2011-6-redim1024-300x225.jpg 300w, https:\/\/www.aclanester56.com\/velo\/wp-content\/uploads\/2011\/05\/thorigny-2011-6-redim1024-400x300.jpg 400w, https:\/\/www.aclanester56.com\/velo\/wp-content\/uploads\/2011\/05\/thorigny-2011-6-redim1024.jpg 1024w\" sizes=\"auto, (max-width: 400px) 100vw, 400px\" \/><\/a><p id=\"caption-attachment-8719\" class=\"wp-caption-text\">De gauche \u00e0 droite, Matthieu Guilloux, Rodolphe Henry, Guillaume Coquen et Heimrick Siby, r\u00e9alisent une grosse performance \u00e0 Thorigny en terminant 3\u00e8me de la Coupe de Clubs ! (photo JM Morvan)<\/p><\/div>\n<p style=\"text-align: justify;\">Les juniors de l&rsquo;AC LANESTER 56 sont tous les ans fid\u00e8les \u00e0 la Coupe des Clubs contre-la-montre par \u00e9quipe Troph\u00e9e Gustave Beignon, organis\u00e9e\u00a0par le Pole Espoir de la Roche-sur-Yon \u00e0 Thorigny, en Vend\u00e9e. L&rsquo;\u00e9quipe lanest\u00e9rienne, 3\u00e8me au d\u00e9but du mois du championnat de\u00a0Bretagne du contre-la-montre par \u00e9quipe, r\u00e9ussit une grosse performance hier \u00e0 Thorigny, en terminant en 3\u00e8me position avec une concurrence\u00a0encore plus relev\u00e9e.<\/p>\n<p>&nbsp;<\/p>\n<p style=\"text-align: justify;\"><!--more--><\/p>\n<p>&nbsp;<br \/>\n&nbsp;<\/p>\n<p><span style=\"color: #ff6600;\"><strong>2\u00e8me temps \u00e0 mi-course<\/strong><\/span><\/p>\n<p style=\"text-align: justify;\">L&rsquo;\u00e9quipe \u00e9tait exactement la m\u00eame que celle align\u00e9e \u00e0 Landerneau pour le championnat de Bretagne, avec Guillaume COQUEN, Matthieu GUILLOUX,\u00a0Rodolphe HENRY et Heimrick SIBY. Sur les 41 Km d&rsquo;un circuit tr\u00e8s roulant, les quatre Lanest\u00e9riens \u00e9taient rapidement dans l&rsquo;allure. A mi-parcours,\u00a0ils pointent en 2\u00e8me position avec 47&Prime; de retard sur l&rsquo;\u00e9quipe de St Jean de Monts et 43&Prime; d&rsquo;avance sur l&rsquo;\u00e9quipe de Bretagne, qui allait conna\u00eetre\u00a0des ennuis par la suite.<\/p>\n<div id=\"attachment_8723\" style=\"width: 277px\" class=\"wp-caption alignright\"><a href=\"http:\/\/www.aclanester56.com\/velo\/wp-content\/uploads\/2011\/05\/thorigny-2001-redim1024-800x600.jpg\" ><img loading=\"lazy\" decoding=\"async\" aria-describedby=\"caption-attachment-8723\" src=\"http:\/\/www.aclanester56.com\/velo\/wp-content\/uploads\/2011\/05\/thorigny-2001-redim1024-800x600.jpg\" alt=\"\" title=\"Cathy Le Gall pose avec les juniors avant le d\u00e9part ! (photo JM Morvan)\" width=\"267\" height=\"200\" class=\"size-large wp-image-8723\" srcset=\"https:\/\/www.aclanester56.com\/velo\/wp-content\/uploads\/2011\/05\/thorigny-2001-redim1024-800x600.jpg 800w, https:\/\/www.aclanester56.com\/velo\/wp-content\/uploads\/2011\/05\/thorigny-2001-redim1024-300x225.jpg 300w, https:\/\/www.aclanester56.com\/velo\/wp-content\/uploads\/2011\/05\/thorigny-2001-redim1024-400x300.jpg 400w, https:\/\/www.aclanester56.com\/velo\/wp-content\/uploads\/2011\/05\/thorigny-2001-redim1024.jpg 1024w\" sizes=\"auto, (max-width: 267px) 100vw, 267px\" \/><\/a><p id=\"caption-attachment-8723\" class=\"wp-caption-text\">Cathy Le Gall pose avec les juniors avant le d\u00e9part ! (photo JM Morvan)<\/p><\/div>\n<p style=\"text-align: justify;\"><span style=\"color: #ff6600;\"><strong>44.782 Km\/H de moyenne !<\/strong><\/span><\/p>\n<p style=\"text-align: justify;\">Heimrick SIBY et Guillaume COQUEN se montrent tr\u00e8s forts sur l&rsquo;ensemble de l&rsquo;\u00e9preuve. A l&rsquo;arriv\u00e9e, les jeunes Lanest\u00e9riens terminent 3\u00e8me \u00e0 1&rsquo;14\u00a0\u00bb de\u00a0l&rsquo;\u00e9quipe de ST JEAN DE MONTS et \u00e0 13&Prime; de l&rsquo;UC NANTES ATLANTIQUE. Les \u00e9carts sont relativement cons\u00e9quents avec les \u00e9quipes suivantes. Les quatre jeunes\u00a0hommes de l&rsquo;AC LANESTER 56 ont donc r\u00e9alis\u00e9 une grosse performance, confirm\u00e9e par la moyenne horaire : 44.782 Km\/H sur les 41 Km de course, avec un\u00a0braquet limit\u00e9 \u00e0 52&#215;14 !<\/p>\n<p style=\"text-align: justify;\"><span style=\"color: #ff6600;\"><strong>Un petit coucou de nos Vend\u00e9ens d&rsquo;adoption !<\/strong><\/span><\/p>\n<p style=\"text-align: justify;\">Les coureurs et leurs encadrants ont eu le plaisir de recevoir la visite de Cathy et Christophe Le Gall, bien connus au club et venus en voisin\u00a0passer un petit coucou sympathique \u00e0 l&rsquo;\u00e9quipe. Cathy r\u00e9alise un gros travail chaque semaine pour engager chacun des coureurs du club sur les diff\u00e9rentes \u00e9preuves !<\/p>\n<div id=\"attachment_8725\" style=\"width: 277px\" class=\"wp-caption alignright\"><a href=\"http:\/\/www.aclanester56.com\/velo\/wp-content\/uploads\/2011\/05\/thorigny-2001-3-redim1024-800x600.jpg\" ><img loading=\"lazy\" decoding=\"async\" aria-describedby=\"caption-attachment-8725\" src=\"http:\/\/www.aclanester56.com\/velo\/wp-content\/uploads\/2011\/05\/thorigny-2001-3-redim1024-800x600.jpg\" alt=\"\" title=\"De gauche \u00e0 droite, Rodolphe, Christophe et Cathy Le Gall et Matthieu Guilloux, patientent quelques minutes avant le d\u00e9part (photo JM Morvan)\" width=\"267\" height=\"200\" class=\"size-large wp-image-8725\" srcset=\"https:\/\/www.aclanester56.com\/velo\/wp-content\/uploads\/2011\/05\/thorigny-2001-3-redim1024-800x600.jpg 800w, https:\/\/www.aclanester56.com\/velo\/wp-content\/uploads\/2011\/05\/thorigny-2001-3-redim1024-300x225.jpg 300w, https:\/\/www.aclanester56.com\/velo\/wp-content\/uploads\/2011\/05\/thorigny-2001-3-redim1024-400x300.jpg 400w, https:\/\/www.aclanester56.com\/velo\/wp-content\/uploads\/2011\/05\/thorigny-2001-3-redim1024.jpg 1024w\" sizes=\"auto, (max-width: 267px) 100vw, 267px\" \/><\/a><p id=\"caption-attachment-8725\" class=\"wp-caption-text\">De gauche \u00e0 droite, Rodolphe, Christophe et Cathy Le Gall et Matthieu Guilloux, patientent quelques minutes avant le d\u00e9part (photo JM Morvan)<\/p><\/div>\n<p>&nbsp;<\/p>\n<p style=\"text-align: justify;\">\n<div><span style=\"text-decoration: underline;\"><strong>Classement :<\/strong><\/span><\/div>\n<div>1 ST JEAN DE MONTS VENDEE CYCLISME en 53&rsquo;41&Prime;56 (moyenne : 45,816 kmh)<\/div>\n<div>2 UC NANTES ATLANTIQUE en 54&rsquo;43\u00a0\u00bb (\u00e9cart : 1&rsquo;01&Prime;91)<\/div>\n<div><span style=\"background-color: #ff6600;\">3 AC LANESTER 56 en 54&Prime;55 \u00a0(\u00e9cart : 1&rsquo;14&Prime;38)<\/span><\/div>\n<div>4 ENTENTE ECCO \/ CC MONTOIS en 55&rsquo;58\u00a0\u00bb (\u00e9cart : 2&rsquo;16&Prime;80)<\/div>\n<div>5 CLUB BRETAGNE JUNIORS en 56&rsquo;37\u00a0\u00bb (\u00e9cart : 2&rsquo;55&Prime;83)<\/div>\n<div>6 UC CHOLET 49 en 57&rsquo;44\u00a0\u00bb (\u00e9cart : 4&rsquo;03&Prime;39)<\/div>\n<div>7 ANGERS CYCLISME en 58&rsquo;46\u00a0\u00bb (\u00e9cart : 5&rsquo;04&Prime;98)<\/div>\n<div>8 VC SEBASTIENNAIS en 58&rsquo;54\u00a0\u00bb (\u00e9cart : 5&rsquo;12&Prime;71)<\/div>\n<div>9 VS VALLETAIS en 59&rsquo;24\u00a0\u00bb (\u00e9cart : 5&rsquo;43&Prime;28)<\/div>\n<div>10 VC HERBETAIS A en 59&rsquo;38\u00a0\u00bb (\u00e9cart : 5&rsquo;57&Prime;24)<\/div>\n<div>11 CD INDRE ET LOIRE en 59&rsquo;39\u00a0\u00bb (\u00e9cart : 5&rsquo;57&Prime;46)<\/div>\n<div>12 EV ANGERS DOUTRE en 1H00&rsquo;57\u00a0\u00bb (\u00e9cart : 7&rsquo;16&Prime;04)<\/div>\n<div>13 VC HERBRETAIS B en 1H01&rsquo;47\u00a0\u00bb (\u00e9cart : 8&rsquo;06&Prime;43)<\/div>\n<div>14 VC MONTAIGU en 1H02&rsquo;32\u00a0\u00bb (\u00e9cart : 8&rsquo;50&Prime;45)<\/div>\n","protected":false},"excerpt":{"rendered":"<p>Les juniors de l&rsquo;AC LANESTER 56 sont tous les ans fid\u00e8les \u00e0 la Coupe des Clubs contre-la-montre par \u00e9quipe Troph\u00e9e [&hellip;]<\/p>\n","protected":false},"author":14,"featured_media":8730,"comment_status":"open","ping_status":"closed","sticky":false,"template":"","format":"standard","meta":{"ngg_post_thumbnail":0,"footnotes":""},"categories":[5,21],"tags":[],"class_list":["post-8718","post","type-post","status-publish","format-standard","has-post-thumbnail","hentry","category-ac-lanester-56","category-resultats-juniors"],"yoast_head":"<!-- This site is optimized with the Yoast SEO plugin v27.5 - https:\/\/yoast.com\/product\/yoast-seo-wordpress\/ -->\n<title>Les juniors lanest\u00e9riens 3\u00e8me sur la Coupe des Clubs CLM par \u00e9quipe \u00e0 Thorigny ! - Avenir Cycliste Lanester 56<\/title>\n<meta name=\"robots\" content=\"index, follow, max-snippet:-1, max-image-preview:large, max-video-preview:-1\" \/>\n<link rel=\"canonical\" href=\"https:\/\/www.aclanester56.com\/velo\/les-juniors-lanesteriens-3eme-sur-la-coupe-des-clubs-clm-par-equipe-a-thorigny\/\" \/>\n<meta property=\"og:locale\" content=\"fr_FR\" \/>\n<meta property=\"og:type\" content=\"article\" \/>\n<meta property=\"og:title\" content=\"Les juniors lanest\u00e9riens 3\u00e8me sur la Coupe des Clubs CLM par \u00e9quipe \u00e0 Thorigny ! - Avenir Cycliste Lanester 56\" \/>\n<meta property=\"og:description\" content=\"Les juniors de l&rsquo;AC LANESTER 56 sont tous les ans fid\u00e8les \u00e0 la Coupe des Clubs contre-la-montre par \u00e9quipe Troph\u00e9e [&hellip;]\" \/>\n<meta property=\"og:url\" content=\"https:\/\/www.aclanester56.com\/velo\/les-juniors-lanesteriens-3eme-sur-la-coupe-des-clubs-clm-par-equipe-a-thorigny\/\" \/>\n<meta property=\"og:site_name\" content=\"Avenir Cycliste Lanester 56\" \/>\n<meta property=\"article:publisher\" content=\"https:\/\/www.facebook.com\/pages\/AC-Lanester-56\/190286300991242?fref=ts\" \/>\n<meta property=\"article:published_time\" content=\"2011-05-29T16:44:31+00:00\" \/>\n<meta property=\"article:modified_time\" content=\"2011-06-03T11:40:11+00:00\" \/>\n<meta property=\"og:image\" content=\"https:\/\/www.aclanester56.com\/velo\/wp-content\/uploads\/2011\/05\/thorigny-2011-6-redim1024-Copie.jpg\" \/>\n\t<meta property=\"og:image:width\" content=\"650\" \/>\n\t<meta property=\"og:image:height\" content=\"300\" \/>\n\t<meta property=\"og:image:type\" content=\"image\/jpeg\" \/>\n<meta name=\"author\" content=\"Jean-Christophe\" \/>\n<meta name=\"twitter:label1\" content=\"\u00c9crit par\" \/>\n\t<meta name=\"twitter:data1\" content=\"Jean-Christophe\" \/>\n\t<meta name=\"twitter:label2\" content=\"Dur\u00e9e de lecture estim\u00e9e\" \/>\n\t<meta name=\"twitter:data2\" content=\"2 minutes\" \/>\n<script type=\"application\/ld+json\" class=\"yoast-schema-graph\">{\"@context\":\"https:\\\/\\\/schema.org\",\"@graph\":[{\"@type\":\"Article\",\"@id\":\"https:\\\/\\\/www.aclanester56.com\\\/velo\\\/les-juniors-lanesteriens-3eme-sur-la-coupe-des-clubs-clm-par-equipe-a-thorigny\\\/#article\",\"isPartOf\":{\"@id\":\"https:\\\/\\\/www.aclanester56.com\\\/velo\\\/les-juniors-lanesteriens-3eme-sur-la-coupe-des-clubs-clm-par-equipe-a-thorigny\\\/\"},\"author\":{\"name\":\"Jean-Christophe\",\"@id\":\"https:\\\/\\\/www.aclanester56.com\\\/velo\\\/#\\\/schema\\\/person\\\/ca2a44a5fd969e9dd846c72d3b33bc01\"},\"headline\":\"Les juniors lanest\u00e9riens 3\u00e8me sur la Coupe des Clubs CLM par \u00e9quipe \u00e0 Thorigny !\",\"datePublished\":\"2011-05-29T16:44:31+00:00\",\"dateModified\":\"2011-06-03T11:40:11+00:00\",\"mainEntityOfPage\":{\"@id\":\"https:\\\/\\\/www.aclanester56.com\\\/velo\\\/les-juniors-lanesteriens-3eme-sur-la-coupe-des-clubs-clm-par-equipe-a-thorigny\\\/\"},\"wordCount\":505,\"commentCount\":1,\"publisher\":{\"@id\":\"https:\\\/\\\/www.aclanester56.com\\\/velo\\\/#organization\"},\"image\":{\"@id\":\"https:\\\/\\\/www.aclanester56.com\\\/velo\\\/les-juniors-lanesteriens-3eme-sur-la-coupe-des-clubs-clm-par-equipe-a-thorigny\\\/#primaryimage\"},\"thumbnailUrl\":\"https:\\\/\\\/www.aclanester56.com\\\/velo\\\/wp-content\\\/uploads\\\/2011\\\/05\\\/thorigny-2011-6-redim1024-Copie.jpg\",\"articleSection\":[\"AC LANESTER 56\",\"R\u00e9sultats Juniors\"],\"inLanguage\":\"fr-FR\",\"potentialAction\":[{\"@type\":\"CommentAction\",\"name\":\"Comment\",\"target\":[\"https:\\\/\\\/www.aclanester56.com\\\/velo\\\/les-juniors-lanesteriens-3eme-sur-la-coupe-des-clubs-clm-par-equipe-a-thorigny\\\/#respond\"]}]},{\"@type\":\"WebPage\",\"@id\":\"https:\\\/\\\/www.aclanester56.com\\\/velo\\\/les-juniors-lanesteriens-3eme-sur-la-coupe-des-clubs-clm-par-equipe-a-thorigny\\\/\",\"url\":\"https:\\\/\\\/www.aclanester56.com\\\/velo\\\/les-juniors-lanesteriens-3eme-sur-la-coupe-des-clubs-clm-par-equipe-a-thorigny\\\/\",\"name\":\"Les juniors lanest\u00e9riens 3\u00e8me sur la Coupe des Clubs CLM par \u00e9quipe \u00e0 Thorigny ! - Avenir Cycliste Lanester 56\",\"isPartOf\":{\"@id\":\"https:\\\/\\\/www.aclanester56.com\\\/velo\\\/#website\"},\"primaryImageOfPage\":{\"@id\":\"https:\\\/\\\/www.aclanester56.com\\\/velo\\\/les-juniors-lanesteriens-3eme-sur-la-coupe-des-clubs-clm-par-equipe-a-thorigny\\\/#primaryimage\"},\"image\":{\"@id\":\"https:\\\/\\\/www.aclanester56.com\\\/velo\\\/les-juniors-lanesteriens-3eme-sur-la-coupe-des-clubs-clm-par-equipe-a-thorigny\\\/#primaryimage\"},\"thumbnailUrl\":\"https:\\\/\\\/www.aclanester56.com\\\/velo\\\/wp-content\\\/uploads\\\/2011\\\/05\\\/thorigny-2011-6-redim1024-Copie.jpg\",\"datePublished\":\"2011-05-29T16:44:31+00:00\",\"dateModified\":\"2011-06-03T11:40:11+00:00\",\"inLanguage\":\"fr-FR\",\"potentialAction\":[{\"@type\":\"ReadAction\",\"target\":[\"https:\\\/\\\/www.aclanester56.com\\\/velo\\\/les-juniors-lanesteriens-3eme-sur-la-coupe-des-clubs-clm-par-equipe-a-thorigny\\\/\"]}]},{\"@type\":\"ImageObject\",\"inLanguage\":\"fr-FR\",\"@id\":\"https:\\\/\\\/www.aclanester56.com\\\/velo\\\/les-juniors-lanesteriens-3eme-sur-la-coupe-des-clubs-clm-par-equipe-a-thorigny\\\/#primaryimage\",\"url\":\"https:\\\/\\\/www.aclanester56.com\\\/velo\\\/wp-content\\\/uploads\\\/2011\\\/05\\\/thorigny-2011-6-redim1024-Copie.jpg\",\"contentUrl\":\"https:\\\/\\\/www.aclanester56.com\\\/velo\\\/wp-content\\\/uploads\\\/2011\\\/05\\\/thorigny-2011-6-redim1024-Copie.jpg\",\"width\":650,\"height\":300},{\"@type\":\"WebSite\",\"@id\":\"https:\\\/\\\/www.aclanester56.com\\\/velo\\\/#website\",\"url\":\"https:\\\/\\\/www.aclanester56.com\\\/velo\\\/\",\"name\":\"Avenir Cycliste Lanester 56\",\"description\":\"Club cycliste de l&#039;AC LANESTER 56\",\"publisher\":{\"@id\":\"https:\\\/\\\/www.aclanester56.com\\\/velo\\\/#organization\"},\"potentialAction\":[{\"@type\":\"SearchAction\",\"target\":{\"@type\":\"EntryPoint\",\"urlTemplate\":\"https:\\\/\\\/www.aclanester56.com\\\/velo\\\/?s={search_term_string}\"},\"query-input\":{\"@type\":\"PropertyValueSpecification\",\"valueRequired\":true,\"valueName\":\"search_term_string\"}}],\"inLanguage\":\"fr-FR\"},{\"@type\":\"Organization\",\"@id\":\"https:\\\/\\\/www.aclanester56.com\\\/velo\\\/#organization\",\"name\":\"Avenir Cycliste Lanester 56\",\"url\":\"https:\\\/\\\/www.aclanester56.com\\\/velo\\\/\",\"logo\":{\"@type\":\"ImageObject\",\"inLanguage\":\"fr-FR\",\"@id\":\"https:\\\/\\\/www.aclanester56.com\\\/velo\\\/#\\\/schema\\\/logo\\\/image\\\/\",\"url\":\"https:\\\/\\\/www.aclanester56.com\\\/velo\\\/wp-content\\\/uploads\\\/2013\\\/04\\\/logo-ACL.jpg\",\"contentUrl\":\"https:\\\/\\\/www.aclanester56.com\\\/velo\\\/wp-content\\\/uploads\\\/2013\\\/04\\\/logo-ACL.jpg\",\"width\":400,\"height\":334,\"caption\":\"Avenir Cycliste Lanester 56\"},\"image\":{\"@id\":\"https:\\\/\\\/www.aclanester56.com\\\/velo\\\/#\\\/schema\\\/logo\\\/image\\\/\"},\"sameAs\":[\"https:\\\/\\\/www.facebook.com\\\/pages\\\/AC-Lanester-56\\\/190286300991242?fref=ts\"]},{\"@type\":\"Person\",\"@id\":\"https:\\\/\\\/www.aclanester56.com\\\/velo\\\/#\\\/schema\\\/person\\\/ca2a44a5fd969e9dd846c72d3b33bc01\",\"name\":\"Jean-Christophe\",\"url\":\"https:\\\/\\\/www.aclanester56.com\\\/velo\\\/author\\\/jeanchristophe\\\/\"}]}<\/script>\n<!-- \/ Yoast SEO plugin. -->","yoast_head_json":{"title":"Les juniors lanest\u00e9riens 3\u00e8me sur la Coupe des Clubs CLM par \u00e9quipe \u00e0 Thorigny ! - Avenir Cycliste Lanester 56","robots":{"index":"index","follow":"follow","max-snippet":"max-snippet:-1","max-image-preview":"max-image-preview:large","max-video-preview":"max-video-preview:-1"},"canonical":"https:\/\/www.aclanester56.com\/velo\/les-juniors-lanesteriens-3eme-sur-la-coupe-des-clubs-clm-par-equipe-a-thorigny\/","og_locale":"fr_FR","og_type":"article","og_title":"Les juniors lanest\u00e9riens 3\u00e8me sur la Coupe des Clubs CLM par \u00e9quipe \u00e0 Thorigny ! - Avenir Cycliste Lanester 56","og_description":"Les juniors de l&rsquo;AC LANESTER 56 sont tous les ans fid\u00e8les \u00e0 la Coupe des Clubs contre-la-montre par \u00e9quipe Troph\u00e9e [&hellip;]","og_url":"https:\/\/www.aclanester56.com\/velo\/les-juniors-lanesteriens-3eme-sur-la-coupe-des-clubs-clm-par-equipe-a-thorigny\/","og_site_name":"Avenir Cycliste Lanester 56","article_publisher":"https:\/\/www.facebook.com\/pages\/AC-Lanester-56\/190286300991242?fref=ts","article_published_time":"2011-05-29T16:44:31+00:00","article_modified_time":"2011-06-03T11:40:11+00:00","og_image":[{"width":650,"height":300,"url":"https:\/\/www.aclanester56.com\/velo\/wp-content\/uploads\/2011\/05\/thorigny-2011-6-redim1024-Copie.jpg","type":"image\/jpeg"}],"author":"Jean-Christophe","twitter_misc":{"\u00c9crit par":"Jean-Christophe","Dur\u00e9e de lecture estim\u00e9e":"2 minutes"},"schema":{"@context":"https:\/\/schema.org","@graph":[{"@type":"Article","@id":"https:\/\/www.aclanester56.com\/velo\/les-juniors-lanesteriens-3eme-sur-la-coupe-des-clubs-clm-par-equipe-a-thorigny\/#article","isPartOf":{"@id":"https:\/\/www.aclanester56.com\/velo\/les-juniors-lanesteriens-3eme-sur-la-coupe-des-clubs-clm-par-equipe-a-thorigny\/"},"author":{"name":"Jean-Christophe","@id":"https:\/\/www.aclanester56.com\/velo\/#\/schema\/person\/ca2a44a5fd969e9dd846c72d3b33bc01"},"headline":"Les juniors lanest\u00e9riens 3\u00e8me sur la Coupe des Clubs CLM par \u00e9quipe \u00e0 Thorigny !","datePublished":"2011-05-29T16:44:31+00:00","dateModified":"2011-06-03T11:40:11+00:00","mainEntityOfPage":{"@id":"https:\/\/www.aclanester56.com\/velo\/les-juniors-lanesteriens-3eme-sur-la-coupe-des-clubs-clm-par-equipe-a-thorigny\/"},"wordCount":505,"commentCount":1,"publisher":{"@id":"https:\/\/www.aclanester56.com\/velo\/#organization"},"image":{"@id":"https:\/\/www.aclanester56.com\/velo\/les-juniors-lanesteriens-3eme-sur-la-coupe-des-clubs-clm-par-equipe-a-thorigny\/#primaryimage"},"thumbnailUrl":"https:\/\/www.aclanester56.com\/velo\/wp-content\/uploads\/2011\/05\/thorigny-2011-6-redim1024-Copie.jpg","articleSection":["AC LANESTER 56","R\u00e9sultats Juniors"],"inLanguage":"fr-FR","potentialAction":[{"@type":"CommentAction","name":"Comment","target":["https:\/\/www.aclanester56.com\/velo\/les-juniors-lanesteriens-3eme-sur-la-coupe-des-clubs-clm-par-equipe-a-thorigny\/#respond"]}]},{"@type":"WebPage","@id":"https:\/\/www.aclanester56.com\/velo\/les-juniors-lanesteriens-3eme-sur-la-coupe-des-clubs-clm-par-equipe-a-thorigny\/","url":"https:\/\/www.aclanester56.com\/velo\/les-juniors-lanesteriens-3eme-sur-la-coupe-des-clubs-clm-par-equipe-a-thorigny\/","name":"Les juniors lanest\u00e9riens 3\u00e8me sur la Coupe des Clubs CLM par \u00e9quipe \u00e0 Thorigny ! - Avenir Cycliste Lanester 56","isPartOf":{"@id":"https:\/\/www.aclanester56.com\/velo\/#website"},"primaryImageOfPage":{"@id":"https:\/\/www.aclanester56.com\/velo\/les-juniors-lanesteriens-3eme-sur-la-coupe-des-clubs-clm-par-equipe-a-thorigny\/#primaryimage"},"image":{"@id":"https:\/\/www.aclanester56.com\/velo\/les-juniors-lanesteriens-3eme-sur-la-coupe-des-clubs-clm-par-equipe-a-thorigny\/#primaryimage"},"thumbnailUrl":"https:\/\/www.aclanester56.com\/velo\/wp-content\/uploads\/2011\/05\/thorigny-2011-6-redim1024-Copie.jpg","datePublished":"2011-05-29T16:44:31+00:00","dateModified":"2011-06-03T11:40:11+00:00","inLanguage":"fr-FR","potentialAction":[{"@type":"ReadAction","target":["https:\/\/www.aclanester56.com\/velo\/les-juniors-lanesteriens-3eme-sur-la-coupe-des-clubs-clm-par-equipe-a-thorigny\/"]}]},{"@type":"ImageObject","inLanguage":"fr-FR","@id":"https:\/\/www.aclanester56.com\/velo\/les-juniors-lanesteriens-3eme-sur-la-coupe-des-clubs-clm-par-equipe-a-thorigny\/#primaryimage","url":"https:\/\/www.aclanester56.com\/velo\/wp-content\/uploads\/2011\/05\/thorigny-2011-6-redim1024-Copie.jpg","contentUrl":"https:\/\/www.aclanester56.com\/velo\/wp-content\/uploads\/2011\/05\/thorigny-2011-6-redim1024-Copie.jpg","width":650,"height":300},{"@type":"WebSite","@id":"https:\/\/www.aclanester56.com\/velo\/#website","url":"https:\/\/www.aclanester56.com\/velo\/","name":"Avenir Cycliste Lanester 56","description":"Club cycliste de l&#039;AC LANESTER 56","publisher":{"@id":"https:\/\/www.aclanester56.com\/velo\/#organization"},"potentialAction":[{"@type":"SearchAction","target":{"@type":"EntryPoint","urlTemplate":"https:\/\/www.aclanester56.com\/velo\/?s={search_term_string}"},"query-input":{"@type":"PropertyValueSpecification","valueRequired":true,"valueName":"search_term_string"}}],"inLanguage":"fr-FR"},{"@type":"Organization","@id":"https:\/\/www.aclanester56.com\/velo\/#organization","name":"Avenir Cycliste Lanester 56","url":"https:\/\/www.aclanester56.com\/velo\/","logo":{"@type":"ImageObject","inLanguage":"fr-FR","@id":"https:\/\/www.aclanester56.com\/velo\/#\/schema\/logo\/image\/","url":"https:\/\/www.aclanester56.com\/velo\/wp-content\/uploads\/2013\/04\/logo-ACL.jpg","contentUrl":"https:\/\/www.aclanester56.com\/velo\/wp-content\/uploads\/2013\/04\/logo-ACL.jpg","width":400,"height":334,"caption":"Avenir Cycliste Lanester 56"},"image":{"@id":"https:\/\/www.aclanester56.com\/velo\/#\/schema\/logo\/image\/"},"sameAs":["https:\/\/www.facebook.com\/pages\/AC-Lanester-56\/190286300991242?fref=ts"]},{"@type":"Person","@id":"https:\/\/www.aclanester56.com\/velo\/#\/schema\/person\/ca2a44a5fd969e9dd846c72d3b33bc01","name":"Jean-Christophe","url":"https:\/\/www.aclanester56.com\/velo\/author\/jeanchristophe\/"}]}},"_links":{"self":[{"href":"https:\/\/www.aclanester56.com\/velo\/wp-json\/wp\/v2\/posts\/8718","targetHints":{"allow":["GET"]}}],"collection":[{"href":"https:\/\/www.aclanester56.com\/velo\/wp-json\/wp\/v2\/posts"}],"about":[{"href":"https:\/\/www.aclanester56.com\/velo\/wp-json\/wp\/v2\/types\/post"}],"author":[{"embeddable":true,"href":"https:\/\/www.aclanester56.com\/velo\/wp-json\/wp\/v2\/users\/14"}],"replies":[{"embeddable":true,"href":"https:\/\/www.aclanester56.com\/velo\/wp-json\/wp\/v2\/comments?post=8718"}],"version-history":[{"count":0,"href":"https:\/\/www.aclanester56.com\/velo\/wp-json\/wp\/v2\/posts\/8718\/revisions"}],"wp:featuredmedia":[{"embeddable":true,"href":"https:\/\/www.aclanester56.com\/velo\/wp-json\/wp\/v2\/media\/8730"}],"wp:attachment":[{"href":"https:\/\/www.aclanester56.com\/velo\/wp-json\/wp\/v2\/media?parent=8718"}],"wp:term":[{"taxonomy":"category","embeddable":true,"href":"https:\/\/www.aclanester56.com\/velo\/wp-json\/wp\/v2\/categories?post=8718"},{"taxonomy":"post_tag","embeddable":true,"href":"https:\/\/www.aclanester56.com\/velo\/wp-json\/wp\/v2\/tags?post=8718"}],"curies":[{"name":"wp","href":"https:\/\/api.w.org\/{rel}","templated":true}]}}