{"id":8735,"date":"2011-05-29T18:38:30","date_gmt":"2011-05-29T17:38:30","guid":{"rendered":"http:\/\/www.aclanester56.com\/velo\/?p=8735"},"modified":"2011-06-03T12:40:25","modified_gmt":"2011-06-03T11:40:25","slug":"ploemel-vincent-guego-lemporte-en-costaud","status":"publish","type":"post","link":"https:\/\/www.aclanester56.com\/velo\/ploemel-vincent-guego-lemporte-en-costaud\/","title":{"rendered":"Ploemel : Vincent Gu\u00e9go l&#8217;emporte en costaud !"},"content":{"rendered":"<div id=\"attachment_8736\" style=\"width: 370px\" class=\"wp-caption alignleft\"><a href=\"http:\/\/www.aclanester56.com\/velo\/wp-content\/uploads\/2011\/05\/Vincent-Gu\u00e9go.jpg\"><img loading=\"lazy\" decoding=\"async\" aria-describedby=\"caption-attachment-8736\" class=\"size-full wp-image-8736\" title=\"Vincent Gu\u00e9go remporte sa deuxi\u00e8me victoire de la saison aujourd'hui \u00e0 Ploemel (photo B. Perrel)\" src=\"http:\/\/www.aclanester56.com\/velo\/wp-content\/uploads\/2011\/05\/Vincent-Gu\u00e9go.jpg\" alt=\"\" width=\"360\" height=\"240\" srcset=\"https:\/\/www.aclanester56.com\/velo\/wp-content\/uploads\/2011\/05\/Vincent-Gu\u00e9go.jpg 720w, https:\/\/www.aclanester56.com\/velo\/wp-content\/uploads\/2011\/05\/Vincent-Gu\u00e9go-300x200.jpg 300w, https:\/\/www.aclanester56.com\/velo\/wp-content\/uploads\/2011\/05\/Vincent-Gu\u00e9go-450x300.jpg 450w\" sizes=\"auto, (max-width: 360px) 100vw, 360px\" \/><\/a><p id=\"caption-attachment-8736\" class=\"wp-caption-text\">Vincent Gu\u00e9go remporte sa deuxi\u00e8me victoire de la saison aujourd&#39;hui \u00e0 Ploemel (photo B. Perrel)<\/p><\/div>\n<p style=\"text-align: justify;\">Ne l&rsquo;appelez plus le Poulidor de Lanester ! Apr\u00e8s son beau succ\u00e8s sur le Tour du Pays de Lesneven, le Lanest\u00e9rien Vincent GUEGO a remport\u00e9 aujourd&rsquo;hui le\u00a0Circuit de la Grotte \u00e0 Ploemel !<\/p>\n<p style=\"text-align: justify;\"><!--more--><\/p>\n<p>&nbsp;<\/p>\n<p><span style=\"color: #ff6600;\"><strong>D\u00e9part tr\u00e8s rapide<\/strong><\/span><\/p>\n<p style=\"text-align: justify;\">D\u00e8s le d\u00e9part, un petit groupe se d\u00e9tache et les Lanest\u00e9riens sont pr\u00e9sents en force avec notamment Vincent GUEGO, Vincent RAGOT,\u00a0Yann RAULT, Anthony MIRA et K\u00e9vin SADOUDI. L&rsquo;avant-garde du peloton revient quelques kilom\u00e8tres plus tard et ils se retrouvent\u00a0\u00e0 environ 25 hommes en t\u00eate de course. Au tiers de la course, six coureurs parviennent \u00e0 se d\u00e9tacher avec notamment GUEGO (AC LANESTER 56),\u00a0Fabien SIDANER (BIC 2000), Florian AUBERGER (HENNEBONT CYCLISME) ou encore Stevan MASSE (LEUCEMIE ESPOIR QUIMPER).\u00a0Derri\u00e8re, les coureurs de l&rsquo;AC LANESTER 56 prot\u00e8gent la fuite de leur co\u00e9quipier en r\u00e9alisant un travail d&rsquo;\u00e9quipe exemplaire.<\/p>\n<p style=\"text-align: justify;\"><span style=\"color: #ff6600;\"><strong>Gu\u00e9go attaque &#8230; et gagne !<\/strong><\/span><\/p>\n<p style=\"text-align: justify;\">Dans le final, le Lanest\u00e9rien Vincent GUEGO attaque une premi\u00e8re fois avant de se faire revoir. Il retente le coup et cette fois, seul le Quimp\u00e9rois MASSE parvient\u00a0\u00e0 le suivre. A l&rsquo;arriv\u00e9e, Vincent l&#8217;emporte haut la main devant son dernier compagnon d&rsquo;\u00e9chapp\u00e9e. Il s&rsquo;agissait de la seule course en Bretagne pour les coureurs \u00e9lites de\u00a01\u00e8re cat\u00e9gorie.<\/p>\n<p><span style=\"color: #ff6600;\"><strong>Le d\u00e9clic ?<\/strong><\/span><\/p>\n<p style=\"text-align: justify;\">Sur le podium, Vincent d\u00e9diait cette victoire au DTS de l&rsquo;AC LANESTER 56 Rodolphe HENRY. Ce dernier n&rsquo;avait pas manqu\u00e9 de pr\u00e9ciser \u00e0 son coureur\u00a0lors de sa victoire sur le Tour du Pays de Lesneven et de la C\u00f4te des L\u00e9gendes, qui \u00e9tait la toute premi\u00e8re en 1\u00e8re cat\u00e9gorie pour celui qui collectionnait les places d&rsquo;honneurs, que le d\u00e9clic \u00e9tait arriv\u00e9\u00a0et qu&rsquo;il allait remporter d&rsquo;autres belles courses !<\/p>\n<p style=\"text-align: justify;\"><span style=\"text-decoration: underline;\"><strong>Classement :<\/strong><\/span><\/p>\n<p style=\"text-align: justify;\">\n<div><span style=\"background-color: #ff6600;\">1 GUEGO Vincent (Ac Lanester 56)<\/span><\/div>\n<div>2 MASSE Stevan (Leuc\u00e9mie espoir Quimper)<\/div>\n<div>3 ROUXEL Vincent (Uc Briochine)<\/div>\n<div>4 LOREAU Antoine (Vcp Lorient)<\/div>\n<div>5 SIDANER Fabien (Bic 2000)<\/div>\n<div>6 AUBERGER Florian (Hennebont Cyclisme)<\/div>\n<div><span style=\"background-color: #ff6600;\">7 RAGOT Vincent (Ac Lanester 56)<\/span><\/div>\n<div>8 BERET Lionel (Leuc\u00e9mie espoir Quimper)<\/div>\n<div>9 LE GUEVEL Simon (Hennebont Cyclisme)<\/div>\n<div>10 GEOFFROY R\u00e9gis (C\u00f4te d\u2019Armor Marie Morin)<\/div>\n<div><span style=\"background-color: #ff6600;\">14 SADOUDI K\u00e9vin (Ac Lanester 56)<\/span><\/div>\n<div><span style=\"background-color: #ff6600;\">16 MIRA Anthony (Ac Lanester 56)<\/span><\/div>\n<p>&nbsp;<\/p>\n","protected":false},"excerpt":{"rendered":"<p>Ne l&rsquo;appelez plus le Poulidor de Lanester ! Apr\u00e8s son beau succ\u00e8s sur le Tour du Pays de Lesneven, le [&hellip;]<\/p>\n","protected":false},"author":14,"featured_media":8739,"comment_status":"open","ping_status":"closed","sticky":false,"template":"","format":"standard","meta":{"ngg_post_thumbnail":0,"footnotes":""},"categories":[5,14,17],"tags":[],"class_list":["post-8735","post","type-post","status-publish","format-standard","has-post-thumbnail","hentry","category-ac-lanester-56","category-actualites-dn","category-resultats-dn"],"yoast_head":"<!-- This site is optimized with the Yoast SEO plugin v27.5 - https:\/\/yoast.com\/product\/yoast-seo-wordpress\/ -->\n<title>Ploemel : Vincent Gu\u00e9go l&#039;emporte en costaud ! - Avenir Cycliste Lanester 56<\/title>\n<meta name=\"robots\" content=\"index, follow, max-snippet:-1, max-image-preview:large, max-video-preview:-1\" \/>\n<link rel=\"canonical\" href=\"https:\/\/www.aclanester56.com\/velo\/ploemel-vincent-guego-lemporte-en-costaud\/\" \/>\n<meta property=\"og:locale\" content=\"fr_FR\" \/>\n<meta property=\"og:type\" content=\"article\" \/>\n<meta property=\"og:title\" content=\"Ploemel : Vincent Gu\u00e9go l&#039;emporte en costaud ! - Avenir Cycliste Lanester 56\" \/>\n<meta property=\"og:description\" content=\"Ne l&rsquo;appelez plus le Poulidor de Lanester ! Apr\u00e8s son beau succ\u00e8s sur le Tour du Pays de Lesneven, le [&hellip;]\" \/>\n<meta property=\"og:url\" content=\"https:\/\/www.aclanester56.com\/velo\/ploemel-vincent-guego-lemporte-en-costaud\/\" \/>\n<meta property=\"og:site_name\" content=\"Avenir Cycliste Lanester 56\" \/>\n<meta property=\"article:publisher\" content=\"https:\/\/www.facebook.com\/pages\/AC-Lanester-56\/190286300991242?fref=ts\" \/>\n<meta property=\"article:published_time\" content=\"2011-05-29T17:38:30+00:00\" \/>\n<meta property=\"article:modified_time\" content=\"2011-06-03T11:40:25+00:00\" \/>\n<meta property=\"og:image\" content=\"https:\/\/www.aclanester56.com\/velo\/wp-content\/uploads\/2011\/05\/Vincent-Gu\u00e9go-Copie.jpg\" \/>\n\t<meta property=\"og:image:width\" content=\"650\" \/>\n\t<meta property=\"og:image:height\" content=\"300\" \/>\n\t<meta property=\"og:image:type\" content=\"image\/jpeg\" \/>\n<meta name=\"author\" content=\"Jean-Christophe\" \/>\n<meta name=\"twitter:label1\" content=\"\u00c9crit par\" \/>\n\t<meta name=\"twitter:data1\" content=\"Jean-Christophe\" \/>\n\t<meta name=\"twitter:label2\" content=\"Dur\u00e9e de lecture estim\u00e9e\" \/>\n\t<meta name=\"twitter:data2\" content=\"2 minutes\" \/>\n<script type=\"application\/ld+json\" class=\"yoast-schema-graph\">{\"@context\":\"https:\\\/\\\/schema.org\",\"@graph\":[{\"@type\":\"Article\",\"@id\":\"https:\\\/\\\/www.aclanester56.com\\\/velo\\\/ploemel-vincent-guego-lemporte-en-costaud\\\/#article\",\"isPartOf\":{\"@id\":\"https:\\\/\\\/www.aclanester56.com\\\/velo\\\/ploemel-vincent-guego-lemporte-en-costaud\\\/\"},\"author\":{\"name\":\"Jean-Christophe\",\"@id\":\"https:\\\/\\\/www.aclanester56.com\\\/velo\\\/#\\\/schema\\\/person\\\/ca2a44a5fd969e9dd846c72d3b33bc01\"},\"headline\":\"Ploemel : Vincent Gu\u00e9go l&#8217;emporte en costaud !\",\"datePublished\":\"2011-05-29T17:38:30+00:00\",\"dateModified\":\"2011-06-03T11:40:25+00:00\",\"mainEntityOfPage\":{\"@id\":\"https:\\\/\\\/www.aclanester56.com\\\/velo\\\/ploemel-vincent-guego-lemporte-en-costaud\\\/\"},\"wordCount\":385,\"commentCount\":2,\"publisher\":{\"@id\":\"https:\\\/\\\/www.aclanester56.com\\\/velo\\\/#organization\"},\"image\":{\"@id\":\"https:\\\/\\\/www.aclanester56.com\\\/velo\\\/ploemel-vincent-guego-lemporte-en-costaud\\\/#primaryimage\"},\"thumbnailUrl\":\"https:\\\/\\\/www.aclanester56.com\\\/velo\\\/wp-content\\\/uploads\\\/2011\\\/05\\\/Vincent-Gu\u00e9go-Copie.jpg\",\"articleSection\":[\"AC LANESTER 56\",\"Actualit\u00e9s DN\",\"R\u00e9sultats DN\"],\"inLanguage\":\"fr-FR\",\"potentialAction\":[{\"@type\":\"CommentAction\",\"name\":\"Comment\",\"target\":[\"https:\\\/\\\/www.aclanester56.com\\\/velo\\\/ploemel-vincent-guego-lemporte-en-costaud\\\/#respond\"]}]},{\"@type\":\"WebPage\",\"@id\":\"https:\\\/\\\/www.aclanester56.com\\\/velo\\\/ploemel-vincent-guego-lemporte-en-costaud\\\/\",\"url\":\"https:\\\/\\\/www.aclanester56.com\\\/velo\\\/ploemel-vincent-guego-lemporte-en-costaud\\\/\",\"name\":\"Ploemel : Vincent Gu\u00e9go l'emporte en costaud ! - Avenir Cycliste Lanester 56\",\"isPartOf\":{\"@id\":\"https:\\\/\\\/www.aclanester56.com\\\/velo\\\/#website\"},\"primaryImageOfPage\":{\"@id\":\"https:\\\/\\\/www.aclanester56.com\\\/velo\\\/ploemel-vincent-guego-lemporte-en-costaud\\\/#primaryimage\"},\"image\":{\"@id\":\"https:\\\/\\\/www.aclanester56.com\\\/velo\\\/ploemel-vincent-guego-lemporte-en-costaud\\\/#primaryimage\"},\"thumbnailUrl\":\"https:\\\/\\\/www.aclanester56.com\\\/velo\\\/wp-content\\\/uploads\\\/2011\\\/05\\\/Vincent-Gu\u00e9go-Copie.jpg\",\"datePublished\":\"2011-05-29T17:38:30+00:00\",\"dateModified\":\"2011-06-03T11:40:25+00:00\",\"inLanguage\":\"fr-FR\",\"potentialAction\":[{\"@type\":\"ReadAction\",\"target\":[\"https:\\\/\\\/www.aclanester56.com\\\/velo\\\/ploemel-vincent-guego-lemporte-en-costaud\\\/\"]}]},{\"@type\":\"ImageObject\",\"inLanguage\":\"fr-FR\",\"@id\":\"https:\\\/\\\/www.aclanester56.com\\\/velo\\\/ploemel-vincent-guego-lemporte-en-costaud\\\/#primaryimage\",\"url\":\"https:\\\/\\\/www.aclanester56.com\\\/velo\\\/wp-content\\\/uploads\\\/2011\\\/05\\\/Vincent-Gu\u00e9go-Copie.jpg\",\"contentUrl\":\"https:\\\/\\\/www.aclanester56.com\\\/velo\\\/wp-content\\\/uploads\\\/2011\\\/05\\\/Vincent-Gu\u00e9go-Copie.jpg\",\"width\":650,\"height\":300},{\"@type\":\"WebSite\",\"@id\":\"https:\\\/\\\/www.aclanester56.com\\\/velo\\\/#website\",\"url\":\"https:\\\/\\\/www.aclanester56.com\\\/velo\\\/\",\"name\":\"Avenir Cycliste Lanester 56\",\"description\":\"Club cycliste de l&#039;AC LANESTER 56\",\"publisher\":{\"@id\":\"https:\\\/\\\/www.aclanester56.com\\\/velo\\\/#organization\"},\"potentialAction\":[{\"@type\":\"SearchAction\",\"target\":{\"@type\":\"EntryPoint\",\"urlTemplate\":\"https:\\\/\\\/www.aclanester56.com\\\/velo\\\/?s={search_term_string}\"},\"query-input\":{\"@type\":\"PropertyValueSpecification\",\"valueRequired\":true,\"valueName\":\"search_term_string\"}}],\"inLanguage\":\"fr-FR\"},{\"@type\":\"Organization\",\"@id\":\"https:\\\/\\\/www.aclanester56.com\\\/velo\\\/#organization\",\"name\":\"Avenir Cycliste Lanester 56\",\"url\":\"https:\\\/\\\/www.aclanester56.com\\\/velo\\\/\",\"logo\":{\"@type\":\"ImageObject\",\"inLanguage\":\"fr-FR\",\"@id\":\"https:\\\/\\\/www.aclanester56.com\\\/velo\\\/#\\\/schema\\\/logo\\\/image\\\/\",\"url\":\"https:\\\/\\\/www.aclanester56.com\\\/velo\\\/wp-content\\\/uploads\\\/2013\\\/04\\\/logo-ACL.jpg\",\"contentUrl\":\"https:\\\/\\\/www.aclanester56.com\\\/velo\\\/wp-content\\\/uploads\\\/2013\\\/04\\\/logo-ACL.jpg\",\"width\":400,\"height\":334,\"caption\":\"Avenir Cycliste Lanester 56\"},\"image\":{\"@id\":\"https:\\\/\\\/www.aclanester56.com\\\/velo\\\/#\\\/schema\\\/logo\\\/image\\\/\"},\"sameAs\":[\"https:\\\/\\\/www.facebook.com\\\/pages\\\/AC-Lanester-56\\\/190286300991242?fref=ts\"]},{\"@type\":\"Person\",\"@id\":\"https:\\\/\\\/www.aclanester56.com\\\/velo\\\/#\\\/schema\\\/person\\\/ca2a44a5fd969e9dd846c72d3b33bc01\",\"name\":\"Jean-Christophe\",\"url\":\"https:\\\/\\\/www.aclanester56.com\\\/velo\\\/author\\\/jeanchristophe\\\/\"}]}<\/script>\n<!-- \/ Yoast SEO plugin. -->","yoast_head_json":{"title":"Ploemel : Vincent Gu\u00e9go l'emporte en costaud ! - Avenir Cycliste Lanester 56","robots":{"index":"index","follow":"follow","max-snippet":"max-snippet:-1","max-image-preview":"max-image-preview:large","max-video-preview":"max-video-preview:-1"},"canonical":"https:\/\/www.aclanester56.com\/velo\/ploemel-vincent-guego-lemporte-en-costaud\/","og_locale":"fr_FR","og_type":"article","og_title":"Ploemel : Vincent Gu\u00e9go l'emporte en costaud ! - Avenir Cycliste Lanester 56","og_description":"Ne l&rsquo;appelez plus le Poulidor de Lanester ! Apr\u00e8s son beau succ\u00e8s sur le Tour du Pays de Lesneven, le [&hellip;]","og_url":"https:\/\/www.aclanester56.com\/velo\/ploemel-vincent-guego-lemporte-en-costaud\/","og_site_name":"Avenir Cycliste Lanester 56","article_publisher":"https:\/\/www.facebook.com\/pages\/AC-Lanester-56\/190286300991242?fref=ts","article_published_time":"2011-05-29T17:38:30+00:00","article_modified_time":"2011-06-03T11:40:25+00:00","og_image":[{"width":650,"height":300,"url":"https:\/\/www.aclanester56.com\/velo\/wp-content\/uploads\/2011\/05\/Vincent-Gu\u00e9go-Copie.jpg","type":"image\/jpeg"}],"author":"Jean-Christophe","twitter_misc":{"\u00c9crit par":"Jean-Christophe","Dur\u00e9e de lecture estim\u00e9e":"2 minutes"},"schema":{"@context":"https:\/\/schema.org","@graph":[{"@type":"Article","@id":"https:\/\/www.aclanester56.com\/velo\/ploemel-vincent-guego-lemporte-en-costaud\/#article","isPartOf":{"@id":"https:\/\/www.aclanester56.com\/velo\/ploemel-vincent-guego-lemporte-en-costaud\/"},"author":{"name":"Jean-Christophe","@id":"https:\/\/www.aclanester56.com\/velo\/#\/schema\/person\/ca2a44a5fd969e9dd846c72d3b33bc01"},"headline":"Ploemel : Vincent Gu\u00e9go l&#8217;emporte en costaud !","datePublished":"2011-05-29T17:38:30+00:00","dateModified":"2011-06-03T11:40:25+00:00","mainEntityOfPage":{"@id":"https:\/\/www.aclanester56.com\/velo\/ploemel-vincent-guego-lemporte-en-costaud\/"},"wordCount":385,"commentCount":2,"publisher":{"@id":"https:\/\/www.aclanester56.com\/velo\/#organization"},"image":{"@id":"https:\/\/www.aclanester56.com\/velo\/ploemel-vincent-guego-lemporte-en-costaud\/#primaryimage"},"thumbnailUrl":"https:\/\/www.aclanester56.com\/velo\/wp-content\/uploads\/2011\/05\/Vincent-Gu\u00e9go-Copie.jpg","articleSection":["AC LANESTER 56","Actualit\u00e9s DN","R\u00e9sultats DN"],"inLanguage":"fr-FR","potentialAction":[{"@type":"CommentAction","name":"Comment","target":["https:\/\/www.aclanester56.com\/velo\/ploemel-vincent-guego-lemporte-en-costaud\/#respond"]}]},{"@type":"WebPage","@id":"https:\/\/www.aclanester56.com\/velo\/ploemel-vincent-guego-lemporte-en-costaud\/","url":"https:\/\/www.aclanester56.com\/velo\/ploemel-vincent-guego-lemporte-en-costaud\/","name":"Ploemel : Vincent Gu\u00e9go l'emporte en costaud ! - Avenir Cycliste Lanester 56","isPartOf":{"@id":"https:\/\/www.aclanester56.com\/velo\/#website"},"primaryImageOfPage":{"@id":"https:\/\/www.aclanester56.com\/velo\/ploemel-vincent-guego-lemporte-en-costaud\/#primaryimage"},"image":{"@id":"https:\/\/www.aclanester56.com\/velo\/ploemel-vincent-guego-lemporte-en-costaud\/#primaryimage"},"thumbnailUrl":"https:\/\/www.aclanester56.com\/velo\/wp-content\/uploads\/2011\/05\/Vincent-Gu\u00e9go-Copie.jpg","datePublished":"2011-05-29T17:38:30+00:00","dateModified":"2011-06-03T11:40:25+00:00","inLanguage":"fr-FR","potentialAction":[{"@type":"ReadAction","target":["https:\/\/www.aclanester56.com\/velo\/ploemel-vincent-guego-lemporte-en-costaud\/"]}]},{"@type":"ImageObject","inLanguage":"fr-FR","@id":"https:\/\/www.aclanester56.com\/velo\/ploemel-vincent-guego-lemporte-en-costaud\/#primaryimage","url":"https:\/\/www.aclanester56.com\/velo\/wp-content\/uploads\/2011\/05\/Vincent-Gu\u00e9go-Copie.jpg","contentUrl":"https:\/\/www.aclanester56.com\/velo\/wp-content\/uploads\/2011\/05\/Vincent-Gu\u00e9go-Copie.jpg","width":650,"height":300},{"@type":"WebSite","@id":"https:\/\/www.aclanester56.com\/velo\/#website","url":"https:\/\/www.aclanester56.com\/velo\/","name":"Avenir Cycliste Lanester 56","description":"Club cycliste de l&#039;AC LANESTER 56","publisher":{"@id":"https:\/\/www.aclanester56.com\/velo\/#organization"},"potentialAction":[{"@type":"SearchAction","target":{"@type":"EntryPoint","urlTemplate":"https:\/\/www.aclanester56.com\/velo\/?s={search_term_string}"},"query-input":{"@type":"PropertyValueSpecification","valueRequired":true,"valueName":"search_term_string"}}],"inLanguage":"fr-FR"},{"@type":"Organization","@id":"https:\/\/www.aclanester56.com\/velo\/#organization","name":"Avenir Cycliste Lanester 56","url":"https:\/\/www.aclanester56.com\/velo\/","logo":{"@type":"ImageObject","inLanguage":"fr-FR","@id":"https:\/\/www.aclanester56.com\/velo\/#\/schema\/logo\/image\/","url":"https:\/\/www.aclanester56.com\/velo\/wp-content\/uploads\/2013\/04\/logo-ACL.jpg","contentUrl":"https:\/\/www.aclanester56.com\/velo\/wp-content\/uploads\/2013\/04\/logo-ACL.jpg","width":400,"height":334,"caption":"Avenir Cycliste Lanester 56"},"image":{"@id":"https:\/\/www.aclanester56.com\/velo\/#\/schema\/logo\/image\/"},"sameAs":["https:\/\/www.facebook.com\/pages\/AC-Lanester-56\/190286300991242?fref=ts"]},{"@type":"Person","@id":"https:\/\/www.aclanester56.com\/velo\/#\/schema\/person\/ca2a44a5fd969e9dd846c72d3b33bc01","name":"Jean-Christophe","url":"https:\/\/www.aclanester56.com\/velo\/author\/jeanchristophe\/"}]}},"_links":{"self":[{"href":"https:\/\/www.aclanester56.com\/velo\/wp-json\/wp\/v2\/posts\/8735","targetHints":{"allow":["GET"]}}],"collection":[{"href":"https:\/\/www.aclanester56.com\/velo\/wp-json\/wp\/v2\/posts"}],"about":[{"href":"https:\/\/www.aclanester56.com\/velo\/wp-json\/wp\/v2\/types\/post"}],"author":[{"embeddable":true,"href":"https:\/\/www.aclanester56.com\/velo\/wp-json\/wp\/v2\/users\/14"}],"replies":[{"embeddable":true,"href":"https:\/\/www.aclanester56.com\/velo\/wp-json\/wp\/v2\/comments?post=8735"}],"version-history":[{"count":0,"href":"https:\/\/www.aclanester56.com\/velo\/wp-json\/wp\/v2\/posts\/8735\/revisions"}],"wp:featuredmedia":[{"embeddable":true,"href":"https:\/\/www.aclanester56.com\/velo\/wp-json\/wp\/v2\/media\/8739"}],"wp:attachment":[{"href":"https:\/\/www.aclanester56.com\/velo\/wp-json\/wp\/v2\/media?parent=8735"}],"wp:term":[{"taxonomy":"category","embeddable":true,"href":"https:\/\/www.aclanester56.com\/velo\/wp-json\/wp\/v2\/categories?post=8735"},{"taxonomy":"post_tag","embeddable":true,"href":"https:\/\/www.aclanester56.com\/velo\/wp-json\/wp\/v2\/tags?post=8735"}],"curies":[{"name":"wp","href":"https:\/\/api.w.org\/{rel}","templated":true}]}}