{"id":8812,"date":"2011-06-04T08:29:19","date_gmt":"2011-06-04T07:29:19","guid":{"rendered":"http:\/\/www.aclanester56.com\/velo\/?p=8812"},"modified":"2011-06-10T17:38:38","modified_gmt":"2011-06-10T16:38:38","slug":"depart-de-rodolphe-henry","status":"publish","type":"post","link":"https:\/\/www.aclanester56.com\/velo\/depart-de-rodolphe-henry\/","title":{"rendered":"D\u00e9part de Rodolphe Henry"},"content":{"rendered":"<div id=\"attachment_8813\" style=\"width: 220px\" class=\"wp-caption alignleft\"><a href=\"http:\/\/www.aclanester56.com\/velo\/wp-content\/uploads\/2011\/06\/Jean-Yves-Le-Gal.jpg\"><img loading=\"lazy\" decoding=\"async\" aria-describedby=\"caption-attachment-8813\" class=\"size-full wp-image-8813\" title=\"Jean-Yves Le Gal, pr\u00e9sident de l'AC LANESTER 56\" src=\"http:\/\/www.aclanester56.com\/velo\/wp-content\/uploads\/2011\/06\/Jean-Yves-Le-Gal.jpg\" alt=\"\" width=\"210\" height=\"256\" srcset=\"https:\/\/www.aclanester56.com\/velo\/wp-content\/uploads\/2011\/06\/Jean-Yves-Le-Gal.jpg 420w, https:\/\/www.aclanester56.com\/velo\/wp-content\/uploads\/2011\/06\/Jean-Yves-Le-Gal-246x300.jpg 246w\" sizes=\"auto, (max-width: 210px) 100vw, 210px\" \/><\/a><p id=\"caption-attachment-8813\" class=\"wp-caption-text\">Jean-Yves Le Gal, pr\u00e9sident de l&#39;AC LANESTER 56<\/p><\/div>\n<p style=\"text-align: justify;\">Apr\u00e8s huit ans d&rsquo;implication, Rodolphe HENRY a souhait\u00e9 mettre fin \u00e0 sa mission \u00e0 l&rsquo;AC LANESTER 56.<\/p>\n<p style=\"text-align: justify;\"><!--more--><\/p>\n<p style=\"text-align: justify;\"><em><strong>La collaboration entre Rodolphe HENRY et la structure associative de l&rsquo;AC LANESTER 56 pendant cette longue p\u00e9riode a \u00e9t\u00e9 tr\u00e8s constructive. L&rsquo;excellent bilan sportif que cette collaboration peut permettre aujourd&rsquo;hui est \u00e0 mettre \u00e0 l&rsquo;actif du DTS mais \u00e9galement \u00e0 celui des nombreux b\u00e9n\u00e9voles impliqu\u00e9s dans le bon fonctionnement du club. En lien avec ce constat, le d\u00e9part de Rodolphe HENRY se fait par un accord conventionnel de fin de contrat \u00e0 sa demande.<\/strong><\/em><\/p>\n<p style=\"text-align: justify;\"><em><strong>Le Comit\u00e9 Directeur de l&rsquo;AC LANESTER 56 validera le 10 juin, lors de sa r\u00e9union mensuelle, le principe du recrutement d&rsquo;un nouveau Directeur Technique et Sportif au cours de l&rsquo;\u00e9t\u00e9. L&rsquo;encadrement de l&rsquo;\u00e9quipe DN2 sera dirig\u00e9 conjointement par Jean Marc MORVAN et G\u00e9rard LE POMMELET (tous deux titulaires du BF3 route) pendant la p\u00e9riode transitoire occasionn\u00e9e par le d\u00e9part de Rodolphe HENRY.<\/strong><\/em><\/p>\n<p>&nbsp;<\/p>\n<p style=\"text-align: right;\">Jean Yves LE GAL<br \/>\nPr\u00e9sident de l&rsquo;AC LANESTER 56<\/p>\n","protected":false},"excerpt":{"rendered":"<p>Apr\u00e8s huit ans d&rsquo;implication, Rodolphe HENRY a souhait\u00e9 mettre fin \u00e0 sa mission \u00e0 l&rsquo;AC LANESTER 56.<\/p>\n","protected":false},"author":14,"featured_media":8818,"comment_status":"open","ping_status":"closed","sticky":false,"template":"","format":"standard","meta":{"ngg_post_thumbnail":0,"footnotes":""},"categories":[5,14],"tags":[],"class_list":["post-8812","post","type-post","status-publish","format-standard","has-post-thumbnail","hentry","category-ac-lanester-56","category-actualites-dn"],"yoast_head":"<!-- This site is optimized with the Yoast SEO plugin v27.5 - https:\/\/yoast.com\/product\/yoast-seo-wordpress\/ -->\n<title>D\u00e9part de Rodolphe Henry - Avenir Cycliste Lanester 56<\/title>\n<meta name=\"robots\" content=\"index, follow, max-snippet:-1, max-image-preview:large, max-video-preview:-1\" \/>\n<link rel=\"canonical\" href=\"https:\/\/www.aclanester56.com\/velo\/depart-de-rodolphe-henry\/\" \/>\n<meta property=\"og:locale\" content=\"fr_FR\" \/>\n<meta property=\"og:type\" content=\"article\" \/>\n<meta property=\"og:title\" content=\"D\u00e9part de Rodolphe Henry - Avenir Cycliste Lanester 56\" \/>\n<meta property=\"og:description\" content=\"Apr\u00e8s huit ans d&rsquo;implication, Rodolphe HENRY a souhait\u00e9 mettre fin \u00e0 sa mission \u00e0 l&rsquo;AC LANESTER 56.\" \/>\n<meta property=\"og:url\" content=\"https:\/\/www.aclanester56.com\/velo\/depart-de-rodolphe-henry\/\" \/>\n<meta property=\"og:site_name\" content=\"Avenir Cycliste Lanester 56\" \/>\n<meta property=\"article:publisher\" content=\"https:\/\/www.facebook.com\/pages\/AC-Lanester-56\/190286300991242?fref=ts\" \/>\n<meta property=\"article:published_time\" content=\"2011-06-04T07:29:19+00:00\" \/>\n<meta property=\"article:modified_time\" content=\"2011-06-10T16:38:38+00:00\" \/>\n<meta property=\"og:image\" content=\"https:\/\/www.aclanester56.com\/velo\/wp-content\/uploads\/2011\/06\/AC-LANESTER-FORM-COUL-2011.jpg\" \/>\n\t<meta property=\"og:image:width\" content=\"650\" \/>\n\t<meta property=\"og:image:height\" content=\"300\" \/>\n\t<meta property=\"og:image:type\" content=\"image\/jpeg\" \/>\n<meta name=\"author\" content=\"Jean-Christophe\" \/>\n<meta name=\"twitter:label1\" content=\"\u00c9crit par\" \/>\n\t<meta name=\"twitter:data1\" content=\"Jean-Christophe\" \/>\n\t<meta name=\"twitter:label2\" content=\"Dur\u00e9e de lecture estim\u00e9e\" \/>\n\t<meta name=\"twitter:data2\" content=\"1 minute\" \/>\n<script type=\"application\/ld+json\" class=\"yoast-schema-graph\">{\"@context\":\"https:\\\/\\\/schema.org\",\"@graph\":[{\"@type\":\"Article\",\"@id\":\"https:\\\/\\\/www.aclanester56.com\\\/velo\\\/depart-de-rodolphe-henry\\\/#article\",\"isPartOf\":{\"@id\":\"https:\\\/\\\/www.aclanester56.com\\\/velo\\\/depart-de-rodolphe-henry\\\/\"},\"author\":{\"name\":\"Jean-Christophe\",\"@id\":\"https:\\\/\\\/www.aclanester56.com\\\/velo\\\/#\\\/schema\\\/person\\\/ca2a44a5fd969e9dd846c72d3b33bc01\"},\"headline\":\"D\u00e9part de Rodolphe Henry\",\"datePublished\":\"2011-06-04T07:29:19+00:00\",\"dateModified\":\"2011-06-10T16:38:38+00:00\",\"mainEntityOfPage\":{\"@id\":\"https:\\\/\\\/www.aclanester56.com\\\/velo\\\/depart-de-rodolphe-henry\\\/\"},\"wordCount\":189,\"commentCount\":1,\"publisher\":{\"@id\":\"https:\\\/\\\/www.aclanester56.com\\\/velo\\\/#organization\"},\"image\":{\"@id\":\"https:\\\/\\\/www.aclanester56.com\\\/velo\\\/depart-de-rodolphe-henry\\\/#primaryimage\"},\"thumbnailUrl\":\"https:\\\/\\\/www.aclanester56.com\\\/velo\\\/wp-content\\\/uploads\\\/2011\\\/06\\\/AC-LANESTER-FORM-COUL-2011.jpg\",\"articleSection\":[\"AC LANESTER 56\",\"Actualit\u00e9s DN\"],\"inLanguage\":\"fr-FR\",\"potentialAction\":[{\"@type\":\"CommentAction\",\"name\":\"Comment\",\"target\":[\"https:\\\/\\\/www.aclanester56.com\\\/velo\\\/depart-de-rodolphe-henry\\\/#respond\"]}]},{\"@type\":\"WebPage\",\"@id\":\"https:\\\/\\\/www.aclanester56.com\\\/velo\\\/depart-de-rodolphe-henry\\\/\",\"url\":\"https:\\\/\\\/www.aclanester56.com\\\/velo\\\/depart-de-rodolphe-henry\\\/\",\"name\":\"D\u00e9part de Rodolphe Henry - Avenir Cycliste Lanester 56\",\"isPartOf\":{\"@id\":\"https:\\\/\\\/www.aclanester56.com\\\/velo\\\/#website\"},\"primaryImageOfPage\":{\"@id\":\"https:\\\/\\\/www.aclanester56.com\\\/velo\\\/depart-de-rodolphe-henry\\\/#primaryimage\"},\"image\":{\"@id\":\"https:\\\/\\\/www.aclanester56.com\\\/velo\\\/depart-de-rodolphe-henry\\\/#primaryimage\"},\"thumbnailUrl\":\"https:\\\/\\\/www.aclanester56.com\\\/velo\\\/wp-content\\\/uploads\\\/2011\\\/06\\\/AC-LANESTER-FORM-COUL-2011.jpg\",\"datePublished\":\"2011-06-04T07:29:19+00:00\",\"dateModified\":\"2011-06-10T16:38:38+00:00\",\"inLanguage\":\"fr-FR\",\"potentialAction\":[{\"@type\":\"ReadAction\",\"target\":[\"https:\\\/\\\/www.aclanester56.com\\\/velo\\\/depart-de-rodolphe-henry\\\/\"]}]},{\"@type\":\"ImageObject\",\"inLanguage\":\"fr-FR\",\"@id\":\"https:\\\/\\\/www.aclanester56.com\\\/velo\\\/depart-de-rodolphe-henry\\\/#primaryimage\",\"url\":\"https:\\\/\\\/www.aclanester56.com\\\/velo\\\/wp-content\\\/uploads\\\/2011\\\/06\\\/AC-LANESTER-FORM-COUL-2011.jpg\",\"contentUrl\":\"https:\\\/\\\/www.aclanester56.com\\\/velo\\\/wp-content\\\/uploads\\\/2011\\\/06\\\/AC-LANESTER-FORM-COUL-2011.jpg\",\"width\":650,\"height\":300},{\"@type\":\"WebSite\",\"@id\":\"https:\\\/\\\/www.aclanester56.com\\\/velo\\\/#website\",\"url\":\"https:\\\/\\\/www.aclanester56.com\\\/velo\\\/\",\"name\":\"Avenir Cycliste Lanester 56\",\"description\":\"Club cycliste de l&#039;AC LANESTER 56\",\"publisher\":{\"@id\":\"https:\\\/\\\/www.aclanester56.com\\\/velo\\\/#organization\"},\"potentialAction\":[{\"@type\":\"SearchAction\",\"target\":{\"@type\":\"EntryPoint\",\"urlTemplate\":\"https:\\\/\\\/www.aclanester56.com\\\/velo\\\/?s={search_term_string}\"},\"query-input\":{\"@type\":\"PropertyValueSpecification\",\"valueRequired\":true,\"valueName\":\"search_term_string\"}}],\"inLanguage\":\"fr-FR\"},{\"@type\":\"Organization\",\"@id\":\"https:\\\/\\\/www.aclanester56.com\\\/velo\\\/#organization\",\"name\":\"Avenir Cycliste Lanester 56\",\"url\":\"https:\\\/\\\/www.aclanester56.com\\\/velo\\\/\",\"logo\":{\"@type\":\"ImageObject\",\"inLanguage\":\"fr-FR\",\"@id\":\"https:\\\/\\\/www.aclanester56.com\\\/velo\\\/#\\\/schema\\\/logo\\\/image\\\/\",\"url\":\"https:\\\/\\\/www.aclanester56.com\\\/velo\\\/wp-content\\\/uploads\\\/2013\\\/04\\\/logo-ACL.jpg\",\"contentUrl\":\"https:\\\/\\\/www.aclanester56.com\\\/velo\\\/wp-content\\\/uploads\\\/2013\\\/04\\\/logo-ACL.jpg\",\"width\":400,\"height\":334,\"caption\":\"Avenir Cycliste Lanester 56\"},\"image\":{\"@id\":\"https:\\\/\\\/www.aclanester56.com\\\/velo\\\/#\\\/schema\\\/logo\\\/image\\\/\"},\"sameAs\":[\"https:\\\/\\\/www.facebook.com\\\/pages\\\/AC-Lanester-56\\\/190286300991242?fref=ts\"]},{\"@type\":\"Person\",\"@id\":\"https:\\\/\\\/www.aclanester56.com\\\/velo\\\/#\\\/schema\\\/person\\\/ca2a44a5fd969e9dd846c72d3b33bc01\",\"name\":\"Jean-Christophe\",\"url\":\"https:\\\/\\\/www.aclanester56.com\\\/velo\\\/author\\\/jeanchristophe\\\/\"}]}<\/script>\n<!-- \/ Yoast SEO plugin. -->","yoast_head_json":{"title":"D\u00e9part de Rodolphe Henry - Avenir Cycliste Lanester 56","robots":{"index":"index","follow":"follow","max-snippet":"max-snippet:-1","max-image-preview":"max-image-preview:large","max-video-preview":"max-video-preview:-1"},"canonical":"https:\/\/www.aclanester56.com\/velo\/depart-de-rodolphe-henry\/","og_locale":"fr_FR","og_type":"article","og_title":"D\u00e9part de Rodolphe Henry - Avenir Cycliste Lanester 56","og_description":"Apr\u00e8s huit ans d&rsquo;implication, Rodolphe HENRY a souhait\u00e9 mettre fin \u00e0 sa mission \u00e0 l&rsquo;AC LANESTER 56.","og_url":"https:\/\/www.aclanester56.com\/velo\/depart-de-rodolphe-henry\/","og_site_name":"Avenir Cycliste Lanester 56","article_publisher":"https:\/\/www.facebook.com\/pages\/AC-Lanester-56\/190286300991242?fref=ts","article_published_time":"2011-06-04T07:29:19+00:00","article_modified_time":"2011-06-10T16:38:38+00:00","og_image":[{"width":650,"height":300,"url":"https:\/\/www.aclanester56.com\/velo\/wp-content\/uploads\/2011\/06\/AC-LANESTER-FORM-COUL-2011.jpg","type":"image\/jpeg"}],"author":"Jean-Christophe","twitter_misc":{"\u00c9crit par":"Jean-Christophe","Dur\u00e9e de lecture estim\u00e9e":"1 minute"},"schema":{"@context":"https:\/\/schema.org","@graph":[{"@type":"Article","@id":"https:\/\/www.aclanester56.com\/velo\/depart-de-rodolphe-henry\/#article","isPartOf":{"@id":"https:\/\/www.aclanester56.com\/velo\/depart-de-rodolphe-henry\/"},"author":{"name":"Jean-Christophe","@id":"https:\/\/www.aclanester56.com\/velo\/#\/schema\/person\/ca2a44a5fd969e9dd846c72d3b33bc01"},"headline":"D\u00e9part de Rodolphe Henry","datePublished":"2011-06-04T07:29:19+00:00","dateModified":"2011-06-10T16:38:38+00:00","mainEntityOfPage":{"@id":"https:\/\/www.aclanester56.com\/velo\/depart-de-rodolphe-henry\/"},"wordCount":189,"commentCount":1,"publisher":{"@id":"https:\/\/www.aclanester56.com\/velo\/#organization"},"image":{"@id":"https:\/\/www.aclanester56.com\/velo\/depart-de-rodolphe-henry\/#primaryimage"},"thumbnailUrl":"https:\/\/www.aclanester56.com\/velo\/wp-content\/uploads\/2011\/06\/AC-LANESTER-FORM-COUL-2011.jpg","articleSection":["AC LANESTER 56","Actualit\u00e9s DN"],"inLanguage":"fr-FR","potentialAction":[{"@type":"CommentAction","name":"Comment","target":["https:\/\/www.aclanester56.com\/velo\/depart-de-rodolphe-henry\/#respond"]}]},{"@type":"WebPage","@id":"https:\/\/www.aclanester56.com\/velo\/depart-de-rodolphe-henry\/","url":"https:\/\/www.aclanester56.com\/velo\/depart-de-rodolphe-henry\/","name":"D\u00e9part de Rodolphe Henry - Avenir Cycliste Lanester 56","isPartOf":{"@id":"https:\/\/www.aclanester56.com\/velo\/#website"},"primaryImageOfPage":{"@id":"https:\/\/www.aclanester56.com\/velo\/depart-de-rodolphe-henry\/#primaryimage"},"image":{"@id":"https:\/\/www.aclanester56.com\/velo\/depart-de-rodolphe-henry\/#primaryimage"},"thumbnailUrl":"https:\/\/www.aclanester56.com\/velo\/wp-content\/uploads\/2011\/06\/AC-LANESTER-FORM-COUL-2011.jpg","datePublished":"2011-06-04T07:29:19+00:00","dateModified":"2011-06-10T16:38:38+00:00","inLanguage":"fr-FR","potentialAction":[{"@type":"ReadAction","target":["https:\/\/www.aclanester56.com\/velo\/depart-de-rodolphe-henry\/"]}]},{"@type":"ImageObject","inLanguage":"fr-FR","@id":"https:\/\/www.aclanester56.com\/velo\/depart-de-rodolphe-henry\/#primaryimage","url":"https:\/\/www.aclanester56.com\/velo\/wp-content\/uploads\/2011\/06\/AC-LANESTER-FORM-COUL-2011.jpg","contentUrl":"https:\/\/www.aclanester56.com\/velo\/wp-content\/uploads\/2011\/06\/AC-LANESTER-FORM-COUL-2011.jpg","width":650,"height":300},{"@type":"WebSite","@id":"https:\/\/www.aclanester56.com\/velo\/#website","url":"https:\/\/www.aclanester56.com\/velo\/","name":"Avenir Cycliste Lanester 56","description":"Club cycliste de l&#039;AC LANESTER 56","publisher":{"@id":"https:\/\/www.aclanester56.com\/velo\/#organization"},"potentialAction":[{"@type":"SearchAction","target":{"@type":"EntryPoint","urlTemplate":"https:\/\/www.aclanester56.com\/velo\/?s={search_term_string}"},"query-input":{"@type":"PropertyValueSpecification","valueRequired":true,"valueName":"search_term_string"}}],"inLanguage":"fr-FR"},{"@type":"Organization","@id":"https:\/\/www.aclanester56.com\/velo\/#organization","name":"Avenir Cycliste Lanester 56","url":"https:\/\/www.aclanester56.com\/velo\/","logo":{"@type":"ImageObject","inLanguage":"fr-FR","@id":"https:\/\/www.aclanester56.com\/velo\/#\/schema\/logo\/image\/","url":"https:\/\/www.aclanester56.com\/velo\/wp-content\/uploads\/2013\/04\/logo-ACL.jpg","contentUrl":"https:\/\/www.aclanester56.com\/velo\/wp-content\/uploads\/2013\/04\/logo-ACL.jpg","width":400,"height":334,"caption":"Avenir Cycliste Lanester 56"},"image":{"@id":"https:\/\/www.aclanester56.com\/velo\/#\/schema\/logo\/image\/"},"sameAs":["https:\/\/www.facebook.com\/pages\/AC-Lanester-56\/190286300991242?fref=ts"]},{"@type":"Person","@id":"https:\/\/www.aclanester56.com\/velo\/#\/schema\/person\/ca2a44a5fd969e9dd846c72d3b33bc01","name":"Jean-Christophe","url":"https:\/\/www.aclanester56.com\/velo\/author\/jeanchristophe\/"}]}},"_links":{"self":[{"href":"https:\/\/www.aclanester56.com\/velo\/wp-json\/wp\/v2\/posts\/8812","targetHints":{"allow":["GET"]}}],"collection":[{"href":"https:\/\/www.aclanester56.com\/velo\/wp-json\/wp\/v2\/posts"}],"about":[{"href":"https:\/\/www.aclanester56.com\/velo\/wp-json\/wp\/v2\/types\/post"}],"author":[{"embeddable":true,"href":"https:\/\/www.aclanester56.com\/velo\/wp-json\/wp\/v2\/users\/14"}],"replies":[{"embeddable":true,"href":"https:\/\/www.aclanester56.com\/velo\/wp-json\/wp\/v2\/comments?post=8812"}],"version-history":[{"count":0,"href":"https:\/\/www.aclanester56.com\/velo\/wp-json\/wp\/v2\/posts\/8812\/revisions"}],"wp:featuredmedia":[{"embeddable":true,"href":"https:\/\/www.aclanester56.com\/velo\/wp-json\/wp\/v2\/media\/8818"}],"wp:attachment":[{"href":"https:\/\/www.aclanester56.com\/velo\/wp-json\/wp\/v2\/media?parent=8812"}],"wp:term":[{"taxonomy":"category","embeddable":true,"href":"https:\/\/www.aclanester56.com\/velo\/wp-json\/wp\/v2\/categories?post=8812"},{"taxonomy":"post_tag","embeddable":true,"href":"https:\/\/www.aclanester56.com\/velo\/wp-json\/wp\/v2\/tags?post=8812"}],"curies":[{"name":"wp","href":"https:\/\/api.w.org\/{rel}","templated":true}]}}