{"id":8822,"date":"2011-06-07T07:16:51","date_gmt":"2011-06-07T06:16:51","guid":{"rendered":"http:\/\/www.aclanester56.com\/velo\/?p=8822"},"modified":"2011-06-10T17:36:16","modified_gmt":"2011-06-10T16:36:16","slug":"st-donan-a-mira-champion-de-bretagne-2eme-categories","status":"publish","type":"post","link":"https:\/\/www.aclanester56.com\/velo\/st-donan-a-mira-champion-de-bretagne-2eme-categories\/","title":{"rendered":"St Donan : A. Mira champion de Bretagne 2\u00e8me cat\u00e9gories !"},"content":{"rendered":"<div id=\"attachment_8823\" style=\"width: 238px\" class=\"wp-caption alignleft\"><a href=\"http:\/\/www.aclanester56.com\/velo\/wp-content\/uploads\/2011\/06\/Anthony-MIRA.jpg\" ><img loading=\"lazy\" decoding=\"async\" aria-describedby=\"caption-attachment-8823\" src=\"http:\/\/www.aclanester56.com\/velo\/wp-content\/uploads\/2011\/06\/Anthony-MIRA.jpg\" alt=\"\" title=\"Anthony MIRA, ayant fait toute la course en t\u00eate, est r\u00e9compens\u00e9 par le titre de champion de Bretagne des 2\u00e8me cat\u00e9gorie (photo www.bretagne-cyclisme.com)\" width=\"228\" height=\"300\" class=\"size-full wp-image-8823\" srcset=\"https:\/\/www.aclanester56.com\/velo\/wp-content\/uploads\/2011\/06\/Anthony-MIRA.jpg 457w, https:\/\/www.aclanester56.com\/velo\/wp-content\/uploads\/2011\/06\/Anthony-MIRA-228x300.jpg 228w\" sizes=\"auto, (max-width: 228px) 100vw, 228px\" \/><\/a><p id=\"caption-attachment-8823\" class=\"wp-caption-text\">Anthony MIRA, ayant fait toute la course en t\u00eate, est r\u00e9compens\u00e9 par le titre de champion de Bretagne des 2\u00e8me cat\u00e9gorie (photo www.bretagne-cyclisme.com)<\/p><\/div>\n<p style=\"text-align: justify;\">Saint Donan, dans les C\u00f4tes d&rsquo;Armor, accueillait dimanche les championnats de Bretagne pour les coureurs de 1\u00e8re, 2\u00e8me cat\u00e9gorie et espoirs. Les Lanest\u00e9riens ont \u00e9t\u00e9 tr\u00e8s pr\u00e9sents sur cette \u00e9preuve usante, conclue par une belle 4\u00e8me place de Yann RAULT et le maillot \u00e0 hermines ramen\u00e9 par Anthony MIRA chez les 2\u00e8me cat\u00e9gorie !<\/p>\n<p><!--more--><\/p>\n<p>&nbsp;<br \/>\n&nbsp;<\/p>\n<p style=\"text-align: justify;\"><span style=\"color: #ff6600;\"><strong>Mira devant d\u00e8s le d\u00e9but de course<\/strong><\/span><\/p>\n<p style=\"text-align: justify;\">Pr\u00e8s de 160 coureurs se sont \u00e9lanc\u00e9s pour 150 kilom\u00e8tres de course dans la grisaille de St Donan. Une dizaine de coureurs se lancent dans la bataille d\u00e8s le 2\u00e8me d\u00e8s 18 tours de circuit : le jeune Anthony MIRA repr\u00e9sente l&rsquo;AC LANESTER 56 dans cette \u00e9chapp\u00e9e qui compte \u00e9galement de sacr\u00e9s clients comme MALLEGOL (BIC 2000) ou LOUYEST et RENAULT (SOJASUN ESPOIR). L&rsquo;\u00e9cart va monter lentement, mais ne d\u00e9passera jamais les 1&rsquo;40.<\/p>\n<p style=\"text-align: justify;\"><strong><span style=\"color: #ff6600;\">Ragot et Gu\u00e9go, puis Rault dans les \u00ab\u00a0contres\u00a0\u00bb<\/span><\/strong><\/p>\n<p style=\"text-align: justify;\">A mi-course, Vincent RAGOT et Vincent GUEGO prennent place dans une contre-attaque qui r\u00e9duit rapidement l&rsquo;\u00e9cart avec la t\u00eate. Les deux coureurs de l&rsquo;AC LANESTER 56 semblent tr\u00e8s en jambes et le peloton ne l&rsquo;entend pas de cette oreille et r\u00e9alise la jonction avec le groupe de contre. Une nouvelle contre-attaque se forme avec cette fois le Lanest\u00e9rien Yann RAULT. Les \u00e9carts entre les diff\u00e9rents groupes restent tr\u00e8s faibles et le \u00ab\u00a0contre\u00a0\u00bb&lsquo; va reprendre l&rsquo;\u00e9chapp\u00e9e.<\/p>\n<div id=\"attachment_8826\" style=\"width: 310px\" class=\"wp-caption alignright\"><a href=\"http:\/\/www.aclanester56.com\/velo\/wp-content\/uploads\/2011\/06\/Yann-RAULT.jpg\" ><img loading=\"lazy\" decoding=\"async\" aria-describedby=\"caption-attachment-8826\" src=\"http:\/\/www.aclanester56.com\/velo\/wp-content\/uploads\/2011\/06\/Yann-RAULT.jpg\" alt=\"\" title=\"De tous les coups dans le final, Yann RAULT termine au pied du podium (photo www.bretagne-cyclisme.com)\" width=\"300\" height=\"266\" class=\"size-full wp-image-8826\" srcset=\"https:\/\/www.aclanester56.com\/velo\/wp-content\/uploads\/2011\/06\/Yann-RAULT.jpg 600w, https:\/\/www.aclanester56.com\/velo\/wp-content\/uploads\/2011\/06\/Yann-RAULT-300x266.jpg 300w, https:\/\/www.aclanester56.com\/velo\/wp-content\/uploads\/2011\/06\/Yann-RAULT-337x300.jpg 337w\" sizes=\"auto, (max-width: 300px) 100vw, 300px\" \/><\/a><p id=\"caption-attachment-8826\" class=\"wp-caption-text\">De tous les coups dans le final, Yann RAULT termine au pied du podium (photo www.bretagne-cyclisme.com)<\/p><\/div>\n<p style=\"text-align: justify;\"><span style=\"color: #ff6600;\"><strong>Rault dans le quatuor final<\/strong><\/span><\/p>\n<p style=\"text-align: justify;\">A l&rsquo;amorce du dernier tour, Yann RAULT se d\u00e9tache avec Edouard LOUYEST (SOJASUN ESPOIR) et Florent MALLEGOL et Anthony VIGNES (BIC2000). Les attaques se succ\u00e8dent dans le quatuor de t\u00eate et le Lanest\u00e9rien Yann RAULT se montre tr\u00e8s\u00a0vigilant, ne laissant partir personne sans l&rsquo;accompagner. A 1 Km de l&rsquo;arriv\u00e9e, il se trouve encore en t\u00eate et dans le camp lanest\u00e9rien, tout le monde croit en ses chances pour l&#8217;emporter au sprint dans la petite c\u00f4te d&rsquo;arriv\u00e9e.<\/p>\n<p style=\"text-align: justify;\"><span style=\"color: #ff6600;\"><strong>Mira champion de Bretagne des 2\u00e8me cat\u00e9gorie !<\/strong><\/span><\/p>\n<p style=\"text-align: justify;\">Finalement, c&rsquo;est Anthony VIGNES qui se montre le plus frais et remporte le titre de champion de Bretagne 2011 devant son co\u00e9quipier Florent MALLEGOL (BIC 2000) et le r\u00e9cent vainqueur du TRO DIV STER Edouard LOUYEST (SOJASUN ESPOIR). Auteur d&rsquo;une tr\u00e8s belle course et payant peut-\u00eatre ses nombreux efforts dans le final, Yann RAULT prend tout de m\u00eame une belle 4\u00e8me place. Le jeune Anthony MIRA, 3\u00e8me du championnat de France junior l&rsquo;an pass\u00e9, confirme tout son talent en terminant 7\u00e8me en ayant pass\u00e9 toute la course sur le devant de la sc\u00e8ne, et surtout en remportant le titre de champion de Bretagne des 2\u00e8me cat\u00e9gorie !<\/p>\n<div id=\"attachment_8828\" style=\"width: 310px\" class=\"wp-caption alignright\"><a href=\"http:\/\/www.aclanester56.com\/velo\/wp-content\/uploads\/2011\/06\/podium-Miraz.jpg\" ><img loading=\"lazy\" decoding=\"async\" aria-describedby=\"caption-attachment-8828\" src=\"http:\/\/www.aclanester56.com\/velo\/wp-content\/uploads\/2011\/06\/podium-Miraz.jpg\" alt=\"\" title=\"Le Lanest\u00e9rien Anthony MIRA ram\u00e8ne un maillot \u00e0 hermines ! (photo www.bretagne-cyclisme.com)\" width=\"300\" height=\"228\" class=\"size-full wp-image-8828\" srcset=\"https:\/\/www.aclanester56.com\/velo\/wp-content\/uploads\/2011\/06\/podium-Miraz.jpg 600w, https:\/\/www.aclanester56.com\/velo\/wp-content\/uploads\/2011\/06\/podium-Miraz-300x228.jpg 300w, https:\/\/www.aclanester56.com\/velo\/wp-content\/uploads\/2011\/06\/podium-Miraz-394x300.jpg 394w\" sizes=\"auto, (max-width: 300px) 100vw, 300px\" \/><\/a><p id=\"caption-attachment-8828\" class=\"wp-caption-text\">Le Lanest\u00e9rien Anthony MIRA ram\u00e8ne un maillot \u00e0 hermines ! (photo www.bretagne-cyclisme.com)<\/p><\/div>\n<p><span style=\"text-decoration: underline;\"><strong>Classement :<\/strong><\/span><br \/>\n<em><strong>1\u00a0\u00a0VIGNES Anthony\u00a0BIC 2000<br \/>\n2\u00a0\u00a0MALLEGOL Florent\u00a0BIC 2000 1er espoir<\/strong><\/em><br \/>\n3\u00a0\u00a0LOUYEST Edouard\u00a0Sojasun Espoir ACNC 2e espoir<br \/>\n<span style=\"background-color: #ff6600;\">4\u00a0\u00a0RAULT Yann\u00a0AC Lanester 56<\/span><br \/>\n5\u00a0\u00a0RENAULT Maxime\u00a0Sojasun Espoir ACNC 3e espoir<br \/>\n6\u00a0\u00a0DANIEL Maxime\u00a0Sojasun Espoir ACNC<br \/>\n<span style=\"background-color: #ff6600;\"><em><strong>7\u00a0\u00a0MIRA Anthony\u00a0AC Lanester 56 1er des 2e cat\u00e9gorie<\/strong><\/em><\/span><br \/>\n8\u00a0\u00a0BIHEL C\u00e9sar\u00a0C\u00f4tes d&rsquo;Armor Cyclisme<br \/>\n9\u00a0\u00a0LE GUEVEL Simon\u00a0Hennebont Cyclisme<br \/>\n10\u00a0\u00a0FILLAUT Miguel\u00a0ASPTT Rennes 2e des 2e cat\u00e9gorie<br \/>\n<span style=\"background-color: #ff6600;\">47\u00a0\u00a0GAULTIER Matthieu\u00a0AC Lanester 56<\/span><br \/>\n<span style=\"background-color: #ff6600;\">56\u00a0\u00a0SADOUDI K\u00e9vin\u00a0AC Lanester 56<\/span><br \/>\n<span style=\"background-color: #ff6600;\">68\u00a0\u00a0NIVINOU Ma\u00ebl\u00a0AC Lanester 56<\/span><br \/>\n<span style=\"background-color: #ff6600;\">79\u00a0\u00a0POILVET Ludovic\u00a0AC Lanester 56<\/span><br \/>\n<span style=\"background-color: #ff6600;\">80\u00a0\u00a0RAGOT Vincent\u00a0AC Lanester 56<\/span><\/p>\n<p>&nbsp;<\/p>\n","protected":false},"excerpt":{"rendered":"<p>Saint Donan, dans les C\u00f4tes d&rsquo;Armor, accueillait dimanche les championnats de Bretagne pour les coureurs de 1\u00e8re, 2\u00e8me cat\u00e9gorie et [&hellip;]<\/p>\n","protected":false},"author":14,"featured_media":8831,"comment_status":"open","ping_status":"closed","sticky":false,"template":"","format":"standard","meta":{"ngg_post_thumbnail":0,"footnotes":""},"categories":[5,14,16,19,17],"tags":[],"class_list":["post-8822","post","type-post","status-publish","format-standard","has-post-thumbnail","hentry","category-ac-lanester-56","category-actualites-dn","category-resultats","category-resultats-2eme-categorie","category-resultats-dn"],"yoast_head":"<!-- This site is optimized with the Yoast SEO plugin v27.5 - https:\/\/yoast.com\/product\/yoast-seo-wordpress\/ -->\n<title>St Donan : A. Mira champion de Bretagne 2\u00e8me cat\u00e9gories ! - Avenir Cycliste Lanester 56<\/title>\n<meta name=\"robots\" content=\"index, follow, max-snippet:-1, max-image-preview:large, max-video-preview:-1\" \/>\n<link rel=\"canonical\" href=\"https:\/\/www.aclanester56.com\/velo\/st-donan-a-mira-champion-de-bretagne-2eme-categories\/\" \/>\n<meta property=\"og:locale\" content=\"fr_FR\" \/>\n<meta property=\"og:type\" content=\"article\" \/>\n<meta property=\"og:title\" content=\"St Donan : A. Mira champion de Bretagne 2\u00e8me cat\u00e9gories ! - Avenir Cycliste Lanester 56\" \/>\n<meta property=\"og:description\" content=\"Saint Donan, dans les C\u00f4tes d&rsquo;Armor, accueillait dimanche les championnats de Bretagne pour les coureurs de 1\u00e8re, 2\u00e8me cat\u00e9gorie et [&hellip;]\" \/>\n<meta property=\"og:url\" content=\"https:\/\/www.aclanester56.com\/velo\/st-donan-a-mira-champion-de-bretagne-2eme-categories\/\" \/>\n<meta property=\"og:site_name\" content=\"Avenir Cycliste Lanester 56\" \/>\n<meta property=\"article:publisher\" content=\"https:\/\/www.facebook.com\/pages\/AC-Lanester-56\/190286300991242?fref=ts\" \/>\n<meta property=\"article:published_time\" content=\"2011-06-07T06:16:51+00:00\" \/>\n<meta property=\"article:modified_time\" content=\"2011-06-10T16:36:16+00:00\" \/>\n<meta property=\"og:image\" content=\"https:\/\/www.aclanester56.com\/velo\/wp-content\/uploads\/2011\/06\/podium-Miraz-Copie1.jpg\" \/>\n\t<meta property=\"og:image:width\" content=\"650\" \/>\n\t<meta property=\"og:image:height\" content=\"301\" \/>\n\t<meta property=\"og:image:type\" content=\"image\/jpeg\" \/>\n<meta name=\"author\" content=\"Jean-Christophe\" \/>\n<meta name=\"twitter:label1\" content=\"\u00c9crit par\" \/>\n\t<meta name=\"twitter:data1\" content=\"Jean-Christophe\" \/>\n\t<meta name=\"twitter:label2\" content=\"Dur\u00e9e de lecture estim\u00e9e\" \/>\n\t<meta name=\"twitter:data2\" content=\"3 minutes\" \/>\n<script type=\"application\/ld+json\" class=\"yoast-schema-graph\">{\"@context\":\"https:\\\/\\\/schema.org\",\"@graph\":[{\"@type\":\"Article\",\"@id\":\"https:\\\/\\\/www.aclanester56.com\\\/velo\\\/st-donan-a-mira-champion-de-bretagne-2eme-categories\\\/#article\",\"isPartOf\":{\"@id\":\"https:\\\/\\\/www.aclanester56.com\\\/velo\\\/st-donan-a-mira-champion-de-bretagne-2eme-categories\\\/\"},\"author\":{\"name\":\"Jean-Christophe\",\"@id\":\"https:\\\/\\\/www.aclanester56.com\\\/velo\\\/#\\\/schema\\\/person\\\/ca2a44a5fd969e9dd846c72d3b33bc01\"},\"headline\":\"St Donan : A. Mira champion de Bretagne 2\u00e8me cat\u00e9gories !\",\"datePublished\":\"2011-06-07T06:16:51+00:00\",\"dateModified\":\"2011-06-10T16:36:16+00:00\",\"mainEntityOfPage\":{\"@id\":\"https:\\\/\\\/www.aclanester56.com\\\/velo\\\/st-donan-a-mira-champion-de-bretagne-2eme-categories\\\/\"},\"wordCount\":629,\"commentCount\":3,\"publisher\":{\"@id\":\"https:\\\/\\\/www.aclanester56.com\\\/velo\\\/#organization\"},\"image\":{\"@id\":\"https:\\\/\\\/www.aclanester56.com\\\/velo\\\/st-donan-a-mira-champion-de-bretagne-2eme-categories\\\/#primaryimage\"},\"thumbnailUrl\":\"https:\\\/\\\/www.aclanester56.com\\\/velo\\\/wp-content\\\/uploads\\\/2011\\\/06\\\/podium-Miraz-Copie1.jpg\",\"articleSection\":[\"AC LANESTER 56\",\"Actualit\u00e9s DN\",\"R\u00e9sultats\",\"R\u00e9sultats 2eme cat\u00e9gorie\",\"R\u00e9sultats DN\"],\"inLanguage\":\"fr-FR\",\"potentialAction\":[{\"@type\":\"CommentAction\",\"name\":\"Comment\",\"target\":[\"https:\\\/\\\/www.aclanester56.com\\\/velo\\\/st-donan-a-mira-champion-de-bretagne-2eme-categories\\\/#respond\"]}]},{\"@type\":\"WebPage\",\"@id\":\"https:\\\/\\\/www.aclanester56.com\\\/velo\\\/st-donan-a-mira-champion-de-bretagne-2eme-categories\\\/\",\"url\":\"https:\\\/\\\/www.aclanester56.com\\\/velo\\\/st-donan-a-mira-champion-de-bretagne-2eme-categories\\\/\",\"name\":\"St Donan : A. Mira champion de Bretagne 2\u00e8me cat\u00e9gories ! - Avenir Cycliste Lanester 56\",\"isPartOf\":{\"@id\":\"https:\\\/\\\/www.aclanester56.com\\\/velo\\\/#website\"},\"primaryImageOfPage\":{\"@id\":\"https:\\\/\\\/www.aclanester56.com\\\/velo\\\/st-donan-a-mira-champion-de-bretagne-2eme-categories\\\/#primaryimage\"},\"image\":{\"@id\":\"https:\\\/\\\/www.aclanester56.com\\\/velo\\\/st-donan-a-mira-champion-de-bretagne-2eme-categories\\\/#primaryimage\"},\"thumbnailUrl\":\"https:\\\/\\\/www.aclanester56.com\\\/velo\\\/wp-content\\\/uploads\\\/2011\\\/06\\\/podium-Miraz-Copie1.jpg\",\"datePublished\":\"2011-06-07T06:16:51+00:00\",\"dateModified\":\"2011-06-10T16:36:16+00:00\",\"inLanguage\":\"fr-FR\",\"potentialAction\":[{\"@type\":\"ReadAction\",\"target\":[\"https:\\\/\\\/www.aclanester56.com\\\/velo\\\/st-donan-a-mira-champion-de-bretagne-2eme-categories\\\/\"]}]},{\"@type\":\"ImageObject\",\"inLanguage\":\"fr-FR\",\"@id\":\"https:\\\/\\\/www.aclanester56.com\\\/velo\\\/st-donan-a-mira-champion-de-bretagne-2eme-categories\\\/#primaryimage\",\"url\":\"https:\\\/\\\/www.aclanester56.com\\\/velo\\\/wp-content\\\/uploads\\\/2011\\\/06\\\/podium-Miraz-Copie1.jpg\",\"contentUrl\":\"https:\\\/\\\/www.aclanester56.com\\\/velo\\\/wp-content\\\/uploads\\\/2011\\\/06\\\/podium-Miraz-Copie1.jpg\",\"width\":650,\"height\":301},{\"@type\":\"WebSite\",\"@id\":\"https:\\\/\\\/www.aclanester56.com\\\/velo\\\/#website\",\"url\":\"https:\\\/\\\/www.aclanester56.com\\\/velo\\\/\",\"name\":\"Avenir Cycliste Lanester 56\",\"description\":\"Club cycliste de l&#039;AC LANESTER 56\",\"publisher\":{\"@id\":\"https:\\\/\\\/www.aclanester56.com\\\/velo\\\/#organization\"},\"potentialAction\":[{\"@type\":\"SearchAction\",\"target\":{\"@type\":\"EntryPoint\",\"urlTemplate\":\"https:\\\/\\\/www.aclanester56.com\\\/velo\\\/?s={search_term_string}\"},\"query-input\":{\"@type\":\"PropertyValueSpecification\",\"valueRequired\":true,\"valueName\":\"search_term_string\"}}],\"inLanguage\":\"fr-FR\"},{\"@type\":\"Organization\",\"@id\":\"https:\\\/\\\/www.aclanester56.com\\\/velo\\\/#organization\",\"name\":\"Avenir Cycliste Lanester 56\",\"url\":\"https:\\\/\\\/www.aclanester56.com\\\/velo\\\/\",\"logo\":{\"@type\":\"ImageObject\",\"inLanguage\":\"fr-FR\",\"@id\":\"https:\\\/\\\/www.aclanester56.com\\\/velo\\\/#\\\/schema\\\/logo\\\/image\\\/\",\"url\":\"https:\\\/\\\/www.aclanester56.com\\\/velo\\\/wp-content\\\/uploads\\\/2013\\\/04\\\/logo-ACL.jpg\",\"contentUrl\":\"https:\\\/\\\/www.aclanester56.com\\\/velo\\\/wp-content\\\/uploads\\\/2013\\\/04\\\/logo-ACL.jpg\",\"width\":400,\"height\":334,\"caption\":\"Avenir Cycliste Lanester 56\"},\"image\":{\"@id\":\"https:\\\/\\\/www.aclanester56.com\\\/velo\\\/#\\\/schema\\\/logo\\\/image\\\/\"},\"sameAs\":[\"https:\\\/\\\/www.facebook.com\\\/pages\\\/AC-Lanester-56\\\/190286300991242?fref=ts\"]},{\"@type\":\"Person\",\"@id\":\"https:\\\/\\\/www.aclanester56.com\\\/velo\\\/#\\\/schema\\\/person\\\/ca2a44a5fd969e9dd846c72d3b33bc01\",\"name\":\"Jean-Christophe\",\"url\":\"https:\\\/\\\/www.aclanester56.com\\\/velo\\\/author\\\/jeanchristophe\\\/\"}]}<\/script>\n<!-- \/ Yoast SEO plugin. -->","yoast_head_json":{"title":"St Donan : A. Mira champion de Bretagne 2\u00e8me cat\u00e9gories ! - Avenir Cycliste Lanester 56","robots":{"index":"index","follow":"follow","max-snippet":"max-snippet:-1","max-image-preview":"max-image-preview:large","max-video-preview":"max-video-preview:-1"},"canonical":"https:\/\/www.aclanester56.com\/velo\/st-donan-a-mira-champion-de-bretagne-2eme-categories\/","og_locale":"fr_FR","og_type":"article","og_title":"St Donan : A. Mira champion de Bretagne 2\u00e8me cat\u00e9gories ! - Avenir Cycliste Lanester 56","og_description":"Saint Donan, dans les C\u00f4tes d&rsquo;Armor, accueillait dimanche les championnats de Bretagne pour les coureurs de 1\u00e8re, 2\u00e8me cat\u00e9gorie et [&hellip;]","og_url":"https:\/\/www.aclanester56.com\/velo\/st-donan-a-mira-champion-de-bretagne-2eme-categories\/","og_site_name":"Avenir Cycliste Lanester 56","article_publisher":"https:\/\/www.facebook.com\/pages\/AC-Lanester-56\/190286300991242?fref=ts","article_published_time":"2011-06-07T06:16:51+00:00","article_modified_time":"2011-06-10T16:36:16+00:00","og_image":[{"width":650,"height":301,"url":"https:\/\/www.aclanester56.com\/velo\/wp-content\/uploads\/2011\/06\/podium-Miraz-Copie1.jpg","type":"image\/jpeg"}],"author":"Jean-Christophe","twitter_misc":{"\u00c9crit par":"Jean-Christophe","Dur\u00e9e de lecture estim\u00e9e":"3 minutes"},"schema":{"@context":"https:\/\/schema.org","@graph":[{"@type":"Article","@id":"https:\/\/www.aclanester56.com\/velo\/st-donan-a-mira-champion-de-bretagne-2eme-categories\/#article","isPartOf":{"@id":"https:\/\/www.aclanester56.com\/velo\/st-donan-a-mira-champion-de-bretagne-2eme-categories\/"},"author":{"name":"Jean-Christophe","@id":"https:\/\/www.aclanester56.com\/velo\/#\/schema\/person\/ca2a44a5fd969e9dd846c72d3b33bc01"},"headline":"St Donan : A. Mira champion de Bretagne 2\u00e8me cat\u00e9gories !","datePublished":"2011-06-07T06:16:51+00:00","dateModified":"2011-06-10T16:36:16+00:00","mainEntityOfPage":{"@id":"https:\/\/www.aclanester56.com\/velo\/st-donan-a-mira-champion-de-bretagne-2eme-categories\/"},"wordCount":629,"commentCount":3,"publisher":{"@id":"https:\/\/www.aclanester56.com\/velo\/#organization"},"image":{"@id":"https:\/\/www.aclanester56.com\/velo\/st-donan-a-mira-champion-de-bretagne-2eme-categories\/#primaryimage"},"thumbnailUrl":"https:\/\/www.aclanester56.com\/velo\/wp-content\/uploads\/2011\/06\/podium-Miraz-Copie1.jpg","articleSection":["AC LANESTER 56","Actualit\u00e9s DN","R\u00e9sultats","R\u00e9sultats 2eme cat\u00e9gorie","R\u00e9sultats DN"],"inLanguage":"fr-FR","potentialAction":[{"@type":"CommentAction","name":"Comment","target":["https:\/\/www.aclanester56.com\/velo\/st-donan-a-mira-champion-de-bretagne-2eme-categories\/#respond"]}]},{"@type":"WebPage","@id":"https:\/\/www.aclanester56.com\/velo\/st-donan-a-mira-champion-de-bretagne-2eme-categories\/","url":"https:\/\/www.aclanester56.com\/velo\/st-donan-a-mira-champion-de-bretagne-2eme-categories\/","name":"St Donan : A. Mira champion de Bretagne 2\u00e8me cat\u00e9gories ! - Avenir Cycliste Lanester 56","isPartOf":{"@id":"https:\/\/www.aclanester56.com\/velo\/#website"},"primaryImageOfPage":{"@id":"https:\/\/www.aclanester56.com\/velo\/st-donan-a-mira-champion-de-bretagne-2eme-categories\/#primaryimage"},"image":{"@id":"https:\/\/www.aclanester56.com\/velo\/st-donan-a-mira-champion-de-bretagne-2eme-categories\/#primaryimage"},"thumbnailUrl":"https:\/\/www.aclanester56.com\/velo\/wp-content\/uploads\/2011\/06\/podium-Miraz-Copie1.jpg","datePublished":"2011-06-07T06:16:51+00:00","dateModified":"2011-06-10T16:36:16+00:00","inLanguage":"fr-FR","potentialAction":[{"@type":"ReadAction","target":["https:\/\/www.aclanester56.com\/velo\/st-donan-a-mira-champion-de-bretagne-2eme-categories\/"]}]},{"@type":"ImageObject","inLanguage":"fr-FR","@id":"https:\/\/www.aclanester56.com\/velo\/st-donan-a-mira-champion-de-bretagne-2eme-categories\/#primaryimage","url":"https:\/\/www.aclanester56.com\/velo\/wp-content\/uploads\/2011\/06\/podium-Miraz-Copie1.jpg","contentUrl":"https:\/\/www.aclanester56.com\/velo\/wp-content\/uploads\/2011\/06\/podium-Miraz-Copie1.jpg","width":650,"height":301},{"@type":"WebSite","@id":"https:\/\/www.aclanester56.com\/velo\/#website","url":"https:\/\/www.aclanester56.com\/velo\/","name":"Avenir Cycliste Lanester 56","description":"Club cycliste de l&#039;AC LANESTER 56","publisher":{"@id":"https:\/\/www.aclanester56.com\/velo\/#organization"},"potentialAction":[{"@type":"SearchAction","target":{"@type":"EntryPoint","urlTemplate":"https:\/\/www.aclanester56.com\/velo\/?s={search_term_string}"},"query-input":{"@type":"PropertyValueSpecification","valueRequired":true,"valueName":"search_term_string"}}],"inLanguage":"fr-FR"},{"@type":"Organization","@id":"https:\/\/www.aclanester56.com\/velo\/#organization","name":"Avenir Cycliste Lanester 56","url":"https:\/\/www.aclanester56.com\/velo\/","logo":{"@type":"ImageObject","inLanguage":"fr-FR","@id":"https:\/\/www.aclanester56.com\/velo\/#\/schema\/logo\/image\/","url":"https:\/\/www.aclanester56.com\/velo\/wp-content\/uploads\/2013\/04\/logo-ACL.jpg","contentUrl":"https:\/\/www.aclanester56.com\/velo\/wp-content\/uploads\/2013\/04\/logo-ACL.jpg","width":400,"height":334,"caption":"Avenir Cycliste Lanester 56"},"image":{"@id":"https:\/\/www.aclanester56.com\/velo\/#\/schema\/logo\/image\/"},"sameAs":["https:\/\/www.facebook.com\/pages\/AC-Lanester-56\/190286300991242?fref=ts"]},{"@type":"Person","@id":"https:\/\/www.aclanester56.com\/velo\/#\/schema\/person\/ca2a44a5fd969e9dd846c72d3b33bc01","name":"Jean-Christophe","url":"https:\/\/www.aclanester56.com\/velo\/author\/jeanchristophe\/"}]}},"_links":{"self":[{"href":"https:\/\/www.aclanester56.com\/velo\/wp-json\/wp\/v2\/posts\/8822","targetHints":{"allow":["GET"]}}],"collection":[{"href":"https:\/\/www.aclanester56.com\/velo\/wp-json\/wp\/v2\/posts"}],"about":[{"href":"https:\/\/www.aclanester56.com\/velo\/wp-json\/wp\/v2\/types\/post"}],"author":[{"embeddable":true,"href":"https:\/\/www.aclanester56.com\/velo\/wp-json\/wp\/v2\/users\/14"}],"replies":[{"embeddable":true,"href":"https:\/\/www.aclanester56.com\/velo\/wp-json\/wp\/v2\/comments?post=8822"}],"version-history":[{"count":0,"href":"https:\/\/www.aclanester56.com\/velo\/wp-json\/wp\/v2\/posts\/8822\/revisions"}],"wp:featuredmedia":[{"embeddable":true,"href":"https:\/\/www.aclanester56.com\/velo\/wp-json\/wp\/v2\/media\/8831"}],"wp:attachment":[{"href":"https:\/\/www.aclanester56.com\/velo\/wp-json\/wp\/v2\/media?parent=8822"}],"wp:term":[{"taxonomy":"category","embeddable":true,"href":"https:\/\/www.aclanester56.com\/velo\/wp-json\/wp\/v2\/categories?post=8822"},{"taxonomy":"post_tag","embeddable":true,"href":"https:\/\/www.aclanester56.com\/velo\/wp-json\/wp\/v2\/tags?post=8822"}],"curies":[{"name":"wp","href":"https:\/\/api.w.org\/{rel}","templated":true}]}}