{"id":8837,"date":"2011-06-07T18:58:21","date_gmt":"2011-06-07T17:58:21","guid":{"rendered":"http:\/\/www.aclanester56.com\/velo\/?p=8837"},"modified":"2023-09-04T08:01:25","modified_gmt":"2023-09-04T06:01:25","slug":"resultats-du-week-end-12","status":"publish","type":"post","link":"https:\/\/www.aclanester56.com\/velo\/resultats-du-week-end-12\/","title":{"rendered":"R\u00e9sultats du week-end"},"content":{"rendered":"<div id=\"attachment_8838\" style=\"width: 250px\" class=\"wp-caption alignleft\"><a href=\"https:\/\/www.aclanester56.com\/velo\/wp-content\/uploads\/2011\/06\/Julie-Le-Priellec-Chpt-Bretagne-05-06-2011.jpg\"><img loading=\"lazy\" decoding=\"async\" aria-describedby=\"caption-attachment-8838\" class=\"size-full wp-image-8838\" title=\"La Lanest\u00e9rienne Julie LE PRIELLEC r\u00e9alise une grosse performance en terminant 4\u00e8me du championnat de Bretagne cadettes (photo sportbreizh.com)\" src=\"https:\/\/www.aclanester56.com\/velo\/wp-content\/uploads\/2011\/06\/Julie-Le-Priellec-Chpt-Bretagne-05-06-2011.jpg\" alt=\"\" width=\"240\" height=\"320\" srcset=\"https:\/\/www.aclanester56.com\/velo\/wp-content\/uploads\/2011\/06\/Julie-Le-Priellec-Chpt-Bretagne-05-06-2011.jpg 480w, https:\/\/www.aclanester56.com\/velo\/wp-content\/uploads\/2011\/06\/Julie-Le-Priellec-Chpt-Bretagne-05-06-2011-225x300.jpg 225w, https:\/\/www.aclanester56.com\/velo\/wp-content\/uploads\/2011\/06\/Julie-Le-Priellec-Chpt-Bretagne-05-06-2011-450x600.jpg 450w\" sizes=\"auto, (max-width: 240px) 100vw, 240px\" \/><\/a><p id=\"caption-attachment-8838\" class=\"wp-caption-text\">La Lanest\u00e9rienne Julie LE PRIELLEC r\u00e9alise une grosse performance en terminant 4\u00e8me du championnat de Bretagne cadettes (photo sportbreizh.com)<\/p><\/div>\n<p style=\"text-align: justify;\">Le week-end dernier se d\u00e9roulaient \u00e9galement les championnats de Bretagne f\u00e9minins \u00e0 Loud\u00e9ac. Chez les cadettes, la Lanest\u00e9rienne Julie LE PRIELLEC prend une excellente 4\u00e8me place ! A St Jean de Villenard, Nicolas PRIMAS monte sur le podium, juste devant ses co\u00e9quipiers Melvyn LE HEN et Thibault MORVAN. A Noyal-Pontivy, le jeune Enzo OLLIVIER a \u00e9galement re\u00e7u les honneurs du podium ! Du c\u00f4t\u00e9 de nos v\u00e9t\u00e9tistes, Aur\u00e9lien DANIEL et Flavian LE GUELLEC prennent respectivement la 2\u00e8me et la 5\u00e8me place \u00e0 St Congard, 8\u00e8me manche de la Coupe de Bretagne.<\/p>\n<p>&nbsp;<\/p>\n<p style=\"text-align: justify;\"><!--more--><\/p>\n<p>&nbsp;<\/p>\n<p><span style=\"text-decoration: underline;\"><strong>Championnat de Bretagne cadettes \u00e0 Loud\u00e9ac :<\/strong><\/span><br \/>\n1 H\u00e9l\u00e8ne G\u00e9rard (UC Guinefort Pays de Dinan)<br \/>\n2 Sol\u00e8ne Vinsot (EC Plouha Lanvollon)<br \/>\n3 Anne Etienne (VCP Loud\u00e9ac)<br \/>\n<span style=\"background-color: #ff6600;\">4 Julie Le Priellec (AC Lanester 56)<\/span><br \/>\n5 Lise Labat (BIC 2000)<br \/>\n6 Margaux Cadol (VSP Lamballe)<br \/>\n7 Laurianne Robin (VS Tr\u00e9gueux)<br \/>\n8 Manuella Gesbert (VSP Lamballe)<br \/>\n9 Sonia Yven (BIC 2000)<br \/>\n10 Slavina Simon (VC Dinan)<\/p>\n<p><span style=\"text-decoration: underline;\"><strong>Noyal-Pontivy :<\/strong><\/span><\/p>\n<p style=\"text-align: justify;\">Chez les pr\u00e9licenci\u00e9s, le Lanest\u00e9rien Enzo OLLIVIER termine 3\u00e8me. Charles LE CROM r\u00e9alise une tr\u00e8s belle course chez les benjamins et prend une belle 13\u00e8me place. Enfin chez les minimes, et sous une grosse chaleur, Thibault OLLIVIER montre sa progression au fil des week-end !<\/p>\n<p><span style=\"text-decoration: underline;\"><strong>Classement de St Jean de Villenard (3\u00e8me Cat) :<\/strong><\/span><br \/>\n1 MC LAUGHLIN James (Perdragon)<br \/>\n2 LE PALLEC Thomas (ACP Baud)<br \/>\n3 COLIN Jean Michel (OC Locmin\u00e9) 1er des 3\u00e8mes cat<br \/>\n4 JANNELLO Joel (UC Alr\u00e9enne)<br \/>\n5 LUCAS Yoann (V\u00e9loce Vannetais)<br \/>\n6 HERVIAUX Julien (SC Malestroit)<br \/>\n7 NICOLAS S\u00e9bastien (UC Alr\u00e9enne)<br \/>\n8 DESREUMAUX Romain (V\u00e9loce Vannetais)<br \/>\n9 MILOUX William (Loire et Sillon Cyclisme)<br \/>\n10 GULLOUX Sylvain (US La Gacilly)<br \/>\n<span style=\"background-color: #ff6600;\">18 LE GAL Mathieu (AC Lanester 56)<\/span><\/p>\n<div id=\"attachment_8847\" style=\"width: 260px\" class=\"wp-caption alignright\"><a href=\"https:\/\/www.aclanester56.com\/velo\/wp-content\/uploads\/2011\/06\/Nicolas-Primas-St-Jean-Villenard-05-06-2011.jpg\"><img loading=\"lazy\" decoding=\"async\" aria-describedby=\"caption-attachment-8847\" class=\"size-full wp-image-8847\" title=\"Le cadet lanest\u00e9rien Nicolas PRIMAS enregistre un nouveau podium \u00e0 St Jean Villenard ! (photo Eric COUE)\" src=\"https:\/\/www.aclanester56.com\/velo\/wp-content\/uploads\/2011\/06\/Nicolas-Primas-St-Jean-Villenard-05-06-2011.jpg\" alt=\"\" width=\"250\" height=\"162\"\/><\/a><p id=\"caption-attachment-8847\" class=\"wp-caption-text\">Le cadet lanest\u00e9rien Nicolas PRIMAS enregistre un nouveau podium \u00e0 St Jean Villenard ! (photo Eric COUE)<\/p><\/div>\n<p><span style=\"text-decoration: underline;\"><strong>Classement de St Jean de Villenard (cadets) :<\/strong><\/span><br \/>\n1 HARVIS Maxime (UC Alr\u00e9enne)<br \/>\n2 JEGAT Maxime (ACP Baud)<br \/>\n<span style=\"background-color: #ff6600;\">3 PRIMAS Nicolas (AC Lanester 56)<\/span><br \/>\n<span style=\"background-color: #ff6600;\">4 LE HEN Melvyn (AC Lanester 56)<\/span><br \/>\n5 JEGAT Jason (ACP Baud)<br \/>\n<span style=\"background-color: #ff6600;\">6 MORVAN Thibault (AC Lanester 56)<\/span><br \/>\n7 ARZ Pierre (ACP Baud)<br \/>\n8 LEBRETON J\u00e9r\u00f4me (UCP Josselin)<br \/>\n9 LINO Julian (VS Rhuys)<br \/>\n10 BAUTHAMY Dylan (VC Pontivyen)<br \/>\n<span style=\"background-color: #ff6600;\">20 TEIRLYNCK Vincent (AC Lanester 56))<\/span><br \/>\n<span style=\"background-color: #ff6600;\">23 PICARD Jean Victor (AC Lanester 56)<\/span><br \/>\n<span style=\"background-color: #ff6600;\">24 SEVENO Thibault (AC Lanester 56)<\/span><\/p>\n<p><span style=\"text-decoration: underline;\"><strong>Classement de Kerjules en R\u00e9d\u00e9n\u00e9 (3\u00e8me Cat\/Jun) :<\/strong><\/span><br \/>\n1&nbsp;LE DIVENACH&nbsp;SEBASTIEN&nbsp;VC CALEDONIE<br \/>\n2&nbsp;GONNET&nbsp;Lancelot&nbsp;EC QUEVENOISE<br \/>\n3&nbsp;LE ROY&nbsp;Thomas&nbsp;CC ERGUE GABERIC<br \/>\n4&nbsp;LE NAUTROU&nbsp;Nicolas&nbsp;VC CHATEAULINOIS<br \/>\n5&nbsp;LE PANSE&nbsp;Laurent&nbsp;UCL HENNEBONT<br \/>\n6&nbsp;JEANNES&nbsp;Quentin&nbsp;UC QUIMPERLOISE 1er junior<br \/>\n7&nbsp;LE GUELLEC&nbsp;Thomas&nbsp;CC BIGOUDEN<br \/>\n8&nbsp;GOREL&nbsp;Christophe&nbsp;UC PLOUAY<br \/>\n9&nbsp;CAUDART&nbsp;JEREMiE&nbsp;VELOCE VANNES<br \/>\n10&nbsp;PRIZIAC&nbsp;S\u00e9bastien&nbsp;VS SCAEROIS<br \/>\n<span style=\"background-color: #ff6600;\">54&nbsp;COQUEN&nbsp;GUILLAUME&nbsp;AC LANESTER 56<\/span><\/p>\n<p><span style=\"text-decoration: underline;\"><strong>Coupe de Bretagne VTT \u00e0 St Congard (Juniors) :<\/strong><\/span><br \/>\n1&nbsp;GICQUIAU YvanEC Qu\u00e9ven&nbsp;&nbsp;1:21:59<br \/>\n2&nbsp;PINCHON Maxence&nbsp;VC de l&rsquo;Evron&nbsp;\u00e0&nbsp;01:00<br \/>\n3&nbsp;GERARD Samuel Redon OC \u00e0&nbsp;03:07<br \/>\n4&nbsp;PASCO Laurent Oust Lanvaux VTT \u00e0&nbsp;04:13<br \/>\n<span style=\"background-color: #ff6600;\">5&nbsp;LE GUELLEC Flavian&nbsp;AC Lanester 56&nbsp;\u00e0&nbsp;06:24<\/span><\/p>\n<p><span style=\"text-decoration: underline;\"><strong>Coupe de Bretagne VTT \u00e0 St Congard (\u00e9lites) :<\/strong><\/span><br \/>\n1&nbsp;BELY Julien Orbea Rotor&nbsp;&nbsp;1:54:10<br \/>\n<span style=\"background-color: #ff6600;\">2&nbsp;DANIEL Aurelien AC Lanester 56 \u00e0&nbsp;01:17<\/span><br \/>\n3&nbsp;GILLARD Romuald &nbsp;Pro Fermetures ktm&nbsp;\u00e0&nbsp;01:24<br \/>\n4&nbsp;GUILBAUD Guillaume Team Vend\u00e9e VTT \u00e0&nbsp;04:42<br \/>\n5&nbsp;DENAIS Pierrot Asptt Rennes&nbsp;\u00e0&nbsp;05:55<\/p>\n<p>&nbsp;<\/p>\n","protected":false},"excerpt":{"rendered":"<p>Le week-end dernier se d\u00e9roulaient \u00e9galement les championnats de Bretagne f\u00e9minins \u00e0 Loud\u00e9ac. Chez les cadettes, la Lanest\u00e9rienne Julie LE [&hellip;]<\/p>\n","protected":false},"author":14,"featured_media":8849,"comment_status":"open","ping_status":"closed","sticky":false,"template":"","format":"standard","meta":{"ngg_post_thumbnail":0,"footnotes":""},"categories":[5,18,22,24],"tags":[],"class_list":["post-8837","post","type-post","status-publish","format-standard","has-post-thumbnail","hentry","category-ac-lanester-56","category-resultats-3eme-categorie","category-resultats-cadets","category-resultats-ecole-de-cyclisme"],"yoast_head":"<!-- This site is optimized with the Yoast SEO plugin v27.5 - https:\/\/yoast.com\/product\/yoast-seo-wordpress\/ -->\n<title>R\u00e9sultats du week-end - Avenir Cycliste Lanester 56<\/title>\n<meta name=\"robots\" content=\"index, follow, max-snippet:-1, max-image-preview:large, max-video-preview:-1\" \/>\n<link rel=\"canonical\" href=\"https:\/\/www.aclanester56.com\/velo\/resultats-du-week-end-12\/\" \/>\n<meta property=\"og:locale\" content=\"fr_FR\" \/>\n<meta property=\"og:type\" content=\"article\" \/>\n<meta property=\"og:title\" content=\"R\u00e9sultats du week-end - Avenir Cycliste Lanester 56\" \/>\n<meta property=\"og:description\" content=\"Le week-end dernier se d\u00e9roulaient \u00e9galement les championnats de Bretagne f\u00e9minins \u00e0 Loud\u00e9ac. Chez les cadettes, la Lanest\u00e9rienne Julie LE [&hellip;]\" \/>\n<meta property=\"og:url\" content=\"https:\/\/www.aclanester56.com\/velo\/resultats-du-week-end-12\/\" \/>\n<meta property=\"og:site_name\" content=\"Avenir Cycliste Lanester 56\" \/>\n<meta property=\"article:publisher\" content=\"https:\/\/www.facebook.com\/pages\/AC-Lanester-56\/190286300991242?fref=ts\" \/>\n<meta property=\"article:published_time\" content=\"2011-06-07T17:58:21+00:00\" \/>\n<meta property=\"article:modified_time\" content=\"2023-09-04T06:01:25+00:00\" \/>\n<meta property=\"og:image\" content=\"https:\/\/www.aclanester56.com\/velo\/wp-content\/uploads\/2011\/06\/Julie-Le-Priellec-Chpt-Bretagne-05-06-2011-Copie.jpg\" \/>\n\t<meta property=\"og:image:width\" content=\"650\" \/>\n\t<meta property=\"og:image:height\" content=\"300\" \/>\n\t<meta property=\"og:image:type\" content=\"image\/jpeg\" \/>\n<meta name=\"author\" content=\"Jean-Christophe\" \/>\n<meta name=\"twitter:label1\" content=\"\u00c9crit par\" \/>\n\t<meta name=\"twitter:data1\" content=\"Jean-Christophe\" \/>\n\t<meta name=\"twitter:label2\" content=\"Dur\u00e9e de lecture estim\u00e9e\" \/>\n\t<meta name=\"twitter:data2\" content=\"4 minutes\" \/>\n<script type=\"application\/ld+json\" class=\"yoast-schema-graph\">{\"@context\":\"https:\\\/\\\/schema.org\",\"@graph\":[{\"@type\":\"Article\",\"@id\":\"https:\\\/\\\/www.aclanester56.com\\\/velo\\\/resultats-du-week-end-12\\\/#article\",\"isPartOf\":{\"@id\":\"https:\\\/\\\/www.aclanester56.com\\\/velo\\\/resultats-du-week-end-12\\\/\"},\"author\":{\"name\":\"Jean-Christophe\",\"@id\":\"https:\\\/\\\/www.aclanester56.com\\\/velo\\\/#\\\/schema\\\/person\\\/ca2a44a5fd969e9dd846c72d3b33bc01\"},\"headline\":\"R\u00e9sultats du week-end\",\"datePublished\":\"2011-06-07T17:58:21+00:00\",\"dateModified\":\"2023-09-04T06:01:25+00:00\",\"mainEntityOfPage\":{\"@id\":\"https:\\\/\\\/www.aclanester56.com\\\/velo\\\/resultats-du-week-end-12\\\/\"},\"wordCount\":577,\"commentCount\":0,\"publisher\":{\"@id\":\"https:\\\/\\\/www.aclanester56.com\\\/velo\\\/#organization\"},\"image\":{\"@id\":\"https:\\\/\\\/www.aclanester56.com\\\/velo\\\/resultats-du-week-end-12\\\/#primaryimage\"},\"thumbnailUrl\":\"https:\\\/\\\/www.aclanester56.com\\\/velo\\\/wp-content\\\/uploads\\\/2011\\\/06\\\/Julie-Le-Priellec-Chpt-Bretagne-05-06-2011-Copie.jpg\",\"articleSection\":[\"AC LANESTER 56\",\"R\u00e9sultats 3eme cat\u00e9gorie\",\"R\u00e9sultats Cadets\",\"R\u00e9sultats Ecole de cyclisme\"],\"inLanguage\":\"fr-FR\",\"potentialAction\":[{\"@type\":\"CommentAction\",\"name\":\"Comment\",\"target\":[\"https:\\\/\\\/www.aclanester56.com\\\/velo\\\/resultats-du-week-end-12\\\/#respond\"]}]},{\"@type\":\"WebPage\",\"@id\":\"https:\\\/\\\/www.aclanester56.com\\\/velo\\\/resultats-du-week-end-12\\\/\",\"url\":\"https:\\\/\\\/www.aclanester56.com\\\/velo\\\/resultats-du-week-end-12\\\/\",\"name\":\"R\u00e9sultats du week-end - Avenir Cycliste Lanester 56\",\"isPartOf\":{\"@id\":\"https:\\\/\\\/www.aclanester56.com\\\/velo\\\/#website\"},\"primaryImageOfPage\":{\"@id\":\"https:\\\/\\\/www.aclanester56.com\\\/velo\\\/resultats-du-week-end-12\\\/#primaryimage\"},\"image\":{\"@id\":\"https:\\\/\\\/www.aclanester56.com\\\/velo\\\/resultats-du-week-end-12\\\/#primaryimage\"},\"thumbnailUrl\":\"https:\\\/\\\/www.aclanester56.com\\\/velo\\\/wp-content\\\/uploads\\\/2011\\\/06\\\/Julie-Le-Priellec-Chpt-Bretagne-05-06-2011-Copie.jpg\",\"datePublished\":\"2011-06-07T17:58:21+00:00\",\"dateModified\":\"2023-09-04T06:01:25+00:00\",\"inLanguage\":\"fr-FR\",\"potentialAction\":[{\"@type\":\"ReadAction\",\"target\":[\"https:\\\/\\\/www.aclanester56.com\\\/velo\\\/resultats-du-week-end-12\\\/\"]}]},{\"@type\":\"ImageObject\",\"inLanguage\":\"fr-FR\",\"@id\":\"https:\\\/\\\/www.aclanester56.com\\\/velo\\\/resultats-du-week-end-12\\\/#primaryimage\",\"url\":\"https:\\\/\\\/www.aclanester56.com\\\/velo\\\/wp-content\\\/uploads\\\/2011\\\/06\\\/Julie-Le-Priellec-Chpt-Bretagne-05-06-2011-Copie.jpg\",\"contentUrl\":\"https:\\\/\\\/www.aclanester56.com\\\/velo\\\/wp-content\\\/uploads\\\/2011\\\/06\\\/Julie-Le-Priellec-Chpt-Bretagne-05-06-2011-Copie.jpg\",\"width\":650,\"height\":300},{\"@type\":\"WebSite\",\"@id\":\"https:\\\/\\\/www.aclanester56.com\\\/velo\\\/#website\",\"url\":\"https:\\\/\\\/www.aclanester56.com\\\/velo\\\/\",\"name\":\"Avenir Cycliste Lanester 56\",\"description\":\"Club cycliste de l&#039;AC LANESTER 56\",\"publisher\":{\"@id\":\"https:\\\/\\\/www.aclanester56.com\\\/velo\\\/#organization\"},\"potentialAction\":[{\"@type\":\"SearchAction\",\"target\":{\"@type\":\"EntryPoint\",\"urlTemplate\":\"https:\\\/\\\/www.aclanester56.com\\\/velo\\\/?s={search_term_string}\"},\"query-input\":{\"@type\":\"PropertyValueSpecification\",\"valueRequired\":true,\"valueName\":\"search_term_string\"}}],\"inLanguage\":\"fr-FR\"},{\"@type\":\"Organization\",\"@id\":\"https:\\\/\\\/www.aclanester56.com\\\/velo\\\/#organization\",\"name\":\"Avenir Cycliste Lanester 56\",\"url\":\"https:\\\/\\\/www.aclanester56.com\\\/velo\\\/\",\"logo\":{\"@type\":\"ImageObject\",\"inLanguage\":\"fr-FR\",\"@id\":\"https:\\\/\\\/www.aclanester56.com\\\/velo\\\/#\\\/schema\\\/logo\\\/image\\\/\",\"url\":\"https:\\\/\\\/www.aclanester56.com\\\/velo\\\/wp-content\\\/uploads\\\/2013\\\/04\\\/logo-ACL.jpg\",\"contentUrl\":\"https:\\\/\\\/www.aclanester56.com\\\/velo\\\/wp-content\\\/uploads\\\/2013\\\/04\\\/logo-ACL.jpg\",\"width\":400,\"height\":334,\"caption\":\"Avenir Cycliste Lanester 56\"},\"image\":{\"@id\":\"https:\\\/\\\/www.aclanester56.com\\\/velo\\\/#\\\/schema\\\/logo\\\/image\\\/\"},\"sameAs\":[\"https:\\\/\\\/www.facebook.com\\\/pages\\\/AC-Lanester-56\\\/190286300991242?fref=ts\"]},{\"@type\":\"Person\",\"@id\":\"https:\\\/\\\/www.aclanester56.com\\\/velo\\\/#\\\/schema\\\/person\\\/ca2a44a5fd969e9dd846c72d3b33bc01\",\"name\":\"Jean-Christophe\",\"url\":\"https:\\\/\\\/www.aclanester56.com\\\/velo\\\/author\\\/jeanchristophe\\\/\"}]}<\/script>\n<!-- \/ Yoast SEO plugin. -->","yoast_head_json":{"title":"R\u00e9sultats du week-end - Avenir Cycliste Lanester 56","robots":{"index":"index","follow":"follow","max-snippet":"max-snippet:-1","max-image-preview":"max-image-preview:large","max-video-preview":"max-video-preview:-1"},"canonical":"https:\/\/www.aclanester56.com\/velo\/resultats-du-week-end-12\/","og_locale":"fr_FR","og_type":"article","og_title":"R\u00e9sultats du week-end - Avenir Cycliste Lanester 56","og_description":"Le week-end dernier se d\u00e9roulaient \u00e9galement les championnats de Bretagne f\u00e9minins \u00e0 Loud\u00e9ac. Chez les cadettes, la Lanest\u00e9rienne Julie LE [&hellip;]","og_url":"https:\/\/www.aclanester56.com\/velo\/resultats-du-week-end-12\/","og_site_name":"Avenir Cycliste Lanester 56","article_publisher":"https:\/\/www.facebook.com\/pages\/AC-Lanester-56\/190286300991242?fref=ts","article_published_time":"2011-06-07T17:58:21+00:00","article_modified_time":"2023-09-04T06:01:25+00:00","og_image":[{"width":650,"height":300,"url":"https:\/\/www.aclanester56.com\/velo\/wp-content\/uploads\/2011\/06\/Julie-Le-Priellec-Chpt-Bretagne-05-06-2011-Copie.jpg","type":"image\/jpeg"}],"author":"Jean-Christophe","twitter_misc":{"\u00c9crit par":"Jean-Christophe","Dur\u00e9e de lecture estim\u00e9e":"4 minutes"},"schema":{"@context":"https:\/\/schema.org","@graph":[{"@type":"Article","@id":"https:\/\/www.aclanester56.com\/velo\/resultats-du-week-end-12\/#article","isPartOf":{"@id":"https:\/\/www.aclanester56.com\/velo\/resultats-du-week-end-12\/"},"author":{"name":"Jean-Christophe","@id":"https:\/\/www.aclanester56.com\/velo\/#\/schema\/person\/ca2a44a5fd969e9dd846c72d3b33bc01"},"headline":"R\u00e9sultats du week-end","datePublished":"2011-06-07T17:58:21+00:00","dateModified":"2023-09-04T06:01:25+00:00","mainEntityOfPage":{"@id":"https:\/\/www.aclanester56.com\/velo\/resultats-du-week-end-12\/"},"wordCount":577,"commentCount":0,"publisher":{"@id":"https:\/\/www.aclanester56.com\/velo\/#organization"},"image":{"@id":"https:\/\/www.aclanester56.com\/velo\/resultats-du-week-end-12\/#primaryimage"},"thumbnailUrl":"https:\/\/www.aclanester56.com\/velo\/wp-content\/uploads\/2011\/06\/Julie-Le-Priellec-Chpt-Bretagne-05-06-2011-Copie.jpg","articleSection":["AC LANESTER 56","R\u00e9sultats 3eme cat\u00e9gorie","R\u00e9sultats Cadets","R\u00e9sultats Ecole de cyclisme"],"inLanguage":"fr-FR","potentialAction":[{"@type":"CommentAction","name":"Comment","target":["https:\/\/www.aclanester56.com\/velo\/resultats-du-week-end-12\/#respond"]}]},{"@type":"WebPage","@id":"https:\/\/www.aclanester56.com\/velo\/resultats-du-week-end-12\/","url":"https:\/\/www.aclanester56.com\/velo\/resultats-du-week-end-12\/","name":"R\u00e9sultats du week-end - Avenir Cycliste Lanester 56","isPartOf":{"@id":"https:\/\/www.aclanester56.com\/velo\/#website"},"primaryImageOfPage":{"@id":"https:\/\/www.aclanester56.com\/velo\/resultats-du-week-end-12\/#primaryimage"},"image":{"@id":"https:\/\/www.aclanester56.com\/velo\/resultats-du-week-end-12\/#primaryimage"},"thumbnailUrl":"https:\/\/www.aclanester56.com\/velo\/wp-content\/uploads\/2011\/06\/Julie-Le-Priellec-Chpt-Bretagne-05-06-2011-Copie.jpg","datePublished":"2011-06-07T17:58:21+00:00","dateModified":"2023-09-04T06:01:25+00:00","inLanguage":"fr-FR","potentialAction":[{"@type":"ReadAction","target":["https:\/\/www.aclanester56.com\/velo\/resultats-du-week-end-12\/"]}]},{"@type":"ImageObject","inLanguage":"fr-FR","@id":"https:\/\/www.aclanester56.com\/velo\/resultats-du-week-end-12\/#primaryimage","url":"https:\/\/www.aclanester56.com\/velo\/wp-content\/uploads\/2011\/06\/Julie-Le-Priellec-Chpt-Bretagne-05-06-2011-Copie.jpg","contentUrl":"https:\/\/www.aclanester56.com\/velo\/wp-content\/uploads\/2011\/06\/Julie-Le-Priellec-Chpt-Bretagne-05-06-2011-Copie.jpg","width":650,"height":300},{"@type":"WebSite","@id":"https:\/\/www.aclanester56.com\/velo\/#website","url":"https:\/\/www.aclanester56.com\/velo\/","name":"Avenir Cycliste Lanester 56","description":"Club cycliste de l&#039;AC LANESTER 56","publisher":{"@id":"https:\/\/www.aclanester56.com\/velo\/#organization"},"potentialAction":[{"@type":"SearchAction","target":{"@type":"EntryPoint","urlTemplate":"https:\/\/www.aclanester56.com\/velo\/?s={search_term_string}"},"query-input":{"@type":"PropertyValueSpecification","valueRequired":true,"valueName":"search_term_string"}}],"inLanguage":"fr-FR"},{"@type":"Organization","@id":"https:\/\/www.aclanester56.com\/velo\/#organization","name":"Avenir Cycliste Lanester 56","url":"https:\/\/www.aclanester56.com\/velo\/","logo":{"@type":"ImageObject","inLanguage":"fr-FR","@id":"https:\/\/www.aclanester56.com\/velo\/#\/schema\/logo\/image\/","url":"https:\/\/www.aclanester56.com\/velo\/wp-content\/uploads\/2013\/04\/logo-ACL.jpg","contentUrl":"https:\/\/www.aclanester56.com\/velo\/wp-content\/uploads\/2013\/04\/logo-ACL.jpg","width":400,"height":334,"caption":"Avenir Cycliste Lanester 56"},"image":{"@id":"https:\/\/www.aclanester56.com\/velo\/#\/schema\/logo\/image\/"},"sameAs":["https:\/\/www.facebook.com\/pages\/AC-Lanester-56\/190286300991242?fref=ts"]},{"@type":"Person","@id":"https:\/\/www.aclanester56.com\/velo\/#\/schema\/person\/ca2a44a5fd969e9dd846c72d3b33bc01","name":"Jean-Christophe","url":"https:\/\/www.aclanester56.com\/velo\/author\/jeanchristophe\/"}]}},"_links":{"self":[{"href":"https:\/\/www.aclanester56.com\/velo\/wp-json\/wp\/v2\/posts\/8837","targetHints":{"allow":["GET"]}}],"collection":[{"href":"https:\/\/www.aclanester56.com\/velo\/wp-json\/wp\/v2\/posts"}],"about":[{"href":"https:\/\/www.aclanester56.com\/velo\/wp-json\/wp\/v2\/types\/post"}],"author":[{"embeddable":true,"href":"https:\/\/www.aclanester56.com\/velo\/wp-json\/wp\/v2\/users\/14"}],"replies":[{"embeddable":true,"href":"https:\/\/www.aclanester56.com\/velo\/wp-json\/wp\/v2\/comments?post=8837"}],"version-history":[{"count":1,"href":"https:\/\/www.aclanester56.com\/velo\/wp-json\/wp\/v2\/posts\/8837\/revisions"}],"predecessor-version":[{"id":42427,"href":"https:\/\/www.aclanester56.com\/velo\/wp-json\/wp\/v2\/posts\/8837\/revisions\/42427"}],"wp:featuredmedia":[{"embeddable":true,"href":"https:\/\/www.aclanester56.com\/velo\/wp-json\/wp\/v2\/media\/8849"}],"wp:attachment":[{"href":"https:\/\/www.aclanester56.com\/velo\/wp-json\/wp\/v2\/media?parent=8837"}],"wp:term":[{"taxonomy":"category","embeddable":true,"href":"https:\/\/www.aclanester56.com\/velo\/wp-json\/wp\/v2\/categories?post=8837"},{"taxonomy":"post_tag","embeddable":true,"href":"https:\/\/www.aclanester56.com\/velo\/wp-json\/wp\/v2\/tags?post=8837"}],"curies":[{"name":"wp","href":"https:\/\/api.w.org\/{rel}","templated":true}]}}