{"id":8868,"date":"2011-06-10T17:35:50","date_gmt":"2011-06-10T16:35:50","guid":{"rendered":"http:\/\/www.aclanester56.com\/velo\/?p=8868"},"modified":"2011-06-13T22:18:20","modified_gmt":"2011-06-13T21:18:20","slug":"deux-lanesteriens-dans-la-selection-regionale-pour-le-championnat-de-france-elite","status":"publish","type":"post","link":"https:\/\/www.aclanester56.com\/velo\/deux-lanesteriens-dans-la-selection-regionale-pour-le-championnat-de-france-elite\/","title":{"rendered":"Deux Lanest\u00e9riens dans la s\u00e9lection r\u00e9gionale pour le championnat de France Elite !"},"content":{"rendered":"<div id=\"attachment_8869\" style=\"width: 410px\" class=\"wp-caption alignleft\"><a href=\"http:\/\/www.aclanester56.com\/velo\/wp-content\/uploads\/2011\/06\/DSC_55591.jpg\"><img loading=\"lazy\" decoding=\"async\" aria-describedby=\"caption-attachment-8869\" class=\"size-full wp-image-8869\" title=\"Le Lanest\u00e9rien Anthony Mira est retenu en \u00e9quipe de Bretagne avec son co\u00e9quipier Warren Barguil pour participer au championnat de France Elite fin juin ! (photo P. Le Cocq)\" src=\"http:\/\/www.aclanester56.com\/velo\/wp-content\/uploads\/2011\/06\/DSC_55591.jpg\" alt=\"\" width=\"400\" height=\"266\" srcset=\"https:\/\/www.aclanester56.com\/velo\/wp-content\/uploads\/2011\/06\/DSC_55591.jpg 800w, https:\/\/www.aclanester56.com\/velo\/wp-content\/uploads\/2011\/06\/DSC_55591-300x199.jpg 300w, https:\/\/www.aclanester56.com\/velo\/wp-content\/uploads\/2011\/06\/DSC_55591-450x300.jpg 450w\" sizes=\"auto, (max-width: 400px) 100vw, 400px\" \/><\/a><p id=\"caption-attachment-8869\" class=\"wp-caption-text\">Le Lanest\u00e9rien Anthony Mira est retenu en \u00e9quipe de Bretagne avec son co\u00e9quipier Warren Barguil pour participer au championnat de France Elite fin juin ! (photo P. Le Cocq)<\/p><\/div>\n<p style=\"text-align: justify;\">Deux coureurs de l&rsquo;AC LANESTER 56 font partie des six coureurs retenus par le Comit\u00e9 de Bretagne pour participer au championnat de France Elite qui aura lieu le 25 juin prochain \u00e0 Boulogne-sur-Mer (Pas de Calais).<\/p>\n<p style=\"text-align: justify;\"><!--more--><\/p>\n<p style=\"text-align: justify;\">&nbsp;<\/p>\n<p style=\"text-align: justify;\">Sans surprise, le Lanest\u00e9rien Warren BARGUIL, pensionnaire de l&rsquo;\u00e9quipe de France espoirs, figure dans la s\u00e9lection bretonne pour ce championnat de France dont il sera d&rsquo;ailleurs l&rsquo;un des principaux favoris. Il\u00a0c\u00f4toiera\u00a0sous les couleurs du Comit\u00e9 de Bretagne son co\u00e9quipier Anthony MIRA.<\/p>\n<p style=\"text-align: justify;\">Auteur d&rsquo;un bon d\u00e9but de saison et d&rsquo;une superbe prestation sur le championnat de Bretagne dimanche dernier \u00e0 St Donan, le jeune Lanest\u00e9rien a naturellement gagn\u00e9 sa s\u00e9lection pour Boulogne. Gageons que nos deux coureurs, tous les deux d\u00e9j\u00e0 mont\u00e9 sur un podium national chez les juniors, renouvellent leur performance chez les \u00e9lites !<\/p>\n<p style=\"text-align: justify;\">Par ailleurs, le Lanest\u00e9rien Warren BARGUIL est \u00e0 nouveau retenu en \u00e9quipe de France pour participer au tr\u00e8s difficile Tour des Pays de Savoie, qui se d\u00e9roulera du 16 au 19 juin prochain.<\/p>\n<p>&nbsp;<\/p>\n","protected":false},"excerpt":{"rendered":"<p>Deux coureurs de l&rsquo;AC LANESTER 56 font partie des six coureurs retenus par le Comit\u00e9 de Bretagne pour participer au [&hellip;]<\/p>\n","protected":false},"author":14,"featured_media":8872,"comment_status":"open","ping_status":"closed","sticky":false,"template":"","format":"standard","meta":{"ngg_post_thumbnail":0,"footnotes":""},"categories":[5,14],"tags":[],"class_list":["post-8868","post","type-post","status-publish","format-standard","has-post-thumbnail","hentry","category-ac-lanester-56","category-actualites-dn"],"yoast_head":"<!-- This site is optimized with the Yoast SEO plugin v27.5 - https:\/\/yoast.com\/product\/yoast-seo-wordpress\/ -->\n<title>Deux Lanest\u00e9riens dans la s\u00e9lection r\u00e9gionale pour le championnat de France Elite ! - Avenir Cycliste Lanester 56<\/title>\n<meta name=\"robots\" content=\"index, follow, max-snippet:-1, max-image-preview:large, max-video-preview:-1\" \/>\n<link rel=\"canonical\" href=\"https:\/\/www.aclanester56.com\/velo\/deux-lanesteriens-dans-la-selection-regionale-pour-le-championnat-de-france-elite\/\" \/>\n<meta property=\"og:locale\" content=\"fr_FR\" \/>\n<meta property=\"og:type\" content=\"article\" \/>\n<meta property=\"og:title\" content=\"Deux Lanest\u00e9riens dans la s\u00e9lection r\u00e9gionale pour le championnat de France Elite ! - Avenir Cycliste Lanester 56\" \/>\n<meta property=\"og:description\" content=\"Deux coureurs de l&rsquo;AC LANESTER 56 font partie des six coureurs retenus par le Comit\u00e9 de Bretagne pour participer au [&hellip;]\" \/>\n<meta property=\"og:url\" content=\"https:\/\/www.aclanester56.com\/velo\/deux-lanesteriens-dans-la-selection-regionale-pour-le-championnat-de-france-elite\/\" \/>\n<meta property=\"og:site_name\" content=\"Avenir Cycliste Lanester 56\" \/>\n<meta property=\"article:publisher\" content=\"https:\/\/www.facebook.com\/pages\/AC-Lanester-56\/190286300991242?fref=ts\" \/>\n<meta property=\"article:published_time\" content=\"2011-06-10T16:35:50+00:00\" \/>\n<meta property=\"article:modified_time\" content=\"2011-06-13T21:18:20+00:00\" \/>\n<meta property=\"og:image\" content=\"https:\/\/www.aclanester56.com\/velo\/wp-content\/uploads\/2011\/06\/DSC_5559-Copie.jpg\" \/>\n\t<meta property=\"og:image:width\" content=\"650\" \/>\n\t<meta property=\"og:image:height\" content=\"300\" \/>\n\t<meta property=\"og:image:type\" content=\"image\/jpeg\" \/>\n<meta name=\"author\" content=\"Jean-Christophe\" \/>\n<meta name=\"twitter:label1\" content=\"\u00c9crit par\" \/>\n\t<meta name=\"twitter:data1\" content=\"Jean-Christophe\" \/>\n\t<meta name=\"twitter:label2\" content=\"Dur\u00e9e de lecture estim\u00e9e\" \/>\n\t<meta name=\"twitter:data2\" content=\"1 minute\" \/>\n<script type=\"application\/ld+json\" class=\"yoast-schema-graph\">{\"@context\":\"https:\\\/\\\/schema.org\",\"@graph\":[{\"@type\":\"Article\",\"@id\":\"https:\\\/\\\/www.aclanester56.com\\\/velo\\\/deux-lanesteriens-dans-la-selection-regionale-pour-le-championnat-de-france-elite\\\/#article\",\"isPartOf\":{\"@id\":\"https:\\\/\\\/www.aclanester56.com\\\/velo\\\/deux-lanesteriens-dans-la-selection-regionale-pour-le-championnat-de-france-elite\\\/\"},\"author\":{\"name\":\"Jean-Christophe\",\"@id\":\"https:\\\/\\\/www.aclanester56.com\\\/velo\\\/#\\\/schema\\\/person\\\/ca2a44a5fd969e9dd846c72d3b33bc01\"},\"headline\":\"Deux Lanest\u00e9riens dans la s\u00e9lection r\u00e9gionale pour le championnat de France Elite !\",\"datePublished\":\"2011-06-10T16:35:50+00:00\",\"dateModified\":\"2011-06-13T21:18:20+00:00\",\"mainEntityOfPage\":{\"@id\":\"https:\\\/\\\/www.aclanester56.com\\\/velo\\\/deux-lanesteriens-dans-la-selection-regionale-pour-le-championnat-de-france-elite\\\/\"},\"wordCount\":225,\"commentCount\":0,\"publisher\":{\"@id\":\"https:\\\/\\\/www.aclanester56.com\\\/velo\\\/#organization\"},\"image\":{\"@id\":\"https:\\\/\\\/www.aclanester56.com\\\/velo\\\/deux-lanesteriens-dans-la-selection-regionale-pour-le-championnat-de-france-elite\\\/#primaryimage\"},\"thumbnailUrl\":\"https:\\\/\\\/www.aclanester56.com\\\/velo\\\/wp-content\\\/uploads\\\/2011\\\/06\\\/DSC_5559-Copie.jpg\",\"articleSection\":[\"AC LANESTER 56\",\"Actualit\u00e9s DN\"],\"inLanguage\":\"fr-FR\",\"potentialAction\":[{\"@type\":\"CommentAction\",\"name\":\"Comment\",\"target\":[\"https:\\\/\\\/www.aclanester56.com\\\/velo\\\/deux-lanesteriens-dans-la-selection-regionale-pour-le-championnat-de-france-elite\\\/#respond\"]}]},{\"@type\":\"WebPage\",\"@id\":\"https:\\\/\\\/www.aclanester56.com\\\/velo\\\/deux-lanesteriens-dans-la-selection-regionale-pour-le-championnat-de-france-elite\\\/\",\"url\":\"https:\\\/\\\/www.aclanester56.com\\\/velo\\\/deux-lanesteriens-dans-la-selection-regionale-pour-le-championnat-de-france-elite\\\/\",\"name\":\"Deux Lanest\u00e9riens dans la s\u00e9lection r\u00e9gionale pour le championnat de France Elite ! - Avenir Cycliste Lanester 56\",\"isPartOf\":{\"@id\":\"https:\\\/\\\/www.aclanester56.com\\\/velo\\\/#website\"},\"primaryImageOfPage\":{\"@id\":\"https:\\\/\\\/www.aclanester56.com\\\/velo\\\/deux-lanesteriens-dans-la-selection-regionale-pour-le-championnat-de-france-elite\\\/#primaryimage\"},\"image\":{\"@id\":\"https:\\\/\\\/www.aclanester56.com\\\/velo\\\/deux-lanesteriens-dans-la-selection-regionale-pour-le-championnat-de-france-elite\\\/#primaryimage\"},\"thumbnailUrl\":\"https:\\\/\\\/www.aclanester56.com\\\/velo\\\/wp-content\\\/uploads\\\/2011\\\/06\\\/DSC_5559-Copie.jpg\",\"datePublished\":\"2011-06-10T16:35:50+00:00\",\"dateModified\":\"2011-06-13T21:18:20+00:00\",\"inLanguage\":\"fr-FR\",\"potentialAction\":[{\"@type\":\"ReadAction\",\"target\":[\"https:\\\/\\\/www.aclanester56.com\\\/velo\\\/deux-lanesteriens-dans-la-selection-regionale-pour-le-championnat-de-france-elite\\\/\"]}]},{\"@type\":\"ImageObject\",\"inLanguage\":\"fr-FR\",\"@id\":\"https:\\\/\\\/www.aclanester56.com\\\/velo\\\/deux-lanesteriens-dans-la-selection-regionale-pour-le-championnat-de-france-elite\\\/#primaryimage\",\"url\":\"https:\\\/\\\/www.aclanester56.com\\\/velo\\\/wp-content\\\/uploads\\\/2011\\\/06\\\/DSC_5559-Copie.jpg\",\"contentUrl\":\"https:\\\/\\\/www.aclanester56.com\\\/velo\\\/wp-content\\\/uploads\\\/2011\\\/06\\\/DSC_5559-Copie.jpg\",\"width\":650,\"height\":300},{\"@type\":\"WebSite\",\"@id\":\"https:\\\/\\\/www.aclanester56.com\\\/velo\\\/#website\",\"url\":\"https:\\\/\\\/www.aclanester56.com\\\/velo\\\/\",\"name\":\"Avenir Cycliste Lanester 56\",\"description\":\"Club cycliste de l&#039;AC LANESTER 56\",\"publisher\":{\"@id\":\"https:\\\/\\\/www.aclanester56.com\\\/velo\\\/#organization\"},\"potentialAction\":[{\"@type\":\"SearchAction\",\"target\":{\"@type\":\"EntryPoint\",\"urlTemplate\":\"https:\\\/\\\/www.aclanester56.com\\\/velo\\\/?s={search_term_string}\"},\"query-input\":{\"@type\":\"PropertyValueSpecification\",\"valueRequired\":true,\"valueName\":\"search_term_string\"}}],\"inLanguage\":\"fr-FR\"},{\"@type\":\"Organization\",\"@id\":\"https:\\\/\\\/www.aclanester56.com\\\/velo\\\/#organization\",\"name\":\"Avenir Cycliste Lanester 56\",\"url\":\"https:\\\/\\\/www.aclanester56.com\\\/velo\\\/\",\"logo\":{\"@type\":\"ImageObject\",\"inLanguage\":\"fr-FR\",\"@id\":\"https:\\\/\\\/www.aclanester56.com\\\/velo\\\/#\\\/schema\\\/logo\\\/image\\\/\",\"url\":\"https:\\\/\\\/www.aclanester56.com\\\/velo\\\/wp-content\\\/uploads\\\/2013\\\/04\\\/logo-ACL.jpg\",\"contentUrl\":\"https:\\\/\\\/www.aclanester56.com\\\/velo\\\/wp-content\\\/uploads\\\/2013\\\/04\\\/logo-ACL.jpg\",\"width\":400,\"height\":334,\"caption\":\"Avenir Cycliste Lanester 56\"},\"image\":{\"@id\":\"https:\\\/\\\/www.aclanester56.com\\\/velo\\\/#\\\/schema\\\/logo\\\/image\\\/\"},\"sameAs\":[\"https:\\\/\\\/www.facebook.com\\\/pages\\\/AC-Lanester-56\\\/190286300991242?fref=ts\"]},{\"@type\":\"Person\",\"@id\":\"https:\\\/\\\/www.aclanester56.com\\\/velo\\\/#\\\/schema\\\/person\\\/ca2a44a5fd969e9dd846c72d3b33bc01\",\"name\":\"Jean-Christophe\",\"url\":\"https:\\\/\\\/www.aclanester56.com\\\/velo\\\/author\\\/jeanchristophe\\\/\"}]}<\/script>\n<!-- \/ Yoast SEO plugin. -->","yoast_head_json":{"title":"Deux Lanest\u00e9riens dans la s\u00e9lection r\u00e9gionale pour le championnat de France Elite ! - Avenir Cycliste Lanester 56","robots":{"index":"index","follow":"follow","max-snippet":"max-snippet:-1","max-image-preview":"max-image-preview:large","max-video-preview":"max-video-preview:-1"},"canonical":"https:\/\/www.aclanester56.com\/velo\/deux-lanesteriens-dans-la-selection-regionale-pour-le-championnat-de-france-elite\/","og_locale":"fr_FR","og_type":"article","og_title":"Deux Lanest\u00e9riens dans la s\u00e9lection r\u00e9gionale pour le championnat de France Elite ! - Avenir Cycliste Lanester 56","og_description":"Deux coureurs de l&rsquo;AC LANESTER 56 font partie des six coureurs retenus par le Comit\u00e9 de Bretagne pour participer au [&hellip;]","og_url":"https:\/\/www.aclanester56.com\/velo\/deux-lanesteriens-dans-la-selection-regionale-pour-le-championnat-de-france-elite\/","og_site_name":"Avenir Cycliste Lanester 56","article_publisher":"https:\/\/www.facebook.com\/pages\/AC-Lanester-56\/190286300991242?fref=ts","article_published_time":"2011-06-10T16:35:50+00:00","article_modified_time":"2011-06-13T21:18:20+00:00","og_image":[{"width":650,"height":300,"url":"https:\/\/www.aclanester56.com\/velo\/wp-content\/uploads\/2011\/06\/DSC_5559-Copie.jpg","type":"image\/jpeg"}],"author":"Jean-Christophe","twitter_misc":{"\u00c9crit par":"Jean-Christophe","Dur\u00e9e de lecture estim\u00e9e":"1 minute"},"schema":{"@context":"https:\/\/schema.org","@graph":[{"@type":"Article","@id":"https:\/\/www.aclanester56.com\/velo\/deux-lanesteriens-dans-la-selection-regionale-pour-le-championnat-de-france-elite\/#article","isPartOf":{"@id":"https:\/\/www.aclanester56.com\/velo\/deux-lanesteriens-dans-la-selection-regionale-pour-le-championnat-de-france-elite\/"},"author":{"name":"Jean-Christophe","@id":"https:\/\/www.aclanester56.com\/velo\/#\/schema\/person\/ca2a44a5fd969e9dd846c72d3b33bc01"},"headline":"Deux Lanest\u00e9riens dans la s\u00e9lection r\u00e9gionale pour le championnat de France Elite !","datePublished":"2011-06-10T16:35:50+00:00","dateModified":"2011-06-13T21:18:20+00:00","mainEntityOfPage":{"@id":"https:\/\/www.aclanester56.com\/velo\/deux-lanesteriens-dans-la-selection-regionale-pour-le-championnat-de-france-elite\/"},"wordCount":225,"commentCount":0,"publisher":{"@id":"https:\/\/www.aclanester56.com\/velo\/#organization"},"image":{"@id":"https:\/\/www.aclanester56.com\/velo\/deux-lanesteriens-dans-la-selection-regionale-pour-le-championnat-de-france-elite\/#primaryimage"},"thumbnailUrl":"https:\/\/www.aclanester56.com\/velo\/wp-content\/uploads\/2011\/06\/DSC_5559-Copie.jpg","articleSection":["AC LANESTER 56","Actualit\u00e9s DN"],"inLanguage":"fr-FR","potentialAction":[{"@type":"CommentAction","name":"Comment","target":["https:\/\/www.aclanester56.com\/velo\/deux-lanesteriens-dans-la-selection-regionale-pour-le-championnat-de-france-elite\/#respond"]}]},{"@type":"WebPage","@id":"https:\/\/www.aclanester56.com\/velo\/deux-lanesteriens-dans-la-selection-regionale-pour-le-championnat-de-france-elite\/","url":"https:\/\/www.aclanester56.com\/velo\/deux-lanesteriens-dans-la-selection-regionale-pour-le-championnat-de-france-elite\/","name":"Deux Lanest\u00e9riens dans la s\u00e9lection r\u00e9gionale pour le championnat de France Elite ! - Avenir Cycliste Lanester 56","isPartOf":{"@id":"https:\/\/www.aclanester56.com\/velo\/#website"},"primaryImageOfPage":{"@id":"https:\/\/www.aclanester56.com\/velo\/deux-lanesteriens-dans-la-selection-regionale-pour-le-championnat-de-france-elite\/#primaryimage"},"image":{"@id":"https:\/\/www.aclanester56.com\/velo\/deux-lanesteriens-dans-la-selection-regionale-pour-le-championnat-de-france-elite\/#primaryimage"},"thumbnailUrl":"https:\/\/www.aclanester56.com\/velo\/wp-content\/uploads\/2011\/06\/DSC_5559-Copie.jpg","datePublished":"2011-06-10T16:35:50+00:00","dateModified":"2011-06-13T21:18:20+00:00","inLanguage":"fr-FR","potentialAction":[{"@type":"ReadAction","target":["https:\/\/www.aclanester56.com\/velo\/deux-lanesteriens-dans-la-selection-regionale-pour-le-championnat-de-france-elite\/"]}]},{"@type":"ImageObject","inLanguage":"fr-FR","@id":"https:\/\/www.aclanester56.com\/velo\/deux-lanesteriens-dans-la-selection-regionale-pour-le-championnat-de-france-elite\/#primaryimage","url":"https:\/\/www.aclanester56.com\/velo\/wp-content\/uploads\/2011\/06\/DSC_5559-Copie.jpg","contentUrl":"https:\/\/www.aclanester56.com\/velo\/wp-content\/uploads\/2011\/06\/DSC_5559-Copie.jpg","width":650,"height":300},{"@type":"WebSite","@id":"https:\/\/www.aclanester56.com\/velo\/#website","url":"https:\/\/www.aclanester56.com\/velo\/","name":"Avenir Cycliste Lanester 56","description":"Club cycliste de l&#039;AC LANESTER 56","publisher":{"@id":"https:\/\/www.aclanester56.com\/velo\/#organization"},"potentialAction":[{"@type":"SearchAction","target":{"@type":"EntryPoint","urlTemplate":"https:\/\/www.aclanester56.com\/velo\/?s={search_term_string}"},"query-input":{"@type":"PropertyValueSpecification","valueRequired":true,"valueName":"search_term_string"}}],"inLanguage":"fr-FR"},{"@type":"Organization","@id":"https:\/\/www.aclanester56.com\/velo\/#organization","name":"Avenir Cycliste Lanester 56","url":"https:\/\/www.aclanester56.com\/velo\/","logo":{"@type":"ImageObject","inLanguage":"fr-FR","@id":"https:\/\/www.aclanester56.com\/velo\/#\/schema\/logo\/image\/","url":"https:\/\/www.aclanester56.com\/velo\/wp-content\/uploads\/2013\/04\/logo-ACL.jpg","contentUrl":"https:\/\/www.aclanester56.com\/velo\/wp-content\/uploads\/2013\/04\/logo-ACL.jpg","width":400,"height":334,"caption":"Avenir Cycliste Lanester 56"},"image":{"@id":"https:\/\/www.aclanester56.com\/velo\/#\/schema\/logo\/image\/"},"sameAs":["https:\/\/www.facebook.com\/pages\/AC-Lanester-56\/190286300991242?fref=ts"]},{"@type":"Person","@id":"https:\/\/www.aclanester56.com\/velo\/#\/schema\/person\/ca2a44a5fd969e9dd846c72d3b33bc01","name":"Jean-Christophe","url":"https:\/\/www.aclanester56.com\/velo\/author\/jeanchristophe\/"}]}},"_links":{"self":[{"href":"https:\/\/www.aclanester56.com\/velo\/wp-json\/wp\/v2\/posts\/8868","targetHints":{"allow":["GET"]}}],"collection":[{"href":"https:\/\/www.aclanester56.com\/velo\/wp-json\/wp\/v2\/posts"}],"about":[{"href":"https:\/\/www.aclanester56.com\/velo\/wp-json\/wp\/v2\/types\/post"}],"author":[{"embeddable":true,"href":"https:\/\/www.aclanester56.com\/velo\/wp-json\/wp\/v2\/users\/14"}],"replies":[{"embeddable":true,"href":"https:\/\/www.aclanester56.com\/velo\/wp-json\/wp\/v2\/comments?post=8868"}],"version-history":[{"count":0,"href":"https:\/\/www.aclanester56.com\/velo\/wp-json\/wp\/v2\/posts\/8868\/revisions"}],"wp:featuredmedia":[{"embeddable":true,"href":"https:\/\/www.aclanester56.com\/velo\/wp-json\/wp\/v2\/media\/8872"}],"wp:attachment":[{"href":"https:\/\/www.aclanester56.com\/velo\/wp-json\/wp\/v2\/media?parent=8868"}],"wp:term":[{"taxonomy":"category","embeddable":true,"href":"https:\/\/www.aclanester56.com\/velo\/wp-json\/wp\/v2\/categories?post=8868"},{"taxonomy":"post_tag","embeddable":true,"href":"https:\/\/www.aclanester56.com\/velo\/wp-json\/wp\/v2\/tags?post=8868"}],"curies":[{"name":"wp","href":"https:\/\/api.w.org\/{rel}","templated":true}]}}